
{"id":7517,"date":"2013-07-10T14:51:31","date_gmt":"2013-07-10T14:51:31","guid":{"rendered":"http:\/\/ibecbarcelona.eu\/new\/victoria-englert-qles-notes-no-et-defineixen-com-a-personaq\/"},"modified":"2015-01-07T14:50:12","modified_gmt":"2015-01-07T14:50:12","slug":"victoria-englert-qles-notes-no-et-defineixen-com-a-personaq","status":"publish","type":"post","link":"https:\/\/ibecbarcelona.eu\/ca\/victoria-englert-qles-notes-no-et-defineixen-com-a-personaq\/","title":{"rendered":"Victoria Englert: &#8220;Les notes no et defineixen com a persona&#8221;"},"content":{"rendered":"<p>Victoria, una estudiant del Institut Men\u00e9ndez y Pelayo de Barcelona, va ser guardonada pel seu projecte &#8220;Communication Pathway between neurons by optogenetics&#8221;, que resumeix una aproximaci\u00f3 te\u00f2rica per restaurar la comunicaci\u00f3 entre dues neurones mitjan\u00e7ant dues prote\u00efnes; la rodopsina i la luciferasa, i sense l&#8217;\u00fas de neurotransmisors. Ella tindr\u00e0 l&#8217;oportunitat de provar la seva teoria quan s&#8217;incorpori al grup de Pau Gorostiza durant aquest Juliol.<\/p>\n<p>El premi Intel ISEF, que \u00e9s obert per a joves d0entre 12 a 30 anys, consisteix en participar en la fira Intel International Science and Engineering Fair (Intel ISEF) als Estats Units, una de les m\u00e9s prestigioses fires de recerca pre-universit\u00e0ries del m\u00f3n, on 1500 joves de 65 pa\u00efsos presenten el seu treball a visitants altament qualificats incloent premis Nobel.<\/p>\n<p>Clica a la imatge per llegir la historia.<\/p>\n<p>\u00a0<\/p>\n","protected":false},"excerpt":{"rendered":"<p><a href=\"http:\/\/www.elperiodico.com\/es\/noticias\/distritos-de-bcn\/victoria-englert-las-notas-definen-como-persona-2456476\" target=\"_blank\"><img decoding=\"async\" class=\"left size-full wp-image-7513 lazyload\" data-src=\"https:\/\/ibecbarcelona.eu\/wp-content\/uploads\/2013\/07\/victoria.jpg\" border=\"0\" width=\"400\" height=\"583\" data-srcset=\"https:\/\/ibecbarcelona.eu\/wp-content\/uploads\/2013\/07\/victoria.jpg 400w, https:\/\/ibecbarcelona.eu\/wp-content\/uploads\/2013\/07\/victoria-205x300.jpg 205w, https:\/\/ibecbarcelona.eu\/wp-content\/uploads\/2013\/07\/victoria-102x150.jpg 102w\" data-sizes=\"(max-width: 400px) 100vw, 400px\" src=\"data:image\/svg+xml;base64,PHN2ZyB3aWR0aD0iMSIgaGVpZ2h0PSIxIiB4bWxucz0iaHR0cDovL3d3dy53My5vcmcvMjAwMC9zdmciPjwvc3ZnPg==\" style=\"--smush-placeholder-width: 400px; --smush-placeholder-aspect-ratio: 400\/583;\" \/><\/a> Aquesta setmana es torna a mencionar a l&#8217;IBEC a\u00a0<em>El Peri\u00f3dico<\/em> quan Victoria Englert, guanyadora del prestigi\u00f3s premi Intel ISEF de la Fundaci\u00f3 Catalunya-La Pedrera, parla sobre la seva est\u00e0ncia becada al grup de Nanosondes i Nanoconmutadors.<\/p>\n","protected":false},"author":4,"featured_media":7513,"comment_status":"closed","ping_status":"closed","sticky":false,"template":"","format":"standard","meta":{"footnotes":""},"categories":[99],"tags":[],"post_formats":[],"class_list":["post-7517","post","type-post","status-publish","format-standard","has-post-thumbnail","hentry","category-ibec-als-mitjans"],"yoast_head":"<!-- This site is optimized with the Yoast SEO plugin v27.5 - https:\/\/yoast.com\/product\/yoast-seo-wordpress\/ -->\n<title>Victoria Englert: &quot;Les notes no et defineixen com a persona&quot; - Institute for Bioengineering of Catalonia<\/title>\n<meta name=\"robots\" content=\"index, follow, max-snippet:-1, max-image-preview:large, max-video-preview:-1\" \/>\n<link rel=\"canonical\" href=\"https:\/\/ibecbarcelona.eu\/ca\/victoria-englert-qles-notes-no-et-defineixen-com-a-personaq\/\" \/>\n<meta property=\"og:locale\" content=\"ca_ES\" \/>\n<meta property=\"og:type\" content=\"article\" \/>\n<meta property=\"og:title\" content=\"Victoria Englert: &quot;Les notes no et defineixen com a persona&quot; - Institute for Bioengineering of Catalonia\" \/>\n<meta property=\"og:description\" content=\"Aquesta setmana es torna a mencionar a l&#039;IBEC a\u00a0El Peri\u00f3dico quan Victoria Englert, guanyadora del prestigi\u00f3s premi Intel ISEF de la Fundaci\u00f3 Catalunya-La Pedrera, parla sobre la seva est\u00e0ncia becada al grup de Nanosondes i Nanoconmutadors.\" \/>\n<meta property=\"og:url\" content=\"https:\/\/ibecbarcelona.eu\/ca\/victoria-englert-qles-notes-no-et-defineixen-com-a-personaq\/\" \/>\n<meta property=\"og:site_name\" content=\"Institute for Bioengineering of Catalonia\" \/>\n<meta property=\"article:published_time\" content=\"2013-07-10T14:51:31+00:00\" \/>\n<meta property=\"article:modified_time\" content=\"2015-01-07T14:50:12+00:00\" \/>\n<meta property=\"og:image\" content=\"https:\/\/ibecbarcelona.eu\/wp-content\/uploads\/2013\/07\/victoria.jpg\" \/>\n\t<meta property=\"og:image:width\" content=\"400\" \/>\n\t<meta property=\"og:image:height\" content=\"583\" \/>\n\t<meta property=\"og:image:type\" content=\"image\/jpeg\" \/>\n<meta name=\"author\" content=\"\u00c0ngels L\u00f3pez\" \/>\n<meta name=\"twitter:card\" content=\"summary_large_image\" \/>\n<meta name=\"twitter:label1\" content=\"Escrit per\" \/>\n\t<meta name=\"twitter:data1\" content=\"\u00c0ngels L\u00f3pez\" \/>\n\t<meta name=\"twitter:label2\" content=\"Temps estimat de lectura\" \/>\n\t<meta name=\"twitter:data2\" content=\"1 minut\" \/>\n<script type=\"application\/ld+json\" class=\"yoast-schema-graph\">{\"@context\":\"https:\\\/\\\/schema.org\",\"@graph\":[{\"@type\":\"Article\",\"@id\":\"https:\\\/\\\/ibecbarcelona.eu\\\/ca\\\/victoria-englert-qles-notes-no-et-defineixen-com-a-personaq\\\/#article\",\"isPartOf\":{\"@id\":\"https:\\\/\\\/ibecbarcelona.eu\\\/ca\\\/victoria-englert-qles-notes-no-et-defineixen-com-a-personaq\\\/\"},\"author\":{\"name\":\"\u00c0ngels L\u00f3pez\",\"@id\":\"https:\\\/\\\/ibecbarcelona.eu\\\/#\\\/schema\\\/person\\\/c212c6b589546130be67986b9290e2b8\"},\"headline\":\"Victoria Englert: &#8220;Les notes no et defineixen com a persona&#8221;\",\"datePublished\":\"2013-07-10T14:51:31+00:00\",\"dateModified\":\"2015-01-07T14:50:12+00:00\",\"mainEntityOfPage\":{\"@id\":\"https:\\\/\\\/ibecbarcelona.eu\\\/ca\\\/victoria-englert-qles-notes-no-et-defineixen-com-a-personaq\\\/\"},\"wordCount\":149,\"publisher\":{\"@id\":\"https:\\\/\\\/ibecbarcelona.eu\\\/#organization\"},\"image\":{\"@id\":\"https:\\\/\\\/ibecbarcelona.eu\\\/ca\\\/victoria-englert-qles-notes-no-et-defineixen-com-a-personaq\\\/#primaryimage\"},\"thumbnailUrl\":\"https:\\\/\\\/ibecbarcelona.eu\\\/wp-content\\\/uploads\\\/2013\\\/07\\\/victoria.jpg\",\"articleSection\":[\"IBEC als mitjans\"],\"inLanguage\":\"ca\"},{\"@type\":\"WebPage\",\"@id\":\"https:\\\/\\\/ibecbarcelona.eu\\\/ca\\\/victoria-englert-qles-notes-no-et-defineixen-com-a-personaq\\\/\",\"url\":\"https:\\\/\\\/ibecbarcelona.eu\\\/ca\\\/victoria-englert-qles-notes-no-et-defineixen-com-a-personaq\\\/\",\"name\":\"Victoria Englert: \\\"Les notes no et defineixen com a persona\\\" - Institute for Bioengineering of Catalonia\",\"isPartOf\":{\"@id\":\"https:\\\/\\\/ibecbarcelona.eu\\\/#website\"},\"primaryImageOfPage\":{\"@id\":\"https:\\\/\\\/ibecbarcelona.eu\\\/ca\\\/victoria-englert-qles-notes-no-et-defineixen-com-a-personaq\\\/#primaryimage\"},\"image\":{\"@id\":\"https:\\\/\\\/ibecbarcelona.eu\\\/ca\\\/victoria-englert-qles-notes-no-et-defineixen-com-a-personaq\\\/#primaryimage\"},\"thumbnailUrl\":\"https:\\\/\\\/ibecbarcelona.eu\\\/wp-content\\\/uploads\\\/2013\\\/07\\\/victoria.jpg\",\"datePublished\":\"2013-07-10T14:51:31+00:00\",\"dateModified\":\"2015-01-07T14:50:12+00:00\",\"breadcrumb\":{\"@id\":\"https:\\\/\\\/ibecbarcelona.eu\\\/ca\\\/victoria-englert-qles-notes-no-et-defineixen-com-a-personaq\\\/#breadcrumb\"},\"inLanguage\":\"ca\",\"potentialAction\":[{\"@type\":\"ReadAction\",\"target\":[\"https:\\\/\\\/ibecbarcelona.eu\\\/ca\\\/victoria-englert-qles-notes-no-et-defineixen-com-a-personaq\\\/\"]}]},{\"@type\":\"ImageObject\",\"inLanguage\":\"ca\",\"@id\":\"https:\\\/\\\/ibecbarcelona.eu\\\/ca\\\/victoria-englert-qles-notes-no-et-defineixen-com-a-personaq\\\/#primaryimage\",\"url\":\"https:\\\/\\\/ibecbarcelona.eu\\\/wp-content\\\/uploads\\\/2013\\\/07\\\/victoria.jpg\",\"contentUrl\":\"https:\\\/\\\/ibecbarcelona.eu\\\/wp-content\\\/uploads\\\/2013\\\/07\\\/victoria.jpg\",\"width\":400,\"height\":583},{\"@type\":\"BreadcrumbList\",\"@id\":\"https:\\\/\\\/ibecbarcelona.eu\\\/ca\\\/victoria-englert-qles-notes-no-et-defineixen-com-a-personaq\\\/#breadcrumb\",\"itemListElement\":[{\"@type\":\"ListItem\",\"position\":1,\"name\":\"Home\",\"item\":\"https:\\\/\\\/ibecbarcelona.eu\\\/ca\\\/\"},{\"@type\":\"ListItem\",\"position\":2,\"name\":\"Victoria Englert: &#8220;Les notes no et defineixen com a persona&#8221;\"}]},{\"@type\":\"WebSite\",\"@id\":\"https:\\\/\\\/ibecbarcelona.eu\\\/#website\",\"url\":\"https:\\\/\\\/ibecbarcelona.eu\\\/\",\"name\":\"Institute for Bioengineering of Catalonia\",\"description\":\"Bioengineering Solutions for Health\",\"publisher\":{\"@id\":\"https:\\\/\\\/ibecbarcelona.eu\\\/#organization\"},\"potentialAction\":[{\"@type\":\"SearchAction\",\"target\":{\"@type\":\"EntryPoint\",\"urlTemplate\":\"https:\\\/\\\/ibecbarcelona.eu\\\/?s={search_term_string}\"},\"query-input\":{\"@type\":\"PropertyValueSpecification\",\"valueRequired\":true,\"valueName\":\"search_term_string\"}}],\"inLanguage\":\"ca\"},{\"@type\":\"Organization\",\"@id\":\"https:\\\/\\\/ibecbarcelona.eu\\\/#organization\",\"name\":\"Institute for Bioengineering of Catalonia\",\"url\":\"https:\\\/\\\/ibecbarcelona.eu\\\/\",\"logo\":{\"@type\":\"ImageObject\",\"inLanguage\":\"ca\",\"@id\":\"https:\\\/\\\/ibecbarcelona.eu\\\/#\\\/schema\\\/logo\\\/image\\\/\",\"url\":\"https:\\\/\\\/ibecbarcelona.eu\\\/wp-content\\\/uploads\\\/2026\\\/01\\\/cropped-IBEC_20ANYS_GRIS.png\",\"contentUrl\":\"https:\\\/\\\/ibecbarcelona.eu\\\/wp-content\\\/uploads\\\/2026\\\/01\\\/cropped-IBEC_20ANYS_GRIS.png\",\"width\":696,\"height\":257,\"caption\":\"Institute for Bioengineering of Catalonia\"},\"image\":{\"@id\":\"https:\\\/\\\/ibecbarcelona.eu\\\/#\\\/schema\\\/logo\\\/image\\\/\"}},{\"@type\":\"Person\",\"@id\":\"https:\\\/\\\/ibecbarcelona.eu\\\/#\\\/schema\\\/person\\\/c212c6b589546130be67986b9290e2b8\",\"name\":\"\u00c0ngels L\u00f3pez\",\"image\":{\"@type\":\"ImageObject\",\"inLanguage\":\"ca\",\"@id\":\"https:\\\/\\\/secure.gravatar.com\\\/avatar\\\/09ad6ba116bea0b15c5511860f83b302579fd7404c1180e9dae55c3f11d988c6?s=96&d=mm&r=g\",\"url\":\"https:\\\/\\\/secure.gravatar.com\\\/avatar\\\/09ad6ba116bea0b15c5511860f83b302579fd7404c1180e9dae55c3f11d988c6?s=96&d=mm&r=g\",\"contentUrl\":\"https:\\\/\\\/secure.gravatar.com\\\/avatar\\\/09ad6ba116bea0b15c5511860f83b302579fd7404c1180e9dae55c3f11d988c6?s=96&d=mm&r=g\",\"caption\":\"\u00c0ngels L\u00f3pez\"},\"url\":\"https:\\\/\\\/ibecbarcelona.eu\\\/ca\\\/author\\\/alopez\\\/\"}]}<\/script>\n<!-- \/ Yoast SEO plugin. -->","yoast_head_json":{"title":"Victoria Englert: \"Les notes no et defineixen com a persona\" - Institute for Bioengineering of Catalonia","robots":{"index":"index","follow":"follow","max-snippet":"max-snippet:-1","max-image-preview":"max-image-preview:large","max-video-preview":"max-video-preview:-1"},"canonical":"https:\/\/ibecbarcelona.eu\/ca\/victoria-englert-qles-notes-no-et-defineixen-com-a-personaq\/","og_locale":"ca_ES","og_type":"article","og_title":"Victoria Englert: \"Les notes no et defineixen com a persona\" - Institute for Bioengineering of Catalonia","og_description":"Aquesta setmana es torna a mencionar a l'IBEC a\u00a0El Peri\u00f3dico quan Victoria Englert, guanyadora del prestigi\u00f3s premi Intel ISEF de la Fundaci\u00f3 Catalunya-La Pedrera, parla sobre la seva est\u00e0ncia becada al grup de Nanosondes i Nanoconmutadors.","og_url":"https:\/\/ibecbarcelona.eu\/ca\/victoria-englert-qles-notes-no-et-defineixen-com-a-personaq\/","og_site_name":"Institute for Bioengineering of Catalonia","article_published_time":"2013-07-10T14:51:31+00:00","article_modified_time":"2015-01-07T14:50:12+00:00","og_image":[{"width":400,"height":583,"url":"https:\/\/ibecbarcelona.eu\/wp-content\/uploads\/2013\/07\/victoria.jpg","type":"image\/jpeg"}],"author":"\u00c0ngels L\u00f3pez","twitter_card":"summary_large_image","twitter_misc":{"Escrit per":"\u00c0ngels L\u00f3pez","Temps estimat de lectura":"1 minut"},"schema":{"@context":"https:\/\/schema.org","@graph":[{"@type":"Article","@id":"https:\/\/ibecbarcelona.eu\/ca\/victoria-englert-qles-notes-no-et-defineixen-com-a-personaq\/#article","isPartOf":{"@id":"https:\/\/ibecbarcelona.eu\/ca\/victoria-englert-qles-notes-no-et-defineixen-com-a-personaq\/"},"author":{"name":"\u00c0ngels L\u00f3pez","@id":"https:\/\/ibecbarcelona.eu\/#\/schema\/person\/c212c6b589546130be67986b9290e2b8"},"headline":"Victoria Englert: &#8220;Les notes no et defineixen com a persona&#8221;","datePublished":"2013-07-10T14:51:31+00:00","dateModified":"2015-01-07T14:50:12+00:00","mainEntityOfPage":{"@id":"https:\/\/ibecbarcelona.eu\/ca\/victoria-englert-qles-notes-no-et-defineixen-com-a-personaq\/"},"wordCount":149,"publisher":{"@id":"https:\/\/ibecbarcelona.eu\/#organization"},"image":{"@id":"https:\/\/ibecbarcelona.eu\/ca\/victoria-englert-qles-notes-no-et-defineixen-com-a-personaq\/#primaryimage"},"thumbnailUrl":"https:\/\/ibecbarcelona.eu\/wp-content\/uploads\/2013\/07\/victoria.jpg","articleSection":["IBEC als mitjans"],"inLanguage":"ca"},{"@type":"WebPage","@id":"https:\/\/ibecbarcelona.eu\/ca\/victoria-englert-qles-notes-no-et-defineixen-com-a-personaq\/","url":"https:\/\/ibecbarcelona.eu\/ca\/victoria-englert-qles-notes-no-et-defineixen-com-a-personaq\/","name":"Victoria Englert: \"Les notes no et defineixen com a persona\" - Institute for Bioengineering of Catalonia","isPartOf":{"@id":"https:\/\/ibecbarcelona.eu\/#website"},"primaryImageOfPage":{"@id":"https:\/\/ibecbarcelona.eu\/ca\/victoria-englert-qles-notes-no-et-defineixen-com-a-personaq\/#primaryimage"},"image":{"@id":"https:\/\/ibecbarcelona.eu\/ca\/victoria-englert-qles-notes-no-et-defineixen-com-a-personaq\/#primaryimage"},"thumbnailUrl":"https:\/\/ibecbarcelona.eu\/wp-content\/uploads\/2013\/07\/victoria.jpg","datePublished":"2013-07-10T14:51:31+00:00","dateModified":"2015-01-07T14:50:12+00:00","breadcrumb":{"@id":"https:\/\/ibecbarcelona.eu\/ca\/victoria-englert-qles-notes-no-et-defineixen-com-a-personaq\/#breadcrumb"},"inLanguage":"ca","potentialAction":[{"@type":"ReadAction","target":["https:\/\/ibecbarcelona.eu\/ca\/victoria-englert-qles-notes-no-et-defineixen-com-a-personaq\/"]}]},{"@type":"ImageObject","inLanguage":"ca","@id":"https:\/\/ibecbarcelona.eu\/ca\/victoria-englert-qles-notes-no-et-defineixen-com-a-personaq\/#primaryimage","url":"https:\/\/ibecbarcelona.eu\/wp-content\/uploads\/2013\/07\/victoria.jpg","contentUrl":"https:\/\/ibecbarcelona.eu\/wp-content\/uploads\/2013\/07\/victoria.jpg","width":400,"height":583},{"@type":"BreadcrumbList","@id":"https:\/\/ibecbarcelona.eu\/ca\/victoria-englert-qles-notes-no-et-defineixen-com-a-personaq\/#breadcrumb","itemListElement":[{"@type":"ListItem","position":1,"name":"Home","item":"https:\/\/ibecbarcelona.eu\/ca\/"},{"@type":"ListItem","position":2,"name":"Victoria Englert: &#8220;Les notes no et defineixen com a persona&#8221;"}]},{"@type":"WebSite","@id":"https:\/\/ibecbarcelona.eu\/#website","url":"https:\/\/ibecbarcelona.eu\/","name":"Institute for Bioengineering of Catalonia","description":"Bioengineering Solutions for Health","publisher":{"@id":"https:\/\/ibecbarcelona.eu\/#organization"},"potentialAction":[{"@type":"SearchAction","target":{"@type":"EntryPoint","urlTemplate":"https:\/\/ibecbarcelona.eu\/?s={search_term_string}"},"query-input":{"@type":"PropertyValueSpecification","valueRequired":true,"valueName":"search_term_string"}}],"inLanguage":"ca"},{"@type":"Organization","@id":"https:\/\/ibecbarcelona.eu\/#organization","name":"Institute for Bioengineering of Catalonia","url":"https:\/\/ibecbarcelona.eu\/","logo":{"@type":"ImageObject","inLanguage":"ca","@id":"https:\/\/ibecbarcelona.eu\/#\/schema\/logo\/image\/","url":"https:\/\/ibecbarcelona.eu\/wp-content\/uploads\/2026\/01\/cropped-IBEC_20ANYS_GRIS.png","contentUrl":"https:\/\/ibecbarcelona.eu\/wp-content\/uploads\/2026\/01\/cropped-IBEC_20ANYS_GRIS.png","width":696,"height":257,"caption":"Institute for Bioengineering of Catalonia"},"image":{"@id":"https:\/\/ibecbarcelona.eu\/#\/schema\/logo\/image\/"}},{"@type":"Person","@id":"https:\/\/ibecbarcelona.eu\/#\/schema\/person\/c212c6b589546130be67986b9290e2b8","name":"\u00c0ngels L\u00f3pez","image":{"@type":"ImageObject","inLanguage":"ca","@id":"https:\/\/secure.gravatar.com\/avatar\/09ad6ba116bea0b15c5511860f83b302579fd7404c1180e9dae55c3f11d988c6?s=96&d=mm&r=g","url":"https:\/\/secure.gravatar.com\/avatar\/09ad6ba116bea0b15c5511860f83b302579fd7404c1180e9dae55c3f11d988c6?s=96&d=mm&r=g","contentUrl":"https:\/\/secure.gravatar.com\/avatar\/09ad6ba116bea0b15c5511860f83b302579fd7404c1180e9dae55c3f11d988c6?s=96&d=mm&r=g","caption":"\u00c0ngels L\u00f3pez"},"url":"https:\/\/ibecbarcelona.eu\/ca\/author\/alopez\/"}]}},"AFP_featured_media_urls":{"full":["https:\/\/ibecbarcelona.eu\/wp-content\/uploads\/2013\/07\/victoria.jpg",400,583,false],"thumbnail":["https:\/\/ibecbarcelona.eu\/wp-content\/uploads\/2013\/07\/victoria-150x150.jpg",150,150,true],"medium":["https:\/\/ibecbarcelona.eu\/wp-content\/uploads\/2013\/07\/victoria-205x300.jpg",205,300,true],"medium_large":["https:\/\/ibecbarcelona.eu\/wp-content\/uploads\/2013\/07\/victoria.jpg",400,583,false],"large":["https:\/\/ibecbarcelona.eu\/wp-content\/uploads\/2013\/07\/victoria.jpg",400,583,false]},"AFP_attachments":{"full":["https:\/\/ibecbarcelona.eu\/wp-content\/uploads\/2013\/07\/victoria.jpg",400,583,false],"thumbnail":["https:\/\/ibecbarcelona.eu\/wp-content\/uploads\/2013\/07\/victoria-150x150.jpg",150,150,true],"medium":["https:\/\/ibecbarcelona.eu\/wp-content\/uploads\/2013\/07\/victoria-205x300.jpg",205,300,true],"medium_large":["https:\/\/ibecbarcelona.eu\/wp-content\/uploads\/2013\/07\/victoria.jpg",400,583,false],"large":["https:\/\/ibecbarcelona.eu\/wp-content\/uploads\/2013\/07\/victoria.jpg",400,583,false]},"AFP_videos":[],"AFP_video_blocks":"","AFP_category_names":["IBEC als mitjans"],"_links":{"self":[{"href":"https:\/\/ibecbarcelona.eu\/ca\/wp-json\/wp\/v2\/posts\/7517","targetHints":{"allow":["GET"]}}],"collection":[{"href":"https:\/\/ibecbarcelona.eu\/ca\/wp-json\/wp\/v2\/posts"}],"about":[{"href":"https:\/\/ibecbarcelona.eu\/ca\/wp-json\/wp\/v2\/types\/post"}],"author":[{"embeddable":true,"href":"https:\/\/ibecbarcelona.eu\/ca\/wp-json\/wp\/v2\/users\/4"}],"replies":[{"embeddable":true,"href":"https:\/\/ibecbarcelona.eu\/ca\/wp-json\/wp\/v2\/comments?post=7517"}],"version-history":[{"count":0,"href":"https:\/\/ibecbarcelona.eu\/ca\/wp-json\/wp\/v2\/posts\/7517\/revisions"}],"wp:featuredmedia":[{"embeddable":true,"href":"https:\/\/ibecbarcelona.eu\/ca\/wp-json\/wp\/v2\/media\/7513"}],"wp:attachment":[{"href":"https:\/\/ibecbarcelona.eu\/ca\/wp-json\/wp\/v2\/media?parent=7517"}],"wp:term":[{"taxonomy":"category","embeddable":true,"href":"https:\/\/ibecbarcelona.eu\/ca\/wp-json\/wp\/v2\/categories?post=7517"},{"taxonomy":"post_tag","embeddable":true,"href":"https:\/\/ibecbarcelona.eu\/ca\/wp-json\/wp\/v2\/tags?post=7517"},{"taxonomy":"post_format","embeddable":true,"href":"https:\/\/ibecbarcelona.eu\/ca\/wp-json\/wp\/v2\/post_formats?post=7517"}],"curies":[{"name":"wp","href":"https:\/\/api.w.org\/{rel}","templated":true}]}}