
{"id":7561,"date":"2013-09-04T08:51:29","date_gmt":"2013-09-04T08:51:29","guid":{"rendered":"http:\/\/ibecbarcelona.eu\/new\/un-article-de-libec-a-la-portada-del-nature-materials\/"},"modified":"2015-01-07T15:27:01","modified_gmt":"2015-01-07T15:27:01","slug":"un-article-de-libec-a-la-portada-del-nature-materials","status":"publish","type":"post","link":"https:\/\/ibecbarcelona.eu\/ca\/un-article-de-libec-a-la-portada-del-nature-materials\/","title":{"rendered":"Un article de l&#8217;IBEC a la portada del Nature Materials"},"content":{"rendered":"<p>La portada destaca l&#8217;article sobre la <em>Kenotaxis<\/em>, publicat en l\u00ednia al juny, que el Grup de &#8220;Din\u00e0mica integrativa de c\u00e8l\u00b7lules i teixits&#8221;, liderat per Xavier Trepat, va publicar juntament amb col\u00b7legues de l&#8217;Escola de Salut P\u00fablica d&#8217;Harvard. La Kenotaxis \u00e9s un nou concepte en biologia que descriu la forma en qu\u00e8 les c\u00e8l\u00b7lules epitelials es mouen en grup omplint els espais que es troben, impulsades per les forces internes i de c\u00e8l\u00b7lules properes. <\/p>\n<p>\u00a0<\/p>\n","protected":false},"excerpt":{"rendered":"<p><a href=\"http:\/\/www.nature.com\/nmat\/journal\/v12\/n9\/covers\/index.html\" target=\"_blank\"><img decoding=\"async\" class=\"left size-full wp-image-7557 lazyload\" data-src=\"https:\/\/ibecbarcelona.eu\/wp-content\/uploads\/2013\/09\/natmatcover.jpg\" border=\"0\" width=\"330\" height=\"427\" data-srcset=\"https:\/\/ibecbarcelona.eu\/wp-content\/uploads\/2013\/09\/natmatcover.jpg 482w, https:\/\/ibecbarcelona.eu\/wp-content\/uploads\/2013\/09\/natmatcover-231x300.jpg 231w, https:\/\/ibecbarcelona.eu\/wp-content\/uploads\/2013\/09\/natmatcover-115x150.jpg 115w\" data-sizes=\"(max-width: 330px) 100vw, 330px\" src=\"data:image\/svg+xml;base64,PHN2ZyB3aWR0aD0iMSIgaGVpZ2h0PSIxIiB4bWxucz0iaHR0cDovL3d3dy53My5vcmcvMjAwMC9zdmciPjwvc3ZnPg==\" style=\"--smush-placeholder-width: 330px; --smush-placeholder-aspect-ratio: 330\/427;\" \/><\/a>La imatge de l&#8217;\u00faltima portada de la revista <em>Nature Materials<\/em> va ser dissenyada per l&#8217;estudiant de doctorat de l&#8217;IBEC Xavier Serra, mostra un teixit real computacionalment segmentat simulant un trencad\u00eds gaudini\u00e0.<\/p>\n","protected":false},"author":4,"featured_media":7557,"comment_status":"closed","ping_status":"closed","sticky":false,"template":"","format":"standard","meta":{"footnotes":""},"categories":[98],"tags":[],"post_formats":[],"class_list":["post-7561","post","type-post","status-publish","format-standard","has-post-thumbnail","hentry","category-noticies-institucionals"],"yoast_head":"<!-- This site is optimized with the Yoast SEO plugin v27.5 - https:\/\/yoast.com\/product\/yoast-seo-wordpress\/ -->\n<title>Un article de l&#039;IBEC a la portada del Nature Materials - Institute for Bioengineering of Catalonia<\/title>\n<meta name=\"robots\" content=\"index, follow, max-snippet:-1, max-image-preview:large, max-video-preview:-1\" \/>\n<link rel=\"canonical\" href=\"https:\/\/ibecbarcelona.eu\/ca\/un-article-de-libec-a-la-portada-del-nature-materials\/\" \/>\n<meta property=\"og:locale\" content=\"ca_ES\" \/>\n<meta property=\"og:type\" content=\"article\" \/>\n<meta property=\"og:title\" content=\"Un article de l&#039;IBEC a la portada del Nature Materials - Institute for Bioengineering of Catalonia\" \/>\n<meta property=\"og:description\" content=\"La imatge de l&#039;\u00faltima portada de la revista Nature Materials va ser dissenyada per l&#039;estudiant de doctorat de l&#039;IBEC Xavier Serra, mostra un teixit real computacionalment segmentat simulant un trencad\u00eds gaudini\u00e0.\" \/>\n<meta property=\"og:url\" content=\"https:\/\/ibecbarcelona.eu\/ca\/un-article-de-libec-a-la-portada-del-nature-materials\/\" \/>\n<meta property=\"og:site_name\" content=\"Institute for Bioengineering of Catalonia\" \/>\n<meta property=\"article:published_time\" content=\"2013-09-04T08:51:29+00:00\" \/>\n<meta property=\"article:modified_time\" content=\"2015-01-07T15:27:01+00:00\" \/>\n<meta property=\"og:image\" content=\"https:\/\/ibecbarcelona.eu\/wp-content\/uploads\/2013\/09\/natmatcover.jpg\" \/>\n\t<meta property=\"og:image:width\" content=\"482\" \/>\n\t<meta property=\"og:image:height\" content=\"624\" \/>\n\t<meta property=\"og:image:type\" content=\"image\/jpeg\" \/>\n<meta name=\"author\" content=\"\u00c0ngels L\u00f3pez\" \/>\n<meta name=\"twitter:card\" content=\"summary_large_image\" \/>\n<meta name=\"twitter:label1\" content=\"Escrit per\" \/>\n\t<meta name=\"twitter:data1\" content=\"\u00c0ngels L\u00f3pez\" \/>\n<script type=\"application\/ld+json\" class=\"yoast-schema-graph\">{\"@context\":\"https:\\\/\\\/schema.org\",\"@graph\":[{\"@type\":\"Article\",\"@id\":\"https:\\\/\\\/ibecbarcelona.eu\\\/ca\\\/un-article-de-libec-a-la-portada-del-nature-materials\\\/#article\",\"isPartOf\":{\"@id\":\"https:\\\/\\\/ibecbarcelona.eu\\\/ca\\\/un-article-de-libec-a-la-portada-del-nature-materials\\\/\"},\"author\":{\"name\":\"\u00c0ngels L\u00f3pez\",\"@id\":\"https:\\\/\\\/ibecbarcelona.eu\\\/#\\\/schema\\\/person\\\/c212c6b589546130be67986b9290e2b8\"},\"headline\":\"Un article de l&#8217;IBEC a la portada del Nature Materials\",\"datePublished\":\"2013-09-04T08:51:29+00:00\",\"dateModified\":\"2015-01-07T15:27:01+00:00\",\"mainEntityOfPage\":{\"@id\":\"https:\\\/\\\/ibecbarcelona.eu\\\/ca\\\/un-article-de-libec-a-la-portada-del-nature-materials\\\/\"},\"wordCount\":93,\"publisher\":{\"@id\":\"https:\\\/\\\/ibecbarcelona.eu\\\/#organization\"},\"image\":{\"@id\":\"https:\\\/\\\/ibecbarcelona.eu\\\/ca\\\/un-article-de-libec-a-la-portada-del-nature-materials\\\/#primaryimage\"},\"thumbnailUrl\":\"https:\\\/\\\/ibecbarcelona.eu\\\/wp-content\\\/uploads\\\/2013\\\/09\\\/natmatcover.jpg\",\"articleSection\":[\"Not\u00edcies institucionals\"],\"inLanguage\":\"ca\"},{\"@type\":\"WebPage\",\"@id\":\"https:\\\/\\\/ibecbarcelona.eu\\\/ca\\\/un-article-de-libec-a-la-portada-del-nature-materials\\\/\",\"url\":\"https:\\\/\\\/ibecbarcelona.eu\\\/ca\\\/un-article-de-libec-a-la-portada-del-nature-materials\\\/\",\"name\":\"Un article de l'IBEC a la portada del Nature Materials - Institute for Bioengineering of Catalonia\",\"isPartOf\":{\"@id\":\"https:\\\/\\\/ibecbarcelona.eu\\\/#website\"},\"primaryImageOfPage\":{\"@id\":\"https:\\\/\\\/ibecbarcelona.eu\\\/ca\\\/un-article-de-libec-a-la-portada-del-nature-materials\\\/#primaryimage\"},\"image\":{\"@id\":\"https:\\\/\\\/ibecbarcelona.eu\\\/ca\\\/un-article-de-libec-a-la-portada-del-nature-materials\\\/#primaryimage\"},\"thumbnailUrl\":\"https:\\\/\\\/ibecbarcelona.eu\\\/wp-content\\\/uploads\\\/2013\\\/09\\\/natmatcover.jpg\",\"datePublished\":\"2013-09-04T08:51:29+00:00\",\"dateModified\":\"2015-01-07T15:27:01+00:00\",\"breadcrumb\":{\"@id\":\"https:\\\/\\\/ibecbarcelona.eu\\\/ca\\\/un-article-de-libec-a-la-portada-del-nature-materials\\\/#breadcrumb\"},\"inLanguage\":\"ca\",\"potentialAction\":[{\"@type\":\"ReadAction\",\"target\":[\"https:\\\/\\\/ibecbarcelona.eu\\\/ca\\\/un-article-de-libec-a-la-portada-del-nature-materials\\\/\"]}]},{\"@type\":\"ImageObject\",\"inLanguage\":\"ca\",\"@id\":\"https:\\\/\\\/ibecbarcelona.eu\\\/ca\\\/un-article-de-libec-a-la-portada-del-nature-materials\\\/#primaryimage\",\"url\":\"https:\\\/\\\/ibecbarcelona.eu\\\/wp-content\\\/uploads\\\/2013\\\/09\\\/natmatcover.jpg\",\"contentUrl\":\"https:\\\/\\\/ibecbarcelona.eu\\\/wp-content\\\/uploads\\\/2013\\\/09\\\/natmatcover.jpg\",\"width\":482,\"height\":624},{\"@type\":\"BreadcrumbList\",\"@id\":\"https:\\\/\\\/ibecbarcelona.eu\\\/ca\\\/un-article-de-libec-a-la-portada-del-nature-materials\\\/#breadcrumb\",\"itemListElement\":[{\"@type\":\"ListItem\",\"position\":1,\"name\":\"Home\",\"item\":\"https:\\\/\\\/ibecbarcelona.eu\\\/ca\\\/\"},{\"@type\":\"ListItem\",\"position\":2,\"name\":\"Un article de l&#8217;IBEC a la portada del Nature Materials\"}]},{\"@type\":\"WebSite\",\"@id\":\"https:\\\/\\\/ibecbarcelona.eu\\\/#website\",\"url\":\"https:\\\/\\\/ibecbarcelona.eu\\\/\",\"name\":\"Institute for Bioengineering of Catalonia\",\"description\":\"Bioengineering Solutions for Health\",\"publisher\":{\"@id\":\"https:\\\/\\\/ibecbarcelona.eu\\\/#organization\"},\"potentialAction\":[{\"@type\":\"SearchAction\",\"target\":{\"@type\":\"EntryPoint\",\"urlTemplate\":\"https:\\\/\\\/ibecbarcelona.eu\\\/?s={search_term_string}\"},\"query-input\":{\"@type\":\"PropertyValueSpecification\",\"valueRequired\":true,\"valueName\":\"search_term_string\"}}],\"inLanguage\":\"ca\"},{\"@type\":\"Organization\",\"@id\":\"https:\\\/\\\/ibecbarcelona.eu\\\/#organization\",\"name\":\"Institute for Bioengineering of Catalonia\",\"url\":\"https:\\\/\\\/ibecbarcelona.eu\\\/\",\"logo\":{\"@type\":\"ImageObject\",\"inLanguage\":\"ca\",\"@id\":\"https:\\\/\\\/ibecbarcelona.eu\\\/#\\\/schema\\\/logo\\\/image\\\/\",\"url\":\"https:\\\/\\\/ibecbarcelona.eu\\\/wp-content\\\/uploads\\\/2026\\\/01\\\/cropped-IBEC_20ANYS_GRIS.png\",\"contentUrl\":\"https:\\\/\\\/ibecbarcelona.eu\\\/wp-content\\\/uploads\\\/2026\\\/01\\\/cropped-IBEC_20ANYS_GRIS.png\",\"width\":696,\"height\":257,\"caption\":\"Institute for Bioengineering of Catalonia\"},\"image\":{\"@id\":\"https:\\\/\\\/ibecbarcelona.eu\\\/#\\\/schema\\\/logo\\\/image\\\/\"}},{\"@type\":\"Person\",\"@id\":\"https:\\\/\\\/ibecbarcelona.eu\\\/#\\\/schema\\\/person\\\/c212c6b589546130be67986b9290e2b8\",\"name\":\"\u00c0ngels L\u00f3pez\",\"image\":{\"@type\":\"ImageObject\",\"inLanguage\":\"ca\",\"@id\":\"https:\\\/\\\/secure.gravatar.com\\\/avatar\\\/09ad6ba116bea0b15c5511860f83b302579fd7404c1180e9dae55c3f11d988c6?s=96&d=mm&r=g\",\"url\":\"https:\\\/\\\/secure.gravatar.com\\\/avatar\\\/09ad6ba116bea0b15c5511860f83b302579fd7404c1180e9dae55c3f11d988c6?s=96&d=mm&r=g\",\"contentUrl\":\"https:\\\/\\\/secure.gravatar.com\\\/avatar\\\/09ad6ba116bea0b15c5511860f83b302579fd7404c1180e9dae55c3f11d988c6?s=96&d=mm&r=g\",\"caption\":\"\u00c0ngels L\u00f3pez\"},\"url\":\"https:\\\/\\\/ibecbarcelona.eu\\\/ca\\\/author\\\/alopez\\\/\"}]}<\/script>\n<!-- \/ Yoast SEO plugin. -->","yoast_head_json":{"title":"Un article de l'IBEC a la portada del Nature Materials - Institute for Bioengineering of Catalonia","robots":{"index":"index","follow":"follow","max-snippet":"max-snippet:-1","max-image-preview":"max-image-preview:large","max-video-preview":"max-video-preview:-1"},"canonical":"https:\/\/ibecbarcelona.eu\/ca\/un-article-de-libec-a-la-portada-del-nature-materials\/","og_locale":"ca_ES","og_type":"article","og_title":"Un article de l'IBEC a la portada del Nature Materials - Institute for Bioengineering of Catalonia","og_description":"La imatge de l'\u00faltima portada de la revista Nature Materials va ser dissenyada per l'estudiant de doctorat de l'IBEC Xavier Serra, mostra un teixit real computacionalment segmentat simulant un trencad\u00eds gaudini\u00e0.","og_url":"https:\/\/ibecbarcelona.eu\/ca\/un-article-de-libec-a-la-portada-del-nature-materials\/","og_site_name":"Institute for Bioengineering of Catalonia","article_published_time":"2013-09-04T08:51:29+00:00","article_modified_time":"2015-01-07T15:27:01+00:00","og_image":[{"width":482,"height":624,"url":"https:\/\/ibecbarcelona.eu\/wp-content\/uploads\/2013\/09\/natmatcover.jpg","type":"image\/jpeg"}],"author":"\u00c0ngels L\u00f3pez","twitter_card":"summary_large_image","twitter_misc":{"Escrit per":"\u00c0ngels L\u00f3pez"},"schema":{"@context":"https:\/\/schema.org","@graph":[{"@type":"Article","@id":"https:\/\/ibecbarcelona.eu\/ca\/un-article-de-libec-a-la-portada-del-nature-materials\/#article","isPartOf":{"@id":"https:\/\/ibecbarcelona.eu\/ca\/un-article-de-libec-a-la-portada-del-nature-materials\/"},"author":{"name":"\u00c0ngels L\u00f3pez","@id":"https:\/\/ibecbarcelona.eu\/#\/schema\/person\/c212c6b589546130be67986b9290e2b8"},"headline":"Un article de l&#8217;IBEC a la portada del Nature Materials","datePublished":"2013-09-04T08:51:29+00:00","dateModified":"2015-01-07T15:27:01+00:00","mainEntityOfPage":{"@id":"https:\/\/ibecbarcelona.eu\/ca\/un-article-de-libec-a-la-portada-del-nature-materials\/"},"wordCount":93,"publisher":{"@id":"https:\/\/ibecbarcelona.eu\/#organization"},"image":{"@id":"https:\/\/ibecbarcelona.eu\/ca\/un-article-de-libec-a-la-portada-del-nature-materials\/#primaryimage"},"thumbnailUrl":"https:\/\/ibecbarcelona.eu\/wp-content\/uploads\/2013\/09\/natmatcover.jpg","articleSection":["Not\u00edcies institucionals"],"inLanguage":"ca"},{"@type":"WebPage","@id":"https:\/\/ibecbarcelona.eu\/ca\/un-article-de-libec-a-la-portada-del-nature-materials\/","url":"https:\/\/ibecbarcelona.eu\/ca\/un-article-de-libec-a-la-portada-del-nature-materials\/","name":"Un article de l'IBEC a la portada del Nature Materials - Institute for Bioengineering of Catalonia","isPartOf":{"@id":"https:\/\/ibecbarcelona.eu\/#website"},"primaryImageOfPage":{"@id":"https:\/\/ibecbarcelona.eu\/ca\/un-article-de-libec-a-la-portada-del-nature-materials\/#primaryimage"},"image":{"@id":"https:\/\/ibecbarcelona.eu\/ca\/un-article-de-libec-a-la-portada-del-nature-materials\/#primaryimage"},"thumbnailUrl":"https:\/\/ibecbarcelona.eu\/wp-content\/uploads\/2013\/09\/natmatcover.jpg","datePublished":"2013-09-04T08:51:29+00:00","dateModified":"2015-01-07T15:27:01+00:00","breadcrumb":{"@id":"https:\/\/ibecbarcelona.eu\/ca\/un-article-de-libec-a-la-portada-del-nature-materials\/#breadcrumb"},"inLanguage":"ca","potentialAction":[{"@type":"ReadAction","target":["https:\/\/ibecbarcelona.eu\/ca\/un-article-de-libec-a-la-portada-del-nature-materials\/"]}]},{"@type":"ImageObject","inLanguage":"ca","@id":"https:\/\/ibecbarcelona.eu\/ca\/un-article-de-libec-a-la-portada-del-nature-materials\/#primaryimage","url":"https:\/\/ibecbarcelona.eu\/wp-content\/uploads\/2013\/09\/natmatcover.jpg","contentUrl":"https:\/\/ibecbarcelona.eu\/wp-content\/uploads\/2013\/09\/natmatcover.jpg","width":482,"height":624},{"@type":"BreadcrumbList","@id":"https:\/\/ibecbarcelona.eu\/ca\/un-article-de-libec-a-la-portada-del-nature-materials\/#breadcrumb","itemListElement":[{"@type":"ListItem","position":1,"name":"Home","item":"https:\/\/ibecbarcelona.eu\/ca\/"},{"@type":"ListItem","position":2,"name":"Un article de l&#8217;IBEC a la portada del Nature Materials"}]},{"@type":"WebSite","@id":"https:\/\/ibecbarcelona.eu\/#website","url":"https:\/\/ibecbarcelona.eu\/","name":"Institute for Bioengineering of Catalonia","description":"Bioengineering Solutions for Health","publisher":{"@id":"https:\/\/ibecbarcelona.eu\/#organization"},"potentialAction":[{"@type":"SearchAction","target":{"@type":"EntryPoint","urlTemplate":"https:\/\/ibecbarcelona.eu\/?s={search_term_string}"},"query-input":{"@type":"PropertyValueSpecification","valueRequired":true,"valueName":"search_term_string"}}],"inLanguage":"ca"},{"@type":"Organization","@id":"https:\/\/ibecbarcelona.eu\/#organization","name":"Institute for Bioengineering of Catalonia","url":"https:\/\/ibecbarcelona.eu\/","logo":{"@type":"ImageObject","inLanguage":"ca","@id":"https:\/\/ibecbarcelona.eu\/#\/schema\/logo\/image\/","url":"https:\/\/ibecbarcelona.eu\/wp-content\/uploads\/2026\/01\/cropped-IBEC_20ANYS_GRIS.png","contentUrl":"https:\/\/ibecbarcelona.eu\/wp-content\/uploads\/2026\/01\/cropped-IBEC_20ANYS_GRIS.png","width":696,"height":257,"caption":"Institute for Bioengineering of Catalonia"},"image":{"@id":"https:\/\/ibecbarcelona.eu\/#\/schema\/logo\/image\/"}},{"@type":"Person","@id":"https:\/\/ibecbarcelona.eu\/#\/schema\/person\/c212c6b589546130be67986b9290e2b8","name":"\u00c0ngels L\u00f3pez","image":{"@type":"ImageObject","inLanguage":"ca","@id":"https:\/\/secure.gravatar.com\/avatar\/09ad6ba116bea0b15c5511860f83b302579fd7404c1180e9dae55c3f11d988c6?s=96&d=mm&r=g","url":"https:\/\/secure.gravatar.com\/avatar\/09ad6ba116bea0b15c5511860f83b302579fd7404c1180e9dae55c3f11d988c6?s=96&d=mm&r=g","contentUrl":"https:\/\/secure.gravatar.com\/avatar\/09ad6ba116bea0b15c5511860f83b302579fd7404c1180e9dae55c3f11d988c6?s=96&d=mm&r=g","caption":"\u00c0ngels L\u00f3pez"},"url":"https:\/\/ibecbarcelona.eu\/ca\/author\/alopez\/"}]}},"AFP_featured_media_urls":{"full":["https:\/\/ibecbarcelona.eu\/wp-content\/uploads\/2013\/09\/natmatcover.jpg",482,624,false],"thumbnail":["https:\/\/ibecbarcelona.eu\/wp-content\/uploads\/2013\/09\/natmatcover-150x150.jpg",150,150,true],"medium":["https:\/\/ibecbarcelona.eu\/wp-content\/uploads\/2013\/09\/natmatcover-231x300.jpg",231,300,true],"medium_large":["https:\/\/ibecbarcelona.eu\/wp-content\/uploads\/2013\/09\/natmatcover.jpg",482,624,false],"large":["https:\/\/ibecbarcelona.eu\/wp-content\/uploads\/2013\/09\/natmatcover.jpg",482,624,false]},"AFP_attachments":{"full":["https:\/\/ibecbarcelona.eu\/wp-content\/uploads\/2013\/09\/natmatcover.jpg",482,624,false],"thumbnail":["https:\/\/ibecbarcelona.eu\/wp-content\/uploads\/2013\/09\/natmatcover-150x150.jpg",150,150,true],"medium":["https:\/\/ibecbarcelona.eu\/wp-content\/uploads\/2013\/09\/natmatcover-231x300.jpg",231,300,true],"medium_large":["https:\/\/ibecbarcelona.eu\/wp-content\/uploads\/2013\/09\/natmatcover.jpg",482,624,false],"large":["https:\/\/ibecbarcelona.eu\/wp-content\/uploads\/2013\/09\/natmatcover.jpg",482,624,false]},"AFP_videos":[],"AFP_video_blocks":"","AFP_category_names":["Not\u00edcies institucionals"],"_links":{"self":[{"href":"https:\/\/ibecbarcelona.eu\/ca\/wp-json\/wp\/v2\/posts\/7561","targetHints":{"allow":["GET"]}}],"collection":[{"href":"https:\/\/ibecbarcelona.eu\/ca\/wp-json\/wp\/v2\/posts"}],"about":[{"href":"https:\/\/ibecbarcelona.eu\/ca\/wp-json\/wp\/v2\/types\/post"}],"author":[{"embeddable":true,"href":"https:\/\/ibecbarcelona.eu\/ca\/wp-json\/wp\/v2\/users\/4"}],"replies":[{"embeddable":true,"href":"https:\/\/ibecbarcelona.eu\/ca\/wp-json\/wp\/v2\/comments?post=7561"}],"version-history":[{"count":0,"href":"https:\/\/ibecbarcelona.eu\/ca\/wp-json\/wp\/v2\/posts\/7561\/revisions"}],"wp:featuredmedia":[{"embeddable":true,"href":"https:\/\/ibecbarcelona.eu\/ca\/wp-json\/wp\/v2\/media\/7557"}],"wp:attachment":[{"href":"https:\/\/ibecbarcelona.eu\/ca\/wp-json\/wp\/v2\/media?parent=7561"}],"wp:term":[{"taxonomy":"category","embeddable":true,"href":"https:\/\/ibecbarcelona.eu\/ca\/wp-json\/wp\/v2\/categories?post=7561"},{"taxonomy":"post_tag","embeddable":true,"href":"https:\/\/ibecbarcelona.eu\/ca\/wp-json\/wp\/v2\/tags?post=7561"},{"taxonomy":"post_format","embeddable":true,"href":"https:\/\/ibecbarcelona.eu\/ca\/wp-json\/wp\/v2\/post_formats?post=7561"}],"curies":[{"name":"wp","href":"https:\/\/api.w.org\/{rel}","templated":true}]}}