
{"id":7689,"date":"2013-09-12T12:50:58","date_gmt":"2013-09-12T12:50:58","guid":{"rendered":"http:\/\/ibecbarcelona.eu\/new\/josep-a-planell-primer-cientific-espanyol-en-rebre-el-premi-europeu-de-biomaterials\/"},"modified":"2015-01-07T15:27:01","modified_gmt":"2015-01-07T15:27:01","slug":"josep-a-planell-primer-cientific-espanyol-en-rebre-el-premi-europeu-de-biomaterials","status":"publish","type":"post","link":"https:\/\/ibecbarcelona.eu\/ca\/josep-a-planell-primer-cientific-espanyol-en-rebre-el-premi-europeu-de-biomaterials\/","title":{"rendered":"Josep A. Planell, primer cient\u00edfic espanyol en rebre el premi europeu de biomaterials"},"content":{"rendered":"<p>Josep A Planell \u00e9s el primer cient\u00edfic a Espanya a rebre l&#8217;esmentat premi, que reconeix als investigadors que contribueixen de manera significativa al camp dels biomaterials a trav\u00e9s de la investigaci\u00f3 b\u00e0sica, experimental i cl\u00ednica. Alguns dels \u00e8xits m\u00e9s destacats de la seva il\u00b7lustre carrera, que \u00faltimament s&#8217;ha centrat en la investigaci\u00f3 i el desenvolupament de ciments ossis, inclouen la creaci\u00f3 de biomaterials basats en materials compostos porosos de fosfat de calci per a la regeneraci\u00f3 \u00f2ssia, i el desenvolupament de nous materials angiog\u00e8nics capa\u00e7os de desencadenar formaci\u00f3 de nous vasos i induir la vascularitzaci\u00f3. <\/p>\n<p>Entre els guanyadors d&#8217;anteriors edicions del premi, creat al 1982, s&#8217;inclou al Professor Em\u00e8rit de Materials M\u00e8dics de la Universitat de Cambridge, William Bonfield.<\/p>\n<p>A l&#8217;abril d&#8217;aquest any, Josep Planell, que mant\u00e9 una posici\u00f3 de recerca a l&#8217;IBEC, va deixar la Direcci\u00f3 de l&#8217;Institut despr\u00e9s de set anys per passar a ocupar el c\u00e0rrec de rector de la Universitat Oberta de Catalunya.<\/p>\n","protected":false},"excerpt":{"rendered":"<p><img decoding=\"async\" class=\"left size-full wp-image-7685 lazyload\" data-src=\"https:\/\/ibecbarcelona.eu\/wp-content\/uploads\/2013\/09\/georgewinter.jpg\" border=\"0\" width=\"500\" height=\"377\" data-srcset=\"https:\/\/ibecbarcelona.eu\/wp-content\/uploads\/2013\/09\/georgewinter.jpg 500w, https:\/\/ibecbarcelona.eu\/wp-content\/uploads\/2013\/09\/georgewinter-300x226.jpg 300w, https:\/\/ibecbarcelona.eu\/wp-content\/uploads\/2013\/09\/georgewinter-198x150.jpg 198w, https:\/\/ibecbarcelona.eu\/wp-content\/uploads\/2013\/09\/georgewinter-150x113.jpg 150w\" data-sizes=\"(max-width: 500px) 100vw, 500px\" src=\"data:image\/svg+xml;base64,PHN2ZyB3aWR0aD0iMSIgaGVpZ2h0PSIxIiB4bWxucz0iaHR0cDovL3d3dy53My5vcmcvMjAwMC9zdmciPjwvc3ZnPg==\" style=\"--smush-placeholder-width: 500px; --smush-placeholder-aspect-ratio: 500\/377;\" \/>El director fundador de l&#8217;IBEC, Josep A. Planell, va rebre el prestigi\u00f3s premi George Winter atorgat per la Societat Europea de Biomaterials, durant la confer\u00e8ncia anual que es va celebrar el passat dimarts a Madrid.<\/p>\n","protected":false},"author":4,"featured_media":7685,"comment_status":"closed","ping_status":"closed","sticky":false,"template":"","format":"standard","meta":{"footnotes":""},"categories":[98],"tags":[],"post_formats":[],"class_list":["post-7689","post","type-post","status-publish","format-standard","has-post-thumbnail","hentry","category-noticies-institucionals"],"yoast_head":"<!-- This site is optimized with the Yoast SEO plugin v27.4 - https:\/\/yoast.com\/product\/yoast-seo-wordpress\/ -->\n<title>Josep A. Planell, primer cient\u00edfic espanyol en rebre el premi europeu de biomaterials - Institute for Bioengineering of Catalonia<\/title>\n<meta name=\"robots\" content=\"index, follow, max-snippet:-1, max-image-preview:large, max-video-preview:-1\" \/>\n<link rel=\"canonical\" href=\"https:\/\/ibecbarcelona.eu\/ca\/josep-a-planell-primer-cientific-espanyol-en-rebre-el-premi-europeu-de-biomaterials\/\" \/>\n<meta property=\"og:locale\" content=\"ca_ES\" \/>\n<meta property=\"og:type\" content=\"article\" \/>\n<meta property=\"og:title\" content=\"Josep A. Planell, primer cient\u00edfic espanyol en rebre el premi europeu de biomaterials - Institute for Bioengineering of Catalonia\" \/>\n<meta property=\"og:description\" content=\"El director fundador de l&#039;IBEC, Josep A. Planell, va rebre el prestigi\u00f3s premi George Winter atorgat per la Societat Europea de Biomaterials, durant la confer\u00e8ncia anual que es va celebrar el passat dimarts a Madrid.\" \/>\n<meta property=\"og:url\" content=\"https:\/\/ibecbarcelona.eu\/ca\/josep-a-planell-primer-cientific-espanyol-en-rebre-el-premi-europeu-de-biomaterials\/\" \/>\n<meta property=\"og:site_name\" content=\"Institute for Bioengineering of Catalonia\" \/>\n<meta property=\"article:published_time\" content=\"2013-09-12T12:50:58+00:00\" \/>\n<meta property=\"article:modified_time\" content=\"2015-01-07T15:27:01+00:00\" \/>\n<meta property=\"og:image\" content=\"https:\/\/ibecbarcelona.eu\/wp-content\/uploads\/2013\/09\/georgewinter.jpg\" \/>\n\t<meta property=\"og:image:width\" content=\"500\" \/>\n\t<meta property=\"og:image:height\" content=\"377\" \/>\n\t<meta property=\"og:image:type\" content=\"image\/jpeg\" \/>\n<meta name=\"author\" content=\"\u00c0ngels L\u00f3pez\" \/>\n<meta name=\"twitter:card\" content=\"summary_large_image\" \/>\n<meta name=\"twitter:label1\" content=\"Escrit per\" \/>\n\t<meta name=\"twitter:data1\" content=\"\u00c0ngels L\u00f3pez\" \/>\n\t<meta name=\"twitter:label2\" content=\"Temps estimat de lectura\" \/>\n\t<meta name=\"twitter:data2\" content=\"1 minut\" \/>\n<script type=\"application\/ld+json\" class=\"yoast-schema-graph\">{\"@context\":\"https:\\\/\\\/schema.org\",\"@graph\":[{\"@type\":\"Article\",\"@id\":\"https:\\\/\\\/ibecbarcelona.eu\\\/ca\\\/josep-a-planell-primer-cientific-espanyol-en-rebre-el-premi-europeu-de-biomaterials\\\/#article\",\"isPartOf\":{\"@id\":\"https:\\\/\\\/ibecbarcelona.eu\\\/ca\\\/josep-a-planell-primer-cientific-espanyol-en-rebre-el-premi-europeu-de-biomaterials\\\/\"},\"author\":{\"name\":\"\u00c0ngels L\u00f3pez\",\"@id\":\"https:\\\/\\\/ibecbarcelona.eu\\\/#\\\/schema\\\/person\\\/c212c6b589546130be67986b9290e2b8\"},\"headline\":\"Josep A. Planell, primer cient\u00edfic espanyol en rebre el premi europeu de biomaterials\",\"datePublished\":\"2013-09-12T12:50:58+00:00\",\"dateModified\":\"2015-01-07T15:27:01+00:00\",\"mainEntityOfPage\":{\"@id\":\"https:\\\/\\\/ibecbarcelona.eu\\\/ca\\\/josep-a-planell-primer-cientific-espanyol-en-rebre-el-premi-europeu-de-biomaterials\\\/\"},\"wordCount\":182,\"publisher\":{\"@id\":\"https:\\\/\\\/ibecbarcelona.eu\\\/#organization\"},\"image\":{\"@id\":\"https:\\\/\\\/ibecbarcelona.eu\\\/ca\\\/josep-a-planell-primer-cientific-espanyol-en-rebre-el-premi-europeu-de-biomaterials\\\/#primaryimage\"},\"thumbnailUrl\":\"https:\\\/\\\/ibecbarcelona.eu\\\/wp-content\\\/uploads\\\/2013\\\/09\\\/georgewinter.jpg\",\"articleSection\":[\"Not\u00edcies institucionals\"],\"inLanguage\":\"ca\"},{\"@type\":\"WebPage\",\"@id\":\"https:\\\/\\\/ibecbarcelona.eu\\\/ca\\\/josep-a-planell-primer-cientific-espanyol-en-rebre-el-premi-europeu-de-biomaterials\\\/\",\"url\":\"https:\\\/\\\/ibecbarcelona.eu\\\/ca\\\/josep-a-planell-primer-cientific-espanyol-en-rebre-el-premi-europeu-de-biomaterials\\\/\",\"name\":\"Josep A. Planell, primer cient\u00edfic espanyol en rebre el premi europeu de biomaterials - Institute for Bioengineering of Catalonia\",\"isPartOf\":{\"@id\":\"https:\\\/\\\/ibecbarcelona.eu\\\/#website\"},\"primaryImageOfPage\":{\"@id\":\"https:\\\/\\\/ibecbarcelona.eu\\\/ca\\\/josep-a-planell-primer-cientific-espanyol-en-rebre-el-premi-europeu-de-biomaterials\\\/#primaryimage\"},\"image\":{\"@id\":\"https:\\\/\\\/ibecbarcelona.eu\\\/ca\\\/josep-a-planell-primer-cientific-espanyol-en-rebre-el-premi-europeu-de-biomaterials\\\/#primaryimage\"},\"thumbnailUrl\":\"https:\\\/\\\/ibecbarcelona.eu\\\/wp-content\\\/uploads\\\/2013\\\/09\\\/georgewinter.jpg\",\"datePublished\":\"2013-09-12T12:50:58+00:00\",\"dateModified\":\"2015-01-07T15:27:01+00:00\",\"breadcrumb\":{\"@id\":\"https:\\\/\\\/ibecbarcelona.eu\\\/ca\\\/josep-a-planell-primer-cientific-espanyol-en-rebre-el-premi-europeu-de-biomaterials\\\/#breadcrumb\"},\"inLanguage\":\"ca\",\"potentialAction\":[{\"@type\":\"ReadAction\",\"target\":[\"https:\\\/\\\/ibecbarcelona.eu\\\/ca\\\/josep-a-planell-primer-cientific-espanyol-en-rebre-el-premi-europeu-de-biomaterials\\\/\"]}]},{\"@type\":\"ImageObject\",\"inLanguage\":\"ca\",\"@id\":\"https:\\\/\\\/ibecbarcelona.eu\\\/ca\\\/josep-a-planell-primer-cientific-espanyol-en-rebre-el-premi-europeu-de-biomaterials\\\/#primaryimage\",\"url\":\"https:\\\/\\\/ibecbarcelona.eu\\\/wp-content\\\/uploads\\\/2013\\\/09\\\/georgewinter.jpg\",\"contentUrl\":\"https:\\\/\\\/ibecbarcelona.eu\\\/wp-content\\\/uploads\\\/2013\\\/09\\\/georgewinter.jpg\",\"width\":500,\"height\":377},{\"@type\":\"BreadcrumbList\",\"@id\":\"https:\\\/\\\/ibecbarcelona.eu\\\/ca\\\/josep-a-planell-primer-cientific-espanyol-en-rebre-el-premi-europeu-de-biomaterials\\\/#breadcrumb\",\"itemListElement\":[{\"@type\":\"ListItem\",\"position\":1,\"name\":\"Home\",\"item\":\"https:\\\/\\\/ibecbarcelona.eu\\\/ca\\\/\"},{\"@type\":\"ListItem\",\"position\":2,\"name\":\"Josep A. Planell, primer cient\u00edfic espanyol en rebre el premi europeu de biomaterials\"}]},{\"@type\":\"WebSite\",\"@id\":\"https:\\\/\\\/ibecbarcelona.eu\\\/#website\",\"url\":\"https:\\\/\\\/ibecbarcelona.eu\\\/\",\"name\":\"Institute for Bioengineering of Catalonia\",\"description\":\"Bioengineering Solutions for Health\",\"publisher\":{\"@id\":\"https:\\\/\\\/ibecbarcelona.eu\\\/#organization\"},\"potentialAction\":[{\"@type\":\"SearchAction\",\"target\":{\"@type\":\"EntryPoint\",\"urlTemplate\":\"https:\\\/\\\/ibecbarcelona.eu\\\/?s={search_term_string}\"},\"query-input\":{\"@type\":\"PropertyValueSpecification\",\"valueRequired\":true,\"valueName\":\"search_term_string\"}}],\"inLanguage\":\"ca\"},{\"@type\":\"Organization\",\"@id\":\"https:\\\/\\\/ibecbarcelona.eu\\\/#organization\",\"name\":\"Institute for Bioengineering of Catalonia\",\"url\":\"https:\\\/\\\/ibecbarcelona.eu\\\/\",\"logo\":{\"@type\":\"ImageObject\",\"inLanguage\":\"ca\",\"@id\":\"https:\\\/\\\/ibecbarcelona.eu\\\/#\\\/schema\\\/logo\\\/image\\\/\",\"url\":\"https:\\\/\\\/ibecbarcelona.eu\\\/wp-content\\\/uploads\\\/2026\\\/01\\\/cropped-IBEC_20ANYS_GRIS.png\",\"contentUrl\":\"https:\\\/\\\/ibecbarcelona.eu\\\/wp-content\\\/uploads\\\/2026\\\/01\\\/cropped-IBEC_20ANYS_GRIS.png\",\"width\":696,\"height\":257,\"caption\":\"Institute for Bioengineering of Catalonia\"},\"image\":{\"@id\":\"https:\\\/\\\/ibecbarcelona.eu\\\/#\\\/schema\\\/logo\\\/image\\\/\"}},{\"@type\":\"Person\",\"@id\":\"https:\\\/\\\/ibecbarcelona.eu\\\/#\\\/schema\\\/person\\\/c212c6b589546130be67986b9290e2b8\",\"name\":\"\u00c0ngels L\u00f3pez\",\"image\":{\"@type\":\"ImageObject\",\"inLanguage\":\"ca\",\"@id\":\"https:\\\/\\\/secure.gravatar.com\\\/avatar\\\/09ad6ba116bea0b15c5511860f83b302579fd7404c1180e9dae55c3f11d988c6?s=96&d=mm&r=g\",\"url\":\"https:\\\/\\\/secure.gravatar.com\\\/avatar\\\/09ad6ba116bea0b15c5511860f83b302579fd7404c1180e9dae55c3f11d988c6?s=96&d=mm&r=g\",\"contentUrl\":\"https:\\\/\\\/secure.gravatar.com\\\/avatar\\\/09ad6ba116bea0b15c5511860f83b302579fd7404c1180e9dae55c3f11d988c6?s=96&d=mm&r=g\",\"caption\":\"\u00c0ngels L\u00f3pez\"},\"url\":\"https:\\\/\\\/ibecbarcelona.eu\\\/ca\\\/author\\\/alopez\\\/\"}]}<\/script>\n<!-- \/ Yoast SEO plugin. -->","yoast_head_json":{"title":"Josep A. Planell, primer cient\u00edfic espanyol en rebre el premi europeu de biomaterials - Institute for Bioengineering of Catalonia","robots":{"index":"index","follow":"follow","max-snippet":"max-snippet:-1","max-image-preview":"max-image-preview:large","max-video-preview":"max-video-preview:-1"},"canonical":"https:\/\/ibecbarcelona.eu\/ca\/josep-a-planell-primer-cientific-espanyol-en-rebre-el-premi-europeu-de-biomaterials\/","og_locale":"ca_ES","og_type":"article","og_title":"Josep A. Planell, primer cient\u00edfic espanyol en rebre el premi europeu de biomaterials - Institute for Bioengineering of Catalonia","og_description":"El director fundador de l'IBEC, Josep A. Planell, va rebre el prestigi\u00f3s premi George Winter atorgat per la Societat Europea de Biomaterials, durant la confer\u00e8ncia anual que es va celebrar el passat dimarts a Madrid.","og_url":"https:\/\/ibecbarcelona.eu\/ca\/josep-a-planell-primer-cientific-espanyol-en-rebre-el-premi-europeu-de-biomaterials\/","og_site_name":"Institute for Bioengineering of Catalonia","article_published_time":"2013-09-12T12:50:58+00:00","article_modified_time":"2015-01-07T15:27:01+00:00","og_image":[{"width":500,"height":377,"url":"https:\/\/ibecbarcelona.eu\/wp-content\/uploads\/2013\/09\/georgewinter.jpg","type":"image\/jpeg"}],"author":"\u00c0ngels L\u00f3pez","twitter_card":"summary_large_image","twitter_misc":{"Escrit per":"\u00c0ngels L\u00f3pez","Temps estimat de lectura":"1 minut"},"schema":{"@context":"https:\/\/schema.org","@graph":[{"@type":"Article","@id":"https:\/\/ibecbarcelona.eu\/ca\/josep-a-planell-primer-cientific-espanyol-en-rebre-el-premi-europeu-de-biomaterials\/#article","isPartOf":{"@id":"https:\/\/ibecbarcelona.eu\/ca\/josep-a-planell-primer-cientific-espanyol-en-rebre-el-premi-europeu-de-biomaterials\/"},"author":{"name":"\u00c0ngels L\u00f3pez","@id":"https:\/\/ibecbarcelona.eu\/#\/schema\/person\/c212c6b589546130be67986b9290e2b8"},"headline":"Josep A. Planell, primer cient\u00edfic espanyol en rebre el premi europeu de biomaterials","datePublished":"2013-09-12T12:50:58+00:00","dateModified":"2015-01-07T15:27:01+00:00","mainEntityOfPage":{"@id":"https:\/\/ibecbarcelona.eu\/ca\/josep-a-planell-primer-cientific-espanyol-en-rebre-el-premi-europeu-de-biomaterials\/"},"wordCount":182,"publisher":{"@id":"https:\/\/ibecbarcelona.eu\/#organization"},"image":{"@id":"https:\/\/ibecbarcelona.eu\/ca\/josep-a-planell-primer-cientific-espanyol-en-rebre-el-premi-europeu-de-biomaterials\/#primaryimage"},"thumbnailUrl":"https:\/\/ibecbarcelona.eu\/wp-content\/uploads\/2013\/09\/georgewinter.jpg","articleSection":["Not\u00edcies institucionals"],"inLanguage":"ca"},{"@type":"WebPage","@id":"https:\/\/ibecbarcelona.eu\/ca\/josep-a-planell-primer-cientific-espanyol-en-rebre-el-premi-europeu-de-biomaterials\/","url":"https:\/\/ibecbarcelona.eu\/ca\/josep-a-planell-primer-cientific-espanyol-en-rebre-el-premi-europeu-de-biomaterials\/","name":"Josep A. Planell, primer cient\u00edfic espanyol en rebre el premi europeu de biomaterials - Institute for Bioengineering of Catalonia","isPartOf":{"@id":"https:\/\/ibecbarcelona.eu\/#website"},"primaryImageOfPage":{"@id":"https:\/\/ibecbarcelona.eu\/ca\/josep-a-planell-primer-cientific-espanyol-en-rebre-el-premi-europeu-de-biomaterials\/#primaryimage"},"image":{"@id":"https:\/\/ibecbarcelona.eu\/ca\/josep-a-planell-primer-cientific-espanyol-en-rebre-el-premi-europeu-de-biomaterials\/#primaryimage"},"thumbnailUrl":"https:\/\/ibecbarcelona.eu\/wp-content\/uploads\/2013\/09\/georgewinter.jpg","datePublished":"2013-09-12T12:50:58+00:00","dateModified":"2015-01-07T15:27:01+00:00","breadcrumb":{"@id":"https:\/\/ibecbarcelona.eu\/ca\/josep-a-planell-primer-cientific-espanyol-en-rebre-el-premi-europeu-de-biomaterials\/#breadcrumb"},"inLanguage":"ca","potentialAction":[{"@type":"ReadAction","target":["https:\/\/ibecbarcelona.eu\/ca\/josep-a-planell-primer-cientific-espanyol-en-rebre-el-premi-europeu-de-biomaterials\/"]}]},{"@type":"ImageObject","inLanguage":"ca","@id":"https:\/\/ibecbarcelona.eu\/ca\/josep-a-planell-primer-cientific-espanyol-en-rebre-el-premi-europeu-de-biomaterials\/#primaryimage","url":"https:\/\/ibecbarcelona.eu\/wp-content\/uploads\/2013\/09\/georgewinter.jpg","contentUrl":"https:\/\/ibecbarcelona.eu\/wp-content\/uploads\/2013\/09\/georgewinter.jpg","width":500,"height":377},{"@type":"BreadcrumbList","@id":"https:\/\/ibecbarcelona.eu\/ca\/josep-a-planell-primer-cientific-espanyol-en-rebre-el-premi-europeu-de-biomaterials\/#breadcrumb","itemListElement":[{"@type":"ListItem","position":1,"name":"Home","item":"https:\/\/ibecbarcelona.eu\/ca\/"},{"@type":"ListItem","position":2,"name":"Josep A. Planell, primer cient\u00edfic espanyol en rebre el premi europeu de biomaterials"}]},{"@type":"WebSite","@id":"https:\/\/ibecbarcelona.eu\/#website","url":"https:\/\/ibecbarcelona.eu\/","name":"Institute for Bioengineering of Catalonia","description":"Bioengineering Solutions for Health","publisher":{"@id":"https:\/\/ibecbarcelona.eu\/#organization"},"potentialAction":[{"@type":"SearchAction","target":{"@type":"EntryPoint","urlTemplate":"https:\/\/ibecbarcelona.eu\/?s={search_term_string}"},"query-input":{"@type":"PropertyValueSpecification","valueRequired":true,"valueName":"search_term_string"}}],"inLanguage":"ca"},{"@type":"Organization","@id":"https:\/\/ibecbarcelona.eu\/#organization","name":"Institute for Bioengineering of Catalonia","url":"https:\/\/ibecbarcelona.eu\/","logo":{"@type":"ImageObject","inLanguage":"ca","@id":"https:\/\/ibecbarcelona.eu\/#\/schema\/logo\/image\/","url":"https:\/\/ibecbarcelona.eu\/wp-content\/uploads\/2026\/01\/cropped-IBEC_20ANYS_GRIS.png","contentUrl":"https:\/\/ibecbarcelona.eu\/wp-content\/uploads\/2026\/01\/cropped-IBEC_20ANYS_GRIS.png","width":696,"height":257,"caption":"Institute for Bioengineering of Catalonia"},"image":{"@id":"https:\/\/ibecbarcelona.eu\/#\/schema\/logo\/image\/"}},{"@type":"Person","@id":"https:\/\/ibecbarcelona.eu\/#\/schema\/person\/c212c6b589546130be67986b9290e2b8","name":"\u00c0ngels L\u00f3pez","image":{"@type":"ImageObject","inLanguage":"ca","@id":"https:\/\/secure.gravatar.com\/avatar\/09ad6ba116bea0b15c5511860f83b302579fd7404c1180e9dae55c3f11d988c6?s=96&d=mm&r=g","url":"https:\/\/secure.gravatar.com\/avatar\/09ad6ba116bea0b15c5511860f83b302579fd7404c1180e9dae55c3f11d988c6?s=96&d=mm&r=g","contentUrl":"https:\/\/secure.gravatar.com\/avatar\/09ad6ba116bea0b15c5511860f83b302579fd7404c1180e9dae55c3f11d988c6?s=96&d=mm&r=g","caption":"\u00c0ngels L\u00f3pez"},"url":"https:\/\/ibecbarcelona.eu\/ca\/author\/alopez\/"}]}},"AFP_featured_media_urls":{"full":["https:\/\/ibecbarcelona.eu\/wp-content\/uploads\/2013\/09\/georgewinter.jpg",500,377,false],"thumbnail":["https:\/\/ibecbarcelona.eu\/wp-content\/uploads\/2013\/09\/georgewinter-150x150.jpg",150,150,true],"medium":["https:\/\/ibecbarcelona.eu\/wp-content\/uploads\/2013\/09\/georgewinter-300x226.jpg",300,226,true],"medium_large":["https:\/\/ibecbarcelona.eu\/wp-content\/uploads\/2013\/09\/georgewinter.jpg",500,377,false],"large":["https:\/\/ibecbarcelona.eu\/wp-content\/uploads\/2013\/09\/georgewinter.jpg",500,377,false]},"AFP_attachments":{"full":["https:\/\/ibecbarcelona.eu\/wp-content\/uploads\/2013\/09\/georgewinter.jpg",500,377,false],"thumbnail":["https:\/\/ibecbarcelona.eu\/wp-content\/uploads\/2013\/09\/georgewinter-150x150.jpg",150,150,true],"medium":["https:\/\/ibecbarcelona.eu\/wp-content\/uploads\/2013\/09\/georgewinter-300x226.jpg",300,226,true],"medium_large":["https:\/\/ibecbarcelona.eu\/wp-content\/uploads\/2013\/09\/georgewinter.jpg",500,377,false],"large":["https:\/\/ibecbarcelona.eu\/wp-content\/uploads\/2013\/09\/georgewinter.jpg",500,377,false]},"AFP_videos":[],"AFP_video_blocks":"","AFP_category_names":["Not\u00edcies institucionals"],"_links":{"self":[{"href":"https:\/\/ibecbarcelona.eu\/ca\/wp-json\/wp\/v2\/posts\/7689","targetHints":{"allow":["GET"]}}],"collection":[{"href":"https:\/\/ibecbarcelona.eu\/ca\/wp-json\/wp\/v2\/posts"}],"about":[{"href":"https:\/\/ibecbarcelona.eu\/ca\/wp-json\/wp\/v2\/types\/post"}],"author":[{"embeddable":true,"href":"https:\/\/ibecbarcelona.eu\/ca\/wp-json\/wp\/v2\/users\/4"}],"replies":[{"embeddable":true,"href":"https:\/\/ibecbarcelona.eu\/ca\/wp-json\/wp\/v2\/comments?post=7689"}],"version-history":[{"count":0,"href":"https:\/\/ibecbarcelona.eu\/ca\/wp-json\/wp\/v2\/posts\/7689\/revisions"}],"wp:featuredmedia":[{"embeddable":true,"href":"https:\/\/ibecbarcelona.eu\/ca\/wp-json\/wp\/v2\/media\/7685"}],"wp:attachment":[{"href":"https:\/\/ibecbarcelona.eu\/ca\/wp-json\/wp\/v2\/media?parent=7689"}],"wp:term":[{"taxonomy":"category","embeddable":true,"href":"https:\/\/ibecbarcelona.eu\/ca\/wp-json\/wp\/v2\/categories?post=7689"},{"taxonomy":"post_tag","embeddable":true,"href":"https:\/\/ibecbarcelona.eu\/ca\/wp-json\/wp\/v2\/tags?post=7689"},{"taxonomy":"post_format","embeddable":true,"href":"https:\/\/ibecbarcelona.eu\/ca\/wp-json\/wp\/v2\/post_formats?post=7689"}],"curies":[{"name":"wp","href":"https:\/\/api.w.org\/{rel}","templated":true}]}}