
{"id":76965,"date":"2020-08-28T12:37:43","date_gmt":"2020-08-28T10:37:43","guid":{"rendered":"http:\/\/ibecbarcelona.eu\/specs-lab-at-ibec-featured-on-tv-and-radio-for-its-work-on-covid-and-mental-health\/"},"modified":"2020-11-13T20:27:54","modified_gmt":"2020-11-13T19:27:54","slug":"specs-lab-at-ibec-featured-on-tv-and-radio-for-its-work-on-covid-and-mental-health","status":"publish","type":"post","link":"https:\/\/ibecbarcelona.eu\/ca\/specs-lab-at-ibec-featured-on-tv-and-radio-for-its-work-on-covid-and-mental-health_\/","title":{"rendered":"SPECS Lab featured on TV and Radio for its work on COVID19 and mental health"},"content":{"rendered":"<p><span style=\"display: inline !important; float: none; background-color: #ffffff; color: #666666; font-family: Georgia,'Times New Roman',Times,serif; font-size: 16.5px; font-style: normal; font-variant: normal; font-weight: 300; letter-spacing: normal; line-height: 1.5em; orphans: 2; text-align: left; text-decoration: none; text-indent: 0px; text-transform: none; -webkit-text-stroke-width: 0px; white-space: normal; word-spacing: 0px;\">Klaudia Grechuta and Anna Mura explained to <a href=\"https:\/\/www.ccma.cat\/324\/un-estudi-de-la-percepcio-de-les-imatges-mostra-lefecte-del-confinament-en-la-salut-mental\/noticia\/3043237\/\">TV3<\/a> and <a href=\"https:\/\/www.ondacero.es\/emisoras\/catalunya\/audios-podcast\/la-bruixola-estiu\/un-estudi-mostra-els-efectes-en-la-salut-mental-del-confinament-a-traves-de-la-percepcio-de-les-imatges_202008255f454d62a7b18e00016dea58.html\">Onda Cero Radio<\/a> the significance of the work. You can <a href=\"https:\/\/www.ccma.cat\/tv3\/alacarta\/telenoticies\/un-estudi-de-libec-determina-els-efectes-negatius-del-confinament\/video\/6056609\/\">view<\/a> and <a href=\"https:\/\/www.ondacero.es\/emisoras\/catalunya\/audios-podcast\/la-bruixola-estiu\/un-estudi-mostra-els-efectes-en-la-salut-mental-del-confinament-a-traves-de-la-percepcio-de-les-imatges_202008255f454d62a7b18e00016dea58.html\">listen<\/a> here again.<\/span><\/p>\n<p><a href=\"https:\/\/www.ccma.cat\/tv3\/alacarta\/telenoticies\/un-estudi-de-libec-determina-els-efectes-negatius-del-confinament\/video\/6056609\/\"><img decoding=\"async\" class=\"alignleft size-large wp-image-76946 lazyload\" data-src=\"https:\/\/ibecbarcelona.eu\/wp-content\/uploads\/2020\/08\/anna-mura-1024x576.png\" alt=\"\" width=\"900\" height=\"506\" data-srcset=\"https:\/\/ibecbarcelona.eu\/wp-content\/uploads\/2020\/08\/anna-mura-1024x576.png 1024w, https:\/\/ibecbarcelona.eu\/wp-content\/uploads\/2020\/08\/anna-mura-300x169.png 300w, https:\/\/ibecbarcelona.eu\/wp-content\/uploads\/2020\/08\/anna-mura-768x432.png 768w, https:\/\/ibecbarcelona.eu\/wp-content\/uploads\/2020\/08\/anna-mura-1536x864.png 1536w, https:\/\/ibecbarcelona.eu\/wp-content\/uploads\/2020\/08\/anna-mura-230x130.png 230w, https:\/\/ibecbarcelona.eu\/wp-content\/uploads\/2020\/08\/anna-mura-150x84.png 150w, https:\/\/ibecbarcelona.eu\/wp-content\/uploads\/2020\/08\/anna-mura.png 1920w\" data-sizes=\"(max-width: 900px) 100vw, 900px\" src=\"data:image\/svg+xml;base64,PHN2ZyB3aWR0aD0iMSIgaGVpZ2h0PSIxIiB4bWxucz0iaHR0cDovL3d3dy53My5vcmcvMjAwMC9zdmciPjwvc3ZnPg==\" style=\"--smush-placeholder-width: 900px; --smush-placeholder-aspect-ratio: 900\/506;\" \/><\/a><\/p>\n<p><span style=\"display: inline !important; float: none; background-color: #ffffff; color: #666666; font-family: Georgia,'Times New Roman',Times,serif; font-size: 16.5px; font-style: normal; font-variant: normal; font-weight: 300; letter-spacing: normal; line-height: 1.5em; orphans: 2; text-align: left; text-decoration: none; text-indent: 0px; text-transform: none; -webkit-text-stroke-width: 0px; white-space: normal; word-spacing: 0px;\">\u00a0<\/span><\/p>\n","protected":false},"excerpt":{"rendered":"<h3>Researchers from the SPECS lab at IBEC have\u00a0 develop a new method to evaluate the mental health and wellbeing of people living under strict confinement measures such those during COVID-19 pandemic on April 2020. The study, conducted with people living in 17 countries, confirms that confinement measurements leads to a negative impact on the emotional wellbeing. The researchers also detected some personal situations that can entail a higher risk for the mental health and wellbeing.<\/h3>\n","protected":false},"author":4,"featured_media":76960,"comment_status":"closed","ping_status":"closed","sticky":false,"template":"","format":"standard","meta":{"footnotes":""},"categories":[99],"tags":[923,1145,568],"post_formats":[],"class_list":["post-76965","post","type-post","status-publish","format-standard","has-post-thumbnail","hentry","category-ibec-als-mitjans","tag-covid-ca","tag-paul-verschure-ca","tag-specs-ca"],"yoast_head":"<!-- This site is optimized with the Yoast SEO plugin v27.5 - https:\/\/yoast.com\/product\/yoast-seo-wordpress\/ -->\n<title>SPECS Lab featured on TV and Radio for its work on COVID19 and mental health - Institute for Bioengineering of Catalonia<\/title>\n<meta name=\"robots\" content=\"index, follow, max-snippet:-1, max-image-preview:large, max-video-preview:-1\" \/>\n<link rel=\"canonical\" href=\"https:\/\/ibecbarcelona.eu\/ca\/specs-lab-at-ibec-featured-on-tv-and-radio-for-its-work-on-covid-and-mental-health_\/\" \/>\n<meta property=\"og:locale\" content=\"ca_ES\" \/>\n<meta property=\"og:type\" content=\"article\" \/>\n<meta property=\"og:title\" content=\"SPECS Lab featured on TV and Radio for its work on COVID19 and mental health - Institute for Bioengineering of Catalonia\" \/>\n<meta property=\"og:description\" content=\"Researchers from the SPECS lab at IBEC have\u00a0 develop a new method to evaluate the mental health and wellbeing of people living under strict confinement measures such those during COVID-19 pandemic on April 2020. The study, conducted with people living in 17 countries, confirms that confinement measurements leads to a negative impact on the emotional wellbeing. The researchers also detected some personal situations that can entail a higher risk for the mental health and wellbeing.\" \/>\n<meta property=\"og:url\" content=\"https:\/\/ibecbarcelona.eu\/ca\/specs-lab-at-ibec-featured-on-tv-and-radio-for-its-work-on-covid-and-mental-health_\/\" \/>\n<meta property=\"og:site_name\" content=\"Institute for Bioengineering of Catalonia\" \/>\n<meta property=\"article:published_time\" content=\"2020-08-28T10:37:43+00:00\" \/>\n<meta property=\"article:modified_time\" content=\"2020-11-13T19:27:54+00:00\" \/>\n<meta property=\"og:image\" content=\"https:\/\/ibecbarcelona.eu\/wp-content\/uploads\/2020\/08\/grechuta-1024x576.png\" \/>\n\t<meta property=\"og:image:width\" content=\"1024\" \/>\n\t<meta property=\"og:image:height\" content=\"576\" \/>\n\t<meta property=\"og:image:type\" content=\"image\/png\" \/>\n<meta name=\"author\" content=\"\u00c0ngels L\u00f3pez\" \/>\n<meta name=\"twitter:card\" content=\"summary_large_image\" \/>\n<meta name=\"twitter:label1\" content=\"Escrit per\" \/>\n\t<meta name=\"twitter:data1\" content=\"\u00c0ngels L\u00f3pez\" \/>\n<script type=\"application\/ld+json\" class=\"yoast-schema-graph\">{\"@context\":\"https:\\\/\\\/schema.org\",\"@graph\":[{\"@type\":\"Article\",\"@id\":\"https:\\\/\\\/ibecbarcelona.eu\\\/ca\\\/specs-lab-at-ibec-featured-on-tv-and-radio-for-its-work-on-covid-and-mental-health_\\\/#article\",\"isPartOf\":{\"@id\":\"https:\\\/\\\/ibecbarcelona.eu\\\/ca\\\/specs-lab-at-ibec-featured-on-tv-and-radio-for-its-work-on-covid-and-mental-health_\\\/\"},\"author\":{\"name\":\"\u00c0ngels L\u00f3pez\",\"@id\":\"https:\\\/\\\/ibecbarcelona.eu\\\/#\\\/schema\\\/person\\\/c212c6b589546130be67986b9290e2b8\"},\"headline\":\"SPECS Lab featured on TV and Radio for its work on COVID19 and mental health\",\"datePublished\":\"2020-08-28T10:37:43+00:00\",\"dateModified\":\"2020-11-13T19:27:54+00:00\",\"mainEntityOfPage\":{\"@id\":\"https:\\\/\\\/ibecbarcelona.eu\\\/ca\\\/specs-lab-at-ibec-featured-on-tv-and-radio-for-its-work-on-covid-and-mental-health_\\\/\"},\"wordCount\":39,\"publisher\":{\"@id\":\"https:\\\/\\\/ibecbarcelona.eu\\\/#organization\"},\"image\":{\"@id\":\"https:\\\/\\\/ibecbarcelona.eu\\\/ca\\\/specs-lab-at-ibec-featured-on-tv-and-radio-for-its-work-on-covid-and-mental-health_\\\/#primaryimage\"},\"thumbnailUrl\":\"https:\\\/\\\/ibecbarcelona.eu\\\/wp-content\\\/uploads\\\/2020\\\/08\\\/grechuta.png\",\"keywords\":[\"COVID-19\",\"Paul Verschure\",\"SPECS\"],\"articleSection\":[\"IBEC als mitjans\"],\"inLanguage\":\"ca\"},{\"@type\":\"WebPage\",\"@id\":\"https:\\\/\\\/ibecbarcelona.eu\\\/ca\\\/specs-lab-at-ibec-featured-on-tv-and-radio-for-its-work-on-covid-and-mental-health_\\\/\",\"url\":\"https:\\\/\\\/ibecbarcelona.eu\\\/ca\\\/specs-lab-at-ibec-featured-on-tv-and-radio-for-its-work-on-covid-and-mental-health_\\\/\",\"name\":\"SPECS Lab featured on TV and Radio for its work on COVID19 and mental health - Institute for Bioengineering of Catalonia\",\"isPartOf\":{\"@id\":\"https:\\\/\\\/ibecbarcelona.eu\\\/#website\"},\"primaryImageOfPage\":{\"@id\":\"https:\\\/\\\/ibecbarcelona.eu\\\/ca\\\/specs-lab-at-ibec-featured-on-tv-and-radio-for-its-work-on-covid-and-mental-health_\\\/#primaryimage\"},\"image\":{\"@id\":\"https:\\\/\\\/ibecbarcelona.eu\\\/ca\\\/specs-lab-at-ibec-featured-on-tv-and-radio-for-its-work-on-covid-and-mental-health_\\\/#primaryimage\"},\"thumbnailUrl\":\"https:\\\/\\\/ibecbarcelona.eu\\\/wp-content\\\/uploads\\\/2020\\\/08\\\/grechuta.png\",\"datePublished\":\"2020-08-28T10:37:43+00:00\",\"dateModified\":\"2020-11-13T19:27:54+00:00\",\"breadcrumb\":{\"@id\":\"https:\\\/\\\/ibecbarcelona.eu\\\/ca\\\/specs-lab-at-ibec-featured-on-tv-and-radio-for-its-work-on-covid-and-mental-health_\\\/#breadcrumb\"},\"inLanguage\":\"ca\",\"potentialAction\":[{\"@type\":\"ReadAction\",\"target\":[\"https:\\\/\\\/ibecbarcelona.eu\\\/ca\\\/specs-lab-at-ibec-featured-on-tv-and-radio-for-its-work-on-covid-and-mental-health_\\\/\"]}]},{\"@type\":\"ImageObject\",\"inLanguage\":\"ca\",\"@id\":\"https:\\\/\\\/ibecbarcelona.eu\\\/ca\\\/specs-lab-at-ibec-featured-on-tv-and-radio-for-its-work-on-covid-and-mental-health_\\\/#primaryimage\",\"url\":\"https:\\\/\\\/ibecbarcelona.eu\\\/wp-content\\\/uploads\\\/2020\\\/08\\\/grechuta.png\",\"contentUrl\":\"https:\\\/\\\/ibecbarcelona.eu\\\/wp-content\\\/uploads\\\/2020\\\/08\\\/grechuta.png\",\"width\":1920,\"height\":1080},{\"@type\":\"BreadcrumbList\",\"@id\":\"https:\\\/\\\/ibecbarcelona.eu\\\/ca\\\/specs-lab-at-ibec-featured-on-tv-and-radio-for-its-work-on-covid-and-mental-health_\\\/#breadcrumb\",\"itemListElement\":[{\"@type\":\"ListItem\",\"position\":1,\"name\":\"Home\",\"item\":\"https:\\\/\\\/ibecbarcelona.eu\\\/ca\\\/\"},{\"@type\":\"ListItem\",\"position\":2,\"name\":\"SPECS Lab featured on TV and Radio for its work on COVID19 and mental health\"}]},{\"@type\":\"WebSite\",\"@id\":\"https:\\\/\\\/ibecbarcelona.eu\\\/#website\",\"url\":\"https:\\\/\\\/ibecbarcelona.eu\\\/\",\"name\":\"Institute for Bioengineering of Catalonia\",\"description\":\"Bioengineering Solutions for Health\",\"publisher\":{\"@id\":\"https:\\\/\\\/ibecbarcelona.eu\\\/#organization\"},\"potentialAction\":[{\"@type\":\"SearchAction\",\"target\":{\"@type\":\"EntryPoint\",\"urlTemplate\":\"https:\\\/\\\/ibecbarcelona.eu\\\/?s={search_term_string}\"},\"query-input\":{\"@type\":\"PropertyValueSpecification\",\"valueRequired\":true,\"valueName\":\"search_term_string\"}}],\"inLanguage\":\"ca\"},{\"@type\":\"Organization\",\"@id\":\"https:\\\/\\\/ibecbarcelona.eu\\\/#organization\",\"name\":\"Institute for Bioengineering of Catalonia\",\"url\":\"https:\\\/\\\/ibecbarcelona.eu\\\/\",\"logo\":{\"@type\":\"ImageObject\",\"inLanguage\":\"ca\",\"@id\":\"https:\\\/\\\/ibecbarcelona.eu\\\/#\\\/schema\\\/logo\\\/image\\\/\",\"url\":\"https:\\\/\\\/ibecbarcelona.eu\\\/wp-content\\\/uploads\\\/2026\\\/01\\\/cropped-IBEC_20ANYS_GRIS.png\",\"contentUrl\":\"https:\\\/\\\/ibecbarcelona.eu\\\/wp-content\\\/uploads\\\/2026\\\/01\\\/cropped-IBEC_20ANYS_GRIS.png\",\"width\":696,\"height\":257,\"caption\":\"Institute for Bioengineering of Catalonia\"},\"image\":{\"@id\":\"https:\\\/\\\/ibecbarcelona.eu\\\/#\\\/schema\\\/logo\\\/image\\\/\"}},{\"@type\":\"Person\",\"@id\":\"https:\\\/\\\/ibecbarcelona.eu\\\/#\\\/schema\\\/person\\\/c212c6b589546130be67986b9290e2b8\",\"name\":\"\u00c0ngels L\u00f3pez\",\"image\":{\"@type\":\"ImageObject\",\"inLanguage\":\"ca\",\"@id\":\"https:\\\/\\\/secure.gravatar.com\\\/avatar\\\/09ad6ba116bea0b15c5511860f83b302579fd7404c1180e9dae55c3f11d988c6?s=96&d=mm&r=g\",\"url\":\"https:\\\/\\\/secure.gravatar.com\\\/avatar\\\/09ad6ba116bea0b15c5511860f83b302579fd7404c1180e9dae55c3f11d988c6?s=96&d=mm&r=g\",\"contentUrl\":\"https:\\\/\\\/secure.gravatar.com\\\/avatar\\\/09ad6ba116bea0b15c5511860f83b302579fd7404c1180e9dae55c3f11d988c6?s=96&d=mm&r=g\",\"caption\":\"\u00c0ngels L\u00f3pez\"},\"url\":\"https:\\\/\\\/ibecbarcelona.eu\\\/ca\\\/author\\\/alopez\\\/\"}]}<\/script>\n<!-- \/ Yoast SEO plugin. -->","yoast_head_json":{"title":"SPECS Lab featured on TV and Radio for its work on COVID19 and mental health - Institute for Bioengineering of Catalonia","robots":{"index":"index","follow":"follow","max-snippet":"max-snippet:-1","max-image-preview":"max-image-preview:large","max-video-preview":"max-video-preview:-1"},"canonical":"https:\/\/ibecbarcelona.eu\/ca\/specs-lab-at-ibec-featured-on-tv-and-radio-for-its-work-on-covid-and-mental-health_\/","og_locale":"ca_ES","og_type":"article","og_title":"SPECS Lab featured on TV and Radio for its work on COVID19 and mental health - Institute for Bioengineering of Catalonia","og_description":"Researchers from the SPECS lab at IBEC have\u00a0 develop a new method to evaluate the mental health and wellbeing of people living under strict confinement measures such those during COVID-19 pandemic on April 2020. The study, conducted with people living in 17 countries, confirms that confinement measurements leads to a negative impact on the emotional wellbeing. The researchers also detected some personal situations that can entail a higher risk for the mental health and wellbeing.","og_url":"https:\/\/ibecbarcelona.eu\/ca\/specs-lab-at-ibec-featured-on-tv-and-radio-for-its-work-on-covid-and-mental-health_\/","og_site_name":"Institute for Bioengineering of Catalonia","article_published_time":"2020-08-28T10:37:43+00:00","article_modified_time":"2020-11-13T19:27:54+00:00","og_image":[{"width":1024,"height":576,"url":"https:\/\/ibecbarcelona.eu\/wp-content\/uploads\/2020\/08\/grechuta-1024x576.png","type":"image\/png"}],"author":"\u00c0ngels L\u00f3pez","twitter_card":"summary_large_image","twitter_misc":{"Escrit per":"\u00c0ngels L\u00f3pez"},"schema":{"@context":"https:\/\/schema.org","@graph":[{"@type":"Article","@id":"https:\/\/ibecbarcelona.eu\/ca\/specs-lab-at-ibec-featured-on-tv-and-radio-for-its-work-on-covid-and-mental-health_\/#article","isPartOf":{"@id":"https:\/\/ibecbarcelona.eu\/ca\/specs-lab-at-ibec-featured-on-tv-and-radio-for-its-work-on-covid-and-mental-health_\/"},"author":{"name":"\u00c0ngels L\u00f3pez","@id":"https:\/\/ibecbarcelona.eu\/#\/schema\/person\/c212c6b589546130be67986b9290e2b8"},"headline":"SPECS Lab featured on TV and Radio for its work on COVID19 and mental health","datePublished":"2020-08-28T10:37:43+00:00","dateModified":"2020-11-13T19:27:54+00:00","mainEntityOfPage":{"@id":"https:\/\/ibecbarcelona.eu\/ca\/specs-lab-at-ibec-featured-on-tv-and-radio-for-its-work-on-covid-and-mental-health_\/"},"wordCount":39,"publisher":{"@id":"https:\/\/ibecbarcelona.eu\/#organization"},"image":{"@id":"https:\/\/ibecbarcelona.eu\/ca\/specs-lab-at-ibec-featured-on-tv-and-radio-for-its-work-on-covid-and-mental-health_\/#primaryimage"},"thumbnailUrl":"https:\/\/ibecbarcelona.eu\/wp-content\/uploads\/2020\/08\/grechuta.png","keywords":["COVID-19","Paul Verschure","SPECS"],"articleSection":["IBEC als mitjans"],"inLanguage":"ca"},{"@type":"WebPage","@id":"https:\/\/ibecbarcelona.eu\/ca\/specs-lab-at-ibec-featured-on-tv-and-radio-for-its-work-on-covid-and-mental-health_\/","url":"https:\/\/ibecbarcelona.eu\/ca\/specs-lab-at-ibec-featured-on-tv-and-radio-for-its-work-on-covid-and-mental-health_\/","name":"SPECS Lab featured on TV and Radio for its work on COVID19 and mental health - Institute for Bioengineering of Catalonia","isPartOf":{"@id":"https:\/\/ibecbarcelona.eu\/#website"},"primaryImageOfPage":{"@id":"https:\/\/ibecbarcelona.eu\/ca\/specs-lab-at-ibec-featured-on-tv-and-radio-for-its-work-on-covid-and-mental-health_\/#primaryimage"},"image":{"@id":"https:\/\/ibecbarcelona.eu\/ca\/specs-lab-at-ibec-featured-on-tv-and-radio-for-its-work-on-covid-and-mental-health_\/#primaryimage"},"thumbnailUrl":"https:\/\/ibecbarcelona.eu\/wp-content\/uploads\/2020\/08\/grechuta.png","datePublished":"2020-08-28T10:37:43+00:00","dateModified":"2020-11-13T19:27:54+00:00","breadcrumb":{"@id":"https:\/\/ibecbarcelona.eu\/ca\/specs-lab-at-ibec-featured-on-tv-and-radio-for-its-work-on-covid-and-mental-health_\/#breadcrumb"},"inLanguage":"ca","potentialAction":[{"@type":"ReadAction","target":["https:\/\/ibecbarcelona.eu\/ca\/specs-lab-at-ibec-featured-on-tv-and-radio-for-its-work-on-covid-and-mental-health_\/"]}]},{"@type":"ImageObject","inLanguage":"ca","@id":"https:\/\/ibecbarcelona.eu\/ca\/specs-lab-at-ibec-featured-on-tv-and-radio-for-its-work-on-covid-and-mental-health_\/#primaryimage","url":"https:\/\/ibecbarcelona.eu\/wp-content\/uploads\/2020\/08\/grechuta.png","contentUrl":"https:\/\/ibecbarcelona.eu\/wp-content\/uploads\/2020\/08\/grechuta.png","width":1920,"height":1080},{"@type":"BreadcrumbList","@id":"https:\/\/ibecbarcelona.eu\/ca\/specs-lab-at-ibec-featured-on-tv-and-radio-for-its-work-on-covid-and-mental-health_\/#breadcrumb","itemListElement":[{"@type":"ListItem","position":1,"name":"Home","item":"https:\/\/ibecbarcelona.eu\/ca\/"},{"@type":"ListItem","position":2,"name":"SPECS Lab featured on TV and Radio for its work on COVID19 and mental health"}]},{"@type":"WebSite","@id":"https:\/\/ibecbarcelona.eu\/#website","url":"https:\/\/ibecbarcelona.eu\/","name":"Institute for Bioengineering of Catalonia","description":"Bioengineering Solutions for Health","publisher":{"@id":"https:\/\/ibecbarcelona.eu\/#organization"},"potentialAction":[{"@type":"SearchAction","target":{"@type":"EntryPoint","urlTemplate":"https:\/\/ibecbarcelona.eu\/?s={search_term_string}"},"query-input":{"@type":"PropertyValueSpecification","valueRequired":true,"valueName":"search_term_string"}}],"inLanguage":"ca"},{"@type":"Organization","@id":"https:\/\/ibecbarcelona.eu\/#organization","name":"Institute for Bioengineering of Catalonia","url":"https:\/\/ibecbarcelona.eu\/","logo":{"@type":"ImageObject","inLanguage":"ca","@id":"https:\/\/ibecbarcelona.eu\/#\/schema\/logo\/image\/","url":"https:\/\/ibecbarcelona.eu\/wp-content\/uploads\/2026\/01\/cropped-IBEC_20ANYS_GRIS.png","contentUrl":"https:\/\/ibecbarcelona.eu\/wp-content\/uploads\/2026\/01\/cropped-IBEC_20ANYS_GRIS.png","width":696,"height":257,"caption":"Institute for Bioengineering of Catalonia"},"image":{"@id":"https:\/\/ibecbarcelona.eu\/#\/schema\/logo\/image\/"}},{"@type":"Person","@id":"https:\/\/ibecbarcelona.eu\/#\/schema\/person\/c212c6b589546130be67986b9290e2b8","name":"\u00c0ngels L\u00f3pez","image":{"@type":"ImageObject","inLanguage":"ca","@id":"https:\/\/secure.gravatar.com\/avatar\/09ad6ba116bea0b15c5511860f83b302579fd7404c1180e9dae55c3f11d988c6?s=96&d=mm&r=g","url":"https:\/\/secure.gravatar.com\/avatar\/09ad6ba116bea0b15c5511860f83b302579fd7404c1180e9dae55c3f11d988c6?s=96&d=mm&r=g","contentUrl":"https:\/\/secure.gravatar.com\/avatar\/09ad6ba116bea0b15c5511860f83b302579fd7404c1180e9dae55c3f11d988c6?s=96&d=mm&r=g","caption":"\u00c0ngels L\u00f3pez"},"url":"https:\/\/ibecbarcelona.eu\/ca\/author\/alopez\/"}]}},"AFP_featured_media_urls":{"full":["https:\/\/ibecbarcelona.eu\/wp-content\/uploads\/2020\/08\/grechuta.png",1920,1080,false],"thumbnail":["https:\/\/ibecbarcelona.eu\/wp-content\/uploads\/2020\/08\/grechuta-150x150.png",150,150,true],"medium":["https:\/\/ibecbarcelona.eu\/wp-content\/uploads\/2020\/08\/grechuta-300x169.png",300,169,true],"medium_large":["https:\/\/ibecbarcelona.eu\/wp-content\/uploads\/2020\/08\/grechuta-768x432.png",768,432,true],"large":["https:\/\/ibecbarcelona.eu\/wp-content\/uploads\/2020\/08\/grechuta-1024x576.png",1024,576,true]},"AFP_attachments":{"full":["https:\/\/ibecbarcelona.eu\/wp-content\/uploads\/2020\/08\/anna-mura.png",1920,1080,false],"thumbnail":["https:\/\/ibecbarcelona.eu\/wp-content\/uploads\/2020\/08\/anna-mura-150x150.png",150,150,true],"medium":["https:\/\/ibecbarcelona.eu\/wp-content\/uploads\/2020\/08\/anna-mura-300x169.png",300,169,true],"medium_large":["https:\/\/ibecbarcelona.eu\/wp-content\/uploads\/2020\/08\/anna-mura-768x432.png",768,432,true],"large":["https:\/\/ibecbarcelona.eu\/wp-content\/uploads\/2020\/08\/anna-mura-1024x576.png",1024,576,true]},"AFP_videos":[],"AFP_video_blocks":"","AFP_category_names":["IBEC als mitjans"],"_links":{"self":[{"href":"https:\/\/ibecbarcelona.eu\/ca\/wp-json\/wp\/v2\/posts\/76965","targetHints":{"allow":["GET"]}}],"collection":[{"href":"https:\/\/ibecbarcelona.eu\/ca\/wp-json\/wp\/v2\/posts"}],"about":[{"href":"https:\/\/ibecbarcelona.eu\/ca\/wp-json\/wp\/v2\/types\/post"}],"author":[{"embeddable":true,"href":"https:\/\/ibecbarcelona.eu\/ca\/wp-json\/wp\/v2\/users\/4"}],"replies":[{"embeddable":true,"href":"https:\/\/ibecbarcelona.eu\/ca\/wp-json\/wp\/v2\/comments?post=76965"}],"version-history":[{"count":4,"href":"https:\/\/ibecbarcelona.eu\/ca\/wp-json\/wp\/v2\/posts\/76965\/revisions"}],"predecessor-version":[{"id":77098,"href":"https:\/\/ibecbarcelona.eu\/ca\/wp-json\/wp\/v2\/posts\/76965\/revisions\/77098"}],"wp:featuredmedia":[{"embeddable":true,"href":"https:\/\/ibecbarcelona.eu\/ca\/wp-json\/wp\/v2\/media\/76960"}],"wp:attachment":[{"href":"https:\/\/ibecbarcelona.eu\/ca\/wp-json\/wp\/v2\/media?parent=76965"}],"wp:term":[{"taxonomy":"category","embeddable":true,"href":"https:\/\/ibecbarcelona.eu\/ca\/wp-json\/wp\/v2\/categories?post=76965"},{"taxonomy":"post_tag","embeddable":true,"href":"https:\/\/ibecbarcelona.eu\/ca\/wp-json\/wp\/v2\/tags?post=76965"},{"taxonomy":"post_format","embeddable":true,"href":"https:\/\/ibecbarcelona.eu\/ca\/wp-json\/wp\/v2\/post_formats?post=76965"}],"curies":[{"name":"wp","href":"https:\/\/api.w.org\/{rel}","templated":true}]}}