
{"id":7737,"date":"2013-10-07T12:52:48","date_gmt":"2013-10-07T12:52:48","guid":{"rendered":"http:\/\/ibecbarcelona.eu\/new\/el-futur-de-leducacio-no-es-troba-a-les-aules-actuals\/"},"modified":"2015-04-16T08:34:39","modified_gmt":"2015-04-16T08:34:39","slug":"el-futur-de-leducacio-no-es-troba-a-les-aules-actuals","status":"publish","type":"post","link":"https:\/\/ibecbarcelona.eu\/ca\/el-futur-de-leducacio-no-es-troba-a-les-aules-actuals\/","title":{"rendered":"El futur de l&#8217;educaci\u00f3 no es troba a les aules actuals"},"content":{"rendered":"<p>A l&#8217;article, parla sobre la Universitat Oberta de Catalunya (UOC), de la que actualment \u00e9s Rector, i analitza les creixents tend\u00e8ncies sobre l&#8217;educaci\u00f3 virtual online. <\/p>\n<p>\u00a0<\/p>\n","protected":false},"excerpt":{"rendered":"<h3><a href=\"https:\/\/ibecbarcelona.eu\/wp-content\/uploads\/2013\/10\/2013_10_07planell_el_futuro_de_la_educacion_no_esta_en_las_aulas_actuales.pdf\" target=\"_blank\"><img decoding=\"async\" class=\"left size-full wp-image-7733 lazyload\" data-src=\"https:\/\/ibecbarcelona.eu\/wp-content\/uploads\/2013\/10\/planelllavanguardia.jpg\" border=\"0\" width=\"400\" height=\"823\" src=\"data:image\/svg+xml;base64,PHN2ZyB3aWR0aD0iMSIgaGVpZ2h0PSIxIiB4bWxucz0iaHR0cDovL3d3dy53My5vcmcvMjAwMC9zdmciPjwvc3ZnPg==\" style=\"--smush-placeholder-width: 400px; --smush-placeholder-aspect-ratio: 400\/823;\" \/><\/a>Josep A. Planell, el director fundador de l&#8217;IBEC, va apar\u00e8ixer ahir a la secci\u00f3 de &#8220;Tendencias&#8221; de\u00a0<em>La Vanguardia<\/em> entrevistat per Maite Guti\u00e9rrez.<\/h3>\n","protected":false},"author":4,"featured_media":7735,"comment_status":"closed","ping_status":"closed","sticky":false,"template":"","format":"standard","meta":{"footnotes":""},"categories":[99],"tags":[],"post_formats":[],"class_list":["post-7737","post","type-post","status-publish","format-standard","has-post-thumbnail","hentry","category-ibec-als-mitjans"],"yoast_head":"<!-- This site is optimized with the Yoast SEO plugin v27.4 - https:\/\/yoast.com\/product\/yoast-seo-wordpress\/ -->\n<title>El futur de l&#039;educaci\u00f3 no es troba a les aules actuals - Institute for Bioengineering of Catalonia<\/title>\n<meta name=\"robots\" content=\"index, follow, max-snippet:-1, max-image-preview:large, max-video-preview:-1\" \/>\n<link rel=\"canonical\" href=\"https:\/\/ibecbarcelona.eu\/ca\/el-futur-de-leducacio-no-es-troba-a-les-aules-actuals\/\" \/>\n<meta property=\"og:locale\" content=\"ca_ES\" \/>\n<meta property=\"og:type\" content=\"article\" \/>\n<meta property=\"og:title\" content=\"El futur de l&#039;educaci\u00f3 no es troba a les aules actuals - Institute for Bioengineering of Catalonia\" \/>\n<meta property=\"og:description\" content=\"Josep A. Planell, el director fundador de l&#039;IBEC, va apar\u00e8ixer ahir a la secci\u00f3 de &quot;Tendencias&quot; de\u00a0La Vanguardia entrevistat per Maite Guti\u00e9rrez.\" \/>\n<meta property=\"og:url\" content=\"https:\/\/ibecbarcelona.eu\/ca\/el-futur-de-leducacio-no-es-troba-a-les-aules-actuals\/\" \/>\n<meta property=\"og:site_name\" content=\"Institute for Bioengineering of Catalonia\" \/>\n<meta property=\"article:published_time\" content=\"2013-10-07T12:52:48+00:00\" \/>\n<meta property=\"article:modified_time\" content=\"2015-04-16T08:34:39+00:00\" \/>\n<meta property=\"og:image\" content=\"https:\/\/ibecbarcelona.eu\/wp-content\/uploads\/2013\/10\/planelllavanguardia.jpg\" \/>\n\t<meta property=\"og:image:width\" content=\"400\" \/>\n\t<meta property=\"og:image:height\" content=\"823\" \/>\n\t<meta property=\"og:image:type\" content=\"image\/jpeg\" \/>\n<meta name=\"author\" content=\"\u00c0ngels L\u00f3pez\" \/>\n<meta name=\"twitter:card\" content=\"summary_large_image\" \/>\n<meta name=\"twitter:label1\" content=\"Escrit per\" \/>\n\t<meta name=\"twitter:data1\" content=\"\u00c0ngels L\u00f3pez\" \/>\n<script type=\"application\/ld+json\" class=\"yoast-schema-graph\">{\"@context\":\"https:\\\/\\\/schema.org\",\"@graph\":[{\"@type\":\"Article\",\"@id\":\"https:\\\/\\\/ibecbarcelona.eu\\\/ca\\\/el-futur-de-leducacio-no-es-troba-a-les-aules-actuals\\\/#article\",\"isPartOf\":{\"@id\":\"https:\\\/\\\/ibecbarcelona.eu\\\/ca\\\/el-futur-de-leducacio-no-es-troba-a-les-aules-actuals\\\/\"},\"author\":{\"name\":\"\u00c0ngels L\u00f3pez\",\"@id\":\"https:\\\/\\\/ibecbarcelona.eu\\\/#\\\/schema\\\/person\\\/c212c6b589546130be67986b9290e2b8\"},\"headline\":\"El futur de l&#8217;educaci\u00f3 no es troba a les aules actuals\",\"datePublished\":\"2013-10-07T12:52:48+00:00\",\"dateModified\":\"2015-04-16T08:34:39+00:00\",\"mainEntityOfPage\":{\"@id\":\"https:\\\/\\\/ibecbarcelona.eu\\\/ca\\\/el-futur-de-leducacio-no-es-troba-a-les-aules-actuals\\\/\"},\"wordCount\":37,\"publisher\":{\"@id\":\"https:\\\/\\\/ibecbarcelona.eu\\\/#organization\"},\"image\":{\"@id\":\"https:\\\/\\\/ibecbarcelona.eu\\\/ca\\\/el-futur-de-leducacio-no-es-troba-a-les-aules-actuals\\\/#primaryimage\"},\"thumbnailUrl\":\"https:\\\/\\\/ibecbarcelona.eu\\\/wp-content\\\/uploads\\\/2013\\\/10\\\/planelllavanguardia.jpg\",\"articleSection\":[\"IBEC als mitjans\"],\"inLanguage\":\"ca\"},{\"@type\":\"WebPage\",\"@id\":\"https:\\\/\\\/ibecbarcelona.eu\\\/ca\\\/el-futur-de-leducacio-no-es-troba-a-les-aules-actuals\\\/\",\"url\":\"https:\\\/\\\/ibecbarcelona.eu\\\/ca\\\/el-futur-de-leducacio-no-es-troba-a-les-aules-actuals\\\/\",\"name\":\"El futur de l'educaci\u00f3 no es troba a les aules actuals - Institute for Bioengineering of Catalonia\",\"isPartOf\":{\"@id\":\"https:\\\/\\\/ibecbarcelona.eu\\\/#website\"},\"primaryImageOfPage\":{\"@id\":\"https:\\\/\\\/ibecbarcelona.eu\\\/ca\\\/el-futur-de-leducacio-no-es-troba-a-les-aules-actuals\\\/#primaryimage\"},\"image\":{\"@id\":\"https:\\\/\\\/ibecbarcelona.eu\\\/ca\\\/el-futur-de-leducacio-no-es-troba-a-les-aules-actuals\\\/#primaryimage\"},\"thumbnailUrl\":\"https:\\\/\\\/ibecbarcelona.eu\\\/wp-content\\\/uploads\\\/2013\\\/10\\\/planelllavanguardia.jpg\",\"datePublished\":\"2013-10-07T12:52:48+00:00\",\"dateModified\":\"2015-04-16T08:34:39+00:00\",\"breadcrumb\":{\"@id\":\"https:\\\/\\\/ibecbarcelona.eu\\\/ca\\\/el-futur-de-leducacio-no-es-troba-a-les-aules-actuals\\\/#breadcrumb\"},\"inLanguage\":\"ca\",\"potentialAction\":[{\"@type\":\"ReadAction\",\"target\":[\"https:\\\/\\\/ibecbarcelona.eu\\\/ca\\\/el-futur-de-leducacio-no-es-troba-a-les-aules-actuals\\\/\"]}]},{\"@type\":\"ImageObject\",\"inLanguage\":\"ca\",\"@id\":\"https:\\\/\\\/ibecbarcelona.eu\\\/ca\\\/el-futur-de-leducacio-no-es-troba-a-les-aules-actuals\\\/#primaryimage\",\"url\":\"https:\\\/\\\/ibecbarcelona.eu\\\/wp-content\\\/uploads\\\/2013\\\/10\\\/planelllavanguardia.jpg\",\"contentUrl\":\"https:\\\/\\\/ibecbarcelona.eu\\\/wp-content\\\/uploads\\\/2013\\\/10\\\/planelllavanguardia.jpg\",\"width\":400,\"height\":823},{\"@type\":\"BreadcrumbList\",\"@id\":\"https:\\\/\\\/ibecbarcelona.eu\\\/ca\\\/el-futur-de-leducacio-no-es-troba-a-les-aules-actuals\\\/#breadcrumb\",\"itemListElement\":[{\"@type\":\"ListItem\",\"position\":1,\"name\":\"Home\",\"item\":\"https:\\\/\\\/ibecbarcelona.eu\\\/ca\\\/\"},{\"@type\":\"ListItem\",\"position\":2,\"name\":\"El futur de l&#8217;educaci\u00f3 no es troba a les aules actuals\"}]},{\"@type\":\"WebSite\",\"@id\":\"https:\\\/\\\/ibecbarcelona.eu\\\/#website\",\"url\":\"https:\\\/\\\/ibecbarcelona.eu\\\/\",\"name\":\"Institute for Bioengineering of Catalonia\",\"description\":\"Bioengineering Solutions for Health\",\"publisher\":{\"@id\":\"https:\\\/\\\/ibecbarcelona.eu\\\/#organization\"},\"potentialAction\":[{\"@type\":\"SearchAction\",\"target\":{\"@type\":\"EntryPoint\",\"urlTemplate\":\"https:\\\/\\\/ibecbarcelona.eu\\\/?s={search_term_string}\"},\"query-input\":{\"@type\":\"PropertyValueSpecification\",\"valueRequired\":true,\"valueName\":\"search_term_string\"}}],\"inLanguage\":\"ca\"},{\"@type\":\"Organization\",\"@id\":\"https:\\\/\\\/ibecbarcelona.eu\\\/#organization\",\"name\":\"Institute for Bioengineering of Catalonia\",\"url\":\"https:\\\/\\\/ibecbarcelona.eu\\\/\",\"logo\":{\"@type\":\"ImageObject\",\"inLanguage\":\"ca\",\"@id\":\"https:\\\/\\\/ibecbarcelona.eu\\\/#\\\/schema\\\/logo\\\/image\\\/\",\"url\":\"https:\\\/\\\/ibecbarcelona.eu\\\/wp-content\\\/uploads\\\/2026\\\/01\\\/cropped-IBEC_20ANYS_GRIS.png\",\"contentUrl\":\"https:\\\/\\\/ibecbarcelona.eu\\\/wp-content\\\/uploads\\\/2026\\\/01\\\/cropped-IBEC_20ANYS_GRIS.png\",\"width\":696,\"height\":257,\"caption\":\"Institute for Bioengineering of Catalonia\"},\"image\":{\"@id\":\"https:\\\/\\\/ibecbarcelona.eu\\\/#\\\/schema\\\/logo\\\/image\\\/\"}},{\"@type\":\"Person\",\"@id\":\"https:\\\/\\\/ibecbarcelona.eu\\\/#\\\/schema\\\/person\\\/c212c6b589546130be67986b9290e2b8\",\"name\":\"\u00c0ngels L\u00f3pez\",\"image\":{\"@type\":\"ImageObject\",\"inLanguage\":\"ca\",\"@id\":\"https:\\\/\\\/secure.gravatar.com\\\/avatar\\\/09ad6ba116bea0b15c5511860f83b302579fd7404c1180e9dae55c3f11d988c6?s=96&d=mm&r=g\",\"url\":\"https:\\\/\\\/secure.gravatar.com\\\/avatar\\\/09ad6ba116bea0b15c5511860f83b302579fd7404c1180e9dae55c3f11d988c6?s=96&d=mm&r=g\",\"contentUrl\":\"https:\\\/\\\/secure.gravatar.com\\\/avatar\\\/09ad6ba116bea0b15c5511860f83b302579fd7404c1180e9dae55c3f11d988c6?s=96&d=mm&r=g\",\"caption\":\"\u00c0ngels L\u00f3pez\"},\"url\":\"https:\\\/\\\/ibecbarcelona.eu\\\/ca\\\/author\\\/alopez\\\/\"}]}<\/script>\n<!-- \/ Yoast SEO plugin. -->","yoast_head_json":{"title":"El futur de l'educaci\u00f3 no es troba a les aules actuals - Institute for Bioengineering of Catalonia","robots":{"index":"index","follow":"follow","max-snippet":"max-snippet:-1","max-image-preview":"max-image-preview:large","max-video-preview":"max-video-preview:-1"},"canonical":"https:\/\/ibecbarcelona.eu\/ca\/el-futur-de-leducacio-no-es-troba-a-les-aules-actuals\/","og_locale":"ca_ES","og_type":"article","og_title":"El futur de l'educaci\u00f3 no es troba a les aules actuals - Institute for Bioengineering of Catalonia","og_description":"Josep A. Planell, el director fundador de l'IBEC, va apar\u00e8ixer ahir a la secci\u00f3 de \"Tendencias\" de\u00a0La Vanguardia entrevistat per Maite Guti\u00e9rrez.","og_url":"https:\/\/ibecbarcelona.eu\/ca\/el-futur-de-leducacio-no-es-troba-a-les-aules-actuals\/","og_site_name":"Institute for Bioengineering of Catalonia","article_published_time":"2013-10-07T12:52:48+00:00","article_modified_time":"2015-04-16T08:34:39+00:00","og_image":[{"width":400,"height":823,"url":"https:\/\/ibecbarcelona.eu\/wp-content\/uploads\/2013\/10\/planelllavanguardia.jpg","type":"image\/jpeg"}],"author":"\u00c0ngels L\u00f3pez","twitter_card":"summary_large_image","twitter_misc":{"Escrit per":"\u00c0ngels L\u00f3pez"},"schema":{"@context":"https:\/\/schema.org","@graph":[{"@type":"Article","@id":"https:\/\/ibecbarcelona.eu\/ca\/el-futur-de-leducacio-no-es-troba-a-les-aules-actuals\/#article","isPartOf":{"@id":"https:\/\/ibecbarcelona.eu\/ca\/el-futur-de-leducacio-no-es-troba-a-les-aules-actuals\/"},"author":{"name":"\u00c0ngels L\u00f3pez","@id":"https:\/\/ibecbarcelona.eu\/#\/schema\/person\/c212c6b589546130be67986b9290e2b8"},"headline":"El futur de l&#8217;educaci\u00f3 no es troba a les aules actuals","datePublished":"2013-10-07T12:52:48+00:00","dateModified":"2015-04-16T08:34:39+00:00","mainEntityOfPage":{"@id":"https:\/\/ibecbarcelona.eu\/ca\/el-futur-de-leducacio-no-es-troba-a-les-aules-actuals\/"},"wordCount":37,"publisher":{"@id":"https:\/\/ibecbarcelona.eu\/#organization"},"image":{"@id":"https:\/\/ibecbarcelona.eu\/ca\/el-futur-de-leducacio-no-es-troba-a-les-aules-actuals\/#primaryimage"},"thumbnailUrl":"https:\/\/ibecbarcelona.eu\/wp-content\/uploads\/2013\/10\/planelllavanguardia.jpg","articleSection":["IBEC als mitjans"],"inLanguage":"ca"},{"@type":"WebPage","@id":"https:\/\/ibecbarcelona.eu\/ca\/el-futur-de-leducacio-no-es-troba-a-les-aules-actuals\/","url":"https:\/\/ibecbarcelona.eu\/ca\/el-futur-de-leducacio-no-es-troba-a-les-aules-actuals\/","name":"El futur de l'educaci\u00f3 no es troba a les aules actuals - Institute for Bioengineering of Catalonia","isPartOf":{"@id":"https:\/\/ibecbarcelona.eu\/#website"},"primaryImageOfPage":{"@id":"https:\/\/ibecbarcelona.eu\/ca\/el-futur-de-leducacio-no-es-troba-a-les-aules-actuals\/#primaryimage"},"image":{"@id":"https:\/\/ibecbarcelona.eu\/ca\/el-futur-de-leducacio-no-es-troba-a-les-aules-actuals\/#primaryimage"},"thumbnailUrl":"https:\/\/ibecbarcelona.eu\/wp-content\/uploads\/2013\/10\/planelllavanguardia.jpg","datePublished":"2013-10-07T12:52:48+00:00","dateModified":"2015-04-16T08:34:39+00:00","breadcrumb":{"@id":"https:\/\/ibecbarcelona.eu\/ca\/el-futur-de-leducacio-no-es-troba-a-les-aules-actuals\/#breadcrumb"},"inLanguage":"ca","potentialAction":[{"@type":"ReadAction","target":["https:\/\/ibecbarcelona.eu\/ca\/el-futur-de-leducacio-no-es-troba-a-les-aules-actuals\/"]}]},{"@type":"ImageObject","inLanguage":"ca","@id":"https:\/\/ibecbarcelona.eu\/ca\/el-futur-de-leducacio-no-es-troba-a-les-aules-actuals\/#primaryimage","url":"https:\/\/ibecbarcelona.eu\/wp-content\/uploads\/2013\/10\/planelllavanguardia.jpg","contentUrl":"https:\/\/ibecbarcelona.eu\/wp-content\/uploads\/2013\/10\/planelllavanguardia.jpg","width":400,"height":823},{"@type":"BreadcrumbList","@id":"https:\/\/ibecbarcelona.eu\/ca\/el-futur-de-leducacio-no-es-troba-a-les-aules-actuals\/#breadcrumb","itemListElement":[{"@type":"ListItem","position":1,"name":"Home","item":"https:\/\/ibecbarcelona.eu\/ca\/"},{"@type":"ListItem","position":2,"name":"El futur de l&#8217;educaci\u00f3 no es troba a les aules actuals"}]},{"@type":"WebSite","@id":"https:\/\/ibecbarcelona.eu\/#website","url":"https:\/\/ibecbarcelona.eu\/","name":"Institute for Bioengineering of Catalonia","description":"Bioengineering Solutions for Health","publisher":{"@id":"https:\/\/ibecbarcelona.eu\/#organization"},"potentialAction":[{"@type":"SearchAction","target":{"@type":"EntryPoint","urlTemplate":"https:\/\/ibecbarcelona.eu\/?s={search_term_string}"},"query-input":{"@type":"PropertyValueSpecification","valueRequired":true,"valueName":"search_term_string"}}],"inLanguage":"ca"},{"@type":"Organization","@id":"https:\/\/ibecbarcelona.eu\/#organization","name":"Institute for Bioengineering of Catalonia","url":"https:\/\/ibecbarcelona.eu\/","logo":{"@type":"ImageObject","inLanguage":"ca","@id":"https:\/\/ibecbarcelona.eu\/#\/schema\/logo\/image\/","url":"https:\/\/ibecbarcelona.eu\/wp-content\/uploads\/2026\/01\/cropped-IBEC_20ANYS_GRIS.png","contentUrl":"https:\/\/ibecbarcelona.eu\/wp-content\/uploads\/2026\/01\/cropped-IBEC_20ANYS_GRIS.png","width":696,"height":257,"caption":"Institute for Bioengineering of Catalonia"},"image":{"@id":"https:\/\/ibecbarcelona.eu\/#\/schema\/logo\/image\/"}},{"@type":"Person","@id":"https:\/\/ibecbarcelona.eu\/#\/schema\/person\/c212c6b589546130be67986b9290e2b8","name":"\u00c0ngels L\u00f3pez","image":{"@type":"ImageObject","inLanguage":"ca","@id":"https:\/\/secure.gravatar.com\/avatar\/09ad6ba116bea0b15c5511860f83b302579fd7404c1180e9dae55c3f11d988c6?s=96&d=mm&r=g","url":"https:\/\/secure.gravatar.com\/avatar\/09ad6ba116bea0b15c5511860f83b302579fd7404c1180e9dae55c3f11d988c6?s=96&d=mm&r=g","contentUrl":"https:\/\/secure.gravatar.com\/avatar\/09ad6ba116bea0b15c5511860f83b302579fd7404c1180e9dae55c3f11d988c6?s=96&d=mm&r=g","caption":"\u00c0ngels L\u00f3pez"},"url":"https:\/\/ibecbarcelona.eu\/ca\/author\/alopez\/"}]}},"AFP_featured_media_urls":{"full":["https:\/\/ibecbarcelona.eu\/wp-content\/uploads\/2013\/10\/planelllavanguardia.jpg",400,823,false],"thumbnail":["https:\/\/ibecbarcelona.eu\/wp-content\/uploads\/2013\/10\/planelllavanguardia-150x150.jpg",150,150,true],"medium":["https:\/\/ibecbarcelona.eu\/wp-content\/uploads\/2013\/10\/planelllavanguardia-145x300.jpg",145,300,true],"medium_large":["https:\/\/ibecbarcelona.eu\/wp-content\/uploads\/2013\/10\/planelllavanguardia.jpg",400,823,false],"large":["https:\/\/ibecbarcelona.eu\/wp-content\/uploads\/2013\/10\/planelllavanguardia.jpg",400,823,false]},"AFP_attachments":{"full":["https:\/\/ibecbarcelona.eu\/wp-content\/uploads\/2013\/10\/planelllavanguardia.jpg",400,823,false],"thumbnail":["https:\/\/ibecbarcelona.eu\/wp-content\/uploads\/2013\/10\/planelllavanguardia-150x150.jpg",150,150,true],"medium":["https:\/\/ibecbarcelona.eu\/wp-content\/uploads\/2013\/10\/planelllavanguardia-145x300.jpg",145,300,true],"medium_large":["https:\/\/ibecbarcelona.eu\/wp-content\/uploads\/2013\/10\/planelllavanguardia.jpg",400,823,false],"large":["https:\/\/ibecbarcelona.eu\/wp-content\/uploads\/2013\/10\/planelllavanguardia.jpg",400,823,false]},"AFP_videos":[],"AFP_video_blocks":"","AFP_category_names":["IBEC als mitjans"],"_links":{"self":[{"href":"https:\/\/ibecbarcelona.eu\/ca\/wp-json\/wp\/v2\/posts\/7737","targetHints":{"allow":["GET"]}}],"collection":[{"href":"https:\/\/ibecbarcelona.eu\/ca\/wp-json\/wp\/v2\/posts"}],"about":[{"href":"https:\/\/ibecbarcelona.eu\/ca\/wp-json\/wp\/v2\/types\/post"}],"author":[{"embeddable":true,"href":"https:\/\/ibecbarcelona.eu\/ca\/wp-json\/wp\/v2\/users\/4"}],"replies":[{"embeddable":true,"href":"https:\/\/ibecbarcelona.eu\/ca\/wp-json\/wp\/v2\/comments?post=7737"}],"version-history":[{"count":0,"href":"https:\/\/ibecbarcelona.eu\/ca\/wp-json\/wp\/v2\/posts\/7737\/revisions"}],"wp:featuredmedia":[{"embeddable":true,"href":"https:\/\/ibecbarcelona.eu\/ca\/wp-json\/wp\/v2\/media\/7735"}],"wp:attachment":[{"href":"https:\/\/ibecbarcelona.eu\/ca\/wp-json\/wp\/v2\/media?parent=7737"}],"wp:term":[{"taxonomy":"category","embeddable":true,"href":"https:\/\/ibecbarcelona.eu\/ca\/wp-json\/wp\/v2\/categories?post=7737"},{"taxonomy":"post_tag","embeddable":true,"href":"https:\/\/ibecbarcelona.eu\/ca\/wp-json\/wp\/v2\/tags?post=7737"},{"taxonomy":"post_format","embeddable":true,"href":"https:\/\/ibecbarcelona.eu\/ca\/wp-json\/wp\/v2\/post_formats?post=7737"}],"curies":[{"name":"wp","href":"https:\/\/api.w.org\/{rel}","templated":true}]}}