
{"id":7743,"date":"2013-10-08T14:34:22","date_gmt":"2013-10-08T14:34:22","guid":{"rendered":"http:\/\/ibecbarcelona.eu\/new\/experts-mundials-es-reuneixen-en-el-workshop-de-nanomedicina\/"},"modified":"2015-01-07T15:27:01","modified_gmt":"2015-01-07T15:27:01","slug":"experts-mundials-es-reuneixen-en-el-workshop-de-nanomedicina","status":"publish","type":"post","link":"https:\/\/ibecbarcelona.eu\/ca\/experts-mundials-es-reuneixen-en-el-workshop-de-nanomedicina\/","title":{"rendered":"Experts mundials es reuneixen en el workshop de Nanomedicina"},"content":{"rendered":"<p>Josep Samitier, el director de l\u2019IBEC, va defensar la seva presentaci\u00f3 sota el t\u00edtol \u201cLa Nanomedicina a Catalunya; Present i Futur\u201d amb el prop\u00f2sit de promoure el di\u00e0leg i la transfer\u00e8ncia de coneixement entre els cient\u00edfics clau en el camp de la nanotecnologia sobre la manera com s\u2019han d\u2019abordar els problemes actuals i els desafiaments futurs. Catalunya amb un nombre creixent d\u2019empreses biotecnol\u00f2giques, qu\u00edmiques i parafarmac\u00e8utiques que prioritzen la recerca i les aplicacions en nanotecnolog\u00eda \u00e9s la regi\u00f3 espanyola pionera en nanomedicina. <\/p>\n<p>Entre els altres ponents del workshop es trobava el Kosta Kostaleros de la UCL qui va defensar \u201cMirant i escoltant la llum de les nanoestructures del liposoma per a la teran\u00f2stica del c\u00e0ncer&#8221;, i la Marina Dobrovlsckaia del New York\u2019s Nanotechnology Characterization Laboratory (NCL) al National Cancer Institute (NCI), que \u00e9s una experta en nanopart\u00edcules i immunotoxicitat.<\/p>\n<p>La jornada tamb\u00e9 va servir com a plataforma per als grups de recerca b\u00e0sica ja que els va permetre connectar amb les persones involucrades en la recerca aplicada, aix\u00ed com amb les empreses biotecnol\u00f2giques interessades en les noves patents que ofereixen la capacitat de desenvolupar aplicacions.<\/p>\n","protected":false},"excerpt":{"rendered":"<p><img decoding=\"async\" class=\"left size-full wp-image-7739 lazyload\" data-src=\"https:\/\/ibecbarcelona.eu\/wp-content\/uploads\/2013\/10\/josepnanomeduabcei.jpg\" border=\"0\" width=\"300\" data-srcset=\"https:\/\/ibecbarcelona.eu\/wp-content\/uploads\/2013\/10\/josepnanomeduabcei.jpg 700w, https:\/\/ibecbarcelona.eu\/wp-content\/uploads\/2013\/10\/josepnanomeduabcei-271x300.jpg 271w, https:\/\/ibecbarcelona.eu\/wp-content\/uploads\/2013\/10\/josepnanomeduabcei-135x150.jpg 135w\" data-sizes=\"(max-width: 700px) 100vw, 700px\" src=\"data:image\/svg+xml;base64,PHN2ZyB3aWR0aD0iMSIgaGVpZ2h0PSIxIiB4bWxucz0iaHR0cDovL3d3dy53My5vcmcvMjAwMC9zdmciPjwvc3ZnPg==\" style=\"--smush-placeholder-width: 700px; --smush-placeholder-aspect-ratio: 700\/773;\" \/>Avui, experts  en nanomedicina de tot el m\u00f3n s\u2019han reunit en el segon workshop de nanomedicina, organitzat pel Campus d\u2019Excel\u2022l\u00e8ncia Internacional de la UAB, per discutir sobre les \u00faltimes tecnologies desenvolupades en aquest \u00e0mbit.<\/p>\n","protected":false},"author":4,"featured_media":7739,"comment_status":"closed","ping_status":"closed","sticky":false,"template":"","format":"standard","meta":{"footnotes":""},"categories":[98],"tags":[],"post_formats":[],"class_list":["post-7743","post","type-post","status-publish","format-standard","has-post-thumbnail","hentry","category-noticies-institucionals"],"yoast_head":"<!-- This site is optimized with the Yoast SEO plugin v27.4 - https:\/\/yoast.com\/product\/yoast-seo-wordpress\/ -->\n<title>Experts mundials es reuneixen en el workshop de Nanomedicina - Institute for Bioengineering of Catalonia<\/title>\n<meta name=\"robots\" content=\"index, follow, max-snippet:-1, max-image-preview:large, max-video-preview:-1\" \/>\n<link rel=\"canonical\" href=\"https:\/\/ibecbarcelona.eu\/ca\/experts-mundials-es-reuneixen-en-el-workshop-de-nanomedicina\/\" \/>\n<meta property=\"og:locale\" content=\"ca_ES\" \/>\n<meta property=\"og:type\" content=\"article\" \/>\n<meta property=\"og:title\" content=\"Experts mundials es reuneixen en el workshop de Nanomedicina - Institute for Bioengineering of Catalonia\" \/>\n<meta property=\"og:description\" content=\"Avui, experts en nanomedicina de tot el m\u00f3n s\u2019han reunit en el segon workshop de nanomedicina, organitzat pel Campus d\u2019Excel\u2022l\u00e8ncia Internacional de la UAB, per discutir sobre les \u00faltimes tecnologies desenvolupades en aquest \u00e0mbit.\" \/>\n<meta property=\"og:url\" content=\"https:\/\/ibecbarcelona.eu\/ca\/experts-mundials-es-reuneixen-en-el-workshop-de-nanomedicina\/\" \/>\n<meta property=\"og:site_name\" content=\"Institute for Bioengineering of Catalonia\" \/>\n<meta property=\"article:published_time\" content=\"2013-10-08T14:34:22+00:00\" \/>\n<meta property=\"article:modified_time\" content=\"2015-01-07T15:27:01+00:00\" \/>\n<meta property=\"og:image\" content=\"https:\/\/ibecbarcelona.eu\/wp-content\/uploads\/2013\/10\/josepnanomeduabcei.jpg\" \/>\n\t<meta property=\"og:image:width\" content=\"700\" \/>\n\t<meta property=\"og:image:height\" content=\"773\" \/>\n\t<meta property=\"og:image:type\" content=\"image\/jpeg\" \/>\n<meta name=\"author\" content=\"\u00c0ngels L\u00f3pez\" \/>\n<meta name=\"twitter:card\" content=\"summary_large_image\" \/>\n<meta name=\"twitter:label1\" content=\"Escrit per\" \/>\n\t<meta name=\"twitter:data1\" content=\"\u00c0ngels L\u00f3pez\" \/>\n\t<meta name=\"twitter:label2\" content=\"Temps estimat de lectura\" \/>\n\t<meta name=\"twitter:data2\" content=\"1 minut\" \/>\n<script type=\"application\/ld+json\" class=\"yoast-schema-graph\">{\"@context\":\"https:\\\/\\\/schema.org\",\"@graph\":[{\"@type\":\"Article\",\"@id\":\"https:\\\/\\\/ibecbarcelona.eu\\\/ca\\\/experts-mundials-es-reuneixen-en-el-workshop-de-nanomedicina\\\/#article\",\"isPartOf\":{\"@id\":\"https:\\\/\\\/ibecbarcelona.eu\\\/ca\\\/experts-mundials-es-reuneixen-en-el-workshop-de-nanomedicina\\\/\"},\"author\":{\"name\":\"\u00c0ngels L\u00f3pez\",\"@id\":\"https:\\\/\\\/ibecbarcelona.eu\\\/#\\\/schema\\\/person\\\/c212c6b589546130be67986b9290e2b8\"},\"headline\":\"Experts mundials es reuneixen en el workshop de Nanomedicina\",\"datePublished\":\"2013-10-08T14:34:22+00:00\",\"dateModified\":\"2015-01-07T15:27:01+00:00\",\"mainEntityOfPage\":{\"@id\":\"https:\\\/\\\/ibecbarcelona.eu\\\/ca\\\/experts-mundials-es-reuneixen-en-el-workshop-de-nanomedicina\\\/\"},\"wordCount\":213,\"publisher\":{\"@id\":\"https:\\\/\\\/ibecbarcelona.eu\\\/#organization\"},\"image\":{\"@id\":\"https:\\\/\\\/ibecbarcelona.eu\\\/ca\\\/experts-mundials-es-reuneixen-en-el-workshop-de-nanomedicina\\\/#primaryimage\"},\"thumbnailUrl\":\"https:\\\/\\\/ibecbarcelona.eu\\\/wp-content\\\/uploads\\\/2013\\\/10\\\/josepnanomeduabcei.jpg\",\"articleSection\":[\"Not\u00edcies institucionals\"],\"inLanguage\":\"ca\"},{\"@type\":\"WebPage\",\"@id\":\"https:\\\/\\\/ibecbarcelona.eu\\\/ca\\\/experts-mundials-es-reuneixen-en-el-workshop-de-nanomedicina\\\/\",\"url\":\"https:\\\/\\\/ibecbarcelona.eu\\\/ca\\\/experts-mundials-es-reuneixen-en-el-workshop-de-nanomedicina\\\/\",\"name\":\"Experts mundials es reuneixen en el workshop de Nanomedicina - Institute for Bioengineering of Catalonia\",\"isPartOf\":{\"@id\":\"https:\\\/\\\/ibecbarcelona.eu\\\/#website\"},\"primaryImageOfPage\":{\"@id\":\"https:\\\/\\\/ibecbarcelona.eu\\\/ca\\\/experts-mundials-es-reuneixen-en-el-workshop-de-nanomedicina\\\/#primaryimage\"},\"image\":{\"@id\":\"https:\\\/\\\/ibecbarcelona.eu\\\/ca\\\/experts-mundials-es-reuneixen-en-el-workshop-de-nanomedicina\\\/#primaryimage\"},\"thumbnailUrl\":\"https:\\\/\\\/ibecbarcelona.eu\\\/wp-content\\\/uploads\\\/2013\\\/10\\\/josepnanomeduabcei.jpg\",\"datePublished\":\"2013-10-08T14:34:22+00:00\",\"dateModified\":\"2015-01-07T15:27:01+00:00\",\"breadcrumb\":{\"@id\":\"https:\\\/\\\/ibecbarcelona.eu\\\/ca\\\/experts-mundials-es-reuneixen-en-el-workshop-de-nanomedicina\\\/#breadcrumb\"},\"inLanguage\":\"ca\",\"potentialAction\":[{\"@type\":\"ReadAction\",\"target\":[\"https:\\\/\\\/ibecbarcelona.eu\\\/ca\\\/experts-mundials-es-reuneixen-en-el-workshop-de-nanomedicina\\\/\"]}]},{\"@type\":\"ImageObject\",\"inLanguage\":\"ca\",\"@id\":\"https:\\\/\\\/ibecbarcelona.eu\\\/ca\\\/experts-mundials-es-reuneixen-en-el-workshop-de-nanomedicina\\\/#primaryimage\",\"url\":\"https:\\\/\\\/ibecbarcelona.eu\\\/wp-content\\\/uploads\\\/2013\\\/10\\\/josepnanomeduabcei.jpg\",\"contentUrl\":\"https:\\\/\\\/ibecbarcelona.eu\\\/wp-content\\\/uploads\\\/2013\\\/10\\\/josepnanomeduabcei.jpg\",\"width\":700,\"height\":773},{\"@type\":\"BreadcrumbList\",\"@id\":\"https:\\\/\\\/ibecbarcelona.eu\\\/ca\\\/experts-mundials-es-reuneixen-en-el-workshop-de-nanomedicina\\\/#breadcrumb\",\"itemListElement\":[{\"@type\":\"ListItem\",\"position\":1,\"name\":\"Home\",\"item\":\"https:\\\/\\\/ibecbarcelona.eu\\\/ca\\\/\"},{\"@type\":\"ListItem\",\"position\":2,\"name\":\"Experts mundials es reuneixen en el workshop de Nanomedicina\"}]},{\"@type\":\"WebSite\",\"@id\":\"https:\\\/\\\/ibecbarcelona.eu\\\/#website\",\"url\":\"https:\\\/\\\/ibecbarcelona.eu\\\/\",\"name\":\"Institute for Bioengineering of Catalonia\",\"description\":\"Bioengineering Solutions for Health\",\"publisher\":{\"@id\":\"https:\\\/\\\/ibecbarcelona.eu\\\/#organization\"},\"potentialAction\":[{\"@type\":\"SearchAction\",\"target\":{\"@type\":\"EntryPoint\",\"urlTemplate\":\"https:\\\/\\\/ibecbarcelona.eu\\\/?s={search_term_string}\"},\"query-input\":{\"@type\":\"PropertyValueSpecification\",\"valueRequired\":true,\"valueName\":\"search_term_string\"}}],\"inLanguage\":\"ca\"},{\"@type\":\"Organization\",\"@id\":\"https:\\\/\\\/ibecbarcelona.eu\\\/#organization\",\"name\":\"Institute for Bioengineering of Catalonia\",\"url\":\"https:\\\/\\\/ibecbarcelona.eu\\\/\",\"logo\":{\"@type\":\"ImageObject\",\"inLanguage\":\"ca\",\"@id\":\"https:\\\/\\\/ibecbarcelona.eu\\\/#\\\/schema\\\/logo\\\/image\\\/\",\"url\":\"https:\\\/\\\/ibecbarcelona.eu\\\/wp-content\\\/uploads\\\/2026\\\/01\\\/cropped-IBEC_20ANYS_GRIS.png\",\"contentUrl\":\"https:\\\/\\\/ibecbarcelona.eu\\\/wp-content\\\/uploads\\\/2026\\\/01\\\/cropped-IBEC_20ANYS_GRIS.png\",\"width\":696,\"height\":257,\"caption\":\"Institute for Bioengineering of Catalonia\"},\"image\":{\"@id\":\"https:\\\/\\\/ibecbarcelona.eu\\\/#\\\/schema\\\/logo\\\/image\\\/\"}},{\"@type\":\"Person\",\"@id\":\"https:\\\/\\\/ibecbarcelona.eu\\\/#\\\/schema\\\/person\\\/c212c6b589546130be67986b9290e2b8\",\"name\":\"\u00c0ngels L\u00f3pez\",\"image\":{\"@type\":\"ImageObject\",\"inLanguage\":\"ca\",\"@id\":\"https:\\\/\\\/secure.gravatar.com\\\/avatar\\\/09ad6ba116bea0b15c5511860f83b302579fd7404c1180e9dae55c3f11d988c6?s=96&d=mm&r=g\",\"url\":\"https:\\\/\\\/secure.gravatar.com\\\/avatar\\\/09ad6ba116bea0b15c5511860f83b302579fd7404c1180e9dae55c3f11d988c6?s=96&d=mm&r=g\",\"contentUrl\":\"https:\\\/\\\/secure.gravatar.com\\\/avatar\\\/09ad6ba116bea0b15c5511860f83b302579fd7404c1180e9dae55c3f11d988c6?s=96&d=mm&r=g\",\"caption\":\"\u00c0ngels L\u00f3pez\"},\"url\":\"https:\\\/\\\/ibecbarcelona.eu\\\/ca\\\/author\\\/alopez\\\/\"}]}<\/script>\n<!-- \/ Yoast SEO plugin. -->","yoast_head_json":{"title":"Experts mundials es reuneixen en el workshop de Nanomedicina - Institute for Bioengineering of Catalonia","robots":{"index":"index","follow":"follow","max-snippet":"max-snippet:-1","max-image-preview":"max-image-preview:large","max-video-preview":"max-video-preview:-1"},"canonical":"https:\/\/ibecbarcelona.eu\/ca\/experts-mundials-es-reuneixen-en-el-workshop-de-nanomedicina\/","og_locale":"ca_ES","og_type":"article","og_title":"Experts mundials es reuneixen en el workshop de Nanomedicina - Institute for Bioengineering of Catalonia","og_description":"Avui, experts en nanomedicina de tot el m\u00f3n s\u2019han reunit en el segon workshop de nanomedicina, organitzat pel Campus d\u2019Excel\u2022l\u00e8ncia Internacional de la UAB, per discutir sobre les \u00faltimes tecnologies desenvolupades en aquest \u00e0mbit.","og_url":"https:\/\/ibecbarcelona.eu\/ca\/experts-mundials-es-reuneixen-en-el-workshop-de-nanomedicina\/","og_site_name":"Institute for Bioengineering of Catalonia","article_published_time":"2013-10-08T14:34:22+00:00","article_modified_time":"2015-01-07T15:27:01+00:00","og_image":[{"width":700,"height":773,"url":"https:\/\/ibecbarcelona.eu\/wp-content\/uploads\/2013\/10\/josepnanomeduabcei.jpg","type":"image\/jpeg"}],"author":"\u00c0ngels L\u00f3pez","twitter_card":"summary_large_image","twitter_misc":{"Escrit per":"\u00c0ngels L\u00f3pez","Temps estimat de lectura":"1 minut"},"schema":{"@context":"https:\/\/schema.org","@graph":[{"@type":"Article","@id":"https:\/\/ibecbarcelona.eu\/ca\/experts-mundials-es-reuneixen-en-el-workshop-de-nanomedicina\/#article","isPartOf":{"@id":"https:\/\/ibecbarcelona.eu\/ca\/experts-mundials-es-reuneixen-en-el-workshop-de-nanomedicina\/"},"author":{"name":"\u00c0ngels L\u00f3pez","@id":"https:\/\/ibecbarcelona.eu\/#\/schema\/person\/c212c6b589546130be67986b9290e2b8"},"headline":"Experts mundials es reuneixen en el workshop de Nanomedicina","datePublished":"2013-10-08T14:34:22+00:00","dateModified":"2015-01-07T15:27:01+00:00","mainEntityOfPage":{"@id":"https:\/\/ibecbarcelona.eu\/ca\/experts-mundials-es-reuneixen-en-el-workshop-de-nanomedicina\/"},"wordCount":213,"publisher":{"@id":"https:\/\/ibecbarcelona.eu\/#organization"},"image":{"@id":"https:\/\/ibecbarcelona.eu\/ca\/experts-mundials-es-reuneixen-en-el-workshop-de-nanomedicina\/#primaryimage"},"thumbnailUrl":"https:\/\/ibecbarcelona.eu\/wp-content\/uploads\/2013\/10\/josepnanomeduabcei.jpg","articleSection":["Not\u00edcies institucionals"],"inLanguage":"ca"},{"@type":"WebPage","@id":"https:\/\/ibecbarcelona.eu\/ca\/experts-mundials-es-reuneixen-en-el-workshop-de-nanomedicina\/","url":"https:\/\/ibecbarcelona.eu\/ca\/experts-mundials-es-reuneixen-en-el-workshop-de-nanomedicina\/","name":"Experts mundials es reuneixen en el workshop de Nanomedicina - Institute for Bioengineering of Catalonia","isPartOf":{"@id":"https:\/\/ibecbarcelona.eu\/#website"},"primaryImageOfPage":{"@id":"https:\/\/ibecbarcelona.eu\/ca\/experts-mundials-es-reuneixen-en-el-workshop-de-nanomedicina\/#primaryimage"},"image":{"@id":"https:\/\/ibecbarcelona.eu\/ca\/experts-mundials-es-reuneixen-en-el-workshop-de-nanomedicina\/#primaryimage"},"thumbnailUrl":"https:\/\/ibecbarcelona.eu\/wp-content\/uploads\/2013\/10\/josepnanomeduabcei.jpg","datePublished":"2013-10-08T14:34:22+00:00","dateModified":"2015-01-07T15:27:01+00:00","breadcrumb":{"@id":"https:\/\/ibecbarcelona.eu\/ca\/experts-mundials-es-reuneixen-en-el-workshop-de-nanomedicina\/#breadcrumb"},"inLanguage":"ca","potentialAction":[{"@type":"ReadAction","target":["https:\/\/ibecbarcelona.eu\/ca\/experts-mundials-es-reuneixen-en-el-workshop-de-nanomedicina\/"]}]},{"@type":"ImageObject","inLanguage":"ca","@id":"https:\/\/ibecbarcelona.eu\/ca\/experts-mundials-es-reuneixen-en-el-workshop-de-nanomedicina\/#primaryimage","url":"https:\/\/ibecbarcelona.eu\/wp-content\/uploads\/2013\/10\/josepnanomeduabcei.jpg","contentUrl":"https:\/\/ibecbarcelona.eu\/wp-content\/uploads\/2013\/10\/josepnanomeduabcei.jpg","width":700,"height":773},{"@type":"BreadcrumbList","@id":"https:\/\/ibecbarcelona.eu\/ca\/experts-mundials-es-reuneixen-en-el-workshop-de-nanomedicina\/#breadcrumb","itemListElement":[{"@type":"ListItem","position":1,"name":"Home","item":"https:\/\/ibecbarcelona.eu\/ca\/"},{"@type":"ListItem","position":2,"name":"Experts mundials es reuneixen en el workshop de Nanomedicina"}]},{"@type":"WebSite","@id":"https:\/\/ibecbarcelona.eu\/#website","url":"https:\/\/ibecbarcelona.eu\/","name":"Institute for Bioengineering of Catalonia","description":"Bioengineering Solutions for Health","publisher":{"@id":"https:\/\/ibecbarcelona.eu\/#organization"},"potentialAction":[{"@type":"SearchAction","target":{"@type":"EntryPoint","urlTemplate":"https:\/\/ibecbarcelona.eu\/?s={search_term_string}"},"query-input":{"@type":"PropertyValueSpecification","valueRequired":true,"valueName":"search_term_string"}}],"inLanguage":"ca"},{"@type":"Organization","@id":"https:\/\/ibecbarcelona.eu\/#organization","name":"Institute for Bioengineering of Catalonia","url":"https:\/\/ibecbarcelona.eu\/","logo":{"@type":"ImageObject","inLanguage":"ca","@id":"https:\/\/ibecbarcelona.eu\/#\/schema\/logo\/image\/","url":"https:\/\/ibecbarcelona.eu\/wp-content\/uploads\/2026\/01\/cropped-IBEC_20ANYS_GRIS.png","contentUrl":"https:\/\/ibecbarcelona.eu\/wp-content\/uploads\/2026\/01\/cropped-IBEC_20ANYS_GRIS.png","width":696,"height":257,"caption":"Institute for Bioengineering of Catalonia"},"image":{"@id":"https:\/\/ibecbarcelona.eu\/#\/schema\/logo\/image\/"}},{"@type":"Person","@id":"https:\/\/ibecbarcelona.eu\/#\/schema\/person\/c212c6b589546130be67986b9290e2b8","name":"\u00c0ngels L\u00f3pez","image":{"@type":"ImageObject","inLanguage":"ca","@id":"https:\/\/secure.gravatar.com\/avatar\/09ad6ba116bea0b15c5511860f83b302579fd7404c1180e9dae55c3f11d988c6?s=96&d=mm&r=g","url":"https:\/\/secure.gravatar.com\/avatar\/09ad6ba116bea0b15c5511860f83b302579fd7404c1180e9dae55c3f11d988c6?s=96&d=mm&r=g","contentUrl":"https:\/\/secure.gravatar.com\/avatar\/09ad6ba116bea0b15c5511860f83b302579fd7404c1180e9dae55c3f11d988c6?s=96&d=mm&r=g","caption":"\u00c0ngels L\u00f3pez"},"url":"https:\/\/ibecbarcelona.eu\/ca\/author\/alopez\/"}]}},"AFP_featured_media_urls":{"full":["https:\/\/ibecbarcelona.eu\/wp-content\/uploads\/2013\/10\/josepnanomeduabcei.jpg",700,773,false],"thumbnail":["https:\/\/ibecbarcelona.eu\/wp-content\/uploads\/2013\/10\/josepnanomeduabcei-150x150.jpg",150,150,true],"medium":["https:\/\/ibecbarcelona.eu\/wp-content\/uploads\/2013\/10\/josepnanomeduabcei-271x300.jpg",271,300,true],"medium_large":["https:\/\/ibecbarcelona.eu\/wp-content\/uploads\/2013\/10\/josepnanomeduabcei.jpg",700,773,false],"large":["https:\/\/ibecbarcelona.eu\/wp-content\/uploads\/2013\/10\/josepnanomeduabcei.jpg",700,773,false]},"AFP_attachments":{"full":["https:\/\/ibecbarcelona.eu\/wp-content\/uploads\/2013\/10\/josepnanomeduabcei.jpg",700,773,false],"thumbnail":["https:\/\/ibecbarcelona.eu\/wp-content\/uploads\/2013\/10\/josepnanomeduabcei-150x150.jpg",150,150,true],"medium":["https:\/\/ibecbarcelona.eu\/wp-content\/uploads\/2013\/10\/josepnanomeduabcei-271x300.jpg",271,300,true],"medium_large":["https:\/\/ibecbarcelona.eu\/wp-content\/uploads\/2013\/10\/josepnanomeduabcei.jpg",700,773,false],"large":["https:\/\/ibecbarcelona.eu\/wp-content\/uploads\/2013\/10\/josepnanomeduabcei.jpg",700,773,false]},"AFP_videos":[],"AFP_video_blocks":"","AFP_category_names":["Not\u00edcies institucionals"],"_links":{"self":[{"href":"https:\/\/ibecbarcelona.eu\/ca\/wp-json\/wp\/v2\/posts\/7743","targetHints":{"allow":["GET"]}}],"collection":[{"href":"https:\/\/ibecbarcelona.eu\/ca\/wp-json\/wp\/v2\/posts"}],"about":[{"href":"https:\/\/ibecbarcelona.eu\/ca\/wp-json\/wp\/v2\/types\/post"}],"author":[{"embeddable":true,"href":"https:\/\/ibecbarcelona.eu\/ca\/wp-json\/wp\/v2\/users\/4"}],"replies":[{"embeddable":true,"href":"https:\/\/ibecbarcelona.eu\/ca\/wp-json\/wp\/v2\/comments?post=7743"}],"version-history":[{"count":0,"href":"https:\/\/ibecbarcelona.eu\/ca\/wp-json\/wp\/v2\/posts\/7743\/revisions"}],"wp:featuredmedia":[{"embeddable":true,"href":"https:\/\/ibecbarcelona.eu\/ca\/wp-json\/wp\/v2\/media\/7739"}],"wp:attachment":[{"href":"https:\/\/ibecbarcelona.eu\/ca\/wp-json\/wp\/v2\/media?parent=7743"}],"wp:term":[{"taxonomy":"category","embeddable":true,"href":"https:\/\/ibecbarcelona.eu\/ca\/wp-json\/wp\/v2\/categories?post=7743"},{"taxonomy":"post_tag","embeddable":true,"href":"https:\/\/ibecbarcelona.eu\/ca\/wp-json\/wp\/v2\/tags?post=7743"},{"taxonomy":"post_format","embeddable":true,"href":"https:\/\/ibecbarcelona.eu\/ca\/wp-json\/wp\/v2\/post_formats?post=7743"}],"curies":[{"name":"wp","href":"https:\/\/api.w.org\/{rel}","templated":true}]}}