
{"id":7749,"date":"2013-10-10T07:45:06","date_gmt":"2013-10-10T07:45:06","guid":{"rendered":"http:\/\/ibecbarcelona.eu\/new\/bdebate-analitza-que-pot-oferir-la-nanotecnologia-per-a-la-salut\/"},"modified":"2015-01-07T15:27:00","modified_gmt":"2015-01-07T15:27:00","slug":"bdebate-analitza-que-pot-oferir-la-nanotecnologia-per-a-la-salut","status":"publish","type":"post","link":"https:\/\/ibecbarcelona.eu\/ca\/bdebate-analitza-que-pot-oferir-la-nanotecnologia-per-a-la-salut\/","title":{"rendered":"\u201cB\u2022Debate\u201d analitza qu\u00e8 pot oferir la nanotecnologia per a la salut"},"content":{"rendered":"<p>Pau Gorostiza, investigador principal del IBEC, va fer una xerrada sobre el control de la neurotransmissi\u00f3 per llum durant el primer dia de l\u2019esdeveniment de tres dies de duraci\u00f3. En aquesta xerrada es discutia sobre els aspectes fonamentals del alliberament  de f\u00e0rmacs, dels diagn\u00f2stics, de les aplicacions innovadores aix\u00ed com dels riscs inherents de les nanotecnologies.<\/p>\n<p>Al debat tancat van assistir m\u00e9s de 80 experts en aquest camp entre els que s\u2019inclouen;  Ruth Duncan, Directora del Centre for Polymer Therapeutics de la Universitat de Cardiff (Regne Unit), Yoshinobu Baba, de la Universitat de Nagoya (Jap\u00f3), Marina Dobrovolskaia de la Universitat de Nova York (Estats Units) i George Georgiou professor de la Universitat de Texas (Estats Units).<\/p>\n<p>TEls B\u2022Dabete, iniciativa de Biocat i de la Fundaci\u00f3 La Caixa, s\u00f3n reunions cient\u00edfiques de primera que conviden  a experts de tot el m\u00f3n a seure junts amb cient\u00edfics de Barcelona i Catalunya. La idea que s\u2019amaga darrera d\u2019aix\u00f2 \u00e9s la de crear una atmosfera propicia per promoure v\u00edvides discussions, generar idees innovadores i arribar a conclusions importants. Altres esdeveniments dels B\u2022Debate han cobert temes tan amplis com l\u2019envelliment, les tecnologies innovadores per millorar el coneixement del genoma hum\u00e0, els recursos alimentaris, el canvi clim\u00e0tic o les noves fonts d\u2019energia.<\/p>\n<p>Per m\u00e9s informaci\u00f3 sobre \u201cNanotecnologies en la Salut; reptes actuals i perspectives de futur\u201d o sobre els B\u2022Dabate en general, visiteu <a href=\"http:\/\/www.bdebate.org\/en\/forum\/nanotechnologies-health-current-challenges-and-future-prospects\" target=\"_blank\">http:\/\/www.bdebate.org\/en\/forum\/nanotechnologies-health-current-challenges-and-future-prospects<\/a><\/p>\n","protected":false},"excerpt":{"rendered":"<p><img decoding=\"async\" class=\"left size-full wp-image-7745 lazyload\" data-src=\"https:\/\/ibecbarcelona.eu\/wp-content\/uploads\/2013\/10\/bdebate.jpg\" border=\"0\" width=\"400\" height=\"320\" data-srcset=\"https:\/\/ibecbarcelona.eu\/wp-content\/uploads\/2013\/10\/bdebate.jpg 400w, https:\/\/ibecbarcelona.eu\/wp-content\/uploads\/2013\/10\/bdebate-300x240.jpg 300w, https:\/\/ibecbarcelona.eu\/wp-content\/uploads\/2013\/10\/bdebate-187x150.jpg 187w, https:\/\/ibecbarcelona.eu\/wp-content\/uploads\/2013\/10\/bdebate-150x120.jpg 150w\" data-sizes=\"(max-width: 400px) 100vw, 400px\" src=\"data:image\/svg+xml;base64,PHN2ZyB3aWR0aD0iMSIgaGVpZ2h0PSIxIiB4bWxucz0iaHR0cDovL3d3dy53My5vcmcvMjAwMC9zdmciPjwvc3ZnPg==\" style=\"--smush-placeholder-width: 400px; --smush-placeholder-aspect-ratio: 400\/320;\" \/>Aquesta setmana  al CosmoCaixa s\u2019ofereix \u201cNanotecnologies en la Salut; reptes actuals i perspectives de futur\u201d un esdeveniment emmarcat en el projecte B\u2022Debate, organitzat per ICN i IBB en col\u2022laboraci\u00f3 amb l\u2019IBEC, UABCEI i Nanonica.<\/p>\n","protected":false},"author":4,"featured_media":7745,"comment_status":"closed","ping_status":"closed","sticky":false,"template":"","format":"standard","meta":{"footnotes":""},"categories":[98],"tags":[],"post_formats":[],"class_list":["post-7749","post","type-post","status-publish","format-standard","has-post-thumbnail","hentry","category-noticies-institucionals"],"yoast_head":"<!-- This site is optimized with the Yoast SEO plugin v27.4 - https:\/\/yoast.com\/product\/yoast-seo-wordpress\/ -->\n<title>\u201cB\u2022Debate\u201d analitza qu\u00e8 pot oferir la nanotecnologia per a la salut - Institute for Bioengineering of Catalonia<\/title>\n<meta name=\"robots\" content=\"index, follow, max-snippet:-1, max-image-preview:large, max-video-preview:-1\" \/>\n<link rel=\"canonical\" href=\"https:\/\/ibecbarcelona.eu\/ca\/bdebate-analitza-que-pot-oferir-la-nanotecnologia-per-a-la-salut\/\" \/>\n<meta property=\"og:locale\" content=\"ca_ES\" \/>\n<meta property=\"og:type\" content=\"article\" \/>\n<meta property=\"og:title\" content=\"\u201cB\u2022Debate\u201d analitza qu\u00e8 pot oferir la nanotecnologia per a la salut - Institute for Bioengineering of Catalonia\" \/>\n<meta property=\"og:description\" content=\"Aquesta setmana al CosmoCaixa s\u2019ofereix \u201cNanotecnologies en la Salut; reptes actuals i perspectives de futur\u201d un esdeveniment emmarcat en el projecte B\u2022Debate, organitzat per ICN i IBB en col\u2022laboraci\u00f3 amb l\u2019IBEC, UABCEI i Nanonica.\" \/>\n<meta property=\"og:url\" content=\"https:\/\/ibecbarcelona.eu\/ca\/bdebate-analitza-que-pot-oferir-la-nanotecnologia-per-a-la-salut\/\" \/>\n<meta property=\"og:site_name\" content=\"Institute for Bioengineering of Catalonia\" \/>\n<meta property=\"article:published_time\" content=\"2013-10-10T07:45:06+00:00\" \/>\n<meta property=\"article:modified_time\" content=\"2015-01-07T15:27:00+00:00\" \/>\n<meta property=\"og:image\" content=\"https:\/\/ibecbarcelona.eu\/wp-content\/uploads\/2013\/10\/bdebate.jpg\" \/>\n\t<meta property=\"og:image:width\" content=\"400\" \/>\n\t<meta property=\"og:image:height\" content=\"320\" \/>\n\t<meta property=\"og:image:type\" content=\"image\/jpeg\" \/>\n<meta name=\"author\" content=\"\u00c0ngels L\u00f3pez\" \/>\n<meta name=\"twitter:card\" content=\"summary_large_image\" \/>\n<meta name=\"twitter:label1\" content=\"Escrit per\" \/>\n\t<meta name=\"twitter:data1\" content=\"\u00c0ngels L\u00f3pez\" \/>\n\t<meta name=\"twitter:label2\" content=\"Temps estimat de lectura\" \/>\n\t<meta name=\"twitter:data2\" content=\"1 minut\" \/>\n<script type=\"application\/ld+json\" class=\"yoast-schema-graph\">{\"@context\":\"https:\\\/\\\/schema.org\",\"@graph\":[{\"@type\":\"Article\",\"@id\":\"https:\\\/\\\/ibecbarcelona.eu\\\/ca\\\/bdebate-analitza-que-pot-oferir-la-nanotecnologia-per-a-la-salut\\\/#article\",\"isPartOf\":{\"@id\":\"https:\\\/\\\/ibecbarcelona.eu\\\/ca\\\/bdebate-analitza-que-pot-oferir-la-nanotecnologia-per-a-la-salut\\\/\"},\"author\":{\"name\":\"\u00c0ngels L\u00f3pez\",\"@id\":\"https:\\\/\\\/ibecbarcelona.eu\\\/#\\\/schema\\\/person\\\/c212c6b589546130be67986b9290e2b8\"},\"headline\":\"\u201cB\u2022Debate\u201d analitza qu\u00e8 pot oferir la nanotecnologia per a la salut\",\"datePublished\":\"2013-10-10T07:45:06+00:00\",\"dateModified\":\"2015-01-07T15:27:00+00:00\",\"mainEntityOfPage\":{\"@id\":\"https:\\\/\\\/ibecbarcelona.eu\\\/ca\\\/bdebate-analitza-que-pot-oferir-la-nanotecnologia-per-a-la-salut\\\/\"},\"wordCount\":264,\"publisher\":{\"@id\":\"https:\\\/\\\/ibecbarcelona.eu\\\/#organization\"},\"image\":{\"@id\":\"https:\\\/\\\/ibecbarcelona.eu\\\/ca\\\/bdebate-analitza-que-pot-oferir-la-nanotecnologia-per-a-la-salut\\\/#primaryimage\"},\"thumbnailUrl\":\"https:\\\/\\\/ibecbarcelona.eu\\\/wp-content\\\/uploads\\\/2013\\\/10\\\/bdebate.jpg\",\"articleSection\":[\"Not\u00edcies institucionals\"],\"inLanguage\":\"ca\"},{\"@type\":\"WebPage\",\"@id\":\"https:\\\/\\\/ibecbarcelona.eu\\\/ca\\\/bdebate-analitza-que-pot-oferir-la-nanotecnologia-per-a-la-salut\\\/\",\"url\":\"https:\\\/\\\/ibecbarcelona.eu\\\/ca\\\/bdebate-analitza-que-pot-oferir-la-nanotecnologia-per-a-la-salut\\\/\",\"name\":\"\u201cB\u2022Debate\u201d analitza qu\u00e8 pot oferir la nanotecnologia per a la salut - Institute for Bioengineering of Catalonia\",\"isPartOf\":{\"@id\":\"https:\\\/\\\/ibecbarcelona.eu\\\/#website\"},\"primaryImageOfPage\":{\"@id\":\"https:\\\/\\\/ibecbarcelona.eu\\\/ca\\\/bdebate-analitza-que-pot-oferir-la-nanotecnologia-per-a-la-salut\\\/#primaryimage\"},\"image\":{\"@id\":\"https:\\\/\\\/ibecbarcelona.eu\\\/ca\\\/bdebate-analitza-que-pot-oferir-la-nanotecnologia-per-a-la-salut\\\/#primaryimage\"},\"thumbnailUrl\":\"https:\\\/\\\/ibecbarcelona.eu\\\/wp-content\\\/uploads\\\/2013\\\/10\\\/bdebate.jpg\",\"datePublished\":\"2013-10-10T07:45:06+00:00\",\"dateModified\":\"2015-01-07T15:27:00+00:00\",\"breadcrumb\":{\"@id\":\"https:\\\/\\\/ibecbarcelona.eu\\\/ca\\\/bdebate-analitza-que-pot-oferir-la-nanotecnologia-per-a-la-salut\\\/#breadcrumb\"},\"inLanguage\":\"ca\",\"potentialAction\":[{\"@type\":\"ReadAction\",\"target\":[\"https:\\\/\\\/ibecbarcelona.eu\\\/ca\\\/bdebate-analitza-que-pot-oferir-la-nanotecnologia-per-a-la-salut\\\/\"]}]},{\"@type\":\"ImageObject\",\"inLanguage\":\"ca\",\"@id\":\"https:\\\/\\\/ibecbarcelona.eu\\\/ca\\\/bdebate-analitza-que-pot-oferir-la-nanotecnologia-per-a-la-salut\\\/#primaryimage\",\"url\":\"https:\\\/\\\/ibecbarcelona.eu\\\/wp-content\\\/uploads\\\/2013\\\/10\\\/bdebate.jpg\",\"contentUrl\":\"https:\\\/\\\/ibecbarcelona.eu\\\/wp-content\\\/uploads\\\/2013\\\/10\\\/bdebate.jpg\",\"width\":400,\"height\":320},{\"@type\":\"BreadcrumbList\",\"@id\":\"https:\\\/\\\/ibecbarcelona.eu\\\/ca\\\/bdebate-analitza-que-pot-oferir-la-nanotecnologia-per-a-la-salut\\\/#breadcrumb\",\"itemListElement\":[{\"@type\":\"ListItem\",\"position\":1,\"name\":\"Home\",\"item\":\"https:\\\/\\\/ibecbarcelona.eu\\\/ca\\\/\"},{\"@type\":\"ListItem\",\"position\":2,\"name\":\"\u201cB\u2022Debate\u201d analitza qu\u00e8 pot oferir la nanotecnologia per a la salut\"}]},{\"@type\":\"WebSite\",\"@id\":\"https:\\\/\\\/ibecbarcelona.eu\\\/#website\",\"url\":\"https:\\\/\\\/ibecbarcelona.eu\\\/\",\"name\":\"Institute for Bioengineering of Catalonia\",\"description\":\"Bioengineering Solutions for Health\",\"publisher\":{\"@id\":\"https:\\\/\\\/ibecbarcelona.eu\\\/#organization\"},\"potentialAction\":[{\"@type\":\"SearchAction\",\"target\":{\"@type\":\"EntryPoint\",\"urlTemplate\":\"https:\\\/\\\/ibecbarcelona.eu\\\/?s={search_term_string}\"},\"query-input\":{\"@type\":\"PropertyValueSpecification\",\"valueRequired\":true,\"valueName\":\"search_term_string\"}}],\"inLanguage\":\"ca\"},{\"@type\":\"Organization\",\"@id\":\"https:\\\/\\\/ibecbarcelona.eu\\\/#organization\",\"name\":\"Institute for Bioengineering of Catalonia\",\"url\":\"https:\\\/\\\/ibecbarcelona.eu\\\/\",\"logo\":{\"@type\":\"ImageObject\",\"inLanguage\":\"ca\",\"@id\":\"https:\\\/\\\/ibecbarcelona.eu\\\/#\\\/schema\\\/logo\\\/image\\\/\",\"url\":\"https:\\\/\\\/ibecbarcelona.eu\\\/wp-content\\\/uploads\\\/2026\\\/01\\\/cropped-IBEC_20ANYS_GRIS.png\",\"contentUrl\":\"https:\\\/\\\/ibecbarcelona.eu\\\/wp-content\\\/uploads\\\/2026\\\/01\\\/cropped-IBEC_20ANYS_GRIS.png\",\"width\":696,\"height\":257,\"caption\":\"Institute for Bioengineering of Catalonia\"},\"image\":{\"@id\":\"https:\\\/\\\/ibecbarcelona.eu\\\/#\\\/schema\\\/logo\\\/image\\\/\"}},{\"@type\":\"Person\",\"@id\":\"https:\\\/\\\/ibecbarcelona.eu\\\/#\\\/schema\\\/person\\\/c212c6b589546130be67986b9290e2b8\",\"name\":\"\u00c0ngels L\u00f3pez\",\"image\":{\"@type\":\"ImageObject\",\"inLanguage\":\"ca\",\"@id\":\"https:\\\/\\\/secure.gravatar.com\\\/avatar\\\/09ad6ba116bea0b15c5511860f83b302579fd7404c1180e9dae55c3f11d988c6?s=96&d=mm&r=g\",\"url\":\"https:\\\/\\\/secure.gravatar.com\\\/avatar\\\/09ad6ba116bea0b15c5511860f83b302579fd7404c1180e9dae55c3f11d988c6?s=96&d=mm&r=g\",\"contentUrl\":\"https:\\\/\\\/secure.gravatar.com\\\/avatar\\\/09ad6ba116bea0b15c5511860f83b302579fd7404c1180e9dae55c3f11d988c6?s=96&d=mm&r=g\",\"caption\":\"\u00c0ngels L\u00f3pez\"},\"url\":\"https:\\\/\\\/ibecbarcelona.eu\\\/ca\\\/author\\\/alopez\\\/\"}]}<\/script>\n<!-- \/ Yoast SEO plugin. -->","yoast_head_json":{"title":"\u201cB\u2022Debate\u201d analitza qu\u00e8 pot oferir la nanotecnologia per a la salut - Institute for Bioengineering of Catalonia","robots":{"index":"index","follow":"follow","max-snippet":"max-snippet:-1","max-image-preview":"max-image-preview:large","max-video-preview":"max-video-preview:-1"},"canonical":"https:\/\/ibecbarcelona.eu\/ca\/bdebate-analitza-que-pot-oferir-la-nanotecnologia-per-a-la-salut\/","og_locale":"ca_ES","og_type":"article","og_title":"\u201cB\u2022Debate\u201d analitza qu\u00e8 pot oferir la nanotecnologia per a la salut - Institute for Bioengineering of Catalonia","og_description":"Aquesta setmana al CosmoCaixa s\u2019ofereix \u201cNanotecnologies en la Salut; reptes actuals i perspectives de futur\u201d un esdeveniment emmarcat en el projecte B\u2022Debate, organitzat per ICN i IBB en col\u2022laboraci\u00f3 amb l\u2019IBEC, UABCEI i Nanonica.","og_url":"https:\/\/ibecbarcelona.eu\/ca\/bdebate-analitza-que-pot-oferir-la-nanotecnologia-per-a-la-salut\/","og_site_name":"Institute for Bioengineering of Catalonia","article_published_time":"2013-10-10T07:45:06+00:00","article_modified_time":"2015-01-07T15:27:00+00:00","og_image":[{"width":400,"height":320,"url":"https:\/\/ibecbarcelona.eu\/wp-content\/uploads\/2013\/10\/bdebate.jpg","type":"image\/jpeg"}],"author":"\u00c0ngels L\u00f3pez","twitter_card":"summary_large_image","twitter_misc":{"Escrit per":"\u00c0ngels L\u00f3pez","Temps estimat de lectura":"1 minut"},"schema":{"@context":"https:\/\/schema.org","@graph":[{"@type":"Article","@id":"https:\/\/ibecbarcelona.eu\/ca\/bdebate-analitza-que-pot-oferir-la-nanotecnologia-per-a-la-salut\/#article","isPartOf":{"@id":"https:\/\/ibecbarcelona.eu\/ca\/bdebate-analitza-que-pot-oferir-la-nanotecnologia-per-a-la-salut\/"},"author":{"name":"\u00c0ngels L\u00f3pez","@id":"https:\/\/ibecbarcelona.eu\/#\/schema\/person\/c212c6b589546130be67986b9290e2b8"},"headline":"\u201cB\u2022Debate\u201d analitza qu\u00e8 pot oferir la nanotecnologia per a la salut","datePublished":"2013-10-10T07:45:06+00:00","dateModified":"2015-01-07T15:27:00+00:00","mainEntityOfPage":{"@id":"https:\/\/ibecbarcelona.eu\/ca\/bdebate-analitza-que-pot-oferir-la-nanotecnologia-per-a-la-salut\/"},"wordCount":264,"publisher":{"@id":"https:\/\/ibecbarcelona.eu\/#organization"},"image":{"@id":"https:\/\/ibecbarcelona.eu\/ca\/bdebate-analitza-que-pot-oferir-la-nanotecnologia-per-a-la-salut\/#primaryimage"},"thumbnailUrl":"https:\/\/ibecbarcelona.eu\/wp-content\/uploads\/2013\/10\/bdebate.jpg","articleSection":["Not\u00edcies institucionals"],"inLanguage":"ca"},{"@type":"WebPage","@id":"https:\/\/ibecbarcelona.eu\/ca\/bdebate-analitza-que-pot-oferir-la-nanotecnologia-per-a-la-salut\/","url":"https:\/\/ibecbarcelona.eu\/ca\/bdebate-analitza-que-pot-oferir-la-nanotecnologia-per-a-la-salut\/","name":"\u201cB\u2022Debate\u201d analitza qu\u00e8 pot oferir la nanotecnologia per a la salut - Institute for Bioengineering of Catalonia","isPartOf":{"@id":"https:\/\/ibecbarcelona.eu\/#website"},"primaryImageOfPage":{"@id":"https:\/\/ibecbarcelona.eu\/ca\/bdebate-analitza-que-pot-oferir-la-nanotecnologia-per-a-la-salut\/#primaryimage"},"image":{"@id":"https:\/\/ibecbarcelona.eu\/ca\/bdebate-analitza-que-pot-oferir-la-nanotecnologia-per-a-la-salut\/#primaryimage"},"thumbnailUrl":"https:\/\/ibecbarcelona.eu\/wp-content\/uploads\/2013\/10\/bdebate.jpg","datePublished":"2013-10-10T07:45:06+00:00","dateModified":"2015-01-07T15:27:00+00:00","breadcrumb":{"@id":"https:\/\/ibecbarcelona.eu\/ca\/bdebate-analitza-que-pot-oferir-la-nanotecnologia-per-a-la-salut\/#breadcrumb"},"inLanguage":"ca","potentialAction":[{"@type":"ReadAction","target":["https:\/\/ibecbarcelona.eu\/ca\/bdebate-analitza-que-pot-oferir-la-nanotecnologia-per-a-la-salut\/"]}]},{"@type":"ImageObject","inLanguage":"ca","@id":"https:\/\/ibecbarcelona.eu\/ca\/bdebate-analitza-que-pot-oferir-la-nanotecnologia-per-a-la-salut\/#primaryimage","url":"https:\/\/ibecbarcelona.eu\/wp-content\/uploads\/2013\/10\/bdebate.jpg","contentUrl":"https:\/\/ibecbarcelona.eu\/wp-content\/uploads\/2013\/10\/bdebate.jpg","width":400,"height":320},{"@type":"BreadcrumbList","@id":"https:\/\/ibecbarcelona.eu\/ca\/bdebate-analitza-que-pot-oferir-la-nanotecnologia-per-a-la-salut\/#breadcrumb","itemListElement":[{"@type":"ListItem","position":1,"name":"Home","item":"https:\/\/ibecbarcelona.eu\/ca\/"},{"@type":"ListItem","position":2,"name":"\u201cB\u2022Debate\u201d analitza qu\u00e8 pot oferir la nanotecnologia per a la salut"}]},{"@type":"WebSite","@id":"https:\/\/ibecbarcelona.eu\/#website","url":"https:\/\/ibecbarcelona.eu\/","name":"Institute for Bioengineering of Catalonia","description":"Bioengineering Solutions for Health","publisher":{"@id":"https:\/\/ibecbarcelona.eu\/#organization"},"potentialAction":[{"@type":"SearchAction","target":{"@type":"EntryPoint","urlTemplate":"https:\/\/ibecbarcelona.eu\/?s={search_term_string}"},"query-input":{"@type":"PropertyValueSpecification","valueRequired":true,"valueName":"search_term_string"}}],"inLanguage":"ca"},{"@type":"Organization","@id":"https:\/\/ibecbarcelona.eu\/#organization","name":"Institute for Bioengineering of Catalonia","url":"https:\/\/ibecbarcelona.eu\/","logo":{"@type":"ImageObject","inLanguage":"ca","@id":"https:\/\/ibecbarcelona.eu\/#\/schema\/logo\/image\/","url":"https:\/\/ibecbarcelona.eu\/wp-content\/uploads\/2026\/01\/cropped-IBEC_20ANYS_GRIS.png","contentUrl":"https:\/\/ibecbarcelona.eu\/wp-content\/uploads\/2026\/01\/cropped-IBEC_20ANYS_GRIS.png","width":696,"height":257,"caption":"Institute for Bioengineering of Catalonia"},"image":{"@id":"https:\/\/ibecbarcelona.eu\/#\/schema\/logo\/image\/"}},{"@type":"Person","@id":"https:\/\/ibecbarcelona.eu\/#\/schema\/person\/c212c6b589546130be67986b9290e2b8","name":"\u00c0ngels L\u00f3pez","image":{"@type":"ImageObject","inLanguage":"ca","@id":"https:\/\/secure.gravatar.com\/avatar\/09ad6ba116bea0b15c5511860f83b302579fd7404c1180e9dae55c3f11d988c6?s=96&d=mm&r=g","url":"https:\/\/secure.gravatar.com\/avatar\/09ad6ba116bea0b15c5511860f83b302579fd7404c1180e9dae55c3f11d988c6?s=96&d=mm&r=g","contentUrl":"https:\/\/secure.gravatar.com\/avatar\/09ad6ba116bea0b15c5511860f83b302579fd7404c1180e9dae55c3f11d988c6?s=96&d=mm&r=g","caption":"\u00c0ngels L\u00f3pez"},"url":"https:\/\/ibecbarcelona.eu\/ca\/author\/alopez\/"}]}},"AFP_featured_media_urls":{"full":["https:\/\/ibecbarcelona.eu\/wp-content\/uploads\/2013\/10\/bdebate.jpg",400,320,false],"thumbnail":["https:\/\/ibecbarcelona.eu\/wp-content\/uploads\/2013\/10\/bdebate-150x150.jpg",150,150,true],"medium":["https:\/\/ibecbarcelona.eu\/wp-content\/uploads\/2013\/10\/bdebate-300x240.jpg",300,240,true],"medium_large":["https:\/\/ibecbarcelona.eu\/wp-content\/uploads\/2013\/10\/bdebate.jpg",400,320,false],"large":["https:\/\/ibecbarcelona.eu\/wp-content\/uploads\/2013\/10\/bdebate.jpg",400,320,false]},"AFP_attachments":{"full":["https:\/\/ibecbarcelona.eu\/wp-content\/uploads\/2013\/10\/bdebate.jpg",400,320,false],"thumbnail":["https:\/\/ibecbarcelona.eu\/wp-content\/uploads\/2013\/10\/bdebate-150x150.jpg",150,150,true],"medium":["https:\/\/ibecbarcelona.eu\/wp-content\/uploads\/2013\/10\/bdebate-300x240.jpg",300,240,true],"medium_large":["https:\/\/ibecbarcelona.eu\/wp-content\/uploads\/2013\/10\/bdebate.jpg",400,320,false],"large":["https:\/\/ibecbarcelona.eu\/wp-content\/uploads\/2013\/10\/bdebate.jpg",400,320,false]},"AFP_videos":[],"AFP_video_blocks":"","AFP_category_names":["Not\u00edcies institucionals"],"_links":{"self":[{"href":"https:\/\/ibecbarcelona.eu\/ca\/wp-json\/wp\/v2\/posts\/7749","targetHints":{"allow":["GET"]}}],"collection":[{"href":"https:\/\/ibecbarcelona.eu\/ca\/wp-json\/wp\/v2\/posts"}],"about":[{"href":"https:\/\/ibecbarcelona.eu\/ca\/wp-json\/wp\/v2\/types\/post"}],"author":[{"embeddable":true,"href":"https:\/\/ibecbarcelona.eu\/ca\/wp-json\/wp\/v2\/users\/4"}],"replies":[{"embeddable":true,"href":"https:\/\/ibecbarcelona.eu\/ca\/wp-json\/wp\/v2\/comments?post=7749"}],"version-history":[{"count":0,"href":"https:\/\/ibecbarcelona.eu\/ca\/wp-json\/wp\/v2\/posts\/7749\/revisions"}],"wp:featuredmedia":[{"embeddable":true,"href":"https:\/\/ibecbarcelona.eu\/ca\/wp-json\/wp\/v2\/media\/7745"}],"wp:attachment":[{"href":"https:\/\/ibecbarcelona.eu\/ca\/wp-json\/wp\/v2\/media?parent=7749"}],"wp:term":[{"taxonomy":"category","embeddable":true,"href":"https:\/\/ibecbarcelona.eu\/ca\/wp-json\/wp\/v2\/categories?post=7749"},{"taxonomy":"post_tag","embeddable":true,"href":"https:\/\/ibecbarcelona.eu\/ca\/wp-json\/wp\/v2\/tags?post=7749"},{"taxonomy":"post_format","embeddable":true,"href":"https:\/\/ibecbarcelona.eu\/ca\/wp-json\/wp\/v2\/post_formats?post=7749"}],"curies":[{"name":"wp","href":"https:\/\/api.w.org\/{rel}","templated":true}]}}