
{"id":7835,"date":"2013-10-31T11:20:22","date_gmt":"2013-10-31T11:20:22","guid":{"rendered":"http:\/\/ibecbarcelona.eu\/new\/la-tv-i-la-radio-sinteressen-en-el-projecte-dermoglass\/"},"modified":"2015-01-07T14:50:11","modified_gmt":"2015-01-07T14:50:11","slug":"la-tv-i-la-radio-sinteressen-en-el-projecte-dermoglass","status":"publish","type":"post","link":"https:\/\/ibecbarcelona.eu\/ca\/la-tv-i-la-radio-sinteressen-en-el-projecte-dermoglass\/","title":{"rendered":"La TV i la radio s&#8217;interessen en el projecte Dermoglass"},"content":{"rendered":"<p>Aqu\u00ed podeu escoltar l&#8217;entrevista:<a href=\"http:\/\/www.cadenaser.com\/actualidad\/audios\/ventana-00-19-00-29-2013\/csrcsrpor\/20131029csrcsr_8\/Aes\/\" target=\"_blank\"> http:\/\/www.cadenaser.com\/actualidad\/audios\/ventana-00-19-00-29-2013\/csrcsrpor\/20131029csrcsr_8\/Aes\/<\/a><\/p>\n<p>A m\u00e9s a m\u00e9s, avui a Barcelona Televisi\u00f3 (BTV) ens ha visitat per filmar algunes imatges per la propera edici\u00f3 del programa Barcelona Connexi\u00f3m que parlar\u00e0 sobre Dermoglass i altres dos projectes de la iniciativa de microfinan\u00e7ament SUMA de la UPC.<\/p>\n<p>\u00a0<\/p>\n<p>Per fer una contribuci\u00f3 per Dermoglass, no importa el petita que sigui, visiti:\u00a0<a href=\"http:\/\/goteo.org\/project\/dermoglass\" target=\"_blank\">http:\/\/goteo.org\/project\/dermoglass<\/a><\/p>\n<p><\/p>\n","protected":false},"excerpt":{"rendered":"<p><img decoding=\"async\" class=\"left size-full wp-image-7831 lazyload\" data-src=\"https:\/\/ibecbarcelona.eu\/wp-content\/uploads\/2013\/10\/elidermoglassnews.jpg\" border=\"0\" width=\"450\" data-srcset=\"https:\/\/ibecbarcelona.eu\/wp-content\/uploads\/2013\/10\/elidermoglassnews.jpg 550w, https:\/\/ibecbarcelona.eu\/wp-content\/uploads\/2013\/10\/elidermoglassnews-300x231.jpg 300w, https:\/\/ibecbarcelona.eu\/wp-content\/uploads\/2013\/10\/elidermoglassnews-194x150.jpg 194w, https:\/\/ibecbarcelona.eu\/wp-content\/uploads\/2013\/10\/elidermoglassnews-150x115.jpg 150w\" data-sizes=\"(max-width: 550px) 100vw, 550px\" src=\"data:image\/svg+xml;base64,PHN2ZyB3aWR0aD0iMSIgaGVpZ2h0PSIxIiB4bWxucz0iaHR0cDovL3d3dy53My5vcmcvMjAwMC9zdmciPjwvc3ZnPg==\" style=\"--smush-placeholder-width: 550px; --smush-placeholder-aspect-ratio: 550\/425;\" \/>El dijous, la investigadora principal del grup de Biomaterials per a ter\u00e0pies Regeneratives, Elisabeth Engel, va ser entrevistada pel programa La Ventana de la Cadena Ser sobre el seu projecte Dermoglass. Dermoglass \u00e9s el primer pas del IBEC en el microfinan\u00e7ament, i gr\u00e0cies als seus 64 participants de moment ja s&#8217;ha arribat al 50% del finan\u00e7ament necessari.<\/p>\n","protected":false},"author":4,"featured_media":7831,"comment_status":"closed","ping_status":"closed","sticky":false,"template":"","format":"standard","meta":{"footnotes":""},"categories":[99],"tags":[],"post_formats":[],"class_list":["post-7835","post","type-post","status-publish","format-standard","has-post-thumbnail","hentry","category-ibec-als-mitjans"],"yoast_head":"<!-- This site is optimized with the Yoast SEO plugin v27.5 - https:\/\/yoast.com\/product\/yoast-seo-wordpress\/ -->\n<title>La TV i la radio s&#039;interessen en el projecte Dermoglass - Institute for Bioengineering of Catalonia<\/title>\n<meta name=\"robots\" content=\"index, follow, max-snippet:-1, max-image-preview:large, max-video-preview:-1\" \/>\n<link rel=\"canonical\" href=\"https:\/\/ibecbarcelona.eu\/ca\/la-tv-i-la-radio-sinteressen-en-el-projecte-dermoglass\/\" \/>\n<meta property=\"og:locale\" content=\"ca_ES\" \/>\n<meta property=\"og:type\" content=\"article\" \/>\n<meta property=\"og:title\" content=\"La TV i la radio s&#039;interessen en el projecte Dermoglass - Institute for Bioengineering of Catalonia\" \/>\n<meta property=\"og:description\" content=\"El dijous, la investigadora principal del grup de Biomaterials per a ter\u00e0pies Regeneratives, Elisabeth Engel, va ser entrevistada pel programa La Ventana de la Cadena Ser sobre el seu projecte Dermoglass. Dermoglass \u00e9s el primer pas del IBEC en el microfinan\u00e7ament, i gr\u00e0cies als seus 64 participants de moment ja s&#039;ha arribat al 50% del finan\u00e7ament necessari.\" \/>\n<meta property=\"og:url\" content=\"https:\/\/ibecbarcelona.eu\/ca\/la-tv-i-la-radio-sinteressen-en-el-projecte-dermoglass\/\" \/>\n<meta property=\"og:site_name\" content=\"Institute for Bioengineering of Catalonia\" \/>\n<meta property=\"article:published_time\" content=\"2013-10-31T11:20:22+00:00\" \/>\n<meta property=\"article:modified_time\" content=\"2015-01-07T14:50:11+00:00\" \/>\n<meta property=\"og:image\" content=\"https:\/\/ibecbarcelona.eu\/wp-content\/uploads\/2013\/10\/elidermoglassnews.jpg\" \/>\n\t<meta property=\"og:image:width\" content=\"550\" \/>\n\t<meta property=\"og:image:height\" content=\"425\" \/>\n\t<meta property=\"og:image:type\" content=\"image\/jpeg\" \/>\n<meta name=\"author\" content=\"\u00c0ngels L\u00f3pez\" \/>\n<meta name=\"twitter:card\" content=\"summary_large_image\" \/>\n<meta name=\"twitter:label1\" content=\"Escrit per\" \/>\n\t<meta name=\"twitter:data1\" content=\"\u00c0ngels L\u00f3pez\" \/>\n<script type=\"application\/ld+json\" class=\"yoast-schema-graph\">{\"@context\":\"https:\\\/\\\/schema.org\",\"@graph\":[{\"@type\":\"Article\",\"@id\":\"https:\\\/\\\/ibecbarcelona.eu\\\/ca\\\/la-tv-i-la-radio-sinteressen-en-el-projecte-dermoglass\\\/#article\",\"isPartOf\":{\"@id\":\"https:\\\/\\\/ibecbarcelona.eu\\\/ca\\\/la-tv-i-la-radio-sinteressen-en-el-projecte-dermoglass\\\/\"},\"author\":{\"name\":\"\u00c0ngels L\u00f3pez\",\"@id\":\"https:\\\/\\\/ibecbarcelona.eu\\\/#\\\/schema\\\/person\\\/c212c6b589546130be67986b9290e2b8\"},\"headline\":\"La TV i la radio s&#8217;interessen en el projecte Dermoglass\",\"datePublished\":\"2013-10-31T11:20:22+00:00\",\"dateModified\":\"2015-01-07T14:50:11+00:00\",\"mainEntityOfPage\":{\"@id\":\"https:\\\/\\\/ibecbarcelona.eu\\\/ca\\\/la-tv-i-la-radio-sinteressen-en-el-projecte-dermoglass\\\/\"},\"wordCount\":91,\"publisher\":{\"@id\":\"https:\\\/\\\/ibecbarcelona.eu\\\/#organization\"},\"image\":{\"@id\":\"https:\\\/\\\/ibecbarcelona.eu\\\/ca\\\/la-tv-i-la-radio-sinteressen-en-el-projecte-dermoglass\\\/#primaryimage\"},\"thumbnailUrl\":\"https:\\\/\\\/ibecbarcelona.eu\\\/wp-content\\\/uploads\\\/2013\\\/10\\\/elidermoglassnews.jpg\",\"articleSection\":[\"IBEC als mitjans\"],\"inLanguage\":\"ca\"},{\"@type\":\"WebPage\",\"@id\":\"https:\\\/\\\/ibecbarcelona.eu\\\/ca\\\/la-tv-i-la-radio-sinteressen-en-el-projecte-dermoglass\\\/\",\"url\":\"https:\\\/\\\/ibecbarcelona.eu\\\/ca\\\/la-tv-i-la-radio-sinteressen-en-el-projecte-dermoglass\\\/\",\"name\":\"La TV i la radio s'interessen en el projecte Dermoglass - Institute for Bioengineering of Catalonia\",\"isPartOf\":{\"@id\":\"https:\\\/\\\/ibecbarcelona.eu\\\/#website\"},\"primaryImageOfPage\":{\"@id\":\"https:\\\/\\\/ibecbarcelona.eu\\\/ca\\\/la-tv-i-la-radio-sinteressen-en-el-projecte-dermoglass\\\/#primaryimage\"},\"image\":{\"@id\":\"https:\\\/\\\/ibecbarcelona.eu\\\/ca\\\/la-tv-i-la-radio-sinteressen-en-el-projecte-dermoglass\\\/#primaryimage\"},\"thumbnailUrl\":\"https:\\\/\\\/ibecbarcelona.eu\\\/wp-content\\\/uploads\\\/2013\\\/10\\\/elidermoglassnews.jpg\",\"datePublished\":\"2013-10-31T11:20:22+00:00\",\"dateModified\":\"2015-01-07T14:50:11+00:00\",\"breadcrumb\":{\"@id\":\"https:\\\/\\\/ibecbarcelona.eu\\\/ca\\\/la-tv-i-la-radio-sinteressen-en-el-projecte-dermoglass\\\/#breadcrumb\"},\"inLanguage\":\"ca\",\"potentialAction\":[{\"@type\":\"ReadAction\",\"target\":[\"https:\\\/\\\/ibecbarcelona.eu\\\/ca\\\/la-tv-i-la-radio-sinteressen-en-el-projecte-dermoglass\\\/\"]}]},{\"@type\":\"ImageObject\",\"inLanguage\":\"ca\",\"@id\":\"https:\\\/\\\/ibecbarcelona.eu\\\/ca\\\/la-tv-i-la-radio-sinteressen-en-el-projecte-dermoglass\\\/#primaryimage\",\"url\":\"https:\\\/\\\/ibecbarcelona.eu\\\/wp-content\\\/uploads\\\/2013\\\/10\\\/elidermoglassnews.jpg\",\"contentUrl\":\"https:\\\/\\\/ibecbarcelona.eu\\\/wp-content\\\/uploads\\\/2013\\\/10\\\/elidermoglassnews.jpg\",\"width\":550,\"height\":425},{\"@type\":\"BreadcrumbList\",\"@id\":\"https:\\\/\\\/ibecbarcelona.eu\\\/ca\\\/la-tv-i-la-radio-sinteressen-en-el-projecte-dermoglass\\\/#breadcrumb\",\"itemListElement\":[{\"@type\":\"ListItem\",\"position\":1,\"name\":\"Home\",\"item\":\"https:\\\/\\\/ibecbarcelona.eu\\\/ca\\\/\"},{\"@type\":\"ListItem\",\"position\":2,\"name\":\"La TV i la radio s&#8217;interessen en el projecte Dermoglass\"}]},{\"@type\":\"WebSite\",\"@id\":\"https:\\\/\\\/ibecbarcelona.eu\\\/#website\",\"url\":\"https:\\\/\\\/ibecbarcelona.eu\\\/\",\"name\":\"Institute for Bioengineering of Catalonia\",\"description\":\"Bioengineering Solutions for Health\",\"publisher\":{\"@id\":\"https:\\\/\\\/ibecbarcelona.eu\\\/#organization\"},\"potentialAction\":[{\"@type\":\"SearchAction\",\"target\":{\"@type\":\"EntryPoint\",\"urlTemplate\":\"https:\\\/\\\/ibecbarcelona.eu\\\/?s={search_term_string}\"},\"query-input\":{\"@type\":\"PropertyValueSpecification\",\"valueRequired\":true,\"valueName\":\"search_term_string\"}}],\"inLanguage\":\"ca\"},{\"@type\":\"Organization\",\"@id\":\"https:\\\/\\\/ibecbarcelona.eu\\\/#organization\",\"name\":\"Institute for Bioengineering of Catalonia\",\"url\":\"https:\\\/\\\/ibecbarcelona.eu\\\/\",\"logo\":{\"@type\":\"ImageObject\",\"inLanguage\":\"ca\",\"@id\":\"https:\\\/\\\/ibecbarcelona.eu\\\/#\\\/schema\\\/logo\\\/image\\\/\",\"url\":\"https:\\\/\\\/ibecbarcelona.eu\\\/wp-content\\\/uploads\\\/2026\\\/01\\\/cropped-IBEC_20ANYS_GRIS.png\",\"contentUrl\":\"https:\\\/\\\/ibecbarcelona.eu\\\/wp-content\\\/uploads\\\/2026\\\/01\\\/cropped-IBEC_20ANYS_GRIS.png\",\"width\":696,\"height\":257,\"caption\":\"Institute for Bioengineering of Catalonia\"},\"image\":{\"@id\":\"https:\\\/\\\/ibecbarcelona.eu\\\/#\\\/schema\\\/logo\\\/image\\\/\"}},{\"@type\":\"Person\",\"@id\":\"https:\\\/\\\/ibecbarcelona.eu\\\/#\\\/schema\\\/person\\\/c212c6b589546130be67986b9290e2b8\",\"name\":\"\u00c0ngels L\u00f3pez\",\"image\":{\"@type\":\"ImageObject\",\"inLanguage\":\"ca\",\"@id\":\"https:\\\/\\\/secure.gravatar.com\\\/avatar\\\/09ad6ba116bea0b15c5511860f83b302579fd7404c1180e9dae55c3f11d988c6?s=96&d=mm&r=g\",\"url\":\"https:\\\/\\\/secure.gravatar.com\\\/avatar\\\/09ad6ba116bea0b15c5511860f83b302579fd7404c1180e9dae55c3f11d988c6?s=96&d=mm&r=g\",\"contentUrl\":\"https:\\\/\\\/secure.gravatar.com\\\/avatar\\\/09ad6ba116bea0b15c5511860f83b302579fd7404c1180e9dae55c3f11d988c6?s=96&d=mm&r=g\",\"caption\":\"\u00c0ngels L\u00f3pez\"},\"url\":\"https:\\\/\\\/ibecbarcelona.eu\\\/ca\\\/author\\\/alopez\\\/\"}]}<\/script>\n<!-- \/ Yoast SEO plugin. -->","yoast_head_json":{"title":"La TV i la radio s'interessen en el projecte Dermoglass - Institute for Bioengineering of Catalonia","robots":{"index":"index","follow":"follow","max-snippet":"max-snippet:-1","max-image-preview":"max-image-preview:large","max-video-preview":"max-video-preview:-1"},"canonical":"https:\/\/ibecbarcelona.eu\/ca\/la-tv-i-la-radio-sinteressen-en-el-projecte-dermoglass\/","og_locale":"ca_ES","og_type":"article","og_title":"La TV i la radio s'interessen en el projecte Dermoglass - Institute for Bioengineering of Catalonia","og_description":"El dijous, la investigadora principal del grup de Biomaterials per a ter\u00e0pies Regeneratives, Elisabeth Engel, va ser entrevistada pel programa La Ventana de la Cadena Ser sobre el seu projecte Dermoglass. Dermoglass \u00e9s el primer pas del IBEC en el microfinan\u00e7ament, i gr\u00e0cies als seus 64 participants de moment ja s'ha arribat al 50% del finan\u00e7ament necessari.","og_url":"https:\/\/ibecbarcelona.eu\/ca\/la-tv-i-la-radio-sinteressen-en-el-projecte-dermoglass\/","og_site_name":"Institute for Bioengineering of Catalonia","article_published_time":"2013-10-31T11:20:22+00:00","article_modified_time":"2015-01-07T14:50:11+00:00","og_image":[{"width":550,"height":425,"url":"https:\/\/ibecbarcelona.eu\/wp-content\/uploads\/2013\/10\/elidermoglassnews.jpg","type":"image\/jpeg"}],"author":"\u00c0ngels L\u00f3pez","twitter_card":"summary_large_image","twitter_misc":{"Escrit per":"\u00c0ngels L\u00f3pez"},"schema":{"@context":"https:\/\/schema.org","@graph":[{"@type":"Article","@id":"https:\/\/ibecbarcelona.eu\/ca\/la-tv-i-la-radio-sinteressen-en-el-projecte-dermoglass\/#article","isPartOf":{"@id":"https:\/\/ibecbarcelona.eu\/ca\/la-tv-i-la-radio-sinteressen-en-el-projecte-dermoglass\/"},"author":{"name":"\u00c0ngels L\u00f3pez","@id":"https:\/\/ibecbarcelona.eu\/#\/schema\/person\/c212c6b589546130be67986b9290e2b8"},"headline":"La TV i la radio s&#8217;interessen en el projecte Dermoglass","datePublished":"2013-10-31T11:20:22+00:00","dateModified":"2015-01-07T14:50:11+00:00","mainEntityOfPage":{"@id":"https:\/\/ibecbarcelona.eu\/ca\/la-tv-i-la-radio-sinteressen-en-el-projecte-dermoglass\/"},"wordCount":91,"publisher":{"@id":"https:\/\/ibecbarcelona.eu\/#organization"},"image":{"@id":"https:\/\/ibecbarcelona.eu\/ca\/la-tv-i-la-radio-sinteressen-en-el-projecte-dermoglass\/#primaryimage"},"thumbnailUrl":"https:\/\/ibecbarcelona.eu\/wp-content\/uploads\/2013\/10\/elidermoglassnews.jpg","articleSection":["IBEC als mitjans"],"inLanguage":"ca"},{"@type":"WebPage","@id":"https:\/\/ibecbarcelona.eu\/ca\/la-tv-i-la-radio-sinteressen-en-el-projecte-dermoglass\/","url":"https:\/\/ibecbarcelona.eu\/ca\/la-tv-i-la-radio-sinteressen-en-el-projecte-dermoglass\/","name":"La TV i la radio s'interessen en el projecte Dermoglass - Institute for Bioengineering of Catalonia","isPartOf":{"@id":"https:\/\/ibecbarcelona.eu\/#website"},"primaryImageOfPage":{"@id":"https:\/\/ibecbarcelona.eu\/ca\/la-tv-i-la-radio-sinteressen-en-el-projecte-dermoglass\/#primaryimage"},"image":{"@id":"https:\/\/ibecbarcelona.eu\/ca\/la-tv-i-la-radio-sinteressen-en-el-projecte-dermoglass\/#primaryimage"},"thumbnailUrl":"https:\/\/ibecbarcelona.eu\/wp-content\/uploads\/2013\/10\/elidermoglassnews.jpg","datePublished":"2013-10-31T11:20:22+00:00","dateModified":"2015-01-07T14:50:11+00:00","breadcrumb":{"@id":"https:\/\/ibecbarcelona.eu\/ca\/la-tv-i-la-radio-sinteressen-en-el-projecte-dermoglass\/#breadcrumb"},"inLanguage":"ca","potentialAction":[{"@type":"ReadAction","target":["https:\/\/ibecbarcelona.eu\/ca\/la-tv-i-la-radio-sinteressen-en-el-projecte-dermoglass\/"]}]},{"@type":"ImageObject","inLanguage":"ca","@id":"https:\/\/ibecbarcelona.eu\/ca\/la-tv-i-la-radio-sinteressen-en-el-projecte-dermoglass\/#primaryimage","url":"https:\/\/ibecbarcelona.eu\/wp-content\/uploads\/2013\/10\/elidermoglassnews.jpg","contentUrl":"https:\/\/ibecbarcelona.eu\/wp-content\/uploads\/2013\/10\/elidermoglassnews.jpg","width":550,"height":425},{"@type":"BreadcrumbList","@id":"https:\/\/ibecbarcelona.eu\/ca\/la-tv-i-la-radio-sinteressen-en-el-projecte-dermoglass\/#breadcrumb","itemListElement":[{"@type":"ListItem","position":1,"name":"Home","item":"https:\/\/ibecbarcelona.eu\/ca\/"},{"@type":"ListItem","position":2,"name":"La TV i la radio s&#8217;interessen en el projecte Dermoglass"}]},{"@type":"WebSite","@id":"https:\/\/ibecbarcelona.eu\/#website","url":"https:\/\/ibecbarcelona.eu\/","name":"Institute for Bioengineering of Catalonia","description":"Bioengineering Solutions for Health","publisher":{"@id":"https:\/\/ibecbarcelona.eu\/#organization"},"potentialAction":[{"@type":"SearchAction","target":{"@type":"EntryPoint","urlTemplate":"https:\/\/ibecbarcelona.eu\/?s={search_term_string}"},"query-input":{"@type":"PropertyValueSpecification","valueRequired":true,"valueName":"search_term_string"}}],"inLanguage":"ca"},{"@type":"Organization","@id":"https:\/\/ibecbarcelona.eu\/#organization","name":"Institute for Bioengineering of Catalonia","url":"https:\/\/ibecbarcelona.eu\/","logo":{"@type":"ImageObject","inLanguage":"ca","@id":"https:\/\/ibecbarcelona.eu\/#\/schema\/logo\/image\/","url":"https:\/\/ibecbarcelona.eu\/wp-content\/uploads\/2026\/01\/cropped-IBEC_20ANYS_GRIS.png","contentUrl":"https:\/\/ibecbarcelona.eu\/wp-content\/uploads\/2026\/01\/cropped-IBEC_20ANYS_GRIS.png","width":696,"height":257,"caption":"Institute for Bioengineering of Catalonia"},"image":{"@id":"https:\/\/ibecbarcelona.eu\/#\/schema\/logo\/image\/"}},{"@type":"Person","@id":"https:\/\/ibecbarcelona.eu\/#\/schema\/person\/c212c6b589546130be67986b9290e2b8","name":"\u00c0ngels L\u00f3pez","image":{"@type":"ImageObject","inLanguage":"ca","@id":"https:\/\/secure.gravatar.com\/avatar\/09ad6ba116bea0b15c5511860f83b302579fd7404c1180e9dae55c3f11d988c6?s=96&d=mm&r=g","url":"https:\/\/secure.gravatar.com\/avatar\/09ad6ba116bea0b15c5511860f83b302579fd7404c1180e9dae55c3f11d988c6?s=96&d=mm&r=g","contentUrl":"https:\/\/secure.gravatar.com\/avatar\/09ad6ba116bea0b15c5511860f83b302579fd7404c1180e9dae55c3f11d988c6?s=96&d=mm&r=g","caption":"\u00c0ngels L\u00f3pez"},"url":"https:\/\/ibecbarcelona.eu\/ca\/author\/alopez\/"}]}},"AFP_featured_media_urls":{"full":["https:\/\/ibecbarcelona.eu\/wp-content\/uploads\/2013\/10\/elidermoglassnews.jpg",550,425,false],"thumbnail":["https:\/\/ibecbarcelona.eu\/wp-content\/uploads\/2013\/10\/elidermoglassnews-150x150.jpg",150,150,true],"medium":["https:\/\/ibecbarcelona.eu\/wp-content\/uploads\/2013\/10\/elidermoglassnews-300x231.jpg",300,231,true],"medium_large":["https:\/\/ibecbarcelona.eu\/wp-content\/uploads\/2013\/10\/elidermoglassnews.jpg",550,425,false],"large":["https:\/\/ibecbarcelona.eu\/wp-content\/uploads\/2013\/10\/elidermoglassnews.jpg",550,425,false]},"AFP_attachments":{"full":["https:\/\/ibecbarcelona.eu\/wp-content\/uploads\/2013\/10\/elidermoglassnews.jpg",550,425,false],"thumbnail":["https:\/\/ibecbarcelona.eu\/wp-content\/uploads\/2013\/10\/elidermoglassnews-150x150.jpg",150,150,true],"medium":["https:\/\/ibecbarcelona.eu\/wp-content\/uploads\/2013\/10\/elidermoglassnews-300x231.jpg",300,231,true],"medium_large":["https:\/\/ibecbarcelona.eu\/wp-content\/uploads\/2013\/10\/elidermoglassnews.jpg",550,425,false],"large":["https:\/\/ibecbarcelona.eu\/wp-content\/uploads\/2013\/10\/elidermoglassnews.jpg",550,425,false]},"AFP_videos":[],"AFP_video_blocks":"","AFP_category_names":["IBEC als mitjans"],"_links":{"self":[{"href":"https:\/\/ibecbarcelona.eu\/ca\/wp-json\/wp\/v2\/posts\/7835","targetHints":{"allow":["GET"]}}],"collection":[{"href":"https:\/\/ibecbarcelona.eu\/ca\/wp-json\/wp\/v2\/posts"}],"about":[{"href":"https:\/\/ibecbarcelona.eu\/ca\/wp-json\/wp\/v2\/types\/post"}],"author":[{"embeddable":true,"href":"https:\/\/ibecbarcelona.eu\/ca\/wp-json\/wp\/v2\/users\/4"}],"replies":[{"embeddable":true,"href":"https:\/\/ibecbarcelona.eu\/ca\/wp-json\/wp\/v2\/comments?post=7835"}],"version-history":[{"count":0,"href":"https:\/\/ibecbarcelona.eu\/ca\/wp-json\/wp\/v2\/posts\/7835\/revisions"}],"wp:featuredmedia":[{"embeddable":true,"href":"https:\/\/ibecbarcelona.eu\/ca\/wp-json\/wp\/v2\/media\/7831"}],"wp:attachment":[{"href":"https:\/\/ibecbarcelona.eu\/ca\/wp-json\/wp\/v2\/media?parent=7835"}],"wp:term":[{"taxonomy":"category","embeddable":true,"href":"https:\/\/ibecbarcelona.eu\/ca\/wp-json\/wp\/v2\/categories?post=7835"},{"taxonomy":"post_tag","embeddable":true,"href":"https:\/\/ibecbarcelona.eu\/ca\/wp-json\/wp\/v2\/tags?post=7835"},{"taxonomy":"post_format","embeddable":true,"href":"https:\/\/ibecbarcelona.eu\/ca\/wp-json\/wp\/v2\/post_formats?post=7835"}],"curies":[{"name":"wp","href":"https:\/\/api.w.org\/{rel}","templated":true}]}}