
{"id":7863,"date":"2013-11-07T15:17:10","date_gmt":"2013-11-07T15:17:10","guid":{"rendered":"http:\/\/ibecbarcelona.eu\/new\/premi-pfizer-a-libec-vall-dhebron-per-collaborar-en-contra-de-la-hemofilia\/"},"modified":"2015-01-07T15:27:00","modified_gmt":"2015-01-07T15:27:00","slug":"premi-pfizer-a-libec-vall-dhebron-per-collaborar-en-contra-de-la-hemofilia","status":"publish","type":"post","link":"https:\/\/ibecbarcelona.eu\/ca\/premi-pfizer-a-libec-vall-dhebron-per-collaborar-en-contra-de-la-hemofilia\/","title":{"rendered":"Premi Pfizer a l\u2019IBEC\/ Vall d\u2019Hebron per col\u2022laborar en contra de la hemof\u00edlia"},"content":{"rendered":"<p>El projecte, dirigit pel Dr. Rafael Parra de l\u2019Hospital de la Vall d\u2019Hebron, compta amb la participaci\u00f3 d&#8217;investigadors de l\u2019IBEC i de l\u2019Institut de Recerca de la Vall d\u2019Hebron. Aquest projecte \u00e9s un dels cinc seleccionats entre les presentacions de 10 pa\u00efsos europeus diferents. El seu objectiu \u00e9s desenvolupar una plataforma d\u2019alt rendiment per a realitzar proves de detecci\u00f3 de l\u2019hemof\u00edlia A, mitjan\u00e7ant subst\u00e0ncies controlades i la correcci\u00f3 de gens utilitzant c\u00e8l\u2022lules espec\u00edfiques del pacient. El paper del grup de Control de la Funci\u00f3 de C\u00e8l\u2022lules Mare de l\u2019IBEC \u00e9s el desenvolupament d\u2019un model genu\u00efnament hum\u00e0 de l\u2019hemof\u00edlia A, a trav\u00e9s de la generaci\u00f3 de c\u00e8l\u2022lules mare pluripotents indu\u00efdes (iPS) obtingudes de c\u00e8l\u2022lules espec\u00edfiques de pacient.<\/p>\n<p>La multinacional americana Pfizer va llan\u00e7ar els Premis de Recerca sobre l\u2019Hemof\u00edlia ASPIRE al 2011 per donar suport a la recerca b\u00e0sica i cl\u00ednica de l\u2019hemof\u00edlia A i B, i per a facilitar la transfer\u00e8ncia de coneixement des del laboratori a la cl\u00ednica.<\/p>\n<p class=\"caption\"><em><span style=\"color: #888888;\">Imatge: precursors de fetge hum\u00e0 cultivats al laboratori de l\u2019IBEC, generats a partir de c\u00e8l\u2022lules iPS d\u2019un pacient amb hemof\u00edlia A.<\/span><\/em><\/p>\n<p>&#8212;<\/p>\n<p><strong>&gt;&gt; IBEC als mitjans:<\/strong> <a href=\"http:\/\/www.europapress.cat\/societat\/noticia-investigadors-vall-dhebron-premi-dinvestigacio-hemofilia-europa-aspire-2013-20131106175024.html\" target=\"_blank\">http:\/\/www.europapress.cat\/societat\/noticia-investigadors-vall-dhebron-premi-dinvestigacio-hemofilia-europa-aspire-2013-20131106175024.html<\/a><\/p>\n","protected":false},"excerpt":{"rendered":"<p><img decoding=\"async\" class=\"left size-full wp-image-7859 lazyload\" data-src=\"https:\/\/ibecbarcelona.eu\/wp-content\/uploads\/2013\/11\/hemo_modificada.jpg\" border=\"0\" width=\"400\" data-srcset=\"https:\/\/ibecbarcelona.eu\/wp-content\/uploads\/2013\/11\/hemo_modificada.jpg 500w, https:\/\/ibecbarcelona.eu\/wp-content\/uploads\/2013\/11\/hemo_modificada-150x150.jpg 150w, https:\/\/ibecbarcelona.eu\/wp-content\/uploads\/2013\/11\/hemo_modificada-300x300.jpg 300w, https:\/\/ibecbarcelona.eu\/wp-content\/uploads\/2013\/11\/hemo_modificada-45x45.jpg 45w\" data-sizes=\"(max-width: 500px) 100vw, 500px\" src=\"data:image\/svg+xml;base64,PHN2ZyB3aWR0aD0iMSIgaGVpZ2h0PSIxIiB4bWxucz0iaHR0cDovL3d3dy53My5vcmcvMjAwMC9zdmciPjwvc3ZnPg==\" style=\"--smush-placeholder-width: 500px; --smush-placeholder-aspect-ratio: 500\/500;\" \/>Una col\u2022laboraci\u00f3 espanyola, que inclou a investigadors de l\u2019Institut de Bioenginyeria de Catalunya (IBEC), ha estat guardonada amb el prestigi\u00f3s premi per a la recerca sobre l\u2019hemof\u00edlia ASPIRE Europa 2013, atorgat per Pfizer, la major companyia farmac\u00e8utica mundial basada en la recerca.<\/p>\n","protected":false},"author":4,"featured_media":7859,"comment_status":"closed","ping_status":"closed","sticky":false,"template":"","format":"standard","meta":{"footnotes":""},"categories":[98],"tags":[],"post_formats":[],"class_list":["post-7863","post","type-post","status-publish","format-standard","has-post-thumbnail","hentry","category-noticies-institucionals"],"yoast_head":"<!-- This site is optimized with the Yoast SEO plugin v27.4 - https:\/\/yoast.com\/product\/yoast-seo-wordpress\/ -->\n<title>Premi Pfizer a l\u2019IBEC\/ Vall d\u2019Hebron per col\u2022laborar en contra de la hemof\u00edlia - Institute for Bioengineering of Catalonia<\/title>\n<meta name=\"robots\" content=\"index, follow, max-snippet:-1, max-image-preview:large, max-video-preview:-1\" \/>\n<link rel=\"canonical\" href=\"https:\/\/ibecbarcelona.eu\/ca\/premi-pfizer-a-libec-vall-dhebron-per-collaborar-en-contra-de-la-hemofilia\/\" \/>\n<meta property=\"og:locale\" content=\"ca_ES\" \/>\n<meta property=\"og:type\" content=\"article\" \/>\n<meta property=\"og:title\" content=\"Premi Pfizer a l\u2019IBEC\/ Vall d\u2019Hebron per col\u2022laborar en contra de la hemof\u00edlia - Institute for Bioengineering of Catalonia\" \/>\n<meta property=\"og:description\" content=\"Una col\u2022laboraci\u00f3 espanyola, que inclou a investigadors de l\u2019Institut de Bioenginyeria de Catalunya (IBEC), ha estat guardonada amb el prestigi\u00f3s premi per a la recerca sobre l\u2019hemof\u00edlia ASPIRE Europa 2013, atorgat per Pfizer, la major companyia farmac\u00e8utica mundial basada en la recerca.\" \/>\n<meta property=\"og:url\" content=\"https:\/\/ibecbarcelona.eu\/ca\/premi-pfizer-a-libec-vall-dhebron-per-collaborar-en-contra-de-la-hemofilia\/\" \/>\n<meta property=\"og:site_name\" content=\"Institute for Bioengineering of Catalonia\" \/>\n<meta property=\"article:published_time\" content=\"2013-11-07T15:17:10+00:00\" \/>\n<meta property=\"article:modified_time\" content=\"2015-01-07T15:27:00+00:00\" \/>\n<meta property=\"og:image\" content=\"https:\/\/ibecbarcelona.eu\/wp-content\/uploads\/2013\/11\/hemo_modificada.jpg\" \/>\n\t<meta property=\"og:image:width\" content=\"500\" \/>\n\t<meta property=\"og:image:height\" content=\"500\" \/>\n\t<meta property=\"og:image:type\" content=\"image\/jpeg\" \/>\n<meta name=\"author\" content=\"\u00c0ngels L\u00f3pez\" \/>\n<meta name=\"twitter:card\" content=\"summary_large_image\" \/>\n<meta name=\"twitter:label1\" content=\"Escrit per\" \/>\n\t<meta name=\"twitter:data1\" content=\"\u00c0ngels L\u00f3pez\" \/>\n\t<meta name=\"twitter:label2\" content=\"Temps estimat de lectura\" \/>\n\t<meta name=\"twitter:data2\" content=\"1 minut\" \/>\n<script type=\"application\/ld+json\" class=\"yoast-schema-graph\">{\"@context\":\"https:\\\/\\\/schema.org\",\"@graph\":[{\"@type\":\"Article\",\"@id\":\"https:\\\/\\\/ibecbarcelona.eu\\\/ca\\\/premi-pfizer-a-libec-vall-dhebron-per-collaborar-en-contra-de-la-hemofilia\\\/#article\",\"isPartOf\":{\"@id\":\"https:\\\/\\\/ibecbarcelona.eu\\\/ca\\\/premi-pfizer-a-libec-vall-dhebron-per-collaborar-en-contra-de-la-hemofilia\\\/\"},\"author\":{\"name\":\"\u00c0ngels L\u00f3pez\",\"@id\":\"https:\\\/\\\/ibecbarcelona.eu\\\/#\\\/schema\\\/person\\\/c212c6b589546130be67986b9290e2b8\"},\"headline\":\"Premi Pfizer a l\u2019IBEC\\\/ Vall d\u2019Hebron per col\u2022laborar en contra de la hemof\u00edlia\",\"datePublished\":\"2013-11-07T15:17:10+00:00\",\"dateModified\":\"2015-01-07T15:27:00+00:00\",\"mainEntityOfPage\":{\"@id\":\"https:\\\/\\\/ibecbarcelona.eu\\\/ca\\\/premi-pfizer-a-libec-vall-dhebron-per-collaborar-en-contra-de-la-hemofilia\\\/\"},\"wordCount\":251,\"publisher\":{\"@id\":\"https:\\\/\\\/ibecbarcelona.eu\\\/#organization\"},\"image\":{\"@id\":\"https:\\\/\\\/ibecbarcelona.eu\\\/ca\\\/premi-pfizer-a-libec-vall-dhebron-per-collaborar-en-contra-de-la-hemofilia\\\/#primaryimage\"},\"thumbnailUrl\":\"https:\\\/\\\/ibecbarcelona.eu\\\/wp-content\\\/uploads\\\/2013\\\/11\\\/hemo_modificada.jpg\",\"articleSection\":[\"Not\u00edcies institucionals\"],\"inLanguage\":\"ca\"},{\"@type\":\"WebPage\",\"@id\":\"https:\\\/\\\/ibecbarcelona.eu\\\/ca\\\/premi-pfizer-a-libec-vall-dhebron-per-collaborar-en-contra-de-la-hemofilia\\\/\",\"url\":\"https:\\\/\\\/ibecbarcelona.eu\\\/ca\\\/premi-pfizer-a-libec-vall-dhebron-per-collaborar-en-contra-de-la-hemofilia\\\/\",\"name\":\"Premi Pfizer a l\u2019IBEC\\\/ Vall d\u2019Hebron per col\u2022laborar en contra de la hemof\u00edlia - Institute for Bioengineering of Catalonia\",\"isPartOf\":{\"@id\":\"https:\\\/\\\/ibecbarcelona.eu\\\/#website\"},\"primaryImageOfPage\":{\"@id\":\"https:\\\/\\\/ibecbarcelona.eu\\\/ca\\\/premi-pfizer-a-libec-vall-dhebron-per-collaborar-en-contra-de-la-hemofilia\\\/#primaryimage\"},\"image\":{\"@id\":\"https:\\\/\\\/ibecbarcelona.eu\\\/ca\\\/premi-pfizer-a-libec-vall-dhebron-per-collaborar-en-contra-de-la-hemofilia\\\/#primaryimage\"},\"thumbnailUrl\":\"https:\\\/\\\/ibecbarcelona.eu\\\/wp-content\\\/uploads\\\/2013\\\/11\\\/hemo_modificada.jpg\",\"datePublished\":\"2013-11-07T15:17:10+00:00\",\"dateModified\":\"2015-01-07T15:27:00+00:00\",\"breadcrumb\":{\"@id\":\"https:\\\/\\\/ibecbarcelona.eu\\\/ca\\\/premi-pfizer-a-libec-vall-dhebron-per-collaborar-en-contra-de-la-hemofilia\\\/#breadcrumb\"},\"inLanguage\":\"ca\",\"potentialAction\":[{\"@type\":\"ReadAction\",\"target\":[\"https:\\\/\\\/ibecbarcelona.eu\\\/ca\\\/premi-pfizer-a-libec-vall-dhebron-per-collaborar-en-contra-de-la-hemofilia\\\/\"]}]},{\"@type\":\"ImageObject\",\"inLanguage\":\"ca\",\"@id\":\"https:\\\/\\\/ibecbarcelona.eu\\\/ca\\\/premi-pfizer-a-libec-vall-dhebron-per-collaborar-en-contra-de-la-hemofilia\\\/#primaryimage\",\"url\":\"https:\\\/\\\/ibecbarcelona.eu\\\/wp-content\\\/uploads\\\/2013\\\/11\\\/hemo_modificada.jpg\",\"contentUrl\":\"https:\\\/\\\/ibecbarcelona.eu\\\/wp-content\\\/uploads\\\/2013\\\/11\\\/hemo_modificada.jpg\",\"width\":500,\"height\":500},{\"@type\":\"BreadcrumbList\",\"@id\":\"https:\\\/\\\/ibecbarcelona.eu\\\/ca\\\/premi-pfizer-a-libec-vall-dhebron-per-collaborar-en-contra-de-la-hemofilia\\\/#breadcrumb\",\"itemListElement\":[{\"@type\":\"ListItem\",\"position\":1,\"name\":\"Home\",\"item\":\"https:\\\/\\\/ibecbarcelona.eu\\\/ca\\\/\"},{\"@type\":\"ListItem\",\"position\":2,\"name\":\"Premi Pfizer a l\u2019IBEC\\\/ Vall d\u2019Hebron per col\u2022laborar en contra de la hemof\u00edlia\"}]},{\"@type\":\"WebSite\",\"@id\":\"https:\\\/\\\/ibecbarcelona.eu\\\/#website\",\"url\":\"https:\\\/\\\/ibecbarcelona.eu\\\/\",\"name\":\"Institute for Bioengineering of Catalonia\",\"description\":\"Bioengineering Solutions for Health\",\"publisher\":{\"@id\":\"https:\\\/\\\/ibecbarcelona.eu\\\/#organization\"},\"potentialAction\":[{\"@type\":\"SearchAction\",\"target\":{\"@type\":\"EntryPoint\",\"urlTemplate\":\"https:\\\/\\\/ibecbarcelona.eu\\\/?s={search_term_string}\"},\"query-input\":{\"@type\":\"PropertyValueSpecification\",\"valueRequired\":true,\"valueName\":\"search_term_string\"}}],\"inLanguage\":\"ca\"},{\"@type\":\"Organization\",\"@id\":\"https:\\\/\\\/ibecbarcelona.eu\\\/#organization\",\"name\":\"Institute for Bioengineering of Catalonia\",\"url\":\"https:\\\/\\\/ibecbarcelona.eu\\\/\",\"logo\":{\"@type\":\"ImageObject\",\"inLanguage\":\"ca\",\"@id\":\"https:\\\/\\\/ibecbarcelona.eu\\\/#\\\/schema\\\/logo\\\/image\\\/\",\"url\":\"https:\\\/\\\/ibecbarcelona.eu\\\/wp-content\\\/uploads\\\/2026\\\/01\\\/cropped-IBEC_20ANYS_GRIS.png\",\"contentUrl\":\"https:\\\/\\\/ibecbarcelona.eu\\\/wp-content\\\/uploads\\\/2026\\\/01\\\/cropped-IBEC_20ANYS_GRIS.png\",\"width\":696,\"height\":257,\"caption\":\"Institute for Bioengineering of Catalonia\"},\"image\":{\"@id\":\"https:\\\/\\\/ibecbarcelona.eu\\\/#\\\/schema\\\/logo\\\/image\\\/\"}},{\"@type\":\"Person\",\"@id\":\"https:\\\/\\\/ibecbarcelona.eu\\\/#\\\/schema\\\/person\\\/c212c6b589546130be67986b9290e2b8\",\"name\":\"\u00c0ngels L\u00f3pez\",\"image\":{\"@type\":\"ImageObject\",\"inLanguage\":\"ca\",\"@id\":\"https:\\\/\\\/secure.gravatar.com\\\/avatar\\\/09ad6ba116bea0b15c5511860f83b302579fd7404c1180e9dae55c3f11d988c6?s=96&d=mm&r=g\",\"url\":\"https:\\\/\\\/secure.gravatar.com\\\/avatar\\\/09ad6ba116bea0b15c5511860f83b302579fd7404c1180e9dae55c3f11d988c6?s=96&d=mm&r=g\",\"contentUrl\":\"https:\\\/\\\/secure.gravatar.com\\\/avatar\\\/09ad6ba116bea0b15c5511860f83b302579fd7404c1180e9dae55c3f11d988c6?s=96&d=mm&r=g\",\"caption\":\"\u00c0ngels L\u00f3pez\"},\"url\":\"https:\\\/\\\/ibecbarcelona.eu\\\/ca\\\/author\\\/alopez\\\/\"}]}<\/script>\n<!-- \/ Yoast SEO plugin. -->","yoast_head_json":{"title":"Premi Pfizer a l\u2019IBEC\/ Vall d\u2019Hebron per col\u2022laborar en contra de la hemof\u00edlia - Institute for Bioengineering of Catalonia","robots":{"index":"index","follow":"follow","max-snippet":"max-snippet:-1","max-image-preview":"max-image-preview:large","max-video-preview":"max-video-preview:-1"},"canonical":"https:\/\/ibecbarcelona.eu\/ca\/premi-pfizer-a-libec-vall-dhebron-per-collaborar-en-contra-de-la-hemofilia\/","og_locale":"ca_ES","og_type":"article","og_title":"Premi Pfizer a l\u2019IBEC\/ Vall d\u2019Hebron per col\u2022laborar en contra de la hemof\u00edlia - Institute for Bioengineering of Catalonia","og_description":"Una col\u2022laboraci\u00f3 espanyola, que inclou a investigadors de l\u2019Institut de Bioenginyeria de Catalunya (IBEC), ha estat guardonada amb el prestigi\u00f3s premi per a la recerca sobre l\u2019hemof\u00edlia ASPIRE Europa 2013, atorgat per Pfizer, la major companyia farmac\u00e8utica mundial basada en la recerca.","og_url":"https:\/\/ibecbarcelona.eu\/ca\/premi-pfizer-a-libec-vall-dhebron-per-collaborar-en-contra-de-la-hemofilia\/","og_site_name":"Institute for Bioengineering of Catalonia","article_published_time":"2013-11-07T15:17:10+00:00","article_modified_time":"2015-01-07T15:27:00+00:00","og_image":[{"width":500,"height":500,"url":"https:\/\/ibecbarcelona.eu\/wp-content\/uploads\/2013\/11\/hemo_modificada.jpg","type":"image\/jpeg"}],"author":"\u00c0ngels L\u00f3pez","twitter_card":"summary_large_image","twitter_misc":{"Escrit per":"\u00c0ngels L\u00f3pez","Temps estimat de lectura":"1 minut"},"schema":{"@context":"https:\/\/schema.org","@graph":[{"@type":"Article","@id":"https:\/\/ibecbarcelona.eu\/ca\/premi-pfizer-a-libec-vall-dhebron-per-collaborar-en-contra-de-la-hemofilia\/#article","isPartOf":{"@id":"https:\/\/ibecbarcelona.eu\/ca\/premi-pfizer-a-libec-vall-dhebron-per-collaborar-en-contra-de-la-hemofilia\/"},"author":{"name":"\u00c0ngels L\u00f3pez","@id":"https:\/\/ibecbarcelona.eu\/#\/schema\/person\/c212c6b589546130be67986b9290e2b8"},"headline":"Premi Pfizer a l\u2019IBEC\/ Vall d\u2019Hebron per col\u2022laborar en contra de la hemof\u00edlia","datePublished":"2013-11-07T15:17:10+00:00","dateModified":"2015-01-07T15:27:00+00:00","mainEntityOfPage":{"@id":"https:\/\/ibecbarcelona.eu\/ca\/premi-pfizer-a-libec-vall-dhebron-per-collaborar-en-contra-de-la-hemofilia\/"},"wordCount":251,"publisher":{"@id":"https:\/\/ibecbarcelona.eu\/#organization"},"image":{"@id":"https:\/\/ibecbarcelona.eu\/ca\/premi-pfizer-a-libec-vall-dhebron-per-collaborar-en-contra-de-la-hemofilia\/#primaryimage"},"thumbnailUrl":"https:\/\/ibecbarcelona.eu\/wp-content\/uploads\/2013\/11\/hemo_modificada.jpg","articleSection":["Not\u00edcies institucionals"],"inLanguage":"ca"},{"@type":"WebPage","@id":"https:\/\/ibecbarcelona.eu\/ca\/premi-pfizer-a-libec-vall-dhebron-per-collaborar-en-contra-de-la-hemofilia\/","url":"https:\/\/ibecbarcelona.eu\/ca\/premi-pfizer-a-libec-vall-dhebron-per-collaborar-en-contra-de-la-hemofilia\/","name":"Premi Pfizer a l\u2019IBEC\/ Vall d\u2019Hebron per col\u2022laborar en contra de la hemof\u00edlia - Institute for Bioengineering of Catalonia","isPartOf":{"@id":"https:\/\/ibecbarcelona.eu\/#website"},"primaryImageOfPage":{"@id":"https:\/\/ibecbarcelona.eu\/ca\/premi-pfizer-a-libec-vall-dhebron-per-collaborar-en-contra-de-la-hemofilia\/#primaryimage"},"image":{"@id":"https:\/\/ibecbarcelona.eu\/ca\/premi-pfizer-a-libec-vall-dhebron-per-collaborar-en-contra-de-la-hemofilia\/#primaryimage"},"thumbnailUrl":"https:\/\/ibecbarcelona.eu\/wp-content\/uploads\/2013\/11\/hemo_modificada.jpg","datePublished":"2013-11-07T15:17:10+00:00","dateModified":"2015-01-07T15:27:00+00:00","breadcrumb":{"@id":"https:\/\/ibecbarcelona.eu\/ca\/premi-pfizer-a-libec-vall-dhebron-per-collaborar-en-contra-de-la-hemofilia\/#breadcrumb"},"inLanguage":"ca","potentialAction":[{"@type":"ReadAction","target":["https:\/\/ibecbarcelona.eu\/ca\/premi-pfizer-a-libec-vall-dhebron-per-collaborar-en-contra-de-la-hemofilia\/"]}]},{"@type":"ImageObject","inLanguage":"ca","@id":"https:\/\/ibecbarcelona.eu\/ca\/premi-pfizer-a-libec-vall-dhebron-per-collaborar-en-contra-de-la-hemofilia\/#primaryimage","url":"https:\/\/ibecbarcelona.eu\/wp-content\/uploads\/2013\/11\/hemo_modificada.jpg","contentUrl":"https:\/\/ibecbarcelona.eu\/wp-content\/uploads\/2013\/11\/hemo_modificada.jpg","width":500,"height":500},{"@type":"BreadcrumbList","@id":"https:\/\/ibecbarcelona.eu\/ca\/premi-pfizer-a-libec-vall-dhebron-per-collaborar-en-contra-de-la-hemofilia\/#breadcrumb","itemListElement":[{"@type":"ListItem","position":1,"name":"Home","item":"https:\/\/ibecbarcelona.eu\/ca\/"},{"@type":"ListItem","position":2,"name":"Premi Pfizer a l\u2019IBEC\/ Vall d\u2019Hebron per col\u2022laborar en contra de la hemof\u00edlia"}]},{"@type":"WebSite","@id":"https:\/\/ibecbarcelona.eu\/#website","url":"https:\/\/ibecbarcelona.eu\/","name":"Institute for Bioengineering of Catalonia","description":"Bioengineering Solutions for Health","publisher":{"@id":"https:\/\/ibecbarcelona.eu\/#organization"},"potentialAction":[{"@type":"SearchAction","target":{"@type":"EntryPoint","urlTemplate":"https:\/\/ibecbarcelona.eu\/?s={search_term_string}"},"query-input":{"@type":"PropertyValueSpecification","valueRequired":true,"valueName":"search_term_string"}}],"inLanguage":"ca"},{"@type":"Organization","@id":"https:\/\/ibecbarcelona.eu\/#organization","name":"Institute for Bioengineering of Catalonia","url":"https:\/\/ibecbarcelona.eu\/","logo":{"@type":"ImageObject","inLanguage":"ca","@id":"https:\/\/ibecbarcelona.eu\/#\/schema\/logo\/image\/","url":"https:\/\/ibecbarcelona.eu\/wp-content\/uploads\/2026\/01\/cropped-IBEC_20ANYS_GRIS.png","contentUrl":"https:\/\/ibecbarcelona.eu\/wp-content\/uploads\/2026\/01\/cropped-IBEC_20ANYS_GRIS.png","width":696,"height":257,"caption":"Institute for Bioengineering of Catalonia"},"image":{"@id":"https:\/\/ibecbarcelona.eu\/#\/schema\/logo\/image\/"}},{"@type":"Person","@id":"https:\/\/ibecbarcelona.eu\/#\/schema\/person\/c212c6b589546130be67986b9290e2b8","name":"\u00c0ngels L\u00f3pez","image":{"@type":"ImageObject","inLanguage":"ca","@id":"https:\/\/secure.gravatar.com\/avatar\/09ad6ba116bea0b15c5511860f83b302579fd7404c1180e9dae55c3f11d988c6?s=96&d=mm&r=g","url":"https:\/\/secure.gravatar.com\/avatar\/09ad6ba116bea0b15c5511860f83b302579fd7404c1180e9dae55c3f11d988c6?s=96&d=mm&r=g","contentUrl":"https:\/\/secure.gravatar.com\/avatar\/09ad6ba116bea0b15c5511860f83b302579fd7404c1180e9dae55c3f11d988c6?s=96&d=mm&r=g","caption":"\u00c0ngels L\u00f3pez"},"url":"https:\/\/ibecbarcelona.eu\/ca\/author\/alopez\/"}]}},"AFP_featured_media_urls":{"full":["https:\/\/ibecbarcelona.eu\/wp-content\/uploads\/2013\/11\/hemo_modificada.jpg",500,500,false],"thumbnail":["https:\/\/ibecbarcelona.eu\/wp-content\/uploads\/2013\/11\/hemo_modificada-150x150.jpg",150,150,true],"medium":["https:\/\/ibecbarcelona.eu\/wp-content\/uploads\/2013\/11\/hemo_modificada-300x300.jpg",300,300,true],"medium_large":["https:\/\/ibecbarcelona.eu\/wp-content\/uploads\/2013\/11\/hemo_modificada.jpg",500,500,false],"large":["https:\/\/ibecbarcelona.eu\/wp-content\/uploads\/2013\/11\/hemo_modificada.jpg",500,500,false]},"AFP_attachments":{"full":["https:\/\/ibecbarcelona.eu\/wp-content\/uploads\/2013\/11\/hemo_modificada.jpg",500,500,false],"thumbnail":["https:\/\/ibecbarcelona.eu\/wp-content\/uploads\/2013\/11\/hemo_modificada-150x150.jpg",150,150,true],"medium":["https:\/\/ibecbarcelona.eu\/wp-content\/uploads\/2013\/11\/hemo_modificada-300x300.jpg",300,300,true],"medium_large":["https:\/\/ibecbarcelona.eu\/wp-content\/uploads\/2013\/11\/hemo_modificada.jpg",500,500,false],"large":["https:\/\/ibecbarcelona.eu\/wp-content\/uploads\/2013\/11\/hemo_modificada.jpg",500,500,false]},"AFP_videos":[],"AFP_video_blocks":"","AFP_category_names":["Not\u00edcies institucionals"],"_links":{"self":[{"href":"https:\/\/ibecbarcelona.eu\/ca\/wp-json\/wp\/v2\/posts\/7863","targetHints":{"allow":["GET"]}}],"collection":[{"href":"https:\/\/ibecbarcelona.eu\/ca\/wp-json\/wp\/v2\/posts"}],"about":[{"href":"https:\/\/ibecbarcelona.eu\/ca\/wp-json\/wp\/v2\/types\/post"}],"author":[{"embeddable":true,"href":"https:\/\/ibecbarcelona.eu\/ca\/wp-json\/wp\/v2\/users\/4"}],"replies":[{"embeddable":true,"href":"https:\/\/ibecbarcelona.eu\/ca\/wp-json\/wp\/v2\/comments?post=7863"}],"version-history":[{"count":0,"href":"https:\/\/ibecbarcelona.eu\/ca\/wp-json\/wp\/v2\/posts\/7863\/revisions"}],"wp:featuredmedia":[{"embeddable":true,"href":"https:\/\/ibecbarcelona.eu\/ca\/wp-json\/wp\/v2\/media\/7859"}],"wp:attachment":[{"href":"https:\/\/ibecbarcelona.eu\/ca\/wp-json\/wp\/v2\/media?parent=7863"}],"wp:term":[{"taxonomy":"category","embeddable":true,"href":"https:\/\/ibecbarcelona.eu\/ca\/wp-json\/wp\/v2\/categories?post=7863"},{"taxonomy":"post_tag","embeddable":true,"href":"https:\/\/ibecbarcelona.eu\/ca\/wp-json\/wp\/v2\/tags?post=7863"},{"taxonomy":"post_format","embeddable":true,"href":"https:\/\/ibecbarcelona.eu\/ca\/wp-json\/wp\/v2\/post_formats?post=7863"}],"curies":[{"name":"wp","href":"https:\/\/api.w.org\/{rel}","templated":true}]}}