
{"id":79306,"date":"2020-11-10T15:32:33","date_gmt":"2020-11-10T14:32:33","guid":{"rendered":"http:\/\/ibecbarcelona.eu\/?p=79306"},"modified":"2020-11-24T09:56:30","modified_gmt":"2020-11-24T08:56:30","slug":"libec-participa-en-linnovation-day-barcelona-2020","status":"publish","type":"post","link":"https:\/\/ibecbarcelona.eu\/ca\/libec-participa-en-linnovation-day-barcelona-2020\/","title":{"rendered":"L&#8217;IBEC participa en l\u2019Innovation Day Barcelona 2020"},"content":{"rendered":"<p>Trenta-una localitats per tota Europa van albergar esdeveniments aquest any, per primer cop de forma virtual. IBEC va contribuir amb experts, facilitadors, jurat i un desafiament al taller celebrat a Barcelona.<\/p>\n<p><img decoding=\"async\" class=\"alignleft size-full wp-image-79196 lazyload\" data-src=\"https:\/\/ibecbarcelona.eu\/wp-content\/uploads\/2020\/11\/Cover.png\" alt=\"\" width=\"977\" height=\"552\" data-srcset=\"https:\/\/ibecbarcelona.eu\/wp-content\/uploads\/2020\/11\/Cover.png 977w, https:\/\/ibecbarcelona.eu\/wp-content\/uploads\/2020\/11\/Cover-300x169.png 300w, https:\/\/ibecbarcelona.eu\/wp-content\/uploads\/2020\/11\/Cover-768x434.png 768w, https:\/\/ibecbarcelona.eu\/wp-content\/uploads\/2020\/11\/Cover-230x130.png 230w, https:\/\/ibecbarcelona.eu\/wp-content\/uploads\/2020\/11\/Cover-150x85.png 150w\" data-sizes=\"(max-width: 977px) 100vw, 977px\" src=\"data:image\/svg+xml;base64,PHN2ZyB3aWR0aD0iMSIgaGVpZ2h0PSIxIiB4bWxucz0iaHR0cDovL3d3dy53My5vcmcvMjAwMC9zdmciPjwvc3ZnPg==\" style=\"--smush-placeholder-width: 977px; --smush-placeholder-aspect-ratio: 977\/552;\" \/><\/p>\n<p>&nbsp;<\/p>\n<p>&nbsp;<\/p>\n<p>&nbsp;<\/p>\n<p>L&#8217;Innovation Day (i-Day), una iniciativa d\u2019EIT Health, promou la innovaci\u00f3 en salut entre estudiants universitaris a trav\u00e9s de programes duts a terme en institucions acad\u00e8miques de tota Europa. Els estudiants reben una introducci\u00f3 a les eines pr\u00e0ctiques de salut i treballen en equips multidisciplinaris per abordar els desafiaments de salut a la vida real que plantegen els projectes d\u2019EIT Health, organitzacions locals i corporacions privades. Els equips reeixits rebran recursos per desenvolupar les seves idees, i s&#8217;encoratjar\u00e0 als estudiants de les regions on EIT Health at\u00e9n a participar en una xarxa. Els Innovation Days s\u00f3n accessibles a tots els estudiants de pregrau i postgrau amb inter\u00e8s en la innovaci\u00f3 en la cura de la salut.<\/p>\n<blockquote>\n<p style=\"text-align: right;\"><strong><span class=\"TextRun SCXW61654502 BCX0\" lang=\"CA-ES\" xml:lang=\"CA-ES\" data-contrast=\"auto\"><span class=\"NormalTextRun SCXW61654502 BCX0\">Els I-<\/span><span class=\"NormalTextRun SpellingErrorV2 SpellingErrorHighlight SCXW61654502 BCX0\">Days<\/span><span class=\"NormalTextRun SCXW61654502 BCX0\">\u00a0eduquen i inspiren als estudiants universitaris\u00a0<\/span><\/span><span class=\"TextRun SCXW61654502 BCX0\" lang=\"CA-ES\" xml:lang=\"CA-ES\" data-contrast=\"auto\"><span class=\"NormalTextRun SCXW61654502 BCX0\">per abordar<\/span><\/span><span class=\"TextRun SCXW61654502 BCX0\" lang=\"CA-ES\" xml:lang=\"CA-ES\" data-contrast=\"auto\"><span class=\"NormalTextRun SCXW61654502 BCX0\"> els desafiaments sanitaris a Europa.<\/span><\/span><\/strong><\/p>\n<\/blockquote>\n<p><strong>Innovation Day Barcelona 2020<\/strong><\/p>\n<p>L&#8217;I-Day Barcelona 2020, organitzat per StartUB de la Universitat de Barcelona en alian\u00e7a amb institucions com l\u2019IBEC i l&#8217;Hospital Cl\u00ednic de Barcelona, \u200b\u200bes va basar en un <em>escape room<\/em> virtual on els participants completaven missions per desactivar la informaci\u00f3 relacionada amb la metodologia de treball. Mitjan\u00e7ant la ramificaci\u00f3, els participants van treballar en compet\u00e8ncies com el treball en equip i el desenvolupament personal.<\/p>\n<p>Els estudiants van rebre una introducci\u00f3 a les eines pr\u00e0ctiques d&#8217;innovaci\u00f3 en salut i van treballar en equips multidisciplinaris per abordar els desafiaments sanitaris en la vida real plantejats pels projectes d\u2019EIT Health, organitzacions locals com IESE, l\u2019Hospital Cl\u00ednic o l\u2019IBEC i corporacions privades. Els estudiants formen equips multidisciplinaris que compten amb l&#8217;orientaci\u00f3 dels facilitadors per crear solucions als desafiaments de salut de la vida real. Al final de la setmana, els equips van presentar les seves idees i van ser avaluats per un grup d&#8217;experts, entre ells Eduardo Salas, Cap de Transfer\u00e8ncia de Tecnologia de l&#8217;IBEC.<\/p>\n<blockquote>\n<p style=\"text-align: right;\"><strong><span class=\"TextRun BCX0 SCXW181969520\" lang=\"CA-ES\" xml:lang=\"CA-ES\" data-contrast=\"auto\"><span class=\"NormalTextRun BCX0 SCXW181969520\">Com podem abordar les conseq\u00fc\u00e8ncies negatives per la salut de confinaments de poblacions?<\/span><\/span><\/strong><\/p>\n<p style=\"text-align: right;\"><strong>H\u00e9ctor L\u00f3pez Carral, del <a href=\"https:\/\/www.ibecbarcelona.eu\/es\/synthetic-perceptive-emotive-and-cognitive-systems-specs\/\" target=\"_blank\" rel=\"noopener noreferrer\">laboratori de SPECS de l&#8217;IBEC.<\/a><\/strong><\/p>\n<\/blockquote>\n<p><img decoding=\"async\" class=\"alignleft size-large wp-image-79199 lazyload\" data-src=\"https:\/\/ibecbarcelona.eu\/wp-content\/uploads\/2020\/11\/Imagen3-1024x513.png\" alt=\"\" width=\"900\" height=\"451\" data-srcset=\"https:\/\/ibecbarcelona.eu\/wp-content\/uploads\/2020\/11\/Imagen3-1024x513.png 1024w, https:\/\/ibecbarcelona.eu\/wp-content\/uploads\/2020\/11\/Imagen3-300x150.png 300w, https:\/\/ibecbarcelona.eu\/wp-content\/uploads\/2020\/11\/Imagen3-768x385.png 768w, https:\/\/ibecbarcelona.eu\/wp-content\/uploads\/2020\/11\/Imagen3-150x75.png 150w, https:\/\/ibecbarcelona.eu\/wp-content\/uploads\/2020\/11\/Imagen3.png 1275w\" data-sizes=\"(max-width: 900px) 100vw, 900px\" src=\"data:image\/svg+xml;base64,PHN2ZyB3aWR0aD0iMSIgaGVpZ2h0PSIxIiB4bWxucz0iaHR0cDovL3d3dy53My5vcmcvMjAwMC9zdmciPjwvc3ZnPg==\" style=\"--smush-placeholder-width: 900px; --smush-placeholder-aspect-ratio: 900\/451;\" \/><\/p>\n<p>Diferents institucions van proposar tres desafiaments, en particular l\u2019IBEC va llan\u00e7ar el desafiament: Com abordar les conseq\u00fc\u00e8ncies negatives per a la salut dels confinaments a les poblacions? H\u00e8ctor L\u00f3pez Carral, del grup de <a href=\"https:\/\/www.ibecbarcelona.eu\/es\/synthetic-perceptive-emotive-and-cognitive-systems-specs\/\" target=\"_blank\" rel=\"noopener noreferrer\">SPECS<\/a> va ser l&#8217;expert encarregat de presentar el desafiament de l&#8217;IBEC. Els altres dos reptes per a aquesta edici\u00f3 van ser: &#8220;Com trobar solucions contra l&#8217;addicci\u00f3 a les xarxes socials i els jocs&#8221; i &#8220;L&#8217;educaci\u00f3 sexual&#8221;.<\/p>\n<p>Altres membres de l&#8217;IBEC es van involucrar en els i-Days, per exemple Maria Alejandra Ortega, investigadora s\u00e8nior del grup de <a href=\"https:\/\/www.ibecbarcelona.eu\/biosensors\" target=\"_blank\" rel=\"noopener noreferrer\">Biosensors per la Bioenginyeria<\/a> de l&#8217;IBEC va participar com a experta, i va estar a c\u00e0rrec d&#8217;ajudar els participants a trav\u00e9s del proc\u00e9s de pensament de disseny. Cristina Arimany, Gerent de Projectes en la divisi\u00f3 d&#8217;Iniciatives Estrat\u00e8giques va ser facilitadora.<\/p>\n<p>&nbsp;<\/p>\n<p>&nbsp;<\/p>\n<p>&nbsp;<\/p>\n<p>&nbsp;<\/p>\n<p>&nbsp;<\/p>\n<p>&nbsp;<\/p>\n<p>&nbsp;<\/p>\n<p>&nbsp;<\/p>\n<p>&nbsp;<\/p>\n","protected":false},"excerpt":{"rendered":"<h3>\n<p>Des del 31 d\u2019octubre fins el 7 de novembre participants de diferents \u00e0mbits i nacionalitats van participar en la 3\u00aa edici\u00f3 de l\u2019Innovation Day (i-Day), una s\u00e8rie d\u2019esdeveniments organitzats per EIT Health en col\u00b7laboraci\u00f3 amb institucions locals d\u2019investigaci\u00f3 i salut.  <\/p>\n<\/h3>\n","protected":false},"author":4,"featured_media":0,"comment_status":"closed","ping_status":"closed","sticky":false,"template":"","format":"standard","meta":{"footnotes":""},"categories":[98],"tags":[1319,1131],"post_formats":[],"class_list":["post-79306","post","type-post","status-publish","format-standard","hentry","category-noticies-institucionals","tag-i-day-ca","tag-javier-ramon-ca"],"yoast_head":"<!-- This site is optimized with the Yoast SEO plugin v27.5 - https:\/\/yoast.com\/product\/yoast-seo-wordpress\/ -->\n<title>L&#039;IBEC participa en l\u2019Innovation Day Barcelona 2020 - Institute for Bioengineering of Catalonia<\/title>\n<meta name=\"robots\" content=\"index, follow, max-snippet:-1, max-image-preview:large, max-video-preview:-1\" \/>\n<link rel=\"canonical\" href=\"https:\/\/ibecbarcelona.eu\/ca\/libec-participa-en-linnovation-day-barcelona-2020\/\" \/>\n<meta property=\"og:locale\" content=\"ca_ES\" \/>\n<meta property=\"og:type\" content=\"article\" \/>\n<meta property=\"og:title\" content=\"L&#039;IBEC participa en l\u2019Innovation Day Barcelona 2020 - Institute for Bioengineering of Catalonia\" \/>\n<meta property=\"og:description\" content=\"Des del 31 d\u2019octubre fins el 7 de novembre participants de diferents \u00e0mbits i nacionalitats van participar en la 3\u00aa edici\u00f3 de l\u2019Innovation Day (i-Day), una s\u00e8rie d\u2019esdeveniments organitzats per EIT Health en col\u00b7laboraci\u00f3 amb institucions locals d\u2019investigaci\u00f3 i salut.\" \/>\n<meta property=\"og:url\" content=\"https:\/\/ibecbarcelona.eu\/ca\/libec-participa-en-linnovation-day-barcelona-2020\/\" \/>\n<meta property=\"og:site_name\" content=\"Institute for Bioengineering of Catalonia\" \/>\n<meta property=\"article:published_time\" content=\"2020-11-10T14:32:33+00:00\" \/>\n<meta property=\"article:modified_time\" content=\"2020-11-24T08:56:30+00:00\" \/>\n<meta property=\"og:image\" content=\"https:\/\/ibecbarcelona.eu\/wp-content\/uploads\/2020\/11\/Cover.png\" \/>\n<meta name=\"author\" content=\"\u00c0ngels L\u00f3pez\" \/>\n<meta name=\"twitter:card\" content=\"summary_large_image\" \/>\n<meta name=\"twitter:label1\" content=\"Escrit per\" \/>\n\t<meta name=\"twitter:data1\" content=\"\u00c0ngels L\u00f3pez\" \/>\n\t<meta name=\"twitter:label2\" content=\"Temps estimat de lectura\" \/>\n\t<meta name=\"twitter:data2\" content=\"3 minuts\" \/>\n<script type=\"application\/ld+json\" class=\"yoast-schema-graph\">{\"@context\":\"https:\\\/\\\/schema.org\",\"@graph\":[{\"@type\":\"Article\",\"@id\":\"https:\\\/\\\/ibecbarcelona.eu\\\/ca\\\/libec-participa-en-linnovation-day-barcelona-2020\\\/#article\",\"isPartOf\":{\"@id\":\"https:\\\/\\\/ibecbarcelona.eu\\\/ca\\\/libec-participa-en-linnovation-day-barcelona-2020\\\/\"},\"author\":{\"name\":\"\u00c0ngels L\u00f3pez\",\"@id\":\"https:\\\/\\\/ibecbarcelona.eu\\\/#\\\/schema\\\/person\\\/c212c6b589546130be67986b9290e2b8\"},\"headline\":\"L&#8217;IBEC participa en l\u2019Innovation Day Barcelona 2020\",\"datePublished\":\"2020-11-10T14:32:33+00:00\",\"dateModified\":\"2020-11-24T08:56:30+00:00\",\"mainEntityOfPage\":{\"@id\":\"https:\\\/\\\/ibecbarcelona.eu\\\/ca\\\/libec-participa-en-linnovation-day-barcelona-2020\\\/\"},\"wordCount\":526,\"publisher\":{\"@id\":\"https:\\\/\\\/ibecbarcelona.eu\\\/#organization\"},\"image\":{\"@id\":\"https:\\\/\\\/ibecbarcelona.eu\\\/ca\\\/libec-participa-en-linnovation-day-barcelona-2020\\\/#primaryimage\"},\"thumbnailUrl\":\"https:\\\/\\\/ibecbarcelona.eu\\\/wp-content\\\/uploads\\\/2020\\\/11\\\/Cover.png\",\"keywords\":[\"I-Day\",\"Javier Ram\u00f3n\"],\"articleSection\":[\"Not\u00edcies institucionals\"],\"inLanguage\":\"ca\"},{\"@type\":\"WebPage\",\"@id\":\"https:\\\/\\\/ibecbarcelona.eu\\\/ca\\\/libec-participa-en-linnovation-day-barcelona-2020\\\/\",\"url\":\"https:\\\/\\\/ibecbarcelona.eu\\\/ca\\\/libec-participa-en-linnovation-day-barcelona-2020\\\/\",\"name\":\"L'IBEC participa en l\u2019Innovation Day Barcelona 2020 - Institute for Bioengineering of Catalonia\",\"isPartOf\":{\"@id\":\"https:\\\/\\\/ibecbarcelona.eu\\\/#website\"},\"primaryImageOfPage\":{\"@id\":\"https:\\\/\\\/ibecbarcelona.eu\\\/ca\\\/libec-participa-en-linnovation-day-barcelona-2020\\\/#primaryimage\"},\"image\":{\"@id\":\"https:\\\/\\\/ibecbarcelona.eu\\\/ca\\\/libec-participa-en-linnovation-day-barcelona-2020\\\/#primaryimage\"},\"thumbnailUrl\":\"https:\\\/\\\/ibecbarcelona.eu\\\/wp-content\\\/uploads\\\/2020\\\/11\\\/Cover.png\",\"datePublished\":\"2020-11-10T14:32:33+00:00\",\"dateModified\":\"2020-11-24T08:56:30+00:00\",\"breadcrumb\":{\"@id\":\"https:\\\/\\\/ibecbarcelona.eu\\\/ca\\\/libec-participa-en-linnovation-day-barcelona-2020\\\/#breadcrumb\"},\"inLanguage\":\"ca\",\"potentialAction\":[{\"@type\":\"ReadAction\",\"target\":[\"https:\\\/\\\/ibecbarcelona.eu\\\/ca\\\/libec-participa-en-linnovation-day-barcelona-2020\\\/\"]}]},{\"@type\":\"ImageObject\",\"inLanguage\":\"ca\",\"@id\":\"https:\\\/\\\/ibecbarcelona.eu\\\/ca\\\/libec-participa-en-linnovation-day-barcelona-2020\\\/#primaryimage\",\"url\":\"https:\\\/\\\/ibecbarcelona.eu\\\/wp-content\\\/uploads\\\/2020\\\/11\\\/Cover.png\",\"contentUrl\":\"https:\\\/\\\/ibecbarcelona.eu\\\/wp-content\\\/uploads\\\/2020\\\/11\\\/Cover.png\"},{\"@type\":\"BreadcrumbList\",\"@id\":\"https:\\\/\\\/ibecbarcelona.eu\\\/ca\\\/libec-participa-en-linnovation-day-barcelona-2020\\\/#breadcrumb\",\"itemListElement\":[{\"@type\":\"ListItem\",\"position\":1,\"name\":\"Home\",\"item\":\"https:\\\/\\\/ibecbarcelona.eu\\\/ca\\\/\"},{\"@type\":\"ListItem\",\"position\":2,\"name\":\"L&#8217;IBEC participa en l\u2019Innovation Day Barcelona 2020\"}]},{\"@type\":\"WebSite\",\"@id\":\"https:\\\/\\\/ibecbarcelona.eu\\\/#website\",\"url\":\"https:\\\/\\\/ibecbarcelona.eu\\\/\",\"name\":\"Institute for Bioengineering of Catalonia\",\"description\":\"Bioengineering Solutions for Health\",\"publisher\":{\"@id\":\"https:\\\/\\\/ibecbarcelona.eu\\\/#organization\"},\"potentialAction\":[{\"@type\":\"SearchAction\",\"target\":{\"@type\":\"EntryPoint\",\"urlTemplate\":\"https:\\\/\\\/ibecbarcelona.eu\\\/?s={search_term_string}\"},\"query-input\":{\"@type\":\"PropertyValueSpecification\",\"valueRequired\":true,\"valueName\":\"search_term_string\"}}],\"inLanguage\":\"ca\"},{\"@type\":\"Organization\",\"@id\":\"https:\\\/\\\/ibecbarcelona.eu\\\/#organization\",\"name\":\"Institute for Bioengineering of Catalonia\",\"url\":\"https:\\\/\\\/ibecbarcelona.eu\\\/\",\"logo\":{\"@type\":\"ImageObject\",\"inLanguage\":\"ca\",\"@id\":\"https:\\\/\\\/ibecbarcelona.eu\\\/#\\\/schema\\\/logo\\\/image\\\/\",\"url\":\"https:\\\/\\\/ibecbarcelona.eu\\\/wp-content\\\/uploads\\\/2026\\\/01\\\/cropped-IBEC_20ANYS_GRIS.png\",\"contentUrl\":\"https:\\\/\\\/ibecbarcelona.eu\\\/wp-content\\\/uploads\\\/2026\\\/01\\\/cropped-IBEC_20ANYS_GRIS.png\",\"width\":696,\"height\":257,\"caption\":\"Institute for Bioengineering of Catalonia\"},\"image\":{\"@id\":\"https:\\\/\\\/ibecbarcelona.eu\\\/#\\\/schema\\\/logo\\\/image\\\/\"}},{\"@type\":\"Person\",\"@id\":\"https:\\\/\\\/ibecbarcelona.eu\\\/#\\\/schema\\\/person\\\/c212c6b589546130be67986b9290e2b8\",\"name\":\"\u00c0ngels L\u00f3pez\",\"image\":{\"@type\":\"ImageObject\",\"inLanguage\":\"ca\",\"@id\":\"https:\\\/\\\/secure.gravatar.com\\\/avatar\\\/09ad6ba116bea0b15c5511860f83b302579fd7404c1180e9dae55c3f11d988c6?s=96&d=mm&r=g\",\"url\":\"https:\\\/\\\/secure.gravatar.com\\\/avatar\\\/09ad6ba116bea0b15c5511860f83b302579fd7404c1180e9dae55c3f11d988c6?s=96&d=mm&r=g\",\"contentUrl\":\"https:\\\/\\\/secure.gravatar.com\\\/avatar\\\/09ad6ba116bea0b15c5511860f83b302579fd7404c1180e9dae55c3f11d988c6?s=96&d=mm&r=g\",\"caption\":\"\u00c0ngels L\u00f3pez\"},\"url\":\"https:\\\/\\\/ibecbarcelona.eu\\\/ca\\\/author\\\/alopez\\\/\"}]}<\/script>\n<!-- \/ Yoast SEO plugin. -->","yoast_head_json":{"title":"L'IBEC participa en l\u2019Innovation Day Barcelona 2020 - Institute for Bioengineering of Catalonia","robots":{"index":"index","follow":"follow","max-snippet":"max-snippet:-1","max-image-preview":"max-image-preview:large","max-video-preview":"max-video-preview:-1"},"canonical":"https:\/\/ibecbarcelona.eu\/ca\/libec-participa-en-linnovation-day-barcelona-2020\/","og_locale":"ca_ES","og_type":"article","og_title":"L'IBEC participa en l\u2019Innovation Day Barcelona 2020 - Institute for Bioengineering of Catalonia","og_description":"Des del 31 d\u2019octubre fins el 7 de novembre participants de diferents \u00e0mbits i nacionalitats van participar en la 3\u00aa edici\u00f3 de l\u2019Innovation Day (i-Day), una s\u00e8rie d\u2019esdeveniments organitzats per EIT Health en col\u00b7laboraci\u00f3 amb institucions locals d\u2019investigaci\u00f3 i salut.","og_url":"https:\/\/ibecbarcelona.eu\/ca\/libec-participa-en-linnovation-day-barcelona-2020\/","og_site_name":"Institute for Bioengineering of Catalonia","article_published_time":"2020-11-10T14:32:33+00:00","article_modified_time":"2020-11-24T08:56:30+00:00","og_image":[{"url":"https:\/\/ibecbarcelona.eu\/wp-content\/uploads\/2020\/11\/Cover.png","type":"","width":"","height":""}],"author":"\u00c0ngels L\u00f3pez","twitter_card":"summary_large_image","twitter_misc":{"Escrit per":"\u00c0ngels L\u00f3pez","Temps estimat de lectura":"3 minuts"},"schema":{"@context":"https:\/\/schema.org","@graph":[{"@type":"Article","@id":"https:\/\/ibecbarcelona.eu\/ca\/libec-participa-en-linnovation-day-barcelona-2020\/#article","isPartOf":{"@id":"https:\/\/ibecbarcelona.eu\/ca\/libec-participa-en-linnovation-day-barcelona-2020\/"},"author":{"name":"\u00c0ngels L\u00f3pez","@id":"https:\/\/ibecbarcelona.eu\/#\/schema\/person\/c212c6b589546130be67986b9290e2b8"},"headline":"L&#8217;IBEC participa en l\u2019Innovation Day Barcelona 2020","datePublished":"2020-11-10T14:32:33+00:00","dateModified":"2020-11-24T08:56:30+00:00","mainEntityOfPage":{"@id":"https:\/\/ibecbarcelona.eu\/ca\/libec-participa-en-linnovation-day-barcelona-2020\/"},"wordCount":526,"publisher":{"@id":"https:\/\/ibecbarcelona.eu\/#organization"},"image":{"@id":"https:\/\/ibecbarcelona.eu\/ca\/libec-participa-en-linnovation-day-barcelona-2020\/#primaryimage"},"thumbnailUrl":"https:\/\/ibecbarcelona.eu\/wp-content\/uploads\/2020\/11\/Cover.png","keywords":["I-Day","Javier Ram\u00f3n"],"articleSection":["Not\u00edcies institucionals"],"inLanguage":"ca"},{"@type":"WebPage","@id":"https:\/\/ibecbarcelona.eu\/ca\/libec-participa-en-linnovation-day-barcelona-2020\/","url":"https:\/\/ibecbarcelona.eu\/ca\/libec-participa-en-linnovation-day-barcelona-2020\/","name":"L'IBEC participa en l\u2019Innovation Day Barcelona 2020 - Institute for Bioengineering of Catalonia","isPartOf":{"@id":"https:\/\/ibecbarcelona.eu\/#website"},"primaryImageOfPage":{"@id":"https:\/\/ibecbarcelona.eu\/ca\/libec-participa-en-linnovation-day-barcelona-2020\/#primaryimage"},"image":{"@id":"https:\/\/ibecbarcelona.eu\/ca\/libec-participa-en-linnovation-day-barcelona-2020\/#primaryimage"},"thumbnailUrl":"https:\/\/ibecbarcelona.eu\/wp-content\/uploads\/2020\/11\/Cover.png","datePublished":"2020-11-10T14:32:33+00:00","dateModified":"2020-11-24T08:56:30+00:00","breadcrumb":{"@id":"https:\/\/ibecbarcelona.eu\/ca\/libec-participa-en-linnovation-day-barcelona-2020\/#breadcrumb"},"inLanguage":"ca","potentialAction":[{"@type":"ReadAction","target":["https:\/\/ibecbarcelona.eu\/ca\/libec-participa-en-linnovation-day-barcelona-2020\/"]}]},{"@type":"ImageObject","inLanguage":"ca","@id":"https:\/\/ibecbarcelona.eu\/ca\/libec-participa-en-linnovation-day-barcelona-2020\/#primaryimage","url":"https:\/\/ibecbarcelona.eu\/wp-content\/uploads\/2020\/11\/Cover.png","contentUrl":"https:\/\/ibecbarcelona.eu\/wp-content\/uploads\/2020\/11\/Cover.png"},{"@type":"BreadcrumbList","@id":"https:\/\/ibecbarcelona.eu\/ca\/libec-participa-en-linnovation-day-barcelona-2020\/#breadcrumb","itemListElement":[{"@type":"ListItem","position":1,"name":"Home","item":"https:\/\/ibecbarcelona.eu\/ca\/"},{"@type":"ListItem","position":2,"name":"L&#8217;IBEC participa en l\u2019Innovation Day Barcelona 2020"}]},{"@type":"WebSite","@id":"https:\/\/ibecbarcelona.eu\/#website","url":"https:\/\/ibecbarcelona.eu\/","name":"Institute for Bioengineering of Catalonia","description":"Bioengineering Solutions for Health","publisher":{"@id":"https:\/\/ibecbarcelona.eu\/#organization"},"potentialAction":[{"@type":"SearchAction","target":{"@type":"EntryPoint","urlTemplate":"https:\/\/ibecbarcelona.eu\/?s={search_term_string}"},"query-input":{"@type":"PropertyValueSpecification","valueRequired":true,"valueName":"search_term_string"}}],"inLanguage":"ca"},{"@type":"Organization","@id":"https:\/\/ibecbarcelona.eu\/#organization","name":"Institute for Bioengineering of Catalonia","url":"https:\/\/ibecbarcelona.eu\/","logo":{"@type":"ImageObject","inLanguage":"ca","@id":"https:\/\/ibecbarcelona.eu\/#\/schema\/logo\/image\/","url":"https:\/\/ibecbarcelona.eu\/wp-content\/uploads\/2026\/01\/cropped-IBEC_20ANYS_GRIS.png","contentUrl":"https:\/\/ibecbarcelona.eu\/wp-content\/uploads\/2026\/01\/cropped-IBEC_20ANYS_GRIS.png","width":696,"height":257,"caption":"Institute for Bioengineering of Catalonia"},"image":{"@id":"https:\/\/ibecbarcelona.eu\/#\/schema\/logo\/image\/"}},{"@type":"Person","@id":"https:\/\/ibecbarcelona.eu\/#\/schema\/person\/c212c6b589546130be67986b9290e2b8","name":"\u00c0ngels L\u00f3pez","image":{"@type":"ImageObject","inLanguage":"ca","@id":"https:\/\/secure.gravatar.com\/avatar\/09ad6ba116bea0b15c5511860f83b302579fd7404c1180e9dae55c3f11d988c6?s=96&d=mm&r=g","url":"https:\/\/secure.gravatar.com\/avatar\/09ad6ba116bea0b15c5511860f83b302579fd7404c1180e9dae55c3f11d988c6?s=96&d=mm&r=g","contentUrl":"https:\/\/secure.gravatar.com\/avatar\/09ad6ba116bea0b15c5511860f83b302579fd7404c1180e9dae55c3f11d988c6?s=96&d=mm&r=g","caption":"\u00c0ngels L\u00f3pez"},"url":"https:\/\/ibecbarcelona.eu\/ca\/author\/alopez\/"}]}},"AFP_featured_media_urls":{"full":false,"thumbnail":false,"medium":false,"medium_large":false,"large":false},"AFP_attachments":{"full":["https:\/\/ibecbarcelona.eu\/wp-content\/uploads\/2020\/11\/Cover.png",977,552,false],"thumbnail":["https:\/\/ibecbarcelona.eu\/wp-content\/uploads\/2020\/11\/Cover-150x150.png",150,150,true],"medium":["https:\/\/ibecbarcelona.eu\/wp-content\/uploads\/2020\/11\/Cover-300x169.png",300,169,true],"medium_large":["https:\/\/ibecbarcelona.eu\/wp-content\/uploads\/2020\/11\/Cover-768x434.png",768,434,true],"large":["https:\/\/ibecbarcelona.eu\/wp-content\/uploads\/2020\/11\/Cover.png",977,552,false]},"AFP_videos":[],"AFP_video_blocks":"","AFP_category_names":["Not\u00edcies institucionals"],"_links":{"self":[{"href":"https:\/\/ibecbarcelona.eu\/ca\/wp-json\/wp\/v2\/posts\/79306","targetHints":{"allow":["GET"]}}],"collection":[{"href":"https:\/\/ibecbarcelona.eu\/ca\/wp-json\/wp\/v2\/posts"}],"about":[{"href":"https:\/\/ibecbarcelona.eu\/ca\/wp-json\/wp\/v2\/types\/post"}],"author":[{"embeddable":true,"href":"https:\/\/ibecbarcelona.eu\/ca\/wp-json\/wp\/v2\/users\/4"}],"replies":[{"embeddable":true,"href":"https:\/\/ibecbarcelona.eu\/ca\/wp-json\/wp\/v2\/comments?post=79306"}],"version-history":[{"count":3,"href":"https:\/\/ibecbarcelona.eu\/ca\/wp-json\/wp\/v2\/posts\/79306\/revisions"}],"predecessor-version":[{"id":79329,"href":"https:\/\/ibecbarcelona.eu\/ca\/wp-json\/wp\/v2\/posts\/79306\/revisions\/79329"}],"wp:attachment":[{"href":"https:\/\/ibecbarcelona.eu\/ca\/wp-json\/wp\/v2\/media?parent=79306"}],"wp:term":[{"taxonomy":"category","embeddable":true,"href":"https:\/\/ibecbarcelona.eu\/ca\/wp-json\/wp\/v2\/categories?post=79306"},{"taxonomy":"post_tag","embeddable":true,"href":"https:\/\/ibecbarcelona.eu\/ca\/wp-json\/wp\/v2\/tags?post=79306"},{"taxonomy":"post_format","embeddable":true,"href":"https:\/\/ibecbarcelona.eu\/ca\/wp-json\/wp\/v2\/post_formats?post=79306"}],"curies":[{"name":"wp","href":"https:\/\/api.w.org\/{rel}","templated":true}]}}