
{"id":8158,"date":"2014-04-07T08:52:16","date_gmt":"2014-04-07T08:52:16","guid":{"rendered":"http:\/\/ibecbarcelona.eu\/new\/ibec-formara-part-dun-programa-dexcellencia-de-formacio-del-professorat\/"},"modified":"2015-01-07T15:26:58","modified_gmt":"2015-01-07T15:26:58","slug":"ibec-formara-part-dun-programa-dexcellencia-de-formacio-del-professorat","status":"publish","type":"post","link":"https:\/\/ibecbarcelona.eu\/ca\/ibec-formara-part-dun-programa-dexcellencia-de-formacio-del-professorat\/","title":{"rendered":"IBEC formar\u00e0 part d\u2019un programa d\u2019excel\u2022l\u00e8ncia de formaci\u00f3 del professorat"},"content":{"rendered":"<p><span style=\"line-height: 1.3em;\">La fundaci\u00f3 ha escollit a alguns dels \u201ccentres i instituts l\u00edders en recerca\u201d de Catalunya per formar part d\u2019aquest programa que proporcionar\u00e0 a 230 professors l\u2019oportunitat de rebre formaci\u00f3 espec\u00edfica en diferents mat\u00e8ries per despr\u00e9s poder traslladar-la a l\u2019aula. El curs de 6 hores del IBEC, \u201cUna finestra al desenvolupament embrionari del sistema nervi\u00f3s\u201d, tindr\u00e0 lloc al Maig i l\u2019impartiran la Vanessa Gil i l\u2019Ariadna P\u00e9rez del grup de Neurobiotecnologia Molecular i Cel\u2022lular liderat pel Dr. Antonio del R\u00edo.<\/span><\/p>\n<p><span style=\"line-height: 1.3em;\">Els altres centres seleccionats per impartir cursos en aquest programa inclouen al Institut d\u2019Arqueologia Cl\u00e0ssica (ICAC), al Institut de Ci\u00e8ncies Fot\u00f2niques (ICFO) i al Institut Qu\u00edmic de Sarri\u00e0 (IQS).<\/span><\/p>\n<p>\u00a0<\/p>\n<p> Per m\u00e9s informaci\u00f3 visiti la p\u00e0gina web del programa: <a href=\"http:\/\/www.professorsiciencia.com\/\">www.professorsiciencia.com<\/a><\/p>\n","protected":false},"excerpt":{"rendered":"<p>L\u2019Institut de Bioenginyeria de Catalunya (IBEC) \u00e9s un dels 13 centres de recerca que han estat seleccionats per formar part de l\u2019edici\u00f3 del 2014 del programa Professors i Ci\u00e8ncia organitzat per la Fundaci\u00f3 Catalunya-La Pedrera. Es tracta d\u2019un programa d\u2019excel\u2022l\u00e8ncia per proporcionar formaci\u00f3 especialitzada a professors de ci\u00e8ncies de secund\u00e0ria.<\/p>\n","protected":false},"author":4,"featured_media":0,"comment_status":"closed","ping_status":"closed","sticky":false,"template":"","format":"standard","meta":{"footnotes":""},"categories":[98],"tags":[],"post_formats":[],"class_list":["post-8158","post","type-post","status-publish","format-standard","hentry","category-noticies-institucionals"],"yoast_head":"<!-- This site is optimized with the Yoast SEO plugin v27.4 - https:\/\/yoast.com\/product\/yoast-seo-wordpress\/ -->\n<title>IBEC formar\u00e0 part d\u2019un programa d\u2019excel\u2022l\u00e8ncia de formaci\u00f3 del professorat - Institute for Bioengineering of Catalonia<\/title>\n<meta name=\"robots\" content=\"index, follow, max-snippet:-1, max-image-preview:large, max-video-preview:-1\" \/>\n<link rel=\"canonical\" href=\"https:\/\/ibecbarcelona.eu\/ca\/ibec-formara-part-dun-programa-dexcellencia-de-formacio-del-professorat\/\" \/>\n<meta property=\"og:locale\" content=\"ca_ES\" \/>\n<meta property=\"og:type\" content=\"article\" \/>\n<meta property=\"og:title\" content=\"IBEC formar\u00e0 part d\u2019un programa d\u2019excel\u2022l\u00e8ncia de formaci\u00f3 del professorat - Institute for Bioengineering of Catalonia\" \/>\n<meta property=\"og:description\" content=\"L\u2019Institut de Bioenginyeria de Catalunya (IBEC) \u00e9s un dels 13 centres de recerca que han estat seleccionats per formar part de l\u2019edici\u00f3 del 2014 del programa Professors i Ci\u00e8ncia organitzat per la Fundaci\u00f3 Catalunya-La Pedrera. Es tracta d\u2019un programa d\u2019excel\u2022l\u00e8ncia per proporcionar formaci\u00f3 especialitzada a professors de ci\u00e8ncies de secund\u00e0ria.\" \/>\n<meta property=\"og:url\" content=\"https:\/\/ibecbarcelona.eu\/ca\/ibec-formara-part-dun-programa-dexcellencia-de-formacio-del-professorat\/\" \/>\n<meta property=\"og:site_name\" content=\"Institute for Bioengineering of Catalonia\" \/>\n<meta property=\"article:published_time\" content=\"2014-04-07T08:52:16+00:00\" \/>\n<meta property=\"article:modified_time\" content=\"2015-01-07T15:26:58+00:00\" \/>\n<meta name=\"author\" content=\"\u00c0ngels L\u00f3pez\" \/>\n<meta name=\"twitter:card\" content=\"summary_large_image\" \/>\n<meta name=\"twitter:label1\" content=\"Escrit per\" \/>\n\t<meta name=\"twitter:data1\" content=\"\u00c0ngels L\u00f3pez\" \/>\n\t<meta name=\"twitter:label2\" content=\"Temps estimat de lectura\" \/>\n\t<meta name=\"twitter:data2\" content=\"1 minut\" \/>\n<script type=\"application\/ld+json\" class=\"yoast-schema-graph\">{\"@context\":\"https:\\\/\\\/schema.org\",\"@graph\":[{\"@type\":\"Article\",\"@id\":\"https:\\\/\\\/ibecbarcelona.eu\\\/ca\\\/ibec-formara-part-dun-programa-dexcellencia-de-formacio-del-professorat\\\/#article\",\"isPartOf\":{\"@id\":\"https:\\\/\\\/ibecbarcelona.eu\\\/ca\\\/ibec-formara-part-dun-programa-dexcellencia-de-formacio-del-professorat\\\/\"},\"author\":{\"name\":\"\u00c0ngels L\u00f3pez\",\"@id\":\"https:\\\/\\\/ibecbarcelona.eu\\\/#\\\/schema\\\/person\\\/c212c6b589546130be67986b9290e2b8\"},\"headline\":\"IBEC formar\u00e0 part d\u2019un programa d\u2019excel\u2022l\u00e8ncia de formaci\u00f3 del professorat\",\"datePublished\":\"2014-04-07T08:52:16+00:00\",\"dateModified\":\"2015-01-07T15:26:58+00:00\",\"mainEntityOfPage\":{\"@id\":\"https:\\\/\\\/ibecbarcelona.eu\\\/ca\\\/ibec-formara-part-dun-programa-dexcellencia-de-formacio-del-professorat\\\/\"},\"wordCount\":152,\"publisher\":{\"@id\":\"https:\\\/\\\/ibecbarcelona.eu\\\/#organization\"},\"articleSection\":[\"Not\u00edcies institucionals\"],\"inLanguage\":\"ca\"},{\"@type\":\"WebPage\",\"@id\":\"https:\\\/\\\/ibecbarcelona.eu\\\/ca\\\/ibec-formara-part-dun-programa-dexcellencia-de-formacio-del-professorat\\\/\",\"url\":\"https:\\\/\\\/ibecbarcelona.eu\\\/ca\\\/ibec-formara-part-dun-programa-dexcellencia-de-formacio-del-professorat\\\/\",\"name\":\"IBEC formar\u00e0 part d\u2019un programa d\u2019excel\u2022l\u00e8ncia de formaci\u00f3 del professorat - Institute for Bioengineering of Catalonia\",\"isPartOf\":{\"@id\":\"https:\\\/\\\/ibecbarcelona.eu\\\/#website\"},\"datePublished\":\"2014-04-07T08:52:16+00:00\",\"dateModified\":\"2015-01-07T15:26:58+00:00\",\"breadcrumb\":{\"@id\":\"https:\\\/\\\/ibecbarcelona.eu\\\/ca\\\/ibec-formara-part-dun-programa-dexcellencia-de-formacio-del-professorat\\\/#breadcrumb\"},\"inLanguage\":\"ca\",\"potentialAction\":[{\"@type\":\"ReadAction\",\"target\":[\"https:\\\/\\\/ibecbarcelona.eu\\\/ca\\\/ibec-formara-part-dun-programa-dexcellencia-de-formacio-del-professorat\\\/\"]}]},{\"@type\":\"BreadcrumbList\",\"@id\":\"https:\\\/\\\/ibecbarcelona.eu\\\/ca\\\/ibec-formara-part-dun-programa-dexcellencia-de-formacio-del-professorat\\\/#breadcrumb\",\"itemListElement\":[{\"@type\":\"ListItem\",\"position\":1,\"name\":\"Home\",\"item\":\"https:\\\/\\\/ibecbarcelona.eu\\\/ca\\\/\"},{\"@type\":\"ListItem\",\"position\":2,\"name\":\"IBEC formar\u00e0 part d\u2019un programa d\u2019excel\u2022l\u00e8ncia de formaci\u00f3 del professorat\"}]},{\"@type\":\"WebSite\",\"@id\":\"https:\\\/\\\/ibecbarcelona.eu\\\/#website\",\"url\":\"https:\\\/\\\/ibecbarcelona.eu\\\/\",\"name\":\"Institute for Bioengineering of Catalonia\",\"description\":\"Bioengineering Solutions for Health\",\"publisher\":{\"@id\":\"https:\\\/\\\/ibecbarcelona.eu\\\/#organization\"},\"potentialAction\":[{\"@type\":\"SearchAction\",\"target\":{\"@type\":\"EntryPoint\",\"urlTemplate\":\"https:\\\/\\\/ibecbarcelona.eu\\\/?s={search_term_string}\"},\"query-input\":{\"@type\":\"PropertyValueSpecification\",\"valueRequired\":true,\"valueName\":\"search_term_string\"}}],\"inLanguage\":\"ca\"},{\"@type\":\"Organization\",\"@id\":\"https:\\\/\\\/ibecbarcelona.eu\\\/#organization\",\"name\":\"Institute for Bioengineering of Catalonia\",\"url\":\"https:\\\/\\\/ibecbarcelona.eu\\\/\",\"logo\":{\"@type\":\"ImageObject\",\"inLanguage\":\"ca\",\"@id\":\"https:\\\/\\\/ibecbarcelona.eu\\\/#\\\/schema\\\/logo\\\/image\\\/\",\"url\":\"https:\\\/\\\/ibecbarcelona.eu\\\/wp-content\\\/uploads\\\/2026\\\/01\\\/cropped-IBEC_20ANYS_GRIS.png\",\"contentUrl\":\"https:\\\/\\\/ibecbarcelona.eu\\\/wp-content\\\/uploads\\\/2026\\\/01\\\/cropped-IBEC_20ANYS_GRIS.png\",\"width\":696,\"height\":257,\"caption\":\"Institute for Bioengineering of Catalonia\"},\"image\":{\"@id\":\"https:\\\/\\\/ibecbarcelona.eu\\\/#\\\/schema\\\/logo\\\/image\\\/\"}},{\"@type\":\"Person\",\"@id\":\"https:\\\/\\\/ibecbarcelona.eu\\\/#\\\/schema\\\/person\\\/c212c6b589546130be67986b9290e2b8\",\"name\":\"\u00c0ngels L\u00f3pez\",\"image\":{\"@type\":\"ImageObject\",\"inLanguage\":\"ca\",\"@id\":\"https:\\\/\\\/secure.gravatar.com\\\/avatar\\\/09ad6ba116bea0b15c5511860f83b302579fd7404c1180e9dae55c3f11d988c6?s=96&d=mm&r=g\",\"url\":\"https:\\\/\\\/secure.gravatar.com\\\/avatar\\\/09ad6ba116bea0b15c5511860f83b302579fd7404c1180e9dae55c3f11d988c6?s=96&d=mm&r=g\",\"contentUrl\":\"https:\\\/\\\/secure.gravatar.com\\\/avatar\\\/09ad6ba116bea0b15c5511860f83b302579fd7404c1180e9dae55c3f11d988c6?s=96&d=mm&r=g\",\"caption\":\"\u00c0ngels L\u00f3pez\"},\"url\":\"https:\\\/\\\/ibecbarcelona.eu\\\/ca\\\/author\\\/alopez\\\/\"}]}<\/script>\n<!-- \/ Yoast SEO plugin. -->","yoast_head_json":{"title":"IBEC formar\u00e0 part d\u2019un programa d\u2019excel\u2022l\u00e8ncia de formaci\u00f3 del professorat - Institute for Bioengineering of Catalonia","robots":{"index":"index","follow":"follow","max-snippet":"max-snippet:-1","max-image-preview":"max-image-preview:large","max-video-preview":"max-video-preview:-1"},"canonical":"https:\/\/ibecbarcelona.eu\/ca\/ibec-formara-part-dun-programa-dexcellencia-de-formacio-del-professorat\/","og_locale":"ca_ES","og_type":"article","og_title":"IBEC formar\u00e0 part d\u2019un programa d\u2019excel\u2022l\u00e8ncia de formaci\u00f3 del professorat - Institute for Bioengineering of Catalonia","og_description":"L\u2019Institut de Bioenginyeria de Catalunya (IBEC) \u00e9s un dels 13 centres de recerca que han estat seleccionats per formar part de l\u2019edici\u00f3 del 2014 del programa Professors i Ci\u00e8ncia organitzat per la Fundaci\u00f3 Catalunya-La Pedrera. Es tracta d\u2019un programa d\u2019excel\u2022l\u00e8ncia per proporcionar formaci\u00f3 especialitzada a professors de ci\u00e8ncies de secund\u00e0ria.","og_url":"https:\/\/ibecbarcelona.eu\/ca\/ibec-formara-part-dun-programa-dexcellencia-de-formacio-del-professorat\/","og_site_name":"Institute for Bioengineering of Catalonia","article_published_time":"2014-04-07T08:52:16+00:00","article_modified_time":"2015-01-07T15:26:58+00:00","author":"\u00c0ngels L\u00f3pez","twitter_card":"summary_large_image","twitter_misc":{"Escrit per":"\u00c0ngels L\u00f3pez","Temps estimat de lectura":"1 minut"},"schema":{"@context":"https:\/\/schema.org","@graph":[{"@type":"Article","@id":"https:\/\/ibecbarcelona.eu\/ca\/ibec-formara-part-dun-programa-dexcellencia-de-formacio-del-professorat\/#article","isPartOf":{"@id":"https:\/\/ibecbarcelona.eu\/ca\/ibec-formara-part-dun-programa-dexcellencia-de-formacio-del-professorat\/"},"author":{"name":"\u00c0ngels L\u00f3pez","@id":"https:\/\/ibecbarcelona.eu\/#\/schema\/person\/c212c6b589546130be67986b9290e2b8"},"headline":"IBEC formar\u00e0 part d\u2019un programa d\u2019excel\u2022l\u00e8ncia de formaci\u00f3 del professorat","datePublished":"2014-04-07T08:52:16+00:00","dateModified":"2015-01-07T15:26:58+00:00","mainEntityOfPage":{"@id":"https:\/\/ibecbarcelona.eu\/ca\/ibec-formara-part-dun-programa-dexcellencia-de-formacio-del-professorat\/"},"wordCount":152,"publisher":{"@id":"https:\/\/ibecbarcelona.eu\/#organization"},"articleSection":["Not\u00edcies institucionals"],"inLanguage":"ca"},{"@type":"WebPage","@id":"https:\/\/ibecbarcelona.eu\/ca\/ibec-formara-part-dun-programa-dexcellencia-de-formacio-del-professorat\/","url":"https:\/\/ibecbarcelona.eu\/ca\/ibec-formara-part-dun-programa-dexcellencia-de-formacio-del-professorat\/","name":"IBEC formar\u00e0 part d\u2019un programa d\u2019excel\u2022l\u00e8ncia de formaci\u00f3 del professorat - Institute for Bioengineering of Catalonia","isPartOf":{"@id":"https:\/\/ibecbarcelona.eu\/#website"},"datePublished":"2014-04-07T08:52:16+00:00","dateModified":"2015-01-07T15:26:58+00:00","breadcrumb":{"@id":"https:\/\/ibecbarcelona.eu\/ca\/ibec-formara-part-dun-programa-dexcellencia-de-formacio-del-professorat\/#breadcrumb"},"inLanguage":"ca","potentialAction":[{"@type":"ReadAction","target":["https:\/\/ibecbarcelona.eu\/ca\/ibec-formara-part-dun-programa-dexcellencia-de-formacio-del-professorat\/"]}]},{"@type":"BreadcrumbList","@id":"https:\/\/ibecbarcelona.eu\/ca\/ibec-formara-part-dun-programa-dexcellencia-de-formacio-del-professorat\/#breadcrumb","itemListElement":[{"@type":"ListItem","position":1,"name":"Home","item":"https:\/\/ibecbarcelona.eu\/ca\/"},{"@type":"ListItem","position":2,"name":"IBEC formar\u00e0 part d\u2019un programa d\u2019excel\u2022l\u00e8ncia de formaci\u00f3 del professorat"}]},{"@type":"WebSite","@id":"https:\/\/ibecbarcelona.eu\/#website","url":"https:\/\/ibecbarcelona.eu\/","name":"Institute for Bioengineering of Catalonia","description":"Bioengineering Solutions for Health","publisher":{"@id":"https:\/\/ibecbarcelona.eu\/#organization"},"potentialAction":[{"@type":"SearchAction","target":{"@type":"EntryPoint","urlTemplate":"https:\/\/ibecbarcelona.eu\/?s={search_term_string}"},"query-input":{"@type":"PropertyValueSpecification","valueRequired":true,"valueName":"search_term_string"}}],"inLanguage":"ca"},{"@type":"Organization","@id":"https:\/\/ibecbarcelona.eu\/#organization","name":"Institute for Bioengineering of Catalonia","url":"https:\/\/ibecbarcelona.eu\/","logo":{"@type":"ImageObject","inLanguage":"ca","@id":"https:\/\/ibecbarcelona.eu\/#\/schema\/logo\/image\/","url":"https:\/\/ibecbarcelona.eu\/wp-content\/uploads\/2026\/01\/cropped-IBEC_20ANYS_GRIS.png","contentUrl":"https:\/\/ibecbarcelona.eu\/wp-content\/uploads\/2026\/01\/cropped-IBEC_20ANYS_GRIS.png","width":696,"height":257,"caption":"Institute for Bioengineering of Catalonia"},"image":{"@id":"https:\/\/ibecbarcelona.eu\/#\/schema\/logo\/image\/"}},{"@type":"Person","@id":"https:\/\/ibecbarcelona.eu\/#\/schema\/person\/c212c6b589546130be67986b9290e2b8","name":"\u00c0ngels L\u00f3pez","image":{"@type":"ImageObject","inLanguage":"ca","@id":"https:\/\/secure.gravatar.com\/avatar\/09ad6ba116bea0b15c5511860f83b302579fd7404c1180e9dae55c3f11d988c6?s=96&d=mm&r=g","url":"https:\/\/secure.gravatar.com\/avatar\/09ad6ba116bea0b15c5511860f83b302579fd7404c1180e9dae55c3f11d988c6?s=96&d=mm&r=g","contentUrl":"https:\/\/secure.gravatar.com\/avatar\/09ad6ba116bea0b15c5511860f83b302579fd7404c1180e9dae55c3f11d988c6?s=96&d=mm&r=g","caption":"\u00c0ngels L\u00f3pez"},"url":"https:\/\/ibecbarcelona.eu\/ca\/author\/alopez\/"}]}},"AFP_featured_media_urls":{"full":false,"thumbnail":false,"medium":false,"medium_large":false,"large":false},"AFP_attachments":[],"AFP_videos":[],"AFP_video_blocks":"","AFP_category_names":["Not\u00edcies institucionals"],"_links":{"self":[{"href":"https:\/\/ibecbarcelona.eu\/ca\/wp-json\/wp\/v2\/posts\/8158","targetHints":{"allow":["GET"]}}],"collection":[{"href":"https:\/\/ibecbarcelona.eu\/ca\/wp-json\/wp\/v2\/posts"}],"about":[{"href":"https:\/\/ibecbarcelona.eu\/ca\/wp-json\/wp\/v2\/types\/post"}],"author":[{"embeddable":true,"href":"https:\/\/ibecbarcelona.eu\/ca\/wp-json\/wp\/v2\/users\/4"}],"replies":[{"embeddable":true,"href":"https:\/\/ibecbarcelona.eu\/ca\/wp-json\/wp\/v2\/comments?post=8158"}],"version-history":[{"count":0,"href":"https:\/\/ibecbarcelona.eu\/ca\/wp-json\/wp\/v2\/posts\/8158\/revisions"}],"wp:attachment":[{"href":"https:\/\/ibecbarcelona.eu\/ca\/wp-json\/wp\/v2\/media?parent=8158"}],"wp:term":[{"taxonomy":"category","embeddable":true,"href":"https:\/\/ibecbarcelona.eu\/ca\/wp-json\/wp\/v2\/categories?post=8158"},{"taxonomy":"post_tag","embeddable":true,"href":"https:\/\/ibecbarcelona.eu\/ca\/wp-json\/wp\/v2\/tags?post=8158"},{"taxonomy":"post_format","embeddable":true,"href":"https:\/\/ibecbarcelona.eu\/ca\/wp-json\/wp\/v2\/post_formats?post=8158"}],"curies":[{"name":"wp","href":"https:\/\/api.w.org\/{rel}","templated":true}]}}