
{"id":8165,"date":"2014-04-07T11:07:58","date_gmt":"2014-04-07T11:07:58","guid":{"rendered":"http:\/\/ibecbarcelona.eu\/new\/diagnostic-mes-rapid-i-precis-per-a-infeccions-del-tracte-respiratori-inferior\/"},"modified":"2015-01-08T09:01:05","modified_gmt":"2015-01-08T09:01:05","slug":"diagnostic-mes-rapid-i-precis-per-a-infeccions-del-tracte-respiratori-inferior","status":"publish","type":"post","link":"https:\/\/ibecbarcelona.eu\/ca\/diagnostic-mes-rapid-i-precis-per-a-infeccions-del-tracte-respiratori-inferior\/","title":{"rendered":"Diagn\u00f2stic m\u00e9s r\u00e0pid i prec\u00eds per a infeccions del tracte respiratori inferior"},"content":{"rendered":"<p><em> <\/em> <\/p>\n<p>Un estudi en el qual han participat investigadors de l&#8217;Institut de Bioenginyeria de Catalunya (IBEC), de la Universitat de Barcelona (UB) i de l\u2019empresa catalana Biokit SA descriu el desenvolupament d\u2019un dispositiu \u2018en-un-xip\u2019 que \u00e9s capa\u00e7 de dur a terme una extracci\u00f3 autom\u00e0tica de mostres humanes i fer probes per material gen\u00e8tic bacteri\u00e0 o v\u00edric (ADN o ARN).<\/p>\n<p>El dispositiu en miniatura est\u00e0 especialment focalitzat cap a les infeccions del tracte respiratori inferior com la pneum\u00f2nia o la bronquitis. El dispositiu fa la preparaci\u00f3 total de la mostra i extreu l\u2019ADN o l\u2019ARN purificat de pat\u00f2gens de les vies respirat\u00f2ries de mostres reals de manera m\u00e9s efectiva que els m\u00e8todes existents. Tamb\u00e9 ofereix una operaci\u00f3 de mans lliures, dades autoexplicatives i resultats fiables incl\u00fas si l\u2019utilitza una persona no experta.<\/p>\n<p> \u201cLes infeccions del tracte respiratori inferior causen 3,4 milions de morts a l&#8217;any a tot el m\u00f3n. Els agents causants d\u2019aquestes malalties poden ser bacteris o virus, per\u00f2 els metges no poden determinar quin \u00e9s l\u2019agent basant-se \u00fanicament en els s\u00edmptomes cl\u00ednics,\u201d explica l\u2019Antoni Homs del grup de Nanobioenginyeria de l&#8217;IBEC. \u201cEls tests de diagn\u00f2stic tradicionals requereixen almenys 48 hores i els laboratoris de diagn\u00f2stic habitualment no estan dirigits als pacients amb aquests s\u00edmptomes que s\u2019atenen als centres d\u2019atenci\u00f3 prim\u00e0ria. Com a resultat existeix la incertesa sobre quina mena de bacteri o virus est\u00e0 causant els s\u00edmptomes. De manera que el nostre repte clau era dissenyar alguna cosa que fos capa\u00e7 d\u2019exercir tot el proc\u00e9s de preparaci\u00f3 d\u2019una mostra cl\u00ednica, tant de pat\u00f2gens respiratoris bacterians com v\u00edrics, i que a\u00eflli i recuperi el material gen\u00e8tic d\u2019una forma f\u00e0cil i r\u00e0pida&#8221;.<\/p>\n<p>La miniaturitzaci\u00f3 i la integraci\u00f3 dels procediments complets de preparaci\u00f3 de la mostra representen un important pas per a l\u2019aplicaci\u00f3 en un dispositiu de diagn\u00f2stic immediat d\u2019aquestes malalties. \u201cA m\u00e9s, sabent que les infeccions del tracte respiratori s\u00f3n la ra\u00f3 m\u00e9s habitual per a prescriure antibi\u00f2tics i que la resist\u00e8ncia a antibi\u00f2tics est\u00e0 altament correlacionada amb el consum d\u2019antibi\u00f2tics, podem assegurar que millorar els diagn\u00f2stics en aquest camp ajudar\u00e0 a frenar la resist\u00e8ncia als antibi\u00f2tics,\u201d afegeix l\u2019Antoni Homs.<\/p>\n<p> La recerca, que va ser duta a terme com a part del projecte theraEDGE, finan\u00e7at per la Uni\u00f3 Europea, i en un acord de col\u00b7laboraci\u00f3 entre l\u2019IBEC i Biokit SA (Grup Werfen), tamb\u00e9 a involucrat a investigadors de l\u2019Institut f\u00fcr MIkrotechnik Mainz GmbH (IMM) d\u2019Alemanya i de la Universitat  d\u2019Antwerp de B\u00e8lgica i la resta d\u2019un consorci que inclou a 16 empreses i institucions europees.<\/p>\n<p> &#8212; <\/p>\n<p>Van Heirstraeten, L., Spang, P., Schwind, C., Drese, K. S., Ritzi-Lehnert, M., Nieto, B., Camps, M., Landgraf, B., Guasch, F., Homs Corbera, A., Samitier, J., Goossens, H., Malhotra-Kumar, S. &amp; Roeser, T. (2014). <a href=\"http:\/\/pubs.rsc.org\/en\/content\/articlelanding\/2014\/lc\/c3lc51339d#!divAbstract\" target=\"_blank\">Integrated DNA and RNA extraction and purification on an automated microfluidic cassette from bacterial and viral pathogens causing community-acquired lower respiratory tract infections.<\/a> <em>Lab Chip<\/em>, 14, 1519-1526<\/p>\n","protected":false},"excerpt":{"rendered":"<h3><img decoding=\"async\" class=\"left size-full wp-image-8161 lazyload\" data-src=\"https:\/\/ibecbarcelona.eu\/wp-content\/uploads\/2014\/04\/biokithoms.jpg\" border=\"0\" width=\"340\" height=\"210\" data-srcset=\"https:\/\/ibecbarcelona.eu\/wp-content\/uploads\/2014\/04\/biokithoms.jpg 340w, https:\/\/ibecbarcelona.eu\/wp-content\/uploads\/2014\/04\/biokithoms-300x185.jpg 300w, https:\/\/ibecbarcelona.eu\/wp-content\/uploads\/2014\/04\/biokithoms-242x150.jpg 242w, https:\/\/ibecbarcelona.eu\/wp-content\/uploads\/2014\/04\/biokithoms-150x92.jpg 150w\" data-sizes=\"(max-width: 340px) 100vw, 340px\" src=\"data:image\/svg+xml;base64,PHN2ZyB3aWR0aD0iMSIgaGVpZ2h0PSIxIiB4bWxucz0iaHR0cDovL3d3dy53My5vcmcvMjAwMC9zdmciPjwvc3ZnPg==\" style=\"--smush-placeholder-width: 340px; --smush-placeholder-aspect-ratio: 340\/210;\" \/>Una col\u00b7laboraci\u00f3 entre investigaci\u00f3 i industria desenvolupa una plataforma de diagn\u00f2stic en miniatura per a les infeccions respirat\u00f2ries com la pneum\u00f2nia o la bronquitis infecciosa<\/h3>\n<h3><em> <\/em><\/h3>\n<h3>La investigaci\u00f3 est\u00e0 destacada a la portada de l\u2019\u00faltim n\u00famero de <em>Lab on a Chip<\/em><\/h3>\n","protected":false},"author":4,"featured_media":8161,"comment_status":"closed","ping_status":"closed","sticky":false,"template":"","format":"standard","meta":{"footnotes":""},"categories":[96],"tags":[],"post_formats":[],"class_list":["post-8165","post","type-post","status-publish","format-standard","has-post-thumbnail","hentry","category-noticies-de-recerca"],"yoast_head":"<!-- This site is optimized with the Yoast SEO plugin v27.4 - https:\/\/yoast.com\/product\/yoast-seo-wordpress\/ -->\n<title>Diagn\u00f2stic m\u00e9s r\u00e0pid i prec\u00eds per a infeccions del tracte respiratori inferior - Institute for Bioengineering of Catalonia<\/title>\n<meta name=\"robots\" content=\"index, follow, max-snippet:-1, max-image-preview:large, max-video-preview:-1\" \/>\n<link rel=\"canonical\" href=\"https:\/\/ibecbarcelona.eu\/ca\/diagnostic-mes-rapid-i-precis-per-a-infeccions-del-tracte-respiratori-inferior\/\" \/>\n<meta property=\"og:locale\" content=\"ca_ES\" \/>\n<meta property=\"og:type\" content=\"article\" \/>\n<meta property=\"og:title\" content=\"Diagn\u00f2stic m\u00e9s r\u00e0pid i prec\u00eds per a infeccions del tracte respiratori inferior - Institute for Bioengineering of Catalonia\" \/>\n<meta property=\"og:description\" content=\"Una col\u00b7laboraci\u00f3 entre investigaci\u00f3 i industria desenvolupa una plataforma de diagn\u00f2stic en miniatura per a les infeccions respirat\u00f2ries com la pneum\u00f2nia o la bronquitis infecciosa  La investigaci\u00f3 est\u00e0 destacada a la portada de l\u2019\u00faltim n\u00famero de Lab on a Chip\" \/>\n<meta property=\"og:url\" content=\"https:\/\/ibecbarcelona.eu\/ca\/diagnostic-mes-rapid-i-precis-per-a-infeccions-del-tracte-respiratori-inferior\/\" \/>\n<meta property=\"og:site_name\" content=\"Institute for Bioengineering of Catalonia\" \/>\n<meta property=\"article:published_time\" content=\"2014-04-07T11:07:58+00:00\" \/>\n<meta property=\"article:modified_time\" content=\"2015-01-08T09:01:05+00:00\" \/>\n<meta property=\"og:image\" content=\"https:\/\/ibecbarcelona.eu\/wp-content\/uploads\/2014\/04\/biokithoms.jpg\" \/>\n\t<meta property=\"og:image:width\" content=\"340\" \/>\n\t<meta property=\"og:image:height\" content=\"210\" \/>\n\t<meta property=\"og:image:type\" content=\"image\/jpeg\" \/>\n<meta name=\"author\" content=\"\u00c0ngels L\u00f3pez\" \/>\n<meta name=\"twitter:card\" content=\"summary_large_image\" \/>\n<meta name=\"twitter:label1\" content=\"Escrit per\" \/>\n\t<meta name=\"twitter:data1\" content=\"\u00c0ngels L\u00f3pez\" \/>\n\t<meta name=\"twitter:label2\" content=\"Temps estimat de lectura\" \/>\n\t<meta name=\"twitter:data2\" content=\"3 minuts\" \/>\n<script type=\"application\/ld+json\" class=\"yoast-schema-graph\">{\"@context\":\"https:\\\/\\\/schema.org\",\"@graph\":[{\"@type\":\"Article\",\"@id\":\"https:\\\/\\\/ibecbarcelona.eu\\\/ca\\\/diagnostic-mes-rapid-i-precis-per-a-infeccions-del-tracte-respiratori-inferior\\\/#article\",\"isPartOf\":{\"@id\":\"https:\\\/\\\/ibecbarcelona.eu\\\/ca\\\/diagnostic-mes-rapid-i-precis-per-a-infeccions-del-tracte-respiratori-inferior\\\/\"},\"author\":{\"name\":\"\u00c0ngels L\u00f3pez\",\"@id\":\"https:\\\/\\\/ibecbarcelona.eu\\\/#\\\/schema\\\/person\\\/c212c6b589546130be67986b9290e2b8\"},\"headline\":\"Diagn\u00f2stic m\u00e9s r\u00e0pid i prec\u00eds per a infeccions del tracte respiratori inferior\",\"datePublished\":\"2014-04-07T11:07:58+00:00\",\"dateModified\":\"2015-01-08T09:01:05+00:00\",\"mainEntityOfPage\":{\"@id\":\"https:\\\/\\\/ibecbarcelona.eu\\\/ca\\\/diagnostic-mes-rapid-i-precis-per-a-infeccions-del-tracte-respiratori-inferior\\\/\"},\"wordCount\":547,\"publisher\":{\"@id\":\"https:\\\/\\\/ibecbarcelona.eu\\\/#organization\"},\"image\":{\"@id\":\"https:\\\/\\\/ibecbarcelona.eu\\\/ca\\\/diagnostic-mes-rapid-i-precis-per-a-infeccions-del-tracte-respiratori-inferior\\\/#primaryimage\"},\"thumbnailUrl\":\"https:\\\/\\\/ibecbarcelona.eu\\\/wp-content\\\/uploads\\\/2014\\\/04\\\/biokithoms.jpg\",\"articleSection\":[\"Not\u00edcies de recerca\"],\"inLanguage\":\"ca\"},{\"@type\":\"WebPage\",\"@id\":\"https:\\\/\\\/ibecbarcelona.eu\\\/ca\\\/diagnostic-mes-rapid-i-precis-per-a-infeccions-del-tracte-respiratori-inferior\\\/\",\"url\":\"https:\\\/\\\/ibecbarcelona.eu\\\/ca\\\/diagnostic-mes-rapid-i-precis-per-a-infeccions-del-tracte-respiratori-inferior\\\/\",\"name\":\"Diagn\u00f2stic m\u00e9s r\u00e0pid i prec\u00eds per a infeccions del tracte respiratori inferior - Institute for Bioengineering of Catalonia\",\"isPartOf\":{\"@id\":\"https:\\\/\\\/ibecbarcelona.eu\\\/#website\"},\"primaryImageOfPage\":{\"@id\":\"https:\\\/\\\/ibecbarcelona.eu\\\/ca\\\/diagnostic-mes-rapid-i-precis-per-a-infeccions-del-tracte-respiratori-inferior\\\/#primaryimage\"},\"image\":{\"@id\":\"https:\\\/\\\/ibecbarcelona.eu\\\/ca\\\/diagnostic-mes-rapid-i-precis-per-a-infeccions-del-tracte-respiratori-inferior\\\/#primaryimage\"},\"thumbnailUrl\":\"https:\\\/\\\/ibecbarcelona.eu\\\/wp-content\\\/uploads\\\/2014\\\/04\\\/biokithoms.jpg\",\"datePublished\":\"2014-04-07T11:07:58+00:00\",\"dateModified\":\"2015-01-08T09:01:05+00:00\",\"breadcrumb\":{\"@id\":\"https:\\\/\\\/ibecbarcelona.eu\\\/ca\\\/diagnostic-mes-rapid-i-precis-per-a-infeccions-del-tracte-respiratori-inferior\\\/#breadcrumb\"},\"inLanguage\":\"ca\",\"potentialAction\":[{\"@type\":\"ReadAction\",\"target\":[\"https:\\\/\\\/ibecbarcelona.eu\\\/ca\\\/diagnostic-mes-rapid-i-precis-per-a-infeccions-del-tracte-respiratori-inferior\\\/\"]}]},{\"@type\":\"ImageObject\",\"inLanguage\":\"ca\",\"@id\":\"https:\\\/\\\/ibecbarcelona.eu\\\/ca\\\/diagnostic-mes-rapid-i-precis-per-a-infeccions-del-tracte-respiratori-inferior\\\/#primaryimage\",\"url\":\"https:\\\/\\\/ibecbarcelona.eu\\\/wp-content\\\/uploads\\\/2014\\\/04\\\/biokithoms.jpg\",\"contentUrl\":\"https:\\\/\\\/ibecbarcelona.eu\\\/wp-content\\\/uploads\\\/2014\\\/04\\\/biokithoms.jpg\",\"width\":340,\"height\":210},{\"@type\":\"BreadcrumbList\",\"@id\":\"https:\\\/\\\/ibecbarcelona.eu\\\/ca\\\/diagnostic-mes-rapid-i-precis-per-a-infeccions-del-tracte-respiratori-inferior\\\/#breadcrumb\",\"itemListElement\":[{\"@type\":\"ListItem\",\"position\":1,\"name\":\"Home\",\"item\":\"https:\\\/\\\/ibecbarcelona.eu\\\/ca\\\/\"},{\"@type\":\"ListItem\",\"position\":2,\"name\":\"Diagn\u00f2stic m\u00e9s r\u00e0pid i prec\u00eds per a infeccions del tracte respiratori inferior\"}]},{\"@type\":\"WebSite\",\"@id\":\"https:\\\/\\\/ibecbarcelona.eu\\\/#website\",\"url\":\"https:\\\/\\\/ibecbarcelona.eu\\\/\",\"name\":\"Institute for Bioengineering of Catalonia\",\"description\":\"Bioengineering Solutions for Health\",\"publisher\":{\"@id\":\"https:\\\/\\\/ibecbarcelona.eu\\\/#organization\"},\"potentialAction\":[{\"@type\":\"SearchAction\",\"target\":{\"@type\":\"EntryPoint\",\"urlTemplate\":\"https:\\\/\\\/ibecbarcelona.eu\\\/?s={search_term_string}\"},\"query-input\":{\"@type\":\"PropertyValueSpecification\",\"valueRequired\":true,\"valueName\":\"search_term_string\"}}],\"inLanguage\":\"ca\"},{\"@type\":\"Organization\",\"@id\":\"https:\\\/\\\/ibecbarcelona.eu\\\/#organization\",\"name\":\"Institute for Bioengineering of Catalonia\",\"url\":\"https:\\\/\\\/ibecbarcelona.eu\\\/\",\"logo\":{\"@type\":\"ImageObject\",\"inLanguage\":\"ca\",\"@id\":\"https:\\\/\\\/ibecbarcelona.eu\\\/#\\\/schema\\\/logo\\\/image\\\/\",\"url\":\"https:\\\/\\\/ibecbarcelona.eu\\\/wp-content\\\/uploads\\\/2026\\\/01\\\/cropped-IBEC_20ANYS_GRIS.png\",\"contentUrl\":\"https:\\\/\\\/ibecbarcelona.eu\\\/wp-content\\\/uploads\\\/2026\\\/01\\\/cropped-IBEC_20ANYS_GRIS.png\",\"width\":696,\"height\":257,\"caption\":\"Institute for Bioengineering of Catalonia\"},\"image\":{\"@id\":\"https:\\\/\\\/ibecbarcelona.eu\\\/#\\\/schema\\\/logo\\\/image\\\/\"}},{\"@type\":\"Person\",\"@id\":\"https:\\\/\\\/ibecbarcelona.eu\\\/#\\\/schema\\\/person\\\/c212c6b589546130be67986b9290e2b8\",\"name\":\"\u00c0ngels L\u00f3pez\",\"image\":{\"@type\":\"ImageObject\",\"inLanguage\":\"ca\",\"@id\":\"https:\\\/\\\/secure.gravatar.com\\\/avatar\\\/09ad6ba116bea0b15c5511860f83b302579fd7404c1180e9dae55c3f11d988c6?s=96&d=mm&r=g\",\"url\":\"https:\\\/\\\/secure.gravatar.com\\\/avatar\\\/09ad6ba116bea0b15c5511860f83b302579fd7404c1180e9dae55c3f11d988c6?s=96&d=mm&r=g\",\"contentUrl\":\"https:\\\/\\\/secure.gravatar.com\\\/avatar\\\/09ad6ba116bea0b15c5511860f83b302579fd7404c1180e9dae55c3f11d988c6?s=96&d=mm&r=g\",\"caption\":\"\u00c0ngels L\u00f3pez\"},\"url\":\"https:\\\/\\\/ibecbarcelona.eu\\\/ca\\\/author\\\/alopez\\\/\"}]}<\/script>\n<!-- \/ Yoast SEO plugin. -->","yoast_head_json":{"title":"Diagn\u00f2stic m\u00e9s r\u00e0pid i prec\u00eds per a infeccions del tracte respiratori inferior - Institute for Bioengineering of Catalonia","robots":{"index":"index","follow":"follow","max-snippet":"max-snippet:-1","max-image-preview":"max-image-preview:large","max-video-preview":"max-video-preview:-1"},"canonical":"https:\/\/ibecbarcelona.eu\/ca\/diagnostic-mes-rapid-i-precis-per-a-infeccions-del-tracte-respiratori-inferior\/","og_locale":"ca_ES","og_type":"article","og_title":"Diagn\u00f2stic m\u00e9s r\u00e0pid i prec\u00eds per a infeccions del tracte respiratori inferior - Institute for Bioengineering of Catalonia","og_description":"Una col\u00b7laboraci\u00f3 entre investigaci\u00f3 i industria desenvolupa una plataforma de diagn\u00f2stic en miniatura per a les infeccions respirat\u00f2ries com la pneum\u00f2nia o la bronquitis infecciosa  La investigaci\u00f3 est\u00e0 destacada a la portada de l\u2019\u00faltim n\u00famero de Lab on a Chip","og_url":"https:\/\/ibecbarcelona.eu\/ca\/diagnostic-mes-rapid-i-precis-per-a-infeccions-del-tracte-respiratori-inferior\/","og_site_name":"Institute for Bioengineering of Catalonia","article_published_time":"2014-04-07T11:07:58+00:00","article_modified_time":"2015-01-08T09:01:05+00:00","og_image":[{"width":340,"height":210,"url":"https:\/\/ibecbarcelona.eu\/wp-content\/uploads\/2014\/04\/biokithoms.jpg","type":"image\/jpeg"}],"author":"\u00c0ngels L\u00f3pez","twitter_card":"summary_large_image","twitter_misc":{"Escrit per":"\u00c0ngels L\u00f3pez","Temps estimat de lectura":"3 minuts"},"schema":{"@context":"https:\/\/schema.org","@graph":[{"@type":"Article","@id":"https:\/\/ibecbarcelona.eu\/ca\/diagnostic-mes-rapid-i-precis-per-a-infeccions-del-tracte-respiratori-inferior\/#article","isPartOf":{"@id":"https:\/\/ibecbarcelona.eu\/ca\/diagnostic-mes-rapid-i-precis-per-a-infeccions-del-tracte-respiratori-inferior\/"},"author":{"name":"\u00c0ngels L\u00f3pez","@id":"https:\/\/ibecbarcelona.eu\/#\/schema\/person\/c212c6b589546130be67986b9290e2b8"},"headline":"Diagn\u00f2stic m\u00e9s r\u00e0pid i prec\u00eds per a infeccions del tracte respiratori inferior","datePublished":"2014-04-07T11:07:58+00:00","dateModified":"2015-01-08T09:01:05+00:00","mainEntityOfPage":{"@id":"https:\/\/ibecbarcelona.eu\/ca\/diagnostic-mes-rapid-i-precis-per-a-infeccions-del-tracte-respiratori-inferior\/"},"wordCount":547,"publisher":{"@id":"https:\/\/ibecbarcelona.eu\/#organization"},"image":{"@id":"https:\/\/ibecbarcelona.eu\/ca\/diagnostic-mes-rapid-i-precis-per-a-infeccions-del-tracte-respiratori-inferior\/#primaryimage"},"thumbnailUrl":"https:\/\/ibecbarcelona.eu\/wp-content\/uploads\/2014\/04\/biokithoms.jpg","articleSection":["Not\u00edcies de recerca"],"inLanguage":"ca"},{"@type":"WebPage","@id":"https:\/\/ibecbarcelona.eu\/ca\/diagnostic-mes-rapid-i-precis-per-a-infeccions-del-tracte-respiratori-inferior\/","url":"https:\/\/ibecbarcelona.eu\/ca\/diagnostic-mes-rapid-i-precis-per-a-infeccions-del-tracte-respiratori-inferior\/","name":"Diagn\u00f2stic m\u00e9s r\u00e0pid i prec\u00eds per a infeccions del tracte respiratori inferior - Institute for Bioengineering of Catalonia","isPartOf":{"@id":"https:\/\/ibecbarcelona.eu\/#website"},"primaryImageOfPage":{"@id":"https:\/\/ibecbarcelona.eu\/ca\/diagnostic-mes-rapid-i-precis-per-a-infeccions-del-tracte-respiratori-inferior\/#primaryimage"},"image":{"@id":"https:\/\/ibecbarcelona.eu\/ca\/diagnostic-mes-rapid-i-precis-per-a-infeccions-del-tracte-respiratori-inferior\/#primaryimage"},"thumbnailUrl":"https:\/\/ibecbarcelona.eu\/wp-content\/uploads\/2014\/04\/biokithoms.jpg","datePublished":"2014-04-07T11:07:58+00:00","dateModified":"2015-01-08T09:01:05+00:00","breadcrumb":{"@id":"https:\/\/ibecbarcelona.eu\/ca\/diagnostic-mes-rapid-i-precis-per-a-infeccions-del-tracte-respiratori-inferior\/#breadcrumb"},"inLanguage":"ca","potentialAction":[{"@type":"ReadAction","target":["https:\/\/ibecbarcelona.eu\/ca\/diagnostic-mes-rapid-i-precis-per-a-infeccions-del-tracte-respiratori-inferior\/"]}]},{"@type":"ImageObject","inLanguage":"ca","@id":"https:\/\/ibecbarcelona.eu\/ca\/diagnostic-mes-rapid-i-precis-per-a-infeccions-del-tracte-respiratori-inferior\/#primaryimage","url":"https:\/\/ibecbarcelona.eu\/wp-content\/uploads\/2014\/04\/biokithoms.jpg","contentUrl":"https:\/\/ibecbarcelona.eu\/wp-content\/uploads\/2014\/04\/biokithoms.jpg","width":340,"height":210},{"@type":"BreadcrumbList","@id":"https:\/\/ibecbarcelona.eu\/ca\/diagnostic-mes-rapid-i-precis-per-a-infeccions-del-tracte-respiratori-inferior\/#breadcrumb","itemListElement":[{"@type":"ListItem","position":1,"name":"Home","item":"https:\/\/ibecbarcelona.eu\/ca\/"},{"@type":"ListItem","position":2,"name":"Diagn\u00f2stic m\u00e9s r\u00e0pid i prec\u00eds per a infeccions del tracte respiratori inferior"}]},{"@type":"WebSite","@id":"https:\/\/ibecbarcelona.eu\/#website","url":"https:\/\/ibecbarcelona.eu\/","name":"Institute for Bioengineering of Catalonia","description":"Bioengineering Solutions for Health","publisher":{"@id":"https:\/\/ibecbarcelona.eu\/#organization"},"potentialAction":[{"@type":"SearchAction","target":{"@type":"EntryPoint","urlTemplate":"https:\/\/ibecbarcelona.eu\/?s={search_term_string}"},"query-input":{"@type":"PropertyValueSpecification","valueRequired":true,"valueName":"search_term_string"}}],"inLanguage":"ca"},{"@type":"Organization","@id":"https:\/\/ibecbarcelona.eu\/#organization","name":"Institute for Bioengineering of Catalonia","url":"https:\/\/ibecbarcelona.eu\/","logo":{"@type":"ImageObject","inLanguage":"ca","@id":"https:\/\/ibecbarcelona.eu\/#\/schema\/logo\/image\/","url":"https:\/\/ibecbarcelona.eu\/wp-content\/uploads\/2026\/01\/cropped-IBEC_20ANYS_GRIS.png","contentUrl":"https:\/\/ibecbarcelona.eu\/wp-content\/uploads\/2026\/01\/cropped-IBEC_20ANYS_GRIS.png","width":696,"height":257,"caption":"Institute for Bioengineering of Catalonia"},"image":{"@id":"https:\/\/ibecbarcelona.eu\/#\/schema\/logo\/image\/"}},{"@type":"Person","@id":"https:\/\/ibecbarcelona.eu\/#\/schema\/person\/c212c6b589546130be67986b9290e2b8","name":"\u00c0ngels L\u00f3pez","image":{"@type":"ImageObject","inLanguage":"ca","@id":"https:\/\/secure.gravatar.com\/avatar\/09ad6ba116bea0b15c5511860f83b302579fd7404c1180e9dae55c3f11d988c6?s=96&d=mm&r=g","url":"https:\/\/secure.gravatar.com\/avatar\/09ad6ba116bea0b15c5511860f83b302579fd7404c1180e9dae55c3f11d988c6?s=96&d=mm&r=g","contentUrl":"https:\/\/secure.gravatar.com\/avatar\/09ad6ba116bea0b15c5511860f83b302579fd7404c1180e9dae55c3f11d988c6?s=96&d=mm&r=g","caption":"\u00c0ngels L\u00f3pez"},"url":"https:\/\/ibecbarcelona.eu\/ca\/author\/alopez\/"}]}},"AFP_featured_media_urls":{"full":["https:\/\/ibecbarcelona.eu\/wp-content\/uploads\/2014\/04\/biokithoms.jpg",340,210,false],"thumbnail":["https:\/\/ibecbarcelona.eu\/wp-content\/uploads\/2014\/04\/biokithoms-150x150.jpg",150,150,true],"medium":["https:\/\/ibecbarcelona.eu\/wp-content\/uploads\/2014\/04\/biokithoms-300x185.jpg",300,185,true],"medium_large":["https:\/\/ibecbarcelona.eu\/wp-content\/uploads\/2014\/04\/biokithoms.jpg",340,210,false],"large":["https:\/\/ibecbarcelona.eu\/wp-content\/uploads\/2014\/04\/biokithoms.jpg",340,210,false]},"AFP_attachments":{"full":["https:\/\/ibecbarcelona.eu\/wp-content\/uploads\/2014\/04\/biokithoms.jpg",340,210,false],"thumbnail":["https:\/\/ibecbarcelona.eu\/wp-content\/uploads\/2014\/04\/biokithoms-150x150.jpg",150,150,true],"medium":["https:\/\/ibecbarcelona.eu\/wp-content\/uploads\/2014\/04\/biokithoms-300x185.jpg",300,185,true],"medium_large":["https:\/\/ibecbarcelona.eu\/wp-content\/uploads\/2014\/04\/biokithoms.jpg",340,210,false],"large":["https:\/\/ibecbarcelona.eu\/wp-content\/uploads\/2014\/04\/biokithoms.jpg",340,210,false]},"AFP_videos":[],"AFP_video_blocks":"","AFP_category_names":["Not\u00edcies de recerca"],"_links":{"self":[{"href":"https:\/\/ibecbarcelona.eu\/ca\/wp-json\/wp\/v2\/posts\/8165","targetHints":{"allow":["GET"]}}],"collection":[{"href":"https:\/\/ibecbarcelona.eu\/ca\/wp-json\/wp\/v2\/posts"}],"about":[{"href":"https:\/\/ibecbarcelona.eu\/ca\/wp-json\/wp\/v2\/types\/post"}],"author":[{"embeddable":true,"href":"https:\/\/ibecbarcelona.eu\/ca\/wp-json\/wp\/v2\/users\/4"}],"replies":[{"embeddable":true,"href":"https:\/\/ibecbarcelona.eu\/ca\/wp-json\/wp\/v2\/comments?post=8165"}],"version-history":[{"count":0,"href":"https:\/\/ibecbarcelona.eu\/ca\/wp-json\/wp\/v2\/posts\/8165\/revisions"}],"wp:featuredmedia":[{"embeddable":true,"href":"https:\/\/ibecbarcelona.eu\/ca\/wp-json\/wp\/v2\/media\/8161"}],"wp:attachment":[{"href":"https:\/\/ibecbarcelona.eu\/ca\/wp-json\/wp\/v2\/media?parent=8165"}],"wp:term":[{"taxonomy":"category","embeddable":true,"href":"https:\/\/ibecbarcelona.eu\/ca\/wp-json\/wp\/v2\/categories?post=8165"},{"taxonomy":"post_tag","embeddable":true,"href":"https:\/\/ibecbarcelona.eu\/ca\/wp-json\/wp\/v2\/tags?post=8165"},{"taxonomy":"post_format","embeddable":true,"href":"https:\/\/ibecbarcelona.eu\/ca\/wp-json\/wp\/v2\/post_formats?post=8165"}],"curies":[{"name":"wp","href":"https:\/\/api.w.org\/{rel}","templated":true}]}}