
{"id":8189,"date":"2014-04-10T11:25:07","date_gmt":"2014-04-10T11:25:07","guid":{"rendered":"http:\/\/ibecbarcelona.eu\/new\/els-sons-de-la-salut\/"},"modified":"2015-10-20T14:08:05","modified_gmt":"2015-10-20T14:08:05","slug":"els-sons-de-la-salut","status":"publish","type":"post","link":"https:\/\/ibecbarcelona.eu\/ca\/els-sons-de-la-salut\/","title":{"rendered":"Els sons de la salut"},"content":{"rendered":"<h6 class=\"caption\" style=\"width: 230px; float: left; padding: 0px 10px 10px 0px;\">Imatge: Gr\u00e0fic que mostra la intensitat respiratoria als dos costats del pacient amb par\u00e0lisis unilateral, amb el costat paralitzat a l&#8217;esquerra.<\/h6>\n<p>La par\u00e0lisi diafragm\u00e0tica consisteix en el cessament, total o parcial, de l\u2019activitat motora del diafragma. La principal causa d\u2019aquesta disfunci\u00f3 \u00e9s el dany del nervi fr\u00e8nic que innerva el diafragma, habitualment degut a la presencia de tumors que oprimeixen el nervi o com a conseq\u00fc\u00e8ncia d\u2019intervencions quir\u00fargiques tor\u00e0ciques (el 20% de les operacions a cor obert). Els efectes de la par\u00e0lisi diafragm\u00e0tica s\u00f3n molt variables, segons si el cessament de l\u2019activitat motora \u00e9s total o parcial i afecta als dos o a un hemidiafragma. En qualsevol cas, tots els pacients presenten certa limitaci\u00f3 de la capacitat respirat\u00f2ria.<\/p>\n<p>Entre les t\u00e8cniques tradicionals emprades pel diagn\u00f2stic de la par\u00e0lisis diafragm\u00e0tica destaquen la radiografia tor\u00e0cica, l\u2019estimulaci\u00f3 del nervi fr\u00e8nic, la fluorosc\u00f2pia i la ultrasonograf\u00eda. Per\u00f2 aquestes t\u00e8cniques depenen de la subjectivitat de l\u2019expert que les du a terme i, algunes d\u2019elles, s\u00f3n invasives. A m\u00e9s a m\u00e9s cap d\u2019aquestes t\u00e8cniques aporta informaci\u00f3 sobre l\u2019estat de la funci\u00f3 pulmonar dels pacients, cosa que si fa l\u2019an\u00e0lisi dels sons respiratoris.<\/p>\n<p>El flux d\u2019aire respiratori est\u00e0 correlacionat positivament amb la intensitat dels sons pulmonars; \u00e9s a dir que a major flux d\u2019aire major intensitat dels sons. Aquesta condici\u00f3 no solament es dona en els sons respiratoris normals de les persones sanes sin\u00f3 tamb\u00e9 en el cas dels pacients amb par\u00e0lisi diafragm\u00e0tica unilateral. No obstant, en persones sanes la difer\u00e8ncia entre la intensitat dels sons del hemitorax esquerre i el dret \u00e9s m\u00ednima. D\u2019altra banda, en pacients amb par\u00e0lisi diafragm\u00e0tica unilateral la difer\u00e8ncia \u00e9s molt m\u00e9s gran degut a la disminuci\u00f3 de la ventilaci\u00f3 en el costat afectat. Precisament aquesta difer\u00e8ncia d\u2019intensitat dels sons respiratoris \u00e9s la que es mesura mitjan\u00e7ant uns micr\u00f2fons de contacte col\u2022locats a l\u2019esquena del pacient.<\/p>\n<p>\u201cTradicionalment s\u2019ha buscat la pres\u00e8ncia de sons anormals, propis de patologies obstructives (asma, EPOC..). Amb aquest nou m\u00e8tode es proposa un escenari alternatiu: avaluar els sons respiratoris normals per valorar indirectament la funci\u00f3 pulmonar\u201d explica en Raim\u00f3n Jan\u00e9, investigador principal del grup de Processament i Interpretaci\u00f3 se Senyals Biom\u00e8diques del IBEC. \u201cSI el diafragma no s\u2019activa adequadament la intensitat dels sons respiratoris normals disminuir\u00e0\u201d.<\/p>\n<p>Aquest m\u00e8tode, en combinaci\u00f3 amb l\u2019espirometr\u00eda convencional, proporciona una informaci\u00f3 complementaria i rellevant pel diagn\u00f2stic de la par\u00e0lisis diafragm\u00e0tica unilateral, ja que quant menors s\u00f3n els par\u00e0metres espirom\u00e8trics major \u00e9s la difer\u00e8ncia d\u2019intensitat dels sons respiratoris.<\/p>\n<p>\u201cL\u2019an\u00e0lisi ac\u00fastic de la intensitat dels sons respiratoris proporciona una alternativa no invasiva per diagnosticar d\u2019una manera m\u00e9s precisa a aquests pacients\u201d comenta en Raimon Jan\u00e9. \u201cEs tracta d\u2019un an\u00e0lisi quantificable (en decibels) que permet valorar aquests pacients de forma molt m\u00e9s objectiva. A m\u00e9s a m\u00e9s, entre les principals aplicacions d\u2019inter\u00e8s, est\u00e0 la monitoritzaci\u00f3 dels pacients per poder fer un seguiment a llarg termini i avaluar el grau de millora de la funci\u00f3 pulmonar despr\u00e9s de la rehabilitaci\u00f3.\u201d L\u2019an\u00e0lisi de la intensitat dels sons pulmonars representa un pas cap a endavant en el diagn\u00f2stic de les persones amb par\u00e0lisi fr\u00e8nica unilateral ja que \u00e9s una t\u00e8cnica no invasiva, m\u00e9s objectiva, senzilla i m\u00e9s econ\u00f2mica.<\/p>\n<p>&nbsp;<\/p>\n<p><strong>Refer\u00e8ncia: <\/strong>Fiz, J.A., Jan\u00e9, R., Lozano, M., G\u00f3mez, R., Ruiz, J. (2014). <a href=\"http:\/\/www.plosone.org\/article\/info%3Adoi%2F10.1371%2Fjournal.pone.0093595\" target=\"_blank\">Detecting Unilateral Phrenic Paralysis by Acoustic Respiratory Analysis<\/a>. <em>PLoS ONE<\/em> 9(4): e93595<\/p>\n","protected":false},"excerpt":{"rendered":"<h3><img decoding=\"async\" class=\"left size-full wp-image-8185\" src=\"https:\/\/ibecbarcelona.eu\/wp-content\/uploads\/2014\/04\/ndp raimon_graph_newfor web.jpg\" border=\"0\" width=\"350\" srcset=\"https:\/\/ibecbarcelona.eu\/wp-content\/uploads\/2014\/04\/ndp%20raimon_graph_newfor%20web.jpg 340w, https:\/\/ibecbarcelona.eu\/wp-content\/uploads\/2014\/04\/ndp%20raimon_graph_newfor%20web-300x185.jpg 300w, https:\/\/ibecbarcelona.eu\/wp-content\/uploads\/2014\/04\/ndp%20raimon_graph_newfor%20web-242x150.jpg 242w, https:\/\/ibecbarcelona.eu\/wp-content\/uploads\/2014\/04\/ndp%20raimon_graph_newfor%20web-150x92.jpg 150w\" sizes=\"(max-width: 340px) 100vw, 340px\" \/>Es desenvolupa un nou m\u00e8tode ac\u00fastic per a un diagn\u00f2stic m\u00e9s prec\u00eds per als pacients amb par\u00e0lisi diafragm\u00e0tica<\/h3>\n<p>Investigadors de la Unitat mixta del Institut de Bioenginyeria de Catalunya (IBEC) i la Fundaci\u00f3 Institut Germans Trias i Pujol (IGTP)i del Servei de Pneumologia del Hospital Universitari Germans Trias i Pujol han publicat un article a la revista <em>PLOS ONE<\/em> en el que es proposa l\u2019an\u00e0lisi ac\u00fastic de la intensitat dels sons pulmonars com m\u00e8tode per millorar el diagn\u00f2stic de la par\u00e0lisi diafragm\u00e0tica unilateral.<\/p>\n","protected":false},"author":4,"featured_media":8185,"comment_status":"closed","ping_status":"closed","sticky":false,"template":"","format":"standard","meta":{"footnotes":""},"categories":[96],"tags":[],"post_formats":[],"class_list":["post-8189","post","type-post","status-publish","format-standard","has-post-thumbnail","hentry","category-noticies-de-recerca"],"yoast_head":"<!-- This site is optimized with the Yoast SEO plugin v27.5 - https:\/\/yoast.com\/product\/yoast-seo-wordpress\/ -->\n<title>Els sons de la salut - Institute for Bioengineering of Catalonia<\/title>\n<meta name=\"robots\" content=\"index, follow, max-snippet:-1, max-image-preview:large, max-video-preview:-1\" \/>\n<link rel=\"canonical\" href=\"https:\/\/ibecbarcelona.eu\/ca\/els-sons-de-la-salut\/\" \/>\n<meta property=\"og:locale\" content=\"ca_ES\" \/>\n<meta property=\"og:type\" content=\"article\" \/>\n<meta property=\"og:title\" content=\"Els sons de la salut - Institute for Bioengineering of Catalonia\" \/>\n<meta property=\"og:description\" content=\"Es desenvolupa un nou m\u00e8tode ac\u00fastic per a un diagn\u00f2stic m\u00e9s prec\u00eds per als pacients amb par\u00e0lisi diafragm\u00e0tica Investigadors de la Unitat mixta del Institut de Bioenginyeria de Catalunya (IBEC) i la Fundaci\u00f3 Institut Germans Trias i Pujol (IGTP)i del Servei de Pneumologia del Hospital Universitari Germans Trias i Pujol han publicat un article a la revista PLOS ONE en el que es proposa l\u2019an\u00e0lisi ac\u00fastic de la intensitat dels sons pulmonars com m\u00e8tode per millorar el diagn\u00f2stic de la par\u00e0lisi diafragm\u00e0tica unilateral.\" \/>\n<meta property=\"og:url\" content=\"https:\/\/ibecbarcelona.eu\/ca\/els-sons-de-la-salut\/\" \/>\n<meta property=\"og:site_name\" content=\"Institute for Bioengineering of Catalonia\" \/>\n<meta property=\"article:published_time\" content=\"2014-04-10T11:25:07+00:00\" \/>\n<meta property=\"article:modified_time\" content=\"2015-10-20T14:08:05+00:00\" \/>\n<meta property=\"og:image\" content=\"https:\/\/ibecbarcelona.eu\/wp-content\/uploads\/2014\/04\/ndp%20raimon_graph_newfor%20web.jpg\" \/>\n\t<meta property=\"og:image:width\" content=\"340\" \/>\n\t<meta property=\"og:image:height\" content=\"210\" \/>\n\t<meta property=\"og:image:type\" content=\"image\/jpeg\" \/>\n<meta name=\"author\" content=\"\u00c0ngels L\u00f3pez\" \/>\n<meta name=\"twitter:card\" content=\"summary_large_image\" \/>\n<meta name=\"twitter:label1\" content=\"Escrit per\" \/>\n\t<meta name=\"twitter:data1\" content=\"\u00c0ngels L\u00f3pez\" \/>\n\t<meta name=\"twitter:label2\" content=\"Temps estimat de lectura\" \/>\n\t<meta name=\"twitter:data2\" content=\"3 minuts\" \/>\n<script type=\"application\/ld+json\" class=\"yoast-schema-graph\">{\"@context\":\"https:\\\/\\\/schema.org\",\"@graph\":[{\"@type\":\"Article\",\"@id\":\"https:\\\/\\\/ibecbarcelona.eu\\\/ca\\\/els-sons-de-la-salut\\\/#article\",\"isPartOf\":{\"@id\":\"https:\\\/\\\/ibecbarcelona.eu\\\/ca\\\/els-sons-de-la-salut\\\/\"},\"author\":{\"name\":\"\u00c0ngels L\u00f3pez\",\"@id\":\"https:\\\/\\\/ibecbarcelona.eu\\\/#\\\/schema\\\/person\\\/c212c6b589546130be67986b9290e2b8\"},\"headline\":\"Els sons de la salut\",\"datePublished\":\"2014-04-10T11:25:07+00:00\",\"dateModified\":\"2015-10-20T14:08:05+00:00\",\"mainEntityOfPage\":{\"@id\":\"https:\\\/\\\/ibecbarcelona.eu\\\/ca\\\/els-sons-de-la-salut\\\/\"},\"wordCount\":641,\"publisher\":{\"@id\":\"https:\\\/\\\/ibecbarcelona.eu\\\/#organization\"},\"image\":{\"@id\":\"https:\\\/\\\/ibecbarcelona.eu\\\/ca\\\/els-sons-de-la-salut\\\/#primaryimage\"},\"thumbnailUrl\":\"https:\\\/\\\/ibecbarcelona.eu\\\/wp-content\\\/uploads\\\/2014\\\/04\\\/ndp raimon_graph_newfor web.jpg\",\"articleSection\":[\"Not\u00edcies de recerca\"],\"inLanguage\":\"ca\"},{\"@type\":\"WebPage\",\"@id\":\"https:\\\/\\\/ibecbarcelona.eu\\\/ca\\\/els-sons-de-la-salut\\\/\",\"url\":\"https:\\\/\\\/ibecbarcelona.eu\\\/ca\\\/els-sons-de-la-salut\\\/\",\"name\":\"Els sons de la salut - Institute for Bioengineering of Catalonia\",\"isPartOf\":{\"@id\":\"https:\\\/\\\/ibecbarcelona.eu\\\/#website\"},\"primaryImageOfPage\":{\"@id\":\"https:\\\/\\\/ibecbarcelona.eu\\\/ca\\\/els-sons-de-la-salut\\\/#primaryimage\"},\"image\":{\"@id\":\"https:\\\/\\\/ibecbarcelona.eu\\\/ca\\\/els-sons-de-la-salut\\\/#primaryimage\"},\"thumbnailUrl\":\"https:\\\/\\\/ibecbarcelona.eu\\\/wp-content\\\/uploads\\\/2014\\\/04\\\/ndp raimon_graph_newfor web.jpg\",\"datePublished\":\"2014-04-10T11:25:07+00:00\",\"dateModified\":\"2015-10-20T14:08:05+00:00\",\"breadcrumb\":{\"@id\":\"https:\\\/\\\/ibecbarcelona.eu\\\/ca\\\/els-sons-de-la-salut\\\/#breadcrumb\"},\"inLanguage\":\"ca\",\"potentialAction\":[{\"@type\":\"ReadAction\",\"target\":[\"https:\\\/\\\/ibecbarcelona.eu\\\/ca\\\/els-sons-de-la-salut\\\/\"]}]},{\"@type\":\"ImageObject\",\"inLanguage\":\"ca\",\"@id\":\"https:\\\/\\\/ibecbarcelona.eu\\\/ca\\\/els-sons-de-la-salut\\\/#primaryimage\",\"url\":\"https:\\\/\\\/ibecbarcelona.eu\\\/wp-content\\\/uploads\\\/2014\\\/04\\\/ndp raimon_graph_newfor web.jpg\",\"contentUrl\":\"https:\\\/\\\/ibecbarcelona.eu\\\/wp-content\\\/uploads\\\/2014\\\/04\\\/ndp raimon_graph_newfor web.jpg\",\"width\":340,\"height\":210},{\"@type\":\"BreadcrumbList\",\"@id\":\"https:\\\/\\\/ibecbarcelona.eu\\\/ca\\\/els-sons-de-la-salut\\\/#breadcrumb\",\"itemListElement\":[{\"@type\":\"ListItem\",\"position\":1,\"name\":\"Home\",\"item\":\"https:\\\/\\\/ibecbarcelona.eu\\\/ca\\\/\"},{\"@type\":\"ListItem\",\"position\":2,\"name\":\"Els sons de la salut\"}]},{\"@type\":\"WebSite\",\"@id\":\"https:\\\/\\\/ibecbarcelona.eu\\\/#website\",\"url\":\"https:\\\/\\\/ibecbarcelona.eu\\\/\",\"name\":\"Institute for Bioengineering of Catalonia\",\"description\":\"Bioengineering Solutions for Health\",\"publisher\":{\"@id\":\"https:\\\/\\\/ibecbarcelona.eu\\\/#organization\"},\"potentialAction\":[{\"@type\":\"SearchAction\",\"target\":{\"@type\":\"EntryPoint\",\"urlTemplate\":\"https:\\\/\\\/ibecbarcelona.eu\\\/?s={search_term_string}\"},\"query-input\":{\"@type\":\"PropertyValueSpecification\",\"valueRequired\":true,\"valueName\":\"search_term_string\"}}],\"inLanguage\":\"ca\"},{\"@type\":\"Organization\",\"@id\":\"https:\\\/\\\/ibecbarcelona.eu\\\/#organization\",\"name\":\"Institute for Bioengineering of Catalonia\",\"url\":\"https:\\\/\\\/ibecbarcelona.eu\\\/\",\"logo\":{\"@type\":\"ImageObject\",\"inLanguage\":\"ca\",\"@id\":\"https:\\\/\\\/ibecbarcelona.eu\\\/#\\\/schema\\\/logo\\\/image\\\/\",\"url\":\"https:\\\/\\\/ibecbarcelona.eu\\\/wp-content\\\/uploads\\\/2026\\\/01\\\/cropped-IBEC_20ANYS_GRIS.png\",\"contentUrl\":\"https:\\\/\\\/ibecbarcelona.eu\\\/wp-content\\\/uploads\\\/2026\\\/01\\\/cropped-IBEC_20ANYS_GRIS.png\",\"width\":696,\"height\":257,\"caption\":\"Institute for Bioengineering of Catalonia\"},\"image\":{\"@id\":\"https:\\\/\\\/ibecbarcelona.eu\\\/#\\\/schema\\\/logo\\\/image\\\/\"}},{\"@type\":\"Person\",\"@id\":\"https:\\\/\\\/ibecbarcelona.eu\\\/#\\\/schema\\\/person\\\/c212c6b589546130be67986b9290e2b8\",\"name\":\"\u00c0ngels L\u00f3pez\",\"image\":{\"@type\":\"ImageObject\",\"inLanguage\":\"ca\",\"@id\":\"https:\\\/\\\/secure.gravatar.com\\\/avatar\\\/09ad6ba116bea0b15c5511860f83b302579fd7404c1180e9dae55c3f11d988c6?s=96&d=mm&r=g\",\"url\":\"https:\\\/\\\/secure.gravatar.com\\\/avatar\\\/09ad6ba116bea0b15c5511860f83b302579fd7404c1180e9dae55c3f11d988c6?s=96&d=mm&r=g\",\"contentUrl\":\"https:\\\/\\\/secure.gravatar.com\\\/avatar\\\/09ad6ba116bea0b15c5511860f83b302579fd7404c1180e9dae55c3f11d988c6?s=96&d=mm&r=g\",\"caption\":\"\u00c0ngels L\u00f3pez\"},\"url\":\"https:\\\/\\\/ibecbarcelona.eu\\\/ca\\\/author\\\/alopez\\\/\"}]}<\/script>\n<!-- \/ Yoast SEO plugin. -->","yoast_head_json":{"title":"Els sons de la salut - Institute for Bioengineering of Catalonia","robots":{"index":"index","follow":"follow","max-snippet":"max-snippet:-1","max-image-preview":"max-image-preview:large","max-video-preview":"max-video-preview:-1"},"canonical":"https:\/\/ibecbarcelona.eu\/ca\/els-sons-de-la-salut\/","og_locale":"ca_ES","og_type":"article","og_title":"Els sons de la salut - Institute for Bioengineering of Catalonia","og_description":"Es desenvolupa un nou m\u00e8tode ac\u00fastic per a un diagn\u00f2stic m\u00e9s prec\u00eds per als pacients amb par\u00e0lisi diafragm\u00e0tica Investigadors de la Unitat mixta del Institut de Bioenginyeria de Catalunya (IBEC) i la Fundaci\u00f3 Institut Germans Trias i Pujol (IGTP)i del Servei de Pneumologia del Hospital Universitari Germans Trias i Pujol han publicat un article a la revista PLOS ONE en el que es proposa l\u2019an\u00e0lisi ac\u00fastic de la intensitat dels sons pulmonars com m\u00e8tode per millorar el diagn\u00f2stic de la par\u00e0lisi diafragm\u00e0tica unilateral.","og_url":"https:\/\/ibecbarcelona.eu\/ca\/els-sons-de-la-salut\/","og_site_name":"Institute for Bioengineering of Catalonia","article_published_time":"2014-04-10T11:25:07+00:00","article_modified_time":"2015-10-20T14:08:05+00:00","og_image":[{"width":340,"height":210,"url":"https:\/\/ibecbarcelona.eu\/wp-content\/uploads\/2014\/04\/ndp raimon_graph_newfor web.jpg","type":"image\/jpeg"}],"author":"\u00c0ngels L\u00f3pez","twitter_card":"summary_large_image","twitter_misc":{"Escrit per":"\u00c0ngels L\u00f3pez","Temps estimat de lectura":"3 minuts"},"schema":{"@context":"https:\/\/schema.org","@graph":[{"@type":"Article","@id":"https:\/\/ibecbarcelona.eu\/ca\/els-sons-de-la-salut\/#article","isPartOf":{"@id":"https:\/\/ibecbarcelona.eu\/ca\/els-sons-de-la-salut\/"},"author":{"name":"\u00c0ngels L\u00f3pez","@id":"https:\/\/ibecbarcelona.eu\/#\/schema\/person\/c212c6b589546130be67986b9290e2b8"},"headline":"Els sons de la salut","datePublished":"2014-04-10T11:25:07+00:00","dateModified":"2015-10-20T14:08:05+00:00","mainEntityOfPage":{"@id":"https:\/\/ibecbarcelona.eu\/ca\/els-sons-de-la-salut\/"},"wordCount":641,"publisher":{"@id":"https:\/\/ibecbarcelona.eu\/#organization"},"image":{"@id":"https:\/\/ibecbarcelona.eu\/ca\/els-sons-de-la-salut\/#primaryimage"},"thumbnailUrl":"https:\/\/ibecbarcelona.eu\/wp-content\/uploads\/2014\/04\/ndp raimon_graph_newfor web.jpg","articleSection":["Not\u00edcies de recerca"],"inLanguage":"ca"},{"@type":"WebPage","@id":"https:\/\/ibecbarcelona.eu\/ca\/els-sons-de-la-salut\/","url":"https:\/\/ibecbarcelona.eu\/ca\/els-sons-de-la-salut\/","name":"Els sons de la salut - Institute for Bioengineering of Catalonia","isPartOf":{"@id":"https:\/\/ibecbarcelona.eu\/#website"},"primaryImageOfPage":{"@id":"https:\/\/ibecbarcelona.eu\/ca\/els-sons-de-la-salut\/#primaryimage"},"image":{"@id":"https:\/\/ibecbarcelona.eu\/ca\/els-sons-de-la-salut\/#primaryimage"},"thumbnailUrl":"https:\/\/ibecbarcelona.eu\/wp-content\/uploads\/2014\/04\/ndp raimon_graph_newfor web.jpg","datePublished":"2014-04-10T11:25:07+00:00","dateModified":"2015-10-20T14:08:05+00:00","breadcrumb":{"@id":"https:\/\/ibecbarcelona.eu\/ca\/els-sons-de-la-salut\/#breadcrumb"},"inLanguage":"ca","potentialAction":[{"@type":"ReadAction","target":["https:\/\/ibecbarcelona.eu\/ca\/els-sons-de-la-salut\/"]}]},{"@type":"ImageObject","inLanguage":"ca","@id":"https:\/\/ibecbarcelona.eu\/ca\/els-sons-de-la-salut\/#primaryimage","url":"https:\/\/ibecbarcelona.eu\/wp-content\/uploads\/2014\/04\/ndp raimon_graph_newfor web.jpg","contentUrl":"https:\/\/ibecbarcelona.eu\/wp-content\/uploads\/2014\/04\/ndp raimon_graph_newfor web.jpg","width":340,"height":210},{"@type":"BreadcrumbList","@id":"https:\/\/ibecbarcelona.eu\/ca\/els-sons-de-la-salut\/#breadcrumb","itemListElement":[{"@type":"ListItem","position":1,"name":"Home","item":"https:\/\/ibecbarcelona.eu\/ca\/"},{"@type":"ListItem","position":2,"name":"Els sons de la salut"}]},{"@type":"WebSite","@id":"https:\/\/ibecbarcelona.eu\/#website","url":"https:\/\/ibecbarcelona.eu\/","name":"Institute for Bioengineering of Catalonia","description":"Bioengineering Solutions for Health","publisher":{"@id":"https:\/\/ibecbarcelona.eu\/#organization"},"potentialAction":[{"@type":"SearchAction","target":{"@type":"EntryPoint","urlTemplate":"https:\/\/ibecbarcelona.eu\/?s={search_term_string}"},"query-input":{"@type":"PropertyValueSpecification","valueRequired":true,"valueName":"search_term_string"}}],"inLanguage":"ca"},{"@type":"Organization","@id":"https:\/\/ibecbarcelona.eu\/#organization","name":"Institute for Bioengineering of Catalonia","url":"https:\/\/ibecbarcelona.eu\/","logo":{"@type":"ImageObject","inLanguage":"ca","@id":"https:\/\/ibecbarcelona.eu\/#\/schema\/logo\/image\/","url":"https:\/\/ibecbarcelona.eu\/wp-content\/uploads\/2026\/01\/cropped-IBEC_20ANYS_GRIS.png","contentUrl":"https:\/\/ibecbarcelona.eu\/wp-content\/uploads\/2026\/01\/cropped-IBEC_20ANYS_GRIS.png","width":696,"height":257,"caption":"Institute for Bioengineering of Catalonia"},"image":{"@id":"https:\/\/ibecbarcelona.eu\/#\/schema\/logo\/image\/"}},{"@type":"Person","@id":"https:\/\/ibecbarcelona.eu\/#\/schema\/person\/c212c6b589546130be67986b9290e2b8","name":"\u00c0ngels L\u00f3pez","image":{"@type":"ImageObject","inLanguage":"ca","@id":"https:\/\/secure.gravatar.com\/avatar\/09ad6ba116bea0b15c5511860f83b302579fd7404c1180e9dae55c3f11d988c6?s=96&d=mm&r=g","url":"https:\/\/secure.gravatar.com\/avatar\/09ad6ba116bea0b15c5511860f83b302579fd7404c1180e9dae55c3f11d988c6?s=96&d=mm&r=g","contentUrl":"https:\/\/secure.gravatar.com\/avatar\/09ad6ba116bea0b15c5511860f83b302579fd7404c1180e9dae55c3f11d988c6?s=96&d=mm&r=g","caption":"\u00c0ngels L\u00f3pez"},"url":"https:\/\/ibecbarcelona.eu\/ca\/author\/alopez\/"}]}},"AFP_featured_media_urls":{"full":["https:\/\/ibecbarcelona.eu\/wp-content\/uploads\/2014\/04\/ndp raimon_graph_newfor web.jpg",340,210,false],"thumbnail":["https:\/\/ibecbarcelona.eu\/wp-content\/uploads\/2014\/04\/ndp raimon_graph_newfor web-150x150.jpg",150,150,true],"medium":["https:\/\/ibecbarcelona.eu\/wp-content\/uploads\/2014\/04\/ndp raimon_graph_newfor web-300x185.jpg",300,185,true],"medium_large":["https:\/\/ibecbarcelona.eu\/wp-content\/uploads\/2014\/04\/ndp raimon_graph_newfor web.jpg",340,210,false],"large":["https:\/\/ibecbarcelona.eu\/wp-content\/uploads\/2014\/04\/ndp raimon_graph_newfor web.jpg",340,210,false]},"AFP_attachments":{"full":["https:\/\/ibecbarcelona.eu\/wp-content\/uploads\/2014\/04\/ndp raimon_graph_newfor web.jpg",340,210,false],"thumbnail":["https:\/\/ibecbarcelona.eu\/wp-content\/uploads\/2014\/04\/ndp raimon_graph_newfor web-150x150.jpg",150,150,true],"medium":["https:\/\/ibecbarcelona.eu\/wp-content\/uploads\/2014\/04\/ndp raimon_graph_newfor web-300x185.jpg",300,185,true],"medium_large":["https:\/\/ibecbarcelona.eu\/wp-content\/uploads\/2014\/04\/ndp raimon_graph_newfor web.jpg",340,210,false],"large":["https:\/\/ibecbarcelona.eu\/wp-content\/uploads\/2014\/04\/ndp raimon_graph_newfor web.jpg",340,210,false]},"AFP_videos":[],"AFP_video_blocks":"","AFP_category_names":["Not\u00edcies de recerca"],"_links":{"self":[{"href":"https:\/\/ibecbarcelona.eu\/ca\/wp-json\/wp\/v2\/posts\/8189","targetHints":{"allow":["GET"]}}],"collection":[{"href":"https:\/\/ibecbarcelona.eu\/ca\/wp-json\/wp\/v2\/posts"}],"about":[{"href":"https:\/\/ibecbarcelona.eu\/ca\/wp-json\/wp\/v2\/types\/post"}],"author":[{"embeddable":true,"href":"https:\/\/ibecbarcelona.eu\/ca\/wp-json\/wp\/v2\/users\/4"}],"replies":[{"embeddable":true,"href":"https:\/\/ibecbarcelona.eu\/ca\/wp-json\/wp\/v2\/comments?post=8189"}],"version-history":[{"count":0,"href":"https:\/\/ibecbarcelona.eu\/ca\/wp-json\/wp\/v2\/posts\/8189\/revisions"}],"wp:featuredmedia":[{"embeddable":true,"href":"https:\/\/ibecbarcelona.eu\/ca\/wp-json\/wp\/v2\/media\/8185"}],"wp:attachment":[{"href":"https:\/\/ibecbarcelona.eu\/ca\/wp-json\/wp\/v2\/media?parent=8189"}],"wp:term":[{"taxonomy":"category","embeddable":true,"href":"https:\/\/ibecbarcelona.eu\/ca\/wp-json\/wp\/v2\/categories?post=8189"},{"taxonomy":"post_tag","embeddable":true,"href":"https:\/\/ibecbarcelona.eu\/ca\/wp-json\/wp\/v2\/tags?post=8189"},{"taxonomy":"post_format","embeddable":true,"href":"https:\/\/ibecbarcelona.eu\/ca\/wp-json\/wp\/v2\/post_formats?post=8189"}],"curies":[{"name":"wp","href":"https:\/\/api.w.org\/{rel}","templated":true}]}}