
{"id":82954,"date":"2021-03-24T12:43:44","date_gmt":"2021-03-24T11:43:44","guid":{"rendered":"https:\/\/ibecbarcelona.eu\/?p=82954"},"modified":"2021-03-25T09:08:18","modified_gmt":"2021-03-25T08:08:18","slug":"els-nanorrobots-arriben-als-mitjans","status":"publish","type":"post","link":"https:\/\/ibecbarcelona.eu\/ca\/els-nanorrobots-arriben-als-mitjans\/","title":{"rendered":"Els nanorrobots arriben als mitjans"},"content":{"rendered":"<p><a href=\"https:\/\/robotics.sciencemag.org\/content\/6\/52\/eabd2823\" target=\"_blank\" rel=\"noopener\">L&#8217;estudi<\/a> mostra un moviment coordinat, similar al dels bancs de peixos. Aquests &#8220;nedadors&#8221; prometen una revoluci\u00f3 en el camp de la medicina, especialment per al tractament de tumors a la bufeta. Les seves aplicacions podrien ser molt variades: des de la identificaci\u00f3 de c\u00e8l\u00b7lules tumorals, fins a l&#8217;alliberament de f\u00e0rmacs en racons espec\u00edfics de l&#8217;organisme.<\/p>\n<blockquote><p><strong><img decoding=\"async\" class=\"alignleft lazyload\" data-src=\"https:\/\/ibecbarcelona.eu\/wp-content\/uploads\/2021\/03\/ERC_Grant_Samuel_.jpg\" alt=\"\" width=\"217\" height=\"144\" src=\"data:image\/svg+xml;base64,PHN2ZyB3aWR0aD0iMSIgaGVpZ2h0PSIxIiB4bWxucz0iaHR0cDovL3d3dy53My5vcmcvMjAwMC9zdmciPjwvc3ZnPg==\" style=\"--smush-placeholder-width: 217px; --smush-placeholder-aspect-ratio: 217\/144;\" \/><\/strong><\/p>\n<p><strong>Els nanorrobots realitzen moviments col\u00b7lectius similars als que es troben a la natura, com els ocells que volen en bandada, o els patrons ordenats que segueixen els bancs de peixos<\/strong><\/p>\n<p>&nbsp;<\/p>\n<p style=\"text-align: right;\"><strong>Samuel S\u00e1nchez, professor ICREA a l\u2019IBEC i l\u00edder de l\u2019estudi<\/strong><\/p>\n<\/blockquote>\n<p>Podeu veure la seva aparici\u00f3 a Televisi\u00f3n espa\u00f1ola:<\/p>\n<div style=\"width: 352px;\" class=\"wp-video\"><!--[if lt IE 9]><script>document.createElement('video');<\/script><![endif]-->\n<video class=\"wp-video-shortcode\" id=\"video-82954-1\" width=\"352\" height=\"288\" preload=\"metadata\" controls=\"controls\"><source type=\"video\/mp4\" src=\"https:\/\/ibecbarcelona.eu\/wp-content\/uploads\/2021\/03\/mda_186344825.mp4?_=1\" \/><a href=\"https:\/\/ibecbarcelona.eu\/wp-content\/uploads\/2021\/03\/mda_186344825.mp4\">https:\/\/ibecbarcelona.eu\/wp-content\/uploads\/2021\/03\/mda_186344825.mp4<\/a><\/video><\/div>\n<p>&nbsp;<\/p>\n<p>Podeu escoltar l&#8217;entrevista a Samuel S\u00e1nchez a la Cadena SER, al programa &#8220;Hoy por hoy&#8221;:<\/p>\n<!--[if lt IE 9]><script>document.createElement('audio');<\/script><![endif]-->\n<audio class=\"wp-audio-shortcode\" id=\"audio-82954-1\" preload=\"none\" style=\"width: 100%;\" controls=\"controls\"><source type=\"audio\/mpeg\" src=\"https:\/\/ibecbarcelona.eu\/wp-content\/uploads\/2021\/03\/CadenaSer_Samuel.mp3?_=1\" \/><a href=\"https:\/\/ibecbarcelona.eu\/wp-content\/uploads\/2021\/03\/CadenaSer_Samuel.mp3\">https:\/\/ibecbarcelona.eu\/wp-content\/uploads\/2021\/03\/CadenaSer_Samuel.mp3<\/a><\/audio>\n<hr \/>\n<hr \/>\n<hr \/>\n<p>Podeu llegir els articles complets aqu\u00ed:<\/p>\n<ul>\n<li><a href=\"https:\/\/elpais.com\/ciencia\/2021-03-20\/millones-de-nanorrobots-se-mueven-de-forma-colectiva-como-las-bandadas-de-pajaros-o-los-bancos-de-peces.html?ssm=TW_CC_MAT\" target=\"_blank\" rel=\"noopener\">El Pa\u00eds<\/a><\/li>\n<li><a href=\"https:\/\/www.lavanguardia.com\/ciencia\/20210317\/6488181\/observan-como-millones-nanorrobots-nadan-ratones-vivos.html\" target=\"_blank\" rel=\"noopener\">La Vanguardia<\/a><\/li>\n<li><a href=\"https:\/\/www.efe.com\/efe\/espana\/efefuturo\/observan-por-primera-vez-in-vivo-como-se-mueven-nanorrobots-dentro-de-ratones\/50000905-4490655\" target=\"_blank\" rel=\"noopener\">Agencia EFE<\/a><\/li>\n<li><a href=\"https:\/\/www.eldiario.es\/agencias\/observan-primera-vez-in-vivo-mueven-nanorrobots-ratones_1_7320692.html\" target=\"_blank\" rel=\"noopener\">elDiario.es<\/a><\/li>\n<li><a href=\"https:\/\/www.ccma.cat\/324\/assagen-en-ratolins-la-injeccio-de-nanorobots-per-administrar-farmacs-de-manera-selectiva\/noticia\/3083899\/\" target=\"_blank\" rel=\"noopener\">TV3<\/a><\/li>\n<li><a href=\"https:\/\/www.agenciasinc.es\/Noticias\/Asi-se-mueven-millones-de-nanorrobotos-dentro-de-ratones-vivos\" target=\"_blank\" rel=\"noopener\">SINC<\/a><\/li>\n<li><a href=\"https:\/\/ibecbarcelona.eu\/wp-content\/uploads\/2021\/03\/RASAL210321014.pdf\" target=\"_blank\" rel=\"noopener\">La Raz\u00f3n<\/a> (PDF)<\/li>\n<li><a href=\"https:\/\/ibecbarcelona.eu\/wp-content\/uploads\/2021\/03\/DIVAS210319011.pdf\" target=\"_blank\" rel=\"noopener\">El Diario Vasco<\/a> (PDF)<\/li>\n<\/ul>\n<p>Tamb\u00e9 podeu escoltar la secci\u00f3 dedicada a aquest estudi al programa de r\u00e0dio &#8220;<a href=\"https:\/\/www.rtve.es\/alacarta\/audios\/las-mananas-de-rne-con-pepa-fernandez\/estudio-nanorrobots-samuel-sanchez\/5824049\/\" target=\"_blank\" rel=\"noopener\">Las ma\u00f1anas de RNE con Pepa Fern\u00e1ndez<\/a>&#8220;.<\/p>\n<blockquote class=\"twitter-tweet\" data-conversation=\"none\">\n<p dir=\"ltr\" lang=\"en\">This is one of my favorite videos ever! How nice it is to see millions of nanobots under the microscope &#x1f447;<a href=\"https:\/\/twitter.com\/ahortelao?ref_src=twsrc%5Etfw\">@ahortelao<\/a> <a href=\"https:\/\/twitter.com\/maria_guix?ref_src=twsrc%5Etfw\">@maria_guix<\/a> so hard-working and motivated team! <a href=\"https:\/\/t.co\/gdLZr9q8d8\">pic.twitter.com\/gdLZr9q8d8<\/a><\/p>\n<p>\u2014 Samuel S\u00e1nchez (@SamuelNanobots) <a href=\"https:\/\/twitter.com\/SamuelNanobots\/status\/1372261544034238470?ref_src=twsrc%5Etfw\">March 17, 2021<\/a><\/p><\/blockquote>\n<p><script src=\"https:\/\/platform.twitter.com\/widgets.js\" async=\"\" charset=\"utf-8\"><\/script><\/p>\n","protected":false},"excerpt":{"rendered":"<h3>Un equip d&#8217;investigadors de l&#8217;IBEC liderats per Samuel S\u00e1nchez apareixen en diferents mitjans per l&#8217;estudi publicat a la prestigiosa revista Science Robotics, on per primera vegada han monitoritzat el comportament de milions de nanorobots dins de la bufeta de ratolins vius.<\/h3>\n","protected":false},"author":4,"featured_media":82846,"comment_status":"closed","ping_status":"closed","sticky":false,"template":"","format":"standard","meta":{"footnotes":""},"categories":[99],"tags":[1140],"post_formats":[],"class_list":["post-82954","post","type-post","status-publish","format-standard","has-post-thumbnail","hentry","category-ibec-als-mitjans","tag-samuel-sanchez-ca"],"yoast_head":"<!-- This site is optimized with the Yoast SEO plugin v27.5 - https:\/\/yoast.com\/product\/yoast-seo-wordpress\/ -->\n<title>Els nanorrobots arriben als mitjans - Institute for Bioengineering of Catalonia<\/title>\n<meta name=\"robots\" content=\"index, follow, max-snippet:-1, max-image-preview:large, max-video-preview:-1\" \/>\n<link rel=\"canonical\" href=\"https:\/\/ibecbarcelona.eu\/ca\/els-nanorrobots-arriben-als-mitjans\/\" \/>\n<meta property=\"og:locale\" content=\"ca_ES\" \/>\n<meta property=\"og:type\" content=\"article\" \/>\n<meta property=\"og:title\" content=\"Els nanorrobots arriben als mitjans - Institute for Bioengineering of Catalonia\" \/>\n<meta property=\"og:description\" content=\"Un equip d&#039;investigadors de l&#039;IBEC liderats per Samuel S\u00e1nchez apareixen en diferents mitjans per l&#039;estudi publicat a la prestigiosa revista Science Robotics, on per primera vegada han monitoritzat el comportament de milions de nanorobots dins de la bufeta de ratolins vius.\" \/>\n<meta property=\"og:url\" content=\"https:\/\/ibecbarcelona.eu\/ca\/els-nanorrobots-arriben-als-mitjans\/\" \/>\n<meta property=\"og:site_name\" content=\"Institute for Bioengineering of Catalonia\" \/>\n<meta property=\"article:published_time\" content=\"2021-03-24T11:43:44+00:00\" \/>\n<meta property=\"article:modified_time\" content=\"2021-03-25T08:08:18+00:00\" \/>\n<meta property=\"og:image\" content=\"https:\/\/ibecbarcelona.eu\/wp-content\/uploads\/2021\/03\/ERC_Grant_Samuel_-e1616059481791.jpg\" \/>\n\t<meta property=\"og:image:width\" content=\"328\" \/>\n\t<meta property=\"og:image:height\" content=\"332\" \/>\n\t<meta property=\"og:image:type\" content=\"image\/jpeg\" \/>\n<meta name=\"author\" content=\"\u00c0ngels L\u00f3pez\" \/>\n<meta name=\"twitter:card\" content=\"summary_large_image\" \/>\n<meta name=\"twitter:label1\" content=\"Escrit per\" \/>\n\t<meta name=\"twitter:data1\" content=\"\u00c0ngels L\u00f3pez\" \/>\n\t<meta name=\"twitter:label2\" content=\"Temps estimat de lectura\" \/>\n\t<meta name=\"twitter:data2\" content=\"2 minuts\" \/>\n<script type=\"application\/ld+json\" class=\"yoast-schema-graph\">{\"@context\":\"https:\\\/\\\/schema.org\",\"@graph\":[{\"@type\":\"Article\",\"@id\":\"https:\\\/\\\/ibecbarcelona.eu\\\/ca\\\/els-nanorrobots-arriben-als-mitjans\\\/#article\",\"isPartOf\":{\"@id\":\"https:\\\/\\\/ibecbarcelona.eu\\\/ca\\\/els-nanorrobots-arriben-als-mitjans\\\/\"},\"author\":{\"name\":\"\u00c0ngels L\u00f3pez\",\"@id\":\"https:\\\/\\\/ibecbarcelona.eu\\\/#\\\/schema\\\/person\\\/c212c6b589546130be67986b9290e2b8\"},\"headline\":\"Els nanorrobots arriben als mitjans\",\"datePublished\":\"2021-03-24T11:43:44+00:00\",\"dateModified\":\"2021-03-25T08:08:18+00:00\",\"mainEntityOfPage\":{\"@id\":\"https:\\\/\\\/ibecbarcelona.eu\\\/ca\\\/els-nanorrobots-arriben-als-mitjans\\\/\"},\"wordCount\":249,\"publisher\":{\"@id\":\"https:\\\/\\\/ibecbarcelona.eu\\\/#organization\"},\"image\":{\"@id\":\"https:\\\/\\\/ibecbarcelona.eu\\\/ca\\\/els-nanorrobots-arriben-als-mitjans\\\/#primaryimage\"},\"thumbnailUrl\":\"https:\\\/\\\/ibecbarcelona.eu\\\/wp-content\\\/uploads\\\/2021\\\/03\\\/ERC_Grant_Samuel_-e1616059481791.jpg\",\"keywords\":[\"Samuel Sanchez\"],\"articleSection\":[\"IBEC als mitjans\"],\"inLanguage\":\"ca\"},{\"@type\":\"WebPage\",\"@id\":\"https:\\\/\\\/ibecbarcelona.eu\\\/ca\\\/els-nanorrobots-arriben-als-mitjans\\\/\",\"url\":\"https:\\\/\\\/ibecbarcelona.eu\\\/ca\\\/els-nanorrobots-arriben-als-mitjans\\\/\",\"name\":\"Els nanorrobots arriben als mitjans - Institute for Bioengineering of Catalonia\",\"isPartOf\":{\"@id\":\"https:\\\/\\\/ibecbarcelona.eu\\\/#website\"},\"primaryImageOfPage\":{\"@id\":\"https:\\\/\\\/ibecbarcelona.eu\\\/ca\\\/els-nanorrobots-arriben-als-mitjans\\\/#primaryimage\"},\"image\":{\"@id\":\"https:\\\/\\\/ibecbarcelona.eu\\\/ca\\\/els-nanorrobots-arriben-als-mitjans\\\/#primaryimage\"},\"thumbnailUrl\":\"https:\\\/\\\/ibecbarcelona.eu\\\/wp-content\\\/uploads\\\/2021\\\/03\\\/ERC_Grant_Samuel_-e1616059481791.jpg\",\"datePublished\":\"2021-03-24T11:43:44+00:00\",\"dateModified\":\"2021-03-25T08:08:18+00:00\",\"breadcrumb\":{\"@id\":\"https:\\\/\\\/ibecbarcelona.eu\\\/ca\\\/els-nanorrobots-arriben-als-mitjans\\\/#breadcrumb\"},\"inLanguage\":\"ca\",\"potentialAction\":[{\"@type\":\"ReadAction\",\"target\":[\"https:\\\/\\\/ibecbarcelona.eu\\\/ca\\\/els-nanorrobots-arriben-als-mitjans\\\/\"]}]},{\"@type\":\"ImageObject\",\"inLanguage\":\"ca\",\"@id\":\"https:\\\/\\\/ibecbarcelona.eu\\\/ca\\\/els-nanorrobots-arriben-als-mitjans\\\/#primaryimage\",\"url\":\"https:\\\/\\\/ibecbarcelona.eu\\\/wp-content\\\/uploads\\\/2021\\\/03\\\/ERC_Grant_Samuel_-e1616059481791.jpg\",\"contentUrl\":\"https:\\\/\\\/ibecbarcelona.eu\\\/wp-content\\\/uploads\\\/2021\\\/03\\\/ERC_Grant_Samuel_-e1616059481791.jpg\",\"width\":328,\"height\":332},{\"@type\":\"BreadcrumbList\",\"@id\":\"https:\\\/\\\/ibecbarcelona.eu\\\/ca\\\/els-nanorrobots-arriben-als-mitjans\\\/#breadcrumb\",\"itemListElement\":[{\"@type\":\"ListItem\",\"position\":1,\"name\":\"Home\",\"item\":\"https:\\\/\\\/ibecbarcelona.eu\\\/ca\\\/\"},{\"@type\":\"ListItem\",\"position\":2,\"name\":\"Els nanorrobots arriben als mitjans\"}]},{\"@type\":\"WebSite\",\"@id\":\"https:\\\/\\\/ibecbarcelona.eu\\\/#website\",\"url\":\"https:\\\/\\\/ibecbarcelona.eu\\\/\",\"name\":\"Institute for Bioengineering of Catalonia\",\"description\":\"Bioengineering Solutions for Health\",\"publisher\":{\"@id\":\"https:\\\/\\\/ibecbarcelona.eu\\\/#organization\"},\"potentialAction\":[{\"@type\":\"SearchAction\",\"target\":{\"@type\":\"EntryPoint\",\"urlTemplate\":\"https:\\\/\\\/ibecbarcelona.eu\\\/?s={search_term_string}\"},\"query-input\":{\"@type\":\"PropertyValueSpecification\",\"valueRequired\":true,\"valueName\":\"search_term_string\"}}],\"inLanguage\":\"ca\"},{\"@type\":\"Organization\",\"@id\":\"https:\\\/\\\/ibecbarcelona.eu\\\/#organization\",\"name\":\"Institute for Bioengineering of Catalonia\",\"url\":\"https:\\\/\\\/ibecbarcelona.eu\\\/\",\"logo\":{\"@type\":\"ImageObject\",\"inLanguage\":\"ca\",\"@id\":\"https:\\\/\\\/ibecbarcelona.eu\\\/#\\\/schema\\\/logo\\\/image\\\/\",\"url\":\"https:\\\/\\\/ibecbarcelona.eu\\\/wp-content\\\/uploads\\\/2026\\\/01\\\/cropped-IBEC_20ANYS_GRIS.png\",\"contentUrl\":\"https:\\\/\\\/ibecbarcelona.eu\\\/wp-content\\\/uploads\\\/2026\\\/01\\\/cropped-IBEC_20ANYS_GRIS.png\",\"width\":696,\"height\":257,\"caption\":\"Institute for Bioengineering of Catalonia\"},\"image\":{\"@id\":\"https:\\\/\\\/ibecbarcelona.eu\\\/#\\\/schema\\\/logo\\\/image\\\/\"}},{\"@type\":\"Person\",\"@id\":\"https:\\\/\\\/ibecbarcelona.eu\\\/#\\\/schema\\\/person\\\/c212c6b589546130be67986b9290e2b8\",\"name\":\"\u00c0ngels L\u00f3pez\",\"image\":{\"@type\":\"ImageObject\",\"inLanguage\":\"ca\",\"@id\":\"https:\\\/\\\/secure.gravatar.com\\\/avatar\\\/09ad6ba116bea0b15c5511860f83b302579fd7404c1180e9dae55c3f11d988c6?s=96&d=mm&r=g\",\"url\":\"https:\\\/\\\/secure.gravatar.com\\\/avatar\\\/09ad6ba116bea0b15c5511860f83b302579fd7404c1180e9dae55c3f11d988c6?s=96&d=mm&r=g\",\"contentUrl\":\"https:\\\/\\\/secure.gravatar.com\\\/avatar\\\/09ad6ba116bea0b15c5511860f83b302579fd7404c1180e9dae55c3f11d988c6?s=96&d=mm&r=g\",\"caption\":\"\u00c0ngels L\u00f3pez\"},\"url\":\"https:\\\/\\\/ibecbarcelona.eu\\\/ca\\\/author\\\/alopez\\\/\"}]}<\/script>\n<!-- \/ Yoast SEO plugin. -->","yoast_head_json":{"title":"Els nanorrobots arriben als mitjans - Institute for Bioengineering of Catalonia","robots":{"index":"index","follow":"follow","max-snippet":"max-snippet:-1","max-image-preview":"max-image-preview:large","max-video-preview":"max-video-preview:-1"},"canonical":"https:\/\/ibecbarcelona.eu\/ca\/els-nanorrobots-arriben-als-mitjans\/","og_locale":"ca_ES","og_type":"article","og_title":"Els nanorrobots arriben als mitjans - Institute for Bioengineering of Catalonia","og_description":"Un equip d'investigadors de l'IBEC liderats per Samuel S\u00e1nchez apareixen en diferents mitjans per l'estudi publicat a la prestigiosa revista Science Robotics, on per primera vegada han monitoritzat el comportament de milions de nanorobots dins de la bufeta de ratolins vius.","og_url":"https:\/\/ibecbarcelona.eu\/ca\/els-nanorrobots-arriben-als-mitjans\/","og_site_name":"Institute for Bioengineering of Catalonia","article_published_time":"2021-03-24T11:43:44+00:00","article_modified_time":"2021-03-25T08:08:18+00:00","og_image":[{"width":328,"height":332,"url":"https:\/\/ibecbarcelona.eu\/wp-content\/uploads\/2021\/03\/ERC_Grant_Samuel_-e1616059481791.jpg","type":"image\/jpeg"}],"author":"\u00c0ngels L\u00f3pez","twitter_card":"summary_large_image","twitter_misc":{"Escrit per":"\u00c0ngels L\u00f3pez","Temps estimat de lectura":"2 minuts"},"schema":{"@context":"https:\/\/schema.org","@graph":[{"@type":"Article","@id":"https:\/\/ibecbarcelona.eu\/ca\/els-nanorrobots-arriben-als-mitjans\/#article","isPartOf":{"@id":"https:\/\/ibecbarcelona.eu\/ca\/els-nanorrobots-arriben-als-mitjans\/"},"author":{"name":"\u00c0ngels L\u00f3pez","@id":"https:\/\/ibecbarcelona.eu\/#\/schema\/person\/c212c6b589546130be67986b9290e2b8"},"headline":"Els nanorrobots arriben als mitjans","datePublished":"2021-03-24T11:43:44+00:00","dateModified":"2021-03-25T08:08:18+00:00","mainEntityOfPage":{"@id":"https:\/\/ibecbarcelona.eu\/ca\/els-nanorrobots-arriben-als-mitjans\/"},"wordCount":249,"publisher":{"@id":"https:\/\/ibecbarcelona.eu\/#organization"},"image":{"@id":"https:\/\/ibecbarcelona.eu\/ca\/els-nanorrobots-arriben-als-mitjans\/#primaryimage"},"thumbnailUrl":"https:\/\/ibecbarcelona.eu\/wp-content\/uploads\/2021\/03\/ERC_Grant_Samuel_-e1616059481791.jpg","keywords":["Samuel Sanchez"],"articleSection":["IBEC als mitjans"],"inLanguage":"ca"},{"@type":"WebPage","@id":"https:\/\/ibecbarcelona.eu\/ca\/els-nanorrobots-arriben-als-mitjans\/","url":"https:\/\/ibecbarcelona.eu\/ca\/els-nanorrobots-arriben-als-mitjans\/","name":"Els nanorrobots arriben als mitjans - Institute for Bioengineering of Catalonia","isPartOf":{"@id":"https:\/\/ibecbarcelona.eu\/#website"},"primaryImageOfPage":{"@id":"https:\/\/ibecbarcelona.eu\/ca\/els-nanorrobots-arriben-als-mitjans\/#primaryimage"},"image":{"@id":"https:\/\/ibecbarcelona.eu\/ca\/els-nanorrobots-arriben-als-mitjans\/#primaryimage"},"thumbnailUrl":"https:\/\/ibecbarcelona.eu\/wp-content\/uploads\/2021\/03\/ERC_Grant_Samuel_-e1616059481791.jpg","datePublished":"2021-03-24T11:43:44+00:00","dateModified":"2021-03-25T08:08:18+00:00","breadcrumb":{"@id":"https:\/\/ibecbarcelona.eu\/ca\/els-nanorrobots-arriben-als-mitjans\/#breadcrumb"},"inLanguage":"ca","potentialAction":[{"@type":"ReadAction","target":["https:\/\/ibecbarcelona.eu\/ca\/els-nanorrobots-arriben-als-mitjans\/"]}]},{"@type":"ImageObject","inLanguage":"ca","@id":"https:\/\/ibecbarcelona.eu\/ca\/els-nanorrobots-arriben-als-mitjans\/#primaryimage","url":"https:\/\/ibecbarcelona.eu\/wp-content\/uploads\/2021\/03\/ERC_Grant_Samuel_-e1616059481791.jpg","contentUrl":"https:\/\/ibecbarcelona.eu\/wp-content\/uploads\/2021\/03\/ERC_Grant_Samuel_-e1616059481791.jpg","width":328,"height":332},{"@type":"BreadcrumbList","@id":"https:\/\/ibecbarcelona.eu\/ca\/els-nanorrobots-arriben-als-mitjans\/#breadcrumb","itemListElement":[{"@type":"ListItem","position":1,"name":"Home","item":"https:\/\/ibecbarcelona.eu\/ca\/"},{"@type":"ListItem","position":2,"name":"Els nanorrobots arriben als mitjans"}]},{"@type":"WebSite","@id":"https:\/\/ibecbarcelona.eu\/#website","url":"https:\/\/ibecbarcelona.eu\/","name":"Institute for Bioengineering of Catalonia","description":"Bioengineering Solutions for Health","publisher":{"@id":"https:\/\/ibecbarcelona.eu\/#organization"},"potentialAction":[{"@type":"SearchAction","target":{"@type":"EntryPoint","urlTemplate":"https:\/\/ibecbarcelona.eu\/?s={search_term_string}"},"query-input":{"@type":"PropertyValueSpecification","valueRequired":true,"valueName":"search_term_string"}}],"inLanguage":"ca"},{"@type":"Organization","@id":"https:\/\/ibecbarcelona.eu\/#organization","name":"Institute for Bioengineering of Catalonia","url":"https:\/\/ibecbarcelona.eu\/","logo":{"@type":"ImageObject","inLanguage":"ca","@id":"https:\/\/ibecbarcelona.eu\/#\/schema\/logo\/image\/","url":"https:\/\/ibecbarcelona.eu\/wp-content\/uploads\/2026\/01\/cropped-IBEC_20ANYS_GRIS.png","contentUrl":"https:\/\/ibecbarcelona.eu\/wp-content\/uploads\/2026\/01\/cropped-IBEC_20ANYS_GRIS.png","width":696,"height":257,"caption":"Institute for Bioengineering of Catalonia"},"image":{"@id":"https:\/\/ibecbarcelona.eu\/#\/schema\/logo\/image\/"}},{"@type":"Person","@id":"https:\/\/ibecbarcelona.eu\/#\/schema\/person\/c212c6b589546130be67986b9290e2b8","name":"\u00c0ngels L\u00f3pez","image":{"@type":"ImageObject","inLanguage":"ca","@id":"https:\/\/secure.gravatar.com\/avatar\/09ad6ba116bea0b15c5511860f83b302579fd7404c1180e9dae55c3f11d988c6?s=96&d=mm&r=g","url":"https:\/\/secure.gravatar.com\/avatar\/09ad6ba116bea0b15c5511860f83b302579fd7404c1180e9dae55c3f11d988c6?s=96&d=mm&r=g","contentUrl":"https:\/\/secure.gravatar.com\/avatar\/09ad6ba116bea0b15c5511860f83b302579fd7404c1180e9dae55c3f11d988c6?s=96&d=mm&r=g","caption":"\u00c0ngels L\u00f3pez"},"url":"https:\/\/ibecbarcelona.eu\/ca\/author\/alopez\/"}]}},"AFP_featured_media_urls":{"full":["https:\/\/ibecbarcelona.eu\/wp-content\/uploads\/2021\/03\/ERC_Grant_Samuel_-e1616059481791.jpg",328,332,false],"thumbnail":["https:\/\/ibecbarcelona.eu\/wp-content\/uploads\/2021\/03\/ERC_Grant_Samuel_-e1616059481791-150x150.jpg",150,150,true],"medium":["https:\/\/ibecbarcelona.eu\/wp-content\/uploads\/2021\/03\/ERC_Grant_Samuel_-e1616059481791-296x300.jpg",296,300,true],"medium_large":["https:\/\/ibecbarcelona.eu\/wp-content\/uploads\/2021\/03\/ERC_Grant_Samuel_-e1616059481791.jpg",328,332,false],"large":["https:\/\/ibecbarcelona.eu\/wp-content\/uploads\/2021\/03\/ERC_Grant_Samuel_-e1616059481791.jpg",328,332,false]},"AFP_attachments":[],"AFP_videos":{"82999":{"ID":82999,"post_author":"4","post_date":"2021-03-25 09:04:40","post_date_gmt":"2021-03-25 08:04:40","post_content":"","post_title":"mda_186344825","post_excerpt":"","post_status":"inherit","comment_status":"closed","ping_status":"closed","post_password":"","post_name":"mda_186344825-2","to_ping":"","pinged":"","post_modified":"2021-03-25 09:04:40","post_modified_gmt":"2021-03-25 08:04:40","post_content_filtered":"","post_parent":82954,"guid":"https:\/\/ibecbarcelona.eu\/wp-content\/uploads\/2021\/03\/mda_186344825.mp4","menu_order":0,"post_type":"attachment","post_mime_type":"video\/mp4","comment_count":"0","filter":"raw"},"83000":82999},"AFP_video_blocks":"","AFP_category_names":["IBEC als mitjans"],"_links":{"self":[{"href":"https:\/\/ibecbarcelona.eu\/ca\/wp-json\/wp\/v2\/posts\/82954","targetHints":{"allow":["GET"]}}],"collection":[{"href":"https:\/\/ibecbarcelona.eu\/ca\/wp-json\/wp\/v2\/posts"}],"about":[{"href":"https:\/\/ibecbarcelona.eu\/ca\/wp-json\/wp\/v2\/types\/post"}],"author":[{"embeddable":true,"href":"https:\/\/ibecbarcelona.eu\/ca\/wp-json\/wp\/v2\/users\/4"}],"replies":[{"embeddable":true,"href":"https:\/\/ibecbarcelona.eu\/ca\/wp-json\/wp\/v2\/comments?post=82954"}],"version-history":[{"count":4,"href":"https:\/\/ibecbarcelona.eu\/ca\/wp-json\/wp\/v2\/posts\/82954\/revisions"}],"predecessor-version":[{"id":83002,"href":"https:\/\/ibecbarcelona.eu\/ca\/wp-json\/wp\/v2\/posts\/82954\/revisions\/83002"}],"wp:featuredmedia":[{"embeddable":true,"href":"https:\/\/ibecbarcelona.eu\/ca\/wp-json\/wp\/v2\/media\/82846"}],"wp:attachment":[{"href":"https:\/\/ibecbarcelona.eu\/ca\/wp-json\/wp\/v2\/media?parent=82954"}],"wp:term":[{"taxonomy":"category","embeddable":true,"href":"https:\/\/ibecbarcelona.eu\/ca\/wp-json\/wp\/v2\/categories?post=82954"},{"taxonomy":"post_tag","embeddable":true,"href":"https:\/\/ibecbarcelona.eu\/ca\/wp-json\/wp\/v2\/tags?post=82954"},{"taxonomy":"post_format","embeddable":true,"href":"https:\/\/ibecbarcelona.eu\/ca\/wp-json\/wp\/v2\/post_formats?post=82954"}],"curies":[{"name":"wp","href":"https:\/\/api.w.org\/{rel}","templated":true}]}}