
{"id":8374,"date":"2014-08-04T07:23:56","date_gmt":"2014-08-04T07:23:56","guid":{"rendered":"http:\/\/ibecbarcelona.eu\/new\/investigadors-de-libec-descobreixen-un-nou-mecanisme-de-curacio-de-ferides\/"},"modified":"2015-10-19T15:54:55","modified_gmt":"2015-10-19T15:54:55","slug":"investigadors-de-libec-descobreixen-un-nou-mecanisme-de-curacio-de-ferides","status":"publish","type":"post","link":"https:\/\/ibecbarcelona.eu\/ca\/investigadors-de-libec-descobreixen-un-nou-mecanisme-de-curacio-de-ferides\/","title":{"rendered":"Investigadors de l\u2019IBEC descobreixen un nou mecanisme de curaci\u00f3 de ferides"},"content":{"rendered":"<h6 class=\"caption\" style=\"width: 230px; float: left; padding: 0px 10px 10px 0px;\">Descripci\u00f3: Mapa de les forces f\u00edsiques que les c\u00e8l\u00b7lules exerceixen durant la curaci\u00f3 d\u2019una ferida. Les c\u00e8l\u00b7lules estan marcades en blau, les forces en vermell i groc, i la\u00a0ferida \u00e9s la zona fosca al centre de la imatge<\/h6>\n<p>Quan pensem en la curaci\u00f3 de les ferides, normalment pensem en les ferides de la nostra pell, per\u00f2 tamb\u00e9 hi ha ferides en tota mena de teixits i \u00f2rgans a l\u2019interior del nostre cos que poden estar relacionades amb malalties cr\u00f2niques, com la diabetis o l\u2019asma. Les ferides internes tamb\u00e9 poden afavorir la progressi\u00f3 del c\u00e0ncer, ja que proporcionen un entorn f\u00edsic i qu\u00edmic que promou la invasi\u00f3 de c\u00e8l\u00b7lules malignes.<\/p>\n<p>Des de fa temps se sap que hi ha dos mecanismes diferents que contribueixen a la curaci\u00f3 de les ferides. En el primer mecanisme es forma un anell de prote\u00efnes contr\u00e0ctils a la vora de la ferida i la contracci\u00f3 d\u2019aquest anell la tanca de la mateixa manera que ho fa una bossa quan n\u2019estirem els cordills. En l\u2019altre m\u00e8tode, que es denomina \u2018migraci\u00f3 cel\u00b7lular\u2019, les mateixes c\u00e8l\u00b7lules estenenuns \u2018bra\u00e7os microm\u00e8trics\u2019 ,coneguts com a \u2018lamelipodis\u2019, que els permeten arrossegar-se fins a tancar la ferida. En algunes ferides els dos mecanismes poden funcionar simult\u00e0niament, mentre que en d\u2019altres nom\u00e9s se n\u2019utilitza un dels dos.<\/p>\n<p>El grup de l\u2019IBEC, en col\u00b7laboraci\u00f3 amb l\u2019Institut de Recerca Biom\u00e8dica (IRB), la Universitat Polit\u00e8cnica de Catalunya (UPC), la Universitat de Barcelona (UB), la Universitat de Paris-Diderot, el Mechanobiology Institute de Singapur i la Universitat de Waterloo de Canad\u00e0, ha desenvolupat per primera vegada, una t\u00e8cnica per mesurar a la nano-escala les forces que hi ha al darrere del proc\u00e9s de curaci\u00f3 de les ferides, y fent aix\u00f2, han descobert que els dos mecanismes acceptats actualment no s\u00f3n suficients per explicar el fenomen. De forma inesperada han trobat un nou mecanisme en el qual les c\u00e8l\u00b7lules generen arcs contr\u00e0ctils supracel\u00b7lulars que comprimeixen el teixit sota la ferida. Combinant experiments i models computacionals, els autors han demostrat que les contraccions derivades d\u2019aquests arcs permeten la curaci\u00f3 de les ferides d\u2019una manera m\u00e9s r\u00e0pida i resistent.<\/p>\n<p>\u201cDes de fa temps sab\u00edem que la curaci\u00f3 de les ferides no es podia entendre completament sense una mesura directa de les forces que impulsen el moviment de les c\u00e8l\u00b7lules\u201d, explica Xavier Trepat, investigador principal del grup de Din\u00e0mica Integrativa de C\u00e8l\u00b7lules i de Teixits de l\u2019IBEC i professor investigador ICREA. \u201cSom els primers investigadors a desenvolupar la tecnologia per fer aquestes mesures, per\u00f2 no esper\u00e0vem ensopegar amb un mecanisme tan integratiu en el qual les c\u00e8l\u00b7lules ve\u00efnes coordinessin el seu treball f\u00edsic amb tanta precisi\u00f3\u201d.<\/p>\n<p>&nbsp;<\/p>\n<p><strong><em>Article de refer\u00e8ncia:<\/em> <\/strong>Agust\u00ed Brugu\u00e9s, Ester Anon, Vito Conte, Jim H. Veldhuis, Mukund Gupta, Julien Colombelli, Jos\u00e9 J. Mu\u00f1oz, G. Wayne Brodland, Benoit Ladoux, Xavier Trepat (2014). <a href=\"http:\/\/www.nature.com\/nphys\/journal\/vaop\/ncurrent\/full\/nphys3040.html\" target=\"_blank\">Forces driving epithelial wound healing<\/a>. <em>Nature Physics <\/em>10, 683\u2013690<\/p>\n<p>&nbsp;<\/p>\n","protected":false},"excerpt":{"rendered":"<h3><img decoding=\"async\" class=\"left size-full wp-image-8370 lazyload\" data-src=\"https:\/\/ibecbarcelona.eu\/wp-content\/uploads\/2014\/08\/brugues_natphys2014_340x210.jpg\" border=\"0\" width=\"340\" height=\"210\" data-srcset=\"https:\/\/ibecbarcelona.eu\/wp-content\/uploads\/2014\/08\/brugues_natphys2014_340x210.jpg 340w, https:\/\/ibecbarcelona.eu\/wp-content\/uploads\/2014\/08\/brugues_natphys2014_340x210-300x185.jpg 300w, https:\/\/ibecbarcelona.eu\/wp-content\/uploads\/2014\/08\/brugues_natphys2014_340x210-242x150.jpg 242w, https:\/\/ibecbarcelona.eu\/wp-content\/uploads\/2014\/08\/brugues_natphys2014_340x210-150x92.jpg 150w\" data-sizes=\"(max-width: 340px) 100vw, 340px\" src=\"data:image\/svg+xml;base64,PHN2ZyB3aWR0aD0iMSIgaGVpZ2h0PSIxIiB4bWxucz0iaHR0cDovL3d3dy53My5vcmcvMjAwMC9zdmciPjwvc3ZnPg==\" style=\"--smush-placeholder-width: 340px; --smush-placeholder-aspect-ratio: 340\/210;\" \/> Un grup investigador de l\u2019Institut de Bioenginyeria de Catalunya (IBEC) ha desenvolupat una nova tecnologia per desxifrar els mecanismes de curaci\u00f3 de les ferides. Gr\u00e0cies a aquesta tecnologia han descobert com les c\u00e8l\u00b7lules es mouen i treballen conjuntament per tancar una lesi\u00f3 en un teixit.<\/h3>\n<p>L\u2019estudi, publicat avui a <em>Nature Physics<\/em>, significa un gran pas endavant per comprendre el misteri de la reparaci\u00f3 de les ferides podent ajudar a desenvolupar tractaments per accelerar-ne la curaci\u00f3, ja que optimitzar la reparaci\u00f3 de teixits \u00e9s una necessitat important per al tractament de malalties agudes i cr\u00f2niques. El descobriment del mecanisme b\u00e0sic demostrat en aquest estudi tamb\u00e9 \u00e9s un pas important per aconseguir una regeneraci\u00f3 efica\u00e7 d\u2019\u00f2rgans.<\/p>\n","protected":false},"author":4,"featured_media":8370,"comment_status":"closed","ping_status":"closed","sticky":false,"template":"","format":"standard","meta":{"footnotes":""},"categories":[96],"tags":[],"post_formats":[],"class_list":["post-8374","post","type-post","status-publish","format-standard","has-post-thumbnail","hentry","category-noticies-de-recerca"],"yoast_head":"<!-- This site is optimized with the Yoast SEO plugin v27.5 - https:\/\/yoast.com\/product\/yoast-seo-wordpress\/ -->\n<title>Investigadors de l\u2019IBEC descobreixen un nou mecanisme de curaci\u00f3 de ferides - Institute for Bioengineering of Catalonia<\/title>\n<meta name=\"robots\" content=\"index, follow, max-snippet:-1, max-image-preview:large, max-video-preview:-1\" \/>\n<link rel=\"canonical\" href=\"https:\/\/ibecbarcelona.eu\/ca\/investigadors-de-libec-descobreixen-un-nou-mecanisme-de-curacio-de-ferides\/\" \/>\n<meta property=\"og:locale\" content=\"ca_ES\" \/>\n<meta property=\"og:type\" content=\"article\" \/>\n<meta property=\"og:title\" content=\"Investigadors de l\u2019IBEC descobreixen un nou mecanisme de curaci\u00f3 de ferides - Institute for Bioengineering of Catalonia\" \/>\n<meta property=\"og:description\" content=\"Un grup investigador de l\u2019Institut de Bioenginyeria de Catalunya (IBEC) ha desenvolupat una nova tecnologia per desxifrar els mecanismes de curaci\u00f3 de les ferides. Gr\u00e0cies a aquesta tecnologia han descobert com les c\u00e8l\u00b7lules es mouen i treballen conjuntament per tancar una lesi\u00f3 en un teixit. L\u2019estudi, publicat avui a Nature Physics, significa un gran pas endavant per comprendre el misteri de la reparaci\u00f3 de les ferides podent ajudar a desenvolupar tractaments per accelerar-ne la curaci\u00f3, ja que optimitzar la reparaci\u00f3 de teixits \u00e9s una necessitat important per al tractament de malalties agudes i cr\u00f2niques. El descobriment del mecanisme b\u00e0sic demostrat en aquest estudi tamb\u00e9 \u00e9s un pas important per aconseguir una regeneraci\u00f3 efica\u00e7 d\u2019\u00f2rgans.\" \/>\n<meta property=\"og:url\" content=\"https:\/\/ibecbarcelona.eu\/ca\/investigadors-de-libec-descobreixen-un-nou-mecanisme-de-curacio-de-ferides\/\" \/>\n<meta property=\"og:site_name\" content=\"Institute for Bioengineering of Catalonia\" \/>\n<meta property=\"article:published_time\" content=\"2014-08-04T07:23:56+00:00\" \/>\n<meta property=\"article:modified_time\" content=\"2015-10-19T15:54:55+00:00\" \/>\n<meta property=\"og:image\" content=\"https:\/\/ibecbarcelona.eu\/wp-content\/uploads\/2014\/08\/brugues_natphys2014_340x210.jpg\" \/>\n\t<meta property=\"og:image:width\" content=\"340\" \/>\n\t<meta property=\"og:image:height\" content=\"210\" \/>\n\t<meta property=\"og:image:type\" content=\"image\/jpeg\" \/>\n<meta name=\"author\" content=\"\u00c0ngels L\u00f3pez\" \/>\n<meta name=\"twitter:card\" content=\"summary_large_image\" \/>\n<meta name=\"twitter:label1\" content=\"Escrit per\" \/>\n\t<meta name=\"twitter:data1\" content=\"\u00c0ngels L\u00f3pez\" \/>\n\t<meta name=\"twitter:label2\" content=\"Temps estimat de lectura\" \/>\n\t<meta name=\"twitter:data2\" content=\"3 minuts\" \/>\n<script type=\"application\/ld+json\" class=\"yoast-schema-graph\">{\"@context\":\"https:\\\/\\\/schema.org\",\"@graph\":[{\"@type\":\"Article\",\"@id\":\"https:\\\/\\\/ibecbarcelona.eu\\\/ca\\\/investigadors-de-libec-descobreixen-un-nou-mecanisme-de-curacio-de-ferides\\\/#article\",\"isPartOf\":{\"@id\":\"https:\\\/\\\/ibecbarcelona.eu\\\/ca\\\/investigadors-de-libec-descobreixen-un-nou-mecanisme-de-curacio-de-ferides\\\/\"},\"author\":{\"name\":\"\u00c0ngels L\u00f3pez\",\"@id\":\"https:\\\/\\\/ibecbarcelona.eu\\\/#\\\/schema\\\/person\\\/c212c6b589546130be67986b9290e2b8\"},\"headline\":\"Investigadors de l\u2019IBEC descobreixen un nou mecanisme de curaci\u00f3 de ferides\",\"datePublished\":\"2014-08-04T07:23:56+00:00\",\"dateModified\":\"2015-10-19T15:54:55+00:00\",\"mainEntityOfPage\":{\"@id\":\"https:\\\/\\\/ibecbarcelona.eu\\\/ca\\\/investigadors-de-libec-descobreixen-un-nou-mecanisme-de-curacio-de-ferides\\\/\"},\"wordCount\":540,\"publisher\":{\"@id\":\"https:\\\/\\\/ibecbarcelona.eu\\\/#organization\"},\"image\":{\"@id\":\"https:\\\/\\\/ibecbarcelona.eu\\\/ca\\\/investigadors-de-libec-descobreixen-un-nou-mecanisme-de-curacio-de-ferides\\\/#primaryimage\"},\"thumbnailUrl\":\"https:\\\/\\\/ibecbarcelona.eu\\\/wp-content\\\/uploads\\\/2014\\\/08\\\/brugues_natphys2014_340x210.jpg\",\"articleSection\":[\"Not\u00edcies de recerca\"],\"inLanguage\":\"ca\"},{\"@type\":\"WebPage\",\"@id\":\"https:\\\/\\\/ibecbarcelona.eu\\\/ca\\\/investigadors-de-libec-descobreixen-un-nou-mecanisme-de-curacio-de-ferides\\\/\",\"url\":\"https:\\\/\\\/ibecbarcelona.eu\\\/ca\\\/investigadors-de-libec-descobreixen-un-nou-mecanisme-de-curacio-de-ferides\\\/\",\"name\":\"Investigadors de l\u2019IBEC descobreixen un nou mecanisme de curaci\u00f3 de ferides - Institute for Bioengineering of Catalonia\",\"isPartOf\":{\"@id\":\"https:\\\/\\\/ibecbarcelona.eu\\\/#website\"},\"primaryImageOfPage\":{\"@id\":\"https:\\\/\\\/ibecbarcelona.eu\\\/ca\\\/investigadors-de-libec-descobreixen-un-nou-mecanisme-de-curacio-de-ferides\\\/#primaryimage\"},\"image\":{\"@id\":\"https:\\\/\\\/ibecbarcelona.eu\\\/ca\\\/investigadors-de-libec-descobreixen-un-nou-mecanisme-de-curacio-de-ferides\\\/#primaryimage\"},\"thumbnailUrl\":\"https:\\\/\\\/ibecbarcelona.eu\\\/wp-content\\\/uploads\\\/2014\\\/08\\\/brugues_natphys2014_340x210.jpg\",\"datePublished\":\"2014-08-04T07:23:56+00:00\",\"dateModified\":\"2015-10-19T15:54:55+00:00\",\"breadcrumb\":{\"@id\":\"https:\\\/\\\/ibecbarcelona.eu\\\/ca\\\/investigadors-de-libec-descobreixen-un-nou-mecanisme-de-curacio-de-ferides\\\/#breadcrumb\"},\"inLanguage\":\"ca\",\"potentialAction\":[{\"@type\":\"ReadAction\",\"target\":[\"https:\\\/\\\/ibecbarcelona.eu\\\/ca\\\/investigadors-de-libec-descobreixen-un-nou-mecanisme-de-curacio-de-ferides\\\/\"]}]},{\"@type\":\"ImageObject\",\"inLanguage\":\"ca\",\"@id\":\"https:\\\/\\\/ibecbarcelona.eu\\\/ca\\\/investigadors-de-libec-descobreixen-un-nou-mecanisme-de-curacio-de-ferides\\\/#primaryimage\",\"url\":\"https:\\\/\\\/ibecbarcelona.eu\\\/wp-content\\\/uploads\\\/2014\\\/08\\\/brugues_natphys2014_340x210.jpg\",\"contentUrl\":\"https:\\\/\\\/ibecbarcelona.eu\\\/wp-content\\\/uploads\\\/2014\\\/08\\\/brugues_natphys2014_340x210.jpg\",\"width\":340,\"height\":210},{\"@type\":\"BreadcrumbList\",\"@id\":\"https:\\\/\\\/ibecbarcelona.eu\\\/ca\\\/investigadors-de-libec-descobreixen-un-nou-mecanisme-de-curacio-de-ferides\\\/#breadcrumb\",\"itemListElement\":[{\"@type\":\"ListItem\",\"position\":1,\"name\":\"Home\",\"item\":\"https:\\\/\\\/ibecbarcelona.eu\\\/ca\\\/\"},{\"@type\":\"ListItem\",\"position\":2,\"name\":\"Investigadors de l\u2019IBEC descobreixen un nou mecanisme de curaci\u00f3 de ferides\"}]},{\"@type\":\"WebSite\",\"@id\":\"https:\\\/\\\/ibecbarcelona.eu\\\/#website\",\"url\":\"https:\\\/\\\/ibecbarcelona.eu\\\/\",\"name\":\"Institute for Bioengineering of Catalonia\",\"description\":\"Bioengineering Solutions for Health\",\"publisher\":{\"@id\":\"https:\\\/\\\/ibecbarcelona.eu\\\/#organization\"},\"potentialAction\":[{\"@type\":\"SearchAction\",\"target\":{\"@type\":\"EntryPoint\",\"urlTemplate\":\"https:\\\/\\\/ibecbarcelona.eu\\\/?s={search_term_string}\"},\"query-input\":{\"@type\":\"PropertyValueSpecification\",\"valueRequired\":true,\"valueName\":\"search_term_string\"}}],\"inLanguage\":\"ca\"},{\"@type\":\"Organization\",\"@id\":\"https:\\\/\\\/ibecbarcelona.eu\\\/#organization\",\"name\":\"Institute for Bioengineering of Catalonia\",\"url\":\"https:\\\/\\\/ibecbarcelona.eu\\\/\",\"logo\":{\"@type\":\"ImageObject\",\"inLanguage\":\"ca\",\"@id\":\"https:\\\/\\\/ibecbarcelona.eu\\\/#\\\/schema\\\/logo\\\/image\\\/\",\"url\":\"https:\\\/\\\/ibecbarcelona.eu\\\/wp-content\\\/uploads\\\/2026\\\/01\\\/cropped-IBEC_20ANYS_GRIS.png\",\"contentUrl\":\"https:\\\/\\\/ibecbarcelona.eu\\\/wp-content\\\/uploads\\\/2026\\\/01\\\/cropped-IBEC_20ANYS_GRIS.png\",\"width\":696,\"height\":257,\"caption\":\"Institute for Bioengineering of Catalonia\"},\"image\":{\"@id\":\"https:\\\/\\\/ibecbarcelona.eu\\\/#\\\/schema\\\/logo\\\/image\\\/\"}},{\"@type\":\"Person\",\"@id\":\"https:\\\/\\\/ibecbarcelona.eu\\\/#\\\/schema\\\/person\\\/c212c6b589546130be67986b9290e2b8\",\"name\":\"\u00c0ngels L\u00f3pez\",\"image\":{\"@type\":\"ImageObject\",\"inLanguage\":\"ca\",\"@id\":\"https:\\\/\\\/secure.gravatar.com\\\/avatar\\\/09ad6ba116bea0b15c5511860f83b302579fd7404c1180e9dae55c3f11d988c6?s=96&d=mm&r=g\",\"url\":\"https:\\\/\\\/secure.gravatar.com\\\/avatar\\\/09ad6ba116bea0b15c5511860f83b302579fd7404c1180e9dae55c3f11d988c6?s=96&d=mm&r=g\",\"contentUrl\":\"https:\\\/\\\/secure.gravatar.com\\\/avatar\\\/09ad6ba116bea0b15c5511860f83b302579fd7404c1180e9dae55c3f11d988c6?s=96&d=mm&r=g\",\"caption\":\"\u00c0ngels L\u00f3pez\"},\"url\":\"https:\\\/\\\/ibecbarcelona.eu\\\/ca\\\/author\\\/alopez\\\/\"}]}<\/script>\n<!-- \/ Yoast SEO plugin. -->","yoast_head_json":{"title":"Investigadors de l\u2019IBEC descobreixen un nou mecanisme de curaci\u00f3 de ferides - Institute for Bioengineering of Catalonia","robots":{"index":"index","follow":"follow","max-snippet":"max-snippet:-1","max-image-preview":"max-image-preview:large","max-video-preview":"max-video-preview:-1"},"canonical":"https:\/\/ibecbarcelona.eu\/ca\/investigadors-de-libec-descobreixen-un-nou-mecanisme-de-curacio-de-ferides\/","og_locale":"ca_ES","og_type":"article","og_title":"Investigadors de l\u2019IBEC descobreixen un nou mecanisme de curaci\u00f3 de ferides - Institute for Bioengineering of Catalonia","og_description":"Un grup investigador de l\u2019Institut de Bioenginyeria de Catalunya (IBEC) ha desenvolupat una nova tecnologia per desxifrar els mecanismes de curaci\u00f3 de les ferides. Gr\u00e0cies a aquesta tecnologia han descobert com les c\u00e8l\u00b7lules es mouen i treballen conjuntament per tancar una lesi\u00f3 en un teixit. L\u2019estudi, publicat avui a Nature Physics, significa un gran pas endavant per comprendre el misteri de la reparaci\u00f3 de les ferides podent ajudar a desenvolupar tractaments per accelerar-ne la curaci\u00f3, ja que optimitzar la reparaci\u00f3 de teixits \u00e9s una necessitat important per al tractament de malalties agudes i cr\u00f2niques. El descobriment del mecanisme b\u00e0sic demostrat en aquest estudi tamb\u00e9 \u00e9s un pas important per aconseguir una regeneraci\u00f3 efica\u00e7 d\u2019\u00f2rgans.","og_url":"https:\/\/ibecbarcelona.eu\/ca\/investigadors-de-libec-descobreixen-un-nou-mecanisme-de-curacio-de-ferides\/","og_site_name":"Institute for Bioengineering of Catalonia","article_published_time":"2014-08-04T07:23:56+00:00","article_modified_time":"2015-10-19T15:54:55+00:00","og_image":[{"width":340,"height":210,"url":"https:\/\/ibecbarcelona.eu\/wp-content\/uploads\/2014\/08\/brugues_natphys2014_340x210.jpg","type":"image\/jpeg"}],"author":"\u00c0ngels L\u00f3pez","twitter_card":"summary_large_image","twitter_misc":{"Escrit per":"\u00c0ngels L\u00f3pez","Temps estimat de lectura":"3 minuts"},"schema":{"@context":"https:\/\/schema.org","@graph":[{"@type":"Article","@id":"https:\/\/ibecbarcelona.eu\/ca\/investigadors-de-libec-descobreixen-un-nou-mecanisme-de-curacio-de-ferides\/#article","isPartOf":{"@id":"https:\/\/ibecbarcelona.eu\/ca\/investigadors-de-libec-descobreixen-un-nou-mecanisme-de-curacio-de-ferides\/"},"author":{"name":"\u00c0ngels L\u00f3pez","@id":"https:\/\/ibecbarcelona.eu\/#\/schema\/person\/c212c6b589546130be67986b9290e2b8"},"headline":"Investigadors de l\u2019IBEC descobreixen un nou mecanisme de curaci\u00f3 de ferides","datePublished":"2014-08-04T07:23:56+00:00","dateModified":"2015-10-19T15:54:55+00:00","mainEntityOfPage":{"@id":"https:\/\/ibecbarcelona.eu\/ca\/investigadors-de-libec-descobreixen-un-nou-mecanisme-de-curacio-de-ferides\/"},"wordCount":540,"publisher":{"@id":"https:\/\/ibecbarcelona.eu\/#organization"},"image":{"@id":"https:\/\/ibecbarcelona.eu\/ca\/investigadors-de-libec-descobreixen-un-nou-mecanisme-de-curacio-de-ferides\/#primaryimage"},"thumbnailUrl":"https:\/\/ibecbarcelona.eu\/wp-content\/uploads\/2014\/08\/brugues_natphys2014_340x210.jpg","articleSection":["Not\u00edcies de recerca"],"inLanguage":"ca"},{"@type":"WebPage","@id":"https:\/\/ibecbarcelona.eu\/ca\/investigadors-de-libec-descobreixen-un-nou-mecanisme-de-curacio-de-ferides\/","url":"https:\/\/ibecbarcelona.eu\/ca\/investigadors-de-libec-descobreixen-un-nou-mecanisme-de-curacio-de-ferides\/","name":"Investigadors de l\u2019IBEC descobreixen un nou mecanisme de curaci\u00f3 de ferides - Institute for Bioengineering of Catalonia","isPartOf":{"@id":"https:\/\/ibecbarcelona.eu\/#website"},"primaryImageOfPage":{"@id":"https:\/\/ibecbarcelona.eu\/ca\/investigadors-de-libec-descobreixen-un-nou-mecanisme-de-curacio-de-ferides\/#primaryimage"},"image":{"@id":"https:\/\/ibecbarcelona.eu\/ca\/investigadors-de-libec-descobreixen-un-nou-mecanisme-de-curacio-de-ferides\/#primaryimage"},"thumbnailUrl":"https:\/\/ibecbarcelona.eu\/wp-content\/uploads\/2014\/08\/brugues_natphys2014_340x210.jpg","datePublished":"2014-08-04T07:23:56+00:00","dateModified":"2015-10-19T15:54:55+00:00","breadcrumb":{"@id":"https:\/\/ibecbarcelona.eu\/ca\/investigadors-de-libec-descobreixen-un-nou-mecanisme-de-curacio-de-ferides\/#breadcrumb"},"inLanguage":"ca","potentialAction":[{"@type":"ReadAction","target":["https:\/\/ibecbarcelona.eu\/ca\/investigadors-de-libec-descobreixen-un-nou-mecanisme-de-curacio-de-ferides\/"]}]},{"@type":"ImageObject","inLanguage":"ca","@id":"https:\/\/ibecbarcelona.eu\/ca\/investigadors-de-libec-descobreixen-un-nou-mecanisme-de-curacio-de-ferides\/#primaryimage","url":"https:\/\/ibecbarcelona.eu\/wp-content\/uploads\/2014\/08\/brugues_natphys2014_340x210.jpg","contentUrl":"https:\/\/ibecbarcelona.eu\/wp-content\/uploads\/2014\/08\/brugues_natphys2014_340x210.jpg","width":340,"height":210},{"@type":"BreadcrumbList","@id":"https:\/\/ibecbarcelona.eu\/ca\/investigadors-de-libec-descobreixen-un-nou-mecanisme-de-curacio-de-ferides\/#breadcrumb","itemListElement":[{"@type":"ListItem","position":1,"name":"Home","item":"https:\/\/ibecbarcelona.eu\/ca\/"},{"@type":"ListItem","position":2,"name":"Investigadors de l\u2019IBEC descobreixen un nou mecanisme de curaci\u00f3 de ferides"}]},{"@type":"WebSite","@id":"https:\/\/ibecbarcelona.eu\/#website","url":"https:\/\/ibecbarcelona.eu\/","name":"Institute for Bioengineering of Catalonia","description":"Bioengineering Solutions for Health","publisher":{"@id":"https:\/\/ibecbarcelona.eu\/#organization"},"potentialAction":[{"@type":"SearchAction","target":{"@type":"EntryPoint","urlTemplate":"https:\/\/ibecbarcelona.eu\/?s={search_term_string}"},"query-input":{"@type":"PropertyValueSpecification","valueRequired":true,"valueName":"search_term_string"}}],"inLanguage":"ca"},{"@type":"Organization","@id":"https:\/\/ibecbarcelona.eu\/#organization","name":"Institute for Bioengineering of Catalonia","url":"https:\/\/ibecbarcelona.eu\/","logo":{"@type":"ImageObject","inLanguage":"ca","@id":"https:\/\/ibecbarcelona.eu\/#\/schema\/logo\/image\/","url":"https:\/\/ibecbarcelona.eu\/wp-content\/uploads\/2026\/01\/cropped-IBEC_20ANYS_GRIS.png","contentUrl":"https:\/\/ibecbarcelona.eu\/wp-content\/uploads\/2026\/01\/cropped-IBEC_20ANYS_GRIS.png","width":696,"height":257,"caption":"Institute for Bioengineering of Catalonia"},"image":{"@id":"https:\/\/ibecbarcelona.eu\/#\/schema\/logo\/image\/"}},{"@type":"Person","@id":"https:\/\/ibecbarcelona.eu\/#\/schema\/person\/c212c6b589546130be67986b9290e2b8","name":"\u00c0ngels L\u00f3pez","image":{"@type":"ImageObject","inLanguage":"ca","@id":"https:\/\/secure.gravatar.com\/avatar\/09ad6ba116bea0b15c5511860f83b302579fd7404c1180e9dae55c3f11d988c6?s=96&d=mm&r=g","url":"https:\/\/secure.gravatar.com\/avatar\/09ad6ba116bea0b15c5511860f83b302579fd7404c1180e9dae55c3f11d988c6?s=96&d=mm&r=g","contentUrl":"https:\/\/secure.gravatar.com\/avatar\/09ad6ba116bea0b15c5511860f83b302579fd7404c1180e9dae55c3f11d988c6?s=96&d=mm&r=g","caption":"\u00c0ngels L\u00f3pez"},"url":"https:\/\/ibecbarcelona.eu\/ca\/author\/alopez\/"}]}},"AFP_featured_media_urls":{"full":["https:\/\/ibecbarcelona.eu\/wp-content\/uploads\/2014\/08\/brugues_natphys2014_340x210.jpg",340,210,false],"thumbnail":["https:\/\/ibecbarcelona.eu\/wp-content\/uploads\/2014\/08\/brugues_natphys2014_340x210-150x150.jpg",150,150,true],"medium":["https:\/\/ibecbarcelona.eu\/wp-content\/uploads\/2014\/08\/brugues_natphys2014_340x210-300x185.jpg",300,185,true],"medium_large":["https:\/\/ibecbarcelona.eu\/wp-content\/uploads\/2014\/08\/brugues_natphys2014_340x210.jpg",340,210,false],"large":["https:\/\/ibecbarcelona.eu\/wp-content\/uploads\/2014\/08\/brugues_natphys2014_340x210.jpg",340,210,false]},"AFP_attachments":{"full":["https:\/\/ibecbarcelona.eu\/wp-content\/uploads\/2014\/08\/brugues_natphys2014_340x210.jpg",340,210,false],"thumbnail":["https:\/\/ibecbarcelona.eu\/wp-content\/uploads\/2014\/08\/brugues_natphys2014_340x210-150x150.jpg",150,150,true],"medium":["https:\/\/ibecbarcelona.eu\/wp-content\/uploads\/2014\/08\/brugues_natphys2014_340x210-300x185.jpg",300,185,true],"medium_large":["https:\/\/ibecbarcelona.eu\/wp-content\/uploads\/2014\/08\/brugues_natphys2014_340x210.jpg",340,210,false],"large":["https:\/\/ibecbarcelona.eu\/wp-content\/uploads\/2014\/08\/brugues_natphys2014_340x210.jpg",340,210,false]},"AFP_videos":[],"AFP_video_blocks":"","AFP_category_names":["Not\u00edcies de recerca"],"_links":{"self":[{"href":"https:\/\/ibecbarcelona.eu\/ca\/wp-json\/wp\/v2\/posts\/8374","targetHints":{"allow":["GET"]}}],"collection":[{"href":"https:\/\/ibecbarcelona.eu\/ca\/wp-json\/wp\/v2\/posts"}],"about":[{"href":"https:\/\/ibecbarcelona.eu\/ca\/wp-json\/wp\/v2\/types\/post"}],"author":[{"embeddable":true,"href":"https:\/\/ibecbarcelona.eu\/ca\/wp-json\/wp\/v2\/users\/4"}],"replies":[{"embeddable":true,"href":"https:\/\/ibecbarcelona.eu\/ca\/wp-json\/wp\/v2\/comments?post=8374"}],"version-history":[{"count":0,"href":"https:\/\/ibecbarcelona.eu\/ca\/wp-json\/wp\/v2\/posts\/8374\/revisions"}],"wp:featuredmedia":[{"embeddable":true,"href":"https:\/\/ibecbarcelona.eu\/ca\/wp-json\/wp\/v2\/media\/8370"}],"wp:attachment":[{"href":"https:\/\/ibecbarcelona.eu\/ca\/wp-json\/wp\/v2\/media?parent=8374"}],"wp:term":[{"taxonomy":"category","embeddable":true,"href":"https:\/\/ibecbarcelona.eu\/ca\/wp-json\/wp\/v2\/categories?post=8374"},{"taxonomy":"post_tag","embeddable":true,"href":"https:\/\/ibecbarcelona.eu\/ca\/wp-json\/wp\/v2\/tags?post=8374"},{"taxonomy":"post_format","embeddable":true,"href":"https:\/\/ibecbarcelona.eu\/ca\/wp-json\/wp\/v2\/post_formats?post=8374"}],"curies":[{"name":"wp","href":"https:\/\/api.w.org\/{rel}","templated":true}]}}