
{"id":85352,"date":"2021-06-22T13:26:28","date_gmt":"2021-06-22T11:26:28","guid":{"rendered":"https:\/\/ibecbarcelona.eu\/?p=85352"},"modified":"2021-06-22T13:26:28","modified_gmt":"2021-06-22T11:26:28","slug":"libec-promou-el-desenvolupament-de-terapies-avancades-gracies-al-financament-feder","status":"publish","type":"post","link":"https:\/\/ibecbarcelona.eu\/ca\/libec-promou-el-desenvolupament-de-terapies-avancades-gracies-al-financament-feder\/","title":{"rendered":"L\u2019IBEC promou el desenvolupament de ter\u00e0pies avan\u00e7ades gr\u00e0cies al finan\u00e7ament FEDER"},"content":{"rendered":"<p><img decoding=\"async\" class=\"alignleft wp-image-85356 lazyload\" data-src=\"https:\/\/ibecbarcelona.eu\/wp-content\/uploads\/2021\/06\/confocalPetit.jpg_2102391413-300x225.jpg\" alt=\"\" width=\"429\" height=\"322\" data-srcset=\"https:\/\/ibecbarcelona.eu\/wp-content\/uploads\/2021\/06\/confocalPetit.jpg_2102391413-300x225.jpg 300w, https:\/\/ibecbarcelona.eu\/wp-content\/uploads\/2021\/06\/confocalPetit.jpg_2102391413-150x113.jpg 150w, https:\/\/ibecbarcelona.eu\/wp-content\/uploads\/2021\/06\/confocalPetit.jpg_2102391413.jpg 500w\" data-sizes=\"(max-width: 429px) 100vw, 429px\" src=\"data:image\/svg+xml;base64,PHN2ZyB3aWR0aD0iMSIgaGVpZ2h0PSIxIiB4bWxucz0iaHR0cDovL3d3dy53My5vcmcvMjAwMC9zdmciPjwvc3ZnPg==\" style=\"--smush-placeholder-width: 429px; --smush-placeholder-aspect-ratio: 429\/322;\" \/><\/p>\n<p>El projecte est\u00e0 vinculat al Pla Estrat\u00e8gic de l\u2019entitat i t\u00e9 per objectiu dotar l\u2019<a href=\"https:\/\/ibecbarcelona.eu\/\">IBEC<\/a>\u00a0d\u2019espais de laboratori, recursos inform\u00e0tics, equipament auxiliar de laboratori i d\u2019equipament cient\u00edfic espec\u00edfic per a desenvolupar la recerca en nanomedicina i l&#8217;enginyeria de teixits aplicada al desenvolupament de ter\u00e0pies avan\u00e7ades. Aix\u00ed, gr\u00e0cies al cofinan\u00e7ament europeu l\u2019IBEC podr\u00e0 continuar generant\u00a0<strong>recerca d\u2019excel\u00b7l\u00e8ncia<\/strong>\u00a0i alhora, treballar amb el sector industrial per desenvolupar nous sistemes de diagnosi i tractament. El diagn\u00f2stic preco\u00e7, les noves ter\u00e0pies basades en medicina regenerativa, la millora de la qualitat de vida respecte a l\u2019envelliment poblacional i els avan\u00e7os tecnol\u00f2gics per incrementar l\u2019efici\u00e8ncia i fer sostenible l\u2019assist\u00e8ncia sanit\u00e0ria, s\u00f3n \u00e0rees on l\u2019Institut de Bioenginyeria de Catalunya contribueix a generar nous avan\u00e7os tecnol\u00f2gics.<\/p>\n<p><strong>L\u2019envelliment de la societat<\/strong>\u00a0\u00e9s un fet. Les baixes taxes de natalitat i l\u2019augment de l\u2019esperan\u00e7a de vida fa que cada vegada formem societats amb una mitja d\u2019edat m\u00e9s alta. Per aquest motiu, un dels desafiaments actuals \u00e9s el de buscar solucions que garanteixin el benestar i un estil de vida independent per a la gent gran.<\/p>\n<p>En paraules de la\u00a0<strong>Dra. Isabel Oliveira<\/strong>, Cap de Core Facilities de l\u2019IBEC: \u201cAquest projecte ha perm\u00e8s incorporar 3 nous grups a l\u2019IBEC. Els tres amb una <strong>activitat de recerca d\u2019avantguarda<\/strong>\u00a0i tenen entre els seus objectius de transfer\u00e8ncia aconseguir produir noves tecnologies aplicades que s\u2019utilitzaran a les ci\u00e8ncies de la vida i la salut. Com per exemple el diagn\u00f2stic preco\u00e7, noves ter\u00e0pies basades en la medicina regenerativa, millor qualitat de vida compatible amb l\u2019envelliment de la poblaci\u00f3 i avan\u00e7os tecnol\u00f2gics per incrementar l\u2019efici\u00e8ncia i fer sostenible l\u2019atenci\u00f3 sanit\u00e0ria\u201d<\/p>\n<p>Com a exemple, la Dra. Oliveira assenyala el grup d\u2019SPECS. Aquest grup de recerca t\u00e9 com a missi\u00f3 \u00a0comprendre la ment, el cervell i el comportament mitjan\u00e7ant la construcci\u00f3 de sistemes sint\u00e8tics perceptius, emotius i cognitius. Seguint aquest enfocament de medicina deductiva, aquest grup est\u00e0 investigant una varietat de patologies cerebrals on les intervencions m\u00e8diques s\u00f3n validacions expl\u00edcites de prediccions cient\u00edfiques.<\/p>\n<p>L\u2019adquisici\u00f3 d\u2019aquests equipaments cient\u00edfics i l\u2019adequaci\u00f3 dels nous espais de laboratori han de permetre donar resposta a\u00a0<strong>objectius cient\u00edfics<\/strong>\u00a0com:<\/p>\n<ul>\n<li>la millora de metodologies per a la detecci\u00f3 preco\u00e7 de malalties i la personalitzaci\u00f3 de tractaments<\/li>\n<li>la detecci\u00f3 i tractament preco\u00e7 de malalties altament infeccioses<\/li>\n<li>la gesti\u00f3 i tractament de la informaci\u00f3 per a monitoritzar la salut de les persones<\/li>\n<li>el disseny d\u2019estrat\u00e8gies eficaces per reparar el dany i restaurar la funcionalitat, incloent la regeneraci\u00f3 de teixits, pr\u00f2tesis avan\u00e7ades i la rob\u00f2tica<\/li>\n<\/ul>\n<figure id=\"attachment_85363\" aria-describedby=\"caption-attachment-85363\" style=\"width: 409px\" class=\"wp-caption alignright\"><img decoding=\"async\" class=\"wp-image-85363 lazyload\" data-src=\"https:\/\/ibecbarcelona.eu\/wp-content\/uploads\/2021\/06\/ibecpetit-300x225.jpg\" alt=\"\" width=\"419\" height=\"314\" data-srcset=\"https:\/\/ibecbarcelona.eu\/wp-content\/uploads\/2021\/06\/ibecpetit-300x225.jpg 300w, https:\/\/ibecbarcelona.eu\/wp-content\/uploads\/2021\/06\/ibecpetit-150x113.jpg 150w, https:\/\/ibecbarcelona.eu\/wp-content\/uploads\/2021\/06\/ibecpetit.jpg 520w\" data-sizes=\"(max-width: 419px) 100vw, 419px\" src=\"data:image\/svg+xml;base64,PHN2ZyB3aWR0aD0iMSIgaGVpZ2h0PSIxIiB4bWxucz0iaHR0cDovL3d3dy53My5vcmcvMjAwMC9zdmciPjwvc3ZnPg==\" style=\"--smush-placeholder-width: 419px; --smush-placeholder-aspect-ratio: 419\/314;\" \/><figcaption id=\"caption-attachment-85363\" class=\"wp-caption-text\">Noves instal\u00b7lacions a l&#8217;IBEC<\/figcaption><\/figure>\n<p>Aquesta actuaci\u00f3 \u00e9s benefici\u00e0ria de la<a href=\"https:\/\/universitatsirecerca.gencat.cat\/ca\/02_tramits\/tramits_temes\/20270-Fons-europeus-per-a-projectes-singulars-institucionals-dinfraestructures-dRD.\">\u00a0convocat\u00f2ria<\/a>\u00a0de fons del Programa Operatiu FEDER de Catalunya 2014-2020 facilitats des del Departament de Recerca i Universitats (abans Secret\u00e0ria d\u2019Universitats i Recerca) de l\u2019any 2015. \u00a0La Fundaci\u00f3 Institut de Bioenginyeria de Catalunya ha rebut un cofinan\u00e7ament FEDER de 700.000 \u20ac sobre una despesa elegible d\u20191.400.000\u20ac per a Adequaci\u00f3 de nous espais de laboratoris i adquisici\u00f3 d&#8217;equipament cient\u00edfic per als laboratoris de l&#8217;IBEC pel desenvolupament de tecnologies per la medicina regenerativa i nanomedicina.<\/p>\n<p>L\u2019<strong>objectiu<\/strong>\u00a0d\u2019aquesta l\u00ednia d\u2019ajut \u00e9s seleccionar\u00a0<a href=\"https:\/\/universitatsirecerca.gencat.cat\/ca\/01_departament_recerca_i_universitats\/universitats_i_recerca_de_catalunya\/relacions_europees_i_internacionals\/comissio_europea\/lespai_europeu_de_recerca_eer\/fons_feder\/projectes_cofinancats\/po_feder_catalunya_2014-2020\/convocatoria-de-projectes-singulars-institucionals-dinfraestructures-drd-\/\">projectes singulars<\/a>\u00a0institucionals de construcci\u00f3, adquisici\u00f3, habilitaci\u00f3 o ampliaci\u00f3 d&#8217;edificacions per a infraestructures d&#8217;R+D que possibilitin l&#8217;atracci\u00f3 de talent i el desenvolupament d&#8217;activitats de transfer\u00e8ncia i valoritzaci\u00f3 de coneixement.<\/p>\n<p>&nbsp;<\/p>\n<p><a href=\"https:\/\/universitatsirecerca.gencat.cat\/ca\/detalls\/noticia\/El-Instituto-de-Bioingenieria-de-Cataluna-recibe-financiacion-FEDER-para-promover-el-desarrollo-de-terapias-avanzadas\">Article original<\/a> publicat pel Departament de Recerca i Universitats de la Generalitat de Catalunya<\/p>\n","protected":false},"excerpt":{"rendered":"<h3>Els fons del Programa Operatiu FEDER de Catalunya 2014-2020, a trav\u00e9s de la convocat\u00f2ria de Projectes Singulars institucionals d\u2019infraestructures d\u2019R+D amb una dotaci\u00f3 total de 700.000\u20ac, han cofinan\u00e7at l\u2019adequaci\u00f3 de nous espais de laboratoris i l\u2019adquisici\u00f3 d&#8217;equipament cient\u00edfic per als laboratoris de l&#8217;IBEC. Aquestes noves infraestructures estaran destinades a impulsar la recerca en nanomedicina i l&#8217;enginyeria de teixits per al desenvolupament de ter\u00e0pies avan\u00e7ades.<\/h3>\n","protected":false},"author":24,"featured_media":85356,"comment_status":"closed","ping_status":"closed","sticky":false,"template":"","format":"standard","meta":{"footnotes":""},"categories":[98],"tags":[1511],"post_formats":[],"class_list":["post-85352","post","type-post","status-publish","format-standard","has-post-thumbnail","hentry","category-noticies-institucionals","tag-feder-ca"],"yoast_head":"<!-- This site is optimized with the Yoast SEO plugin v27.5 - https:\/\/yoast.com\/product\/yoast-seo-wordpress\/ -->\n<title>L\u2019IBEC promou el desenvolupament de ter\u00e0pies avan\u00e7ades gr\u00e0cies al finan\u00e7ament FEDER - Institute for Bioengineering of Catalonia<\/title>\n<meta name=\"robots\" content=\"index, follow, max-snippet:-1, max-image-preview:large, max-video-preview:-1\" \/>\n<link rel=\"canonical\" href=\"https:\/\/ibecbarcelona.eu\/ca\/libec-promou-el-desenvolupament-de-terapies-avancades-gracies-al-financament-feder\/\" \/>\n<meta property=\"og:locale\" content=\"ca_ES\" \/>\n<meta property=\"og:type\" content=\"article\" \/>\n<meta property=\"og:title\" content=\"L\u2019IBEC promou el desenvolupament de ter\u00e0pies avan\u00e7ades gr\u00e0cies al finan\u00e7ament FEDER - Institute for Bioengineering of Catalonia\" \/>\n<meta property=\"og:description\" content=\"Els fons del Programa Operatiu FEDER de Catalunya 2014-2020, a trav\u00e9s de la convocat\u00f2ria de Projectes Singulars institucionals d\u2019infraestructures d\u2019R+D amb una dotaci\u00f3 total de 700.000\u20ac, han cofinan\u00e7at l\u2019adequaci\u00f3 de nous espais de laboratoris i l\u2019adquisici\u00f3 d&#039;equipament cient\u00edfic per als laboratoris de l&#039;IBEC. Aquestes noves infraestructures estaran destinades a impulsar la recerca en nanomedicina i l&#039;enginyeria de teixits per al desenvolupament de ter\u00e0pies avan\u00e7ades.\" \/>\n<meta property=\"og:url\" content=\"https:\/\/ibecbarcelona.eu\/ca\/libec-promou-el-desenvolupament-de-terapies-avancades-gracies-al-financament-feder\/\" \/>\n<meta property=\"og:site_name\" content=\"Institute for Bioengineering of Catalonia\" \/>\n<meta property=\"article:published_time\" content=\"2021-06-22T11:26:28+00:00\" \/>\n<meta property=\"og:image\" content=\"https:\/\/ibecbarcelona.eu\/wp-content\/uploads\/2021\/06\/confocalPetit.jpg_2102391413.jpg\" \/>\n\t<meta property=\"og:image:width\" content=\"500\" \/>\n\t<meta property=\"og:image:height\" content=\"375\" \/>\n\t<meta property=\"og:image:type\" content=\"image\/jpeg\" \/>\n<meta name=\"author\" content=\"Bia Moreno\" \/>\n<meta name=\"twitter:card\" content=\"summary_large_image\" \/>\n<meta name=\"twitter:label1\" content=\"Escrit per\" \/>\n\t<meta name=\"twitter:data1\" content=\"Bia Moreno\" \/>\n\t<meta name=\"twitter:label2\" content=\"Temps estimat de lectura\" \/>\n\t<meta name=\"twitter:data2\" content=\"3 minuts\" \/>\n<script type=\"application\/ld+json\" class=\"yoast-schema-graph\">{\"@context\":\"https:\\\/\\\/schema.org\",\"@graph\":[{\"@type\":\"Article\",\"@id\":\"https:\\\/\\\/ibecbarcelona.eu\\\/ca\\\/libec-promou-el-desenvolupament-de-terapies-avancades-gracies-al-financament-feder\\\/#article\",\"isPartOf\":{\"@id\":\"https:\\\/\\\/ibecbarcelona.eu\\\/ca\\\/libec-promou-el-desenvolupament-de-terapies-avancades-gracies-al-financament-feder\\\/\"},\"author\":{\"name\":\"Bia Moreno\",\"@id\":\"https:\\\/\\\/ibecbarcelona.eu\\\/#\\\/schema\\\/person\\\/b553413d524d76a399e659509449f8ec\"},\"headline\":\"L\u2019IBEC promou el desenvolupament de ter\u00e0pies avan\u00e7ades gr\u00e0cies al finan\u00e7ament FEDER\",\"datePublished\":\"2021-06-22T11:26:28+00:00\",\"mainEntityOfPage\":{\"@id\":\"https:\\\/\\\/ibecbarcelona.eu\\\/ca\\\/libec-promou-el-desenvolupament-de-terapies-avancades-gracies-al-financament-feder\\\/\"},\"wordCount\":642,\"publisher\":{\"@id\":\"https:\\\/\\\/ibecbarcelona.eu\\\/#organization\"},\"image\":{\"@id\":\"https:\\\/\\\/ibecbarcelona.eu\\\/ca\\\/libec-promou-el-desenvolupament-de-terapies-avancades-gracies-al-financament-feder\\\/#primaryimage\"},\"thumbnailUrl\":\"https:\\\/\\\/ibecbarcelona.eu\\\/wp-content\\\/uploads\\\/2021\\\/06\\\/confocalPetit.jpg_2102391413.jpg\",\"keywords\":[\"FEDER\"],\"articleSection\":[\"Not\u00edcies institucionals\"],\"inLanguage\":\"ca\"},{\"@type\":\"WebPage\",\"@id\":\"https:\\\/\\\/ibecbarcelona.eu\\\/ca\\\/libec-promou-el-desenvolupament-de-terapies-avancades-gracies-al-financament-feder\\\/\",\"url\":\"https:\\\/\\\/ibecbarcelona.eu\\\/ca\\\/libec-promou-el-desenvolupament-de-terapies-avancades-gracies-al-financament-feder\\\/\",\"name\":\"L\u2019IBEC promou el desenvolupament de ter\u00e0pies avan\u00e7ades gr\u00e0cies al finan\u00e7ament FEDER - Institute for Bioengineering of Catalonia\",\"isPartOf\":{\"@id\":\"https:\\\/\\\/ibecbarcelona.eu\\\/#website\"},\"primaryImageOfPage\":{\"@id\":\"https:\\\/\\\/ibecbarcelona.eu\\\/ca\\\/libec-promou-el-desenvolupament-de-terapies-avancades-gracies-al-financament-feder\\\/#primaryimage\"},\"image\":{\"@id\":\"https:\\\/\\\/ibecbarcelona.eu\\\/ca\\\/libec-promou-el-desenvolupament-de-terapies-avancades-gracies-al-financament-feder\\\/#primaryimage\"},\"thumbnailUrl\":\"https:\\\/\\\/ibecbarcelona.eu\\\/wp-content\\\/uploads\\\/2021\\\/06\\\/confocalPetit.jpg_2102391413.jpg\",\"datePublished\":\"2021-06-22T11:26:28+00:00\",\"breadcrumb\":{\"@id\":\"https:\\\/\\\/ibecbarcelona.eu\\\/ca\\\/libec-promou-el-desenvolupament-de-terapies-avancades-gracies-al-financament-feder\\\/#breadcrumb\"},\"inLanguage\":\"ca\",\"potentialAction\":[{\"@type\":\"ReadAction\",\"target\":[\"https:\\\/\\\/ibecbarcelona.eu\\\/ca\\\/libec-promou-el-desenvolupament-de-terapies-avancades-gracies-al-financament-feder\\\/\"]}]},{\"@type\":\"ImageObject\",\"inLanguage\":\"ca\",\"@id\":\"https:\\\/\\\/ibecbarcelona.eu\\\/ca\\\/libec-promou-el-desenvolupament-de-terapies-avancades-gracies-al-financament-feder\\\/#primaryimage\",\"url\":\"https:\\\/\\\/ibecbarcelona.eu\\\/wp-content\\\/uploads\\\/2021\\\/06\\\/confocalPetit.jpg_2102391413.jpg\",\"contentUrl\":\"https:\\\/\\\/ibecbarcelona.eu\\\/wp-content\\\/uploads\\\/2021\\\/06\\\/confocalPetit.jpg_2102391413.jpg\",\"width\":500,\"height\":375},{\"@type\":\"BreadcrumbList\",\"@id\":\"https:\\\/\\\/ibecbarcelona.eu\\\/ca\\\/libec-promou-el-desenvolupament-de-terapies-avancades-gracies-al-financament-feder\\\/#breadcrumb\",\"itemListElement\":[{\"@type\":\"ListItem\",\"position\":1,\"name\":\"Home\",\"item\":\"https:\\\/\\\/ibecbarcelona.eu\\\/ca\\\/\"},{\"@type\":\"ListItem\",\"position\":2,\"name\":\"L\u2019IBEC promou el desenvolupament de ter\u00e0pies avan\u00e7ades gr\u00e0cies al finan\u00e7ament FEDER\"}]},{\"@type\":\"WebSite\",\"@id\":\"https:\\\/\\\/ibecbarcelona.eu\\\/#website\",\"url\":\"https:\\\/\\\/ibecbarcelona.eu\\\/\",\"name\":\"Institute for Bioengineering of Catalonia\",\"description\":\"Bioengineering Solutions for Health\",\"publisher\":{\"@id\":\"https:\\\/\\\/ibecbarcelona.eu\\\/#organization\"},\"potentialAction\":[{\"@type\":\"SearchAction\",\"target\":{\"@type\":\"EntryPoint\",\"urlTemplate\":\"https:\\\/\\\/ibecbarcelona.eu\\\/?s={search_term_string}\"},\"query-input\":{\"@type\":\"PropertyValueSpecification\",\"valueRequired\":true,\"valueName\":\"search_term_string\"}}],\"inLanguage\":\"ca\"},{\"@type\":\"Organization\",\"@id\":\"https:\\\/\\\/ibecbarcelona.eu\\\/#organization\",\"name\":\"Institute for Bioengineering of Catalonia\",\"url\":\"https:\\\/\\\/ibecbarcelona.eu\\\/\",\"logo\":{\"@type\":\"ImageObject\",\"inLanguage\":\"ca\",\"@id\":\"https:\\\/\\\/ibecbarcelona.eu\\\/#\\\/schema\\\/logo\\\/image\\\/\",\"url\":\"https:\\\/\\\/ibecbarcelona.eu\\\/wp-content\\\/uploads\\\/2026\\\/01\\\/cropped-IBEC_20ANYS_GRIS.png\",\"contentUrl\":\"https:\\\/\\\/ibecbarcelona.eu\\\/wp-content\\\/uploads\\\/2026\\\/01\\\/cropped-IBEC_20ANYS_GRIS.png\",\"width\":696,\"height\":257,\"caption\":\"Institute for Bioengineering of Catalonia\"},\"image\":{\"@id\":\"https:\\\/\\\/ibecbarcelona.eu\\\/#\\\/schema\\\/logo\\\/image\\\/\"}},{\"@type\":\"Person\",\"@id\":\"https:\\\/\\\/ibecbarcelona.eu\\\/#\\\/schema\\\/person\\\/b553413d524d76a399e659509449f8ec\",\"name\":\"Bia Moreno\",\"image\":{\"@type\":\"ImageObject\",\"inLanguage\":\"ca\",\"@id\":\"https:\\\/\\\/secure.gravatar.com\\\/avatar\\\/bb483bca1d652e4f51c1831a5fbd1448c61e5d11f6b6f74fc8efed0509d20438?s=96&d=mm&r=g\",\"url\":\"https:\\\/\\\/secure.gravatar.com\\\/avatar\\\/bb483bca1d652e4f51c1831a5fbd1448c61e5d11f6b6f74fc8efed0509d20438?s=96&d=mm&r=g\",\"contentUrl\":\"https:\\\/\\\/secure.gravatar.com\\\/avatar\\\/bb483bca1d652e4f51c1831a5fbd1448c61e5d11f6b6f74fc8efed0509d20438?s=96&d=mm&r=g\",\"caption\":\"Bia Moreno\"},\"url\":\"https:\\\/\\\/ibecbarcelona.eu\\\/ca\\\/author\\\/bmoreno\\\/\"}]}<\/script>\n<!-- \/ Yoast SEO plugin. -->","yoast_head_json":{"title":"L\u2019IBEC promou el desenvolupament de ter\u00e0pies avan\u00e7ades gr\u00e0cies al finan\u00e7ament FEDER - Institute for Bioengineering of Catalonia","robots":{"index":"index","follow":"follow","max-snippet":"max-snippet:-1","max-image-preview":"max-image-preview:large","max-video-preview":"max-video-preview:-1"},"canonical":"https:\/\/ibecbarcelona.eu\/ca\/libec-promou-el-desenvolupament-de-terapies-avancades-gracies-al-financament-feder\/","og_locale":"ca_ES","og_type":"article","og_title":"L\u2019IBEC promou el desenvolupament de ter\u00e0pies avan\u00e7ades gr\u00e0cies al finan\u00e7ament FEDER - Institute for Bioengineering of Catalonia","og_description":"Els fons del Programa Operatiu FEDER de Catalunya 2014-2020, a trav\u00e9s de la convocat\u00f2ria de Projectes Singulars institucionals d\u2019infraestructures d\u2019R+D amb una dotaci\u00f3 total de 700.000\u20ac, han cofinan\u00e7at l\u2019adequaci\u00f3 de nous espais de laboratoris i l\u2019adquisici\u00f3 d'equipament cient\u00edfic per als laboratoris de l'IBEC. Aquestes noves infraestructures estaran destinades a impulsar la recerca en nanomedicina i l'enginyeria de teixits per al desenvolupament de ter\u00e0pies avan\u00e7ades.","og_url":"https:\/\/ibecbarcelona.eu\/ca\/libec-promou-el-desenvolupament-de-terapies-avancades-gracies-al-financament-feder\/","og_site_name":"Institute for Bioengineering of Catalonia","article_published_time":"2021-06-22T11:26:28+00:00","og_image":[{"width":500,"height":375,"url":"https:\/\/ibecbarcelona.eu\/wp-content\/uploads\/2021\/06\/confocalPetit.jpg_2102391413.jpg","type":"image\/jpeg"}],"author":"Bia Moreno","twitter_card":"summary_large_image","twitter_misc":{"Escrit per":"Bia Moreno","Temps estimat de lectura":"3 minuts"},"schema":{"@context":"https:\/\/schema.org","@graph":[{"@type":"Article","@id":"https:\/\/ibecbarcelona.eu\/ca\/libec-promou-el-desenvolupament-de-terapies-avancades-gracies-al-financament-feder\/#article","isPartOf":{"@id":"https:\/\/ibecbarcelona.eu\/ca\/libec-promou-el-desenvolupament-de-terapies-avancades-gracies-al-financament-feder\/"},"author":{"name":"Bia Moreno","@id":"https:\/\/ibecbarcelona.eu\/#\/schema\/person\/b553413d524d76a399e659509449f8ec"},"headline":"L\u2019IBEC promou el desenvolupament de ter\u00e0pies avan\u00e7ades gr\u00e0cies al finan\u00e7ament FEDER","datePublished":"2021-06-22T11:26:28+00:00","mainEntityOfPage":{"@id":"https:\/\/ibecbarcelona.eu\/ca\/libec-promou-el-desenvolupament-de-terapies-avancades-gracies-al-financament-feder\/"},"wordCount":642,"publisher":{"@id":"https:\/\/ibecbarcelona.eu\/#organization"},"image":{"@id":"https:\/\/ibecbarcelona.eu\/ca\/libec-promou-el-desenvolupament-de-terapies-avancades-gracies-al-financament-feder\/#primaryimage"},"thumbnailUrl":"https:\/\/ibecbarcelona.eu\/wp-content\/uploads\/2021\/06\/confocalPetit.jpg_2102391413.jpg","keywords":["FEDER"],"articleSection":["Not\u00edcies institucionals"],"inLanguage":"ca"},{"@type":"WebPage","@id":"https:\/\/ibecbarcelona.eu\/ca\/libec-promou-el-desenvolupament-de-terapies-avancades-gracies-al-financament-feder\/","url":"https:\/\/ibecbarcelona.eu\/ca\/libec-promou-el-desenvolupament-de-terapies-avancades-gracies-al-financament-feder\/","name":"L\u2019IBEC promou el desenvolupament de ter\u00e0pies avan\u00e7ades gr\u00e0cies al finan\u00e7ament FEDER - Institute for Bioengineering of Catalonia","isPartOf":{"@id":"https:\/\/ibecbarcelona.eu\/#website"},"primaryImageOfPage":{"@id":"https:\/\/ibecbarcelona.eu\/ca\/libec-promou-el-desenvolupament-de-terapies-avancades-gracies-al-financament-feder\/#primaryimage"},"image":{"@id":"https:\/\/ibecbarcelona.eu\/ca\/libec-promou-el-desenvolupament-de-terapies-avancades-gracies-al-financament-feder\/#primaryimage"},"thumbnailUrl":"https:\/\/ibecbarcelona.eu\/wp-content\/uploads\/2021\/06\/confocalPetit.jpg_2102391413.jpg","datePublished":"2021-06-22T11:26:28+00:00","breadcrumb":{"@id":"https:\/\/ibecbarcelona.eu\/ca\/libec-promou-el-desenvolupament-de-terapies-avancades-gracies-al-financament-feder\/#breadcrumb"},"inLanguage":"ca","potentialAction":[{"@type":"ReadAction","target":["https:\/\/ibecbarcelona.eu\/ca\/libec-promou-el-desenvolupament-de-terapies-avancades-gracies-al-financament-feder\/"]}]},{"@type":"ImageObject","inLanguage":"ca","@id":"https:\/\/ibecbarcelona.eu\/ca\/libec-promou-el-desenvolupament-de-terapies-avancades-gracies-al-financament-feder\/#primaryimage","url":"https:\/\/ibecbarcelona.eu\/wp-content\/uploads\/2021\/06\/confocalPetit.jpg_2102391413.jpg","contentUrl":"https:\/\/ibecbarcelona.eu\/wp-content\/uploads\/2021\/06\/confocalPetit.jpg_2102391413.jpg","width":500,"height":375},{"@type":"BreadcrumbList","@id":"https:\/\/ibecbarcelona.eu\/ca\/libec-promou-el-desenvolupament-de-terapies-avancades-gracies-al-financament-feder\/#breadcrumb","itemListElement":[{"@type":"ListItem","position":1,"name":"Home","item":"https:\/\/ibecbarcelona.eu\/ca\/"},{"@type":"ListItem","position":2,"name":"L\u2019IBEC promou el desenvolupament de ter\u00e0pies avan\u00e7ades gr\u00e0cies al finan\u00e7ament FEDER"}]},{"@type":"WebSite","@id":"https:\/\/ibecbarcelona.eu\/#website","url":"https:\/\/ibecbarcelona.eu\/","name":"Institute for Bioengineering of Catalonia","description":"Bioengineering Solutions for Health","publisher":{"@id":"https:\/\/ibecbarcelona.eu\/#organization"},"potentialAction":[{"@type":"SearchAction","target":{"@type":"EntryPoint","urlTemplate":"https:\/\/ibecbarcelona.eu\/?s={search_term_string}"},"query-input":{"@type":"PropertyValueSpecification","valueRequired":true,"valueName":"search_term_string"}}],"inLanguage":"ca"},{"@type":"Organization","@id":"https:\/\/ibecbarcelona.eu\/#organization","name":"Institute for Bioengineering of Catalonia","url":"https:\/\/ibecbarcelona.eu\/","logo":{"@type":"ImageObject","inLanguage":"ca","@id":"https:\/\/ibecbarcelona.eu\/#\/schema\/logo\/image\/","url":"https:\/\/ibecbarcelona.eu\/wp-content\/uploads\/2026\/01\/cropped-IBEC_20ANYS_GRIS.png","contentUrl":"https:\/\/ibecbarcelona.eu\/wp-content\/uploads\/2026\/01\/cropped-IBEC_20ANYS_GRIS.png","width":696,"height":257,"caption":"Institute for Bioengineering of Catalonia"},"image":{"@id":"https:\/\/ibecbarcelona.eu\/#\/schema\/logo\/image\/"}},{"@type":"Person","@id":"https:\/\/ibecbarcelona.eu\/#\/schema\/person\/b553413d524d76a399e659509449f8ec","name":"Bia Moreno","image":{"@type":"ImageObject","inLanguage":"ca","@id":"https:\/\/secure.gravatar.com\/avatar\/bb483bca1d652e4f51c1831a5fbd1448c61e5d11f6b6f74fc8efed0509d20438?s=96&d=mm&r=g","url":"https:\/\/secure.gravatar.com\/avatar\/bb483bca1d652e4f51c1831a5fbd1448c61e5d11f6b6f74fc8efed0509d20438?s=96&d=mm&r=g","contentUrl":"https:\/\/secure.gravatar.com\/avatar\/bb483bca1d652e4f51c1831a5fbd1448c61e5d11f6b6f74fc8efed0509d20438?s=96&d=mm&r=g","caption":"Bia Moreno"},"url":"https:\/\/ibecbarcelona.eu\/ca\/author\/bmoreno\/"}]}},"AFP_featured_media_urls":{"full":["https:\/\/ibecbarcelona.eu\/wp-content\/uploads\/2021\/06\/confocalPetit.jpg_2102391413.jpg",500,375,false],"thumbnail":["https:\/\/ibecbarcelona.eu\/wp-content\/uploads\/2021\/06\/confocalPetit.jpg_2102391413-150x150.jpg",150,150,true],"medium":["https:\/\/ibecbarcelona.eu\/wp-content\/uploads\/2021\/06\/confocalPetit.jpg_2102391413-300x225.jpg",300,225,true],"medium_large":["https:\/\/ibecbarcelona.eu\/wp-content\/uploads\/2021\/06\/confocalPetit.jpg_2102391413.jpg",500,375,false],"large":["https:\/\/ibecbarcelona.eu\/wp-content\/uploads\/2021\/06\/confocalPetit.jpg_2102391413.jpg",500,375,false]},"AFP_attachments":{"full":["https:\/\/ibecbarcelona.eu\/wp-content\/uploads\/2021\/06\/confocalPetit.jpg_2102391413.jpg",500,375,false],"thumbnail":["https:\/\/ibecbarcelona.eu\/wp-content\/uploads\/2021\/06\/confocalPetit.jpg_2102391413-150x150.jpg",150,150,true],"medium":["https:\/\/ibecbarcelona.eu\/wp-content\/uploads\/2021\/06\/confocalPetit.jpg_2102391413-300x225.jpg",300,225,true],"medium_large":["https:\/\/ibecbarcelona.eu\/wp-content\/uploads\/2021\/06\/confocalPetit.jpg_2102391413.jpg",500,375,false],"large":["https:\/\/ibecbarcelona.eu\/wp-content\/uploads\/2021\/06\/confocalPetit.jpg_2102391413.jpg",500,375,false]},"AFP_videos":[],"AFP_video_blocks":"","AFP_category_names":["Not\u00edcies institucionals"],"_links":{"self":[{"href":"https:\/\/ibecbarcelona.eu\/ca\/wp-json\/wp\/v2\/posts\/85352","targetHints":{"allow":["GET"]}}],"collection":[{"href":"https:\/\/ibecbarcelona.eu\/ca\/wp-json\/wp\/v2\/posts"}],"about":[{"href":"https:\/\/ibecbarcelona.eu\/ca\/wp-json\/wp\/v2\/types\/post"}],"author":[{"embeddable":true,"href":"https:\/\/ibecbarcelona.eu\/ca\/wp-json\/wp\/v2\/users\/24"}],"replies":[{"embeddable":true,"href":"https:\/\/ibecbarcelona.eu\/ca\/wp-json\/wp\/v2\/comments?post=85352"}],"version-history":[{"count":9,"href":"https:\/\/ibecbarcelona.eu\/ca\/wp-json\/wp\/v2\/posts\/85352\/revisions"}],"predecessor-version":[{"id":85382,"href":"https:\/\/ibecbarcelona.eu\/ca\/wp-json\/wp\/v2\/posts\/85352\/revisions\/85382"}],"wp:featuredmedia":[{"embeddable":true,"href":"https:\/\/ibecbarcelona.eu\/ca\/wp-json\/wp\/v2\/media\/85356"}],"wp:attachment":[{"href":"https:\/\/ibecbarcelona.eu\/ca\/wp-json\/wp\/v2\/media?parent=85352"}],"wp:term":[{"taxonomy":"category","embeddable":true,"href":"https:\/\/ibecbarcelona.eu\/ca\/wp-json\/wp\/v2\/categories?post=85352"},{"taxonomy":"post_tag","embeddable":true,"href":"https:\/\/ibecbarcelona.eu\/ca\/wp-json\/wp\/v2\/tags?post=85352"},{"taxonomy":"post_format","embeddable":true,"href":"https:\/\/ibecbarcelona.eu\/ca\/wp-json\/wp\/v2\/post_formats?post=85352"}],"curies":[{"name":"wp","href":"https:\/\/api.w.org\/{rel}","templated":true}]}}