
{"id":87142,"date":"2021-09-13T10:12:01","date_gmt":"2021-09-13T08:12:01","guid":{"rendered":"https:\/\/ibecbarcelona.eu\/?p=87142"},"modified":"2021-09-13T11:22:55","modified_gmt":"2021-09-13T09:22:55","slug":"una-boja-per-la-bioenginyeria-transmet-la-seva-passio-per-la-nanotecnologia-als-seus-companys-daula","status":"publish","type":"post","link":"https:\/\/ibecbarcelona.eu\/ca\/una-boja-per-la-bioenginyeria-transmet-la-seva-passio-per-la-nanotecnologia-als-seus-companys-daula\/","title":{"rendered":"&#8220;Una boja per la bioenginyeria&#8221; transmet la seva passi\u00f3 per la nanotecnologia als seus companys d&#8217;aula"},"content":{"rendered":"<p><span class=\"TextRun SCXW73468053 BCX0\" lang=\"CA-ES\" xml:lang=\"CA-ES\" data-contrast=\"auto\"><span class=\"NormalTextRun SCXW73468053 BCX0\">En aquest treball, les alumnes\u00a0<\/span><span class=\"NormalTextRun SCXW73468053 BCX0\">recullen<\/span><span class=\"NormalTextRun SCXW73468053 BCX0\">\u00a0tota la informaci\u00f3 rellevant sobre\u00a0<\/span><span class=\"NormalTextRun SCXW73468053 BCX0\">la\u00a0<\/span><span class=\"NormalTextRun SpellingErrorV2 SCXW73468053 BCX0\">nanotecnologia<\/span><span class=\"NormalTextRun SCXW73468053 BCX0\">\u00a0en forma de\u00a0<\/span><span class=\"NormalTextRun SCXW73468053 BCX0\">reporta<\/span><\/span><span class=\"TrackChangeTextInsertion TrackedChange SCXW73468053 BCX0\"><span class=\"TextRun SCXW73468053 BCX0\" lang=\"CA-ES\" xml:lang=\"CA-ES\" data-contrast=\"auto\"><span class=\"NormalTextRun SCXW73468053 BCX0\">t<\/span><\/span><\/span><span class=\"TextRun SCXW73468053 BCX0\" lang=\"CA-ES\" xml:lang=\"CA-ES\" data-contrast=\"auto\"><span class=\"NormalTextRun SCXW73468053 BCX0\">ge<\/span><span class=\"NormalTextRun SCXW73468053 BCX0\">\u00a0<\/span><span class=\"NormalTextRun SCXW73468053 BCX0\">i destaquen not\u00edcies rellevants de l\u2019IBEC, com\u00a0<\/span><span class=\"NormalTextRun SCXW73468053 BCX0\">la visita del Ministre de Ci\u00e8ncia,\u00a0<\/span><span class=\"NormalTextRun SCXW73468053 BCX0\">els\u00a0<\/span><span class=\"NormalTextRun SpellingErrorV2 SpellingErrorHighlight SCXW73468053 BCX0\">organoides<\/span><span class=\"NormalTextRun SCXW73468053 BCX0\">\u00a0o la recerca en\u00a0<\/span><span class=\"NormalTextRun SCXW73468053 BCX0\">malalties<\/span><span class=\"NormalTextRun SCXW73468053 BCX0\">\u00a0rares.\u00a0<\/span><span class=\"NormalTextRun SCXW73468053 BCX0\">A m\u00e9s, aquestes \u201cboges per la bioenginyeria\u201d<\/span><span class=\"NormalTextRun SCXW73468053 BCX0\">\u00a0entrevist<\/span><span class=\"NormalTextRun SCXW73468053 BCX0\">en<\/span><span class=\"NormalTextRun SCXW73468053 BCX0\">\u00a0<\/span><span class=\"NormalTextRun SCXW73468053 BCX0\">\u00a0a\u00a0<\/span><span class=\"NormalTextRun SCXW73468053 BCX0\">l\u2019Anna\u00a0<\/span><span class=\"NormalTextRun SpellingErrorV2 SCXW73468053 BCX0\">Lagunas<\/span><span class=\"NormalTextRun SCXW73468053 BCX0\">, investigadora del grup de\u00a0<\/span><span class=\"NormalTextRun SpellingErrorV2 SCXW73468053 BCX0\">nanobioenginyeria<\/span><span class=\"NormalTextRun SCXW73468053 BCX0\">\u00a0a l\u2019IBEC i\u00a0<\/span><span class=\"NormalTextRun SCXW73468053 BCX0\">debaten sobre\u00a0<\/span><span class=\"NormalTextRun SCXW73468053 BCX0\">l&#8217;impacte de la\u00a0<\/span><span class=\"NormalTextRun SpellingErrorV2 SCXW73468053 BCX0\">nanotecnologia<\/span><span class=\"NormalTextRun SCXW73468053 BCX0\">\u00a0en el diagn\u00f2stic i tractament de malalties en un futur no molt lluny\u00e0.<\/span><\/span><span class=\"EOP SCXW73468053 BCX0\" data-ccp-props=\"{&quot;201341983&quot;:0,&quot;335551550&quot;:6,&quot;335551620&quot;:6,&quot;335559739&quot;:160,&quot;335559740&quot;:360}\">\u00a0<\/span><\/p>\n<figure id=\"attachment_87143\" aria-describedby=\"caption-attachment-87143\" style=\"width: 890px\" class=\"wp-caption aligncenter\"><a href=\"https:\/\/drive.google.com\/file\/d\/1dx_6RHFIY1yQT2pLmA4hHURS5fEUphJ3\/view\" target=\"_blank\" rel=\"noopener\"><img decoding=\"async\" class=\"wp-image-87143 size-large lazyload\" data-src=\"https:\/\/ibecbarcelona.eu\/wp-content\/uploads\/2021\/09\/AnnaLagunas-1024x576.jpg\" alt=\"\" width=\"900\" height=\"506\" src=\"data:image\/svg+xml;base64,PHN2ZyB3aWR0aD0iMSIgaGVpZ2h0PSIxIiB4bWxucz0iaHR0cDovL3d3dy53My5vcmcvMjAwMC9zdmciPjwvc3ZnPg==\" style=\"--smush-placeholder-width: 900px; --smush-placeholder-aspect-ratio: 900\/506;\" \/><\/a><figcaption id=\"caption-attachment-87143\" class=\"wp-caption-text\">Entrevista a Anna Lagunas<\/figcaption><\/figure>\n<p><span data-contrast=\"auto\">La Marina Pujol \u00e9s una dels 24 alumnes del programa \u201cBojos i Boges per la Bioenginyeria 2021\u201d gr\u00e0cies a la seva participaci\u00f3 en aquest programa, dues companyes de classe han pogut compartir la seva passi\u00f3 per la ci\u00e8ncia. Juntament amb la Irene Periba\u00f1ez i l\u2019Emma Gil, s\u2019han endinsat en el m\u00f3n de la nanoci\u00e8ncia i han pogut parlar amb l\u2019Anna Lagunas a qui li han pogut preguntar tots els seus dubtes i inquietuds i amb qui van poder compartir una visi\u00f3 de futur sobre l\u2019aplicaci\u00f3 de la nanoci\u00e8ncia a la medicina i la salut. <\/span><span data-ccp-props=\"{&quot;201341983&quot;:0,&quot;335551550&quot;:6,&quot;335551620&quot;:6,&quot;335559739&quot;:160,&quot;335559740&quot;:360}\">\u00a0<\/span><\/p>\n<p><span data-contrast=\"auto\">El treball va sorgir\u00a0arran de\u00a0l\u2019assignatura de \u201cci\u00e8ncia en el m\u00f3n contemporani\u201d\u00a0que pret\u00e9n\u00a0donar als alumnes una visi\u00f3 global de la\u00a0ci\u00e8ncia,\u00a0independentment de\u00a0quina sigui la modalitat de batxillerat escollida.<\/span><span data-ccp-props=\"{&quot;201341983&quot;:0,&quot;335551550&quot;:6,&quot;335551620&quot;:6,&quot;335559739&quot;:160,&quot;335559740&quot;:360}\">\u00a0<\/span><\/p>\n<blockquote><p><strong>\u201cEl tema a seguir era el de les noves tecnologies, per\u00f2 pod\u00edem dirigir i enfocar el treball cap a l&#8217;\u00e0mbit que volgu\u00e9ssim. Nosaltres el vam voler enfocar a l&#8217;\u00e0mbit sanitari, i com que jo participo al &#8220;bojos per la bioenginyeria&#8221;, vam decidir que un tema interessant podria ser la nanotecnologia, que est\u00e0 lligat amb la nanomedicina\u201d. Marina Pujol\u00a0<\/strong><\/p><\/blockquote>\n<p><span data-contrast=\"auto\">Programes d\u2019educaci\u00f3 cient\u00edfica com el \u201c<a href=\"https:\/\/ibecbarcelona.eu\/ca\/torna-el-bojos-i-boges-per-la-bioenginyeria-amb-nou-programa\/\" target=\"_blank\" rel=\"noopener\">Bojos i Boges per la Bioenginyeria<\/a>\u201d son\u00a0un exemple\u00a0de com la ci\u00e8ncia arriba a les aules i desperta vocacions cient\u00edfiques entre els m\u00e9s joves, alhora que\u00a0fomenta els referents femenins en les carreres STEAM.<\/span><\/p>\n<p>Podeu veure el v\u00eddeo <a href=\"https:\/\/drive.google.com\/file\/d\/1dx_6RHFIY1yQT2pLmA4hHURS5fEUphJ3\/view\" target=\"_blank\" rel=\"noopener\">aqu\u00ed<\/a><\/p>\n","protected":false},"excerpt":{"rendered":"<h3>La bioenginyeria \u00e9s poderosa i arriba a les aules. Aix\u00ed ho demostra un treball sobre nanotecnologia, realitzat per alumnes de l\u2019escola Joan Pelegr\u00ed. La Marina Pujol, una alumna del programa educatiu \u201cBojos i Boges per la Bioenginyeria\u201d que t\u00e9 lloc a l\u2019IBEC, ha encomanat la seva passi\u00f3 per la bioenginyeria a dues companyes seves i han realitzat un treball i un v\u00eddeo sobre la nanotecnologia. <\/h3>\n","protected":false},"author":4,"featured_media":87143,"comment_status":"closed","ping_status":"closed","sticky":false,"template":"","format":"standard","meta":{"footnotes":""},"categories":[98],"tags":[1355,1444],"post_formats":[],"class_list":["post-87142","post","type-post","status-publish","format-standard","has-post-thumbnail","hentry","category-noticies-institucionals","tag-bojos-per-la-bioenginyeria","tag-nanotecnologia-ca"],"yoast_head":"<!-- This site is optimized with the Yoast SEO plugin v27.5 - https:\/\/yoast.com\/product\/yoast-seo-wordpress\/ -->\n<title>&quot;Una boja per la bioenginyeria&quot; transmet la seva passi\u00f3 per la nanotecnologia als seus companys d&#039;aula - Institute for Bioengineering of Catalonia<\/title>\n<meta name=\"robots\" content=\"index, follow, max-snippet:-1, max-image-preview:large, max-video-preview:-1\" \/>\n<link rel=\"canonical\" href=\"https:\/\/ibecbarcelona.eu\/ca\/una-boja-per-la-bioenginyeria-transmet-la-seva-passio-per-la-nanotecnologia-als-seus-companys-daula\/\" \/>\n<meta property=\"og:locale\" content=\"ca_ES\" \/>\n<meta property=\"og:type\" content=\"article\" \/>\n<meta property=\"og:title\" content=\"&quot;Una boja per la bioenginyeria&quot; transmet la seva passi\u00f3 per la nanotecnologia als seus companys d&#039;aula - Institute for Bioengineering of Catalonia\" \/>\n<meta property=\"og:description\" content=\"La bioenginyeria \u00e9s poderosa i arriba a les aules. Aix\u00ed ho demostra un treball sobre nanotecnologia, realitzat per alumnes de l\u2019escola Joan Pelegr\u00ed. La Marina Pujol, una alumna del programa educatiu \u201cBojos i Boges per la Bioenginyeria\u201d que t\u00e9 lloc a l\u2019IBEC, ha encomanat la seva passi\u00f3 per la bioenginyeria a dues companyes seves i han realitzat un treball i un v\u00eddeo sobre la nanotecnologia.\" \/>\n<meta property=\"og:url\" content=\"https:\/\/ibecbarcelona.eu\/ca\/una-boja-per-la-bioenginyeria-transmet-la-seva-passio-per-la-nanotecnologia-als-seus-companys-daula\/\" \/>\n<meta property=\"og:site_name\" content=\"Institute for Bioengineering of Catalonia\" \/>\n<meta property=\"article:published_time\" content=\"2021-09-13T08:12:01+00:00\" \/>\n<meta property=\"article:modified_time\" content=\"2021-09-13T09:22:55+00:00\" \/>\n<meta property=\"og:image\" content=\"https:\/\/ibecbarcelona.eu\/wp-content\/uploads\/2021\/09\/AnnaLagunas-e1631520119108.jpg\" \/>\n\t<meta property=\"og:image:width\" content=\"650\" \/>\n\t<meta property=\"og:image:height\" content=\"365\" \/>\n\t<meta property=\"og:image:type\" content=\"image\/jpeg\" \/>\n<meta name=\"author\" content=\"\u00c0ngels L\u00f3pez\" \/>\n<meta name=\"twitter:card\" content=\"summary_large_image\" \/>\n<meta name=\"twitter:label1\" content=\"Escrit per\" \/>\n\t<meta name=\"twitter:data1\" content=\"\u00c0ngels L\u00f3pez\" \/>\n\t<meta name=\"twitter:label2\" content=\"Temps estimat de lectura\" \/>\n\t<meta name=\"twitter:data2\" content=\"2 minuts\" \/>\n<script type=\"application\/ld+json\" class=\"yoast-schema-graph\">{\"@context\":\"https:\\\/\\\/schema.org\",\"@graph\":[{\"@type\":\"Article\",\"@id\":\"https:\\\/\\\/ibecbarcelona.eu\\\/ca\\\/una-boja-per-la-bioenginyeria-transmet-la-seva-passio-per-la-nanotecnologia-als-seus-companys-daula\\\/#article\",\"isPartOf\":{\"@id\":\"https:\\\/\\\/ibecbarcelona.eu\\\/ca\\\/una-boja-per-la-bioenginyeria-transmet-la-seva-passio-per-la-nanotecnologia-als-seus-companys-daula\\\/\"},\"author\":{\"name\":\"\u00c0ngels L\u00f3pez\",\"@id\":\"https:\\\/\\\/ibecbarcelona.eu\\\/#\\\/schema\\\/person\\\/c212c6b589546130be67986b9290e2b8\"},\"headline\":\"&#8220;Una boja per la bioenginyeria&#8221; transmet la seva passi\u00f3 per la nanotecnologia als seus companys d&#8217;aula\",\"datePublished\":\"2021-09-13T08:12:01+00:00\",\"dateModified\":\"2021-09-13T09:22:55+00:00\",\"mainEntityOfPage\":{\"@id\":\"https:\\\/\\\/ibecbarcelona.eu\\\/ca\\\/una-boja-per-la-bioenginyeria-transmet-la-seva-passio-per-la-nanotecnologia-als-seus-companys-daula\\\/\"},\"wordCount\":366,\"publisher\":{\"@id\":\"https:\\\/\\\/ibecbarcelona.eu\\\/#organization\"},\"image\":{\"@id\":\"https:\\\/\\\/ibecbarcelona.eu\\\/ca\\\/una-boja-per-la-bioenginyeria-transmet-la-seva-passio-per-la-nanotecnologia-als-seus-companys-daula\\\/#primaryimage\"},\"thumbnailUrl\":\"https:\\\/\\\/ibecbarcelona.eu\\\/wp-content\\\/uploads\\\/2021\\\/09\\\/AnnaLagunas-e1631520119108.jpg\",\"keywords\":[\"Bojos per la bioenginyeria\",\"Nanotecnolog\u00eda\"],\"articleSection\":[\"Not\u00edcies institucionals\"],\"inLanguage\":\"ca\"},{\"@type\":\"WebPage\",\"@id\":\"https:\\\/\\\/ibecbarcelona.eu\\\/ca\\\/una-boja-per-la-bioenginyeria-transmet-la-seva-passio-per-la-nanotecnologia-als-seus-companys-daula\\\/\",\"url\":\"https:\\\/\\\/ibecbarcelona.eu\\\/ca\\\/una-boja-per-la-bioenginyeria-transmet-la-seva-passio-per-la-nanotecnologia-als-seus-companys-daula\\\/\",\"name\":\"\\\"Una boja per la bioenginyeria\\\" transmet la seva passi\u00f3 per la nanotecnologia als seus companys d'aula - Institute for Bioengineering of Catalonia\",\"isPartOf\":{\"@id\":\"https:\\\/\\\/ibecbarcelona.eu\\\/#website\"},\"primaryImageOfPage\":{\"@id\":\"https:\\\/\\\/ibecbarcelona.eu\\\/ca\\\/una-boja-per-la-bioenginyeria-transmet-la-seva-passio-per-la-nanotecnologia-als-seus-companys-daula\\\/#primaryimage\"},\"image\":{\"@id\":\"https:\\\/\\\/ibecbarcelona.eu\\\/ca\\\/una-boja-per-la-bioenginyeria-transmet-la-seva-passio-per-la-nanotecnologia-als-seus-companys-daula\\\/#primaryimage\"},\"thumbnailUrl\":\"https:\\\/\\\/ibecbarcelona.eu\\\/wp-content\\\/uploads\\\/2021\\\/09\\\/AnnaLagunas-e1631520119108.jpg\",\"datePublished\":\"2021-09-13T08:12:01+00:00\",\"dateModified\":\"2021-09-13T09:22:55+00:00\",\"breadcrumb\":{\"@id\":\"https:\\\/\\\/ibecbarcelona.eu\\\/ca\\\/una-boja-per-la-bioenginyeria-transmet-la-seva-passio-per-la-nanotecnologia-als-seus-companys-daula\\\/#breadcrumb\"},\"inLanguage\":\"ca\",\"potentialAction\":[{\"@type\":\"ReadAction\",\"target\":[\"https:\\\/\\\/ibecbarcelona.eu\\\/ca\\\/una-boja-per-la-bioenginyeria-transmet-la-seva-passio-per-la-nanotecnologia-als-seus-companys-daula\\\/\"]}]},{\"@type\":\"ImageObject\",\"inLanguage\":\"ca\",\"@id\":\"https:\\\/\\\/ibecbarcelona.eu\\\/ca\\\/una-boja-per-la-bioenginyeria-transmet-la-seva-passio-per-la-nanotecnologia-als-seus-companys-daula\\\/#primaryimage\",\"url\":\"https:\\\/\\\/ibecbarcelona.eu\\\/wp-content\\\/uploads\\\/2021\\\/09\\\/AnnaLagunas-e1631520119108.jpg\",\"contentUrl\":\"https:\\\/\\\/ibecbarcelona.eu\\\/wp-content\\\/uploads\\\/2021\\\/09\\\/AnnaLagunas-e1631520119108.jpg\",\"width\":650,\"height\":365,\"caption\":\"Entrevista a Anna Lagunas\"},{\"@type\":\"BreadcrumbList\",\"@id\":\"https:\\\/\\\/ibecbarcelona.eu\\\/ca\\\/una-boja-per-la-bioenginyeria-transmet-la-seva-passio-per-la-nanotecnologia-als-seus-companys-daula\\\/#breadcrumb\",\"itemListElement\":[{\"@type\":\"ListItem\",\"position\":1,\"name\":\"Home\",\"item\":\"https:\\\/\\\/ibecbarcelona.eu\\\/ca\\\/\"},{\"@type\":\"ListItem\",\"position\":2,\"name\":\"&#8220;Una boja per la bioenginyeria&#8221; transmet la seva passi\u00f3 per la nanotecnologia als seus companys d&#8217;aula\"}]},{\"@type\":\"WebSite\",\"@id\":\"https:\\\/\\\/ibecbarcelona.eu\\\/#website\",\"url\":\"https:\\\/\\\/ibecbarcelona.eu\\\/\",\"name\":\"Institute for Bioengineering of Catalonia\",\"description\":\"Bioengineering Solutions for Health\",\"publisher\":{\"@id\":\"https:\\\/\\\/ibecbarcelona.eu\\\/#organization\"},\"potentialAction\":[{\"@type\":\"SearchAction\",\"target\":{\"@type\":\"EntryPoint\",\"urlTemplate\":\"https:\\\/\\\/ibecbarcelona.eu\\\/?s={search_term_string}\"},\"query-input\":{\"@type\":\"PropertyValueSpecification\",\"valueRequired\":true,\"valueName\":\"search_term_string\"}}],\"inLanguage\":\"ca\"},{\"@type\":\"Organization\",\"@id\":\"https:\\\/\\\/ibecbarcelona.eu\\\/#organization\",\"name\":\"Institute for Bioengineering of Catalonia\",\"url\":\"https:\\\/\\\/ibecbarcelona.eu\\\/\",\"logo\":{\"@type\":\"ImageObject\",\"inLanguage\":\"ca\",\"@id\":\"https:\\\/\\\/ibecbarcelona.eu\\\/#\\\/schema\\\/logo\\\/image\\\/\",\"url\":\"https:\\\/\\\/ibecbarcelona.eu\\\/wp-content\\\/uploads\\\/2026\\\/01\\\/cropped-IBEC_20ANYS_GRIS.png\",\"contentUrl\":\"https:\\\/\\\/ibecbarcelona.eu\\\/wp-content\\\/uploads\\\/2026\\\/01\\\/cropped-IBEC_20ANYS_GRIS.png\",\"width\":696,\"height\":257,\"caption\":\"Institute for Bioengineering of Catalonia\"},\"image\":{\"@id\":\"https:\\\/\\\/ibecbarcelona.eu\\\/#\\\/schema\\\/logo\\\/image\\\/\"}},{\"@type\":\"Person\",\"@id\":\"https:\\\/\\\/ibecbarcelona.eu\\\/#\\\/schema\\\/person\\\/c212c6b589546130be67986b9290e2b8\",\"name\":\"\u00c0ngels L\u00f3pez\",\"image\":{\"@type\":\"ImageObject\",\"inLanguage\":\"ca\",\"@id\":\"https:\\\/\\\/secure.gravatar.com\\\/avatar\\\/09ad6ba116bea0b15c5511860f83b302579fd7404c1180e9dae55c3f11d988c6?s=96&d=mm&r=g\",\"url\":\"https:\\\/\\\/secure.gravatar.com\\\/avatar\\\/09ad6ba116bea0b15c5511860f83b302579fd7404c1180e9dae55c3f11d988c6?s=96&d=mm&r=g\",\"contentUrl\":\"https:\\\/\\\/secure.gravatar.com\\\/avatar\\\/09ad6ba116bea0b15c5511860f83b302579fd7404c1180e9dae55c3f11d988c6?s=96&d=mm&r=g\",\"caption\":\"\u00c0ngels L\u00f3pez\"},\"url\":\"https:\\\/\\\/ibecbarcelona.eu\\\/ca\\\/author\\\/alopez\\\/\"}]}<\/script>\n<!-- \/ Yoast SEO plugin. -->","yoast_head_json":{"title":"\"Una boja per la bioenginyeria\" transmet la seva passi\u00f3 per la nanotecnologia als seus companys d'aula - Institute for Bioengineering of Catalonia","robots":{"index":"index","follow":"follow","max-snippet":"max-snippet:-1","max-image-preview":"max-image-preview:large","max-video-preview":"max-video-preview:-1"},"canonical":"https:\/\/ibecbarcelona.eu\/ca\/una-boja-per-la-bioenginyeria-transmet-la-seva-passio-per-la-nanotecnologia-als-seus-companys-daula\/","og_locale":"ca_ES","og_type":"article","og_title":"\"Una boja per la bioenginyeria\" transmet la seva passi\u00f3 per la nanotecnologia als seus companys d'aula - Institute for Bioengineering of Catalonia","og_description":"La bioenginyeria \u00e9s poderosa i arriba a les aules. Aix\u00ed ho demostra un treball sobre nanotecnologia, realitzat per alumnes de l\u2019escola Joan Pelegr\u00ed. La Marina Pujol, una alumna del programa educatiu \u201cBojos i Boges per la Bioenginyeria\u201d que t\u00e9 lloc a l\u2019IBEC, ha encomanat la seva passi\u00f3 per la bioenginyeria a dues companyes seves i han realitzat un treball i un v\u00eddeo sobre la nanotecnologia.","og_url":"https:\/\/ibecbarcelona.eu\/ca\/una-boja-per-la-bioenginyeria-transmet-la-seva-passio-per-la-nanotecnologia-als-seus-companys-daula\/","og_site_name":"Institute for Bioengineering of Catalonia","article_published_time":"2021-09-13T08:12:01+00:00","article_modified_time":"2021-09-13T09:22:55+00:00","og_image":[{"width":650,"height":365,"url":"https:\/\/ibecbarcelona.eu\/wp-content\/uploads\/2021\/09\/AnnaLagunas-e1631520119108.jpg","type":"image\/jpeg"}],"author":"\u00c0ngels L\u00f3pez","twitter_card":"summary_large_image","twitter_misc":{"Escrit per":"\u00c0ngels L\u00f3pez","Temps estimat de lectura":"2 minuts"},"schema":{"@context":"https:\/\/schema.org","@graph":[{"@type":"Article","@id":"https:\/\/ibecbarcelona.eu\/ca\/una-boja-per-la-bioenginyeria-transmet-la-seva-passio-per-la-nanotecnologia-als-seus-companys-daula\/#article","isPartOf":{"@id":"https:\/\/ibecbarcelona.eu\/ca\/una-boja-per-la-bioenginyeria-transmet-la-seva-passio-per-la-nanotecnologia-als-seus-companys-daula\/"},"author":{"name":"\u00c0ngels L\u00f3pez","@id":"https:\/\/ibecbarcelona.eu\/#\/schema\/person\/c212c6b589546130be67986b9290e2b8"},"headline":"&#8220;Una boja per la bioenginyeria&#8221; transmet la seva passi\u00f3 per la nanotecnologia als seus companys d&#8217;aula","datePublished":"2021-09-13T08:12:01+00:00","dateModified":"2021-09-13T09:22:55+00:00","mainEntityOfPage":{"@id":"https:\/\/ibecbarcelona.eu\/ca\/una-boja-per-la-bioenginyeria-transmet-la-seva-passio-per-la-nanotecnologia-als-seus-companys-daula\/"},"wordCount":366,"publisher":{"@id":"https:\/\/ibecbarcelona.eu\/#organization"},"image":{"@id":"https:\/\/ibecbarcelona.eu\/ca\/una-boja-per-la-bioenginyeria-transmet-la-seva-passio-per-la-nanotecnologia-als-seus-companys-daula\/#primaryimage"},"thumbnailUrl":"https:\/\/ibecbarcelona.eu\/wp-content\/uploads\/2021\/09\/AnnaLagunas-e1631520119108.jpg","keywords":["Bojos per la bioenginyeria","Nanotecnolog\u00eda"],"articleSection":["Not\u00edcies institucionals"],"inLanguage":"ca"},{"@type":"WebPage","@id":"https:\/\/ibecbarcelona.eu\/ca\/una-boja-per-la-bioenginyeria-transmet-la-seva-passio-per-la-nanotecnologia-als-seus-companys-daula\/","url":"https:\/\/ibecbarcelona.eu\/ca\/una-boja-per-la-bioenginyeria-transmet-la-seva-passio-per-la-nanotecnologia-als-seus-companys-daula\/","name":"\"Una boja per la bioenginyeria\" transmet la seva passi\u00f3 per la nanotecnologia als seus companys d'aula - Institute for Bioengineering of Catalonia","isPartOf":{"@id":"https:\/\/ibecbarcelona.eu\/#website"},"primaryImageOfPage":{"@id":"https:\/\/ibecbarcelona.eu\/ca\/una-boja-per-la-bioenginyeria-transmet-la-seva-passio-per-la-nanotecnologia-als-seus-companys-daula\/#primaryimage"},"image":{"@id":"https:\/\/ibecbarcelona.eu\/ca\/una-boja-per-la-bioenginyeria-transmet-la-seva-passio-per-la-nanotecnologia-als-seus-companys-daula\/#primaryimage"},"thumbnailUrl":"https:\/\/ibecbarcelona.eu\/wp-content\/uploads\/2021\/09\/AnnaLagunas-e1631520119108.jpg","datePublished":"2021-09-13T08:12:01+00:00","dateModified":"2021-09-13T09:22:55+00:00","breadcrumb":{"@id":"https:\/\/ibecbarcelona.eu\/ca\/una-boja-per-la-bioenginyeria-transmet-la-seva-passio-per-la-nanotecnologia-als-seus-companys-daula\/#breadcrumb"},"inLanguage":"ca","potentialAction":[{"@type":"ReadAction","target":["https:\/\/ibecbarcelona.eu\/ca\/una-boja-per-la-bioenginyeria-transmet-la-seva-passio-per-la-nanotecnologia-als-seus-companys-daula\/"]}]},{"@type":"ImageObject","inLanguage":"ca","@id":"https:\/\/ibecbarcelona.eu\/ca\/una-boja-per-la-bioenginyeria-transmet-la-seva-passio-per-la-nanotecnologia-als-seus-companys-daula\/#primaryimage","url":"https:\/\/ibecbarcelona.eu\/wp-content\/uploads\/2021\/09\/AnnaLagunas-e1631520119108.jpg","contentUrl":"https:\/\/ibecbarcelona.eu\/wp-content\/uploads\/2021\/09\/AnnaLagunas-e1631520119108.jpg","width":650,"height":365,"caption":"Entrevista a Anna Lagunas"},{"@type":"BreadcrumbList","@id":"https:\/\/ibecbarcelona.eu\/ca\/una-boja-per-la-bioenginyeria-transmet-la-seva-passio-per-la-nanotecnologia-als-seus-companys-daula\/#breadcrumb","itemListElement":[{"@type":"ListItem","position":1,"name":"Home","item":"https:\/\/ibecbarcelona.eu\/ca\/"},{"@type":"ListItem","position":2,"name":"&#8220;Una boja per la bioenginyeria&#8221; transmet la seva passi\u00f3 per la nanotecnologia als seus companys d&#8217;aula"}]},{"@type":"WebSite","@id":"https:\/\/ibecbarcelona.eu\/#website","url":"https:\/\/ibecbarcelona.eu\/","name":"Institute for Bioengineering of Catalonia","description":"Bioengineering Solutions for Health","publisher":{"@id":"https:\/\/ibecbarcelona.eu\/#organization"},"potentialAction":[{"@type":"SearchAction","target":{"@type":"EntryPoint","urlTemplate":"https:\/\/ibecbarcelona.eu\/?s={search_term_string}"},"query-input":{"@type":"PropertyValueSpecification","valueRequired":true,"valueName":"search_term_string"}}],"inLanguage":"ca"},{"@type":"Organization","@id":"https:\/\/ibecbarcelona.eu\/#organization","name":"Institute for Bioengineering of Catalonia","url":"https:\/\/ibecbarcelona.eu\/","logo":{"@type":"ImageObject","inLanguage":"ca","@id":"https:\/\/ibecbarcelona.eu\/#\/schema\/logo\/image\/","url":"https:\/\/ibecbarcelona.eu\/wp-content\/uploads\/2026\/01\/cropped-IBEC_20ANYS_GRIS.png","contentUrl":"https:\/\/ibecbarcelona.eu\/wp-content\/uploads\/2026\/01\/cropped-IBEC_20ANYS_GRIS.png","width":696,"height":257,"caption":"Institute for Bioengineering of Catalonia"},"image":{"@id":"https:\/\/ibecbarcelona.eu\/#\/schema\/logo\/image\/"}},{"@type":"Person","@id":"https:\/\/ibecbarcelona.eu\/#\/schema\/person\/c212c6b589546130be67986b9290e2b8","name":"\u00c0ngels L\u00f3pez","image":{"@type":"ImageObject","inLanguage":"ca","@id":"https:\/\/secure.gravatar.com\/avatar\/09ad6ba116bea0b15c5511860f83b302579fd7404c1180e9dae55c3f11d988c6?s=96&d=mm&r=g","url":"https:\/\/secure.gravatar.com\/avatar\/09ad6ba116bea0b15c5511860f83b302579fd7404c1180e9dae55c3f11d988c6?s=96&d=mm&r=g","contentUrl":"https:\/\/secure.gravatar.com\/avatar\/09ad6ba116bea0b15c5511860f83b302579fd7404c1180e9dae55c3f11d988c6?s=96&d=mm&r=g","caption":"\u00c0ngels L\u00f3pez"},"url":"https:\/\/ibecbarcelona.eu\/ca\/author\/alopez\/"}]}},"AFP_featured_media_urls":{"full":["https:\/\/ibecbarcelona.eu\/wp-content\/uploads\/2021\/09\/AnnaLagunas-e1631520119108.jpg",650,365,false],"thumbnail":["https:\/\/ibecbarcelona.eu\/wp-content\/uploads\/2021\/09\/AnnaLagunas-150x150.jpg",150,150,true],"medium":["https:\/\/ibecbarcelona.eu\/wp-content\/uploads\/2021\/09\/AnnaLagunas-300x169.jpg",300,169,true],"medium_large":["https:\/\/ibecbarcelona.eu\/wp-content\/uploads\/2021\/09\/AnnaLagunas-768x432.jpg",768,432,true],"large":["https:\/\/ibecbarcelona.eu\/wp-content\/uploads\/2021\/09\/AnnaLagunas-1024x576.jpg",1024,576,true]},"AFP_attachments":{"full":["https:\/\/ibecbarcelona.eu\/wp-content\/uploads\/2021\/09\/AnnaLagunas-e1631520119108.jpg",650,365,false],"thumbnail":["https:\/\/ibecbarcelona.eu\/wp-content\/uploads\/2021\/09\/AnnaLagunas-150x150.jpg",150,150,true],"medium":["https:\/\/ibecbarcelona.eu\/wp-content\/uploads\/2021\/09\/AnnaLagunas-300x169.jpg",300,169,true],"medium_large":["https:\/\/ibecbarcelona.eu\/wp-content\/uploads\/2021\/09\/AnnaLagunas-768x432.jpg",768,432,true],"large":["https:\/\/ibecbarcelona.eu\/wp-content\/uploads\/2021\/09\/AnnaLagunas-1024x576.jpg",1024,576,true]},"AFP_videos":[],"AFP_video_blocks":"","AFP_category_names":["Not\u00edcies institucionals"],"_links":{"self":[{"href":"https:\/\/ibecbarcelona.eu\/ca\/wp-json\/wp\/v2\/posts\/87142","targetHints":{"allow":["GET"]}}],"collection":[{"href":"https:\/\/ibecbarcelona.eu\/ca\/wp-json\/wp\/v2\/posts"}],"about":[{"href":"https:\/\/ibecbarcelona.eu\/ca\/wp-json\/wp\/v2\/types\/post"}],"author":[{"embeddable":true,"href":"https:\/\/ibecbarcelona.eu\/ca\/wp-json\/wp\/v2\/users\/4"}],"replies":[{"embeddable":true,"href":"https:\/\/ibecbarcelona.eu\/ca\/wp-json\/wp\/v2\/comments?post=87142"}],"version-history":[{"count":5,"href":"https:\/\/ibecbarcelona.eu\/ca\/wp-json\/wp\/v2\/posts\/87142\/revisions"}],"predecessor-version":[{"id":87150,"href":"https:\/\/ibecbarcelona.eu\/ca\/wp-json\/wp\/v2\/posts\/87142\/revisions\/87150"}],"wp:featuredmedia":[{"embeddable":true,"href":"https:\/\/ibecbarcelona.eu\/ca\/wp-json\/wp\/v2\/media\/87143"}],"wp:attachment":[{"href":"https:\/\/ibecbarcelona.eu\/ca\/wp-json\/wp\/v2\/media?parent=87142"}],"wp:term":[{"taxonomy":"category","embeddable":true,"href":"https:\/\/ibecbarcelona.eu\/ca\/wp-json\/wp\/v2\/categories?post=87142"},{"taxonomy":"post_tag","embeddable":true,"href":"https:\/\/ibecbarcelona.eu\/ca\/wp-json\/wp\/v2\/tags?post=87142"},{"taxonomy":"post_format","embeddable":true,"href":"https:\/\/ibecbarcelona.eu\/ca\/wp-json\/wp\/v2\/post_formats?post=87142"}],"curies":[{"name":"wp","href":"https:\/\/api.w.org\/{rel}","templated":true}]}}