
{"id":87395,"date":"2021-09-27T11:59:34","date_gmt":"2021-09-27T09:59:34","guid":{"rendered":"https:\/\/ibecbarcelona.eu\/?p=87395"},"modified":"2021-09-29T10:44:28","modified_gmt":"2021-09-29T08:44:28","slug":"avenc-en-la-investigacio-contra-el-cancer-en-el-worldresearchcancerday","status":"publish","type":"post","link":"https:\/\/ibecbarcelona.eu\/ca\/avenc-en-la-investigacio-contra-el-cancer-en-el-worldresearchcancerday\/","title":{"rendered":"Aven\u00e7 en la investigaci\u00f3 contra el c\u00e0ncer en el #WorldResearchCancerDay"},"content":{"rendered":"<p><span data-contrast=\"auto\"><span style=\"font-family: Helvetica;\">L&#8217;estudi publicat a la revista<\/span> cient\u00edfica\u00a0<\/span><a href=\"https:\/\/www.frontiersin.org\/articles\/10.3389\/fcell.2021.695225\/full\" target=\"_blank\" rel=\"noopener\"><span data-contrast=\"none\">Frontiers\u00a0in\u00a0Cell\u00a0and\u00a0Developmental\u00a0Biology<\/span><\/a><span data-contrast=\"auto\">, aborda la necessitat urgent de desenvolupar ter\u00e0pies personalitzades que s&#8217;adaptin a cada pacient, al mateix temps que redueixin els efectes secundaris que deriven de l&#8217;actual enfocament de \u201ctractament \u00fanic\u201d.<\/span><\/p>\n<blockquote><p><strong><img decoding=\"async\" class=\"wp-image-69534 alignleft lazyload\" data-src=\"https:\/\/ibecbarcelona.eu\/wp-content\/uploads\/2019\/11\/jmontero.jpg\" alt=\"\" width=\"183\" height=\"183\" data-srcset=\"https:\/\/ibecbarcelona.eu\/wp-content\/uploads\/2019\/11\/jmontero.jpg 400w, https:\/\/ibecbarcelona.eu\/wp-content\/uploads\/2019\/11\/jmontero-300x300.jpg 300w, https:\/\/ibecbarcelona.eu\/wp-content\/uploads\/2019\/11\/jmontero-150x150.jpg 150w, https:\/\/ibecbarcelona.eu\/wp-content\/uploads\/2019\/11\/jmontero-45x45.jpg 45w\" data-sizes=\"(max-width: 183px) 100vw, 183px\" src=\"data:image\/svg+xml;base64,PHN2ZyB3aWR0aD0iMSIgaGVpZ2h0PSIxIiB4bWxucz0iaHR0cDovL3d3dy53My5vcmcvMjAwMC9zdmciPjwvc3ZnPg==\" style=\"--smush-placeholder-width: 183px; --smush-placeholder-aspect-ratio: 183\/183;\" \/>Esperem que aquest i futurs estudis en el nostre laboratori puguin ajudar als pacients pedi\u00e0trics amb leuc\u00e8mia a curar-se amb els m\u00ednims efectes secundaris adversos possibles.<br \/>\n<\/strong><\/p>\n<p>&nbsp;<\/p>\n<p>&nbsp;<\/p>\n<p>&nbsp;<\/p>\n<p style=\"text-align: right;\"><strong>Joan Montero, IBEC. <\/strong><\/p>\n<\/blockquote>\n<p>&nbsp;<\/p>\n<p>Podeu llegir els impactes als mitjans aqu\u00ed:<\/p>\n<ul>\n<li><a href=\"https:\/\/www.lavanguardia.com\/ciencia\/20210924\/7742780\/cancer-podra-curarse-investigacion.html\" target=\"_blank\" rel=\"noopener\">La Vanguardia<br \/>\n<\/a><em>Big Vang<\/em><\/li>\n<li><a href=\"https:\/\/www.lavanguardia.com\/vida\/20210923\/7741225\/nuevo-avance-medicina-personalizada-tratar-leucemia-infantil.html\" target=\"_blank\" rel=\"noopener\">La Vanguardia<br \/>\n<\/a><em>Sociedad<\/em><\/li>\n<li><a href=\"https:\/\/www.efe.com\/efe\/espana\/efefuturo\/nuevo-avance-en-la-medicina-personalizada-para-tratar-leucemia-infantil\/50000905-4636329\" target=\"_blank\" rel=\"noopener\">EFE<\/a><\/li>\n<li><a href=\"https:\/\/www.eldiario.es\/sociedad\/nuevo-avance-medicina-personalizada-tratar-leucemia-infantil_1_8330289.html\" target=\"_blank\" rel=\"noopener\">elDiario.es<\/a><\/li>\n<li><a href=\"https:\/\/www.larazon.es\/actualidad\/20210924\/gsp6da6wcfdxxacjkt7ierqora.html\" target=\"_blank\" rel=\"noopener\">La Raz\u00f3n<\/a><\/li>\n<\/ul>\n","protected":false},"excerpt":{"rendered":"<h3>Investigadors de l&#8217;IBEC apareixen als mitjans pel recent estudi liderat per l&#8217;investigador s\u00e8nior Joan Montero i l&#8217;estudiant de doctorat Alberto Manzano, del laboratori de Nanobioenginyeria de l&#8217;IBEC en el que han utilitzat una t\u00e8cnica anal\u00edtica d&#8217;avantguarda per avaluar noves combinacions de f\u00e0rmacs per tractar amb \u00e8xit la leuc\u00e8mia limfobl\u00e0stica aguda pedi\u00e0trica.<\/h3>\n","protected":false},"author":4,"featured_media":87375,"comment_status":"closed","ping_status":"closed","sticky":false,"template":"","format":"standard","meta":{"footnotes":""},"categories":[99],"tags":[745,1136],"post_formats":[],"class_list":["post-87395","post","type-post","status-publish","format-standard","has-post-thumbnail","hentry","category-ibec-als-mitjans","tag-joan-montero-ca","tag-josep-samitier-ca"],"yoast_head":"<!-- This site is optimized with the Yoast SEO plugin v27.5 - https:\/\/yoast.com\/product\/yoast-seo-wordpress\/ -->\n<title>Aven\u00e7 en la investigaci\u00f3 contra el c\u00e0ncer en el #WorldResearchCancerDay - Institute for Bioengineering of Catalonia<\/title>\n<meta name=\"robots\" content=\"index, follow, max-snippet:-1, max-image-preview:large, max-video-preview:-1\" \/>\n<link rel=\"canonical\" href=\"https:\/\/ibecbarcelona.eu\/ca\/avenc-en-la-investigacio-contra-el-cancer-en-el-worldresearchcancerday\/\" \/>\n<meta property=\"og:locale\" content=\"ca_ES\" \/>\n<meta property=\"og:type\" content=\"article\" \/>\n<meta property=\"og:title\" content=\"Aven\u00e7 en la investigaci\u00f3 contra el c\u00e0ncer en el #WorldResearchCancerDay - Institute for Bioengineering of Catalonia\" \/>\n<meta property=\"og:description\" content=\"Investigadors de l&#039;IBEC apareixen als mitjans pel recent estudi liderat per l&#039;investigador s\u00e8nior Joan Montero i l&#039;estudiant de doctorat Alberto Manzano, del laboratori de Nanobioenginyeria de l&#039;IBEC en el que han utilitzat una t\u00e8cnica anal\u00edtica d&#039;avantguarda per avaluar noves combinacions de f\u00e0rmacs per tractar amb \u00e8xit la leuc\u00e8mia limfobl\u00e0stica aguda pedi\u00e0trica.\" \/>\n<meta property=\"og:url\" content=\"https:\/\/ibecbarcelona.eu\/ca\/avenc-en-la-investigacio-contra-el-cancer-en-el-worldresearchcancerday\/\" \/>\n<meta property=\"og:site_name\" content=\"Institute for Bioengineering of Catalonia\" \/>\n<meta property=\"article:published_time\" content=\"2021-09-27T09:59:34+00:00\" \/>\n<meta property=\"article:modified_time\" content=\"2021-09-29T08:44:28+00:00\" \/>\n<meta property=\"og:image\" content=\"https:\/\/ibecbarcelona.eu\/wp-content\/uploads\/2021\/09\/jmontero_web.jpg\" \/>\n\t<meta property=\"og:image:width\" content=\"500\" \/>\n\t<meta property=\"og:image:height\" content=\"334\" \/>\n\t<meta property=\"og:image:type\" content=\"image\/jpeg\" \/>\n<meta name=\"author\" content=\"\u00c0ngels L\u00f3pez\" \/>\n<meta name=\"twitter:card\" content=\"summary_large_image\" \/>\n<meta name=\"twitter:label1\" content=\"Escrit per\" \/>\n\t<meta name=\"twitter:data1\" content=\"\u00c0ngels L\u00f3pez\" \/>\n\t<meta name=\"twitter:label2\" content=\"Temps estimat de lectura\" \/>\n\t<meta name=\"twitter:data2\" content=\"1 minut\" \/>\n<script type=\"application\/ld+json\" class=\"yoast-schema-graph\">{\"@context\":\"https:\\\/\\\/schema.org\",\"@graph\":[{\"@type\":\"Article\",\"@id\":\"https:\\\/\\\/ibecbarcelona.eu\\\/ca\\\/avenc-en-la-investigacio-contra-el-cancer-en-el-worldresearchcancerday\\\/#article\",\"isPartOf\":{\"@id\":\"https:\\\/\\\/ibecbarcelona.eu\\\/ca\\\/avenc-en-la-investigacio-contra-el-cancer-en-el-worldresearchcancerday\\\/\"},\"author\":{\"name\":\"\u00c0ngels L\u00f3pez\",\"@id\":\"https:\\\/\\\/ibecbarcelona.eu\\\/#\\\/schema\\\/person\\\/c212c6b589546130be67986b9290e2b8\"},\"headline\":\"Aven\u00e7 en la investigaci\u00f3 contra el c\u00e0ncer en el #WorldResearchCancerDay\",\"datePublished\":\"2021-09-27T09:59:34+00:00\",\"dateModified\":\"2021-09-29T08:44:28+00:00\",\"mainEntityOfPage\":{\"@id\":\"https:\\\/\\\/ibecbarcelona.eu\\\/ca\\\/avenc-en-la-investigacio-contra-el-cancer-en-el-worldresearchcancerday\\\/\"},\"wordCount\":110,\"publisher\":{\"@id\":\"https:\\\/\\\/ibecbarcelona.eu\\\/#organization\"},\"image\":{\"@id\":\"https:\\\/\\\/ibecbarcelona.eu\\\/ca\\\/avenc-en-la-investigacio-contra-el-cancer-en-el-worldresearchcancerday\\\/#primaryimage\"},\"thumbnailUrl\":\"https:\\\/\\\/ibecbarcelona.eu\\\/wp-content\\\/uploads\\\/2021\\\/09\\\/jmontero_web.jpg\",\"keywords\":[\"Joan Montero\",\"Josep Samitier\"],\"articleSection\":[\"IBEC als mitjans\"],\"inLanguage\":\"ca\"},{\"@type\":\"WebPage\",\"@id\":\"https:\\\/\\\/ibecbarcelona.eu\\\/ca\\\/avenc-en-la-investigacio-contra-el-cancer-en-el-worldresearchcancerday\\\/\",\"url\":\"https:\\\/\\\/ibecbarcelona.eu\\\/ca\\\/avenc-en-la-investigacio-contra-el-cancer-en-el-worldresearchcancerday\\\/\",\"name\":\"Aven\u00e7 en la investigaci\u00f3 contra el c\u00e0ncer en el #WorldResearchCancerDay - Institute for Bioengineering of Catalonia\",\"isPartOf\":{\"@id\":\"https:\\\/\\\/ibecbarcelona.eu\\\/#website\"},\"primaryImageOfPage\":{\"@id\":\"https:\\\/\\\/ibecbarcelona.eu\\\/ca\\\/avenc-en-la-investigacio-contra-el-cancer-en-el-worldresearchcancerday\\\/#primaryimage\"},\"image\":{\"@id\":\"https:\\\/\\\/ibecbarcelona.eu\\\/ca\\\/avenc-en-la-investigacio-contra-el-cancer-en-el-worldresearchcancerday\\\/#primaryimage\"},\"thumbnailUrl\":\"https:\\\/\\\/ibecbarcelona.eu\\\/wp-content\\\/uploads\\\/2021\\\/09\\\/jmontero_web.jpg\",\"datePublished\":\"2021-09-27T09:59:34+00:00\",\"dateModified\":\"2021-09-29T08:44:28+00:00\",\"breadcrumb\":{\"@id\":\"https:\\\/\\\/ibecbarcelona.eu\\\/ca\\\/avenc-en-la-investigacio-contra-el-cancer-en-el-worldresearchcancerday\\\/#breadcrumb\"},\"inLanguage\":\"ca\",\"potentialAction\":[{\"@type\":\"ReadAction\",\"target\":[\"https:\\\/\\\/ibecbarcelona.eu\\\/ca\\\/avenc-en-la-investigacio-contra-el-cancer-en-el-worldresearchcancerday\\\/\"]}]},{\"@type\":\"ImageObject\",\"inLanguage\":\"ca\",\"@id\":\"https:\\\/\\\/ibecbarcelona.eu\\\/ca\\\/avenc-en-la-investigacio-contra-el-cancer-en-el-worldresearchcancerday\\\/#primaryimage\",\"url\":\"https:\\\/\\\/ibecbarcelona.eu\\\/wp-content\\\/uploads\\\/2021\\\/09\\\/jmontero_web.jpg\",\"contentUrl\":\"https:\\\/\\\/ibecbarcelona.eu\\\/wp-content\\\/uploads\\\/2021\\\/09\\\/jmontero_web.jpg\",\"width\":500,\"height\":334},{\"@type\":\"BreadcrumbList\",\"@id\":\"https:\\\/\\\/ibecbarcelona.eu\\\/ca\\\/avenc-en-la-investigacio-contra-el-cancer-en-el-worldresearchcancerday\\\/#breadcrumb\",\"itemListElement\":[{\"@type\":\"ListItem\",\"position\":1,\"name\":\"Home\",\"item\":\"https:\\\/\\\/ibecbarcelona.eu\\\/ca\\\/\"},{\"@type\":\"ListItem\",\"position\":2,\"name\":\"Aven\u00e7 en la investigaci\u00f3 contra el c\u00e0ncer en el #WorldResearchCancerDay\"}]},{\"@type\":\"WebSite\",\"@id\":\"https:\\\/\\\/ibecbarcelona.eu\\\/#website\",\"url\":\"https:\\\/\\\/ibecbarcelona.eu\\\/\",\"name\":\"Institute for Bioengineering of Catalonia\",\"description\":\"Bioengineering Solutions for Health\",\"publisher\":{\"@id\":\"https:\\\/\\\/ibecbarcelona.eu\\\/#organization\"},\"potentialAction\":[{\"@type\":\"SearchAction\",\"target\":{\"@type\":\"EntryPoint\",\"urlTemplate\":\"https:\\\/\\\/ibecbarcelona.eu\\\/?s={search_term_string}\"},\"query-input\":{\"@type\":\"PropertyValueSpecification\",\"valueRequired\":true,\"valueName\":\"search_term_string\"}}],\"inLanguage\":\"ca\"},{\"@type\":\"Organization\",\"@id\":\"https:\\\/\\\/ibecbarcelona.eu\\\/#organization\",\"name\":\"Institute for Bioengineering of Catalonia\",\"url\":\"https:\\\/\\\/ibecbarcelona.eu\\\/\",\"logo\":{\"@type\":\"ImageObject\",\"inLanguage\":\"ca\",\"@id\":\"https:\\\/\\\/ibecbarcelona.eu\\\/#\\\/schema\\\/logo\\\/image\\\/\",\"url\":\"https:\\\/\\\/ibecbarcelona.eu\\\/wp-content\\\/uploads\\\/2026\\\/01\\\/cropped-IBEC_20ANYS_GRIS.png\",\"contentUrl\":\"https:\\\/\\\/ibecbarcelona.eu\\\/wp-content\\\/uploads\\\/2026\\\/01\\\/cropped-IBEC_20ANYS_GRIS.png\",\"width\":696,\"height\":257,\"caption\":\"Institute for Bioengineering of Catalonia\"},\"image\":{\"@id\":\"https:\\\/\\\/ibecbarcelona.eu\\\/#\\\/schema\\\/logo\\\/image\\\/\"}},{\"@type\":\"Person\",\"@id\":\"https:\\\/\\\/ibecbarcelona.eu\\\/#\\\/schema\\\/person\\\/c212c6b589546130be67986b9290e2b8\",\"name\":\"\u00c0ngels L\u00f3pez\",\"image\":{\"@type\":\"ImageObject\",\"inLanguage\":\"ca\",\"@id\":\"https:\\\/\\\/secure.gravatar.com\\\/avatar\\\/09ad6ba116bea0b15c5511860f83b302579fd7404c1180e9dae55c3f11d988c6?s=96&d=mm&r=g\",\"url\":\"https:\\\/\\\/secure.gravatar.com\\\/avatar\\\/09ad6ba116bea0b15c5511860f83b302579fd7404c1180e9dae55c3f11d988c6?s=96&d=mm&r=g\",\"contentUrl\":\"https:\\\/\\\/secure.gravatar.com\\\/avatar\\\/09ad6ba116bea0b15c5511860f83b302579fd7404c1180e9dae55c3f11d988c6?s=96&d=mm&r=g\",\"caption\":\"\u00c0ngels L\u00f3pez\"},\"url\":\"https:\\\/\\\/ibecbarcelona.eu\\\/ca\\\/author\\\/alopez\\\/\"}]}<\/script>\n<!-- \/ Yoast SEO plugin. -->","yoast_head_json":{"title":"Aven\u00e7 en la investigaci\u00f3 contra el c\u00e0ncer en el #WorldResearchCancerDay - Institute for Bioengineering of Catalonia","robots":{"index":"index","follow":"follow","max-snippet":"max-snippet:-1","max-image-preview":"max-image-preview:large","max-video-preview":"max-video-preview:-1"},"canonical":"https:\/\/ibecbarcelona.eu\/ca\/avenc-en-la-investigacio-contra-el-cancer-en-el-worldresearchcancerday\/","og_locale":"ca_ES","og_type":"article","og_title":"Aven\u00e7 en la investigaci\u00f3 contra el c\u00e0ncer en el #WorldResearchCancerDay - Institute for Bioengineering of Catalonia","og_description":"Investigadors de l'IBEC apareixen als mitjans pel recent estudi liderat per l'investigador s\u00e8nior Joan Montero i l'estudiant de doctorat Alberto Manzano, del laboratori de Nanobioenginyeria de l'IBEC en el que han utilitzat una t\u00e8cnica anal\u00edtica d'avantguarda per avaluar noves combinacions de f\u00e0rmacs per tractar amb \u00e8xit la leuc\u00e8mia limfobl\u00e0stica aguda pedi\u00e0trica.","og_url":"https:\/\/ibecbarcelona.eu\/ca\/avenc-en-la-investigacio-contra-el-cancer-en-el-worldresearchcancerday\/","og_site_name":"Institute for Bioengineering of Catalonia","article_published_time":"2021-09-27T09:59:34+00:00","article_modified_time":"2021-09-29T08:44:28+00:00","og_image":[{"width":500,"height":334,"url":"https:\/\/ibecbarcelona.eu\/wp-content\/uploads\/2021\/09\/jmontero_web.jpg","type":"image\/jpeg"}],"author":"\u00c0ngels L\u00f3pez","twitter_card":"summary_large_image","twitter_misc":{"Escrit per":"\u00c0ngels L\u00f3pez","Temps estimat de lectura":"1 minut"},"schema":{"@context":"https:\/\/schema.org","@graph":[{"@type":"Article","@id":"https:\/\/ibecbarcelona.eu\/ca\/avenc-en-la-investigacio-contra-el-cancer-en-el-worldresearchcancerday\/#article","isPartOf":{"@id":"https:\/\/ibecbarcelona.eu\/ca\/avenc-en-la-investigacio-contra-el-cancer-en-el-worldresearchcancerday\/"},"author":{"name":"\u00c0ngels L\u00f3pez","@id":"https:\/\/ibecbarcelona.eu\/#\/schema\/person\/c212c6b589546130be67986b9290e2b8"},"headline":"Aven\u00e7 en la investigaci\u00f3 contra el c\u00e0ncer en el #WorldResearchCancerDay","datePublished":"2021-09-27T09:59:34+00:00","dateModified":"2021-09-29T08:44:28+00:00","mainEntityOfPage":{"@id":"https:\/\/ibecbarcelona.eu\/ca\/avenc-en-la-investigacio-contra-el-cancer-en-el-worldresearchcancerday\/"},"wordCount":110,"publisher":{"@id":"https:\/\/ibecbarcelona.eu\/#organization"},"image":{"@id":"https:\/\/ibecbarcelona.eu\/ca\/avenc-en-la-investigacio-contra-el-cancer-en-el-worldresearchcancerday\/#primaryimage"},"thumbnailUrl":"https:\/\/ibecbarcelona.eu\/wp-content\/uploads\/2021\/09\/jmontero_web.jpg","keywords":["Joan Montero","Josep Samitier"],"articleSection":["IBEC als mitjans"],"inLanguage":"ca"},{"@type":"WebPage","@id":"https:\/\/ibecbarcelona.eu\/ca\/avenc-en-la-investigacio-contra-el-cancer-en-el-worldresearchcancerday\/","url":"https:\/\/ibecbarcelona.eu\/ca\/avenc-en-la-investigacio-contra-el-cancer-en-el-worldresearchcancerday\/","name":"Aven\u00e7 en la investigaci\u00f3 contra el c\u00e0ncer en el #WorldResearchCancerDay - Institute for Bioengineering of Catalonia","isPartOf":{"@id":"https:\/\/ibecbarcelona.eu\/#website"},"primaryImageOfPage":{"@id":"https:\/\/ibecbarcelona.eu\/ca\/avenc-en-la-investigacio-contra-el-cancer-en-el-worldresearchcancerday\/#primaryimage"},"image":{"@id":"https:\/\/ibecbarcelona.eu\/ca\/avenc-en-la-investigacio-contra-el-cancer-en-el-worldresearchcancerday\/#primaryimage"},"thumbnailUrl":"https:\/\/ibecbarcelona.eu\/wp-content\/uploads\/2021\/09\/jmontero_web.jpg","datePublished":"2021-09-27T09:59:34+00:00","dateModified":"2021-09-29T08:44:28+00:00","breadcrumb":{"@id":"https:\/\/ibecbarcelona.eu\/ca\/avenc-en-la-investigacio-contra-el-cancer-en-el-worldresearchcancerday\/#breadcrumb"},"inLanguage":"ca","potentialAction":[{"@type":"ReadAction","target":["https:\/\/ibecbarcelona.eu\/ca\/avenc-en-la-investigacio-contra-el-cancer-en-el-worldresearchcancerday\/"]}]},{"@type":"ImageObject","inLanguage":"ca","@id":"https:\/\/ibecbarcelona.eu\/ca\/avenc-en-la-investigacio-contra-el-cancer-en-el-worldresearchcancerday\/#primaryimage","url":"https:\/\/ibecbarcelona.eu\/wp-content\/uploads\/2021\/09\/jmontero_web.jpg","contentUrl":"https:\/\/ibecbarcelona.eu\/wp-content\/uploads\/2021\/09\/jmontero_web.jpg","width":500,"height":334},{"@type":"BreadcrumbList","@id":"https:\/\/ibecbarcelona.eu\/ca\/avenc-en-la-investigacio-contra-el-cancer-en-el-worldresearchcancerday\/#breadcrumb","itemListElement":[{"@type":"ListItem","position":1,"name":"Home","item":"https:\/\/ibecbarcelona.eu\/ca\/"},{"@type":"ListItem","position":2,"name":"Aven\u00e7 en la investigaci\u00f3 contra el c\u00e0ncer en el #WorldResearchCancerDay"}]},{"@type":"WebSite","@id":"https:\/\/ibecbarcelona.eu\/#website","url":"https:\/\/ibecbarcelona.eu\/","name":"Institute for Bioengineering of Catalonia","description":"Bioengineering Solutions for Health","publisher":{"@id":"https:\/\/ibecbarcelona.eu\/#organization"},"potentialAction":[{"@type":"SearchAction","target":{"@type":"EntryPoint","urlTemplate":"https:\/\/ibecbarcelona.eu\/?s={search_term_string}"},"query-input":{"@type":"PropertyValueSpecification","valueRequired":true,"valueName":"search_term_string"}}],"inLanguage":"ca"},{"@type":"Organization","@id":"https:\/\/ibecbarcelona.eu\/#organization","name":"Institute for Bioengineering of Catalonia","url":"https:\/\/ibecbarcelona.eu\/","logo":{"@type":"ImageObject","inLanguage":"ca","@id":"https:\/\/ibecbarcelona.eu\/#\/schema\/logo\/image\/","url":"https:\/\/ibecbarcelona.eu\/wp-content\/uploads\/2026\/01\/cropped-IBEC_20ANYS_GRIS.png","contentUrl":"https:\/\/ibecbarcelona.eu\/wp-content\/uploads\/2026\/01\/cropped-IBEC_20ANYS_GRIS.png","width":696,"height":257,"caption":"Institute for Bioengineering of Catalonia"},"image":{"@id":"https:\/\/ibecbarcelona.eu\/#\/schema\/logo\/image\/"}},{"@type":"Person","@id":"https:\/\/ibecbarcelona.eu\/#\/schema\/person\/c212c6b589546130be67986b9290e2b8","name":"\u00c0ngels L\u00f3pez","image":{"@type":"ImageObject","inLanguage":"ca","@id":"https:\/\/secure.gravatar.com\/avatar\/09ad6ba116bea0b15c5511860f83b302579fd7404c1180e9dae55c3f11d988c6?s=96&d=mm&r=g","url":"https:\/\/secure.gravatar.com\/avatar\/09ad6ba116bea0b15c5511860f83b302579fd7404c1180e9dae55c3f11d988c6?s=96&d=mm&r=g","contentUrl":"https:\/\/secure.gravatar.com\/avatar\/09ad6ba116bea0b15c5511860f83b302579fd7404c1180e9dae55c3f11d988c6?s=96&d=mm&r=g","caption":"\u00c0ngels L\u00f3pez"},"url":"https:\/\/ibecbarcelona.eu\/ca\/author\/alopez\/"}]}},"AFP_featured_media_urls":{"full":["https:\/\/ibecbarcelona.eu\/wp-content\/uploads\/2021\/09\/jmontero_web.jpg",500,334,false],"thumbnail":["https:\/\/ibecbarcelona.eu\/wp-content\/uploads\/2021\/09\/jmontero_web-150x150.jpg",150,150,true],"medium":["https:\/\/ibecbarcelona.eu\/wp-content\/uploads\/2021\/09\/jmontero_web-300x200.jpg",300,200,true],"medium_large":["https:\/\/ibecbarcelona.eu\/wp-content\/uploads\/2021\/09\/jmontero_web.jpg",500,334,false],"large":["https:\/\/ibecbarcelona.eu\/wp-content\/uploads\/2021\/09\/jmontero_web.jpg",500,334,false]},"AFP_attachments":{"full":["https:\/\/ibecbarcelona.eu\/wp-content\/uploads\/2021\/09\/jmontero_web.jpg",500,334,false],"thumbnail":["https:\/\/ibecbarcelona.eu\/wp-content\/uploads\/2021\/09\/jmontero_web-150x150.jpg",150,150,true],"medium":["https:\/\/ibecbarcelona.eu\/wp-content\/uploads\/2021\/09\/jmontero_web-300x200.jpg",300,200,true],"medium_large":["https:\/\/ibecbarcelona.eu\/wp-content\/uploads\/2021\/09\/jmontero_web.jpg",500,334,false],"large":["https:\/\/ibecbarcelona.eu\/wp-content\/uploads\/2021\/09\/jmontero_web.jpg",500,334,false]},"AFP_videos":[],"AFP_video_blocks":"","AFP_category_names":["IBEC als mitjans"],"_links":{"self":[{"href":"https:\/\/ibecbarcelona.eu\/ca\/wp-json\/wp\/v2\/posts\/87395","targetHints":{"allow":["GET"]}}],"collection":[{"href":"https:\/\/ibecbarcelona.eu\/ca\/wp-json\/wp\/v2\/posts"}],"about":[{"href":"https:\/\/ibecbarcelona.eu\/ca\/wp-json\/wp\/v2\/types\/post"}],"author":[{"embeddable":true,"href":"https:\/\/ibecbarcelona.eu\/ca\/wp-json\/wp\/v2\/users\/4"}],"replies":[{"embeddable":true,"href":"https:\/\/ibecbarcelona.eu\/ca\/wp-json\/wp\/v2\/comments?post=87395"}],"version-history":[{"count":5,"href":"https:\/\/ibecbarcelona.eu\/ca\/wp-json\/wp\/v2\/posts\/87395\/revisions"}],"predecessor-version":[{"id":87414,"href":"https:\/\/ibecbarcelona.eu\/ca\/wp-json\/wp\/v2\/posts\/87395\/revisions\/87414"}],"wp:featuredmedia":[{"embeddable":true,"href":"https:\/\/ibecbarcelona.eu\/ca\/wp-json\/wp\/v2\/media\/87375"}],"wp:attachment":[{"href":"https:\/\/ibecbarcelona.eu\/ca\/wp-json\/wp\/v2\/media?parent=87395"}],"wp:term":[{"taxonomy":"category","embeddable":true,"href":"https:\/\/ibecbarcelona.eu\/ca\/wp-json\/wp\/v2\/categories?post=87395"},{"taxonomy":"post_tag","embeddable":true,"href":"https:\/\/ibecbarcelona.eu\/ca\/wp-json\/wp\/v2\/tags?post=87395"},{"taxonomy":"post_format","embeddable":true,"href":"https:\/\/ibecbarcelona.eu\/ca\/wp-json\/wp\/v2\/post_formats?post=87395"}],"curies":[{"name":"wp","href":"https:\/\/api.w.org\/{rel}","templated":true}]}}