
{"id":88957,"date":"2021-11-26T14:51:02","date_gmt":"2021-11-26T13:51:02","guid":{"rendered":"https:\/\/ibecbarcelona.eu\/?p=88957"},"modified":"2021-12-01T09:04:59","modified_gmt":"2021-12-01T08:04:59","slug":"samuel-sanchez-rep-la-medalla-de-lacademia-jove-despanya","status":"publish","type":"post","link":"https:\/\/ibecbarcelona.eu\/ca\/samuel-sanchez-rep-la-medalla-de-lacademia-jove-despanya\/","title":{"rendered":"Samuel S\u00e1nchez rep la medalla de l&#8217;Acad\u00e8mia Jove d&#8217;Espanya"},"content":{"rendered":"<figure id=\"attachment_88851\" aria-describedby=\"caption-attachment-88851\" style=\"width: 577px\" class=\"wp-caption aligncenter\"><img decoding=\"async\" class=\"wp-image-88851 lazyload\" data-src=\"https:\/\/ibecbarcelona.eu\/wp-content\/uploads\/2021\/11\/Samuel-Sanchez-Academia-Joven.jpg\" alt=\"\" width=\"587\" height=\"440\" data-srcset=\"https:\/\/ibecbarcelona.eu\/wp-content\/uploads\/2021\/11\/Samuel-Sanchez-Academia-Joven.jpg 2048w, https:\/\/ibecbarcelona.eu\/wp-content\/uploads\/2021\/11\/Samuel-Sanchez-Academia-Joven-300x225.jpg 300w, https:\/\/ibecbarcelona.eu\/wp-content\/uploads\/2021\/11\/Samuel-Sanchez-Academia-Joven-1024x768.jpg 1024w, https:\/\/ibecbarcelona.eu\/wp-content\/uploads\/2021\/11\/Samuel-Sanchez-Academia-Joven-768x576.jpg 768w, https:\/\/ibecbarcelona.eu\/wp-content\/uploads\/2021\/11\/Samuel-Sanchez-Academia-Joven-1536x1152.jpg 1536w, https:\/\/ibecbarcelona.eu\/wp-content\/uploads\/2021\/11\/Samuel-Sanchez-Academia-Joven-150x113.jpg 150w\" data-sizes=\"(max-width: 587px) 100vw, 587px\" src=\"data:image\/svg+xml;base64,PHN2ZyB3aWR0aD0iMSIgaGVpZ2h0PSIxIiB4bWxucz0iaHR0cDovL3d3dy53My5vcmcvMjAwMC9zdmciPjwvc3ZnPg==\" style=\"--smush-placeholder-width: 587px; --smush-placeholder-aspect-ratio: 587\/440;\" \/><figcaption id=\"caption-attachment-88851\" class=\"wp-caption-text\">Samuel S\u00e1nchez in the act of the Young Academy<\/figcaption><\/figure>\n<p><span data-contrast=\"auto\">El 25 de novembre passat es va celebrar l&#8217;acte solemne d&#8217;imposici\u00f3 de medalles als nous acad\u00e8mics numeraris de l&#8217;Acad\u00e8mia Jove d&#8217;Espanya. Des de la seva creaci\u00f3, l&#8217;any 2019, s&#8217;hi han unit 30 investigadors que destaquen en camps que engloben les principals branques del coneixement, entre els quals Samuel S\u00e1nchez, investigador principal del grup &#8220;<\/span><a href=\"https:\/\/ibecbarcelona.eu\/nanodevices\" target=\"_blank\" rel=\"noopener\"><span data-contrast=\"none\">Smart nano-bio-devices&#8221;<\/span><\/a><span data-contrast=\"auto\">\u00a0de l&#8217;IBEC.<\/span><span data-ccp-props=\"{&quot;201341983&quot;:0,&quot;335551550&quot;:6,&quot;335551620&quot;:6,&quot;335559739&quot;:160,&quot;335559740&quot;:360}\">\u00a0<\/span><\/p>\n<p><span data-contrast=\"auto\">Entre els nous acad\u00e8mics hi ha tres guardonats amb el Premi Princesa de Girona, un amb el Premi Rei Jaume I, tretze receptors de les prestigioses ajudes del Consell Europeu de Recerca (<\/span><a href=\"https:\/\/ibecbarcelona.eu\/es\/samuel-sanchez-consigue-una-subvencion-erc-consolidator-para-estudiar-el-comportamiento-colectivo-de-nanorobots-autopropulsados\/\"><span data-contrast=\"none\">ERC-Starting i Consolidator Grants<\/span><\/a><span data-contrast=\"auto\">), nou membres de la Global Young\u00a0Academy\u00a0i diversos investigadors del Programa Ram\u00f3n y Cajal.<\/span><span data-ccp-props=\"{&quot;201341983&quot;:0,&quot;335551550&quot;:6,&quot;335551620&quot;:6,&quot;335559739&quot;:160,&quot;335559740&quot;:360}\">\u00a0<\/span><\/p>\n<p><span data-contrast=\"auto\">L&#8217;obertura de l&#8217;acte va ser presentada pel Prof. Dr. Javier Garc\u00eda Mart\u00ednez, president de l&#8217;Acad\u00e8mia Jove d&#8217;Espanya i un dels seus acad\u00e8mics numeraris fundadors. Seguidament, van donar la benvinguda l&#8217;Excm. Sr. Antonio L.\u00a0Doadrio\u00a0Villarejo, president de la Reial Acad\u00e8mia Nacional de Farm\u00e0cia, i l&#8217;Excm. Sr. Jes\u00fas Mar\u00eda Sanz Serna, president de\u00a0l&#8217;Instituto\u00a0de Espa\u00f1a i de la Reial Acad\u00e8mia de Ci\u00e8ncies Exactes, F\u00edsiques i Naturals, per posteriorment donar pas a l&#8217;acad\u00e8mic secretari de la corporaci\u00f3, el Prof. Dr. Javier Mart\u00ednez\u00a0Moguerza, que va resumir les activitats que ha dut a terme l&#8217;Acad\u00e8mia des de la seva creaci\u00f3.<\/span><span data-ccp-props=\"{&quot;201341983&quot;:0,&quot;335551550&quot;:6,&quot;335551620&quot;:6,&quot;335559739&quot;:160,&quot;335559740&quot;:360}\">\u00a0<\/span><\/p>\n<p><span data-contrast=\"auto\">Despr\u00e9s de la imposici\u00f3 de medalles, la Dra. Cristina Blanco\u00a0S\u00edo-L\u00f3pez i la Prof. Dra. Estrella D\u00edaz S\u00e1nchez van fer un discurs en nom dels seus companys sobre la seva visi\u00f3 de l&#8217;aportaci\u00f3 de l&#8217;Acad\u00e8mia Jove a l&#8217;avan\u00e7 de la ci\u00e8ncia a Espanya.<\/span><span data-ccp-props=\"{&quot;201341983&quot;:0,&quot;335551550&quot;:6,&quot;335551620&quot;:6,&quot;335559739&quot;:160,&quot;335559740&quot;:360}\">\u00a0<\/span><\/p>\n<p><b><span data-contrast=\"none\"><span class=\"TextRun BCX8 SCXW179621951\" lang=\"EN-US\" xml:lang=\"EN-US\" data-contrast=\"none\"><span class=\"NormalTextRun CommentStart BCX8 SCXW179621951\" data-ccp-charstyle=\"Strong\">Sobre Samuel S\u00e1nchez<\/span><\/span>:<\/span><\/b><span data-ccp-props=\"{&quot;134233117&quot;:true,&quot;134233118&quot;:true,&quot;201341983&quot;:0,&quot;335551550&quot;:6,&quot;335551620&quot;:6,&quot;335559740&quot;:360}\">\u00a0<\/span><\/p>\n<p><span data-contrast=\"none\">Samuel S\u00e1nchez Ord\u00f3\u00f1ez,\u00a0nascut\u00a0a Terrassa\u00a0l&#8217;any\u00a01980,\u00a0\u00e9s\u00a0llicenciat\u00a0i\u00a0doctor\u00a0en\u00a0Qu\u00edmica\u00a0per la Universitat\u00a0Aut\u00f2noma\u00a0de Barcelona. Ha\u00a0realitzat\u00a0estades\u00a0de\u00a0recerca\u00a0a la University of Twente (Pa\u00efsos\u00a0Baixos), a\u00a0l&#8217;International\u00a0Center for Young Scientists (Jap\u00f3), al National Institute for Materials Science (Jap\u00f3)\u00a0i\u00a0al Leibniz Institute for Solid State and Materials Research de Dresden (Alemanya).<\/span><span data-ccp-props=\"{&quot;134233117&quot;:true,&quot;134233118&quot;:true,&quot;201341983&quot;:0,&quot;335551550&quot;:6,&quot;335551620&quot;:6,&quot;335559739&quot;:264,&quot;335559740&quot;:360}\">\u00a0<\/span><\/p>\n<p><span data-contrast=\"none\">Tamb\u00e9\u00a0ha\u00a0estat\u00a0investigador\u00a0del\u00a0prestigi\u00f3s\u00a0Max Planck Institute for Intelligent Systems a la\u00a0ciutat\u00a0de Stuttgart (Alemanya)\u00a0i, des de 2015, forma part de\u00a0l&#8217;Institut\u00a0de\u00a0Bioenginyeria\u00a0de Catalunya (IBEC), on\u00a0desenvolupa\u00a0les\u00a0seves\u00a0funcions\u00a0com\u00a0a\u00a0investigador\u00a0ICREA al\u00a0capdavant\u00a0del\u00a0seu\u00a0propi\u00a0grup\u00a0de\u00a0recerca, &#8220;<\/span><a href=\"https:\/\/www.ibecbarcelona.eu\/nanodevices\" target=\"_blank\" rel=\"noopener\"><span data-contrast=\"none\">Smart nano-bio-devices&#8221;<\/span><\/a><span data-contrast=\"none\">.\u00a0Actualment, a\u00a0m\u00e9s,\u00a0\u00e9s\u00a0subdirector per a la\u00a0Internacionalitzaci\u00f3\u00a0de\u00a0l&#8217;IBEC.<\/span><span data-ccp-props=\"{&quot;134233117&quot;:true,&quot;134233118&quot;:true,&quot;201341983&quot;:0,&quot;335551550&quot;:6,&quot;335551620&quot;:6,&quot;335559740&quot;:360}\">\u00a0<\/span><\/p>\n<p><span data-contrast=\"none\">Entre\u00a0moltes\u00a0d&#8217;altres\u00a0distincions, Samuel S\u00e1nchez ha\u00a0guanyat\u00a0el\u202f<\/span><a href=\"http:\/\/www2.technologyreview.es\/tr35espana\/1508\/samuel-sanchez\/\" target=\"_blank\" rel=\"noopener\"><span data-contrast=\"none\">Premi MIT per a innovadors de menys de 35 anys<\/span><\/a><span data-contrast=\"none\">\u202f(2014),\u00a0el\u202f<\/span><a href=\"https:\/\/es.fpdgi.org\/proyectos\/premios-fpdgi\/premiados\/investigacion-cientifica\/samuel-sanchez-ordonez-premio-fpdgi-investigacion-cientifica-2015\/\" target=\"_blank\" rel=\"noopener\"><span data-contrast=\"none\">Premi Fundaci\u00f3 Princesa de Girona a la Recerca Cient\u00edfica<\/span><\/a><span data-contrast=\"none\">\u202f(2015)\u00a0i\u00a0el\u202f<\/span><a href=\"https:\/\/ibecbarcelona.eu\/es\/samuel-sanchez-gana-el-premi-nacional-de-recerca-al-talent-jove-2016\/\" target=\"_blank\" rel=\"noopener\"><span data-contrast=\"none\">Premi Nacional de Recerca al Talent Jove<\/span><\/a><span data-contrast=\"none\">\u202f(2016). El 2019\u00a0va\u00a0ser\u00a0guardonat\u00a0amb\u00a0la\u00a0prestigiosa\u00a0<\/span><a href=\"https:\/\/ibecbarcelona.eu\/es\/samuel-sanchez-consigue-una-subvencion-erc-consolidator-para-estudiar-el-comportamiento-colectivo-de-nanorobots-autopropulsados\/\" target=\"_blank\" rel=\"noopener\"><span data-contrast=\"none\">Consolidator Grant<\/span><\/a><span data-contrast=\"none\">\u00a0del\u00a0Consell\u00a0Europeu\u00a0de\u00a0Recerca\u00a0(ERC) pel\u00a0seu\u00a0projecte\u00a0i-NANOSWARMS,\u00a0mitjan\u00e7ant\u00a0el\u00a0qual S\u00e1nchez\u00a0i\u00a0el\u00a0seu\u00a0equip\u00a0estudien\u00a0el\u00a0comportament\u00a0col\u00b7lectiu\u00a0de nanorobots\u00a0capa\u00e7os\u00a0d&#8217;autopropulsar-se\u00a0i\u00a0la seva possible\u00a0aplicaci\u00f3\u00a0per a\u00a0l&#8217;administraci\u00f3\u00a0de\u00a0f\u00e0rmacs\u00a0i\u00a0per al\u00a0diagn\u00f2stic\u00a0per la\u00a0imatge.<\/span><span data-ccp-props=\"{&quot;134233117&quot;:true,&quot;134233118&quot;:true,&quot;201341983&quot;:0,&quot;335551550&quot;:6,&quot;335551620&quot;:6,&quot;335559740&quot;:360}\">\u00a0<\/span><\/p>\n<p><span data-contrast=\"none\">El Samuel\u00a0espera\u00a0poder\u00a0aportar\u00a0a\u00a0l&#8217;Acad\u00e8mia, per\u00a0segon\u00a0any\u00a0consecutiu,\u00a0aquest\u00a0perfil\u00a0internacional, la seva\u00a0passi\u00f3\u00a0per la\u00a0ci\u00e8ncia\u00a0i\u00a0la\u00a0comunicaci\u00f3\u00a0cient\u00edfica,\u00a0i\u00a0tenacitat\u00a0i\u00a0fermesa\u00a0per\u00a0desenvolupar\u00a0ci\u00e8ncia\u00a0d&#8217;excel\u00b7l\u00e8ncia. A\u00a0m\u00e9s,\u00a0t\u00e9\u00a0un gran\u00a0inter\u00e8s\u00a0a ser un referent per a\u00a0joves\u00a0investigadors\u00a0i\u00a0ajudar-los\u00a0en\u00a0la seva\u00a0carrera\u00a0cient\u00edfica.<\/span><span data-ccp-props=\"{&quot;134233117&quot;:true,&quot;134233118&quot;:true,&quot;201341983&quot;:0,&quot;335551550&quot;:6,&quot;335551620&quot;:6,&quot;335559739&quot;:264,&quot;335559740&quot;:360}\">\u00a0<\/span><\/p>\n","protected":false},"excerpt":{"rendered":"<h3>Samuel S\u00e1nchez, investigador principal de l&#8217;Institut de Bioenginyeria de Catalunya (IBEC), ha rebut la medalla de l&#8217;Acad\u00e8mia Jove d&#8217;Espanya com a nou acad\u00e8mic numerari. L&#8217;acte s&#8217;ha dut a terme a la Sala d&#8217;Actes Solemnes de la Reial Acad\u00e8mia Nacional de Farm\u00e0cia.<\/h3>\n","protected":false},"author":4,"featured_media":88857,"comment_status":"closed","ping_status":"closed","sticky":false,"template":"","format":"standard","meta":{"footnotes":""},"categories":[98],"tags":[1140],"post_formats":[],"class_list":["post-88957","post","type-post","status-publish","format-standard","has-post-thumbnail","hentry","category-noticies-institucionals","tag-samuel-sanchez-ca"],"yoast_head":"<!-- This site is optimized with the Yoast SEO plugin v27.4 - https:\/\/yoast.com\/product\/yoast-seo-wordpress\/ -->\n<title>Samuel S\u00e1nchez rep la medalla de l&#039;Acad\u00e8mia Jove d&#039;Espanya - Institute for Bioengineering of Catalonia<\/title>\n<meta name=\"robots\" content=\"index, follow, max-snippet:-1, max-image-preview:large, max-video-preview:-1\" \/>\n<link rel=\"canonical\" href=\"https:\/\/ibecbarcelona.eu\/ca\/samuel-sanchez-rep-la-medalla-de-lacademia-jove-despanya\/\" \/>\n<meta property=\"og:locale\" content=\"ca_ES\" \/>\n<meta property=\"og:type\" content=\"article\" \/>\n<meta property=\"og:title\" content=\"Samuel S\u00e1nchez rep la medalla de l&#039;Acad\u00e8mia Jove d&#039;Espanya - Institute for Bioengineering of Catalonia\" \/>\n<meta property=\"og:description\" content=\"Samuel S\u00e1nchez, investigador principal de l&#039;Institut de Bioenginyeria de Catalunya (IBEC), ha rebut la medalla de l&#039;Acad\u00e8mia Jove d&#039;Espanya com a nou acad\u00e8mic numerari. L&#039;acte s&#039;ha dut a terme a la Sala d&#039;Actes Solemnes de la Reial Acad\u00e8mia Nacional de Farm\u00e0cia.\" \/>\n<meta property=\"og:url\" content=\"https:\/\/ibecbarcelona.eu\/ca\/samuel-sanchez-rep-la-medalla-de-lacademia-jove-despanya\/\" \/>\n<meta property=\"og:site_name\" content=\"Institute for Bioengineering of Catalonia\" \/>\n<meta property=\"article:published_time\" content=\"2021-11-26T13:51:02+00:00\" \/>\n<meta property=\"article:modified_time\" content=\"2021-12-01T08:04:59+00:00\" \/>\n<meta property=\"og:image\" content=\"https:\/\/ibecbarcelona.eu\/wp-content\/uploads\/2021\/11\/Samuel-Sanchez-Academia-Joven_500px.jpg\" \/>\n\t<meta property=\"og:image:width\" content=\"500\" \/>\n\t<meta property=\"og:image:height\" content=\"375\" \/>\n\t<meta property=\"og:image:type\" content=\"image\/jpeg\" \/>\n<meta name=\"author\" content=\"\u00c0ngels L\u00f3pez\" \/>\n<meta name=\"twitter:card\" content=\"summary_large_image\" \/>\n<meta name=\"twitter:label1\" content=\"Escrit per\" \/>\n\t<meta name=\"twitter:data1\" content=\"\u00c0ngels L\u00f3pez\" \/>\n\t<meta name=\"twitter:label2\" content=\"Temps estimat de lectura\" \/>\n\t<meta name=\"twitter:data2\" content=\"3 minuts\" \/>\n<script type=\"application\/ld+json\" class=\"yoast-schema-graph\">{\"@context\":\"https:\\\/\\\/schema.org\",\"@graph\":[{\"@type\":\"Article\",\"@id\":\"https:\\\/\\\/ibecbarcelona.eu\\\/ca\\\/samuel-sanchez-rep-la-medalla-de-lacademia-jove-despanya\\\/#article\",\"isPartOf\":{\"@id\":\"https:\\\/\\\/ibecbarcelona.eu\\\/ca\\\/samuel-sanchez-rep-la-medalla-de-lacademia-jove-despanya\\\/\"},\"author\":{\"name\":\"\u00c0ngels L\u00f3pez\",\"@id\":\"https:\\\/\\\/ibecbarcelona.eu\\\/#\\\/schema\\\/person\\\/c212c6b589546130be67986b9290e2b8\"},\"headline\":\"Samuel S\u00e1nchez rep la medalla de l&#8217;Acad\u00e8mia Jove d&#8217;Espanya\",\"datePublished\":\"2021-11-26T13:51:02+00:00\",\"dateModified\":\"2021-12-01T08:04:59+00:00\",\"mainEntityOfPage\":{\"@id\":\"https:\\\/\\\/ibecbarcelona.eu\\\/ca\\\/samuel-sanchez-rep-la-medalla-de-lacademia-jove-despanya\\\/\"},\"wordCount\":589,\"publisher\":{\"@id\":\"https:\\\/\\\/ibecbarcelona.eu\\\/#organization\"},\"image\":{\"@id\":\"https:\\\/\\\/ibecbarcelona.eu\\\/ca\\\/samuel-sanchez-rep-la-medalla-de-lacademia-jove-despanya\\\/#primaryimage\"},\"thumbnailUrl\":\"https:\\\/\\\/ibecbarcelona.eu\\\/wp-content\\\/uploads\\\/2021\\\/11\\\/Samuel-Sanchez-Academia-Joven_500px.jpg\",\"keywords\":[\"Samuel Sanchez\"],\"articleSection\":[\"Not\u00edcies institucionals\"],\"inLanguage\":\"ca\"},{\"@type\":\"WebPage\",\"@id\":\"https:\\\/\\\/ibecbarcelona.eu\\\/ca\\\/samuel-sanchez-rep-la-medalla-de-lacademia-jove-despanya\\\/\",\"url\":\"https:\\\/\\\/ibecbarcelona.eu\\\/ca\\\/samuel-sanchez-rep-la-medalla-de-lacademia-jove-despanya\\\/\",\"name\":\"Samuel S\u00e1nchez rep la medalla de l'Acad\u00e8mia Jove d'Espanya - Institute for Bioengineering of Catalonia\",\"isPartOf\":{\"@id\":\"https:\\\/\\\/ibecbarcelona.eu\\\/#website\"},\"primaryImageOfPage\":{\"@id\":\"https:\\\/\\\/ibecbarcelona.eu\\\/ca\\\/samuel-sanchez-rep-la-medalla-de-lacademia-jove-despanya\\\/#primaryimage\"},\"image\":{\"@id\":\"https:\\\/\\\/ibecbarcelona.eu\\\/ca\\\/samuel-sanchez-rep-la-medalla-de-lacademia-jove-despanya\\\/#primaryimage\"},\"thumbnailUrl\":\"https:\\\/\\\/ibecbarcelona.eu\\\/wp-content\\\/uploads\\\/2021\\\/11\\\/Samuel-Sanchez-Academia-Joven_500px.jpg\",\"datePublished\":\"2021-11-26T13:51:02+00:00\",\"dateModified\":\"2021-12-01T08:04:59+00:00\",\"breadcrumb\":{\"@id\":\"https:\\\/\\\/ibecbarcelona.eu\\\/ca\\\/samuel-sanchez-rep-la-medalla-de-lacademia-jove-despanya\\\/#breadcrumb\"},\"inLanguage\":\"ca\",\"potentialAction\":[{\"@type\":\"ReadAction\",\"target\":[\"https:\\\/\\\/ibecbarcelona.eu\\\/ca\\\/samuel-sanchez-rep-la-medalla-de-lacademia-jove-despanya\\\/\"]}]},{\"@type\":\"ImageObject\",\"inLanguage\":\"ca\",\"@id\":\"https:\\\/\\\/ibecbarcelona.eu\\\/ca\\\/samuel-sanchez-rep-la-medalla-de-lacademia-jove-despanya\\\/#primaryimage\",\"url\":\"https:\\\/\\\/ibecbarcelona.eu\\\/wp-content\\\/uploads\\\/2021\\\/11\\\/Samuel-Sanchez-Academia-Joven_500px.jpg\",\"contentUrl\":\"https:\\\/\\\/ibecbarcelona.eu\\\/wp-content\\\/uploads\\\/2021\\\/11\\\/Samuel-Sanchez-Academia-Joven_500px.jpg\",\"width\":500,\"height\":375},{\"@type\":\"BreadcrumbList\",\"@id\":\"https:\\\/\\\/ibecbarcelona.eu\\\/ca\\\/samuel-sanchez-rep-la-medalla-de-lacademia-jove-despanya\\\/#breadcrumb\",\"itemListElement\":[{\"@type\":\"ListItem\",\"position\":1,\"name\":\"Home\",\"item\":\"https:\\\/\\\/ibecbarcelona.eu\\\/ca\\\/\"},{\"@type\":\"ListItem\",\"position\":2,\"name\":\"Samuel S\u00e1nchez rep la medalla de l&#8217;Acad\u00e8mia Jove d&#8217;Espanya\"}]},{\"@type\":\"WebSite\",\"@id\":\"https:\\\/\\\/ibecbarcelona.eu\\\/#website\",\"url\":\"https:\\\/\\\/ibecbarcelona.eu\\\/\",\"name\":\"Institute for Bioengineering of Catalonia\",\"description\":\"Bioengineering Solutions for Health\",\"publisher\":{\"@id\":\"https:\\\/\\\/ibecbarcelona.eu\\\/#organization\"},\"potentialAction\":[{\"@type\":\"SearchAction\",\"target\":{\"@type\":\"EntryPoint\",\"urlTemplate\":\"https:\\\/\\\/ibecbarcelona.eu\\\/?s={search_term_string}\"},\"query-input\":{\"@type\":\"PropertyValueSpecification\",\"valueRequired\":true,\"valueName\":\"search_term_string\"}}],\"inLanguage\":\"ca\"},{\"@type\":\"Organization\",\"@id\":\"https:\\\/\\\/ibecbarcelona.eu\\\/#organization\",\"name\":\"Institute for Bioengineering of Catalonia\",\"url\":\"https:\\\/\\\/ibecbarcelona.eu\\\/\",\"logo\":{\"@type\":\"ImageObject\",\"inLanguage\":\"ca\",\"@id\":\"https:\\\/\\\/ibecbarcelona.eu\\\/#\\\/schema\\\/logo\\\/image\\\/\",\"url\":\"https:\\\/\\\/ibecbarcelona.eu\\\/wp-content\\\/uploads\\\/2026\\\/01\\\/cropped-IBEC_20ANYS_GRIS.png\",\"contentUrl\":\"https:\\\/\\\/ibecbarcelona.eu\\\/wp-content\\\/uploads\\\/2026\\\/01\\\/cropped-IBEC_20ANYS_GRIS.png\",\"width\":696,\"height\":257,\"caption\":\"Institute for Bioengineering of Catalonia\"},\"image\":{\"@id\":\"https:\\\/\\\/ibecbarcelona.eu\\\/#\\\/schema\\\/logo\\\/image\\\/\"}},{\"@type\":\"Person\",\"@id\":\"https:\\\/\\\/ibecbarcelona.eu\\\/#\\\/schema\\\/person\\\/c212c6b589546130be67986b9290e2b8\",\"name\":\"\u00c0ngels L\u00f3pez\",\"image\":{\"@type\":\"ImageObject\",\"inLanguage\":\"ca\",\"@id\":\"https:\\\/\\\/secure.gravatar.com\\\/avatar\\\/09ad6ba116bea0b15c5511860f83b302579fd7404c1180e9dae55c3f11d988c6?s=96&d=mm&r=g\",\"url\":\"https:\\\/\\\/secure.gravatar.com\\\/avatar\\\/09ad6ba116bea0b15c5511860f83b302579fd7404c1180e9dae55c3f11d988c6?s=96&d=mm&r=g\",\"contentUrl\":\"https:\\\/\\\/secure.gravatar.com\\\/avatar\\\/09ad6ba116bea0b15c5511860f83b302579fd7404c1180e9dae55c3f11d988c6?s=96&d=mm&r=g\",\"caption\":\"\u00c0ngels L\u00f3pez\"},\"url\":\"https:\\\/\\\/ibecbarcelona.eu\\\/ca\\\/author\\\/alopez\\\/\"}]}<\/script>\n<!-- \/ Yoast SEO plugin. -->","yoast_head_json":{"title":"Samuel S\u00e1nchez rep la medalla de l'Acad\u00e8mia Jove d'Espanya - Institute for Bioengineering of Catalonia","robots":{"index":"index","follow":"follow","max-snippet":"max-snippet:-1","max-image-preview":"max-image-preview:large","max-video-preview":"max-video-preview:-1"},"canonical":"https:\/\/ibecbarcelona.eu\/ca\/samuel-sanchez-rep-la-medalla-de-lacademia-jove-despanya\/","og_locale":"ca_ES","og_type":"article","og_title":"Samuel S\u00e1nchez rep la medalla de l'Acad\u00e8mia Jove d'Espanya - Institute for Bioengineering of Catalonia","og_description":"Samuel S\u00e1nchez, investigador principal de l'Institut de Bioenginyeria de Catalunya (IBEC), ha rebut la medalla de l'Acad\u00e8mia Jove d'Espanya com a nou acad\u00e8mic numerari. L'acte s'ha dut a terme a la Sala d'Actes Solemnes de la Reial Acad\u00e8mia Nacional de Farm\u00e0cia.","og_url":"https:\/\/ibecbarcelona.eu\/ca\/samuel-sanchez-rep-la-medalla-de-lacademia-jove-despanya\/","og_site_name":"Institute for Bioengineering of Catalonia","article_published_time":"2021-11-26T13:51:02+00:00","article_modified_time":"2021-12-01T08:04:59+00:00","og_image":[{"width":500,"height":375,"url":"https:\/\/ibecbarcelona.eu\/wp-content\/uploads\/2021\/11\/Samuel-Sanchez-Academia-Joven_500px.jpg","type":"image\/jpeg"}],"author":"\u00c0ngels L\u00f3pez","twitter_card":"summary_large_image","twitter_misc":{"Escrit per":"\u00c0ngels L\u00f3pez","Temps estimat de lectura":"3 minuts"},"schema":{"@context":"https:\/\/schema.org","@graph":[{"@type":"Article","@id":"https:\/\/ibecbarcelona.eu\/ca\/samuel-sanchez-rep-la-medalla-de-lacademia-jove-despanya\/#article","isPartOf":{"@id":"https:\/\/ibecbarcelona.eu\/ca\/samuel-sanchez-rep-la-medalla-de-lacademia-jove-despanya\/"},"author":{"name":"\u00c0ngels L\u00f3pez","@id":"https:\/\/ibecbarcelona.eu\/#\/schema\/person\/c212c6b589546130be67986b9290e2b8"},"headline":"Samuel S\u00e1nchez rep la medalla de l&#8217;Acad\u00e8mia Jove d&#8217;Espanya","datePublished":"2021-11-26T13:51:02+00:00","dateModified":"2021-12-01T08:04:59+00:00","mainEntityOfPage":{"@id":"https:\/\/ibecbarcelona.eu\/ca\/samuel-sanchez-rep-la-medalla-de-lacademia-jove-despanya\/"},"wordCount":589,"publisher":{"@id":"https:\/\/ibecbarcelona.eu\/#organization"},"image":{"@id":"https:\/\/ibecbarcelona.eu\/ca\/samuel-sanchez-rep-la-medalla-de-lacademia-jove-despanya\/#primaryimage"},"thumbnailUrl":"https:\/\/ibecbarcelona.eu\/wp-content\/uploads\/2021\/11\/Samuel-Sanchez-Academia-Joven_500px.jpg","keywords":["Samuel Sanchez"],"articleSection":["Not\u00edcies institucionals"],"inLanguage":"ca"},{"@type":"WebPage","@id":"https:\/\/ibecbarcelona.eu\/ca\/samuel-sanchez-rep-la-medalla-de-lacademia-jove-despanya\/","url":"https:\/\/ibecbarcelona.eu\/ca\/samuel-sanchez-rep-la-medalla-de-lacademia-jove-despanya\/","name":"Samuel S\u00e1nchez rep la medalla de l'Acad\u00e8mia Jove d'Espanya - Institute for Bioengineering of Catalonia","isPartOf":{"@id":"https:\/\/ibecbarcelona.eu\/#website"},"primaryImageOfPage":{"@id":"https:\/\/ibecbarcelona.eu\/ca\/samuel-sanchez-rep-la-medalla-de-lacademia-jove-despanya\/#primaryimage"},"image":{"@id":"https:\/\/ibecbarcelona.eu\/ca\/samuel-sanchez-rep-la-medalla-de-lacademia-jove-despanya\/#primaryimage"},"thumbnailUrl":"https:\/\/ibecbarcelona.eu\/wp-content\/uploads\/2021\/11\/Samuel-Sanchez-Academia-Joven_500px.jpg","datePublished":"2021-11-26T13:51:02+00:00","dateModified":"2021-12-01T08:04:59+00:00","breadcrumb":{"@id":"https:\/\/ibecbarcelona.eu\/ca\/samuel-sanchez-rep-la-medalla-de-lacademia-jove-despanya\/#breadcrumb"},"inLanguage":"ca","potentialAction":[{"@type":"ReadAction","target":["https:\/\/ibecbarcelona.eu\/ca\/samuel-sanchez-rep-la-medalla-de-lacademia-jove-despanya\/"]}]},{"@type":"ImageObject","inLanguage":"ca","@id":"https:\/\/ibecbarcelona.eu\/ca\/samuel-sanchez-rep-la-medalla-de-lacademia-jove-despanya\/#primaryimage","url":"https:\/\/ibecbarcelona.eu\/wp-content\/uploads\/2021\/11\/Samuel-Sanchez-Academia-Joven_500px.jpg","contentUrl":"https:\/\/ibecbarcelona.eu\/wp-content\/uploads\/2021\/11\/Samuel-Sanchez-Academia-Joven_500px.jpg","width":500,"height":375},{"@type":"BreadcrumbList","@id":"https:\/\/ibecbarcelona.eu\/ca\/samuel-sanchez-rep-la-medalla-de-lacademia-jove-despanya\/#breadcrumb","itemListElement":[{"@type":"ListItem","position":1,"name":"Home","item":"https:\/\/ibecbarcelona.eu\/ca\/"},{"@type":"ListItem","position":2,"name":"Samuel S\u00e1nchez rep la medalla de l&#8217;Acad\u00e8mia Jove d&#8217;Espanya"}]},{"@type":"WebSite","@id":"https:\/\/ibecbarcelona.eu\/#website","url":"https:\/\/ibecbarcelona.eu\/","name":"Institute for Bioengineering of Catalonia","description":"Bioengineering Solutions for Health","publisher":{"@id":"https:\/\/ibecbarcelona.eu\/#organization"},"potentialAction":[{"@type":"SearchAction","target":{"@type":"EntryPoint","urlTemplate":"https:\/\/ibecbarcelona.eu\/?s={search_term_string}"},"query-input":{"@type":"PropertyValueSpecification","valueRequired":true,"valueName":"search_term_string"}}],"inLanguage":"ca"},{"@type":"Organization","@id":"https:\/\/ibecbarcelona.eu\/#organization","name":"Institute for Bioengineering of Catalonia","url":"https:\/\/ibecbarcelona.eu\/","logo":{"@type":"ImageObject","inLanguage":"ca","@id":"https:\/\/ibecbarcelona.eu\/#\/schema\/logo\/image\/","url":"https:\/\/ibecbarcelona.eu\/wp-content\/uploads\/2026\/01\/cropped-IBEC_20ANYS_GRIS.png","contentUrl":"https:\/\/ibecbarcelona.eu\/wp-content\/uploads\/2026\/01\/cropped-IBEC_20ANYS_GRIS.png","width":696,"height":257,"caption":"Institute for Bioengineering of Catalonia"},"image":{"@id":"https:\/\/ibecbarcelona.eu\/#\/schema\/logo\/image\/"}},{"@type":"Person","@id":"https:\/\/ibecbarcelona.eu\/#\/schema\/person\/c212c6b589546130be67986b9290e2b8","name":"\u00c0ngels L\u00f3pez","image":{"@type":"ImageObject","inLanguage":"ca","@id":"https:\/\/secure.gravatar.com\/avatar\/09ad6ba116bea0b15c5511860f83b302579fd7404c1180e9dae55c3f11d988c6?s=96&d=mm&r=g","url":"https:\/\/secure.gravatar.com\/avatar\/09ad6ba116bea0b15c5511860f83b302579fd7404c1180e9dae55c3f11d988c6?s=96&d=mm&r=g","contentUrl":"https:\/\/secure.gravatar.com\/avatar\/09ad6ba116bea0b15c5511860f83b302579fd7404c1180e9dae55c3f11d988c6?s=96&d=mm&r=g","caption":"\u00c0ngels L\u00f3pez"},"url":"https:\/\/ibecbarcelona.eu\/ca\/author\/alopez\/"}]}},"AFP_featured_media_urls":{"full":["https:\/\/ibecbarcelona.eu\/wp-content\/uploads\/2021\/11\/Samuel-Sanchez-Academia-Joven_500px.jpg",500,375,false],"thumbnail":["https:\/\/ibecbarcelona.eu\/wp-content\/uploads\/2021\/11\/Samuel-Sanchez-Academia-Joven_500px-150x150.jpg",150,150,true],"medium":["https:\/\/ibecbarcelona.eu\/wp-content\/uploads\/2021\/11\/Samuel-Sanchez-Academia-Joven_500px-300x225.jpg",300,225,true],"medium_large":["https:\/\/ibecbarcelona.eu\/wp-content\/uploads\/2021\/11\/Samuel-Sanchez-Academia-Joven_500px.jpg",500,375,false],"large":["https:\/\/ibecbarcelona.eu\/wp-content\/uploads\/2021\/11\/Samuel-Sanchez-Academia-Joven_500px.jpg",500,375,false]},"AFP_attachments":{"full":["https:\/\/ibecbarcelona.eu\/wp-content\/uploads\/2021\/11\/Samuel-Sanchez-Academia-Joven.jpg",2048,1536,false],"thumbnail":["https:\/\/ibecbarcelona.eu\/wp-content\/uploads\/2021\/11\/Samuel-Sanchez-Academia-Joven-150x150.jpg",150,150,true],"medium":["https:\/\/ibecbarcelona.eu\/wp-content\/uploads\/2021\/11\/Samuel-Sanchez-Academia-Joven-300x225.jpg",300,225,true],"medium_large":["https:\/\/ibecbarcelona.eu\/wp-content\/uploads\/2021\/11\/Samuel-Sanchez-Academia-Joven-768x576.jpg",768,576,true],"large":["https:\/\/ibecbarcelona.eu\/wp-content\/uploads\/2021\/11\/Samuel-Sanchez-Academia-Joven-1024x768.jpg",1024,768,true]},"AFP_videos":[],"AFP_video_blocks":"","AFP_category_names":["Not\u00edcies institucionals"],"_links":{"self":[{"href":"https:\/\/ibecbarcelona.eu\/ca\/wp-json\/wp\/v2\/posts\/88957","targetHints":{"allow":["GET"]}}],"collection":[{"href":"https:\/\/ibecbarcelona.eu\/ca\/wp-json\/wp\/v2\/posts"}],"about":[{"href":"https:\/\/ibecbarcelona.eu\/ca\/wp-json\/wp\/v2\/types\/post"}],"author":[{"embeddable":true,"href":"https:\/\/ibecbarcelona.eu\/ca\/wp-json\/wp\/v2\/users\/4"}],"replies":[{"embeddable":true,"href":"https:\/\/ibecbarcelona.eu\/ca\/wp-json\/wp\/v2\/comments?post=88957"}],"version-history":[{"count":1,"href":"https:\/\/ibecbarcelona.eu\/ca\/wp-json\/wp\/v2\/posts\/88957\/revisions"}],"predecessor-version":[{"id":88958,"href":"https:\/\/ibecbarcelona.eu\/ca\/wp-json\/wp\/v2\/posts\/88957\/revisions\/88958"}],"wp:featuredmedia":[{"embeddable":true,"href":"https:\/\/ibecbarcelona.eu\/ca\/wp-json\/wp\/v2\/media\/88857"}],"wp:attachment":[{"href":"https:\/\/ibecbarcelona.eu\/ca\/wp-json\/wp\/v2\/media?parent=88957"}],"wp:term":[{"taxonomy":"category","embeddable":true,"href":"https:\/\/ibecbarcelona.eu\/ca\/wp-json\/wp\/v2\/categories?post=88957"},{"taxonomy":"post_tag","embeddable":true,"href":"https:\/\/ibecbarcelona.eu\/ca\/wp-json\/wp\/v2\/tags?post=88957"},{"taxonomy":"post_format","embeddable":true,"href":"https:\/\/ibecbarcelona.eu\/ca\/wp-json\/wp\/v2\/post_formats?post=88957"}],"curies":[{"name":"wp","href":"https:\/\/api.w.org\/{rel}","templated":true}]}}