
{"id":89207,"date":"2021-12-07T08:44:26","date_gmt":"2021-12-07T07:44:26","guid":{"rendered":"https:\/\/ibecbarcelona.eu\/?p=89207"},"modified":"2021-12-10T12:15:22","modified_gmt":"2021-12-10T11:15:22","slug":"nou-impuls-de-la-llei-de-la-ciencia","status":"publish","type":"post","link":"https:\/\/ibecbarcelona.eu\/ca\/nou-impuls-de-la-llei-de-la-ciencia\/","title":{"rendered":"Nou impuls de la llei de la Ci\u00e8ncia"},"content":{"rendered":"<p><a href=\"https:\/\/ibecbarcelona.eu\/wp-content\/uploads\/2021\/12\/Recorte_El-Temps.png\" target=\"_blank\" rel=\"noopener\"><img decoding=\"async\" class=\"wp-image-89162 alignleft lazyload\" data-src=\"https:\/\/ibecbarcelona.eu\/wp-content\/uploads\/2021\/12\/Recorte_El-Temps.png\" alt=\"\" width=\"485\" height=\"406\" data-srcset=\"https:\/\/ibecbarcelona.eu\/wp-content\/uploads\/2021\/12\/Recorte_El-Temps.png 589w, https:\/\/ibecbarcelona.eu\/wp-content\/uploads\/2021\/12\/Recorte_El-Temps-300x252.png 300w, https:\/\/ibecbarcelona.eu\/wp-content\/uploads\/2021\/12\/Recorte_El-Temps-150x126.png 150w\" data-sizes=\"(max-width: 485px) 100vw, 485px\" src=\"data:image\/svg+xml;base64,PHN2ZyB3aWR0aD0iMSIgaGVpZ2h0PSIxIiB4bWxucz0iaHR0cDovL3d3dy53My5vcmcvMjAwMC9zdmciPjwvc3ZnPg==\" style=\"--smush-placeholder-width: 485px; --smush-placeholder-aspect-ratio: 485\/406;\" \/><\/a><\/p>\n<p>Aquest projecte reconeix les demandes hist\u00f2riques del sector de la investigaci\u00f3 per augmentar la inversi\u00f3.<\/p>\n<p>A m\u00e9s, dotar\u00e0 als centres d&#8217;investigaci\u00f3 de protecci\u00f3 legal i una finan\u00e7ament estable.<\/p>\n<p>Josep Samitier, que tamb\u00e9 \u00e9s president de l&#8217;Associaci\u00f3 Catalana d&#8217;Entitats de Recerca (ACER) valora molt positivament aquest avantprojecte de llei, perqu\u00e8 fins ara no havia cap marc legal per protegir els centres de recerca.<\/p>\n<p>&nbsp;<\/p>\n<p>&nbsp;<\/p>\n<p>Podeu llegir els impactes als mitjans aqu\u00ed:<\/p>\n<ul>\n<li><a href=\"https:\/\/ibecbarcelona.eu\/wp-content\/uploads\/2021\/12\/El-Temps_ley-ciencia.pdf\" target=\"_blank\" rel=\"noopener\">El Temps<\/a> (PDF)<\/li>\n<li><a href=\"https:\/\/www.eltemps.cat\/article\/15681\/la-gran-aposta-per-la-ciencia\" target=\"_blank\" rel=\"noopener\">El Temps<\/a> (online)<\/li>\n<\/ul>\n","protected":false},"excerpt":{"rendered":"<h3>Josep Samitier, director de l&#8217;Institut de Bioingenier\u00eda de Catalunya (IBEC) i president de l&#8217;Associaci\u00f3 Catalana d&#8217;Entitats de Recerca (ACER), apareix al diari &#8220;El Temps&#8221; per l&#8217;aprovaci\u00f3 de la tramitaci\u00f3 de l&#8217;Avantprojecte de la llei de la Ci\u00e8ncia. .<\/h3>\n","protected":false},"author":4,"featured_media":73999,"comment_status":"closed","ping_status":"closed","sticky":false,"template":"","format":"standard","meta":{"footnotes":""},"categories":[99],"tags":[1136],"post_formats":[],"class_list":["post-89207","post","type-post","status-publish","format-standard","has-post-thumbnail","hentry","category-ibec-als-mitjans","tag-josep-samitier-ca"],"yoast_head":"<!-- This site is optimized with the Yoast SEO plugin v27.5 - https:\/\/yoast.com\/product\/yoast-seo-wordpress\/ -->\n<title>Nou impuls de la llei de la Ci\u00e8ncia - Institute for Bioengineering of Catalonia<\/title>\n<meta name=\"robots\" content=\"index, follow, max-snippet:-1, max-image-preview:large, max-video-preview:-1\" \/>\n<link rel=\"canonical\" href=\"https:\/\/ibecbarcelona.eu\/ca\/nou-impuls-de-la-llei-de-la-ciencia\/\" \/>\n<meta property=\"og:locale\" content=\"ca_ES\" \/>\n<meta property=\"og:type\" content=\"article\" \/>\n<meta property=\"og:title\" content=\"Nou impuls de la llei de la Ci\u00e8ncia - Institute for Bioengineering of Catalonia\" \/>\n<meta property=\"og:description\" content=\"Josep Samitier, director de l&#039;Institut de Bioingenier\u00eda de Catalunya (IBEC) i president de l&#039;Associaci\u00f3 Catalana d&#039;Entitats de Recerca (ACER), apareix al diari &quot;El Temps&quot; per l&#039;aprovaci\u00f3 de la tramitaci\u00f3 de l&#039;Avantprojecte de la llei de la Ci\u00e8ncia. .\" \/>\n<meta property=\"og:url\" content=\"https:\/\/ibecbarcelona.eu\/ca\/nou-impuls-de-la-llei-de-la-ciencia\/\" \/>\n<meta property=\"og:site_name\" content=\"Institute for Bioengineering of Catalonia\" \/>\n<meta property=\"article:published_time\" content=\"2021-12-07T07:44:26+00:00\" \/>\n<meta property=\"article:modified_time\" content=\"2021-12-10T11:15:22+00:00\" \/>\n<meta property=\"og:image\" content=\"https:\/\/ibecbarcelona.eu\/wp-content\/uploads\/2020\/05\/JSamitier_web.jpg\" \/>\n\t<meta property=\"og:image:width\" content=\"500\" \/>\n\t<meta property=\"og:image:height\" content=\"333\" \/>\n\t<meta property=\"og:image:type\" content=\"image\/jpeg\" \/>\n<meta name=\"author\" content=\"\u00c0ngels L\u00f3pez\" \/>\n<meta name=\"twitter:card\" content=\"summary_large_image\" \/>\n<meta name=\"twitter:label1\" content=\"Escrit per\" \/>\n\t<meta name=\"twitter:data1\" content=\"\u00c0ngels L\u00f3pez\" \/>\n\t<meta name=\"twitter:label2\" content=\"Temps estimat de lectura\" \/>\n\t<meta name=\"twitter:data2\" content=\"1 minut\" \/>\n<script type=\"application\/ld+json\" class=\"yoast-schema-graph\">{\"@context\":\"https:\\\/\\\/schema.org\",\"@graph\":[{\"@type\":\"Article\",\"@id\":\"https:\\\/\\\/ibecbarcelona.eu\\\/ca\\\/nou-impuls-de-la-llei-de-la-ciencia\\\/#article\",\"isPartOf\":{\"@id\":\"https:\\\/\\\/ibecbarcelona.eu\\\/ca\\\/nou-impuls-de-la-llei-de-la-ciencia\\\/\"},\"author\":{\"name\":\"\u00c0ngels L\u00f3pez\",\"@id\":\"https:\\\/\\\/ibecbarcelona.eu\\\/#\\\/schema\\\/person\\\/c212c6b589546130be67986b9290e2b8\"},\"headline\":\"Nou impuls de la llei de la Ci\u00e8ncia\",\"datePublished\":\"2021-12-07T07:44:26+00:00\",\"dateModified\":\"2021-12-10T11:15:22+00:00\",\"mainEntityOfPage\":{\"@id\":\"https:\\\/\\\/ibecbarcelona.eu\\\/ca\\\/nou-impuls-de-la-llei-de-la-ciencia\\\/\"},\"wordCount\":89,\"publisher\":{\"@id\":\"https:\\\/\\\/ibecbarcelona.eu\\\/#organization\"},\"image\":{\"@id\":\"https:\\\/\\\/ibecbarcelona.eu\\\/ca\\\/nou-impuls-de-la-llei-de-la-ciencia\\\/#primaryimage\"},\"thumbnailUrl\":\"https:\\\/\\\/ibecbarcelona.eu\\\/wp-content\\\/uploads\\\/2020\\\/05\\\/JSamitier_web.jpg\",\"keywords\":[\"Josep Samitier\"],\"articleSection\":[\"IBEC als mitjans\"],\"inLanguage\":\"ca\"},{\"@type\":\"WebPage\",\"@id\":\"https:\\\/\\\/ibecbarcelona.eu\\\/ca\\\/nou-impuls-de-la-llei-de-la-ciencia\\\/\",\"url\":\"https:\\\/\\\/ibecbarcelona.eu\\\/ca\\\/nou-impuls-de-la-llei-de-la-ciencia\\\/\",\"name\":\"Nou impuls de la llei de la Ci\u00e8ncia - Institute for Bioengineering of Catalonia\",\"isPartOf\":{\"@id\":\"https:\\\/\\\/ibecbarcelona.eu\\\/#website\"},\"primaryImageOfPage\":{\"@id\":\"https:\\\/\\\/ibecbarcelona.eu\\\/ca\\\/nou-impuls-de-la-llei-de-la-ciencia\\\/#primaryimage\"},\"image\":{\"@id\":\"https:\\\/\\\/ibecbarcelona.eu\\\/ca\\\/nou-impuls-de-la-llei-de-la-ciencia\\\/#primaryimage\"},\"thumbnailUrl\":\"https:\\\/\\\/ibecbarcelona.eu\\\/wp-content\\\/uploads\\\/2020\\\/05\\\/JSamitier_web.jpg\",\"datePublished\":\"2021-12-07T07:44:26+00:00\",\"dateModified\":\"2021-12-10T11:15:22+00:00\",\"breadcrumb\":{\"@id\":\"https:\\\/\\\/ibecbarcelona.eu\\\/ca\\\/nou-impuls-de-la-llei-de-la-ciencia\\\/#breadcrumb\"},\"inLanguage\":\"ca\",\"potentialAction\":[{\"@type\":\"ReadAction\",\"target\":[\"https:\\\/\\\/ibecbarcelona.eu\\\/ca\\\/nou-impuls-de-la-llei-de-la-ciencia\\\/\"]}]},{\"@type\":\"ImageObject\",\"inLanguage\":\"ca\",\"@id\":\"https:\\\/\\\/ibecbarcelona.eu\\\/ca\\\/nou-impuls-de-la-llei-de-la-ciencia\\\/#primaryimage\",\"url\":\"https:\\\/\\\/ibecbarcelona.eu\\\/wp-content\\\/uploads\\\/2020\\\/05\\\/JSamitier_web.jpg\",\"contentUrl\":\"https:\\\/\\\/ibecbarcelona.eu\\\/wp-content\\\/uploads\\\/2020\\\/05\\\/JSamitier_web.jpg\",\"width\":500,\"height\":333},{\"@type\":\"BreadcrumbList\",\"@id\":\"https:\\\/\\\/ibecbarcelona.eu\\\/ca\\\/nou-impuls-de-la-llei-de-la-ciencia\\\/#breadcrumb\",\"itemListElement\":[{\"@type\":\"ListItem\",\"position\":1,\"name\":\"Home\",\"item\":\"https:\\\/\\\/ibecbarcelona.eu\\\/ca\\\/\"},{\"@type\":\"ListItem\",\"position\":2,\"name\":\"Nou impuls de la llei de la Ci\u00e8ncia\"}]},{\"@type\":\"WebSite\",\"@id\":\"https:\\\/\\\/ibecbarcelona.eu\\\/#website\",\"url\":\"https:\\\/\\\/ibecbarcelona.eu\\\/\",\"name\":\"Institute for Bioengineering of Catalonia\",\"description\":\"Bioengineering Solutions for Health\",\"publisher\":{\"@id\":\"https:\\\/\\\/ibecbarcelona.eu\\\/#organization\"},\"potentialAction\":[{\"@type\":\"SearchAction\",\"target\":{\"@type\":\"EntryPoint\",\"urlTemplate\":\"https:\\\/\\\/ibecbarcelona.eu\\\/?s={search_term_string}\"},\"query-input\":{\"@type\":\"PropertyValueSpecification\",\"valueRequired\":true,\"valueName\":\"search_term_string\"}}],\"inLanguage\":\"ca\"},{\"@type\":\"Organization\",\"@id\":\"https:\\\/\\\/ibecbarcelona.eu\\\/#organization\",\"name\":\"Institute for Bioengineering of Catalonia\",\"url\":\"https:\\\/\\\/ibecbarcelona.eu\\\/\",\"logo\":{\"@type\":\"ImageObject\",\"inLanguage\":\"ca\",\"@id\":\"https:\\\/\\\/ibecbarcelona.eu\\\/#\\\/schema\\\/logo\\\/image\\\/\",\"url\":\"https:\\\/\\\/ibecbarcelona.eu\\\/wp-content\\\/uploads\\\/2026\\\/01\\\/cropped-IBEC_20ANYS_GRIS.png\",\"contentUrl\":\"https:\\\/\\\/ibecbarcelona.eu\\\/wp-content\\\/uploads\\\/2026\\\/01\\\/cropped-IBEC_20ANYS_GRIS.png\",\"width\":696,\"height\":257,\"caption\":\"Institute for Bioengineering of Catalonia\"},\"image\":{\"@id\":\"https:\\\/\\\/ibecbarcelona.eu\\\/#\\\/schema\\\/logo\\\/image\\\/\"}},{\"@type\":\"Person\",\"@id\":\"https:\\\/\\\/ibecbarcelona.eu\\\/#\\\/schema\\\/person\\\/c212c6b589546130be67986b9290e2b8\",\"name\":\"\u00c0ngels L\u00f3pez\",\"image\":{\"@type\":\"ImageObject\",\"inLanguage\":\"ca\",\"@id\":\"https:\\\/\\\/secure.gravatar.com\\\/avatar\\\/09ad6ba116bea0b15c5511860f83b302579fd7404c1180e9dae55c3f11d988c6?s=96&d=mm&r=g\",\"url\":\"https:\\\/\\\/secure.gravatar.com\\\/avatar\\\/09ad6ba116bea0b15c5511860f83b302579fd7404c1180e9dae55c3f11d988c6?s=96&d=mm&r=g\",\"contentUrl\":\"https:\\\/\\\/secure.gravatar.com\\\/avatar\\\/09ad6ba116bea0b15c5511860f83b302579fd7404c1180e9dae55c3f11d988c6?s=96&d=mm&r=g\",\"caption\":\"\u00c0ngels L\u00f3pez\"},\"url\":\"https:\\\/\\\/ibecbarcelona.eu\\\/ca\\\/author\\\/alopez\\\/\"}]}<\/script>\n<!-- \/ Yoast SEO plugin. -->","yoast_head_json":{"title":"Nou impuls de la llei de la Ci\u00e8ncia - Institute for Bioengineering of Catalonia","robots":{"index":"index","follow":"follow","max-snippet":"max-snippet:-1","max-image-preview":"max-image-preview:large","max-video-preview":"max-video-preview:-1"},"canonical":"https:\/\/ibecbarcelona.eu\/ca\/nou-impuls-de-la-llei-de-la-ciencia\/","og_locale":"ca_ES","og_type":"article","og_title":"Nou impuls de la llei de la Ci\u00e8ncia - Institute for Bioengineering of Catalonia","og_description":"Josep Samitier, director de l'Institut de Bioingenier\u00eda de Catalunya (IBEC) i president de l'Associaci\u00f3 Catalana d'Entitats de Recerca (ACER), apareix al diari \"El Temps\" per l'aprovaci\u00f3 de la tramitaci\u00f3 de l'Avantprojecte de la llei de la Ci\u00e8ncia. .","og_url":"https:\/\/ibecbarcelona.eu\/ca\/nou-impuls-de-la-llei-de-la-ciencia\/","og_site_name":"Institute for Bioengineering of Catalonia","article_published_time":"2021-12-07T07:44:26+00:00","article_modified_time":"2021-12-10T11:15:22+00:00","og_image":[{"width":500,"height":333,"url":"https:\/\/ibecbarcelona.eu\/wp-content\/uploads\/2020\/05\/JSamitier_web.jpg","type":"image\/jpeg"}],"author":"\u00c0ngels L\u00f3pez","twitter_card":"summary_large_image","twitter_misc":{"Escrit per":"\u00c0ngels L\u00f3pez","Temps estimat de lectura":"1 minut"},"schema":{"@context":"https:\/\/schema.org","@graph":[{"@type":"Article","@id":"https:\/\/ibecbarcelona.eu\/ca\/nou-impuls-de-la-llei-de-la-ciencia\/#article","isPartOf":{"@id":"https:\/\/ibecbarcelona.eu\/ca\/nou-impuls-de-la-llei-de-la-ciencia\/"},"author":{"name":"\u00c0ngels L\u00f3pez","@id":"https:\/\/ibecbarcelona.eu\/#\/schema\/person\/c212c6b589546130be67986b9290e2b8"},"headline":"Nou impuls de la llei de la Ci\u00e8ncia","datePublished":"2021-12-07T07:44:26+00:00","dateModified":"2021-12-10T11:15:22+00:00","mainEntityOfPage":{"@id":"https:\/\/ibecbarcelona.eu\/ca\/nou-impuls-de-la-llei-de-la-ciencia\/"},"wordCount":89,"publisher":{"@id":"https:\/\/ibecbarcelona.eu\/#organization"},"image":{"@id":"https:\/\/ibecbarcelona.eu\/ca\/nou-impuls-de-la-llei-de-la-ciencia\/#primaryimage"},"thumbnailUrl":"https:\/\/ibecbarcelona.eu\/wp-content\/uploads\/2020\/05\/JSamitier_web.jpg","keywords":["Josep Samitier"],"articleSection":["IBEC als mitjans"],"inLanguage":"ca"},{"@type":"WebPage","@id":"https:\/\/ibecbarcelona.eu\/ca\/nou-impuls-de-la-llei-de-la-ciencia\/","url":"https:\/\/ibecbarcelona.eu\/ca\/nou-impuls-de-la-llei-de-la-ciencia\/","name":"Nou impuls de la llei de la Ci\u00e8ncia - Institute for Bioengineering of Catalonia","isPartOf":{"@id":"https:\/\/ibecbarcelona.eu\/#website"},"primaryImageOfPage":{"@id":"https:\/\/ibecbarcelona.eu\/ca\/nou-impuls-de-la-llei-de-la-ciencia\/#primaryimage"},"image":{"@id":"https:\/\/ibecbarcelona.eu\/ca\/nou-impuls-de-la-llei-de-la-ciencia\/#primaryimage"},"thumbnailUrl":"https:\/\/ibecbarcelona.eu\/wp-content\/uploads\/2020\/05\/JSamitier_web.jpg","datePublished":"2021-12-07T07:44:26+00:00","dateModified":"2021-12-10T11:15:22+00:00","breadcrumb":{"@id":"https:\/\/ibecbarcelona.eu\/ca\/nou-impuls-de-la-llei-de-la-ciencia\/#breadcrumb"},"inLanguage":"ca","potentialAction":[{"@type":"ReadAction","target":["https:\/\/ibecbarcelona.eu\/ca\/nou-impuls-de-la-llei-de-la-ciencia\/"]}]},{"@type":"ImageObject","inLanguage":"ca","@id":"https:\/\/ibecbarcelona.eu\/ca\/nou-impuls-de-la-llei-de-la-ciencia\/#primaryimage","url":"https:\/\/ibecbarcelona.eu\/wp-content\/uploads\/2020\/05\/JSamitier_web.jpg","contentUrl":"https:\/\/ibecbarcelona.eu\/wp-content\/uploads\/2020\/05\/JSamitier_web.jpg","width":500,"height":333},{"@type":"BreadcrumbList","@id":"https:\/\/ibecbarcelona.eu\/ca\/nou-impuls-de-la-llei-de-la-ciencia\/#breadcrumb","itemListElement":[{"@type":"ListItem","position":1,"name":"Home","item":"https:\/\/ibecbarcelona.eu\/ca\/"},{"@type":"ListItem","position":2,"name":"Nou impuls de la llei de la Ci\u00e8ncia"}]},{"@type":"WebSite","@id":"https:\/\/ibecbarcelona.eu\/#website","url":"https:\/\/ibecbarcelona.eu\/","name":"Institute for Bioengineering of Catalonia","description":"Bioengineering Solutions for Health","publisher":{"@id":"https:\/\/ibecbarcelona.eu\/#organization"},"potentialAction":[{"@type":"SearchAction","target":{"@type":"EntryPoint","urlTemplate":"https:\/\/ibecbarcelona.eu\/?s={search_term_string}"},"query-input":{"@type":"PropertyValueSpecification","valueRequired":true,"valueName":"search_term_string"}}],"inLanguage":"ca"},{"@type":"Organization","@id":"https:\/\/ibecbarcelona.eu\/#organization","name":"Institute for Bioengineering of Catalonia","url":"https:\/\/ibecbarcelona.eu\/","logo":{"@type":"ImageObject","inLanguage":"ca","@id":"https:\/\/ibecbarcelona.eu\/#\/schema\/logo\/image\/","url":"https:\/\/ibecbarcelona.eu\/wp-content\/uploads\/2026\/01\/cropped-IBEC_20ANYS_GRIS.png","contentUrl":"https:\/\/ibecbarcelona.eu\/wp-content\/uploads\/2026\/01\/cropped-IBEC_20ANYS_GRIS.png","width":696,"height":257,"caption":"Institute for Bioengineering of Catalonia"},"image":{"@id":"https:\/\/ibecbarcelona.eu\/#\/schema\/logo\/image\/"}},{"@type":"Person","@id":"https:\/\/ibecbarcelona.eu\/#\/schema\/person\/c212c6b589546130be67986b9290e2b8","name":"\u00c0ngels L\u00f3pez","image":{"@type":"ImageObject","inLanguage":"ca","@id":"https:\/\/secure.gravatar.com\/avatar\/09ad6ba116bea0b15c5511860f83b302579fd7404c1180e9dae55c3f11d988c6?s=96&d=mm&r=g","url":"https:\/\/secure.gravatar.com\/avatar\/09ad6ba116bea0b15c5511860f83b302579fd7404c1180e9dae55c3f11d988c6?s=96&d=mm&r=g","contentUrl":"https:\/\/secure.gravatar.com\/avatar\/09ad6ba116bea0b15c5511860f83b302579fd7404c1180e9dae55c3f11d988c6?s=96&d=mm&r=g","caption":"\u00c0ngels L\u00f3pez"},"url":"https:\/\/ibecbarcelona.eu\/ca\/author\/alopez\/"}]}},"AFP_featured_media_urls":{"full":["https:\/\/ibecbarcelona.eu\/wp-content\/uploads\/2020\/05\/JSamitier_web.jpg",500,333,false],"thumbnail":["https:\/\/ibecbarcelona.eu\/wp-content\/uploads\/2020\/05\/JSamitier_web-150x150.jpg",150,150,true],"medium":["https:\/\/ibecbarcelona.eu\/wp-content\/uploads\/2020\/05\/JSamitier_web-300x200.jpg",300,200,true],"medium_large":["https:\/\/ibecbarcelona.eu\/wp-content\/uploads\/2020\/05\/JSamitier_web.jpg",500,333,false],"large":["https:\/\/ibecbarcelona.eu\/wp-content\/uploads\/2020\/05\/JSamitier_web.jpg",500,333,false]},"AFP_attachments":{"full":["https:\/\/ibecbarcelona.eu\/wp-content\/uploads\/2021\/12\/Recorte_El-Temps.png",589,494,false],"thumbnail":["https:\/\/ibecbarcelona.eu\/wp-content\/uploads\/2021\/12\/Recorte_El-Temps-150x150.png",150,150,true],"medium":["https:\/\/ibecbarcelona.eu\/wp-content\/uploads\/2021\/12\/Recorte_El-Temps-300x252.png",300,252,true],"medium_large":["https:\/\/ibecbarcelona.eu\/wp-content\/uploads\/2021\/12\/Recorte_El-Temps.png",589,494,false],"large":["https:\/\/ibecbarcelona.eu\/wp-content\/uploads\/2021\/12\/Recorte_El-Temps.png",589,494,false]},"AFP_videos":[],"AFP_video_blocks":"","AFP_category_names":["IBEC als mitjans"],"_links":{"self":[{"href":"https:\/\/ibecbarcelona.eu\/ca\/wp-json\/wp\/v2\/posts\/89207","targetHints":{"allow":["GET"]}}],"collection":[{"href":"https:\/\/ibecbarcelona.eu\/ca\/wp-json\/wp\/v2\/posts"}],"about":[{"href":"https:\/\/ibecbarcelona.eu\/ca\/wp-json\/wp\/v2\/types\/post"}],"author":[{"embeddable":true,"href":"https:\/\/ibecbarcelona.eu\/ca\/wp-json\/wp\/v2\/users\/4"}],"replies":[{"embeddable":true,"href":"https:\/\/ibecbarcelona.eu\/ca\/wp-json\/wp\/v2\/comments?post=89207"}],"version-history":[{"count":2,"href":"https:\/\/ibecbarcelona.eu\/ca\/wp-json\/wp\/v2\/posts\/89207\/revisions"}],"predecessor-version":[{"id":89212,"href":"https:\/\/ibecbarcelona.eu\/ca\/wp-json\/wp\/v2\/posts\/89207\/revisions\/89212"}],"wp:featuredmedia":[{"embeddable":true,"href":"https:\/\/ibecbarcelona.eu\/ca\/wp-json\/wp\/v2\/media\/73999"}],"wp:attachment":[{"href":"https:\/\/ibecbarcelona.eu\/ca\/wp-json\/wp\/v2\/media?parent=89207"}],"wp:term":[{"taxonomy":"category","embeddable":true,"href":"https:\/\/ibecbarcelona.eu\/ca\/wp-json\/wp\/v2\/categories?post=89207"},{"taxonomy":"post_tag","embeddable":true,"href":"https:\/\/ibecbarcelona.eu\/ca\/wp-json\/wp\/v2\/tags?post=89207"},{"taxonomy":"post_format","embeddable":true,"href":"https:\/\/ibecbarcelona.eu\/ca\/wp-json\/wp\/v2\/post_formats?post=89207"}],"curies":[{"name":"wp","href":"https:\/\/api.w.org\/{rel}","templated":true}]}}