
{"id":92459,"date":"2022-06-22T18:03:38","date_gmt":"2022-06-22T16:03:38","guid":{"rendered":"https:\/\/ibecbarcelona.eu\/samuel-sanchez-gana-el-premio-banc-de-sabadell-a-las-ciencias-y-la-ingenieria\/"},"modified":"2022-07-15T14:52:51","modified_gmt":"2022-07-15T12:52:51","slug":"samuel-sanchez-gana-el-premio-banc-de-sabadell-a-las-ciencias-y-la-ingenieria","status":"publish","type":"post","link":"https:\/\/ibecbarcelona.eu\/ca\/samuel-sanchez-gana-el-premio-banc-de-sabadell-a-las-ciencias-y-la-ingenieria\/","title":{"rendered":"Samuel S\u00e1nchez guanya el premi Banc de Sabadell a les Ci\u00e8ncies i l&#8217;Enginyeria"},"content":{"rendered":"\n<h4 class=\"wp-block-heading\"><span class=\"TextRun SCXW68624255 BCX8\" lang=\"CA-ES\" xml:lang=\"CA-ES\" data-contrast=\"auto\"><span class=\"NormalTextRun SCXW68624255 BCX8\">El Premi Fundaci\u00f3 Banc Sabadell a les Ci\u00e8ncies i l&#8217;Enginyeria ha estat organitzat en col\u00b7laboraci\u00f3 amb el Barcelona Institute of Science and Technology, i t\u00e9 l&#8217;objectiu de recon\u00e8ixer la traject\u00f2ria de joves investigadors que destaquen a camps com les matem\u00e0tiques, la qu\u00edmica, la f\u00edsica o l&#8217;enginyeria.<\/span><\/span><span class=\"EOP SCXW68624255 BCX8\" data-ccp-props=\"{&quot;201341983&quot;:0,&quot;335551550&quot;:6,&quot;335551620&quot;:6,&quot;335559739&quot;:160,&quot;335559740&quot;:360}\">&nbsp;<\/span><\/h4>\n\n\n\n<div class=\"wp-block-image\"><figure class=\"alignleft size-full\"><img decoding=\"async\" width=\"1024\" height=\"400\" data-src=\"https:\/\/ibecbarcelona.eu\/wp-content\/uploads\/2022\/07\/ssanchez_premiosabadell_tw-1024x400-1.jpg\" alt=\"\" class=\"wp-image-95443 lazyload\" data-srcset=\"https:\/\/ibecbarcelona.eu\/wp-content\/uploads\/2022\/07\/ssanchez_premiosabadell_tw-1024x400-1.jpg 1024w, https:\/\/ibecbarcelona.eu\/wp-content\/uploads\/2022\/07\/ssanchez_premiosabadell_tw-1024x400-1-300x117.jpg 300w, https:\/\/ibecbarcelona.eu\/wp-content\/uploads\/2022\/07\/ssanchez_premiosabadell_tw-1024x400-1-768x300.jpg 768w\" data-sizes=\"(max-width: 1024px) 100vw, 1024px\" src=\"data:image\/svg+xml;base64,PHN2ZyB3aWR0aD0iMSIgaGVpZ2h0PSIxIiB4bWxucz0iaHR0cDovL3d3dy53My5vcmcvMjAwMC9zdmciPjwvc3ZnPg==\" style=\"--smush-placeholder-width: 1024px; --smush-placeholder-aspect-ratio: 1024\/400;\" \/><\/figure><\/div>\n\n\n\n<p><span class=\"TextRun SCXW26875022 BCX8\" lang=\"CA-ES\" xml:lang=\"CA-ES\" data-contrast=\"auto\"><span class=\"NormalTextRun SCXW26875022 BCX8\">El jurat d&#8217;aquesta VI edici\u00f3, presidit pel professor Andreu Mas-Colell, ha reconegut la tasca del Dr. Samuel S\u00e1nchez, per la seva excel\u00b7lent carrera en recerca interdisciplin\u00e0ria de frontera, destacant el seu lideratge a l&#8217;\u00e0rea de nanorrobots, tema innovador amb impacte des de la ci\u00e8ncia b\u00e0sica fins a les aplicacions. El seu treball \u00e9s <\/span><span class=\"NormalTextRun SCXW26875022 BCX8\">extraordinari<\/span><span class=\"NormalTextRun SCXW26875022 BCX8\"> i, referent al camp que abasta, des d&#8217;aspectes fonamentals de la qu\u00edmica fins a les aplicacions, tant al camp biom\u00e8dic com al mediambiental.<\/span><\/span><span class=\"EOP SCXW26875022 BCX8\" data-ccp-props=\"{&quot;201341983&quot;:0,&quot;335551550&quot;:6,&quot;335551620&quot;:6,&quot;335559739&quot;:160,&quot;335559740&quot;:360}\">&nbsp;<\/span><\/p>\n\n\n\n<p><span class=\"TextRun SCXW132048924 BCX8\" lang=\"CA-ES\" xml:lang=\"CA-ES\" data-contrast=\"none\"><span class=\"NormalTextRun SCXW132048924 BCX8\">Samuel S\u00e1nchez \u00e9s Doctor en Qu\u00edmica per la Universitat Aut\u00f2noma de Barcelona i, pr\u00e8viament a la seva tasca a l&#8217;<\/span><span class=\"NormalTextRun SCXW132048924 BCX8\" data-ccp-charstyle=\"hiddenspellerror\" data-ccp-charstyle-defn=\"{&quot;ObjectId&quot;:&quot;11772c90-50a4-453a-9532-5b1168ca0234|226&quot;,&quot;ClassId&quot;:1073872969,&quot;Properties&quot;:[469775450,&quot;hiddenspellerror&quot;,201340122,&quot;1&quot;,134233614,&quot;true&quot;,469778129,&quot;hiddenspellerror&quot;,335572020,&quot;1&quot;,469778324,&quot;Default Paragraph Font&quot;]}\">IBEC<\/span><span class=\"NormalTextRun SCXW132048924 BCX8\">, va treballar al Max Planck i al Leibniz a Alemanya i al Jap\u00f3. Ha rebut nombrosos premis pel seu treball pioner amb\u202f<\/span><span class=\"NormalTextRun SCXW132048924 BCX8\" data-ccp-charstyle=\"hiddenspellerror\">nanorrobots<\/span><span class=\"NormalTextRun SCXW132048924 BCX8\">, aix\u00ed com alguns dels projectes m\u00e9s competitius\u202fen l&#8217;\u00e0mbit nacional\u202fi europeu, com quatre ERC\u202f<\/span><span class=\"NormalTextRun SCXW132048924 BCX8\" data-ccp-charstyle=\"hiddenspellerror\">Grants<\/span><span class=\"NormalTextRun SCXW132048924 BCX8\">, incloent-hi la\u202f<\/span><span class=\"NormalTextRun SCXW132048924 BCX8\" data-ccp-charstyle=\"hiddenspellerror\">Consolidator<\/span><span class=\"NormalTextRun SCXW132048924 BCX8\">\u202f<\/span><span class=\"NormalTextRun SCXW132048924 BCX8\" data-ccp-charstyle=\"hiddenspellerror\">Grant<\/span><span class=\"NormalTextRun SCXW132048924 BCX8\">\u202fque t\u00e9 actualment. Ha publicat m\u00e9s de 150 articles, presentat m\u00e9s de 130 confer\u00e8ncies convidades i t\u00e9 7 patents, una de les quals \u00e9s llicenciada\u202f<\/span><span class=\"NormalTextRun SCXW132048924 BCX8\" data-ccp-charstyle=\"hiddengrammarerror\" data-ccp-charstyle-defn=\"{&quot;ObjectId&quot;:&quot;11772c90-50a4-453a-9532-5b1168ca0234|227&quot;,&quot;ClassId&quot;:1073872969,&quot;Properties&quot;:[469775450,&quot;hiddengrammarerror&quot;,201340122,&quot;1&quot;,134233614,&quot;true&quot;,469778129,&quot;hiddengrammarerror&quot;,335572020,&quot;1&quot;,469778324,&quot;Default Paragraph Font&quot;]}\">a la spin<\/span><span class=\"NormalTextRun SCXW132048924 BCX8\">\u202f<\/span><span class=\"NormalTextRun SCXW132048924 BCX8\" data-ccp-charstyle=\"hiddenspellerror\">off<\/span><span class=\"NormalTextRun SCXW132048924 BCX8\">\u202fde la qual \u00e9s fundador.<\/span><\/span><span class=\"LineBreakBlob BlobObject DragDrop SCXW132048924 BCX8\"><span class=\"SCXW132048924 BCX8\">&nbsp;<\/span><br class=\"SCXW132048924 BCX8\"><\/span><span class=\"LineBreakBlob BlobObject DragDrop SCXW132048924 BCX8\"><span class=\"SCXW132048924 BCX8\">&nbsp;<\/span><br class=\"SCXW132048924 BCX8\"><\/span><span class=\"TextRun SCXW132048924 BCX8\" lang=\"CA-ES\" xml:lang=\"CA-ES\" data-contrast=\"none\"><span class=\"NormalTextRun SCXW132048924 BCX8\">Avui tamb\u00e9 s&#8217;ha fet p\u00fablic el <\/span><\/span><strong><span class=\"TextRun SCXW132048924 BCX8\" lang=\"CA-ES\" xml:lang=\"CA-ES\" data-contrast=\"none\"><span class=\"NormalTextRun SCXW132048924 BCX8\">Premi Fundaci\u00f3 Banc Sabadell a la Investigaci\u00f3 Biom\u00e8dica<\/span><\/span><\/strong><span class=\"TextRun SCXW132048924 BCX8\" lang=\"CA-ES\" xml:lang=\"CA-ES\" data-contrast=\"none\"><span class=\"NormalTextRun SCXW132048924 BCX8\">, que t\u00e9 com a objectiu recon\u00e8ixer l&#8217;excel\u00b7l\u00e8ncia de persones joves amb una important traject\u00f2ria en el camp de la investigaci\u00f3 biom\u00e8dica i de les ci\u00e8ncies de la salut, que destaquen a la seva especialitat per la capacitat d&#8217;innovaci\u00f3.<\/span><\/span><span class=\"LineBreakBlob BlobObject DragDrop SCXW132048924 BCX8\"><span class=\"SCXW132048924 BCX8\">&nbsp;<\/span><br class=\"SCXW132048924 BCX8\"><\/span><span class=\"LineBreakBlob BlobObject DragDrop SCXW132048924 BCX8\"><span class=\"SCXW132048924 BCX8\">&nbsp;<\/span><br class=\"SCXW132048924 BCX8\"><\/span><span class=\"TextRun SCXW132048924 BCX8\" lang=\"CA-ES\" xml:lang=\"CA-ES\" data-contrast=\"none\"><span class=\"NormalTextRun SCXW132048924 BCX8\">En aquesta ocasi\u00f3, el jurat -presidit pel Dr.\u202f<\/span><span class=\"NormalTextRun SCXW132048924 BCX8\" data-ccp-charstyle=\"hiddengrammarerror\">Oscar<\/span><span class=\"NormalTextRun SCXW132048924 BCX8\">\u202fMar\u00edn- ha reconegut la Dra. Maria\u202f<\/span><span class=\"NormalTextRun SCXW132048924 BCX8\" data-ccp-charstyle=\"hiddenspellerror\">Mittelbrunn<\/span><span class=\"NormalTextRun SCXW132048924 BCX8\">\u202fper la seva investigaci\u00f3 sobre el paper clau del\u202fsistema immunitari\u202fen el control de l&#8217;envelliment d&#8217;\u00f2rgans i teixits. En concret, per demostrar un envelliment anticipat a tot l&#8217;organisme causat per una alteraci\u00f3 en la immunitat cel\u00b7lular.<\/span><\/span><span class=\"LineBreakBlob BlobObject DragDrop SCXW132048924 BCX8\"><span class=\"SCXW132048924 BCX8\">&nbsp;<\/span><br class=\"SCXW132048924 BCX8\"><\/span><span class=\"LineBreakBlob BlobObject DragDrop SCXW132048924 BCX8\"><span class=\"SCXW132048924 BCX8\">&nbsp;<\/span><br class=\"SCXW132048924 BCX8\"><\/span><span class=\"TextRun SCXW132048924 BCX8\" lang=\"CA-ES\" xml:lang=\"CA-ES\" data-contrast=\"none\"><span class=\"NormalTextRun SCXW132048924 BCX8\" data-ccp-charstyle=\"hiddenspellerror\">Mar\u00eda<\/span><span class=\"NormalTextRun SCXW132048924 BCX8\">\u202f<\/span><span class=\"NormalTextRun SCXW132048924 BCX8\" data-ccp-charstyle=\"hiddenspellerror\">Mittelbrunn<\/span><span class=\"NormalTextRun SCXW132048924 BCX8\">, Doctora en Bioqu\u00edmica i Biologia Molecular per la Universitat Aut\u00f2noma de Madrid, \u00e9s cient\u00edfica titular del Consell Superior d&#8217;Investigacions Cient\u00edfiques i la investigadora principal del laboratori &#8220;<\/span><span class=\"NormalTextRun SCXW132048924 BCX8\" data-ccp-charstyle=\"hiddenspellerror\">Immunometabolisme<\/span><span class=\"NormalTextRun SCXW132048924 BCX8\">\u202fi Inflamaci\u00f3&#8221; al Centre de Biologia Molecular Severo Ochoa (CSIC-UAM).<\/span><\/span><span class=\"LineBreakBlob BlobObject DragDrop SCXW132048924 BCX8\"><span class=\"SCXW132048924 BCX8\">&nbsp;<\/span><br class=\"SCXW132048924 BCX8\"><\/span><span class=\"LineBreakBlob BlobObject DragDrop SCXW132048924 BCX8\"><span class=\"SCXW132048924 BCX8\">&nbsp;<\/span><br class=\"SCXW132048924 BCX8\"><\/span><span class=\"TextRun SCXW132048924 BCX8\" lang=\"CA-ES\" xml:lang=\"CA-ES\" data-contrast=\"none\"><span class=\"NormalTextRun SCXW132048924 BCX8\">L&#8217;acte de lliurament dels Premis Fundaci\u00f3 Banc Sabadell a la Investigaci\u00f3 Biom\u00e8dica\u202fi a\u202fles Ci\u00e8ncies i l&#8217;Enginyeria tindr\u00e0 lloc el\u202fpr\u00f2xim 5\u202fde juliol a Barcelona.<\/span><\/span><span class=\"EOP SCXW132048924 BCX8\" data-ccp-props=\"{&quot;201341983&quot;:0,&quot;335551550&quot;:6,&quot;335551620&quot;:6,&quot;335559739&quot;:160,&quot;335559740&quot;:360}\">&nbsp;<\/span><\/p>\n","protected":false},"excerpt":{"rendered":"<h3>Samuel S\u00e1nchez, professor d&#8217;investigaci\u00f3 ICREA a l&#8217;Institut de Bioenginyeria de Catalunya (IBEC), on lidera el grup de Nano-Bio Dispositius Intel\u00b7ligents, rep el Premi Fundaci\u00f3 Banc Sabadell a les Ci\u00e8ncies i l&#8217;Enginyeria per la seva contribuci\u00f3 al camp de la nanotecnologia. <\/h3>\n","protected":false},"author":4,"featured_media":95443,"comment_status":"closed","ping_status":"closed","sticky":false,"template":"","format":"standard","meta":{"footnotes":""},"categories":[98],"tags":[1723,1140],"post_formats":[],"class_list":["post-92459","post","type-post","status-publish","format-standard","has-post-thumbnail","hentry","category-noticies-institucionals","tag-premio-banc-sabadell-ca","tag-samuel-sanchez-ca"],"yoast_head":"<!-- This site is optimized with the Yoast SEO plugin v27.5 - https:\/\/yoast.com\/product\/yoast-seo-wordpress\/ -->\n<title>Samuel S\u00e1nchez guanya el premi Banc de Sabadell a les Ci\u00e8ncies i l&#039;Enginyeria - Institute for Bioengineering of Catalonia<\/title>\n<meta name=\"robots\" content=\"index, follow, max-snippet:-1, max-image-preview:large, max-video-preview:-1\" \/>\n<link rel=\"canonical\" href=\"https:\/\/ibecbarcelona.eu\/ca\/samuel-sanchez-gana-el-premio-banc-de-sabadell-a-las-ciencias-y-la-ingenieria\/\" \/>\n<meta property=\"og:locale\" content=\"ca_ES\" \/>\n<meta property=\"og:type\" content=\"article\" \/>\n<meta property=\"og:title\" content=\"Samuel S\u00e1nchez guanya el premi Banc de Sabadell a les Ci\u00e8ncies i l&#039;Enginyeria - Institute for Bioengineering of Catalonia\" \/>\n<meta property=\"og:description\" content=\"Samuel S\u00e1nchez, professor d&#039;investigaci\u00f3 ICREA a l&#039;Institut de Bioenginyeria de Catalunya (IBEC), on lidera el grup de Nano-Bio Dispositius Intel\u00b7ligents, rep el Premi Fundaci\u00f3 Banc Sabadell a les Ci\u00e8ncies i l&#039;Enginyeria per la seva contribuci\u00f3 al camp de la nanotecnologia.\" \/>\n<meta property=\"og:url\" content=\"https:\/\/ibecbarcelona.eu\/ca\/samuel-sanchez-gana-el-premio-banc-de-sabadell-a-las-ciencias-y-la-ingenieria\/\" \/>\n<meta property=\"og:site_name\" content=\"Institute for Bioengineering of Catalonia\" \/>\n<meta property=\"article:published_time\" content=\"2022-06-22T16:03:38+00:00\" \/>\n<meta property=\"article:modified_time\" content=\"2022-07-15T12:52:51+00:00\" \/>\n<meta property=\"og:image\" content=\"https:\/\/ibecbarcelona.eu\/wp-content\/uploads\/2022\/07\/ssanchez_premiosabadell_tw-1024x400-1.jpg\" \/>\n\t<meta property=\"og:image:width\" content=\"1024\" \/>\n\t<meta property=\"og:image:height\" content=\"400\" \/>\n\t<meta property=\"og:image:type\" content=\"image\/jpeg\" \/>\n<meta name=\"author\" content=\"\u00c0ngels L\u00f3pez\" \/>\n<meta name=\"twitter:card\" content=\"summary_large_image\" \/>\n<meta name=\"twitter:label1\" content=\"Escrit per\" \/>\n\t<meta name=\"twitter:data1\" content=\"\u00c0ngels L\u00f3pez\" \/>\n<script type=\"application\/ld+json\" class=\"yoast-schema-graph\">{\"@context\":\"https:\\\/\\\/schema.org\",\"@graph\":[{\"@type\":\"Article\",\"@id\":\"https:\\\/\\\/ibecbarcelona.eu\\\/ca\\\/samuel-sanchez-gana-el-premio-banc-de-sabadell-a-las-ciencias-y-la-ingenieria\\\/#article\",\"isPartOf\":{\"@id\":\"https:\\\/\\\/ibecbarcelona.eu\\\/ca\\\/samuel-sanchez-gana-el-premio-banc-de-sabadell-a-las-ciencias-y-la-ingenieria\\\/\"},\"author\":{\"name\":\"\u00c0ngels L\u00f3pez\",\"@id\":\"https:\\\/\\\/ibecbarcelona.eu\\\/#\\\/schema\\\/person\\\/c212c6b589546130be67986b9290e2b8\"},\"headline\":\"Samuel S\u00e1nchez guanya el premi Banc de Sabadell a les Ci\u00e8ncies i l&#8217;Enginyeria\",\"datePublished\":\"2022-06-22T16:03:38+00:00\",\"dateModified\":\"2022-07-15T12:52:51+00:00\",\"mainEntityOfPage\":{\"@id\":\"https:\\\/\\\/ibecbarcelona.eu\\\/ca\\\/samuel-sanchez-gana-el-premio-banc-de-sabadell-a-las-ciencias-y-la-ingenieria\\\/\"},\"wordCount\":457,\"publisher\":{\"@id\":\"https:\\\/\\\/ibecbarcelona.eu\\\/#organization\"},\"image\":{\"@id\":\"https:\\\/\\\/ibecbarcelona.eu\\\/ca\\\/samuel-sanchez-gana-el-premio-banc-de-sabadell-a-las-ciencias-y-la-ingenieria\\\/#primaryimage\"},\"thumbnailUrl\":\"https:\\\/\\\/ibecbarcelona.eu\\\/wp-content\\\/uploads\\\/2022\\\/07\\\/ssanchez_premiosabadell_tw-1024x400-1.jpg\",\"keywords\":[\"Premio Banc Sabadell\",\"Samuel Sanchez\"],\"articleSection\":[\"Not\u00edcies institucionals\"],\"inLanguage\":\"ca\"},{\"@type\":\"WebPage\",\"@id\":\"https:\\\/\\\/ibecbarcelona.eu\\\/ca\\\/samuel-sanchez-gana-el-premio-banc-de-sabadell-a-las-ciencias-y-la-ingenieria\\\/\",\"url\":\"https:\\\/\\\/ibecbarcelona.eu\\\/ca\\\/samuel-sanchez-gana-el-premio-banc-de-sabadell-a-las-ciencias-y-la-ingenieria\\\/\",\"name\":\"Samuel S\u00e1nchez guanya el premi Banc de Sabadell a les Ci\u00e8ncies i l'Enginyeria - Institute for Bioengineering of Catalonia\",\"isPartOf\":{\"@id\":\"https:\\\/\\\/ibecbarcelona.eu\\\/#website\"},\"primaryImageOfPage\":{\"@id\":\"https:\\\/\\\/ibecbarcelona.eu\\\/ca\\\/samuel-sanchez-gana-el-premio-banc-de-sabadell-a-las-ciencias-y-la-ingenieria\\\/#primaryimage\"},\"image\":{\"@id\":\"https:\\\/\\\/ibecbarcelona.eu\\\/ca\\\/samuel-sanchez-gana-el-premio-banc-de-sabadell-a-las-ciencias-y-la-ingenieria\\\/#primaryimage\"},\"thumbnailUrl\":\"https:\\\/\\\/ibecbarcelona.eu\\\/wp-content\\\/uploads\\\/2022\\\/07\\\/ssanchez_premiosabadell_tw-1024x400-1.jpg\",\"datePublished\":\"2022-06-22T16:03:38+00:00\",\"dateModified\":\"2022-07-15T12:52:51+00:00\",\"breadcrumb\":{\"@id\":\"https:\\\/\\\/ibecbarcelona.eu\\\/ca\\\/samuel-sanchez-gana-el-premio-banc-de-sabadell-a-las-ciencias-y-la-ingenieria\\\/#breadcrumb\"},\"inLanguage\":\"ca\",\"potentialAction\":[{\"@type\":\"ReadAction\",\"target\":[\"https:\\\/\\\/ibecbarcelona.eu\\\/ca\\\/samuel-sanchez-gana-el-premio-banc-de-sabadell-a-las-ciencias-y-la-ingenieria\\\/\"]}]},{\"@type\":\"ImageObject\",\"inLanguage\":\"ca\",\"@id\":\"https:\\\/\\\/ibecbarcelona.eu\\\/ca\\\/samuel-sanchez-gana-el-premio-banc-de-sabadell-a-las-ciencias-y-la-ingenieria\\\/#primaryimage\",\"url\":\"https:\\\/\\\/ibecbarcelona.eu\\\/wp-content\\\/uploads\\\/2022\\\/07\\\/ssanchez_premiosabadell_tw-1024x400-1.jpg\",\"contentUrl\":\"https:\\\/\\\/ibecbarcelona.eu\\\/wp-content\\\/uploads\\\/2022\\\/07\\\/ssanchez_premiosabadell_tw-1024x400-1.jpg\",\"width\":1024,\"height\":400},{\"@type\":\"BreadcrumbList\",\"@id\":\"https:\\\/\\\/ibecbarcelona.eu\\\/ca\\\/samuel-sanchez-gana-el-premio-banc-de-sabadell-a-las-ciencias-y-la-ingenieria\\\/#breadcrumb\",\"itemListElement\":[{\"@type\":\"ListItem\",\"position\":1,\"name\":\"Home\",\"item\":\"https:\\\/\\\/ibecbarcelona.eu\\\/ca\\\/\"},{\"@type\":\"ListItem\",\"position\":2,\"name\":\"Samuel S\u00e1nchez guanya el premi Banc de Sabadell a les Ci\u00e8ncies i l&#8217;Enginyeria\"}]},{\"@type\":\"WebSite\",\"@id\":\"https:\\\/\\\/ibecbarcelona.eu\\\/#website\",\"url\":\"https:\\\/\\\/ibecbarcelona.eu\\\/\",\"name\":\"Institute for Bioengineering of Catalonia\",\"description\":\"Bioengineering Solutions for Health\",\"publisher\":{\"@id\":\"https:\\\/\\\/ibecbarcelona.eu\\\/#organization\"},\"potentialAction\":[{\"@type\":\"SearchAction\",\"target\":{\"@type\":\"EntryPoint\",\"urlTemplate\":\"https:\\\/\\\/ibecbarcelona.eu\\\/?s={search_term_string}\"},\"query-input\":{\"@type\":\"PropertyValueSpecification\",\"valueRequired\":true,\"valueName\":\"search_term_string\"}}],\"inLanguage\":\"ca\"},{\"@type\":\"Organization\",\"@id\":\"https:\\\/\\\/ibecbarcelona.eu\\\/#organization\",\"name\":\"Institute for Bioengineering of Catalonia\",\"url\":\"https:\\\/\\\/ibecbarcelona.eu\\\/\",\"logo\":{\"@type\":\"ImageObject\",\"inLanguage\":\"ca\",\"@id\":\"https:\\\/\\\/ibecbarcelona.eu\\\/#\\\/schema\\\/logo\\\/image\\\/\",\"url\":\"https:\\\/\\\/ibecbarcelona.eu\\\/wp-content\\\/uploads\\\/2026\\\/01\\\/cropped-IBEC_20ANYS_GRIS.png\",\"contentUrl\":\"https:\\\/\\\/ibecbarcelona.eu\\\/wp-content\\\/uploads\\\/2026\\\/01\\\/cropped-IBEC_20ANYS_GRIS.png\",\"width\":696,\"height\":257,\"caption\":\"Institute for Bioengineering of Catalonia\"},\"image\":{\"@id\":\"https:\\\/\\\/ibecbarcelona.eu\\\/#\\\/schema\\\/logo\\\/image\\\/\"}},{\"@type\":\"Person\",\"@id\":\"https:\\\/\\\/ibecbarcelona.eu\\\/#\\\/schema\\\/person\\\/c212c6b589546130be67986b9290e2b8\",\"name\":\"\u00c0ngels L\u00f3pez\",\"image\":{\"@type\":\"ImageObject\",\"inLanguage\":\"ca\",\"@id\":\"https:\\\/\\\/secure.gravatar.com\\\/avatar\\\/09ad6ba116bea0b15c5511860f83b302579fd7404c1180e9dae55c3f11d988c6?s=96&d=mm&r=g\",\"url\":\"https:\\\/\\\/secure.gravatar.com\\\/avatar\\\/09ad6ba116bea0b15c5511860f83b302579fd7404c1180e9dae55c3f11d988c6?s=96&d=mm&r=g\",\"contentUrl\":\"https:\\\/\\\/secure.gravatar.com\\\/avatar\\\/09ad6ba116bea0b15c5511860f83b302579fd7404c1180e9dae55c3f11d988c6?s=96&d=mm&r=g\",\"caption\":\"\u00c0ngels L\u00f3pez\"},\"url\":\"https:\\\/\\\/ibecbarcelona.eu\\\/ca\\\/author\\\/alopez\\\/\"}]}<\/script>\n<!-- \/ Yoast SEO plugin. -->","yoast_head_json":{"title":"Samuel S\u00e1nchez guanya el premi Banc de Sabadell a les Ci\u00e8ncies i l'Enginyeria - Institute for Bioengineering of Catalonia","robots":{"index":"index","follow":"follow","max-snippet":"max-snippet:-1","max-image-preview":"max-image-preview:large","max-video-preview":"max-video-preview:-1"},"canonical":"https:\/\/ibecbarcelona.eu\/ca\/samuel-sanchez-gana-el-premio-banc-de-sabadell-a-las-ciencias-y-la-ingenieria\/","og_locale":"ca_ES","og_type":"article","og_title":"Samuel S\u00e1nchez guanya el premi Banc de Sabadell a les Ci\u00e8ncies i l'Enginyeria - Institute for Bioengineering of Catalonia","og_description":"Samuel S\u00e1nchez, professor d'investigaci\u00f3 ICREA a l'Institut de Bioenginyeria de Catalunya (IBEC), on lidera el grup de Nano-Bio Dispositius Intel\u00b7ligents, rep el Premi Fundaci\u00f3 Banc Sabadell a les Ci\u00e8ncies i l'Enginyeria per la seva contribuci\u00f3 al camp de la nanotecnologia.","og_url":"https:\/\/ibecbarcelona.eu\/ca\/samuel-sanchez-gana-el-premio-banc-de-sabadell-a-las-ciencias-y-la-ingenieria\/","og_site_name":"Institute for Bioengineering of Catalonia","article_published_time":"2022-06-22T16:03:38+00:00","article_modified_time":"2022-07-15T12:52:51+00:00","og_image":[{"width":1024,"height":400,"url":"https:\/\/ibecbarcelona.eu\/wp-content\/uploads\/2022\/07\/ssanchez_premiosabadell_tw-1024x400-1.jpg","type":"image\/jpeg"}],"author":"\u00c0ngels L\u00f3pez","twitter_card":"summary_large_image","twitter_misc":{"Escrit per":"\u00c0ngels L\u00f3pez"},"schema":{"@context":"https:\/\/schema.org","@graph":[{"@type":"Article","@id":"https:\/\/ibecbarcelona.eu\/ca\/samuel-sanchez-gana-el-premio-banc-de-sabadell-a-las-ciencias-y-la-ingenieria\/#article","isPartOf":{"@id":"https:\/\/ibecbarcelona.eu\/ca\/samuel-sanchez-gana-el-premio-banc-de-sabadell-a-las-ciencias-y-la-ingenieria\/"},"author":{"name":"\u00c0ngels L\u00f3pez","@id":"https:\/\/ibecbarcelona.eu\/#\/schema\/person\/c212c6b589546130be67986b9290e2b8"},"headline":"Samuel S\u00e1nchez guanya el premi Banc de Sabadell a les Ci\u00e8ncies i l&#8217;Enginyeria","datePublished":"2022-06-22T16:03:38+00:00","dateModified":"2022-07-15T12:52:51+00:00","mainEntityOfPage":{"@id":"https:\/\/ibecbarcelona.eu\/ca\/samuel-sanchez-gana-el-premio-banc-de-sabadell-a-las-ciencias-y-la-ingenieria\/"},"wordCount":457,"publisher":{"@id":"https:\/\/ibecbarcelona.eu\/#organization"},"image":{"@id":"https:\/\/ibecbarcelona.eu\/ca\/samuel-sanchez-gana-el-premio-banc-de-sabadell-a-las-ciencias-y-la-ingenieria\/#primaryimage"},"thumbnailUrl":"https:\/\/ibecbarcelona.eu\/wp-content\/uploads\/2022\/07\/ssanchez_premiosabadell_tw-1024x400-1.jpg","keywords":["Premio Banc Sabadell","Samuel Sanchez"],"articleSection":["Not\u00edcies institucionals"],"inLanguage":"ca"},{"@type":"WebPage","@id":"https:\/\/ibecbarcelona.eu\/ca\/samuel-sanchez-gana-el-premio-banc-de-sabadell-a-las-ciencias-y-la-ingenieria\/","url":"https:\/\/ibecbarcelona.eu\/ca\/samuel-sanchez-gana-el-premio-banc-de-sabadell-a-las-ciencias-y-la-ingenieria\/","name":"Samuel S\u00e1nchez guanya el premi Banc de Sabadell a les Ci\u00e8ncies i l'Enginyeria - Institute for Bioengineering of Catalonia","isPartOf":{"@id":"https:\/\/ibecbarcelona.eu\/#website"},"primaryImageOfPage":{"@id":"https:\/\/ibecbarcelona.eu\/ca\/samuel-sanchez-gana-el-premio-banc-de-sabadell-a-las-ciencias-y-la-ingenieria\/#primaryimage"},"image":{"@id":"https:\/\/ibecbarcelona.eu\/ca\/samuel-sanchez-gana-el-premio-banc-de-sabadell-a-las-ciencias-y-la-ingenieria\/#primaryimage"},"thumbnailUrl":"https:\/\/ibecbarcelona.eu\/wp-content\/uploads\/2022\/07\/ssanchez_premiosabadell_tw-1024x400-1.jpg","datePublished":"2022-06-22T16:03:38+00:00","dateModified":"2022-07-15T12:52:51+00:00","breadcrumb":{"@id":"https:\/\/ibecbarcelona.eu\/ca\/samuel-sanchez-gana-el-premio-banc-de-sabadell-a-las-ciencias-y-la-ingenieria\/#breadcrumb"},"inLanguage":"ca","potentialAction":[{"@type":"ReadAction","target":["https:\/\/ibecbarcelona.eu\/ca\/samuel-sanchez-gana-el-premio-banc-de-sabadell-a-las-ciencias-y-la-ingenieria\/"]}]},{"@type":"ImageObject","inLanguage":"ca","@id":"https:\/\/ibecbarcelona.eu\/ca\/samuel-sanchez-gana-el-premio-banc-de-sabadell-a-las-ciencias-y-la-ingenieria\/#primaryimage","url":"https:\/\/ibecbarcelona.eu\/wp-content\/uploads\/2022\/07\/ssanchez_premiosabadell_tw-1024x400-1.jpg","contentUrl":"https:\/\/ibecbarcelona.eu\/wp-content\/uploads\/2022\/07\/ssanchez_premiosabadell_tw-1024x400-1.jpg","width":1024,"height":400},{"@type":"BreadcrumbList","@id":"https:\/\/ibecbarcelona.eu\/ca\/samuel-sanchez-gana-el-premio-banc-de-sabadell-a-las-ciencias-y-la-ingenieria\/#breadcrumb","itemListElement":[{"@type":"ListItem","position":1,"name":"Home","item":"https:\/\/ibecbarcelona.eu\/ca\/"},{"@type":"ListItem","position":2,"name":"Samuel S\u00e1nchez guanya el premi Banc de Sabadell a les Ci\u00e8ncies i l&#8217;Enginyeria"}]},{"@type":"WebSite","@id":"https:\/\/ibecbarcelona.eu\/#website","url":"https:\/\/ibecbarcelona.eu\/","name":"Institute for Bioengineering of Catalonia","description":"Bioengineering Solutions for Health","publisher":{"@id":"https:\/\/ibecbarcelona.eu\/#organization"},"potentialAction":[{"@type":"SearchAction","target":{"@type":"EntryPoint","urlTemplate":"https:\/\/ibecbarcelona.eu\/?s={search_term_string}"},"query-input":{"@type":"PropertyValueSpecification","valueRequired":true,"valueName":"search_term_string"}}],"inLanguage":"ca"},{"@type":"Organization","@id":"https:\/\/ibecbarcelona.eu\/#organization","name":"Institute for Bioengineering of Catalonia","url":"https:\/\/ibecbarcelona.eu\/","logo":{"@type":"ImageObject","inLanguage":"ca","@id":"https:\/\/ibecbarcelona.eu\/#\/schema\/logo\/image\/","url":"https:\/\/ibecbarcelona.eu\/wp-content\/uploads\/2026\/01\/cropped-IBEC_20ANYS_GRIS.png","contentUrl":"https:\/\/ibecbarcelona.eu\/wp-content\/uploads\/2026\/01\/cropped-IBEC_20ANYS_GRIS.png","width":696,"height":257,"caption":"Institute for Bioengineering of Catalonia"},"image":{"@id":"https:\/\/ibecbarcelona.eu\/#\/schema\/logo\/image\/"}},{"@type":"Person","@id":"https:\/\/ibecbarcelona.eu\/#\/schema\/person\/c212c6b589546130be67986b9290e2b8","name":"\u00c0ngels L\u00f3pez","image":{"@type":"ImageObject","inLanguage":"ca","@id":"https:\/\/secure.gravatar.com\/avatar\/09ad6ba116bea0b15c5511860f83b302579fd7404c1180e9dae55c3f11d988c6?s=96&d=mm&r=g","url":"https:\/\/secure.gravatar.com\/avatar\/09ad6ba116bea0b15c5511860f83b302579fd7404c1180e9dae55c3f11d988c6?s=96&d=mm&r=g","contentUrl":"https:\/\/secure.gravatar.com\/avatar\/09ad6ba116bea0b15c5511860f83b302579fd7404c1180e9dae55c3f11d988c6?s=96&d=mm&r=g","caption":"\u00c0ngels L\u00f3pez"},"url":"https:\/\/ibecbarcelona.eu\/ca\/author\/alopez\/"}]}},"AFP_featured_media_urls":{"full":["https:\/\/ibecbarcelona.eu\/wp-content\/uploads\/2022\/07\/ssanchez_premiosabadell_tw-1024x400-1.jpg",1024,400,false],"thumbnail":["https:\/\/ibecbarcelona.eu\/wp-content\/uploads\/2022\/07\/ssanchez_premiosabadell_tw-1024x400-1-150x150.jpg",150,150,true],"medium":["https:\/\/ibecbarcelona.eu\/wp-content\/uploads\/2022\/07\/ssanchez_premiosabadell_tw-1024x400-1-300x117.jpg",300,117,true],"medium_large":["https:\/\/ibecbarcelona.eu\/wp-content\/uploads\/2022\/07\/ssanchez_premiosabadell_tw-1024x400-1-768x300.jpg",768,300,true],"large":["https:\/\/ibecbarcelona.eu\/wp-content\/uploads\/2022\/07\/ssanchez_premiosabadell_tw-1024x400-1.jpg",1024,400,false]},"AFP_attachments":[],"AFP_videos":[],"AFP_video_blocks":"","AFP_category_names":["Not\u00edcies institucionals"],"_links":{"self":[{"href":"https:\/\/ibecbarcelona.eu\/ca\/wp-json\/wp\/v2\/posts\/92459","targetHints":{"allow":["GET"]}}],"collection":[{"href":"https:\/\/ibecbarcelona.eu\/ca\/wp-json\/wp\/v2\/posts"}],"about":[{"href":"https:\/\/ibecbarcelona.eu\/ca\/wp-json\/wp\/v2\/types\/post"}],"author":[{"embeddable":true,"href":"https:\/\/ibecbarcelona.eu\/ca\/wp-json\/wp\/v2\/users\/4"}],"replies":[{"embeddable":true,"href":"https:\/\/ibecbarcelona.eu\/ca\/wp-json\/wp\/v2\/comments?post=92459"}],"version-history":[{"count":1,"href":"https:\/\/ibecbarcelona.eu\/ca\/wp-json\/wp\/v2\/posts\/92459\/revisions"}],"predecessor-version":[{"id":95447,"href":"https:\/\/ibecbarcelona.eu\/ca\/wp-json\/wp\/v2\/posts\/92459\/revisions\/95447"}],"wp:featuredmedia":[{"embeddable":true,"href":"https:\/\/ibecbarcelona.eu\/ca\/wp-json\/wp\/v2\/media\/95443"}],"wp:attachment":[{"href":"https:\/\/ibecbarcelona.eu\/ca\/wp-json\/wp\/v2\/media?parent=92459"}],"wp:term":[{"taxonomy":"category","embeddable":true,"href":"https:\/\/ibecbarcelona.eu\/ca\/wp-json\/wp\/v2\/categories?post=92459"},{"taxonomy":"post_tag","embeddable":true,"href":"https:\/\/ibecbarcelona.eu\/ca\/wp-json\/wp\/v2\/tags?post=92459"},{"taxonomy":"post_format","embeddable":true,"href":"https:\/\/ibecbarcelona.eu\/ca\/wp-json\/wp\/v2\/post_formats?post=92459"}],"curies":[{"name":"wp","href":"https:\/\/api.w.org\/{rel}","templated":true}]}}