
{"id":94939,"date":"2022-07-01T14:56:21","date_gmt":"2022-07-01T12:56:21","guid":{"rendered":"https:\/\/ibecbarcelona.eu\/el-plan-complementario-de-biotecnologia-aplicada-a-la-salud-lanza-la-convocatoria-de-ayudas-a-proyectos-colaborativos-en-cataluna\/"},"modified":"2026-02-27T12:06:20","modified_gmt":"2026-02-27T11:06:20","slug":"el-plan-complementario-de-biotecnologia-aplicada-a-la-salud-lanza-la-convocatoria-de-ayudas-a-proyectos-colaborativos-en-cataluna","status":"publish","type":"post","link":"https:\/\/ibecbarcelona.eu\/ca\/convocatoria-de-ayudas-a-proyectos-colaborativos-en-cataluna\/","title":{"rendered":"El Pla Complementari de Biotecnologia aplicada a la Salut llan\u00e7a la convocat\u00f2ria\u202fd&#8217;ajuts\u202fa Projectes Col\u00b7laboratius a Catalunya"},"content":{"rendered":"\n<figure class=\"wp-block-image is-style-default\"><img decoding=\"async\" data-src=\"http:\/\/ibecbarcelona.eu\/wp-content\/uploads\/2022\/07\/ppccsalud_principal_TW-card.jpg\" alt=\"\" class=\"wp-image-92539 lazyload\" src=\"data:image\/svg+xml;base64,PHN2ZyB3aWR0aD0iMSIgaGVpZ2h0PSIxIiB4bWxucz0iaHR0cDovL3d3dy53My5vcmcvMjAwMC9zdmciPjwvc3ZnPg==\" \/><\/figure>\n\n\n\n<p><b><span data-contrast=\"auto\">Tipus de projectes:<\/span><\/b><span data-ccp-props=\"{&quot;201341983&quot;:0,&quot;335551550&quot;:6,&quot;335551620&quot;:6,&quot;335559739&quot;:160,&quot;335559740&quot;:360}\">&nbsp;<\/span><\/p>\n\n\n\n<p><span data-contrast=\"auto\">Es finan\u00e7aran dues modalitats; projectes entre 2 entitats (A) i projectes entre 3 o m\u00e9s entitats (B). Participaci\u00f3 m\u00ednima: una instituci\u00f3 de recerca b\u00e0sica i una instituci\u00f3 de recerca sanit\u00e0ria (ambdues catalanes), i col\u00b7laboraci\u00f3 d&#8217;una altra comunitat aut\u00f2noma participant al Pla Complementari de Biotecnologia.<\/span><span data-ccp-props=\"{&quot;201341983&quot;:0,&quot;335551550&quot;:6,&quot;335551620&quot;:6,&quot;335559739&quot;:160,&quot;335559740&quot;:360}\">&nbsp;<\/span><\/p>\n\n\n\n<p><b><span data-contrast=\"auto\">Beneficiaris:<\/span><\/b><span data-ccp-props=\"{&quot;201341983&quot;:0,&quot;335551550&quot;:6,&quot;335551620&quot;:6,&quot;335559739&quot;:160,&quot;335559740&quot;:360}\">&nbsp;<\/span><\/p>\n\n\n\n<p><span data-contrast=\"auto\">Entitats catalanes, p\u00fabliques o privades, sense \u00e0nim de lucre amb capacitat i compet\u00e8ncia demostrada per fer activitats de recerca cient\u00edfica i t\u00e8cnica enfocades a la medicina personalitzada.<\/span><span data-ccp-props=\"{&quot;201341983&quot;:0,&quot;335551550&quot;:6,&quot;335551620&quot;:6,&quot;335559739&quot;:160,&quot;335559740&quot;:360}\">&nbsp;<\/span><\/p>\n\n\n\n<p><b><span data-contrast=\"auto\">Finan\u00e7ament:<\/span><\/b><span data-ccp-props=\"{&quot;201341983&quot;:0,&quot;335551550&quot;:6,&quot;335551620&quot;:6,&quot;335559739&quot;:160,&quot;335559740&quot;:360}\">&nbsp;<\/span><\/p>\n\n\n\n<p><span data-contrast=\"auto\">La quantia total m\u00e0xima dels ajuts ascendeix a 3.573.000 \u20ac, destinats a finan\u00e7ar despeses de personal i altres despeses relacionades amb els objectius del projecte. Aquest import \u00e9s finan\u00e7at pel Mecanisme de Recuperaci\u00f3 i Resili\u00e8ncia de la Uni\u00f3 Europea i la Comunitat Aut\u00f2noma de Catalunya.<\/span><span data-ccp-props=\"{&quot;201341983&quot;:0,&quot;335551550&quot;:6,&quot;335551620&quot;:6,&quot;335559739&quot;:160,&quot;335559740&quot;:360}\">&nbsp;<\/span><\/p>\n\n\n\n<p><b><span data-contrast=\"auto\">Modalitat:<\/span><\/b><span data-ccp-props=\"{&quot;201341983&quot;:0,&quot;335551550&quot;:6,&quot;335551620&quot;:6,&quot;335559739&quot;:160,&quot;335559740&quot;:360}\">&nbsp;<\/span><\/p>\n\n\n\n<p><span data-contrast=\"auto\">Els ajuts es concediran com a subvenci\u00f3, sota la modalitat de concurr\u00e8ncia competitiva.<\/span><span data-ccp-props=\"{&quot;201341983&quot;:0,&quot;335551550&quot;:6,&quot;335551620&quot;:6,&quot;335559739&quot;:160,&quot;335559740&quot;:360}\">&nbsp;<\/span><\/p>\n\n\n\n<p><b><span data-contrast=\"auto\">Termini de presentaci\u00f3 de sol\u00b7licituds:<\/span><\/b><span data-ccp-props=\"{&quot;201341983&quot;:0,&quot;335551550&quot;:6,&quot;335551620&quot;:6,&quot;335559739&quot;:160,&quot;335559740&quot;:360}\">&nbsp;<\/span><\/p>\n\n\n\n<p><span data-contrast=\"auto\">Des de l&#8217;1 de juliol del 2022 al 15 de setembre del 2022 a les 17:00 hores (hora peninsular espanyola).<\/span><span data-ccp-props=\"{&quot;201341983&quot;:0,&quot;335551550&quot;:6,&quot;335551620&quot;:6,&quot;335559739&quot;:160,&quot;335559740&quot;:360}\">&nbsp;<\/span><\/p>\n\n\n\n<p><b><span data-contrast=\"auto\">Bases de la convocat\u00f2ria Plans Col\u00b7laboratius a Catalunya:<\/span><\/b><span data-ccp-props=\"{&quot;201341983&quot;:0,&quot;335551550&quot;:6,&quot;335551620&quot;:6,&quot;335559739&quot;:160,&quot;335559740&quot;:360}\">&nbsp;<\/span><\/p>\n\n\n\n<p><span data-contrast=\"none\"><a href=\"http:\/\/ibecbarcelona.eu\/wp-content\/uploads\/2022\/07\/Bases-convo-Proy.-Colaborativos-v2-05072022.pdf\" target=\"_blank\" rel=\"noreferrer noopener\">Bases convocatoria\u202f&nbsp;<\/a><\/span><\/p>\n\n\n\n<p><span data-contrast=\"none\">M\u00e9s informaci\u00f3 sobre\u202f<\/span><a href=\"https:\/\/planescomplementariossalud.es\/\"><span data-contrast=\"none\">Plans Complementaris en Biotecnologia aplicada a la Salu<\/span><\/a><span data-contrast=\"auto\">t<\/span><span data-ccp-props=\"{&quot;201341983&quot;:0,&quot;335551550&quot;:6,&quot;335551620&quot;:6,&quot;335559739&quot;:160,&quot;335559740&quot;:360}\">&nbsp;<\/span><\/p>\n\n\n\n<p class=\"has-text-align-center\"><a class=\"button-ibec\" href=\"https:\/\/careers.ibecbarcelona.eu\/\" target=\"_blank\" rel=\"noopener\">Aplicar<\/a><\/p>\n\n\n\n<p><span class=\"TextRun SCXW5507082 BCX8\" lang=\"CA-ES\" xml:lang=\"CA-ES\" data-contrast=\"none\"><span class=\"NormalTextRun SCXW5507082 BCX8\">El Pla Complementari en Biotecnologia aplicada a la Salut est\u00e0\u202fcofinan\u00e7at\u202fpel Ministeri de Ci\u00e8ncia i Innovaci\u00f3 amb fons de la Uni\u00f3 Europea NextGenerationEU (PRTR-C17.I1)&nbsp;<\/span><br><span class=\"SCXW5507082 BCX8\">&nbsp;<\/span><br><span class=\"NormalTextRun SCXW5507082 BCX8\">Est\u00e0 cogovernat i cofinan\u00e7at per les administracions de les comunitats aut\u00f2nomes del Pa\u00eds Basc, Catalunya, Gal\u00edcia, Castella-la Manxa, Extremadura, Andalusia i Arag\u00f3 i busca desenvolupar eines per al diagn\u00f2stic, el pron\u00f2stic i les ter\u00e0pies avan\u00e7ades en medicina personalitzada, amb l&#8217;objectiu de fer front a reptes de salut com el c\u00e0ncer, les malalties associades a l&#8217;envelliment, les malalties infeccioses i les malalties minorit\u00e0ries.&nbsp;<\/span><br><span class=\"SCXW5507082 BCX8\">&nbsp;<\/span><br><span class=\"NormalTextRun SCXW5507082 BCX8\">Amb un pressupost de 37 milions d&#8217;euros, i coordinat per l&#8217;Institut de Bioenginyeria de Catalunya (IBEC), aquest Pla Complementari, representa la col\u00b7laboraci\u00f3 interregional de medicina personalitzada m\u00e9s gran. A m\u00e9s a m\u00e9s, aquest consorci de recerca biotecnol\u00f2gica en salut \u00e9s un dels m\u00e9s grans de la hist\u00f2ria d&#8217;Espanya i m\u00e9s ben dotat econ\u00f2micament.<\/span>&nbsp;<\/span><\/p>\n\n\n\n<figure class=\"wp-block-image\"><img decoding=\"async\" width=\"1015\" height=\"54\" data-src=\"https:\/\/ibecbarcelona.eu\/wp-content\/uploads\/2025\/11\/Unknown.png\" alt=\"\" class=\"wp-image-132262 lazyload\" data-srcset=\"https:\/\/ibecbarcelona.eu\/wp-content\/uploads\/2025\/11\/Unknown.png 1015w, https:\/\/ibecbarcelona.eu\/wp-content\/uploads\/2025\/11\/Unknown-300x16.png 300w, https:\/\/ibecbarcelona.eu\/wp-content\/uploads\/2025\/11\/Unknown-768x41.png 768w\" data-sizes=\"(max-width: 1015px) 100vw, 1015px\" src=\"data:image\/svg+xml;base64,PHN2ZyB3aWR0aD0iMSIgaGVpZ2h0PSIxIiB4bWxucz0iaHR0cDovL3d3dy53My5vcmcvMjAwMC9zdmciPjwvc3ZnPg==\" style=\"--smush-placeholder-width: 1015px; --smush-placeholder-aspect-ratio: 1015\/54;\" \/><\/figure>\n\n\n\n<p>El Pla Complementari de Biotecnologia Aplicada a la Salut ha estat cofinan\u00e7at pel Ministeri de Ci\u00e8ncia, Innovaci\u00f3 i Universitats amb fons de la Uni\u00f3 Europea NextGenerationEU, dins del Pla de Recuperaci\u00f3, Transformaci\u00f3 i Resili\u00e8ncia (PRTR\u2011C17.I1).<\/p>\n","protected":false},"excerpt":{"rendered":"<p><H3>La convocat\u00f2ria d&#8217;ajuts a projectes col\u00b7laboratius a Catalunya obre el termini d&#8217;aplicacions avui i es mantindr\u00e0 obert fins al 15 de setembre. Aquests ajuts tenen com a objectiu impulsar activitats de recerca cient\u00edfica i t\u00e8cnica enfocades a la medicina personalitzada que contribueixin a la consecuci\u00f3 dels objectius del Pla Complementari de Biotecnologia a Catalunya. <\/H3><\/p>\n","protected":false},"author":4,"featured_media":98321,"comment_status":"closed","ping_status":"closed","sticky":false,"template":"","format":"standard","meta":{"footnotes":""},"categories":[98],"tags":[],"post_formats":[],"class_list":["post-94939","post","type-post","status-publish","format-standard","has-post-thumbnail","hentry","category-noticies-institucionals"],"yoast_head":"<!-- This site is optimized with the Yoast SEO plugin v27.5 - https:\/\/yoast.com\/product\/yoast-seo-wordpress\/ -->\n<title>El Pla Complementari de Biotecnologia aplicada a la Salut llan\u00e7a la convocat\u00f2ria\u202fd&#039;ajuts\u202fa Projectes Col\u00b7laboratius a Catalunya - Institute for Bioengineering of Catalonia<\/title>\n<meta name=\"robots\" content=\"index, follow, max-snippet:-1, max-image-preview:large, max-video-preview:-1\" \/>\n<link rel=\"canonical\" href=\"https:\/\/ibecbarcelona.eu\/ca\/convocatoria-de-ayudas-a-proyectos-colaborativos-en-cataluna\/\" \/>\n<meta property=\"og:locale\" content=\"ca_ES\" \/>\n<meta property=\"og:type\" content=\"article\" \/>\n<meta property=\"og:title\" content=\"El Pla Complementari de Biotecnologia aplicada a la Salut llan\u00e7a la convocat\u00f2ria\u202fd&#039;ajuts\u202fa Projectes Col\u00b7laboratius a Catalunya - Institute for Bioengineering of Catalonia\" \/>\n<meta property=\"og:description\" content=\"La convocat\u00f2ria d&#039;ajuts a projectes col\u00b7laboratius a Catalunya obre el termini d&#039;aplicacions avui i es mantindr\u00e0 obert fins al 15 de setembre. Aquests ajuts tenen com a objectiu impulsar activitats de recerca cient\u00edfica i t\u00e8cnica enfocades a la medicina personalitzada que contribueixin a la consecuci\u00f3 dels objectius del Pla Complementari de Biotecnologia a Catalunya.\" \/>\n<meta property=\"og:url\" content=\"https:\/\/ibecbarcelona.eu\/ca\/convocatoria-de-ayudas-a-proyectos-colaborativos-en-cataluna\/\" \/>\n<meta property=\"og:site_name\" content=\"Institute for Bioengineering of Catalonia\" \/>\n<meta property=\"article:published_time\" content=\"2022-07-01T12:56:21+00:00\" \/>\n<meta property=\"article:modified_time\" content=\"2026-02-27T11:06:20+00:00\" \/>\n<meta property=\"og:image\" content=\"https:\/\/ibecbarcelona.eu\/wp-content\/uploads\/2022\/07\/ppccsalud_principal_TW-card.jpeg\" \/>\n\t<meta property=\"og:image:width\" content=\"445\" \/>\n\t<meta property=\"og:image:height\" content=\"205\" \/>\n\t<meta property=\"og:image:type\" content=\"image\/jpeg\" \/>\n<meta name=\"author\" content=\"\u00c0ngels L\u00f3pez\" \/>\n<meta name=\"twitter:card\" content=\"summary_large_image\" \/>\n<meta name=\"twitter:label1\" content=\"Escrit per\" \/>\n\t<meta name=\"twitter:data1\" content=\"\u00c0ngels L\u00f3pez\" \/>\n\t<meta name=\"twitter:label2\" content=\"Temps estimat de lectura\" \/>\n\t<meta name=\"twitter:data2\" content=\"3 minuts\" \/>\n<script type=\"application\/ld+json\" class=\"yoast-schema-graph\">{\"@context\":\"https:\\\/\\\/schema.org\",\"@graph\":[{\"@type\":\"Article\",\"@id\":\"https:\\\/\\\/ibecbarcelona.eu\\\/ca\\\/convocatoria-de-ayudas-a-proyectos-colaborativos-en-cataluna\\\/#article\",\"isPartOf\":{\"@id\":\"https:\\\/\\\/ibecbarcelona.eu\\\/ca\\\/convocatoria-de-ayudas-a-proyectos-colaborativos-en-cataluna\\\/\"},\"author\":{\"name\":\"\u00c0ngels L\u00f3pez\",\"@id\":\"https:\\\/\\\/ibecbarcelona.eu\\\/#\\\/schema\\\/person\\\/c212c6b589546130be67986b9290e2b8\"},\"headline\":\"El Pla Complementari de Biotecnologia aplicada a la Salut llan\u00e7a la convocat\u00f2ria\u202fd&#8217;ajuts\u202fa Projectes Col\u00b7laboratius a Catalunya\",\"datePublished\":\"2022-07-01T12:56:21+00:00\",\"dateModified\":\"2026-02-27T11:06:20+00:00\",\"mainEntityOfPage\":{\"@id\":\"https:\\\/\\\/ibecbarcelona.eu\\\/ca\\\/convocatoria-de-ayudas-a-proyectos-colaborativos-en-cataluna\\\/\"},\"wordCount\":437,\"publisher\":{\"@id\":\"https:\\\/\\\/ibecbarcelona.eu\\\/#organization\"},\"image\":{\"@id\":\"https:\\\/\\\/ibecbarcelona.eu\\\/ca\\\/convocatoria-de-ayudas-a-proyectos-colaborativos-en-cataluna\\\/#primaryimage\"},\"thumbnailUrl\":\"https:\\\/\\\/ibecbarcelona.eu\\\/wp-content\\\/uploads\\\/2022\\\/07\\\/ppccsalud_principal_TW-card.jpeg\",\"articleSection\":[\"Not\u00edcies institucionals\"],\"inLanguage\":\"ca\"},{\"@type\":\"WebPage\",\"@id\":\"https:\\\/\\\/ibecbarcelona.eu\\\/ca\\\/convocatoria-de-ayudas-a-proyectos-colaborativos-en-cataluna\\\/\",\"url\":\"https:\\\/\\\/ibecbarcelona.eu\\\/ca\\\/convocatoria-de-ayudas-a-proyectos-colaborativos-en-cataluna\\\/\",\"name\":\"El Pla Complementari de Biotecnologia aplicada a la Salut llan\u00e7a la convocat\u00f2ria\u202fd'ajuts\u202fa Projectes Col\u00b7laboratius a Catalunya - Institute for Bioengineering of Catalonia\",\"isPartOf\":{\"@id\":\"https:\\\/\\\/ibecbarcelona.eu\\\/#website\"},\"primaryImageOfPage\":{\"@id\":\"https:\\\/\\\/ibecbarcelona.eu\\\/ca\\\/convocatoria-de-ayudas-a-proyectos-colaborativos-en-cataluna\\\/#primaryimage\"},\"image\":{\"@id\":\"https:\\\/\\\/ibecbarcelona.eu\\\/ca\\\/convocatoria-de-ayudas-a-proyectos-colaborativos-en-cataluna\\\/#primaryimage\"},\"thumbnailUrl\":\"https:\\\/\\\/ibecbarcelona.eu\\\/wp-content\\\/uploads\\\/2022\\\/07\\\/ppccsalud_principal_TW-card.jpeg\",\"datePublished\":\"2022-07-01T12:56:21+00:00\",\"dateModified\":\"2026-02-27T11:06:20+00:00\",\"breadcrumb\":{\"@id\":\"https:\\\/\\\/ibecbarcelona.eu\\\/ca\\\/convocatoria-de-ayudas-a-proyectos-colaborativos-en-cataluna\\\/#breadcrumb\"},\"inLanguage\":\"ca\",\"potentialAction\":[{\"@type\":\"ReadAction\",\"target\":[\"https:\\\/\\\/ibecbarcelona.eu\\\/ca\\\/convocatoria-de-ayudas-a-proyectos-colaborativos-en-cataluna\\\/\"]}]},{\"@type\":\"ImageObject\",\"inLanguage\":\"ca\",\"@id\":\"https:\\\/\\\/ibecbarcelona.eu\\\/ca\\\/convocatoria-de-ayudas-a-proyectos-colaborativos-en-cataluna\\\/#primaryimage\",\"url\":\"https:\\\/\\\/ibecbarcelona.eu\\\/wp-content\\\/uploads\\\/2022\\\/07\\\/ppccsalud_principal_TW-card.jpeg\",\"contentUrl\":\"https:\\\/\\\/ibecbarcelona.eu\\\/wp-content\\\/uploads\\\/2022\\\/07\\\/ppccsalud_principal_TW-card.jpeg\",\"width\":445,\"height\":205},{\"@type\":\"BreadcrumbList\",\"@id\":\"https:\\\/\\\/ibecbarcelona.eu\\\/ca\\\/convocatoria-de-ayudas-a-proyectos-colaborativos-en-cataluna\\\/#breadcrumb\",\"itemListElement\":[{\"@type\":\"ListItem\",\"position\":1,\"name\":\"Home\",\"item\":\"https:\\\/\\\/ibecbarcelona.eu\\\/ca\\\/\"},{\"@type\":\"ListItem\",\"position\":2,\"name\":\"El Pla Complementari de Biotecnologia aplicada a la Salut llan\u00e7a la convocat\u00f2ria\u202fd&#8217;ajuts\u202fa Projectes Col\u00b7laboratius a Catalunya\"}]},{\"@type\":\"WebSite\",\"@id\":\"https:\\\/\\\/ibecbarcelona.eu\\\/#website\",\"url\":\"https:\\\/\\\/ibecbarcelona.eu\\\/\",\"name\":\"Institute for Bioengineering of Catalonia\",\"description\":\"Bioengineering Solutions for Health\",\"publisher\":{\"@id\":\"https:\\\/\\\/ibecbarcelona.eu\\\/#organization\"},\"potentialAction\":[{\"@type\":\"SearchAction\",\"target\":{\"@type\":\"EntryPoint\",\"urlTemplate\":\"https:\\\/\\\/ibecbarcelona.eu\\\/?s={search_term_string}\"},\"query-input\":{\"@type\":\"PropertyValueSpecification\",\"valueRequired\":true,\"valueName\":\"search_term_string\"}}],\"inLanguage\":\"ca\"},{\"@type\":\"Organization\",\"@id\":\"https:\\\/\\\/ibecbarcelona.eu\\\/#organization\",\"name\":\"Institute for Bioengineering of Catalonia\",\"url\":\"https:\\\/\\\/ibecbarcelona.eu\\\/\",\"logo\":{\"@type\":\"ImageObject\",\"inLanguage\":\"ca\",\"@id\":\"https:\\\/\\\/ibecbarcelona.eu\\\/#\\\/schema\\\/logo\\\/image\\\/\",\"url\":\"https:\\\/\\\/ibecbarcelona.eu\\\/wp-content\\\/uploads\\\/2026\\\/01\\\/cropped-IBEC_20ANYS_GRIS.png\",\"contentUrl\":\"https:\\\/\\\/ibecbarcelona.eu\\\/wp-content\\\/uploads\\\/2026\\\/01\\\/cropped-IBEC_20ANYS_GRIS.png\",\"width\":696,\"height\":257,\"caption\":\"Institute for Bioengineering of Catalonia\"},\"image\":{\"@id\":\"https:\\\/\\\/ibecbarcelona.eu\\\/#\\\/schema\\\/logo\\\/image\\\/\"}},{\"@type\":\"Person\",\"@id\":\"https:\\\/\\\/ibecbarcelona.eu\\\/#\\\/schema\\\/person\\\/c212c6b589546130be67986b9290e2b8\",\"name\":\"\u00c0ngels L\u00f3pez\",\"image\":{\"@type\":\"ImageObject\",\"inLanguage\":\"ca\",\"@id\":\"https:\\\/\\\/secure.gravatar.com\\\/avatar\\\/09ad6ba116bea0b15c5511860f83b302579fd7404c1180e9dae55c3f11d988c6?s=96&d=mm&r=g\",\"url\":\"https:\\\/\\\/secure.gravatar.com\\\/avatar\\\/09ad6ba116bea0b15c5511860f83b302579fd7404c1180e9dae55c3f11d988c6?s=96&d=mm&r=g\",\"contentUrl\":\"https:\\\/\\\/secure.gravatar.com\\\/avatar\\\/09ad6ba116bea0b15c5511860f83b302579fd7404c1180e9dae55c3f11d988c6?s=96&d=mm&r=g\",\"caption\":\"\u00c0ngels L\u00f3pez\"},\"url\":\"https:\\\/\\\/ibecbarcelona.eu\\\/ca\\\/author\\\/alopez\\\/\"}]}<\/script>\n<!-- \/ Yoast SEO plugin. -->","yoast_head_json":{"title":"El Pla Complementari de Biotecnologia aplicada a la Salut llan\u00e7a la convocat\u00f2ria\u202fd'ajuts\u202fa Projectes Col\u00b7laboratius a Catalunya - Institute for Bioengineering of Catalonia","robots":{"index":"index","follow":"follow","max-snippet":"max-snippet:-1","max-image-preview":"max-image-preview:large","max-video-preview":"max-video-preview:-1"},"canonical":"https:\/\/ibecbarcelona.eu\/ca\/convocatoria-de-ayudas-a-proyectos-colaborativos-en-cataluna\/","og_locale":"ca_ES","og_type":"article","og_title":"El Pla Complementari de Biotecnologia aplicada a la Salut llan\u00e7a la convocat\u00f2ria\u202fd'ajuts\u202fa Projectes Col\u00b7laboratius a Catalunya - Institute for Bioengineering of Catalonia","og_description":"La convocat\u00f2ria d'ajuts a projectes col\u00b7laboratius a Catalunya obre el termini d'aplicacions avui i es mantindr\u00e0 obert fins al 15 de setembre. Aquests ajuts tenen com a objectiu impulsar activitats de recerca cient\u00edfica i t\u00e8cnica enfocades a la medicina personalitzada que contribueixin a la consecuci\u00f3 dels objectius del Pla Complementari de Biotecnologia a Catalunya.","og_url":"https:\/\/ibecbarcelona.eu\/ca\/convocatoria-de-ayudas-a-proyectos-colaborativos-en-cataluna\/","og_site_name":"Institute for Bioengineering of Catalonia","article_published_time":"2022-07-01T12:56:21+00:00","article_modified_time":"2026-02-27T11:06:20+00:00","og_image":[{"width":445,"height":205,"url":"https:\/\/ibecbarcelona.eu\/wp-content\/uploads\/2022\/07\/ppccsalud_principal_TW-card.jpeg","type":"image\/jpeg"}],"author":"\u00c0ngels L\u00f3pez","twitter_card":"summary_large_image","twitter_misc":{"Escrit per":"\u00c0ngels L\u00f3pez","Temps estimat de lectura":"3 minuts"},"schema":{"@context":"https:\/\/schema.org","@graph":[{"@type":"Article","@id":"https:\/\/ibecbarcelona.eu\/ca\/convocatoria-de-ayudas-a-proyectos-colaborativos-en-cataluna\/#article","isPartOf":{"@id":"https:\/\/ibecbarcelona.eu\/ca\/convocatoria-de-ayudas-a-proyectos-colaborativos-en-cataluna\/"},"author":{"name":"\u00c0ngels L\u00f3pez","@id":"https:\/\/ibecbarcelona.eu\/#\/schema\/person\/c212c6b589546130be67986b9290e2b8"},"headline":"El Pla Complementari de Biotecnologia aplicada a la Salut llan\u00e7a la convocat\u00f2ria\u202fd&#8217;ajuts\u202fa Projectes Col\u00b7laboratius a Catalunya","datePublished":"2022-07-01T12:56:21+00:00","dateModified":"2026-02-27T11:06:20+00:00","mainEntityOfPage":{"@id":"https:\/\/ibecbarcelona.eu\/ca\/convocatoria-de-ayudas-a-proyectos-colaborativos-en-cataluna\/"},"wordCount":437,"publisher":{"@id":"https:\/\/ibecbarcelona.eu\/#organization"},"image":{"@id":"https:\/\/ibecbarcelona.eu\/ca\/convocatoria-de-ayudas-a-proyectos-colaborativos-en-cataluna\/#primaryimage"},"thumbnailUrl":"https:\/\/ibecbarcelona.eu\/wp-content\/uploads\/2022\/07\/ppccsalud_principal_TW-card.jpeg","articleSection":["Not\u00edcies institucionals"],"inLanguage":"ca"},{"@type":"WebPage","@id":"https:\/\/ibecbarcelona.eu\/ca\/convocatoria-de-ayudas-a-proyectos-colaborativos-en-cataluna\/","url":"https:\/\/ibecbarcelona.eu\/ca\/convocatoria-de-ayudas-a-proyectos-colaborativos-en-cataluna\/","name":"El Pla Complementari de Biotecnologia aplicada a la Salut llan\u00e7a la convocat\u00f2ria\u202fd'ajuts\u202fa Projectes Col\u00b7laboratius a Catalunya - Institute for Bioengineering of Catalonia","isPartOf":{"@id":"https:\/\/ibecbarcelona.eu\/#website"},"primaryImageOfPage":{"@id":"https:\/\/ibecbarcelona.eu\/ca\/convocatoria-de-ayudas-a-proyectos-colaborativos-en-cataluna\/#primaryimage"},"image":{"@id":"https:\/\/ibecbarcelona.eu\/ca\/convocatoria-de-ayudas-a-proyectos-colaborativos-en-cataluna\/#primaryimage"},"thumbnailUrl":"https:\/\/ibecbarcelona.eu\/wp-content\/uploads\/2022\/07\/ppccsalud_principal_TW-card.jpeg","datePublished":"2022-07-01T12:56:21+00:00","dateModified":"2026-02-27T11:06:20+00:00","breadcrumb":{"@id":"https:\/\/ibecbarcelona.eu\/ca\/convocatoria-de-ayudas-a-proyectos-colaborativos-en-cataluna\/#breadcrumb"},"inLanguage":"ca","potentialAction":[{"@type":"ReadAction","target":["https:\/\/ibecbarcelona.eu\/ca\/convocatoria-de-ayudas-a-proyectos-colaborativos-en-cataluna\/"]}]},{"@type":"ImageObject","inLanguage":"ca","@id":"https:\/\/ibecbarcelona.eu\/ca\/convocatoria-de-ayudas-a-proyectos-colaborativos-en-cataluna\/#primaryimage","url":"https:\/\/ibecbarcelona.eu\/wp-content\/uploads\/2022\/07\/ppccsalud_principal_TW-card.jpeg","contentUrl":"https:\/\/ibecbarcelona.eu\/wp-content\/uploads\/2022\/07\/ppccsalud_principal_TW-card.jpeg","width":445,"height":205},{"@type":"BreadcrumbList","@id":"https:\/\/ibecbarcelona.eu\/ca\/convocatoria-de-ayudas-a-proyectos-colaborativos-en-cataluna\/#breadcrumb","itemListElement":[{"@type":"ListItem","position":1,"name":"Home","item":"https:\/\/ibecbarcelona.eu\/ca\/"},{"@type":"ListItem","position":2,"name":"El Pla Complementari de Biotecnologia aplicada a la Salut llan\u00e7a la convocat\u00f2ria\u202fd&#8217;ajuts\u202fa Projectes Col\u00b7laboratius a Catalunya"}]},{"@type":"WebSite","@id":"https:\/\/ibecbarcelona.eu\/#website","url":"https:\/\/ibecbarcelona.eu\/","name":"Institute for Bioengineering of Catalonia","description":"Bioengineering Solutions for Health","publisher":{"@id":"https:\/\/ibecbarcelona.eu\/#organization"},"potentialAction":[{"@type":"SearchAction","target":{"@type":"EntryPoint","urlTemplate":"https:\/\/ibecbarcelona.eu\/?s={search_term_string}"},"query-input":{"@type":"PropertyValueSpecification","valueRequired":true,"valueName":"search_term_string"}}],"inLanguage":"ca"},{"@type":"Organization","@id":"https:\/\/ibecbarcelona.eu\/#organization","name":"Institute for Bioengineering of Catalonia","url":"https:\/\/ibecbarcelona.eu\/","logo":{"@type":"ImageObject","inLanguage":"ca","@id":"https:\/\/ibecbarcelona.eu\/#\/schema\/logo\/image\/","url":"https:\/\/ibecbarcelona.eu\/wp-content\/uploads\/2026\/01\/cropped-IBEC_20ANYS_GRIS.png","contentUrl":"https:\/\/ibecbarcelona.eu\/wp-content\/uploads\/2026\/01\/cropped-IBEC_20ANYS_GRIS.png","width":696,"height":257,"caption":"Institute for Bioengineering of Catalonia"},"image":{"@id":"https:\/\/ibecbarcelona.eu\/#\/schema\/logo\/image\/"}},{"@type":"Person","@id":"https:\/\/ibecbarcelona.eu\/#\/schema\/person\/c212c6b589546130be67986b9290e2b8","name":"\u00c0ngels L\u00f3pez","image":{"@type":"ImageObject","inLanguage":"ca","@id":"https:\/\/secure.gravatar.com\/avatar\/09ad6ba116bea0b15c5511860f83b302579fd7404c1180e9dae55c3f11d988c6?s=96&d=mm&r=g","url":"https:\/\/secure.gravatar.com\/avatar\/09ad6ba116bea0b15c5511860f83b302579fd7404c1180e9dae55c3f11d988c6?s=96&d=mm&r=g","contentUrl":"https:\/\/secure.gravatar.com\/avatar\/09ad6ba116bea0b15c5511860f83b302579fd7404c1180e9dae55c3f11d988c6?s=96&d=mm&r=g","caption":"\u00c0ngels L\u00f3pez"},"url":"https:\/\/ibecbarcelona.eu\/ca\/author\/alopez\/"}]}},"AFP_featured_media_urls":{"full":["https:\/\/ibecbarcelona.eu\/wp-content\/uploads\/2022\/07\/ppccsalud_principal_TW-card.jpeg",445,205,false],"thumbnail":["https:\/\/ibecbarcelona.eu\/wp-content\/uploads\/2022\/07\/ppccsalud_principal_TW-card-150x150.jpeg",150,150,true],"medium":["https:\/\/ibecbarcelona.eu\/wp-content\/uploads\/2022\/07\/ppccsalud_principal_TW-card-300x138.jpeg",300,138,true],"medium_large":["https:\/\/ibecbarcelona.eu\/wp-content\/uploads\/2022\/07\/ppccsalud_principal_TW-card.jpeg",445,205,false],"large":["https:\/\/ibecbarcelona.eu\/wp-content\/uploads\/2022\/07\/ppccsalud_principal_TW-card.jpeg",445,205,false]},"AFP_attachments":{"full":["https:\/\/ibecbarcelona.eu\/wp-content\/uploads\/2022\/07\/ppccsalud_principal_TW-card.jpeg",445,205,false],"thumbnail":["https:\/\/ibecbarcelona.eu\/wp-content\/uploads\/2022\/07\/ppccsalud_principal_TW-card-150x150.jpeg",150,150,true],"medium":["https:\/\/ibecbarcelona.eu\/wp-content\/uploads\/2022\/07\/ppccsalud_principal_TW-card-300x138.jpeg",300,138,true],"medium_large":["https:\/\/ibecbarcelona.eu\/wp-content\/uploads\/2022\/07\/ppccsalud_principal_TW-card.jpeg",445,205,false],"large":["https:\/\/ibecbarcelona.eu\/wp-content\/uploads\/2022\/07\/ppccsalud_principal_TW-card.jpeg",445,205,false]},"AFP_videos":[],"AFP_video_blocks":"","AFP_category_names":["Not\u00edcies institucionals"],"_links":{"self":[{"href":"https:\/\/ibecbarcelona.eu\/ca\/wp-json\/wp\/v2\/posts\/94939","targetHints":{"allow":["GET"]}}],"collection":[{"href":"https:\/\/ibecbarcelona.eu\/ca\/wp-json\/wp\/v2\/posts"}],"about":[{"href":"https:\/\/ibecbarcelona.eu\/ca\/wp-json\/wp\/v2\/types\/post"}],"author":[{"embeddable":true,"href":"https:\/\/ibecbarcelona.eu\/ca\/wp-json\/wp\/v2\/users\/4"}],"replies":[{"embeddable":true,"href":"https:\/\/ibecbarcelona.eu\/ca\/wp-json\/wp\/v2\/comments?post=94939"}],"version-history":[{"count":4,"href":"https:\/\/ibecbarcelona.eu\/ca\/wp-json\/wp\/v2\/posts\/94939\/revisions"}],"predecessor-version":[{"id":132283,"href":"https:\/\/ibecbarcelona.eu\/ca\/wp-json\/wp\/v2\/posts\/94939\/revisions\/132283"}],"wp:featuredmedia":[{"embeddable":true,"href":"https:\/\/ibecbarcelona.eu\/ca\/wp-json\/wp\/v2\/media\/98321"}],"wp:attachment":[{"href":"https:\/\/ibecbarcelona.eu\/ca\/wp-json\/wp\/v2\/media?parent=94939"}],"wp:term":[{"taxonomy":"category","embeddable":true,"href":"https:\/\/ibecbarcelona.eu\/ca\/wp-json\/wp\/v2\/categories?post=94939"},{"taxonomy":"post_tag","embeddable":true,"href":"https:\/\/ibecbarcelona.eu\/ca\/wp-json\/wp\/v2\/tags?post=94939"},{"taxonomy":"post_format","embeddable":true,"href":"https:\/\/ibecbarcelona.eu\/ca\/wp-json\/wp\/v2\/post_formats?post=94939"}],"curies":[{"name":"wp","href":"https:\/\/api.w.org\/{rel}","templated":true}]}}