
{"id":9646,"date":"2014-11-26T18:03:34","date_gmt":"2014-11-26T18:03:34","guid":{"rendered":"http:\/\/ibecbarcelona.eu\/new\/?p=9646"},"modified":"2015-01-16T09:29:21","modified_gmt":"2015-01-16T09:29:21","slug":"segon-dia-de-networking-i-innovacio-al-pcb","status":"publish","type":"post","link":"https:\/\/ibecbarcelona.eu\/ca\/segon-dia-de-networking-i-innovacio-al-pcb\/","title":{"rendered":"Segon Dia de Networking i Innovaci\u00f3 al PCB"},"content":{"rendered":"<p>Organitzat per la Universitat de Barcelona (UB), el PCB, la Fundaci\u00f3 Bosch i Gimpera i els Centres Cient\u00edfics i Tecnol\u00f2gics de la Universitat de Barcelona (CCTiUB), la primera edici\u00f3 del NID va tenir m\u00e9s de 200 participants de 160 organitzacions diferents.<\/p>\n<p>El director del IBEC, Josep Samitier, participar\u00e0 en una de les dues taules rodones del esdeveniment, &#8220;La internacionalitzaci\u00f3 de la recerca i la innovaci\u00f3 de sistemes&#8221;, i contribueix a la sessi\u00f3 com el coordinador de la candidatura catalana per al projecte Europeu en l&#8217;\u00e0mbit de les Comunitats del Coneixement i la Innovaci\u00f3 (CCI) en la vida saludable i l&#8217;envelliment actiu, Innolife.<\/p>\n<p>L&#8217;esdeveniment ser\u00e0 inaugurat per D\u00eddac Ram\u00edrez, rector de la UB; Antoni Castell\u00e0, secretari d\u2019Universitats i Recerca del Departament d&#8217;Economia i Coneixement de la Generalitat de Catalunya, Salvador Alemany, president de la junta directora de la UB; In\u00e9s Garriga, directora de Creativitat i Innovaci\u00f3 del Institut de Cultura de Barcelona; i Montserrat Vendrell directora executiva del PCB.<\/p>\n<p>Xavier Ferr\u00e0s, deg\u00e0 de la Facultat d&#8217;Empresa i Comunicaci\u00f3 de la universitat de VIC, impartir\u00e0 una confer\u00e8ncia magistral titulada &#8220;Ecosistemes innovadors, la creaci\u00f3 d&#8217;un pa\u00eds competitiu&#8217;.<\/p>\n<p>Per a m\u00e9s detalls i consultar el programa visiti la <a href=\"https:\/\/www.b2match.eu\/nid2014\" target=\"_blank\">p\u00e0gina web<\/a>.<\/p>\n","protected":false},"excerpt":{"rendered":"<h3><img decoding=\"async\" class=\"left size-full wp-image-8561 lazyload\" data-src=\"https:\/\/ibecbarcelona.eu\/wp-content\/uploads\/2014\/11\/nid.jpg\" border=\"0\" width=\"430\" height=\"227\" data-srcset=\"https:\/\/ibecbarcelona.eu\/wp-content\/uploads\/2014\/11\/nid.jpg 430w, https:\/\/ibecbarcelona.eu\/wp-content\/uploads\/2014\/11\/nid-300x158.jpg 300w, https:\/\/ibecbarcelona.eu\/wp-content\/uploads\/2014\/11\/nid-250x131.jpg 250w, https:\/\/ibecbarcelona.eu\/wp-content\/uploads\/2014\/11\/nid-150x79.jpg 150w\" data-sizes=\"(max-width: 430px) 100vw, 430px\" src=\"data:image\/svg+xml;base64,PHN2ZyB3aWR0aD0iMSIgaGVpZ2h0PSIxIiB4bWxucz0iaHR0cDovL3d3dy53My5vcmcvMjAwMC9zdmciPjwvc3ZnPg==\" style=\"--smush-placeholder-width: 430px; --smush-placeholder-aspect-ratio: 430\/227;\" \/>La segona edici\u00f3 del Dia de Networking i Innovaci\u00f3 (NID) tindr\u00e0 lloc dem\u00e0 (dijous) al PCB.  <\/h3>\n<p>El seu objectiu \u00e9s crear un punt de refer\u00e8ncia en la transfer\u00e8ncia de coneixement entre el m\u00f3n acad\u00e8mic i el m\u00f3n empresarial que promou la col\u2022laboraci\u00f3 p\u00fablic-privada, els acords d&#8217;associaci\u00f3 i la innovaci\u00f3 oberta. <\/p>\n","protected":false},"author":4,"featured_media":8563,"comment_status":"closed","ping_status":"closed","sticky":false,"template":"","format":"standard","meta":{"footnotes":""},"categories":[98],"tags":[],"post_formats":[],"class_list":["post-9646","post","type-post","status-publish","format-standard","has-post-thumbnail","hentry","category-noticies-institucionals"],"yoast_head":"<!-- This site is optimized with the Yoast SEO plugin v27.5 - https:\/\/yoast.com\/product\/yoast-seo-wordpress\/ -->\n<title>Segon Dia de Networking i Innovaci\u00f3 al PCB - Institute for Bioengineering of Catalonia<\/title>\n<meta name=\"robots\" content=\"index, follow, max-snippet:-1, max-image-preview:large, max-video-preview:-1\" \/>\n<link rel=\"canonical\" href=\"https:\/\/ibecbarcelona.eu\/ca\/segon-dia-de-networking-i-innovacio-al-pcb\/\" \/>\n<meta property=\"og:locale\" content=\"ca_ES\" \/>\n<meta property=\"og:type\" content=\"article\" \/>\n<meta property=\"og:title\" content=\"Segon Dia de Networking i Innovaci\u00f3 al PCB - Institute for Bioengineering of Catalonia\" \/>\n<meta property=\"og:description\" content=\"La segona edici\u00f3 del Dia de Networking i Innovaci\u00f3 (NID) tindr\u00e0 lloc dem\u00e0 (dijous) al PCB. El seu objectiu \u00e9s crear un punt de refer\u00e8ncia en la transfer\u00e8ncia de coneixement entre el m\u00f3n acad\u00e8mic i el m\u00f3n empresarial que promou la col\u2022laboraci\u00f3 p\u00fablic-privada, els acords d&#039;associaci\u00f3 i la innovaci\u00f3 oberta.\" \/>\n<meta property=\"og:url\" content=\"https:\/\/ibecbarcelona.eu\/ca\/segon-dia-de-networking-i-innovacio-al-pcb\/\" \/>\n<meta property=\"og:site_name\" content=\"Institute for Bioengineering of Catalonia\" \/>\n<meta property=\"article:published_time\" content=\"2014-11-26T18:03:34+00:00\" \/>\n<meta property=\"article:modified_time\" content=\"2015-01-16T09:29:21+00:00\" \/>\n<meta property=\"og:image\" content=\"https:\/\/ibecbarcelona.eu\/wp-content\/uploads\/2014\/11\/nid.jpg\" \/>\n\t<meta property=\"og:image:width\" content=\"430\" \/>\n\t<meta property=\"og:image:height\" content=\"227\" \/>\n\t<meta property=\"og:image:type\" content=\"image\/jpeg\" \/>\n<meta name=\"author\" content=\"\u00c0ngels L\u00f3pez\" \/>\n<meta name=\"twitter:card\" content=\"summary_large_image\" \/>\n<meta name=\"twitter:label1\" content=\"Escrit per\" \/>\n\t<meta name=\"twitter:data1\" content=\"\u00c0ngels L\u00f3pez\" \/>\n\t<meta name=\"twitter:label2\" content=\"Temps estimat de lectura\" \/>\n\t<meta name=\"twitter:data2\" content=\"1 minut\" \/>\n<script type=\"application\/ld+json\" class=\"yoast-schema-graph\">{\"@context\":\"https:\\\/\\\/schema.org\",\"@graph\":[{\"@type\":\"Article\",\"@id\":\"https:\\\/\\\/ibecbarcelona.eu\\\/ca\\\/segon-dia-de-networking-i-innovacio-al-pcb\\\/#article\",\"isPartOf\":{\"@id\":\"https:\\\/\\\/ibecbarcelona.eu\\\/ca\\\/segon-dia-de-networking-i-innovacio-al-pcb\\\/\"},\"author\":{\"name\":\"\u00c0ngels L\u00f3pez\",\"@id\":\"https:\\\/\\\/ibecbarcelona.eu\\\/#\\\/schema\\\/person\\\/c212c6b589546130be67986b9290e2b8\"},\"headline\":\"Segon Dia de Networking i Innovaci\u00f3 al PCB\",\"datePublished\":\"2014-11-26T18:03:34+00:00\",\"dateModified\":\"2015-01-16T09:29:21+00:00\",\"mainEntityOfPage\":{\"@id\":\"https:\\\/\\\/ibecbarcelona.eu\\\/ca\\\/segon-dia-de-networking-i-innovacio-al-pcb\\\/\"},\"wordCount\":215,\"publisher\":{\"@id\":\"https:\\\/\\\/ibecbarcelona.eu\\\/#organization\"},\"image\":{\"@id\":\"https:\\\/\\\/ibecbarcelona.eu\\\/ca\\\/segon-dia-de-networking-i-innovacio-al-pcb\\\/#primaryimage\"},\"thumbnailUrl\":\"https:\\\/\\\/ibecbarcelona.eu\\\/wp-content\\\/uploads\\\/2014\\\/11\\\/nid.jpg\",\"articleSection\":[\"Not\u00edcies institucionals\"],\"inLanguage\":\"ca\"},{\"@type\":\"WebPage\",\"@id\":\"https:\\\/\\\/ibecbarcelona.eu\\\/ca\\\/segon-dia-de-networking-i-innovacio-al-pcb\\\/\",\"url\":\"https:\\\/\\\/ibecbarcelona.eu\\\/ca\\\/segon-dia-de-networking-i-innovacio-al-pcb\\\/\",\"name\":\"Segon Dia de Networking i Innovaci\u00f3 al PCB - Institute for Bioengineering of Catalonia\",\"isPartOf\":{\"@id\":\"https:\\\/\\\/ibecbarcelona.eu\\\/#website\"},\"primaryImageOfPage\":{\"@id\":\"https:\\\/\\\/ibecbarcelona.eu\\\/ca\\\/segon-dia-de-networking-i-innovacio-al-pcb\\\/#primaryimage\"},\"image\":{\"@id\":\"https:\\\/\\\/ibecbarcelona.eu\\\/ca\\\/segon-dia-de-networking-i-innovacio-al-pcb\\\/#primaryimage\"},\"thumbnailUrl\":\"https:\\\/\\\/ibecbarcelona.eu\\\/wp-content\\\/uploads\\\/2014\\\/11\\\/nid.jpg\",\"datePublished\":\"2014-11-26T18:03:34+00:00\",\"dateModified\":\"2015-01-16T09:29:21+00:00\",\"breadcrumb\":{\"@id\":\"https:\\\/\\\/ibecbarcelona.eu\\\/ca\\\/segon-dia-de-networking-i-innovacio-al-pcb\\\/#breadcrumb\"},\"inLanguage\":\"ca\",\"potentialAction\":[{\"@type\":\"ReadAction\",\"target\":[\"https:\\\/\\\/ibecbarcelona.eu\\\/ca\\\/segon-dia-de-networking-i-innovacio-al-pcb\\\/\"]}]},{\"@type\":\"ImageObject\",\"inLanguage\":\"ca\",\"@id\":\"https:\\\/\\\/ibecbarcelona.eu\\\/ca\\\/segon-dia-de-networking-i-innovacio-al-pcb\\\/#primaryimage\",\"url\":\"https:\\\/\\\/ibecbarcelona.eu\\\/wp-content\\\/uploads\\\/2014\\\/11\\\/nid.jpg\",\"contentUrl\":\"https:\\\/\\\/ibecbarcelona.eu\\\/wp-content\\\/uploads\\\/2014\\\/11\\\/nid.jpg\",\"width\":430,\"height\":227},{\"@type\":\"BreadcrumbList\",\"@id\":\"https:\\\/\\\/ibecbarcelona.eu\\\/ca\\\/segon-dia-de-networking-i-innovacio-al-pcb\\\/#breadcrumb\",\"itemListElement\":[{\"@type\":\"ListItem\",\"position\":1,\"name\":\"Home\",\"item\":\"https:\\\/\\\/ibecbarcelona.eu\\\/ca\\\/\"},{\"@type\":\"ListItem\",\"position\":2,\"name\":\"Segon Dia de Networking i Innovaci\u00f3 al PCB\"}]},{\"@type\":\"WebSite\",\"@id\":\"https:\\\/\\\/ibecbarcelona.eu\\\/#website\",\"url\":\"https:\\\/\\\/ibecbarcelona.eu\\\/\",\"name\":\"Institute for Bioengineering of Catalonia\",\"description\":\"Bioengineering Solutions for Health\",\"publisher\":{\"@id\":\"https:\\\/\\\/ibecbarcelona.eu\\\/#organization\"},\"potentialAction\":[{\"@type\":\"SearchAction\",\"target\":{\"@type\":\"EntryPoint\",\"urlTemplate\":\"https:\\\/\\\/ibecbarcelona.eu\\\/?s={search_term_string}\"},\"query-input\":{\"@type\":\"PropertyValueSpecification\",\"valueRequired\":true,\"valueName\":\"search_term_string\"}}],\"inLanguage\":\"ca\"},{\"@type\":\"Organization\",\"@id\":\"https:\\\/\\\/ibecbarcelona.eu\\\/#organization\",\"name\":\"Institute for Bioengineering of Catalonia\",\"url\":\"https:\\\/\\\/ibecbarcelona.eu\\\/\",\"logo\":{\"@type\":\"ImageObject\",\"inLanguage\":\"ca\",\"@id\":\"https:\\\/\\\/ibecbarcelona.eu\\\/#\\\/schema\\\/logo\\\/image\\\/\",\"url\":\"https:\\\/\\\/ibecbarcelona.eu\\\/wp-content\\\/uploads\\\/2026\\\/01\\\/cropped-IBEC_20ANYS_GRIS.png\",\"contentUrl\":\"https:\\\/\\\/ibecbarcelona.eu\\\/wp-content\\\/uploads\\\/2026\\\/01\\\/cropped-IBEC_20ANYS_GRIS.png\",\"width\":696,\"height\":257,\"caption\":\"Institute for Bioengineering of Catalonia\"},\"image\":{\"@id\":\"https:\\\/\\\/ibecbarcelona.eu\\\/#\\\/schema\\\/logo\\\/image\\\/\"}},{\"@type\":\"Person\",\"@id\":\"https:\\\/\\\/ibecbarcelona.eu\\\/#\\\/schema\\\/person\\\/c212c6b589546130be67986b9290e2b8\",\"name\":\"\u00c0ngels L\u00f3pez\",\"image\":{\"@type\":\"ImageObject\",\"inLanguage\":\"ca\",\"@id\":\"https:\\\/\\\/secure.gravatar.com\\\/avatar\\\/09ad6ba116bea0b15c5511860f83b302579fd7404c1180e9dae55c3f11d988c6?s=96&d=mm&r=g\",\"url\":\"https:\\\/\\\/secure.gravatar.com\\\/avatar\\\/09ad6ba116bea0b15c5511860f83b302579fd7404c1180e9dae55c3f11d988c6?s=96&d=mm&r=g\",\"contentUrl\":\"https:\\\/\\\/secure.gravatar.com\\\/avatar\\\/09ad6ba116bea0b15c5511860f83b302579fd7404c1180e9dae55c3f11d988c6?s=96&d=mm&r=g\",\"caption\":\"\u00c0ngels L\u00f3pez\"},\"url\":\"https:\\\/\\\/ibecbarcelona.eu\\\/ca\\\/author\\\/alopez\\\/\"}]}<\/script>\n<!-- \/ Yoast SEO plugin. -->","yoast_head_json":{"title":"Segon Dia de Networking i Innovaci\u00f3 al PCB - Institute for Bioengineering of Catalonia","robots":{"index":"index","follow":"follow","max-snippet":"max-snippet:-1","max-image-preview":"max-image-preview:large","max-video-preview":"max-video-preview:-1"},"canonical":"https:\/\/ibecbarcelona.eu\/ca\/segon-dia-de-networking-i-innovacio-al-pcb\/","og_locale":"ca_ES","og_type":"article","og_title":"Segon Dia de Networking i Innovaci\u00f3 al PCB - Institute for Bioengineering of Catalonia","og_description":"La segona edici\u00f3 del Dia de Networking i Innovaci\u00f3 (NID) tindr\u00e0 lloc dem\u00e0 (dijous) al PCB. El seu objectiu \u00e9s crear un punt de refer\u00e8ncia en la transfer\u00e8ncia de coneixement entre el m\u00f3n acad\u00e8mic i el m\u00f3n empresarial que promou la col\u2022laboraci\u00f3 p\u00fablic-privada, els acords d'associaci\u00f3 i la innovaci\u00f3 oberta.","og_url":"https:\/\/ibecbarcelona.eu\/ca\/segon-dia-de-networking-i-innovacio-al-pcb\/","og_site_name":"Institute for Bioengineering of Catalonia","article_published_time":"2014-11-26T18:03:34+00:00","article_modified_time":"2015-01-16T09:29:21+00:00","og_image":[{"width":430,"height":227,"url":"https:\/\/ibecbarcelona.eu\/wp-content\/uploads\/2014\/11\/nid.jpg","type":"image\/jpeg"}],"author":"\u00c0ngels L\u00f3pez","twitter_card":"summary_large_image","twitter_misc":{"Escrit per":"\u00c0ngels L\u00f3pez","Temps estimat de lectura":"1 minut"},"schema":{"@context":"https:\/\/schema.org","@graph":[{"@type":"Article","@id":"https:\/\/ibecbarcelona.eu\/ca\/segon-dia-de-networking-i-innovacio-al-pcb\/#article","isPartOf":{"@id":"https:\/\/ibecbarcelona.eu\/ca\/segon-dia-de-networking-i-innovacio-al-pcb\/"},"author":{"name":"\u00c0ngels L\u00f3pez","@id":"https:\/\/ibecbarcelona.eu\/#\/schema\/person\/c212c6b589546130be67986b9290e2b8"},"headline":"Segon Dia de Networking i Innovaci\u00f3 al PCB","datePublished":"2014-11-26T18:03:34+00:00","dateModified":"2015-01-16T09:29:21+00:00","mainEntityOfPage":{"@id":"https:\/\/ibecbarcelona.eu\/ca\/segon-dia-de-networking-i-innovacio-al-pcb\/"},"wordCount":215,"publisher":{"@id":"https:\/\/ibecbarcelona.eu\/#organization"},"image":{"@id":"https:\/\/ibecbarcelona.eu\/ca\/segon-dia-de-networking-i-innovacio-al-pcb\/#primaryimage"},"thumbnailUrl":"https:\/\/ibecbarcelona.eu\/wp-content\/uploads\/2014\/11\/nid.jpg","articleSection":["Not\u00edcies institucionals"],"inLanguage":"ca"},{"@type":"WebPage","@id":"https:\/\/ibecbarcelona.eu\/ca\/segon-dia-de-networking-i-innovacio-al-pcb\/","url":"https:\/\/ibecbarcelona.eu\/ca\/segon-dia-de-networking-i-innovacio-al-pcb\/","name":"Segon Dia de Networking i Innovaci\u00f3 al PCB - Institute for Bioengineering of Catalonia","isPartOf":{"@id":"https:\/\/ibecbarcelona.eu\/#website"},"primaryImageOfPage":{"@id":"https:\/\/ibecbarcelona.eu\/ca\/segon-dia-de-networking-i-innovacio-al-pcb\/#primaryimage"},"image":{"@id":"https:\/\/ibecbarcelona.eu\/ca\/segon-dia-de-networking-i-innovacio-al-pcb\/#primaryimage"},"thumbnailUrl":"https:\/\/ibecbarcelona.eu\/wp-content\/uploads\/2014\/11\/nid.jpg","datePublished":"2014-11-26T18:03:34+00:00","dateModified":"2015-01-16T09:29:21+00:00","breadcrumb":{"@id":"https:\/\/ibecbarcelona.eu\/ca\/segon-dia-de-networking-i-innovacio-al-pcb\/#breadcrumb"},"inLanguage":"ca","potentialAction":[{"@type":"ReadAction","target":["https:\/\/ibecbarcelona.eu\/ca\/segon-dia-de-networking-i-innovacio-al-pcb\/"]}]},{"@type":"ImageObject","inLanguage":"ca","@id":"https:\/\/ibecbarcelona.eu\/ca\/segon-dia-de-networking-i-innovacio-al-pcb\/#primaryimage","url":"https:\/\/ibecbarcelona.eu\/wp-content\/uploads\/2014\/11\/nid.jpg","contentUrl":"https:\/\/ibecbarcelona.eu\/wp-content\/uploads\/2014\/11\/nid.jpg","width":430,"height":227},{"@type":"BreadcrumbList","@id":"https:\/\/ibecbarcelona.eu\/ca\/segon-dia-de-networking-i-innovacio-al-pcb\/#breadcrumb","itemListElement":[{"@type":"ListItem","position":1,"name":"Home","item":"https:\/\/ibecbarcelona.eu\/ca\/"},{"@type":"ListItem","position":2,"name":"Segon Dia de Networking i Innovaci\u00f3 al PCB"}]},{"@type":"WebSite","@id":"https:\/\/ibecbarcelona.eu\/#website","url":"https:\/\/ibecbarcelona.eu\/","name":"Institute for Bioengineering of Catalonia","description":"Bioengineering Solutions for Health","publisher":{"@id":"https:\/\/ibecbarcelona.eu\/#organization"},"potentialAction":[{"@type":"SearchAction","target":{"@type":"EntryPoint","urlTemplate":"https:\/\/ibecbarcelona.eu\/?s={search_term_string}"},"query-input":{"@type":"PropertyValueSpecification","valueRequired":true,"valueName":"search_term_string"}}],"inLanguage":"ca"},{"@type":"Organization","@id":"https:\/\/ibecbarcelona.eu\/#organization","name":"Institute for Bioengineering of Catalonia","url":"https:\/\/ibecbarcelona.eu\/","logo":{"@type":"ImageObject","inLanguage":"ca","@id":"https:\/\/ibecbarcelona.eu\/#\/schema\/logo\/image\/","url":"https:\/\/ibecbarcelona.eu\/wp-content\/uploads\/2026\/01\/cropped-IBEC_20ANYS_GRIS.png","contentUrl":"https:\/\/ibecbarcelona.eu\/wp-content\/uploads\/2026\/01\/cropped-IBEC_20ANYS_GRIS.png","width":696,"height":257,"caption":"Institute for Bioengineering of Catalonia"},"image":{"@id":"https:\/\/ibecbarcelona.eu\/#\/schema\/logo\/image\/"}},{"@type":"Person","@id":"https:\/\/ibecbarcelona.eu\/#\/schema\/person\/c212c6b589546130be67986b9290e2b8","name":"\u00c0ngels L\u00f3pez","image":{"@type":"ImageObject","inLanguage":"ca","@id":"https:\/\/secure.gravatar.com\/avatar\/09ad6ba116bea0b15c5511860f83b302579fd7404c1180e9dae55c3f11d988c6?s=96&d=mm&r=g","url":"https:\/\/secure.gravatar.com\/avatar\/09ad6ba116bea0b15c5511860f83b302579fd7404c1180e9dae55c3f11d988c6?s=96&d=mm&r=g","contentUrl":"https:\/\/secure.gravatar.com\/avatar\/09ad6ba116bea0b15c5511860f83b302579fd7404c1180e9dae55c3f11d988c6?s=96&d=mm&r=g","caption":"\u00c0ngels L\u00f3pez"},"url":"https:\/\/ibecbarcelona.eu\/ca\/author\/alopez\/"}]}},"AFP_featured_media_urls":{"full":["https:\/\/ibecbarcelona.eu\/wp-content\/uploads\/2014\/11\/nid.jpg",430,227,false],"thumbnail":["https:\/\/ibecbarcelona.eu\/wp-content\/uploads\/2014\/11\/nid-150x150.jpg",150,150,true],"medium":["https:\/\/ibecbarcelona.eu\/wp-content\/uploads\/2014\/11\/nid-300x158.jpg",300,158,true],"medium_large":["https:\/\/ibecbarcelona.eu\/wp-content\/uploads\/2014\/11\/nid.jpg",430,227,false],"large":["https:\/\/ibecbarcelona.eu\/wp-content\/uploads\/2014\/11\/nid.jpg",430,227,false]},"AFP_attachments":{"full":["https:\/\/ibecbarcelona.eu\/wp-content\/uploads\/2014\/11\/nid.jpg",430,227,false],"thumbnail":["https:\/\/ibecbarcelona.eu\/wp-content\/uploads\/2014\/11\/nid-150x150.jpg",150,150,true],"medium":["https:\/\/ibecbarcelona.eu\/wp-content\/uploads\/2014\/11\/nid-300x158.jpg",300,158,true],"medium_large":["https:\/\/ibecbarcelona.eu\/wp-content\/uploads\/2014\/11\/nid.jpg",430,227,false],"large":["https:\/\/ibecbarcelona.eu\/wp-content\/uploads\/2014\/11\/nid.jpg",430,227,false]},"AFP_videos":[],"AFP_video_blocks":"","AFP_category_names":["Not\u00edcies institucionals"],"_links":{"self":[{"href":"https:\/\/ibecbarcelona.eu\/ca\/wp-json\/wp\/v2\/posts\/9646","targetHints":{"allow":["GET"]}}],"collection":[{"href":"https:\/\/ibecbarcelona.eu\/ca\/wp-json\/wp\/v2\/posts"}],"about":[{"href":"https:\/\/ibecbarcelona.eu\/ca\/wp-json\/wp\/v2\/types\/post"}],"author":[{"embeddable":true,"href":"https:\/\/ibecbarcelona.eu\/ca\/wp-json\/wp\/v2\/users\/4"}],"replies":[{"embeddable":true,"href":"https:\/\/ibecbarcelona.eu\/ca\/wp-json\/wp\/v2\/comments?post=9646"}],"version-history":[{"count":0,"href":"https:\/\/ibecbarcelona.eu\/ca\/wp-json\/wp\/v2\/posts\/9646\/revisions"}],"wp:featuredmedia":[{"embeddable":true,"href":"https:\/\/ibecbarcelona.eu\/ca\/wp-json\/wp\/v2\/media\/8563"}],"wp:attachment":[{"href":"https:\/\/ibecbarcelona.eu\/ca\/wp-json\/wp\/v2\/media?parent=9646"}],"wp:term":[{"taxonomy":"category","embeddable":true,"href":"https:\/\/ibecbarcelona.eu\/ca\/wp-json\/wp\/v2\/categories?post=9646"},{"taxonomy":"post_tag","embeddable":true,"href":"https:\/\/ibecbarcelona.eu\/ca\/wp-json\/wp\/v2\/tags?post=9646"},{"taxonomy":"post_format","embeddable":true,"href":"https:\/\/ibecbarcelona.eu\/ca\/wp-json\/wp\/v2\/post_formats?post=9646"}],"curies":[{"name":"wp","href":"https:\/\/api.w.org\/{rel}","templated":true}]}}