
{"id":9869,"date":"2014-11-20T11:16:03","date_gmt":"2014-11-20T11:16:03","guid":{"rendered":"http:\/\/ibecbarcelona.eu\/new\/?p=9869"},"modified":"2015-10-19T15:50:16","modified_gmt":"2015-10-19T15:50:16","slug":"sistema-olfactiu-que-segrega-les-dades-de-lolor-en-el-moment-de-lentrada","status":"publish","type":"post","link":"https:\/\/ibecbarcelona.eu\/ca\/sistema-olfactiu-que-segrega-les-dades-de-lolor-en-el-moment-de-lentrada\/","title":{"rendered":"Sistema olfactiu que segrega les dades de l\u2019olor en el moment de l\u2019entrada"},"content":{"rendered":"<h6 class=\"caption\" style=\"width: 230px; float: left; padding-right: 10px; padding-bottom: 10px;\"><em>Imatge: C\u00e8l\u00b7lules mitrals i c\u00e8l\u00b7lules en plomall \u00a9 Brain Institute and Department of Physiology, University of Utah School of Medicine<\/em><\/h6>\n<p>El grup de Processament de Senyals per a Sistemes Sensorials del IBEC ha descobert la forma en la que identifiquem les olors incl\u00f2s quan les seves concentracions s\u00f3n molt baixes, essencialment el que fem \u00e9s segregat la informaci\u00f3 sobre la identificaci\u00f3 i la concentraci\u00f3 amb la finalitat de ser capa\u00e7os de recon\u00e8ixer una determinada olor.<\/p>\n<p>Per a descobrir aix\u00f2 el que es va fer va ser mirar en la primera etapa del bulb olfactiu \u2013 la capa glomerular, que \u00e9s l\u2019etapa \u201cd\u2019entrada\u201d de les olors \u2013 per a veure si all\u00ed es duia a terme la segregaci\u00f3 de la informaci\u00f3. Juntament amb els seus col\u00b7laboradors a Roma, el grup va construir un model neuronal computacional de l\u2019\u00e0rea basat en les connexions anat\u00f2miques conegudes i el van testar amb dues simulacions experimentals. En el primer experiment, el model va ser exposat a un conjunt de dades d\u2019est\u00edmuls olfactius composades per sis olors diferents, totes a diferents concentracions; el segon va ser un experiment \u2018d\u2019olor mutant\u2019 on una olor pura es converteix en una segona olor diferent a trav\u00e9s de 19 passos graduals.<\/p>\n<p>\u201cHem trobat que la capa glomerular o etapa d\u2019entrada, on la informaci\u00f3 d\u2019identitat i la concentraci\u00f3 de l\u2019olor es barregen quan entra \u00e9s, de fet, l\u2019origen de l\u2019incre\u00efble capacitat del sistema olfactiu per identificar r\u00e0pidament les olors i al mateix tems conservar la informaci\u00f3 sobre la seva concentraci\u00f3\u201d explica Agust\u00ed Guti\u00e9rrez, investigador s\u00e8nior en el grup del IBEC i autor principal de l\u2019article, publicat recentment a PlosOne. \u201cPer a aix\u00f2 s\u2019utilitzen dos tipus diferents de neurones \u2013 les c\u00e8l\u00b7lules mitrals (MC) i les c\u00e8l\u00b7lules externes en plomall (ETs). Les MCs estan a c\u00e0rrec de codificar la identitat de la olor mentre que les Ets se centren en la seva concentraci\u00f3 \u2013 no a causa de les seves difer\u00e8ncies morfol\u00f2giques, sin\u00f3 degut a que els dos tipus de neurones tenen diferents maneres d\u2019actuar amb la xarxa glomerular. Ambd\u00f3s tipus cel\u00b7lulars projecten tota la seva informaci\u00f3 al c\u00f2rtex olfactiu (piriforme) per a la descodificaci\u00f3\u201d.<\/p>\n<p>\u00c9s la primera vegada que s\u2019atribueix a la capa glomerular aquesta important segregaci\u00f3 de la informaci\u00f3 en el processament de la olor, capa que ja era coneguda per realitzar altres tasques com la millora del contrast.<\/p>\n<p>&#8212;<\/p>\n<p><em><strong>Article de refer\u00e8ncia:\u00a0<\/strong><\/em>Davide Polese, Eugenio Martinelli, Santiago Marco, Corrado Di Natale &amp; Agustin Gutierrez (2014). <a href=\"http:\/\/www.plosone.org\/article\/info%3Adoi%2F10.1371%2Fjournal.pone.0109716\" target=\"_blank\"> \u201cUnderstanding Odor Information Segregation in the Olfactory Bulb by Means of Mitral and Tufted Cells\u201d.<\/a> <em>PLoS ONE<\/em> 9(10): e109716<\/p>\n","protected":false},"excerpt":{"rendered":"<h3><img decoding=\"async\" class=\"left lazyload\" data-src=\"https:\/\/ibecbarcelona.eu\/wp-content\/uploads\/2014\/11\/mcs_340.jpg\" border=\"0\" style=\"--smush-placeholder-width: 340px; --smush-placeholder-aspect-ratio: 340\/210;margin-top: 4px;\" src=\"data:image\/svg+xml;base64,PHN2ZyB3aWR0aD0iMSIgaGVpZ2h0PSIxIiB4bWxucz0iaHR0cDovL3d3dy53My5vcmcvMjAwMC9zdmciPjwvc3ZnPg==\" \/>Tots sabem com d\u2019emotius poden ser les olors; nom\u00e9s la subtil olor del cot\u00f3 de sucre o de la plastilina ens pot transportar d\u00e8cades en un moment. <\/h3>\n<p>Per\u00f2, de quina manera el nostre sistema olfactiu \u00e9s capa\u00e7 de recon\u00e8ixer les olors incl\u00f2s en dosis molt baixes?<\/h3>\n","protected":false},"author":4,"featured_media":8543,"comment_status":"closed","ping_status":"closed","sticky":false,"template":"","format":"standard","meta":{"footnotes":""},"categories":[96],"tags":[],"post_formats":[],"class_list":["post-9869","post","type-post","status-publish","format-standard","has-post-thumbnail","hentry","category-noticies-de-recerca"],"yoast_head":"<!-- This site is optimized with the Yoast SEO plugin v27.5 - https:\/\/yoast.com\/product\/yoast-seo-wordpress\/ -->\n<title>Sistema olfactiu que segrega les dades de l\u2019olor en el moment de l\u2019entrada - Institute for Bioengineering of Catalonia<\/title>\n<meta name=\"robots\" content=\"index, follow, max-snippet:-1, max-image-preview:large, max-video-preview:-1\" \/>\n<link rel=\"canonical\" href=\"https:\/\/ibecbarcelona.eu\/ca\/sistema-olfactiu-que-segrega-les-dades-de-lolor-en-el-moment-de-lentrada\/\" \/>\n<meta property=\"og:locale\" content=\"ca_ES\" \/>\n<meta property=\"og:type\" content=\"article\" \/>\n<meta property=\"og:title\" content=\"Sistema olfactiu que segrega les dades de l\u2019olor en el moment de l\u2019entrada - Institute for Bioengineering of Catalonia\" \/>\n<meta property=\"og:description\" content=\"Tots sabem com d\u2019emotius poden ser les olors; nom\u00e9s la subtil olor del cot\u00f3 de sucre o de la plastilina ens pot transportar d\u00e8cades en un moment.  Per\u00f2, de quina manera el nostre sistema olfactiu \u00e9s capa\u00e7 de recon\u00e8ixer les olors incl\u00f2s en dosis molt baixes?\" \/>\n<meta property=\"og:url\" content=\"https:\/\/ibecbarcelona.eu\/ca\/sistema-olfactiu-que-segrega-les-dades-de-lolor-en-el-moment-de-lentrada\/\" \/>\n<meta property=\"og:site_name\" content=\"Institute for Bioengineering of Catalonia\" \/>\n<meta property=\"article:published_time\" content=\"2014-11-20T11:16:03+00:00\" \/>\n<meta property=\"article:modified_time\" content=\"2015-10-19T15:50:16+00:00\" \/>\n<meta property=\"og:image\" content=\"https:\/\/ibecbarcelona.eu\/wp-content\/uploads\/2014\/11\/mcs_340.jpg\" \/>\n\t<meta property=\"og:image:width\" content=\"340\" \/>\n\t<meta property=\"og:image:height\" content=\"210\" \/>\n\t<meta property=\"og:image:type\" content=\"image\/jpeg\" \/>\n<meta name=\"author\" content=\"\u00c0ngels L\u00f3pez\" \/>\n<meta name=\"twitter:card\" content=\"summary_large_image\" \/>\n<meta name=\"twitter:label1\" content=\"Escrit per\" \/>\n\t<meta name=\"twitter:data1\" content=\"\u00c0ngels L\u00f3pez\" \/>\n\t<meta name=\"twitter:label2\" content=\"Temps estimat de lectura\" \/>\n\t<meta name=\"twitter:data2\" content=\"2 minuts\" \/>\n<script type=\"application\/ld+json\" class=\"yoast-schema-graph\">{\"@context\":\"https:\\\/\\\/schema.org\",\"@graph\":[{\"@type\":\"Article\",\"@id\":\"https:\\\/\\\/ibecbarcelona.eu\\\/ca\\\/sistema-olfactiu-que-segrega-les-dades-de-lolor-en-el-moment-de-lentrada\\\/#article\",\"isPartOf\":{\"@id\":\"https:\\\/\\\/ibecbarcelona.eu\\\/ca\\\/sistema-olfactiu-que-segrega-les-dades-de-lolor-en-el-moment-de-lentrada\\\/\"},\"author\":{\"name\":\"\u00c0ngels L\u00f3pez\",\"@id\":\"https:\\\/\\\/ibecbarcelona.eu\\\/#\\\/schema\\\/person\\\/c212c6b589546130be67986b9290e2b8\"},\"headline\":\"Sistema olfactiu que segrega les dades de l\u2019olor en el moment de l\u2019entrada\",\"datePublished\":\"2014-11-20T11:16:03+00:00\",\"dateModified\":\"2015-10-19T15:50:16+00:00\",\"mainEntityOfPage\":{\"@id\":\"https:\\\/\\\/ibecbarcelona.eu\\\/ca\\\/sistema-olfactiu-que-segrega-les-dades-de-lolor-en-el-moment-de-lentrada\\\/\"},\"wordCount\":473,\"publisher\":{\"@id\":\"https:\\\/\\\/ibecbarcelona.eu\\\/#organization\"},\"image\":{\"@id\":\"https:\\\/\\\/ibecbarcelona.eu\\\/ca\\\/sistema-olfactiu-que-segrega-les-dades-de-lolor-en-el-moment-de-lentrada\\\/#primaryimage\"},\"thumbnailUrl\":\"https:\\\/\\\/ibecbarcelona.eu\\\/wp-content\\\/uploads\\\/2014\\\/11\\\/mcs_340.jpg\",\"articleSection\":[\"Not\u00edcies de recerca\"],\"inLanguage\":\"ca\"},{\"@type\":\"WebPage\",\"@id\":\"https:\\\/\\\/ibecbarcelona.eu\\\/ca\\\/sistema-olfactiu-que-segrega-les-dades-de-lolor-en-el-moment-de-lentrada\\\/\",\"url\":\"https:\\\/\\\/ibecbarcelona.eu\\\/ca\\\/sistema-olfactiu-que-segrega-les-dades-de-lolor-en-el-moment-de-lentrada\\\/\",\"name\":\"Sistema olfactiu que segrega les dades de l\u2019olor en el moment de l\u2019entrada - Institute for Bioengineering of Catalonia\",\"isPartOf\":{\"@id\":\"https:\\\/\\\/ibecbarcelona.eu\\\/#website\"},\"primaryImageOfPage\":{\"@id\":\"https:\\\/\\\/ibecbarcelona.eu\\\/ca\\\/sistema-olfactiu-que-segrega-les-dades-de-lolor-en-el-moment-de-lentrada\\\/#primaryimage\"},\"image\":{\"@id\":\"https:\\\/\\\/ibecbarcelona.eu\\\/ca\\\/sistema-olfactiu-que-segrega-les-dades-de-lolor-en-el-moment-de-lentrada\\\/#primaryimage\"},\"thumbnailUrl\":\"https:\\\/\\\/ibecbarcelona.eu\\\/wp-content\\\/uploads\\\/2014\\\/11\\\/mcs_340.jpg\",\"datePublished\":\"2014-11-20T11:16:03+00:00\",\"dateModified\":\"2015-10-19T15:50:16+00:00\",\"breadcrumb\":{\"@id\":\"https:\\\/\\\/ibecbarcelona.eu\\\/ca\\\/sistema-olfactiu-que-segrega-les-dades-de-lolor-en-el-moment-de-lentrada\\\/#breadcrumb\"},\"inLanguage\":\"ca\",\"potentialAction\":[{\"@type\":\"ReadAction\",\"target\":[\"https:\\\/\\\/ibecbarcelona.eu\\\/ca\\\/sistema-olfactiu-que-segrega-les-dades-de-lolor-en-el-moment-de-lentrada\\\/\"]}]},{\"@type\":\"ImageObject\",\"inLanguage\":\"ca\",\"@id\":\"https:\\\/\\\/ibecbarcelona.eu\\\/ca\\\/sistema-olfactiu-que-segrega-les-dades-de-lolor-en-el-moment-de-lentrada\\\/#primaryimage\",\"url\":\"https:\\\/\\\/ibecbarcelona.eu\\\/wp-content\\\/uploads\\\/2014\\\/11\\\/mcs_340.jpg\",\"contentUrl\":\"https:\\\/\\\/ibecbarcelona.eu\\\/wp-content\\\/uploads\\\/2014\\\/11\\\/mcs_340.jpg\",\"width\":340,\"height\":210},{\"@type\":\"BreadcrumbList\",\"@id\":\"https:\\\/\\\/ibecbarcelona.eu\\\/ca\\\/sistema-olfactiu-que-segrega-les-dades-de-lolor-en-el-moment-de-lentrada\\\/#breadcrumb\",\"itemListElement\":[{\"@type\":\"ListItem\",\"position\":1,\"name\":\"Home\",\"item\":\"https:\\\/\\\/ibecbarcelona.eu\\\/ca\\\/\"},{\"@type\":\"ListItem\",\"position\":2,\"name\":\"Sistema olfactiu que segrega les dades de l\u2019olor en el moment de l\u2019entrada\"}]},{\"@type\":\"WebSite\",\"@id\":\"https:\\\/\\\/ibecbarcelona.eu\\\/#website\",\"url\":\"https:\\\/\\\/ibecbarcelona.eu\\\/\",\"name\":\"Institute for Bioengineering of Catalonia\",\"description\":\"Bioengineering Solutions for Health\",\"publisher\":{\"@id\":\"https:\\\/\\\/ibecbarcelona.eu\\\/#organization\"},\"potentialAction\":[{\"@type\":\"SearchAction\",\"target\":{\"@type\":\"EntryPoint\",\"urlTemplate\":\"https:\\\/\\\/ibecbarcelona.eu\\\/?s={search_term_string}\"},\"query-input\":{\"@type\":\"PropertyValueSpecification\",\"valueRequired\":true,\"valueName\":\"search_term_string\"}}],\"inLanguage\":\"ca\"},{\"@type\":\"Organization\",\"@id\":\"https:\\\/\\\/ibecbarcelona.eu\\\/#organization\",\"name\":\"Institute for Bioengineering of Catalonia\",\"url\":\"https:\\\/\\\/ibecbarcelona.eu\\\/\",\"logo\":{\"@type\":\"ImageObject\",\"inLanguage\":\"ca\",\"@id\":\"https:\\\/\\\/ibecbarcelona.eu\\\/#\\\/schema\\\/logo\\\/image\\\/\",\"url\":\"https:\\\/\\\/ibecbarcelona.eu\\\/wp-content\\\/uploads\\\/2026\\\/01\\\/cropped-IBEC_20ANYS_GRIS.png\",\"contentUrl\":\"https:\\\/\\\/ibecbarcelona.eu\\\/wp-content\\\/uploads\\\/2026\\\/01\\\/cropped-IBEC_20ANYS_GRIS.png\",\"width\":696,\"height\":257,\"caption\":\"Institute for Bioengineering of Catalonia\"},\"image\":{\"@id\":\"https:\\\/\\\/ibecbarcelona.eu\\\/#\\\/schema\\\/logo\\\/image\\\/\"}},{\"@type\":\"Person\",\"@id\":\"https:\\\/\\\/ibecbarcelona.eu\\\/#\\\/schema\\\/person\\\/c212c6b589546130be67986b9290e2b8\",\"name\":\"\u00c0ngels L\u00f3pez\",\"image\":{\"@type\":\"ImageObject\",\"inLanguage\":\"ca\",\"@id\":\"https:\\\/\\\/secure.gravatar.com\\\/avatar\\\/09ad6ba116bea0b15c5511860f83b302579fd7404c1180e9dae55c3f11d988c6?s=96&d=mm&r=g\",\"url\":\"https:\\\/\\\/secure.gravatar.com\\\/avatar\\\/09ad6ba116bea0b15c5511860f83b302579fd7404c1180e9dae55c3f11d988c6?s=96&d=mm&r=g\",\"contentUrl\":\"https:\\\/\\\/secure.gravatar.com\\\/avatar\\\/09ad6ba116bea0b15c5511860f83b302579fd7404c1180e9dae55c3f11d988c6?s=96&d=mm&r=g\",\"caption\":\"\u00c0ngels L\u00f3pez\"},\"url\":\"https:\\\/\\\/ibecbarcelona.eu\\\/ca\\\/author\\\/alopez\\\/\"}]}<\/script>\n<!-- \/ Yoast SEO plugin. -->","yoast_head_json":{"title":"Sistema olfactiu que segrega les dades de l\u2019olor en el moment de l\u2019entrada - Institute for Bioengineering of Catalonia","robots":{"index":"index","follow":"follow","max-snippet":"max-snippet:-1","max-image-preview":"max-image-preview:large","max-video-preview":"max-video-preview:-1"},"canonical":"https:\/\/ibecbarcelona.eu\/ca\/sistema-olfactiu-que-segrega-les-dades-de-lolor-en-el-moment-de-lentrada\/","og_locale":"ca_ES","og_type":"article","og_title":"Sistema olfactiu que segrega les dades de l\u2019olor en el moment de l\u2019entrada - Institute for Bioengineering of Catalonia","og_description":"Tots sabem com d\u2019emotius poden ser les olors; nom\u00e9s la subtil olor del cot\u00f3 de sucre o de la plastilina ens pot transportar d\u00e8cades en un moment.  Per\u00f2, de quina manera el nostre sistema olfactiu \u00e9s capa\u00e7 de recon\u00e8ixer les olors incl\u00f2s en dosis molt baixes?","og_url":"https:\/\/ibecbarcelona.eu\/ca\/sistema-olfactiu-que-segrega-les-dades-de-lolor-en-el-moment-de-lentrada\/","og_site_name":"Institute for Bioengineering of Catalonia","article_published_time":"2014-11-20T11:16:03+00:00","article_modified_time":"2015-10-19T15:50:16+00:00","og_image":[{"width":340,"height":210,"url":"https:\/\/ibecbarcelona.eu\/wp-content\/uploads\/2014\/11\/mcs_340.jpg","type":"image\/jpeg"}],"author":"\u00c0ngels L\u00f3pez","twitter_card":"summary_large_image","twitter_misc":{"Escrit per":"\u00c0ngels L\u00f3pez","Temps estimat de lectura":"2 minuts"},"schema":{"@context":"https:\/\/schema.org","@graph":[{"@type":"Article","@id":"https:\/\/ibecbarcelona.eu\/ca\/sistema-olfactiu-que-segrega-les-dades-de-lolor-en-el-moment-de-lentrada\/#article","isPartOf":{"@id":"https:\/\/ibecbarcelona.eu\/ca\/sistema-olfactiu-que-segrega-les-dades-de-lolor-en-el-moment-de-lentrada\/"},"author":{"name":"\u00c0ngels L\u00f3pez","@id":"https:\/\/ibecbarcelona.eu\/#\/schema\/person\/c212c6b589546130be67986b9290e2b8"},"headline":"Sistema olfactiu que segrega les dades de l\u2019olor en el moment de l\u2019entrada","datePublished":"2014-11-20T11:16:03+00:00","dateModified":"2015-10-19T15:50:16+00:00","mainEntityOfPage":{"@id":"https:\/\/ibecbarcelona.eu\/ca\/sistema-olfactiu-que-segrega-les-dades-de-lolor-en-el-moment-de-lentrada\/"},"wordCount":473,"publisher":{"@id":"https:\/\/ibecbarcelona.eu\/#organization"},"image":{"@id":"https:\/\/ibecbarcelona.eu\/ca\/sistema-olfactiu-que-segrega-les-dades-de-lolor-en-el-moment-de-lentrada\/#primaryimage"},"thumbnailUrl":"https:\/\/ibecbarcelona.eu\/wp-content\/uploads\/2014\/11\/mcs_340.jpg","articleSection":["Not\u00edcies de recerca"],"inLanguage":"ca"},{"@type":"WebPage","@id":"https:\/\/ibecbarcelona.eu\/ca\/sistema-olfactiu-que-segrega-les-dades-de-lolor-en-el-moment-de-lentrada\/","url":"https:\/\/ibecbarcelona.eu\/ca\/sistema-olfactiu-que-segrega-les-dades-de-lolor-en-el-moment-de-lentrada\/","name":"Sistema olfactiu que segrega les dades de l\u2019olor en el moment de l\u2019entrada - Institute for Bioengineering of Catalonia","isPartOf":{"@id":"https:\/\/ibecbarcelona.eu\/#website"},"primaryImageOfPage":{"@id":"https:\/\/ibecbarcelona.eu\/ca\/sistema-olfactiu-que-segrega-les-dades-de-lolor-en-el-moment-de-lentrada\/#primaryimage"},"image":{"@id":"https:\/\/ibecbarcelona.eu\/ca\/sistema-olfactiu-que-segrega-les-dades-de-lolor-en-el-moment-de-lentrada\/#primaryimage"},"thumbnailUrl":"https:\/\/ibecbarcelona.eu\/wp-content\/uploads\/2014\/11\/mcs_340.jpg","datePublished":"2014-11-20T11:16:03+00:00","dateModified":"2015-10-19T15:50:16+00:00","breadcrumb":{"@id":"https:\/\/ibecbarcelona.eu\/ca\/sistema-olfactiu-que-segrega-les-dades-de-lolor-en-el-moment-de-lentrada\/#breadcrumb"},"inLanguage":"ca","potentialAction":[{"@type":"ReadAction","target":["https:\/\/ibecbarcelona.eu\/ca\/sistema-olfactiu-que-segrega-les-dades-de-lolor-en-el-moment-de-lentrada\/"]}]},{"@type":"ImageObject","inLanguage":"ca","@id":"https:\/\/ibecbarcelona.eu\/ca\/sistema-olfactiu-que-segrega-les-dades-de-lolor-en-el-moment-de-lentrada\/#primaryimage","url":"https:\/\/ibecbarcelona.eu\/wp-content\/uploads\/2014\/11\/mcs_340.jpg","contentUrl":"https:\/\/ibecbarcelona.eu\/wp-content\/uploads\/2014\/11\/mcs_340.jpg","width":340,"height":210},{"@type":"BreadcrumbList","@id":"https:\/\/ibecbarcelona.eu\/ca\/sistema-olfactiu-que-segrega-les-dades-de-lolor-en-el-moment-de-lentrada\/#breadcrumb","itemListElement":[{"@type":"ListItem","position":1,"name":"Home","item":"https:\/\/ibecbarcelona.eu\/ca\/"},{"@type":"ListItem","position":2,"name":"Sistema olfactiu que segrega les dades de l\u2019olor en el moment de l\u2019entrada"}]},{"@type":"WebSite","@id":"https:\/\/ibecbarcelona.eu\/#website","url":"https:\/\/ibecbarcelona.eu\/","name":"Institute for Bioengineering of Catalonia","description":"Bioengineering Solutions for Health","publisher":{"@id":"https:\/\/ibecbarcelona.eu\/#organization"},"potentialAction":[{"@type":"SearchAction","target":{"@type":"EntryPoint","urlTemplate":"https:\/\/ibecbarcelona.eu\/?s={search_term_string}"},"query-input":{"@type":"PropertyValueSpecification","valueRequired":true,"valueName":"search_term_string"}}],"inLanguage":"ca"},{"@type":"Organization","@id":"https:\/\/ibecbarcelona.eu\/#organization","name":"Institute for Bioengineering of Catalonia","url":"https:\/\/ibecbarcelona.eu\/","logo":{"@type":"ImageObject","inLanguage":"ca","@id":"https:\/\/ibecbarcelona.eu\/#\/schema\/logo\/image\/","url":"https:\/\/ibecbarcelona.eu\/wp-content\/uploads\/2026\/01\/cropped-IBEC_20ANYS_GRIS.png","contentUrl":"https:\/\/ibecbarcelona.eu\/wp-content\/uploads\/2026\/01\/cropped-IBEC_20ANYS_GRIS.png","width":696,"height":257,"caption":"Institute for Bioengineering of Catalonia"},"image":{"@id":"https:\/\/ibecbarcelona.eu\/#\/schema\/logo\/image\/"}},{"@type":"Person","@id":"https:\/\/ibecbarcelona.eu\/#\/schema\/person\/c212c6b589546130be67986b9290e2b8","name":"\u00c0ngels L\u00f3pez","image":{"@type":"ImageObject","inLanguage":"ca","@id":"https:\/\/secure.gravatar.com\/avatar\/09ad6ba116bea0b15c5511860f83b302579fd7404c1180e9dae55c3f11d988c6?s=96&d=mm&r=g","url":"https:\/\/secure.gravatar.com\/avatar\/09ad6ba116bea0b15c5511860f83b302579fd7404c1180e9dae55c3f11d988c6?s=96&d=mm&r=g","contentUrl":"https:\/\/secure.gravatar.com\/avatar\/09ad6ba116bea0b15c5511860f83b302579fd7404c1180e9dae55c3f11d988c6?s=96&d=mm&r=g","caption":"\u00c0ngels L\u00f3pez"},"url":"https:\/\/ibecbarcelona.eu\/ca\/author\/alopez\/"}]}},"AFP_featured_media_urls":{"full":["https:\/\/ibecbarcelona.eu\/wp-content\/uploads\/2014\/11\/mcs_340.jpg",340,210,false],"thumbnail":["https:\/\/ibecbarcelona.eu\/wp-content\/uploads\/2014\/11\/mcs_340-150x150.jpg",150,150,true],"medium":["https:\/\/ibecbarcelona.eu\/wp-content\/uploads\/2014\/11\/mcs_340-300x185.jpg",300,185,true],"medium_large":["https:\/\/ibecbarcelona.eu\/wp-content\/uploads\/2014\/11\/mcs_340.jpg",340,210,false],"large":["https:\/\/ibecbarcelona.eu\/wp-content\/uploads\/2014\/11\/mcs_340.jpg",340,210,false]},"AFP_attachments":{"full":["https:\/\/ibecbarcelona.eu\/wp-content\/uploads\/2014\/11\/mcs_340.jpg",340,210,false],"thumbnail":["https:\/\/ibecbarcelona.eu\/wp-content\/uploads\/2014\/11\/mcs_340-150x150.jpg",150,150,true],"medium":["https:\/\/ibecbarcelona.eu\/wp-content\/uploads\/2014\/11\/mcs_340-300x185.jpg",300,185,true],"medium_large":["https:\/\/ibecbarcelona.eu\/wp-content\/uploads\/2014\/11\/mcs_340.jpg",340,210,false],"large":["https:\/\/ibecbarcelona.eu\/wp-content\/uploads\/2014\/11\/mcs_340.jpg",340,210,false]},"AFP_videos":[],"AFP_video_blocks":"","AFP_category_names":["Not\u00edcies de recerca"],"_links":{"self":[{"href":"https:\/\/ibecbarcelona.eu\/ca\/wp-json\/wp\/v2\/posts\/9869","targetHints":{"allow":["GET"]}}],"collection":[{"href":"https:\/\/ibecbarcelona.eu\/ca\/wp-json\/wp\/v2\/posts"}],"about":[{"href":"https:\/\/ibecbarcelona.eu\/ca\/wp-json\/wp\/v2\/types\/post"}],"author":[{"embeddable":true,"href":"https:\/\/ibecbarcelona.eu\/ca\/wp-json\/wp\/v2\/users\/4"}],"replies":[{"embeddable":true,"href":"https:\/\/ibecbarcelona.eu\/ca\/wp-json\/wp\/v2\/comments?post=9869"}],"version-history":[{"count":0,"href":"https:\/\/ibecbarcelona.eu\/ca\/wp-json\/wp\/v2\/posts\/9869\/revisions"}],"wp:featuredmedia":[{"embeddable":true,"href":"https:\/\/ibecbarcelona.eu\/ca\/wp-json\/wp\/v2\/media\/8543"}],"wp:attachment":[{"href":"https:\/\/ibecbarcelona.eu\/ca\/wp-json\/wp\/v2\/media?parent=9869"}],"wp:term":[{"taxonomy":"category","embeddable":true,"href":"https:\/\/ibecbarcelona.eu\/ca\/wp-json\/wp\/v2\/categories?post=9869"},{"taxonomy":"post_tag","embeddable":true,"href":"https:\/\/ibecbarcelona.eu\/ca\/wp-json\/wp\/v2\/tags?post=9869"},{"taxonomy":"post_format","embeddable":true,"href":"https:\/\/ibecbarcelona.eu\/ca\/wp-json\/wp\/v2\/post_formats?post=9869"}],"curies":[{"name":"wp","href":"https:\/\/api.w.org\/{rel}","templated":true}]}}