
{"id":100051,"date":"2022-10-21T09:24:00","date_gmt":"2022-10-21T07:24:00","guid":{"rendered":"https:\/\/ibecbarcelona.eu\/?p=100051"},"modified":"2022-10-25T16:42:10","modified_gmt":"2022-10-25T14:42:10","slug":"bioengineering-for-active-ageing-ibec-symposium-arrives-to-its-15th-edition","status":"publish","type":"post","link":"https:\/\/ibecbarcelona.eu\/es\/bioengineering-for-active-ageing-ibec-symposium-arrives-to-its-15th-edition\/","title":{"rendered":"Bioingenier\u00eda para el envejecimiento activo: El IBEC Simposio llega a su 15\u00aa edici\u00f3n"},"content":{"rendered":"\n<h4 class=\"wp-block-heading\">El 15\u00ba Simposio del IBEC se llev\u00f3 a cabo el pasado 19 de octubre, con la presencia de toda la comunidad del IBEC y algunos investigadores invitados nacionales e internacionales del campo de la bioingenier\u00eda. El tema central del simposio de este a\u00f1o fue uno de los tres pilares de la investigaci\u00f3n del IBEC: el envejecimiento activo. Afortunadamente, despu\u00e9s de dos a\u00f1os de eventos en l\u00ednea debido a las restricciones de la pandemia, la reuni\u00f3n se realiz\u00f3 de manera presencial, recuperando el esp\u00edritu colaborativo e interactivo de los Simposios del IBEC.&nbsp;&nbsp;&nbsp;<\/h4>\n\n\n\n<figure class=\"wp-block-image size-large\"><img decoding=\"async\" width=\"1024\" height=\"585\" data-src=\"https:\/\/ibecbarcelona.eu\/wp-content\/uploads\/2022\/10\/IBEC-symposium_2-1024x585.jpg\" alt=\"\" class=\"wp-image-100062 lazyload\" data-srcset=\"https:\/\/ibecbarcelona.eu\/wp-content\/uploads\/2022\/10\/IBEC-symposium_2-1024x585.jpg 1024w, https:\/\/ibecbarcelona.eu\/wp-content\/uploads\/2022\/10\/IBEC-symposium_2-300x171.jpg 300w, https:\/\/ibecbarcelona.eu\/wp-content\/uploads\/2022\/10\/IBEC-symposium_2-768x439.jpg 768w, https:\/\/ibecbarcelona.eu\/wp-content\/uploads\/2022\/10\/IBEC-symposium_2-1536x878.jpg 1536w, https:\/\/ibecbarcelona.eu\/wp-content\/uploads\/2022\/10\/IBEC-symposium_2.jpg 2000w\" data-sizes=\"(max-width: 1024px) 100vw, 1024px\" src=\"data:image\/svg+xml;base64,PHN2ZyB3aWR0aD0iMSIgaGVpZ2h0PSIxIiB4bWxucz0iaHR0cDovL3d3dy53My5vcmcvMjAwMC9zdmciPjwvc3ZnPg==\" style=\"--smush-placeholder-width: 1024px; --smush-placeholder-aspect-ratio: 1024\/585;\" \/><\/figure>\n\n\n\n<p>El 15\u00ba Simposio IBEC fue, en palabras del director Josep Samitier, \u201cuna gran oportunidad para compartir nuestra ciencia, hacer nuevas conexiones y tambi\u00e9n reconectar\u201d. Adem\u00e1s, este fue un simposio especial ya que el IBEC est\u00e1 celebrando sus 15 a\u00f1os. Cerca de 250 asistentes se dieron cita para presentar sus investigaciones y debatir sobre c\u00f3mo la bioingenier\u00eda puede contribuir a lograr un envejecimiento activo y mejorar la calidad de vida de la sociedad.<\/p>\n\n\n\n<p>El director del IBEC, Josep Samitier, inaugur\u00f3 el simposio junto a&nbsp;Jordi Garc\u00eda, vicerrector de investigaci\u00f3n de la Universidad de Barcelona, y present\u00f3 la evoluci\u00f3n del instituto en los \u00faltimos 15 a\u00f1os y destac\u00f3 los principales logros cient\u00edficos. El segundo bloque del evento dio lugar a un total de 4&nbsp;conferencias magistrales y 15 charlas <em>flash<\/em>&nbsp;impartidas por investigadores junior y cerraron la sesi\u00f3n de la ma\u00f1ana, una mesa redonda de transferencia de tecnolog\u00eda y una sesi\u00f3n de ex alumnos.&nbsp;<\/p>\n\n\n\n<figure class=\"wp-block-image size-large\"><img decoding=\"async\" width=\"1024\" height=\"583\" data-src=\"https:\/\/ibecbarcelona.eu\/wp-content\/uploads\/2022\/10\/IBEC-symposium_1-1024x583.jpg\" alt=\"\" class=\"wp-image-100059 lazyload\" data-srcset=\"https:\/\/ibecbarcelona.eu\/wp-content\/uploads\/2022\/10\/IBEC-symposium_1-1024x583.jpg 1024w, https:\/\/ibecbarcelona.eu\/wp-content\/uploads\/2022\/10\/IBEC-symposium_1-300x171.jpg 300w, https:\/\/ibecbarcelona.eu\/wp-content\/uploads\/2022\/10\/IBEC-symposium_1-768x437.jpg 768w, https:\/\/ibecbarcelona.eu\/wp-content\/uploads\/2022\/10\/IBEC-symposium_1-1536x875.jpg 1536w, https:\/\/ibecbarcelona.eu\/wp-content\/uploads\/2022\/10\/IBEC-symposium_1.jpg 2000w\" data-sizes=\"(max-width: 1024px) 100vw, 1024px\" src=\"data:image\/svg+xml;base64,PHN2ZyB3aWR0aD0iMSIgaGVpZ2h0PSIxIiB4bWxucz0iaHR0cDovL3d3dy53My5vcmcvMjAwMC9zdmciPjwvc3ZnPg==\" style=\"--smush-placeholder-width: 1024px; --smush-placeholder-aspect-ratio: 1024\/583;\" \/><\/figure>\n\n\n\n<p>&nbsp;<br>El Dr. Andreas Herman, subdirector del Instituto Leibiniz de Materiales Interactivos de la Universidad de Aquisgr\u00e1n, Alemania, estuvo a cargo de la primera conferencia magistral, enfocada en c\u00f3mo emplear la mecanoqu\u00edmica para activar f\u00e1rmacos, prote\u00ednas y genes por ultrasonido. Posteriormente, C\u00e9sar Rodr\u00edguez-Emmenegger, nuevo l\u00edder de grupo del IBEC, present\u00f3 su trabajo sobre c\u00e9lulas sint\u00e9ticas, una clase de materiales bioinspirados interactivos que podr\u00edan capturar componentes celulares con fines terap\u00e9uticos.&nbsp;<\/p>\n\n\n\n<p>La Dra. Cecilia Persson, de la Universidad de Upsala en Suecia, centr\u00f3 su charla en el uso de cementos \u00f3seos, que se pueden inyectar en pacientes con osteoporosis para sellar fracturas \u00f3seas y tratar las complicaciones asociadas a la vertebroplastia. &nbsp;<\/p>\n\n\n\n<p>Finalmente, la Dra. Fiona Watt, pionera en el campo de la diferenciaci\u00f3n de c\u00e9lulas madre para producir c\u00e9lulas epiteliales, imparti\u00f3 la \u00faltima conferencia magistral. Watt es investigadora del EMBL en Heidelberg, Alemania, y centr\u00f3 su presentaci\u00f3n en c\u00f3mo los datos in vivo e in vitro pueden ayudar a comprender la regulaci\u00f3n din\u00e1mica de la diferenciaci\u00f3n epid\u00e9rmica humana.&nbsp;<br>&nbsp;<br>Reforzando la importancia que el IBEC dedica a la transferencia de tecnolog\u00eda del laboratorio a la cl\u00ednica, se dedic\u00f3 una sesi\u00f3n exclusivamente a este tema, con la presencia de Laia Arnal Arasa, directora de desarrollo de negocio del Instituto de Investigaci\u00f3n Vall d&#8217;Hebron, y Dami\u00e0 Tormo, socio director y co-fundador de Columbus Venture Partners. Ambos destacaron la importancia de apoyar la I+D+i para fomentar la valorizaci\u00f3n y transferencia tecnol\u00f3gica en el campo de la biotecnolog\u00eda y la biomedicina.&nbsp;<br>&nbsp;<br>En la sesi\u00f3n de <em>alumni<\/em>, Zaida \u00c1lvarez explic\u00f3 sus \u00faltimos logros en regeneraci\u00f3n neuronal y las estrategias emergentes basadas en andamios,&nbsp;empleadas en el campo.&nbsp;<\/p>\n\n\n\n<figure class=\"wp-block-image size-large\"><img decoding=\"async\" width=\"1024\" height=\"585\" data-src=\"https:\/\/ibecbarcelona.eu\/wp-content\/uploads\/2022\/10\/IBEC-symposium_3-1-1024x585.jpg\" alt=\"\" class=\"wp-image-100068 lazyload\" data-srcset=\"https:\/\/ibecbarcelona.eu\/wp-content\/uploads\/2022\/10\/IBEC-symposium_3-1-1024x585.jpg 1024w, https:\/\/ibecbarcelona.eu\/wp-content\/uploads\/2022\/10\/IBEC-symposium_3-1-300x171.jpg 300w, https:\/\/ibecbarcelona.eu\/wp-content\/uploads\/2022\/10\/IBEC-symposium_3-1-768x439.jpg 768w, https:\/\/ibecbarcelona.eu\/wp-content\/uploads\/2022\/10\/IBEC-symposium_3-1-1536x878.jpg 1536w, https:\/\/ibecbarcelona.eu\/wp-content\/uploads\/2022\/10\/IBEC-symposium_3-1.jpg 2000w\" data-sizes=\"(max-width: 1024px) 100vw, 1024px\" src=\"data:image\/svg+xml;base64,PHN2ZyB3aWR0aD0iMSIgaGVpZ2h0PSIxIiB4bWxucz0iaHR0cDovL3d3dy53My5vcmcvMjAwMC9zdmciPjwvc3ZnPg==\" style=\"--smush-placeholder-width: 1024px; --smush-placeholder-aspect-ratio: 1024\/585;\" \/><\/figure>\n\n\n\n<p>Adem\u00e1s, el simposio dio lugar a una sesi\u00f3n de posters con m\u00e1s de 100 ejemplos de la investigaci\u00f3n que se est\u00e1 llevando a cabo en el IBEC, que permiti\u00f3 a los investigadores intercambiar nuevas ideas y puntos de vista sobre una gran variedad de temas de bioingenier\u00eda, desde la ingenier\u00eda celular hasta la mecanobiolog\u00eda, pasando por la nanomedicina y las tecnolog\u00edas de la informaci\u00f3n y las comunicaciones. En esta sesi\u00f3n, el comit\u00e9 de sostenibilidad del IBEC tambi\u00e9n present\u00f3 un p\u00f3ster en el que expon\u00eda las diferentes acciones que ha estado llevando a cabo en los \u00faltimos meses para promover un mundo m\u00e1s sostenible, dentro y fuera de los laboratorios del IBEC. Durante la sesi\u00f3n de posters los asistentes tambi\u00e9n pudieron visitar dos stands, uno de Core Facilities y otro de la artista invitada del IBEC, Roser Cuss\u00f3.&nbsp;<br><br>Tras las presentaciones cient\u00edficas, los comit\u00e9s de PhD y Postdoc tuvieron un espacio para explicar a la comunidad del IBEC sus actividades, como el PhD Retreat y el programa de mentoring postdoc y presentar su hoja de ruta para los pr\u00f3ximos meses.&nbsp;<br><br>Para concluir al evento, el comit\u00e9 de premios, otorg\u00f3 a Giulia Fornabaio el premio a la mejor presentaci\u00f3n flash por su charla \u201cMecanismos de biog\u00e9nesis de un nuevo intermedio tumoral en carcinomas colorrectales\u201d, y a Nimesh Chahare y Am\u00e9lie Godeau el premio a los mejores posters. \u00a1Muchas felicidades a los premiados!&nbsp;<br><br>Para cerrar el evento, todos los participantes compartieron un brindis para celebrar los 15 a\u00f1os del IBEC. \u00a1El a\u00f1o que viene volveremos con la misma energ\u00eda y entusiasmo!&nbsp;<\/p>\n","protected":false},"excerpt":{"rendered":"<p>El 15\u00ba Simposio del IBEC se llev\u00f3 a cabo el pasado 19 de octubre, con la presencia de toda la comunidad del IBEC y algunos investigadores invitados nacionales e internacionales &#8230; <a title=\"Bioingenier\u00eda para el envejecimiento activo: El IBEC Simposio llega a su 15\u00aa edici\u00f3n\" class=\"read-more\" href=\"https:\/\/ibecbarcelona.eu\/es\/bioengineering-for-active-ageing-ibec-symposium-arrives-to-its-15th-edition\/\" aria-label=\"More on Bioingenier\u00eda para el envejecimiento activo: El IBEC Simposio llega a su 15\u00aa edici\u00f3n\">Read more<\/a><\/p>\n","protected":false},"author":4,"featured_media":100048,"comment_status":"closed","ping_status":"closed","sticky":false,"template":"","format":"standard","meta":{"footnotes":""},"categories":[94],"tags":[1215],"post_formats":[],"class_list":["post-100051","post","type-post","status-publish","format-standard","has-post-thumbnail","hentry","category-noticias-institucionales","tag-ibec-symposium-es"],"yoast_head":"<!-- This site is optimized with the Yoast SEO plugin v27.4 - https:\/\/yoast.com\/product\/yoast-seo-wordpress\/ -->\n<title>Bioingenier\u00eda para el envejecimiento activo: El IBEC Simposio llega a su 15\u00aa edici\u00f3n - Institute for Bioengineering of Catalonia<\/title>\n<meta name=\"robots\" content=\"index, follow, max-snippet:-1, max-image-preview:large, max-video-preview:-1\" \/>\n<link rel=\"canonical\" href=\"https:\/\/ibecbarcelona.eu\/es\/bioengineering-for-active-ageing-ibec-symposium-arrives-to-its-15th-edition\/\" \/>\n<meta property=\"og:locale\" content=\"es_ES\" \/>\n<meta property=\"og:type\" content=\"article\" \/>\n<meta property=\"og:title\" content=\"Bioingenier\u00eda para el envejecimiento activo: El IBEC Simposio llega a su 15\u00aa edici\u00f3n - Institute for Bioengineering of Catalonia\" \/>\n<meta property=\"og:description\" content=\"El 15\u00ba Simposio del IBEC se llev\u00f3 a cabo el pasado 19 de octubre, con la presencia de toda la comunidad del IBEC y algunos investigadores invitados nacionales e internacionales ... Read more\" \/>\n<meta property=\"og:url\" content=\"https:\/\/ibecbarcelona.eu\/es\/bioengineering-for-active-ageing-ibec-symposium-arrives-to-its-15th-edition\/\" \/>\n<meta property=\"og:site_name\" content=\"Institute for Bioengineering of Catalonia\" \/>\n<meta property=\"article:published_time\" content=\"2022-10-21T07:24:00+00:00\" \/>\n<meta property=\"article:modified_time\" content=\"2022-10-25T14:42:10+00:00\" \/>\n<meta property=\"og:image\" content=\"https:\/\/ibecbarcelona.eu\/wp-content\/uploads\/2022\/10\/image.jpeg\" \/>\n\t<meta property=\"og:image:width\" content=\"1145\" \/>\n\t<meta property=\"og:image:height\" content=\"764\" \/>\n\t<meta property=\"og:image:type\" content=\"image\/jpeg\" \/>\n<meta name=\"author\" content=\"\u00c0ngels L\u00f3pez\" \/>\n<meta name=\"twitter:card\" content=\"summary_large_image\" \/>\n<meta name=\"twitter:label1\" content=\"Escrito por\" \/>\n\t<meta name=\"twitter:data1\" content=\"\u00c0ngels L\u00f3pez\" \/>\n\t<meta name=\"twitter:label2\" content=\"Tiempo de lectura\" \/>\n\t<meta name=\"twitter:data2\" content=\"4 minutos\" \/>\n<script type=\"application\/ld+json\" class=\"yoast-schema-graph\">{\"@context\":\"https:\\\/\\\/schema.org\",\"@graph\":[{\"@type\":\"Article\",\"@id\":\"https:\\\/\\\/ibecbarcelona.eu\\\/es\\\/bioengineering-for-active-ageing-ibec-symposium-arrives-to-its-15th-edition\\\/#article\",\"isPartOf\":{\"@id\":\"https:\\\/\\\/ibecbarcelona.eu\\\/es\\\/bioengineering-for-active-ageing-ibec-symposium-arrives-to-its-15th-edition\\\/\"},\"author\":{\"name\":\"\u00c0ngels L\u00f3pez\",\"@id\":\"https:\\\/\\\/ibecbarcelona.eu\\\/#\\\/schema\\\/person\\\/c212c6b589546130be67986b9290e2b8\"},\"headline\":\"Bioingenier\u00eda para el envejecimiento activo: El IBEC Simposio llega a su 15\u00aa edici\u00f3n\",\"datePublished\":\"2022-10-21T07:24:00+00:00\",\"dateModified\":\"2022-10-25T14:42:10+00:00\",\"mainEntityOfPage\":{\"@id\":\"https:\\\/\\\/ibecbarcelona.eu\\\/es\\\/bioengineering-for-active-ageing-ibec-symposium-arrives-to-its-15th-edition\\\/\"},\"wordCount\":872,\"publisher\":{\"@id\":\"https:\\\/\\\/ibecbarcelona.eu\\\/#organization\"},\"image\":{\"@id\":\"https:\\\/\\\/ibecbarcelona.eu\\\/es\\\/bioengineering-for-active-ageing-ibec-symposium-arrives-to-its-15th-edition\\\/#primaryimage\"},\"thumbnailUrl\":\"https:\\\/\\\/ibecbarcelona.eu\\\/wp-content\\\/uploads\\\/2022\\\/10\\\/image.jpeg\",\"keywords\":[\"IBEC Symposium\"],\"articleSection\":[\"Noticias institucionales\"],\"inLanguage\":\"es\"},{\"@type\":\"WebPage\",\"@id\":\"https:\\\/\\\/ibecbarcelona.eu\\\/es\\\/bioengineering-for-active-ageing-ibec-symposium-arrives-to-its-15th-edition\\\/\",\"url\":\"https:\\\/\\\/ibecbarcelona.eu\\\/es\\\/bioengineering-for-active-ageing-ibec-symposium-arrives-to-its-15th-edition\\\/\",\"name\":\"Bioingenier\u00eda para el envejecimiento activo: El IBEC Simposio llega a su 15\u00aa edici\u00f3n - Institute for Bioengineering of Catalonia\",\"isPartOf\":{\"@id\":\"https:\\\/\\\/ibecbarcelona.eu\\\/#website\"},\"primaryImageOfPage\":{\"@id\":\"https:\\\/\\\/ibecbarcelona.eu\\\/es\\\/bioengineering-for-active-ageing-ibec-symposium-arrives-to-its-15th-edition\\\/#primaryimage\"},\"image\":{\"@id\":\"https:\\\/\\\/ibecbarcelona.eu\\\/es\\\/bioengineering-for-active-ageing-ibec-symposium-arrives-to-its-15th-edition\\\/#primaryimage\"},\"thumbnailUrl\":\"https:\\\/\\\/ibecbarcelona.eu\\\/wp-content\\\/uploads\\\/2022\\\/10\\\/image.jpeg\",\"datePublished\":\"2022-10-21T07:24:00+00:00\",\"dateModified\":\"2022-10-25T14:42:10+00:00\",\"breadcrumb\":{\"@id\":\"https:\\\/\\\/ibecbarcelona.eu\\\/es\\\/bioengineering-for-active-ageing-ibec-symposium-arrives-to-its-15th-edition\\\/#breadcrumb\"},\"inLanguage\":\"es\",\"potentialAction\":[{\"@type\":\"ReadAction\",\"target\":[\"https:\\\/\\\/ibecbarcelona.eu\\\/es\\\/bioengineering-for-active-ageing-ibec-symposium-arrives-to-its-15th-edition\\\/\"]}]},{\"@type\":\"ImageObject\",\"inLanguage\":\"es\",\"@id\":\"https:\\\/\\\/ibecbarcelona.eu\\\/es\\\/bioengineering-for-active-ageing-ibec-symposium-arrives-to-its-15th-edition\\\/#primaryimage\",\"url\":\"https:\\\/\\\/ibecbarcelona.eu\\\/wp-content\\\/uploads\\\/2022\\\/10\\\/image.jpeg\",\"contentUrl\":\"https:\\\/\\\/ibecbarcelona.eu\\\/wp-content\\\/uploads\\\/2022\\\/10\\\/image.jpeg\",\"width\":1145,\"height\":764},{\"@type\":\"BreadcrumbList\",\"@id\":\"https:\\\/\\\/ibecbarcelona.eu\\\/es\\\/bioengineering-for-active-ageing-ibec-symposium-arrives-to-its-15th-edition\\\/#breadcrumb\",\"itemListElement\":[{\"@type\":\"ListItem\",\"position\":1,\"name\":\"Home\",\"item\":\"https:\\\/\\\/ibecbarcelona.eu\\\/es\\\/\"},{\"@type\":\"ListItem\",\"position\":2,\"name\":\"Bioingenier\u00eda para el envejecimiento activo: El IBEC Simposio llega a su 15\u00aa edici\u00f3n\"}]},{\"@type\":\"WebSite\",\"@id\":\"https:\\\/\\\/ibecbarcelona.eu\\\/#website\",\"url\":\"https:\\\/\\\/ibecbarcelona.eu\\\/\",\"name\":\"Institute for Bioengineering of Catalonia\",\"description\":\"Bioengineering solutions for health\",\"publisher\":{\"@id\":\"https:\\\/\\\/ibecbarcelona.eu\\\/#organization\"},\"potentialAction\":[{\"@type\":\"SearchAction\",\"target\":{\"@type\":\"EntryPoint\",\"urlTemplate\":\"https:\\\/\\\/ibecbarcelona.eu\\\/?s={search_term_string}\"},\"query-input\":{\"@type\":\"PropertyValueSpecification\",\"valueRequired\":true,\"valueName\":\"search_term_string\"}}],\"inLanguage\":\"es\"},{\"@type\":\"Organization\",\"@id\":\"https:\\\/\\\/ibecbarcelona.eu\\\/#organization\",\"name\":\"Institute for Bioengineering of Catalonia\",\"url\":\"https:\\\/\\\/ibecbarcelona.eu\\\/\",\"logo\":{\"@type\":\"ImageObject\",\"inLanguage\":\"es\",\"@id\":\"https:\\\/\\\/ibecbarcelona.eu\\\/#\\\/schema\\\/logo\\\/image\\\/\",\"url\":\"https:\\\/\\\/ibecbarcelona.eu\\\/wp-content\\\/uploads\\\/2026\\\/01\\\/cropped-IBEC_20ANYS_GRIS.png\",\"contentUrl\":\"https:\\\/\\\/ibecbarcelona.eu\\\/wp-content\\\/uploads\\\/2026\\\/01\\\/cropped-IBEC_20ANYS_GRIS.png\",\"width\":696,\"height\":257,\"caption\":\"Institute for Bioengineering of Catalonia\"},\"image\":{\"@id\":\"https:\\\/\\\/ibecbarcelona.eu\\\/#\\\/schema\\\/logo\\\/image\\\/\"}},{\"@type\":\"Person\",\"@id\":\"https:\\\/\\\/ibecbarcelona.eu\\\/#\\\/schema\\\/person\\\/c212c6b589546130be67986b9290e2b8\",\"name\":\"\u00c0ngels L\u00f3pez\",\"image\":{\"@type\":\"ImageObject\",\"inLanguage\":\"es\",\"@id\":\"https:\\\/\\\/secure.gravatar.com\\\/avatar\\\/09ad6ba116bea0b15c5511860f83b302579fd7404c1180e9dae55c3f11d988c6?s=96&d=mm&r=g\",\"url\":\"https:\\\/\\\/secure.gravatar.com\\\/avatar\\\/09ad6ba116bea0b15c5511860f83b302579fd7404c1180e9dae55c3f11d988c6?s=96&d=mm&r=g\",\"contentUrl\":\"https:\\\/\\\/secure.gravatar.com\\\/avatar\\\/09ad6ba116bea0b15c5511860f83b302579fd7404c1180e9dae55c3f11d988c6?s=96&d=mm&r=g\",\"caption\":\"\u00c0ngels L\u00f3pez\"},\"url\":\"https:\\\/\\\/ibecbarcelona.eu\\\/es\\\/author\\\/alopez\\\/\"}]}<\/script>\n<!-- \/ Yoast SEO plugin. -->","yoast_head_json":{"title":"Bioingenier\u00eda para el envejecimiento activo: El IBEC Simposio llega a su 15\u00aa edici\u00f3n - Institute for Bioengineering of Catalonia","robots":{"index":"index","follow":"follow","max-snippet":"max-snippet:-1","max-image-preview":"max-image-preview:large","max-video-preview":"max-video-preview:-1"},"canonical":"https:\/\/ibecbarcelona.eu\/es\/bioengineering-for-active-ageing-ibec-symposium-arrives-to-its-15th-edition\/","og_locale":"es_ES","og_type":"article","og_title":"Bioingenier\u00eda para el envejecimiento activo: El IBEC Simposio llega a su 15\u00aa edici\u00f3n - Institute for Bioengineering of Catalonia","og_description":"El 15\u00ba Simposio del IBEC se llev\u00f3 a cabo el pasado 19 de octubre, con la presencia de toda la comunidad del IBEC y algunos investigadores invitados nacionales e internacionales ... Read more","og_url":"https:\/\/ibecbarcelona.eu\/es\/bioengineering-for-active-ageing-ibec-symposium-arrives-to-its-15th-edition\/","og_site_name":"Institute for Bioengineering of Catalonia","article_published_time":"2022-10-21T07:24:00+00:00","article_modified_time":"2022-10-25T14:42:10+00:00","og_image":[{"width":1145,"height":764,"url":"https:\/\/ibecbarcelona.eu\/wp-content\/uploads\/2022\/10\/image.jpeg","type":"image\/jpeg"}],"author":"\u00c0ngels L\u00f3pez","twitter_card":"summary_large_image","twitter_misc":{"Escrito por":"\u00c0ngels L\u00f3pez","Tiempo de lectura":"4 minutos"},"schema":{"@context":"https:\/\/schema.org","@graph":[{"@type":"Article","@id":"https:\/\/ibecbarcelona.eu\/es\/bioengineering-for-active-ageing-ibec-symposium-arrives-to-its-15th-edition\/#article","isPartOf":{"@id":"https:\/\/ibecbarcelona.eu\/es\/bioengineering-for-active-ageing-ibec-symposium-arrives-to-its-15th-edition\/"},"author":{"name":"\u00c0ngels L\u00f3pez","@id":"https:\/\/ibecbarcelona.eu\/#\/schema\/person\/c212c6b589546130be67986b9290e2b8"},"headline":"Bioingenier\u00eda para el envejecimiento activo: El IBEC Simposio llega a su 15\u00aa edici\u00f3n","datePublished":"2022-10-21T07:24:00+00:00","dateModified":"2022-10-25T14:42:10+00:00","mainEntityOfPage":{"@id":"https:\/\/ibecbarcelona.eu\/es\/bioengineering-for-active-ageing-ibec-symposium-arrives-to-its-15th-edition\/"},"wordCount":872,"publisher":{"@id":"https:\/\/ibecbarcelona.eu\/#organization"},"image":{"@id":"https:\/\/ibecbarcelona.eu\/es\/bioengineering-for-active-ageing-ibec-symposium-arrives-to-its-15th-edition\/#primaryimage"},"thumbnailUrl":"https:\/\/ibecbarcelona.eu\/wp-content\/uploads\/2022\/10\/image.jpeg","keywords":["IBEC Symposium"],"articleSection":["Noticias institucionales"],"inLanguage":"es"},{"@type":"WebPage","@id":"https:\/\/ibecbarcelona.eu\/es\/bioengineering-for-active-ageing-ibec-symposium-arrives-to-its-15th-edition\/","url":"https:\/\/ibecbarcelona.eu\/es\/bioengineering-for-active-ageing-ibec-symposium-arrives-to-its-15th-edition\/","name":"Bioingenier\u00eda para el envejecimiento activo: El IBEC Simposio llega a su 15\u00aa edici\u00f3n - Institute for Bioengineering of Catalonia","isPartOf":{"@id":"https:\/\/ibecbarcelona.eu\/#website"},"primaryImageOfPage":{"@id":"https:\/\/ibecbarcelona.eu\/es\/bioengineering-for-active-ageing-ibec-symposium-arrives-to-its-15th-edition\/#primaryimage"},"image":{"@id":"https:\/\/ibecbarcelona.eu\/es\/bioengineering-for-active-ageing-ibec-symposium-arrives-to-its-15th-edition\/#primaryimage"},"thumbnailUrl":"https:\/\/ibecbarcelona.eu\/wp-content\/uploads\/2022\/10\/image.jpeg","datePublished":"2022-10-21T07:24:00+00:00","dateModified":"2022-10-25T14:42:10+00:00","breadcrumb":{"@id":"https:\/\/ibecbarcelona.eu\/es\/bioengineering-for-active-ageing-ibec-symposium-arrives-to-its-15th-edition\/#breadcrumb"},"inLanguage":"es","potentialAction":[{"@type":"ReadAction","target":["https:\/\/ibecbarcelona.eu\/es\/bioengineering-for-active-ageing-ibec-symposium-arrives-to-its-15th-edition\/"]}]},{"@type":"ImageObject","inLanguage":"es","@id":"https:\/\/ibecbarcelona.eu\/es\/bioengineering-for-active-ageing-ibec-symposium-arrives-to-its-15th-edition\/#primaryimage","url":"https:\/\/ibecbarcelona.eu\/wp-content\/uploads\/2022\/10\/image.jpeg","contentUrl":"https:\/\/ibecbarcelona.eu\/wp-content\/uploads\/2022\/10\/image.jpeg","width":1145,"height":764},{"@type":"BreadcrumbList","@id":"https:\/\/ibecbarcelona.eu\/es\/bioengineering-for-active-ageing-ibec-symposium-arrives-to-its-15th-edition\/#breadcrumb","itemListElement":[{"@type":"ListItem","position":1,"name":"Home","item":"https:\/\/ibecbarcelona.eu\/es\/"},{"@type":"ListItem","position":2,"name":"Bioingenier\u00eda para el envejecimiento activo: El IBEC Simposio llega a su 15\u00aa edici\u00f3n"}]},{"@type":"WebSite","@id":"https:\/\/ibecbarcelona.eu\/#website","url":"https:\/\/ibecbarcelona.eu\/","name":"Institute for Bioengineering of Catalonia","description":"Bioengineering solutions for health","publisher":{"@id":"https:\/\/ibecbarcelona.eu\/#organization"},"potentialAction":[{"@type":"SearchAction","target":{"@type":"EntryPoint","urlTemplate":"https:\/\/ibecbarcelona.eu\/?s={search_term_string}"},"query-input":{"@type":"PropertyValueSpecification","valueRequired":true,"valueName":"search_term_string"}}],"inLanguage":"es"},{"@type":"Organization","@id":"https:\/\/ibecbarcelona.eu\/#organization","name":"Institute for Bioengineering of Catalonia","url":"https:\/\/ibecbarcelona.eu\/","logo":{"@type":"ImageObject","inLanguage":"es","@id":"https:\/\/ibecbarcelona.eu\/#\/schema\/logo\/image\/","url":"https:\/\/ibecbarcelona.eu\/wp-content\/uploads\/2026\/01\/cropped-IBEC_20ANYS_GRIS.png","contentUrl":"https:\/\/ibecbarcelona.eu\/wp-content\/uploads\/2026\/01\/cropped-IBEC_20ANYS_GRIS.png","width":696,"height":257,"caption":"Institute for Bioengineering of Catalonia"},"image":{"@id":"https:\/\/ibecbarcelona.eu\/#\/schema\/logo\/image\/"}},{"@type":"Person","@id":"https:\/\/ibecbarcelona.eu\/#\/schema\/person\/c212c6b589546130be67986b9290e2b8","name":"\u00c0ngels L\u00f3pez","image":{"@type":"ImageObject","inLanguage":"es","@id":"https:\/\/secure.gravatar.com\/avatar\/09ad6ba116bea0b15c5511860f83b302579fd7404c1180e9dae55c3f11d988c6?s=96&d=mm&r=g","url":"https:\/\/secure.gravatar.com\/avatar\/09ad6ba116bea0b15c5511860f83b302579fd7404c1180e9dae55c3f11d988c6?s=96&d=mm&r=g","contentUrl":"https:\/\/secure.gravatar.com\/avatar\/09ad6ba116bea0b15c5511860f83b302579fd7404c1180e9dae55c3f11d988c6?s=96&d=mm&r=g","caption":"\u00c0ngels L\u00f3pez"},"url":"https:\/\/ibecbarcelona.eu\/es\/author\/alopez\/"}]}},"AFP_featured_media_urls":{"full":["https:\/\/ibecbarcelona.eu\/wp-content\/uploads\/2022\/10\/image.jpeg",1145,764,false],"thumbnail":["https:\/\/ibecbarcelona.eu\/wp-content\/uploads\/2022\/10\/image-150x150.jpeg",150,150,true],"medium":["https:\/\/ibecbarcelona.eu\/wp-content\/uploads\/2022\/10\/image-300x200.jpeg",300,200,true],"medium_large":["https:\/\/ibecbarcelona.eu\/wp-content\/uploads\/2022\/10\/image-768x512.jpeg",768,512,true],"large":["https:\/\/ibecbarcelona.eu\/wp-content\/uploads\/2022\/10\/image-1024x683.jpeg",1024,683,true]},"AFP_attachments":{"full":["https:\/\/ibecbarcelona.eu\/wp-content\/uploads\/2022\/10\/image.jpeg",1145,764,false],"thumbnail":["https:\/\/ibecbarcelona.eu\/wp-content\/uploads\/2022\/10\/image-150x150.jpeg",150,150,true],"medium":["https:\/\/ibecbarcelona.eu\/wp-content\/uploads\/2022\/10\/image-300x200.jpeg",300,200,true],"medium_large":["https:\/\/ibecbarcelona.eu\/wp-content\/uploads\/2022\/10\/image-768x512.jpeg",768,512,true],"large":["https:\/\/ibecbarcelona.eu\/wp-content\/uploads\/2022\/10\/image-1024x683.jpeg",1024,683,true]},"AFP_videos":[],"AFP_video_blocks":"","AFP_category_names":["Noticias institucionales"],"_links":{"self":[{"href":"https:\/\/ibecbarcelona.eu\/es\/wp-json\/wp\/v2\/posts\/100051","targetHints":{"allow":["GET"]}}],"collection":[{"href":"https:\/\/ibecbarcelona.eu\/es\/wp-json\/wp\/v2\/posts"}],"about":[{"href":"https:\/\/ibecbarcelona.eu\/es\/wp-json\/wp\/v2\/types\/post"}],"author":[{"embeddable":true,"href":"https:\/\/ibecbarcelona.eu\/es\/wp-json\/wp\/v2\/users\/4"}],"replies":[{"embeddable":true,"href":"https:\/\/ibecbarcelona.eu\/es\/wp-json\/wp\/v2\/comments?post=100051"}],"version-history":[{"count":4,"href":"https:\/\/ibecbarcelona.eu\/es\/wp-json\/wp\/v2\/posts\/100051\/revisions"}],"predecessor-version":[{"id":100076,"href":"https:\/\/ibecbarcelona.eu\/es\/wp-json\/wp\/v2\/posts\/100051\/revisions\/100076"}],"wp:featuredmedia":[{"embeddable":true,"href":"https:\/\/ibecbarcelona.eu\/es\/wp-json\/wp\/v2\/media\/100048"}],"wp:attachment":[{"href":"https:\/\/ibecbarcelona.eu\/es\/wp-json\/wp\/v2\/media?parent=100051"}],"wp:term":[{"taxonomy":"category","embeddable":true,"href":"https:\/\/ibecbarcelona.eu\/es\/wp-json\/wp\/v2\/categories?post=100051"},{"taxonomy":"post_tag","embeddable":true,"href":"https:\/\/ibecbarcelona.eu\/es\/wp-json\/wp\/v2\/tags?post=100051"},{"taxonomy":"post_format","embeddable":true,"href":"https:\/\/ibecbarcelona.eu\/es\/wp-json\/wp\/v2\/post_formats?post=100051"}],"curies":[{"name":"wp","href":"https:\/\/api.w.org\/{rel}","templated":true}]}}