
{"id":104270,"date":"2023-02-15T13:14:09","date_gmt":"2023-02-15T12:14:09","guid":{"rendered":"https:\/\/ibecbarcelona.eu\/ibec-holds-the-first-international-symposium-on-neuroblastoma-therapies\/"},"modified":"2023-02-15T13:43:29","modified_gmt":"2023-02-15T12:43:29","slug":"ibec-holds-the-first-international-symposium-on-neuroblastoma-therapies","status":"publish","type":"post","link":"https:\/\/ibecbarcelona.eu\/es\/el-ibec-celebra-el-primer-simposio-internacional-sobre-terapias-contra-el-neuroblastoma","title":{"rendered":"El IBEC celebra el primer Simposio Internacional sobre terapias contra el Neuroblastoma"},"content":{"rendered":"\n<h4 class=\"wp-block-heading\">El pasado 6-7 de febrero el Instituto de Bioingenier\u00eda de Catalunya (IBEC) organiz\u00f3 el primer Simposio Internacional sobre enfoques transdisciplinarios para la terapia del Neuroblastoma, un evento que congreg\u00f3 a m\u00e1s de un centenar de expertos en la materia y que se celebr\u00f3 en el Hospital Sant Joan de D\u00e9u de Barcelona. En el D\u00eda Internacional del C\u00e1ncer Infantil, este evento cobra especial relevancia debido a su innovador enfoque en la b\u00fasqueda de nuevas terapias para este tipo de c\u00e1ncer.<\/h4>\n\n\n\n<p>El objetivo principal del simposio era fomentar el intercambio de ideas y conocimientos entre expertos de diversos campos, incluyendo investigadores, cl\u00ednicos y asociaciones de pacientes. El prop\u00f3sito era explorar soluciones innovadoras para abordar el tratamiento del neuroblastoma. Durante el d\u00eda y medio que dur\u00f3 el evento, los asistentes tuvieron la oportunidad de participar en ponencias, presentaciones de posters y mesas redondas, con el fin de promover la discusi\u00f3n y el di\u00e1logo.<\/p>\n\n\n\n<p>El neuroblastoma es un tipo de c\u00e1ncer que afecta las c\u00e9lulas nerviosas y es m\u00e1s com\u00fan en beb\u00e9s y ni\u00f1os peque\u00f1os. Por lo general, se origina en las gl\u00e1ndulas suprarrenales (peque\u00f1as gl\u00e1ndulas ubicadas en la parte superior de los ri\u00f1ones), aunque tambi\u00e9n puede presentarse en otras \u00e1reas del cuerpo, como el abdomen, el cuello o el t\u00f3rax. Aunque se considera un tipo de c\u00e1ncer poco com\u00fan, es el c\u00e1ncer m\u00e1s frecuente en la infancia.<\/p>\n\n\n\n<p>El Primer Simposio Internacional sobre enfoques transdisciplinarios para la terapia del Neuroblastoma, que cont\u00f3 con la asistencia de m\u00e1s de 100 participantes, represent\u00f3 un paso crucial hacia la creaci\u00f3n de un consorcio de investigaci\u00f3n que pueda contribuir activamente al Plan Europeo de Lucha contra el C\u00e1ncer.<\/p>\n\n\n\n<figure class=\"wp-block-image size-large\"><img decoding=\"async\" width=\"1024\" height=\"512\" data-src=\"https:\/\/ibecbarcelona.eu\/wp-content\/uploads\/2023\/02\/neuroblastoma_event-1024x512.jpg\" alt=\"\" class=\"wp-image-104261 lazyload\" data-srcset=\"https:\/\/ibecbarcelona.eu\/wp-content\/uploads\/2023\/02\/neuroblastoma_event-1024x512.jpg 1024w, https:\/\/ibecbarcelona.eu\/wp-content\/uploads\/2023\/02\/neuroblastoma_event-300x150.jpg 300w, https:\/\/ibecbarcelona.eu\/wp-content\/uploads\/2023\/02\/neuroblastoma_event-768x384.jpg 768w, https:\/\/ibecbarcelona.eu\/wp-content\/uploads\/2023\/02\/neuroblastoma_event.jpg 1200w\" data-sizes=\"(max-width: 1024px) 100vw, 1024px\" src=\"data:image\/svg+xml;base64,PHN2ZyB3aWR0aD0iMSIgaGVpZ2h0PSIxIiB4bWxucz0iaHR0cDovL3d3dy53My5vcmcvMjAwMC9zdmciPjwvc3ZnPg==\" style=\"--smush-placeholder-width: 1024px; --smush-placeholder-aspect-ratio: 1024\/512;\" \/><\/figure>\n\n\n\n<p>La inauguraci\u00f3n del evento estuvo a cargo de Jaume Mora, director cient\u00edfico del Pediatric Cancer Center Barcelona (PCCB), Josep Samitier, director del Instituto de Bioingenier\u00eda de Catalu\u00f1a (IBEC), y Joaqu\u00edn Mol\u00ed, presidente de la Asociaci\u00f3n de familiares y amigos de ni\u00f1os con neuroblastoma (NEN). Los disertantes enfatizaron la importancia de crear espacios de discusi\u00f3n y colaboraci\u00f3n para abordar de manera efectiva los desaf\u00edos que plantea el neuroblastoma.<\/p>\n\n\n\n<p>Con la participaci\u00f3n de un grupo diverso de expertos y asociaciones de pacientes, el simposio proporcion\u00f3 una plataforma para la futura colaboraci\u00f3n y el progreso en la lucha contra el neuroblastoma.<\/p>\n\n\n\n<p>En la jornada dedicada a la biolog\u00eda y modelado del neuroblastoma, el evento cont\u00f3 con la participaci\u00f3n de <strong>Jan Skoda, <\/strong>Masaryk University, Czech Republic; <strong>Francisco M. Vega, <\/strong>University of Seville y Institute of Biomedicine of Seville, Spain; <strong>Olga Piskareva, <\/strong>RCSI University of Health and Medical Sciences, Ireland; <strong>Melinda Halasz, <\/strong>University College Dublin, Ireland; <strong>Oscar Bedoya-Reina, <\/strong>Karolinska Institutet, Sweden; <strong>Aranzazu Villasante, <\/strong>Institute for Bioengineering of Catalonia (IBEC), Spain; <strong>Isaac Vieco-Mart\u00ed, <\/strong>University of Valencia-INCLIVA, Spain; <strong>Daniel Bexell, <\/strong>Lund University, Sweden; <strong>Teodora Randelovic, <\/strong>Instituto de Investigacion Sanitaria Aragon (IISA), Spain y <strong>Walter Kolch, <\/strong>University College Dublin (UCD), Ireland. Y para la secci\u00f3n dedicada a las terapias de vanguardia con <strong>Juan Gallo, <\/strong>International Iberian Nanotechnology Laboratory (INL), Portugal; <strong>Fabio Pastorino, <\/strong>IRCCS Istituto Giannina Gaslini, Italy; <strong>Lena Witzdam, <\/strong>Institute for Bioengineering of Catalonia (IBEC), Spain; <strong>Alena Gros, <\/strong>Vall d\u2019Hebron Institute of Oncology (VHIO), Spain; <strong>Souhaila H. El Moukhtari, <\/strong>Universidad de Navarra, Spain; <strong>Ariadna Boloix, <\/strong>Vall d\u2019Hebron Research Institute (VHIR), Spain y <strong>Oscar Martinez Tirado, <\/strong>Bellvitge Biomedical Research Institute (IDIBELL), Spain.<\/p>\n\n\n\n<p>En la jornada dedicada a los enfoques cl\u00ednicosel evento cont\u00f3 con las ponencias de<strong> Frank Westermann, <\/strong>German Cancer Research Center (DKFZ), Germany; <strong>Ellen King, <\/strong>Royal College of Surgeons in Ireland, Ireland; <strong>Gudrun Schleiermacher<\/strong>, Institut Curie, France; <strong>Ronja Struck, <\/strong>Royal College of Surgeons in Ireland, Ireland; <strong>Max van Noesel, <\/strong>Princess Maxima center for pediatric oncology, The Netherlands y <strong>Lucas Moreno, <\/strong>Division Head, Paediatric Oncology &amp; Haematology at Vall d\u2019Hebron Barcelona Hospital Campus, Spain.<\/p>\n\n\n\n<p>La clausura corri\u00f3 a cargo de Lucas Moreno, jefe de la Divisi\u00f3n de Oncolog\u00eda y Hematolog\u00eda Pedi\u00e1trica del Campus del Hospital Vall d&#8217;Hebron, quien destac\u00f3 la importancia de traducir los hallazgos de la investigaci\u00f3n en beneficios tangibles para los pacientes.<\/p>\n\n\n\n<p>Este simposio ha sido financiado por el <a href=\"https:\/\/www.ejprarediseases.org\/\">Programa Conjunto Europeo de Enfermedades Raras<\/a> y organizado por el IBEC en colaboraci\u00f3n con el Hospital Sant Joan de D\u00e9u y la <a href=\"https:\/\/asociacion-nen.org\/\">asociaci\u00f3n NEN<\/a>.<\/p>\n","protected":false},"excerpt":{"rendered":"<p>El pasado 6-7 de febrero el Instituto de Bioingenier\u00eda de Catalunya (IBEC) organiz\u00f3 el primer Simposio Internacional sobre enfoques transdisciplinarios para la terapia del Neuroblastoma, un evento que congreg\u00f3 a &#8230; <a title=\"El IBEC celebra el primer Simposio Internacional sobre terapias contra el Neuroblastoma\" class=\"read-more\" href=\"https:\/\/ibecbarcelona.eu\/es\/el-ibec-celebra-el-primer-simposio-internacional-sobre-terapias-contra-el-neuroblastoma\" aria-label=\"More on El IBEC celebra el primer Simposio Internacional sobre terapias contra el Neuroblastoma\">Read more<\/a><\/p>\n","protected":false},"author":4,"featured_media":102288,"comment_status":"closed","ping_status":"closed","sticky":false,"template":"","format":"standard","meta":{"footnotes":""},"categories":[94],"tags":[1733,1881,1933],"post_formats":[],"class_list":["post-104270","post","type-post","status-publish","format-standard","has-post-thumbnail","hentry","category-noticias-institucionales","tag-evento","tag-nanobioengineering-es","tag-neuroblastoma-es"],"yoast_head":"<!-- This site is optimized with the Yoast SEO plugin v27.5 - https:\/\/yoast.com\/product\/yoast-seo-wordpress\/ -->\n<title>El IBEC celebra el primer Simposio Internacional sobre terapias contra el Neuroblastoma - Institute for Bioengineering of Catalonia<\/title>\n<meta name=\"robots\" content=\"index, follow, max-snippet:-1, max-image-preview:large, max-video-preview:-1\" \/>\n<link rel=\"canonical\" href=\"https:\/\/ibecbarcelona.eu\/es\/el-ibec-celebra-el-primer-simposio-internacional-sobre-terapias-contra-el-neuroblastoma\/\" \/>\n<meta property=\"og:locale\" content=\"es_ES\" \/>\n<meta property=\"og:type\" content=\"article\" \/>\n<meta property=\"og:title\" content=\"El IBEC celebra el primer Simposio Internacional sobre terapias contra el Neuroblastoma - Institute for Bioengineering of Catalonia\" \/>\n<meta property=\"og:description\" content=\"El pasado 6-7 de febrero el Instituto de Bioingenier\u00eda de Catalunya (IBEC) organiz\u00f3 el primer Simposio Internacional sobre enfoques transdisciplinarios para la terapia del Neuroblastoma, un evento que congreg\u00f3 a ... Read more\" \/>\n<meta property=\"og:url\" content=\"https:\/\/ibecbarcelona.eu\/es\/el-ibec-celebra-el-primer-simposio-internacional-sobre-terapias-contra-el-neuroblastoma\/\" \/>\n<meta property=\"og:site_name\" content=\"Institute for Bioengineering of Catalonia\" \/>\n<meta property=\"article:published_time\" content=\"2023-02-15T12:14:09+00:00\" \/>\n<meta property=\"article:modified_time\" content=\"2023-02-15T12:43:29+00:00\" \/>\n<meta property=\"og:image\" content=\"https:\/\/ibecbarcelona.eu\/wp-content\/uploads\/2022\/11\/neuroblastoma_REDES.jpg\" \/>\n\t<meta property=\"og:image:width\" content=\"1387\" \/>\n\t<meta property=\"og:image:height\" content=\"703\" \/>\n\t<meta property=\"og:image:type\" content=\"image\/jpeg\" \/>\n<meta name=\"author\" content=\"\u00c0ngels L\u00f3pez\" \/>\n<meta name=\"twitter:card\" content=\"summary_large_image\" \/>\n<meta name=\"twitter:label1\" content=\"Escrito por\" \/>\n\t<meta name=\"twitter:data1\" content=\"\u00c0ngels L\u00f3pez\" \/>\n\t<meta name=\"twitter:label2\" content=\"Tiempo de lectura\" \/>\n\t<meta name=\"twitter:data2\" content=\"4 minutos\" \/>\n<script type=\"application\/ld+json\" class=\"yoast-schema-graph\">{\"@context\":\"https:\\\/\\\/schema.org\",\"@graph\":[{\"@type\":\"Article\",\"@id\":\"https:\\\/\\\/ibecbarcelona.eu\\\/es\\\/el-ibec-celebra-el-primer-simposio-internacional-sobre-terapias-contra-el-neuroblastoma\\\/#article\",\"isPartOf\":{\"@id\":\"https:\\\/\\\/ibecbarcelona.eu\\\/es\\\/el-ibec-celebra-el-primer-simposio-internacional-sobre-terapias-contra-el-neuroblastoma\\\/\"},\"author\":{\"name\":\"\u00c0ngels L\u00f3pez\",\"@id\":\"https:\\\/\\\/ibecbarcelona.eu\\\/#\\\/schema\\\/person\\\/c212c6b589546130be67986b9290e2b8\"},\"headline\":\"El IBEC celebra el primer Simposio Internacional sobre terapias contra el Neuroblastoma\",\"datePublished\":\"2023-02-15T12:14:09+00:00\",\"dateModified\":\"2023-02-15T12:43:29+00:00\",\"mainEntityOfPage\":{\"@id\":\"https:\\\/\\\/ibecbarcelona.eu\\\/es\\\/el-ibec-celebra-el-primer-simposio-internacional-sobre-terapias-contra-el-neuroblastoma\\\/\"},\"wordCount\":748,\"publisher\":{\"@id\":\"https:\\\/\\\/ibecbarcelona.eu\\\/#organization\"},\"image\":{\"@id\":\"https:\\\/\\\/ibecbarcelona.eu\\\/es\\\/el-ibec-celebra-el-primer-simposio-internacional-sobre-terapias-contra-el-neuroblastoma\\\/#primaryimage\"},\"thumbnailUrl\":\"https:\\\/\\\/ibecbarcelona.eu\\\/wp-content\\\/uploads\\\/2022\\\/11\\\/neuroblastoma_REDES.jpg\",\"keywords\":[\"Evento\",\"Nanobioengineering\",\"Neuroblastoma\"],\"articleSection\":[\"Noticias institucionales\"],\"inLanguage\":\"es\"},{\"@type\":\"WebPage\",\"@id\":\"https:\\\/\\\/ibecbarcelona.eu\\\/es\\\/el-ibec-celebra-el-primer-simposio-internacional-sobre-terapias-contra-el-neuroblastoma\\\/\",\"url\":\"https:\\\/\\\/ibecbarcelona.eu\\\/es\\\/el-ibec-celebra-el-primer-simposio-internacional-sobre-terapias-contra-el-neuroblastoma\\\/\",\"name\":\"El IBEC celebra el primer Simposio Internacional sobre terapias contra el Neuroblastoma - Institute for Bioengineering of Catalonia\",\"isPartOf\":{\"@id\":\"https:\\\/\\\/ibecbarcelona.eu\\\/#website\"},\"primaryImageOfPage\":{\"@id\":\"https:\\\/\\\/ibecbarcelona.eu\\\/es\\\/el-ibec-celebra-el-primer-simposio-internacional-sobre-terapias-contra-el-neuroblastoma\\\/#primaryimage\"},\"image\":{\"@id\":\"https:\\\/\\\/ibecbarcelona.eu\\\/es\\\/el-ibec-celebra-el-primer-simposio-internacional-sobre-terapias-contra-el-neuroblastoma\\\/#primaryimage\"},\"thumbnailUrl\":\"https:\\\/\\\/ibecbarcelona.eu\\\/wp-content\\\/uploads\\\/2022\\\/11\\\/neuroblastoma_REDES.jpg\",\"datePublished\":\"2023-02-15T12:14:09+00:00\",\"dateModified\":\"2023-02-15T12:43:29+00:00\",\"breadcrumb\":{\"@id\":\"https:\\\/\\\/ibecbarcelona.eu\\\/es\\\/el-ibec-celebra-el-primer-simposio-internacional-sobre-terapias-contra-el-neuroblastoma\\\/#breadcrumb\"},\"inLanguage\":\"es\",\"potentialAction\":[{\"@type\":\"ReadAction\",\"target\":[\"https:\\\/\\\/ibecbarcelona.eu\\\/es\\\/el-ibec-celebra-el-primer-simposio-internacional-sobre-terapias-contra-el-neuroblastoma\\\/\"]}]},{\"@type\":\"ImageObject\",\"inLanguage\":\"es\",\"@id\":\"https:\\\/\\\/ibecbarcelona.eu\\\/es\\\/el-ibec-celebra-el-primer-simposio-internacional-sobre-terapias-contra-el-neuroblastoma\\\/#primaryimage\",\"url\":\"https:\\\/\\\/ibecbarcelona.eu\\\/wp-content\\\/uploads\\\/2022\\\/11\\\/neuroblastoma_REDES.jpg\",\"contentUrl\":\"https:\\\/\\\/ibecbarcelona.eu\\\/wp-content\\\/uploads\\\/2022\\\/11\\\/neuroblastoma_REDES.jpg\",\"width\":1387,\"height\":703},{\"@type\":\"BreadcrumbList\",\"@id\":\"https:\\\/\\\/ibecbarcelona.eu\\\/es\\\/el-ibec-celebra-el-primer-simposio-internacional-sobre-terapias-contra-el-neuroblastoma\\\/#breadcrumb\",\"itemListElement\":[{\"@type\":\"ListItem\",\"position\":1,\"name\":\"Home\",\"item\":\"https:\\\/\\\/ibecbarcelona.eu\\\/es\\\/\"},{\"@type\":\"ListItem\",\"position\":2,\"name\":\"El IBEC celebra el primer Simposio Internacional sobre terapias contra el Neuroblastoma\"}]},{\"@type\":\"WebSite\",\"@id\":\"https:\\\/\\\/ibecbarcelona.eu\\\/#website\",\"url\":\"https:\\\/\\\/ibecbarcelona.eu\\\/\",\"name\":\"Institute for Bioengineering of Catalonia\",\"description\":\"Bioengineering solutions for health\",\"publisher\":{\"@id\":\"https:\\\/\\\/ibecbarcelona.eu\\\/#organization\"},\"potentialAction\":[{\"@type\":\"SearchAction\",\"target\":{\"@type\":\"EntryPoint\",\"urlTemplate\":\"https:\\\/\\\/ibecbarcelona.eu\\\/?s={search_term_string}\"},\"query-input\":{\"@type\":\"PropertyValueSpecification\",\"valueRequired\":true,\"valueName\":\"search_term_string\"}}],\"inLanguage\":\"es\"},{\"@type\":\"Organization\",\"@id\":\"https:\\\/\\\/ibecbarcelona.eu\\\/#organization\",\"name\":\"Institute for Bioengineering of Catalonia\",\"url\":\"https:\\\/\\\/ibecbarcelona.eu\\\/\",\"logo\":{\"@type\":\"ImageObject\",\"inLanguage\":\"es\",\"@id\":\"https:\\\/\\\/ibecbarcelona.eu\\\/#\\\/schema\\\/logo\\\/image\\\/\",\"url\":\"https:\\\/\\\/ibecbarcelona.eu\\\/wp-content\\\/uploads\\\/2026\\\/01\\\/cropped-IBEC_20ANYS_GRIS.png\",\"contentUrl\":\"https:\\\/\\\/ibecbarcelona.eu\\\/wp-content\\\/uploads\\\/2026\\\/01\\\/cropped-IBEC_20ANYS_GRIS.png\",\"width\":696,\"height\":257,\"caption\":\"Institute for Bioengineering of Catalonia\"},\"image\":{\"@id\":\"https:\\\/\\\/ibecbarcelona.eu\\\/#\\\/schema\\\/logo\\\/image\\\/\"}},{\"@type\":\"Person\",\"@id\":\"https:\\\/\\\/ibecbarcelona.eu\\\/#\\\/schema\\\/person\\\/c212c6b589546130be67986b9290e2b8\",\"name\":\"\u00c0ngels L\u00f3pez\",\"image\":{\"@type\":\"ImageObject\",\"inLanguage\":\"es\",\"@id\":\"https:\\\/\\\/secure.gravatar.com\\\/avatar\\\/09ad6ba116bea0b15c5511860f83b302579fd7404c1180e9dae55c3f11d988c6?s=96&d=mm&r=g\",\"url\":\"https:\\\/\\\/secure.gravatar.com\\\/avatar\\\/09ad6ba116bea0b15c5511860f83b302579fd7404c1180e9dae55c3f11d988c6?s=96&d=mm&r=g\",\"contentUrl\":\"https:\\\/\\\/secure.gravatar.com\\\/avatar\\\/09ad6ba116bea0b15c5511860f83b302579fd7404c1180e9dae55c3f11d988c6?s=96&d=mm&r=g\",\"caption\":\"\u00c0ngels L\u00f3pez\"},\"url\":\"https:\\\/\\\/ibecbarcelona.eu\\\/es\\\/author\\\/alopez\\\/\"}]}<\/script>\n<!-- \/ Yoast SEO plugin. -->","yoast_head_json":{"title":"El IBEC celebra el primer Simposio Internacional sobre terapias contra el Neuroblastoma - Institute for Bioengineering of Catalonia","robots":{"index":"index","follow":"follow","max-snippet":"max-snippet:-1","max-image-preview":"max-image-preview:large","max-video-preview":"max-video-preview:-1"},"canonical":"https:\/\/ibecbarcelona.eu\/es\/el-ibec-celebra-el-primer-simposio-internacional-sobre-terapias-contra-el-neuroblastoma\/","og_locale":"es_ES","og_type":"article","og_title":"El IBEC celebra el primer Simposio Internacional sobre terapias contra el Neuroblastoma - Institute for Bioengineering of Catalonia","og_description":"El pasado 6-7 de febrero el Instituto de Bioingenier\u00eda de Catalunya (IBEC) organiz\u00f3 el primer Simposio Internacional sobre enfoques transdisciplinarios para la terapia del Neuroblastoma, un evento que congreg\u00f3 a ... Read more","og_url":"https:\/\/ibecbarcelona.eu\/es\/el-ibec-celebra-el-primer-simposio-internacional-sobre-terapias-contra-el-neuroblastoma\/","og_site_name":"Institute for Bioengineering of Catalonia","article_published_time":"2023-02-15T12:14:09+00:00","article_modified_time":"2023-02-15T12:43:29+00:00","og_image":[{"width":1387,"height":703,"url":"https:\/\/ibecbarcelona.eu\/wp-content\/uploads\/2022\/11\/neuroblastoma_REDES.jpg","type":"image\/jpeg"}],"author":"\u00c0ngels L\u00f3pez","twitter_card":"summary_large_image","twitter_misc":{"Escrito por":"\u00c0ngels L\u00f3pez","Tiempo de lectura":"4 minutos"},"schema":{"@context":"https:\/\/schema.org","@graph":[{"@type":"Article","@id":"https:\/\/ibecbarcelona.eu\/es\/el-ibec-celebra-el-primer-simposio-internacional-sobre-terapias-contra-el-neuroblastoma\/#article","isPartOf":{"@id":"https:\/\/ibecbarcelona.eu\/es\/el-ibec-celebra-el-primer-simposio-internacional-sobre-terapias-contra-el-neuroblastoma\/"},"author":{"name":"\u00c0ngels L\u00f3pez","@id":"https:\/\/ibecbarcelona.eu\/#\/schema\/person\/c212c6b589546130be67986b9290e2b8"},"headline":"El IBEC celebra el primer Simposio Internacional sobre terapias contra el Neuroblastoma","datePublished":"2023-02-15T12:14:09+00:00","dateModified":"2023-02-15T12:43:29+00:00","mainEntityOfPage":{"@id":"https:\/\/ibecbarcelona.eu\/es\/el-ibec-celebra-el-primer-simposio-internacional-sobre-terapias-contra-el-neuroblastoma\/"},"wordCount":748,"publisher":{"@id":"https:\/\/ibecbarcelona.eu\/#organization"},"image":{"@id":"https:\/\/ibecbarcelona.eu\/es\/el-ibec-celebra-el-primer-simposio-internacional-sobre-terapias-contra-el-neuroblastoma\/#primaryimage"},"thumbnailUrl":"https:\/\/ibecbarcelona.eu\/wp-content\/uploads\/2022\/11\/neuroblastoma_REDES.jpg","keywords":["Evento","Nanobioengineering","Neuroblastoma"],"articleSection":["Noticias institucionales"],"inLanguage":"es"},{"@type":"WebPage","@id":"https:\/\/ibecbarcelona.eu\/es\/el-ibec-celebra-el-primer-simposio-internacional-sobre-terapias-contra-el-neuroblastoma\/","url":"https:\/\/ibecbarcelona.eu\/es\/el-ibec-celebra-el-primer-simposio-internacional-sobre-terapias-contra-el-neuroblastoma\/","name":"El IBEC celebra el primer Simposio Internacional sobre terapias contra el Neuroblastoma - Institute for Bioengineering of Catalonia","isPartOf":{"@id":"https:\/\/ibecbarcelona.eu\/#website"},"primaryImageOfPage":{"@id":"https:\/\/ibecbarcelona.eu\/es\/el-ibec-celebra-el-primer-simposio-internacional-sobre-terapias-contra-el-neuroblastoma\/#primaryimage"},"image":{"@id":"https:\/\/ibecbarcelona.eu\/es\/el-ibec-celebra-el-primer-simposio-internacional-sobre-terapias-contra-el-neuroblastoma\/#primaryimage"},"thumbnailUrl":"https:\/\/ibecbarcelona.eu\/wp-content\/uploads\/2022\/11\/neuroblastoma_REDES.jpg","datePublished":"2023-02-15T12:14:09+00:00","dateModified":"2023-02-15T12:43:29+00:00","breadcrumb":{"@id":"https:\/\/ibecbarcelona.eu\/es\/el-ibec-celebra-el-primer-simposio-internacional-sobre-terapias-contra-el-neuroblastoma\/#breadcrumb"},"inLanguage":"es","potentialAction":[{"@type":"ReadAction","target":["https:\/\/ibecbarcelona.eu\/es\/el-ibec-celebra-el-primer-simposio-internacional-sobre-terapias-contra-el-neuroblastoma\/"]}]},{"@type":"ImageObject","inLanguage":"es","@id":"https:\/\/ibecbarcelona.eu\/es\/el-ibec-celebra-el-primer-simposio-internacional-sobre-terapias-contra-el-neuroblastoma\/#primaryimage","url":"https:\/\/ibecbarcelona.eu\/wp-content\/uploads\/2022\/11\/neuroblastoma_REDES.jpg","contentUrl":"https:\/\/ibecbarcelona.eu\/wp-content\/uploads\/2022\/11\/neuroblastoma_REDES.jpg","width":1387,"height":703},{"@type":"BreadcrumbList","@id":"https:\/\/ibecbarcelona.eu\/es\/el-ibec-celebra-el-primer-simposio-internacional-sobre-terapias-contra-el-neuroblastoma\/#breadcrumb","itemListElement":[{"@type":"ListItem","position":1,"name":"Home","item":"https:\/\/ibecbarcelona.eu\/es\/"},{"@type":"ListItem","position":2,"name":"El IBEC celebra el primer Simposio Internacional sobre terapias contra el Neuroblastoma"}]},{"@type":"WebSite","@id":"https:\/\/ibecbarcelona.eu\/#website","url":"https:\/\/ibecbarcelona.eu\/","name":"Institute for Bioengineering of Catalonia","description":"Bioengineering solutions for health","publisher":{"@id":"https:\/\/ibecbarcelona.eu\/#organization"},"potentialAction":[{"@type":"SearchAction","target":{"@type":"EntryPoint","urlTemplate":"https:\/\/ibecbarcelona.eu\/?s={search_term_string}"},"query-input":{"@type":"PropertyValueSpecification","valueRequired":true,"valueName":"search_term_string"}}],"inLanguage":"es"},{"@type":"Organization","@id":"https:\/\/ibecbarcelona.eu\/#organization","name":"Institute for Bioengineering of Catalonia","url":"https:\/\/ibecbarcelona.eu\/","logo":{"@type":"ImageObject","inLanguage":"es","@id":"https:\/\/ibecbarcelona.eu\/#\/schema\/logo\/image\/","url":"https:\/\/ibecbarcelona.eu\/wp-content\/uploads\/2026\/01\/cropped-IBEC_20ANYS_GRIS.png","contentUrl":"https:\/\/ibecbarcelona.eu\/wp-content\/uploads\/2026\/01\/cropped-IBEC_20ANYS_GRIS.png","width":696,"height":257,"caption":"Institute for Bioengineering of Catalonia"},"image":{"@id":"https:\/\/ibecbarcelona.eu\/#\/schema\/logo\/image\/"}},{"@type":"Person","@id":"https:\/\/ibecbarcelona.eu\/#\/schema\/person\/c212c6b589546130be67986b9290e2b8","name":"\u00c0ngels L\u00f3pez","image":{"@type":"ImageObject","inLanguage":"es","@id":"https:\/\/secure.gravatar.com\/avatar\/09ad6ba116bea0b15c5511860f83b302579fd7404c1180e9dae55c3f11d988c6?s=96&d=mm&r=g","url":"https:\/\/secure.gravatar.com\/avatar\/09ad6ba116bea0b15c5511860f83b302579fd7404c1180e9dae55c3f11d988c6?s=96&d=mm&r=g","contentUrl":"https:\/\/secure.gravatar.com\/avatar\/09ad6ba116bea0b15c5511860f83b302579fd7404c1180e9dae55c3f11d988c6?s=96&d=mm&r=g","caption":"\u00c0ngels L\u00f3pez"},"url":"https:\/\/ibecbarcelona.eu\/es\/author\/alopez\/"}]}},"AFP_featured_media_urls":{"full":["https:\/\/ibecbarcelona.eu\/wp-content\/uploads\/2022\/11\/neuroblastoma_REDES.jpg",1387,703,false],"thumbnail":["https:\/\/ibecbarcelona.eu\/wp-content\/uploads\/2022\/11\/neuroblastoma_REDES-150x150.jpg",150,150,true],"medium":["https:\/\/ibecbarcelona.eu\/wp-content\/uploads\/2022\/11\/neuroblastoma_REDES-300x152.jpg",300,152,true],"medium_large":["https:\/\/ibecbarcelona.eu\/wp-content\/uploads\/2022\/11\/neuroblastoma_REDES-768x389.jpg",768,389,true],"large":["https:\/\/ibecbarcelona.eu\/wp-content\/uploads\/2022\/11\/neuroblastoma_REDES-1024x519.jpg",1024,519,true]},"AFP_attachments":{"full":["https:\/\/ibecbarcelona.eu\/wp-content\/uploads\/2023\/02\/neuroblastoma_event.jpg",1200,600,false],"thumbnail":["https:\/\/ibecbarcelona.eu\/wp-content\/uploads\/2023\/02\/neuroblastoma_event-150x150.jpg",150,150,true],"medium":["https:\/\/ibecbarcelona.eu\/wp-content\/uploads\/2023\/02\/neuroblastoma_event-300x150.jpg",300,150,true],"medium_large":["https:\/\/ibecbarcelona.eu\/wp-content\/uploads\/2023\/02\/neuroblastoma_event-768x384.jpg",768,384,true],"large":["https:\/\/ibecbarcelona.eu\/wp-content\/uploads\/2023\/02\/neuroblastoma_event-1024x512.jpg",1024,512,true]},"AFP_videos":[],"AFP_video_blocks":"","AFP_category_names":["Noticias institucionales"],"_links":{"self":[{"href":"https:\/\/ibecbarcelona.eu\/es\/wp-json\/wp\/v2\/posts\/104270","targetHints":{"allow":["GET"]}}],"collection":[{"href":"https:\/\/ibecbarcelona.eu\/es\/wp-json\/wp\/v2\/posts"}],"about":[{"href":"https:\/\/ibecbarcelona.eu\/es\/wp-json\/wp\/v2\/types\/post"}],"author":[{"embeddable":true,"href":"https:\/\/ibecbarcelona.eu\/es\/wp-json\/wp\/v2\/users\/4"}],"replies":[{"embeddable":true,"href":"https:\/\/ibecbarcelona.eu\/es\/wp-json\/wp\/v2\/comments?post=104270"}],"version-history":[{"count":2,"href":"https:\/\/ibecbarcelona.eu\/es\/wp-json\/wp\/v2\/posts\/104270\/revisions"}],"predecessor-version":[{"id":104275,"href":"https:\/\/ibecbarcelona.eu\/es\/wp-json\/wp\/v2\/posts\/104270\/revisions\/104275"}],"wp:featuredmedia":[{"embeddable":true,"href":"https:\/\/ibecbarcelona.eu\/es\/wp-json\/wp\/v2\/media\/102288"}],"wp:attachment":[{"href":"https:\/\/ibecbarcelona.eu\/es\/wp-json\/wp\/v2\/media?parent=104270"}],"wp:term":[{"taxonomy":"category","embeddable":true,"href":"https:\/\/ibecbarcelona.eu\/es\/wp-json\/wp\/v2\/categories?post=104270"},{"taxonomy":"post_tag","embeddable":true,"href":"https:\/\/ibecbarcelona.eu\/es\/wp-json\/wp\/v2\/tags?post=104270"},{"taxonomy":"post_format","embeddable":true,"href":"https:\/\/ibecbarcelona.eu\/es\/wp-json\/wp\/v2\/post_formats?post=104270"}],"curies":[{"name":"wp","href":"https:\/\/api.w.org\/{rel}","templated":true}]}}