
{"id":109773,"date":"2023-03-20T11:30:00","date_gmt":"2023-03-20T10:30:00","guid":{"rendered":"https:\/\/ibecbarcelona.eu\/els-alumnes-de-fes-ripoll-han-desenvolupat-un-prototip-per-a-libec\/"},"modified":"2023-07-12T11:35:44","modified_gmt":"2023-07-12T09:35:44","slug":"els-alumnes-de-fes-ripoll-han-desenvolupat-un-prototip-per-a-libec","status":"publish","type":"post","link":"https:\/\/ibecbarcelona.eu\/es\/els-alumnes-de-fes-ripoll-han-desenvolupat-un-prototip-per-a-libec\/","title":{"rendered":"Los alumnos de FES\u00a0Ripoll\u00a0han desarrollado un prototipo para el IBEC"},"content":{"rendered":"\n<p>El grupo de investigaci\u00f3n\u00a0Nanosondas\u00a0y\u00a0Nanocommutadores\u00a0del IBEC lanz\u00f3 un reto a los estudiantes de la Fundaci\u00f3 Eduard Soler (FES) en el marco de un proyecto de investigaci\u00f3n con mol\u00e9culas fotosensibles. Uno de estos estudiantes, Gerard P\u00e9rez, desarroll\u00f3 un prototipo como parte de su proyecto de final de ciclo. Este prototipo permiti\u00f3 mejorar las medidas experimentales. Posteriormente, el IBEC ha propuesto una mejora de este prototipo para ajustarlo a los requerimientos experimentales que vayan surgiendo.<\/p>\n\n\n\n<p>Puedes leer la noticia a\u00a0<a href=\"https:\/\/ibecbarcelona.eu\/wp-content\/uploads\/2023\/07\/El9Nou.pdf\">El9Nou<\/a>.<\/p>\n\n\n\n<figure class=\"wp-block-image size-medium\"><img decoding=\"async\" width=\"300\" height=\"214\" data-src=\"https:\/\/ibecbarcelona.eu\/wp-content\/uploads\/2023\/07\/Captura-2-300x214.png\" alt=\"\" class=\"wp-image-109768 lazyload\" data-srcset=\"https:\/\/ibecbarcelona.eu\/wp-content\/uploads\/2023\/07\/Captura-2-300x214.png 300w, https:\/\/ibecbarcelona.eu\/wp-content\/uploads\/2023\/07\/Captura-2.png 575w\" data-sizes=\"(max-width: 300px) 100vw, 300px\" src=\"data:image\/svg+xml;base64,PHN2ZyB3aWR0aD0iMSIgaGVpZ2h0PSIxIiB4bWxucz0iaHR0cDovL3d3dy53My5vcmcvMjAwMC9zdmciPjwvc3ZnPg==\" style=\"--smush-placeholder-width: 300px; --smush-placeholder-aspect-ratio: 300\/214;\" \/><\/figure>\n","protected":false},"excerpt":{"rendered":"<p>El grupo de investigaci\u00f3n\u00a0Nanosondas\u00a0y\u00a0Nanocommutadores\u00a0del IBEC lanz\u00f3 un reto a los estudiantes de la Fundaci\u00f3 Eduard Soler (FES) en el marco de un proyecto de investigaci\u00f3n con mol\u00e9culas fotosensibles. Uno de &#8230; <a title=\"Los alumnos de FES\u00a0Ripoll\u00a0han desarrollado un prototipo para el IBEC\" class=\"read-more\" href=\"https:\/\/ibecbarcelona.eu\/es\/els-alumnes-de-fes-ripoll-han-desenvolupat-un-prototip-per-a-libec\/\" aria-label=\"More on Los alumnos de FES\u00a0Ripoll\u00a0han desarrollado un prototipo para el IBEC\">Read more<\/a><\/p>\n","protected":false},"author":4,"featured_media":0,"comment_status":"closed","ping_status":"closed","sticky":false,"template":"","format":"standard","meta":{"footnotes":""},"categories":[95],"tags":[1152,2016],"post_formats":[],"class_list":["post-109773","post","type-post","status-publish","format-standard","hentry","category-ibec-en-los-medios","tag-pau-gorostiza-es","tag-pau-gorostiza-ca-es"],"yoast_head":"<!-- This site is optimized with the Yoast SEO plugin v27.5 - https:\/\/yoast.com\/product\/yoast-seo-wordpress\/ -->\n<title>Los alumnos de FES\u00a0Ripoll\u00a0han desarrollado un prototipo para el IBEC - Institute for Bioengineering of Catalonia<\/title>\n<meta name=\"robots\" content=\"index, follow, max-snippet:-1, max-image-preview:large, max-video-preview:-1\" \/>\n<link rel=\"canonical\" href=\"https:\/\/ibecbarcelona.eu\/es\/els-alumnes-de-fes-ripoll-han-desenvolupat-un-prototip-per-a-libec\/\" \/>\n<meta property=\"og:locale\" content=\"es_ES\" \/>\n<meta property=\"og:type\" content=\"article\" \/>\n<meta property=\"og:title\" content=\"Los alumnos de FES\u00a0Ripoll\u00a0han desarrollado un prototipo para el IBEC - Institute for Bioengineering of Catalonia\" \/>\n<meta property=\"og:description\" content=\"El grupo de investigaci\u00f3n\u00a0Nanosondas\u00a0y\u00a0Nanocommutadores\u00a0del IBEC lanz\u00f3 un reto a los estudiantes de la Fundaci\u00f3 Eduard Soler (FES) en el marco de un proyecto de investigaci\u00f3n con mol\u00e9culas fotosensibles. Uno de ... Read more\" \/>\n<meta property=\"og:url\" content=\"https:\/\/ibecbarcelona.eu\/es\/els-alumnes-de-fes-ripoll-han-desenvolupat-un-prototip-per-a-libec\/\" \/>\n<meta property=\"og:site_name\" content=\"Institute for Bioengineering of Catalonia\" \/>\n<meta property=\"article:published_time\" content=\"2023-03-20T10:30:00+00:00\" \/>\n<meta property=\"article:modified_time\" content=\"2023-07-12T09:35:44+00:00\" \/>\n<meta property=\"og:image\" content=\"https:\/\/ibecbarcelona.eu\/wp-content\/uploads\/2023\/07\/Captura-2-300x214.png\" \/>\n<meta name=\"author\" content=\"\u00c0ngels L\u00f3pez\" \/>\n<meta name=\"twitter:card\" content=\"summary_large_image\" \/>\n<meta name=\"twitter:label1\" content=\"Escrito por\" \/>\n\t<meta name=\"twitter:data1\" content=\"\u00c0ngels L\u00f3pez\" \/>\n\t<meta name=\"twitter:label2\" content=\"Tiempo de lectura\" \/>\n\t<meta name=\"twitter:data2\" content=\"1 minuto\" \/>\n<script type=\"application\/ld+json\" class=\"yoast-schema-graph\">{\"@context\":\"https:\\\/\\\/schema.org\",\"@graph\":[{\"@type\":\"Article\",\"@id\":\"https:\\\/\\\/ibecbarcelona.eu\\\/es\\\/els-alumnes-de-fes-ripoll-han-desenvolupat-un-prototip-per-a-libec\\\/#article\",\"isPartOf\":{\"@id\":\"https:\\\/\\\/ibecbarcelona.eu\\\/es\\\/els-alumnes-de-fes-ripoll-han-desenvolupat-un-prototip-per-a-libec\\\/\"},\"author\":{\"name\":\"\u00c0ngels L\u00f3pez\",\"@id\":\"https:\\\/\\\/ibecbarcelona.eu\\\/#\\\/schema\\\/person\\\/c212c6b589546130be67986b9290e2b8\"},\"headline\":\"Los alumnos de FES\u00a0Ripoll\u00a0han desarrollado un prototipo para el IBEC\",\"datePublished\":\"2023-03-20T10:30:00+00:00\",\"dateModified\":\"2023-07-12T09:35:44+00:00\",\"mainEntityOfPage\":{\"@id\":\"https:\\\/\\\/ibecbarcelona.eu\\\/es\\\/els-alumnes-de-fes-ripoll-han-desenvolupat-un-prototip-per-a-libec\\\/\"},\"wordCount\":99,\"publisher\":{\"@id\":\"https:\\\/\\\/ibecbarcelona.eu\\\/#organization\"},\"image\":{\"@id\":\"https:\\\/\\\/ibecbarcelona.eu\\\/es\\\/els-alumnes-de-fes-ripoll-han-desenvolupat-un-prototip-per-a-libec\\\/#primaryimage\"},\"thumbnailUrl\":\"https:\\\/\\\/ibecbarcelona.eu\\\/wp-content\\\/uploads\\\/2023\\\/07\\\/Captura-2-300x214.png\",\"keywords\":[\"Pau Gorostiza\",\"Pau Gorostiza\"],\"articleSection\":[\"IBEC en los medios\"],\"inLanguage\":\"es\"},{\"@type\":\"WebPage\",\"@id\":\"https:\\\/\\\/ibecbarcelona.eu\\\/es\\\/els-alumnes-de-fes-ripoll-han-desenvolupat-un-prototip-per-a-libec\\\/\",\"url\":\"https:\\\/\\\/ibecbarcelona.eu\\\/es\\\/els-alumnes-de-fes-ripoll-han-desenvolupat-un-prototip-per-a-libec\\\/\",\"name\":\"Los alumnos de FES\u00a0Ripoll\u00a0han desarrollado un prototipo para el IBEC - Institute for Bioengineering of Catalonia\",\"isPartOf\":{\"@id\":\"https:\\\/\\\/ibecbarcelona.eu\\\/#website\"},\"primaryImageOfPage\":{\"@id\":\"https:\\\/\\\/ibecbarcelona.eu\\\/es\\\/els-alumnes-de-fes-ripoll-han-desenvolupat-un-prototip-per-a-libec\\\/#primaryimage\"},\"image\":{\"@id\":\"https:\\\/\\\/ibecbarcelona.eu\\\/es\\\/els-alumnes-de-fes-ripoll-han-desenvolupat-un-prototip-per-a-libec\\\/#primaryimage\"},\"thumbnailUrl\":\"https:\\\/\\\/ibecbarcelona.eu\\\/wp-content\\\/uploads\\\/2023\\\/07\\\/Captura-2-300x214.png\",\"datePublished\":\"2023-03-20T10:30:00+00:00\",\"dateModified\":\"2023-07-12T09:35:44+00:00\",\"breadcrumb\":{\"@id\":\"https:\\\/\\\/ibecbarcelona.eu\\\/es\\\/els-alumnes-de-fes-ripoll-han-desenvolupat-un-prototip-per-a-libec\\\/#breadcrumb\"},\"inLanguage\":\"es\",\"potentialAction\":[{\"@type\":\"ReadAction\",\"target\":[\"https:\\\/\\\/ibecbarcelona.eu\\\/es\\\/els-alumnes-de-fes-ripoll-han-desenvolupat-un-prototip-per-a-libec\\\/\"]}]},{\"@type\":\"ImageObject\",\"inLanguage\":\"es\",\"@id\":\"https:\\\/\\\/ibecbarcelona.eu\\\/es\\\/els-alumnes-de-fes-ripoll-han-desenvolupat-un-prototip-per-a-libec\\\/#primaryimage\",\"url\":\"https:\\\/\\\/ibecbarcelona.eu\\\/wp-content\\\/uploads\\\/2023\\\/07\\\/Captura-2-300x214.png\",\"contentUrl\":\"https:\\\/\\\/ibecbarcelona.eu\\\/wp-content\\\/uploads\\\/2023\\\/07\\\/Captura-2-300x214.png\"},{\"@type\":\"BreadcrumbList\",\"@id\":\"https:\\\/\\\/ibecbarcelona.eu\\\/es\\\/els-alumnes-de-fes-ripoll-han-desenvolupat-un-prototip-per-a-libec\\\/#breadcrumb\",\"itemListElement\":[{\"@type\":\"ListItem\",\"position\":1,\"name\":\"Home\",\"item\":\"https:\\\/\\\/ibecbarcelona.eu\\\/es\\\/\"},{\"@type\":\"ListItem\",\"position\":2,\"name\":\"Los alumnos de FES\u00a0Ripoll\u00a0han desarrollado un prototipo para el IBEC\"}]},{\"@type\":\"WebSite\",\"@id\":\"https:\\\/\\\/ibecbarcelona.eu\\\/#website\",\"url\":\"https:\\\/\\\/ibecbarcelona.eu\\\/\",\"name\":\"Institute for Bioengineering of Catalonia\",\"description\":\"Bioengineering solutions for health\",\"publisher\":{\"@id\":\"https:\\\/\\\/ibecbarcelona.eu\\\/#organization\"},\"potentialAction\":[{\"@type\":\"SearchAction\",\"target\":{\"@type\":\"EntryPoint\",\"urlTemplate\":\"https:\\\/\\\/ibecbarcelona.eu\\\/?s={search_term_string}\"},\"query-input\":{\"@type\":\"PropertyValueSpecification\",\"valueRequired\":true,\"valueName\":\"search_term_string\"}}],\"inLanguage\":\"es\"},{\"@type\":\"Organization\",\"@id\":\"https:\\\/\\\/ibecbarcelona.eu\\\/#organization\",\"name\":\"Institute for Bioengineering of Catalonia\",\"url\":\"https:\\\/\\\/ibecbarcelona.eu\\\/\",\"logo\":{\"@type\":\"ImageObject\",\"inLanguage\":\"es\",\"@id\":\"https:\\\/\\\/ibecbarcelona.eu\\\/#\\\/schema\\\/logo\\\/image\\\/\",\"url\":\"https:\\\/\\\/ibecbarcelona.eu\\\/wp-content\\\/uploads\\\/2026\\\/01\\\/cropped-IBEC_20ANYS_GRIS.png\",\"contentUrl\":\"https:\\\/\\\/ibecbarcelona.eu\\\/wp-content\\\/uploads\\\/2026\\\/01\\\/cropped-IBEC_20ANYS_GRIS.png\",\"width\":696,\"height\":257,\"caption\":\"Institute for Bioengineering of Catalonia\"},\"image\":{\"@id\":\"https:\\\/\\\/ibecbarcelona.eu\\\/#\\\/schema\\\/logo\\\/image\\\/\"}},{\"@type\":\"Person\",\"@id\":\"https:\\\/\\\/ibecbarcelona.eu\\\/#\\\/schema\\\/person\\\/c212c6b589546130be67986b9290e2b8\",\"name\":\"\u00c0ngels L\u00f3pez\",\"image\":{\"@type\":\"ImageObject\",\"inLanguage\":\"es\",\"@id\":\"https:\\\/\\\/secure.gravatar.com\\\/avatar\\\/09ad6ba116bea0b15c5511860f83b302579fd7404c1180e9dae55c3f11d988c6?s=96&d=mm&r=g\",\"url\":\"https:\\\/\\\/secure.gravatar.com\\\/avatar\\\/09ad6ba116bea0b15c5511860f83b302579fd7404c1180e9dae55c3f11d988c6?s=96&d=mm&r=g\",\"contentUrl\":\"https:\\\/\\\/secure.gravatar.com\\\/avatar\\\/09ad6ba116bea0b15c5511860f83b302579fd7404c1180e9dae55c3f11d988c6?s=96&d=mm&r=g\",\"caption\":\"\u00c0ngels L\u00f3pez\"},\"url\":\"https:\\\/\\\/ibecbarcelona.eu\\\/es\\\/author\\\/alopez\\\/\"}]}<\/script>\n<!-- \/ Yoast SEO plugin. -->","yoast_head_json":{"title":"Los alumnos de FES\u00a0Ripoll\u00a0han desarrollado un prototipo para el IBEC - Institute for Bioengineering of Catalonia","robots":{"index":"index","follow":"follow","max-snippet":"max-snippet:-1","max-image-preview":"max-image-preview:large","max-video-preview":"max-video-preview:-1"},"canonical":"https:\/\/ibecbarcelona.eu\/es\/els-alumnes-de-fes-ripoll-han-desenvolupat-un-prototip-per-a-libec\/","og_locale":"es_ES","og_type":"article","og_title":"Los alumnos de FES\u00a0Ripoll\u00a0han desarrollado un prototipo para el IBEC - Institute for Bioengineering of Catalonia","og_description":"El grupo de investigaci\u00f3n\u00a0Nanosondas\u00a0y\u00a0Nanocommutadores\u00a0del IBEC lanz\u00f3 un reto a los estudiantes de la Fundaci\u00f3 Eduard Soler (FES) en el marco de un proyecto de investigaci\u00f3n con mol\u00e9culas fotosensibles. Uno de ... Read more","og_url":"https:\/\/ibecbarcelona.eu\/es\/els-alumnes-de-fes-ripoll-han-desenvolupat-un-prototip-per-a-libec\/","og_site_name":"Institute for Bioengineering of Catalonia","article_published_time":"2023-03-20T10:30:00+00:00","article_modified_time":"2023-07-12T09:35:44+00:00","og_image":[{"url":"https:\/\/ibecbarcelona.eu\/wp-content\/uploads\/2023\/07\/Captura-2-300x214.png","type":"","width":"","height":""}],"author":"\u00c0ngels L\u00f3pez","twitter_card":"summary_large_image","twitter_misc":{"Escrito por":"\u00c0ngels L\u00f3pez","Tiempo de lectura":"1 minuto"},"schema":{"@context":"https:\/\/schema.org","@graph":[{"@type":"Article","@id":"https:\/\/ibecbarcelona.eu\/es\/els-alumnes-de-fes-ripoll-han-desenvolupat-un-prototip-per-a-libec\/#article","isPartOf":{"@id":"https:\/\/ibecbarcelona.eu\/es\/els-alumnes-de-fes-ripoll-han-desenvolupat-un-prototip-per-a-libec\/"},"author":{"name":"\u00c0ngels L\u00f3pez","@id":"https:\/\/ibecbarcelona.eu\/#\/schema\/person\/c212c6b589546130be67986b9290e2b8"},"headline":"Los alumnos de FES\u00a0Ripoll\u00a0han desarrollado un prototipo para el IBEC","datePublished":"2023-03-20T10:30:00+00:00","dateModified":"2023-07-12T09:35:44+00:00","mainEntityOfPage":{"@id":"https:\/\/ibecbarcelona.eu\/es\/els-alumnes-de-fes-ripoll-han-desenvolupat-un-prototip-per-a-libec\/"},"wordCount":99,"publisher":{"@id":"https:\/\/ibecbarcelona.eu\/#organization"},"image":{"@id":"https:\/\/ibecbarcelona.eu\/es\/els-alumnes-de-fes-ripoll-han-desenvolupat-un-prototip-per-a-libec\/#primaryimage"},"thumbnailUrl":"https:\/\/ibecbarcelona.eu\/wp-content\/uploads\/2023\/07\/Captura-2-300x214.png","keywords":["Pau Gorostiza","Pau Gorostiza"],"articleSection":["IBEC en los medios"],"inLanguage":"es"},{"@type":"WebPage","@id":"https:\/\/ibecbarcelona.eu\/es\/els-alumnes-de-fes-ripoll-han-desenvolupat-un-prototip-per-a-libec\/","url":"https:\/\/ibecbarcelona.eu\/es\/els-alumnes-de-fes-ripoll-han-desenvolupat-un-prototip-per-a-libec\/","name":"Los alumnos de FES\u00a0Ripoll\u00a0han desarrollado un prototipo para el IBEC - Institute for Bioengineering of Catalonia","isPartOf":{"@id":"https:\/\/ibecbarcelona.eu\/#website"},"primaryImageOfPage":{"@id":"https:\/\/ibecbarcelona.eu\/es\/els-alumnes-de-fes-ripoll-han-desenvolupat-un-prototip-per-a-libec\/#primaryimage"},"image":{"@id":"https:\/\/ibecbarcelona.eu\/es\/els-alumnes-de-fes-ripoll-han-desenvolupat-un-prototip-per-a-libec\/#primaryimage"},"thumbnailUrl":"https:\/\/ibecbarcelona.eu\/wp-content\/uploads\/2023\/07\/Captura-2-300x214.png","datePublished":"2023-03-20T10:30:00+00:00","dateModified":"2023-07-12T09:35:44+00:00","breadcrumb":{"@id":"https:\/\/ibecbarcelona.eu\/es\/els-alumnes-de-fes-ripoll-han-desenvolupat-un-prototip-per-a-libec\/#breadcrumb"},"inLanguage":"es","potentialAction":[{"@type":"ReadAction","target":["https:\/\/ibecbarcelona.eu\/es\/els-alumnes-de-fes-ripoll-han-desenvolupat-un-prototip-per-a-libec\/"]}]},{"@type":"ImageObject","inLanguage":"es","@id":"https:\/\/ibecbarcelona.eu\/es\/els-alumnes-de-fes-ripoll-han-desenvolupat-un-prototip-per-a-libec\/#primaryimage","url":"https:\/\/ibecbarcelona.eu\/wp-content\/uploads\/2023\/07\/Captura-2-300x214.png","contentUrl":"https:\/\/ibecbarcelona.eu\/wp-content\/uploads\/2023\/07\/Captura-2-300x214.png"},{"@type":"BreadcrumbList","@id":"https:\/\/ibecbarcelona.eu\/es\/els-alumnes-de-fes-ripoll-han-desenvolupat-un-prototip-per-a-libec\/#breadcrumb","itemListElement":[{"@type":"ListItem","position":1,"name":"Home","item":"https:\/\/ibecbarcelona.eu\/es\/"},{"@type":"ListItem","position":2,"name":"Los alumnos de FES\u00a0Ripoll\u00a0han desarrollado un prototipo para el IBEC"}]},{"@type":"WebSite","@id":"https:\/\/ibecbarcelona.eu\/#website","url":"https:\/\/ibecbarcelona.eu\/","name":"Institute for Bioengineering of Catalonia","description":"Bioengineering solutions for health","publisher":{"@id":"https:\/\/ibecbarcelona.eu\/#organization"},"potentialAction":[{"@type":"SearchAction","target":{"@type":"EntryPoint","urlTemplate":"https:\/\/ibecbarcelona.eu\/?s={search_term_string}"},"query-input":{"@type":"PropertyValueSpecification","valueRequired":true,"valueName":"search_term_string"}}],"inLanguage":"es"},{"@type":"Organization","@id":"https:\/\/ibecbarcelona.eu\/#organization","name":"Institute for Bioengineering of Catalonia","url":"https:\/\/ibecbarcelona.eu\/","logo":{"@type":"ImageObject","inLanguage":"es","@id":"https:\/\/ibecbarcelona.eu\/#\/schema\/logo\/image\/","url":"https:\/\/ibecbarcelona.eu\/wp-content\/uploads\/2026\/01\/cropped-IBEC_20ANYS_GRIS.png","contentUrl":"https:\/\/ibecbarcelona.eu\/wp-content\/uploads\/2026\/01\/cropped-IBEC_20ANYS_GRIS.png","width":696,"height":257,"caption":"Institute for Bioengineering of Catalonia"},"image":{"@id":"https:\/\/ibecbarcelona.eu\/#\/schema\/logo\/image\/"}},{"@type":"Person","@id":"https:\/\/ibecbarcelona.eu\/#\/schema\/person\/c212c6b589546130be67986b9290e2b8","name":"\u00c0ngels L\u00f3pez","image":{"@type":"ImageObject","inLanguage":"es","@id":"https:\/\/secure.gravatar.com\/avatar\/09ad6ba116bea0b15c5511860f83b302579fd7404c1180e9dae55c3f11d988c6?s=96&d=mm&r=g","url":"https:\/\/secure.gravatar.com\/avatar\/09ad6ba116bea0b15c5511860f83b302579fd7404c1180e9dae55c3f11d988c6?s=96&d=mm&r=g","contentUrl":"https:\/\/secure.gravatar.com\/avatar\/09ad6ba116bea0b15c5511860f83b302579fd7404c1180e9dae55c3f11d988c6?s=96&d=mm&r=g","caption":"\u00c0ngels L\u00f3pez"},"url":"https:\/\/ibecbarcelona.eu\/es\/author\/alopez\/"}]}},"AFP_featured_media_urls":{"full":false,"thumbnail":false,"medium":false,"medium_large":false,"large":false},"AFP_attachments":[],"AFP_videos":[],"AFP_video_blocks":"","AFP_category_names":["IBEC en los medios"],"_links":{"self":[{"href":"https:\/\/ibecbarcelona.eu\/es\/wp-json\/wp\/v2\/posts\/109773","targetHints":{"allow":["GET"]}}],"collection":[{"href":"https:\/\/ibecbarcelona.eu\/es\/wp-json\/wp\/v2\/posts"}],"about":[{"href":"https:\/\/ibecbarcelona.eu\/es\/wp-json\/wp\/v2\/types\/post"}],"author":[{"embeddable":true,"href":"https:\/\/ibecbarcelona.eu\/es\/wp-json\/wp\/v2\/users\/4"}],"replies":[{"embeddable":true,"href":"https:\/\/ibecbarcelona.eu\/es\/wp-json\/wp\/v2\/comments?post=109773"}],"version-history":[{"count":1,"href":"https:\/\/ibecbarcelona.eu\/es\/wp-json\/wp\/v2\/posts\/109773\/revisions"}],"predecessor-version":[{"id":109775,"href":"https:\/\/ibecbarcelona.eu\/es\/wp-json\/wp\/v2\/posts\/109773\/revisions\/109775"}],"wp:attachment":[{"href":"https:\/\/ibecbarcelona.eu\/es\/wp-json\/wp\/v2\/media?parent=109773"}],"wp:term":[{"taxonomy":"category","embeddable":true,"href":"https:\/\/ibecbarcelona.eu\/es\/wp-json\/wp\/v2\/categories?post=109773"},{"taxonomy":"post_tag","embeddable":true,"href":"https:\/\/ibecbarcelona.eu\/es\/wp-json\/wp\/v2\/tags?post=109773"},{"taxonomy":"post_format","embeddable":true,"href":"https:\/\/ibecbarcelona.eu\/es\/wp-json\/wp\/v2\/post_formats?post=109773"}],"curies":[{"name":"wp","href":"https:\/\/api.w.org\/{rel}","templated":true}]}}