
{"id":10983,"date":"2014-11-26T10:58:48","date_gmt":"2014-11-26T10:58:48","guid":{"rendered":"http:\/\/ibecbarcelona.eu\/new\/?p=10983"},"modified":"2015-01-16T09:37:24","modified_gmt":"2015-01-16T09:37:24","slug":"esta-semana-ibec-aloja-al-caseib2014","status":"publish","type":"post","link":"https:\/\/ibecbarcelona.eu\/es\/esta-semana-ibec-aloja-al-caseib2014\/","title":{"rendered":"Esta semana IBEC aloja al CASEIB2014"},"content":{"rendered":"<p>CASEIB 2014 es un foro de encuentro de cient\u00edficos, profesionales de la industria, ingenieros biom\u00e9dicos y cl\u00ednicos, interesados en conocer, analizar y debatir los temas m\u00e1s actuales en investigaci\u00f3n, educaci\u00f3n, aplicaci\u00f3n industrial y cl\u00ednica de la Ingenier\u00eda Biom\u00e9dica.<\/p>\n<p>Los ponentes principales ser\u00e1n Antoni Bay\u00e9s Gen\u00eds (Hospital Germans Trias i Pujol) y Thomas Penzel (Universidad Charit\u00e9, Berl\u00edn), y las mesas redondas dedicadas a \u00abGrados en Ingenier\u00eda Biom\u00e9dica: Experiencia de las primeras promociones y su continuaci\u00f3n a los estudios de M\u00e1ster\u00bb y \u00abEl rol de la innovaci\u00f3n tecnol\u00f3gica en los nuevos retos de la salud\u00bb. LAs sesiones paralelas del evento cubrir\u00e1n \u00e1reas como las se\u00f1ales biom\u00e9dicas, el modelado y la simulaci\u00f3n, la telemedicina, la biomec\u00e1nica, la rehabilitaci\u00f3n y el tratamiento de im\u00e1genes m\u00e9dicas. El evento tambi\u00e9n incluir\u00e1 el Concurso estudiantes Premio Jos\u00e9 M\u00aa Ferrero Corral, que culminar\u00e1 con la concesi\u00f3n del premio para los tres mejores trabajos presentados por los alumnos.<\/p>\n<p>Para m\u00e1s informaci\u00f3n visite <a href=\"https:\/\/ibecbarcelona.eu\/events\/Caseib2014\" target=\"_blank\">https:\/\/ibecbarcelona.eu\/events\/Caseib2014<\/a>.<\/p>\n","protected":false},"excerpt":{"rendered":"<h3><img decoding=\"async\" class=\"left size-full wp-image-8557 lazyload\" data-src=\"https:\/\/ibecbarcelona.eu\/wp-content\/uploads\/2014\/11\/caseib.jpg\" border=\"0\" width=\"400\" data-srcset=\"https:\/\/ibecbarcelona.eu\/wp-content\/uploads\/2014\/11\/caseib.jpg 700w, https:\/\/ibecbarcelona.eu\/wp-content\/uploads\/2014\/11\/caseib-300x79.jpg 300w, https:\/\/ibecbarcelona.eu\/wp-content\/uploads\/2014\/11\/caseib-250x66.jpg 250w, https:\/\/ibecbarcelona.eu\/wp-content\/uploads\/2014\/11\/caseib-150x39.jpg 150w\" data-sizes=\"(max-width: 700px) 100vw, 700px\" src=\"data:image\/svg+xml;base64,PHN2ZyB3aWR0aD0iMSIgaGVpZ2h0PSIxIiB4bWxucz0iaHR0cDovL3d3dy53My5vcmcvMjAwMC9zdmciPjwvc3ZnPg==\" style=\"--smush-placeholder-width: 700px; --smush-placeholder-aspect-ratio: 700\/186;\" \/>Hoy es el primer d\u00eda del congreso anual de la Sociedad Espa\u00f1ola de Ingenier\u00eda Biom\u00e9dica (CASEIB 2014), que este a\u00f1o est\u00e1 organizada por el IBEC debido a que Raimon Jan\u00e9, el l\u00edder del grupo de Procesamiento e Interpretaci\u00f3n de Se\u00f1ales Biom\u00e9dicas es tambi\u00e9n el presidente del SEIB. <\/h3>\n<p>El congreso se celebrar\u00e1 en el museo CosmoCaixa de Barcelona hasta el viernes 28 de noviembre.<\/p>\n","protected":false},"author":4,"featured_media":8558,"comment_status":"closed","ping_status":"closed","sticky":false,"template":"","format":"standard","meta":{"footnotes":""},"categories":[94],"tags":[],"post_formats":[],"class_list":["post-10983","post","type-post","status-publish","format-standard","has-post-thumbnail","hentry","category-noticias-institucionales"],"yoast_head":"<!-- This site is optimized with the Yoast SEO plugin v27.5 - https:\/\/yoast.com\/product\/yoast-seo-wordpress\/ -->\n<title>Esta semana IBEC aloja al CASEIB2014 - Institute for Bioengineering of Catalonia<\/title>\n<meta name=\"robots\" content=\"index, follow, max-snippet:-1, max-image-preview:large, max-video-preview:-1\" \/>\n<link rel=\"canonical\" href=\"https:\/\/ibecbarcelona.eu\/es\/esta-semana-ibec-aloja-al-caseib2014\/\" \/>\n<meta property=\"og:locale\" content=\"es_ES\" \/>\n<meta property=\"og:type\" content=\"article\" \/>\n<meta property=\"og:title\" content=\"Esta semana IBEC aloja al CASEIB2014 - Institute for Bioengineering of Catalonia\" \/>\n<meta property=\"og:description\" content=\"Hoy es el primer d\u00eda del congreso anual de la Sociedad Espa\u00f1ola de Ingenier\u00eda Biom\u00e9dica (CASEIB 2014), que este a\u00f1o est\u00e1 organizada por el IBEC debido a que Raimon Jan\u00e9, el l\u00edder del grupo de Procesamiento e Interpretaci\u00f3n de Se\u00f1ales Biom\u00e9dicas es tambi\u00e9n el presidente del SEIB. El congreso se celebrar\u00e1 en el museo CosmoCaixa de Barcelona hasta el viernes 28 de noviembre.\" \/>\n<meta property=\"og:url\" content=\"https:\/\/ibecbarcelona.eu\/es\/esta-semana-ibec-aloja-al-caseib2014\/\" \/>\n<meta property=\"og:site_name\" content=\"Institute for Bioengineering of Catalonia\" \/>\n<meta property=\"article:published_time\" content=\"2014-11-26T10:58:48+00:00\" \/>\n<meta property=\"article:modified_time\" content=\"2015-01-16T09:37:24+00:00\" \/>\n<meta property=\"og:image\" content=\"https:\/\/ibecbarcelona.eu\/wp-content\/uploads\/2014\/11\/caseib.jpg\" \/>\n\t<meta property=\"og:image:width\" content=\"700\" \/>\n\t<meta property=\"og:image:height\" content=\"186\" \/>\n\t<meta property=\"og:image:type\" content=\"image\/jpeg\" \/>\n<meta name=\"author\" content=\"\u00c0ngels L\u00f3pez\" \/>\n<meta name=\"twitter:card\" content=\"summary_large_image\" \/>\n<meta name=\"twitter:label1\" content=\"Escrito por\" \/>\n\t<meta name=\"twitter:data1\" content=\"\u00c0ngels L\u00f3pez\" \/>\n\t<meta name=\"twitter:label2\" content=\"Tiempo de lectura\" \/>\n\t<meta name=\"twitter:data2\" content=\"1 minuto\" \/>\n<script type=\"application\/ld+json\" class=\"yoast-schema-graph\">{\"@context\":\"https:\\\/\\\/schema.org\",\"@graph\":[{\"@type\":\"Article\",\"@id\":\"https:\\\/\\\/ibecbarcelona.eu\\\/es\\\/esta-semana-ibec-aloja-al-caseib2014\\\/#article\",\"isPartOf\":{\"@id\":\"https:\\\/\\\/ibecbarcelona.eu\\\/es\\\/esta-semana-ibec-aloja-al-caseib2014\\\/\"},\"author\":{\"name\":\"\u00c0ngels L\u00f3pez\",\"@id\":\"https:\\\/\\\/ibecbarcelona.eu\\\/#\\\/schema\\\/person\\\/c212c6b589546130be67986b9290e2b8\"},\"headline\":\"Esta semana IBEC aloja al CASEIB2014\",\"datePublished\":\"2014-11-26T10:58:48+00:00\",\"dateModified\":\"2015-01-16T09:37:24+00:00\",\"mainEntityOfPage\":{\"@id\":\"https:\\\/\\\/ibecbarcelona.eu\\\/es\\\/esta-semana-ibec-aloja-al-caseib2014\\\/\"},\"wordCount\":195,\"publisher\":{\"@id\":\"https:\\\/\\\/ibecbarcelona.eu\\\/#organization\"},\"image\":{\"@id\":\"https:\\\/\\\/ibecbarcelona.eu\\\/es\\\/esta-semana-ibec-aloja-al-caseib2014\\\/#primaryimage\"},\"thumbnailUrl\":\"https:\\\/\\\/ibecbarcelona.eu\\\/wp-content\\\/uploads\\\/2014\\\/11\\\/caseib.jpg\",\"articleSection\":[\"Noticias institucionales\"],\"inLanguage\":\"es\"},{\"@type\":\"WebPage\",\"@id\":\"https:\\\/\\\/ibecbarcelona.eu\\\/es\\\/esta-semana-ibec-aloja-al-caseib2014\\\/\",\"url\":\"https:\\\/\\\/ibecbarcelona.eu\\\/es\\\/esta-semana-ibec-aloja-al-caseib2014\\\/\",\"name\":\"Esta semana IBEC aloja al CASEIB2014 - Institute for Bioengineering of Catalonia\",\"isPartOf\":{\"@id\":\"https:\\\/\\\/ibecbarcelona.eu\\\/#website\"},\"primaryImageOfPage\":{\"@id\":\"https:\\\/\\\/ibecbarcelona.eu\\\/es\\\/esta-semana-ibec-aloja-al-caseib2014\\\/#primaryimage\"},\"image\":{\"@id\":\"https:\\\/\\\/ibecbarcelona.eu\\\/es\\\/esta-semana-ibec-aloja-al-caseib2014\\\/#primaryimage\"},\"thumbnailUrl\":\"https:\\\/\\\/ibecbarcelona.eu\\\/wp-content\\\/uploads\\\/2014\\\/11\\\/caseib.jpg\",\"datePublished\":\"2014-11-26T10:58:48+00:00\",\"dateModified\":\"2015-01-16T09:37:24+00:00\",\"breadcrumb\":{\"@id\":\"https:\\\/\\\/ibecbarcelona.eu\\\/es\\\/esta-semana-ibec-aloja-al-caseib2014\\\/#breadcrumb\"},\"inLanguage\":\"es\",\"potentialAction\":[{\"@type\":\"ReadAction\",\"target\":[\"https:\\\/\\\/ibecbarcelona.eu\\\/es\\\/esta-semana-ibec-aloja-al-caseib2014\\\/\"]}]},{\"@type\":\"ImageObject\",\"inLanguage\":\"es\",\"@id\":\"https:\\\/\\\/ibecbarcelona.eu\\\/es\\\/esta-semana-ibec-aloja-al-caseib2014\\\/#primaryimage\",\"url\":\"https:\\\/\\\/ibecbarcelona.eu\\\/wp-content\\\/uploads\\\/2014\\\/11\\\/caseib.jpg\",\"contentUrl\":\"https:\\\/\\\/ibecbarcelona.eu\\\/wp-content\\\/uploads\\\/2014\\\/11\\\/caseib.jpg\",\"width\":700,\"height\":186},{\"@type\":\"BreadcrumbList\",\"@id\":\"https:\\\/\\\/ibecbarcelona.eu\\\/es\\\/esta-semana-ibec-aloja-al-caseib2014\\\/#breadcrumb\",\"itemListElement\":[{\"@type\":\"ListItem\",\"position\":1,\"name\":\"Home\",\"item\":\"https:\\\/\\\/ibecbarcelona.eu\\\/es\\\/\"},{\"@type\":\"ListItem\",\"position\":2,\"name\":\"Esta semana IBEC aloja al CASEIB2014\"}]},{\"@type\":\"WebSite\",\"@id\":\"https:\\\/\\\/ibecbarcelona.eu\\\/#website\",\"url\":\"https:\\\/\\\/ibecbarcelona.eu\\\/\",\"name\":\"Institute for Bioengineering of Catalonia\",\"description\":\"Bioengineering solutions for health\",\"publisher\":{\"@id\":\"https:\\\/\\\/ibecbarcelona.eu\\\/#organization\"},\"potentialAction\":[{\"@type\":\"SearchAction\",\"target\":{\"@type\":\"EntryPoint\",\"urlTemplate\":\"https:\\\/\\\/ibecbarcelona.eu\\\/?s={search_term_string}\"},\"query-input\":{\"@type\":\"PropertyValueSpecification\",\"valueRequired\":true,\"valueName\":\"search_term_string\"}}],\"inLanguage\":\"es\"},{\"@type\":\"Organization\",\"@id\":\"https:\\\/\\\/ibecbarcelona.eu\\\/#organization\",\"name\":\"Institute for Bioengineering of Catalonia\",\"url\":\"https:\\\/\\\/ibecbarcelona.eu\\\/\",\"logo\":{\"@type\":\"ImageObject\",\"inLanguage\":\"es\",\"@id\":\"https:\\\/\\\/ibecbarcelona.eu\\\/#\\\/schema\\\/logo\\\/image\\\/\",\"url\":\"https:\\\/\\\/ibecbarcelona.eu\\\/wp-content\\\/uploads\\\/2026\\\/01\\\/cropped-IBEC_20ANYS_GRIS.png\",\"contentUrl\":\"https:\\\/\\\/ibecbarcelona.eu\\\/wp-content\\\/uploads\\\/2026\\\/01\\\/cropped-IBEC_20ANYS_GRIS.png\",\"width\":696,\"height\":257,\"caption\":\"Institute for Bioengineering of Catalonia\"},\"image\":{\"@id\":\"https:\\\/\\\/ibecbarcelona.eu\\\/#\\\/schema\\\/logo\\\/image\\\/\"}},{\"@type\":\"Person\",\"@id\":\"https:\\\/\\\/ibecbarcelona.eu\\\/#\\\/schema\\\/person\\\/c212c6b589546130be67986b9290e2b8\",\"name\":\"\u00c0ngels L\u00f3pez\",\"image\":{\"@type\":\"ImageObject\",\"inLanguage\":\"es\",\"@id\":\"https:\\\/\\\/secure.gravatar.com\\\/avatar\\\/09ad6ba116bea0b15c5511860f83b302579fd7404c1180e9dae55c3f11d988c6?s=96&d=mm&r=g\",\"url\":\"https:\\\/\\\/secure.gravatar.com\\\/avatar\\\/09ad6ba116bea0b15c5511860f83b302579fd7404c1180e9dae55c3f11d988c6?s=96&d=mm&r=g\",\"contentUrl\":\"https:\\\/\\\/secure.gravatar.com\\\/avatar\\\/09ad6ba116bea0b15c5511860f83b302579fd7404c1180e9dae55c3f11d988c6?s=96&d=mm&r=g\",\"caption\":\"\u00c0ngels L\u00f3pez\"},\"url\":\"https:\\\/\\\/ibecbarcelona.eu\\\/es\\\/author\\\/alopez\\\/\"}]}<\/script>\n<!-- \/ Yoast SEO plugin. -->","yoast_head_json":{"title":"Esta semana IBEC aloja al CASEIB2014 - Institute for Bioengineering of Catalonia","robots":{"index":"index","follow":"follow","max-snippet":"max-snippet:-1","max-image-preview":"max-image-preview:large","max-video-preview":"max-video-preview:-1"},"canonical":"https:\/\/ibecbarcelona.eu\/es\/esta-semana-ibec-aloja-al-caseib2014\/","og_locale":"es_ES","og_type":"article","og_title":"Esta semana IBEC aloja al CASEIB2014 - Institute for Bioengineering of Catalonia","og_description":"Hoy es el primer d\u00eda del congreso anual de la Sociedad Espa\u00f1ola de Ingenier\u00eda Biom\u00e9dica (CASEIB 2014), que este a\u00f1o est\u00e1 organizada por el IBEC debido a que Raimon Jan\u00e9, el l\u00edder del grupo de Procesamiento e Interpretaci\u00f3n de Se\u00f1ales Biom\u00e9dicas es tambi\u00e9n el presidente del SEIB. El congreso se celebrar\u00e1 en el museo CosmoCaixa de Barcelona hasta el viernes 28 de noviembre.","og_url":"https:\/\/ibecbarcelona.eu\/es\/esta-semana-ibec-aloja-al-caseib2014\/","og_site_name":"Institute for Bioengineering of Catalonia","article_published_time":"2014-11-26T10:58:48+00:00","article_modified_time":"2015-01-16T09:37:24+00:00","og_image":[{"width":700,"height":186,"url":"https:\/\/ibecbarcelona.eu\/wp-content\/uploads\/2014\/11\/caseib.jpg","type":"image\/jpeg"}],"author":"\u00c0ngels L\u00f3pez","twitter_card":"summary_large_image","twitter_misc":{"Escrito por":"\u00c0ngels L\u00f3pez","Tiempo de lectura":"1 minuto"},"schema":{"@context":"https:\/\/schema.org","@graph":[{"@type":"Article","@id":"https:\/\/ibecbarcelona.eu\/es\/esta-semana-ibec-aloja-al-caseib2014\/#article","isPartOf":{"@id":"https:\/\/ibecbarcelona.eu\/es\/esta-semana-ibec-aloja-al-caseib2014\/"},"author":{"name":"\u00c0ngels L\u00f3pez","@id":"https:\/\/ibecbarcelona.eu\/#\/schema\/person\/c212c6b589546130be67986b9290e2b8"},"headline":"Esta semana IBEC aloja al CASEIB2014","datePublished":"2014-11-26T10:58:48+00:00","dateModified":"2015-01-16T09:37:24+00:00","mainEntityOfPage":{"@id":"https:\/\/ibecbarcelona.eu\/es\/esta-semana-ibec-aloja-al-caseib2014\/"},"wordCount":195,"publisher":{"@id":"https:\/\/ibecbarcelona.eu\/#organization"},"image":{"@id":"https:\/\/ibecbarcelona.eu\/es\/esta-semana-ibec-aloja-al-caseib2014\/#primaryimage"},"thumbnailUrl":"https:\/\/ibecbarcelona.eu\/wp-content\/uploads\/2014\/11\/caseib.jpg","articleSection":["Noticias institucionales"],"inLanguage":"es"},{"@type":"WebPage","@id":"https:\/\/ibecbarcelona.eu\/es\/esta-semana-ibec-aloja-al-caseib2014\/","url":"https:\/\/ibecbarcelona.eu\/es\/esta-semana-ibec-aloja-al-caseib2014\/","name":"Esta semana IBEC aloja al CASEIB2014 - Institute for Bioengineering of Catalonia","isPartOf":{"@id":"https:\/\/ibecbarcelona.eu\/#website"},"primaryImageOfPage":{"@id":"https:\/\/ibecbarcelona.eu\/es\/esta-semana-ibec-aloja-al-caseib2014\/#primaryimage"},"image":{"@id":"https:\/\/ibecbarcelona.eu\/es\/esta-semana-ibec-aloja-al-caseib2014\/#primaryimage"},"thumbnailUrl":"https:\/\/ibecbarcelona.eu\/wp-content\/uploads\/2014\/11\/caseib.jpg","datePublished":"2014-11-26T10:58:48+00:00","dateModified":"2015-01-16T09:37:24+00:00","breadcrumb":{"@id":"https:\/\/ibecbarcelona.eu\/es\/esta-semana-ibec-aloja-al-caseib2014\/#breadcrumb"},"inLanguage":"es","potentialAction":[{"@type":"ReadAction","target":["https:\/\/ibecbarcelona.eu\/es\/esta-semana-ibec-aloja-al-caseib2014\/"]}]},{"@type":"ImageObject","inLanguage":"es","@id":"https:\/\/ibecbarcelona.eu\/es\/esta-semana-ibec-aloja-al-caseib2014\/#primaryimage","url":"https:\/\/ibecbarcelona.eu\/wp-content\/uploads\/2014\/11\/caseib.jpg","contentUrl":"https:\/\/ibecbarcelona.eu\/wp-content\/uploads\/2014\/11\/caseib.jpg","width":700,"height":186},{"@type":"BreadcrumbList","@id":"https:\/\/ibecbarcelona.eu\/es\/esta-semana-ibec-aloja-al-caseib2014\/#breadcrumb","itemListElement":[{"@type":"ListItem","position":1,"name":"Home","item":"https:\/\/ibecbarcelona.eu\/es\/"},{"@type":"ListItem","position":2,"name":"Esta semana IBEC aloja al CASEIB2014"}]},{"@type":"WebSite","@id":"https:\/\/ibecbarcelona.eu\/#website","url":"https:\/\/ibecbarcelona.eu\/","name":"Institute for Bioengineering of Catalonia","description":"Bioengineering solutions for health","publisher":{"@id":"https:\/\/ibecbarcelona.eu\/#organization"},"potentialAction":[{"@type":"SearchAction","target":{"@type":"EntryPoint","urlTemplate":"https:\/\/ibecbarcelona.eu\/?s={search_term_string}"},"query-input":{"@type":"PropertyValueSpecification","valueRequired":true,"valueName":"search_term_string"}}],"inLanguage":"es"},{"@type":"Organization","@id":"https:\/\/ibecbarcelona.eu\/#organization","name":"Institute for Bioengineering of Catalonia","url":"https:\/\/ibecbarcelona.eu\/","logo":{"@type":"ImageObject","inLanguage":"es","@id":"https:\/\/ibecbarcelona.eu\/#\/schema\/logo\/image\/","url":"https:\/\/ibecbarcelona.eu\/wp-content\/uploads\/2026\/01\/cropped-IBEC_20ANYS_GRIS.png","contentUrl":"https:\/\/ibecbarcelona.eu\/wp-content\/uploads\/2026\/01\/cropped-IBEC_20ANYS_GRIS.png","width":696,"height":257,"caption":"Institute for Bioengineering of Catalonia"},"image":{"@id":"https:\/\/ibecbarcelona.eu\/#\/schema\/logo\/image\/"}},{"@type":"Person","@id":"https:\/\/ibecbarcelona.eu\/#\/schema\/person\/c212c6b589546130be67986b9290e2b8","name":"\u00c0ngels L\u00f3pez","image":{"@type":"ImageObject","inLanguage":"es","@id":"https:\/\/secure.gravatar.com\/avatar\/09ad6ba116bea0b15c5511860f83b302579fd7404c1180e9dae55c3f11d988c6?s=96&d=mm&r=g","url":"https:\/\/secure.gravatar.com\/avatar\/09ad6ba116bea0b15c5511860f83b302579fd7404c1180e9dae55c3f11d988c6?s=96&d=mm&r=g","contentUrl":"https:\/\/secure.gravatar.com\/avatar\/09ad6ba116bea0b15c5511860f83b302579fd7404c1180e9dae55c3f11d988c6?s=96&d=mm&r=g","caption":"\u00c0ngels L\u00f3pez"},"url":"https:\/\/ibecbarcelona.eu\/es\/author\/alopez\/"}]}},"AFP_featured_media_urls":{"full":["https:\/\/ibecbarcelona.eu\/wp-content\/uploads\/2014\/11\/caseib.jpg",700,186,false],"thumbnail":["https:\/\/ibecbarcelona.eu\/wp-content\/uploads\/2014\/11\/caseib-150x150.jpg",150,150,true],"medium":["https:\/\/ibecbarcelona.eu\/wp-content\/uploads\/2014\/11\/caseib-300x79.jpg",300,79,true],"medium_large":["https:\/\/ibecbarcelona.eu\/wp-content\/uploads\/2014\/11\/caseib.jpg",700,186,false],"large":["https:\/\/ibecbarcelona.eu\/wp-content\/uploads\/2014\/11\/caseib.jpg",700,186,false]},"AFP_attachments":{"full":["https:\/\/ibecbarcelona.eu\/wp-content\/uploads\/2014\/11\/caseib.jpg",700,186,false],"thumbnail":["https:\/\/ibecbarcelona.eu\/wp-content\/uploads\/2014\/11\/caseib-150x150.jpg",150,150,true],"medium":["https:\/\/ibecbarcelona.eu\/wp-content\/uploads\/2014\/11\/caseib-300x79.jpg",300,79,true],"medium_large":["https:\/\/ibecbarcelona.eu\/wp-content\/uploads\/2014\/11\/caseib.jpg",700,186,false],"large":["https:\/\/ibecbarcelona.eu\/wp-content\/uploads\/2014\/11\/caseib.jpg",700,186,false]},"AFP_videos":[],"AFP_video_blocks":"","AFP_category_names":["Noticias institucionales"],"_links":{"self":[{"href":"https:\/\/ibecbarcelona.eu\/es\/wp-json\/wp\/v2\/posts\/10983","targetHints":{"allow":["GET"]}}],"collection":[{"href":"https:\/\/ibecbarcelona.eu\/es\/wp-json\/wp\/v2\/posts"}],"about":[{"href":"https:\/\/ibecbarcelona.eu\/es\/wp-json\/wp\/v2\/types\/post"}],"author":[{"embeddable":true,"href":"https:\/\/ibecbarcelona.eu\/es\/wp-json\/wp\/v2\/users\/4"}],"replies":[{"embeddable":true,"href":"https:\/\/ibecbarcelona.eu\/es\/wp-json\/wp\/v2\/comments?post=10983"}],"version-history":[{"count":0,"href":"https:\/\/ibecbarcelona.eu\/es\/wp-json\/wp\/v2\/posts\/10983\/revisions"}],"wp:featuredmedia":[{"embeddable":true,"href":"https:\/\/ibecbarcelona.eu\/es\/wp-json\/wp\/v2\/media\/8558"}],"wp:attachment":[{"href":"https:\/\/ibecbarcelona.eu\/es\/wp-json\/wp\/v2\/media?parent=10983"}],"wp:term":[{"taxonomy":"category","embeddable":true,"href":"https:\/\/ibecbarcelona.eu\/es\/wp-json\/wp\/v2\/categories?post=10983"},{"taxonomy":"post_tag","embeddable":true,"href":"https:\/\/ibecbarcelona.eu\/es\/wp-json\/wp\/v2\/tags?post=10983"},{"taxonomy":"post_format","embeddable":true,"href":"https:\/\/ibecbarcelona.eu\/es\/wp-json\/wp\/v2\/post_formats?post=10983"}],"curies":[{"name":"wp","href":"https:\/\/api.w.org\/{rel}","templated":true}]}}