
{"id":111188,"date":"2023-09-21T09:00:00","date_gmt":"2023-09-21T07:00:00","guid":{"rendered":"https:\/\/ibecbarcelona.eu\/?p=111188"},"modified":"2023-09-19T18:14:08","modified_gmt":"2023-09-19T16:14:08","slug":"cough-sound-analyzed-to-identify-the-severity-of-covid-19-patients","status":"publish","type":"post","link":"https:\/\/ibecbarcelona.eu\/es\/analizan-el-sonido-de-la-tos-para-identificar-la-gravedad-de-pacientes-con-covid-19","title":{"rendered":"Analizan el sonido de la tos para identificar la gravedad de pacientes con COVID-19"},"content":{"rendered":"\n<p><strong>Un equipo de investigaci\u00f3n liderado por el IBEC y el Hospital del Mar ha llevado a cabo un estudio para analizar los sonidos de la tos, registrados mediante un tel\u00e9fono inteligente en pacientes con COVID-19. Los resultados revelan caracter\u00edsticas de la tos que podr\u00edan proporcionar una manera r\u00e1pida, f\u00e1cil y econ\u00f3mica de identificar la gravedad de la enfermedad de los pacientes en casa o en cualquier entorno sanitario. El trabajo abre la puerta tambi\u00e9n a utilizar este modelo en el seguimiento de pacientes con COVID persistente y otras patolog\u00edas respiratorias.<\/strong><\/p>\n\n\n\n<figure class=\"wp-block-image size-large\"><img decoding=\"async\" width=\"1024\" height=\"576\" data-src=\"https:\/\/ibecbarcelona.eu\/wp-content\/uploads\/2023\/09\/Imagen-tos-COVID-web-1024x576.png\" alt=\"\" class=\"wp-image-111182 lazyload\" data-srcset=\"https:\/\/ibecbarcelona.eu\/wp-content\/uploads\/2023\/09\/Imagen-tos-COVID-web-1024x576.png 1024w, https:\/\/ibecbarcelona.eu\/wp-content\/uploads\/2023\/09\/Imagen-tos-COVID-web-300x169.png 300w, https:\/\/ibecbarcelona.eu\/wp-content\/uploads\/2023\/09\/Imagen-tos-COVID-web-768x432.png 768w, https:\/\/ibecbarcelona.eu\/wp-content\/uploads\/2023\/09\/Imagen-tos-COVID-web.png 1200w\" data-sizes=\"(max-width: 1024px) 100vw, 1024px\" src=\"data:image\/svg+xml;base64,PHN2ZyB3aWR0aD0iMSIgaGVpZ2h0PSIxIiB4bWxucz0iaHR0cDovL3d3dy53My5vcmcvMjAwMC9zdmciPjwvc3ZnPg==\" style=\"--smush-placeholder-width: 1024px; --smush-placeholder-aspect-ratio: 1024\/576;\" \/><\/figure>\n\n\n\n<div style=\"height:20px\" aria-hidden=\"true\" class=\"wp-block-spacer\"><\/div>\n\n\n\n<p>Aunque la mayor\u00eda de las personas afectadas por la COVID-19 ahora tienen s\u00edntomas m\u00e1s leves y se recuperan en pocas semanas, la pandemia mundial causada por el virus SARS-CoV-2 sigue siendo un problema de salud importante. Algunas de las personas afectadas acaban desarrollando una enfermedad m\u00e1s grave y neumon\u00eda, lo que a menudo tiene un peor pron\u00f3stico.<\/p>\n\n\n\n<p>Aunque se han desarrollado protocolos para evaluar el riesgo de los pacientes, las herramientas diagn\u00f3sticas y pron\u00f3sticas se basan principalmente en m\u00e9todos de imagen caros y de dif\u00edcil acceso, como la radiograf\u00eda, la ecograf\u00eda o la tomograf\u00eda computarada (TC).&nbsp; As\u00ed, existe una necesidad de desarrollar una herramienta de pron\u00f3stico m\u00e1s sencilla y de f\u00e1cil acceso que permita a los proveedores de atenci\u00f3n m\u00e9dica identificar a los pacientes que han desarrollado o est\u00e1n en riesgo de desarrollar una enfermedad grave. De esta manera, se facilitar\u00eda el triaje de los pacientes y la intervenci\u00f3n temprana incluso en el domicilio o en los centros de atenci\u00f3n primaria.<\/p>\n\n\n\n<p>Ahora, un equipo de investigaci\u00f3n liderado por el IBEC y el Hospital del Mar, con colaboraci\u00f3n de la Universidad Polit\u00e9cnica de Catalu\u00f1a (UPC), el CIBER-BBN y el CIBERES, ha llevado a cabo un estudio basado en el an\u00e1lisis e interpretaci\u00f3n de los sonidos de la tos en las fases iniciales de la COVID-19. Este m\u00e9todo se presenta como una potencial herramienta predictiva, simple y accesible para valorar el riesgo a sufrir neumon\u00eda grave.<\/p>\n\n\n\n<p>La investigaci\u00f3n se realiz\u00f3 a partir de grabaciones con un tel\u00e9fono inteligente del sonido de la tos voluntaria en 70 pacientes con enfermedad por infecci\u00f3n por SARS-CoV-2 dentro de las primeras 24 horas despu\u00e9s de su llegada al hospital. El an\u00e1lisis ac\u00fastico de estas grabaciones realizada por el IBEC permiti\u00f3 detectar diferencias significativas entre los sonidos de los enfermos en funci\u00f3n de la gravedad de la patolog\u00eda respiratoria, que se confirm\u00f3 previamente con pruebas de imagen y la necesidad de ox\u00edgeno suplementario. Los resultados muestran que este an\u00e1lisis podr\u00eda servir para clasificar a los pacientes con COVID-19 en leves, moderados o graves y hacer el seguimiento de pacientes con COVID persistente. El trabajo se llev\u00f3 a cabo con datos recogidos entre abril de 2020 y mayo de 2021 en el Hospital del Mar, y los resultados se han publicado en la revista European Respiratory Journal Open Research.<\/p>\n\n\n\n<h4 class=\"wp-block-heading\"><strong>La frecuencia de la tos: un par\u00e1metro clave<\/strong><\/h4>\n\n\n\n<p>Raimon Jan\u00e9, profesor de la UPC e investigador principal del IBEC y del CIBER-BBN, lidera el grupo de <a href=\"https:\/\/ibecbarcelona.eu\/es\/biomedsignal\">Procesamiento e interpretaci\u00f3n de se\u00f1ales biom\u00e9dicas<\/a> (BIOSPIN) del IBEC, que ha desarrollado la metodolog\u00eda y los algoritmos de an\u00e1lisis ac\u00fastico de las se\u00f1ales de tos adquiridas con tel\u00e9fonos inteligentes.&nbsp; Mediante un modelo estad\u00edstico conocido como modelo lineal mixto, el equipo encontr\u00f3 cinco par\u00e1metros, basados en las frecuencias del sonido, que eran significativamente diferentes en la tos de los pacientes con diferentes niveles de gravedad de la enfermedad y evoluci\u00f3n de la neumon\u00eda. As\u00ed, estas diferencias pueden reflejar las alteraciones progresivas del sistema respiratorio en pacientes con la COVID-19.<\/p>\n\n\n\n<blockquote class=\"wp-block-quote is-layout-flow wp-block-quote-is-layout-flow\">\n<p>\u00abAunque en el pasado se han propuesto m\u00e9todos de an\u00e1lisis ac\u00fastico de la tos para diagnosticar enfermedades respiratorias, nosotros hemos querido ir un paso m\u00e1s all\u00e1 y explorar espec\u00edficamente la relaci\u00f3n entre las caracter\u00edsticas ac\u00fasticas de la tos y los diferentes niveles de severidad de la neumon\u00eda en pacientes COVID-19 .\u00bb Detalla Jan\u00e9, coautor senior del estudio.<\/p>\n<\/blockquote>\n\n\n\n<p>Los autores del estudio explican que la utilizaci\u00f3n de la tos puede servir tanto para detectar de forma precoz a los pacientes con COVID-19 grave como para hacer el seguimiento de su evoluci\u00f3n, evaluando posibles complicaciones, incluso a distancia. Ahora, sin embargo, habr\u00e1 que continuar el trabajo con datos de m\u00e1s pacientes para confirmar los resultados de este estudio transversal, que permita utilizar el an\u00e1lisis de la tos como herramienta diagn\u00f3stica en pacientes con COVID-19 u otras enfermedades respiratorias.&nbsp;&nbsp; .<\/p>\n\n\n\n<p>Por este motivo, el doctor Joaquim Gea, jefe em\u00e9rito del Servicio de Neumolog\u00eda, investigador del Hospital del Mar Research Institute y coautor senior del trabajo, indica que sus conclusiones pueden ser \u00fatiles <strong>\u00aben \u00e1reas con infraestructura m\u00e9dica insuficiente o en situaciones de emergencia, ayudando a identificar y aislar a los pacientes con COVID-19 de manera oportuna, facilitando la atenci\u00f3n m\u00e9dica adecuada y la implementaci\u00f3n de medidas de control\u00bb<\/strong>.<\/p>\n\n\n\n<p>Otro elemento destacado es que, aunque el estudio se ha centrado en la COVID-19, abre la puerta a utilizar este modelo en otras patolog\u00edas respiratorias.<a><\/a><\/p>\n\n\n\n<hr class=\"wp-block-separator has-alpha-channel-opacity\"\/>\n\n\n\n<p><strong>Art\u00edculo referenciado:<\/strong><\/p>\n\n\n\n<p>Clare Davidson, Oswaldo Antonio Caguana, Manuel Lozano-Garc\u00eda, Mariela Arita Guevara, Luis Estrada-Petrocelli, Ignasi Ferrer-Lluis, Yolanda Castillo-Escario, Pilar Aus\u00edn, Joaquim Gea, Raimon Jan\u00e9. <a href=\"http:\/\/dx.doi.org\/10.1183\/23120541.00247-2022\">Differences in acoustic features of cough by pneumonia severity in patients with COVID-19: a cross-sectional study<\/a>. <em>European Respiratory Journal Open Research <\/em>(2023). DOI: 10.1183\/23120541.00247-2022.<\/p>\n\n\n\n<hr class=\"wp-block-separator has-alpha-channel-opacity\"\/>\n","protected":false},"excerpt":{"rendered":"<p>Un equipo de investigaci\u00f3n liderado por el IBEC y el Hospital del Mar ha llevado a cabo un estudio para analizar los sonidos de la tos, registrados mediante un tel\u00e9fono inteligente en pacientes con COVID-19. Los resultados revelan caracter\u00edsticas de la tos que podr\u00edan proporcionar una manera r\u00e1pida, f\u00e1cil y econ\u00f3mica de identificar la gravedad de la enfermedad de los pacientes en casa o en cualquier entorno sanitario. El trabajo abre la puerta tambi\u00e9n a utilizar este modelo en el seguimiento de pacientes con COVID persistente y otras patolog\u00edas respiratorias.<\/p>\n","protected":false},"author":37,"featured_media":111184,"comment_status":"closed","ping_status":"closed","sticky":false,"template":"","format":"standard","meta":{"footnotes":""},"categories":[97],"tags":[2067,1223,1117],"post_formats":[],"class_list":["post-111188","post","type-post","status-publish","format-standard","has-post-thumbnail","hentry","category-noticias-de-investigacion","tag-biomedical-signal-processing-and-interpretation-es","tag-covid-es","tag-raimon-jane-es"],"yoast_head":"<!-- This site is optimized with the Yoast SEO plugin v27.4 - https:\/\/yoast.com\/product\/yoast-seo-wordpress\/ -->\n<title>El sonido de la tos de pacientes con COVID-19 identifica su gravedad - Institute for Bioengineering of Catalonia<\/title>\n<meta name=\"description\" content=\"Los resultados revelan caracter\u00edsticas de la tos que podr\u00edan proporcionar una manera r\u00e1pida y f\u00e1cil de identificar la gravedad del COVID-19.\" \/>\n<meta name=\"robots\" content=\"index, follow, max-snippet:-1, max-image-preview:large, max-video-preview:-1\" \/>\n<link rel=\"canonical\" href=\"https:\/\/ibecbarcelona.eu\/es\/analizan-el-sonido-de-la-tos-para-identificar-la-gravedad-de-pacientes-con-covid-19\/\" \/>\n<meta property=\"og:locale\" content=\"es_ES\" \/>\n<meta property=\"og:type\" content=\"article\" \/>\n<meta property=\"og:title\" content=\"El sonido de la tos de pacientes con COVID-19 identifica su gravedad - Institute for Bioengineering of Catalonia\" \/>\n<meta property=\"og:description\" content=\"Los resultados revelan caracter\u00edsticas de la tos que podr\u00edan proporcionar una manera r\u00e1pida y f\u00e1cil de identificar la gravedad del COVID-19.\" \/>\n<meta property=\"og:url\" content=\"https:\/\/ibecbarcelona.eu\/es\/analizan-el-sonido-de-la-tos-para-identificar-la-gravedad-de-pacientes-con-covid-19\/\" \/>\n<meta property=\"og:site_name\" content=\"Institute for Bioengineering of Catalonia\" \/>\n<meta property=\"article:published_time\" content=\"2023-09-21T07:00:00+00:00\" \/>\n<meta property=\"og:image\" content=\"https:\/\/ibecbarcelona.eu\/wp-content\/uploads\/2023\/09\/Imagen-tos-COVID-web.png\" \/>\n\t<meta property=\"og:image:width\" content=\"1200\" \/>\n\t<meta property=\"og:image:height\" content=\"675\" \/>\n\t<meta property=\"og:image:type\" content=\"image\/png\" \/>\n<meta name=\"author\" content=\"Sarah Moreira\" \/>\n<meta name=\"twitter:card\" content=\"summary_large_image\" \/>\n<meta name=\"twitter:label1\" content=\"Escrito por\" \/>\n\t<meta name=\"twitter:data1\" content=\"Sarah Moreira\" \/>\n\t<meta name=\"twitter:label2\" content=\"Tiempo de lectura\" \/>\n\t<meta name=\"twitter:data2\" content=\"4 minutos\" \/>\n<script type=\"application\/ld+json\" class=\"yoast-schema-graph\">{\"@context\":\"https:\\\/\\\/schema.org\",\"@graph\":[{\"@type\":\"Article\",\"@id\":\"https:\\\/\\\/ibecbarcelona.eu\\\/es\\\/analizan-el-sonido-de-la-tos-para-identificar-la-gravedad-de-pacientes-con-covid-19\\\/#article\",\"isPartOf\":{\"@id\":\"https:\\\/\\\/ibecbarcelona.eu\\\/es\\\/analizan-el-sonido-de-la-tos-para-identificar-la-gravedad-de-pacientes-con-covid-19\\\/\"},\"author\":{\"name\":\"Sarah Moreira\",\"@id\":\"https:\\\/\\\/ibecbarcelona.eu\\\/#\\\/schema\\\/person\\\/d3a158b8d448000777023ca1e3d71d34\"},\"headline\":\"Analizan el sonido de la tos para identificar la gravedad de pacientes con COVID-19\",\"datePublished\":\"2023-09-21T07:00:00+00:00\",\"mainEntityOfPage\":{\"@id\":\"https:\\\/\\\/ibecbarcelona.eu\\\/es\\\/analizan-el-sonido-de-la-tos-para-identificar-la-gravedad-de-pacientes-con-covid-19\\\/\"},\"wordCount\":961,\"publisher\":{\"@id\":\"https:\\\/\\\/ibecbarcelona.eu\\\/#organization\"},\"image\":{\"@id\":\"https:\\\/\\\/ibecbarcelona.eu\\\/es\\\/analizan-el-sonido-de-la-tos-para-identificar-la-gravedad-de-pacientes-con-covid-19\\\/#primaryimage\"},\"thumbnailUrl\":\"https:\\\/\\\/ibecbarcelona.eu\\\/wp-content\\\/uploads\\\/2023\\\/09\\\/Imagen-tos-COVID-web.png\",\"keywords\":[\"Biomedical signal processing and interpretation\",\"COVID-19\",\"Raimon Jane\"],\"articleSection\":[\"Noticias de investigaci\u00f3n\"],\"inLanguage\":\"es\"},{\"@type\":\"WebPage\",\"@id\":\"https:\\\/\\\/ibecbarcelona.eu\\\/es\\\/analizan-el-sonido-de-la-tos-para-identificar-la-gravedad-de-pacientes-con-covid-19\\\/\",\"url\":\"https:\\\/\\\/ibecbarcelona.eu\\\/es\\\/analizan-el-sonido-de-la-tos-para-identificar-la-gravedad-de-pacientes-con-covid-19\\\/\",\"name\":\"El sonido de la tos de pacientes con COVID-19 identifica su gravedad - Institute for Bioengineering of Catalonia\",\"isPartOf\":{\"@id\":\"https:\\\/\\\/ibecbarcelona.eu\\\/#website\"},\"primaryImageOfPage\":{\"@id\":\"https:\\\/\\\/ibecbarcelona.eu\\\/es\\\/analizan-el-sonido-de-la-tos-para-identificar-la-gravedad-de-pacientes-con-covid-19\\\/#primaryimage\"},\"image\":{\"@id\":\"https:\\\/\\\/ibecbarcelona.eu\\\/es\\\/analizan-el-sonido-de-la-tos-para-identificar-la-gravedad-de-pacientes-con-covid-19\\\/#primaryimage\"},\"thumbnailUrl\":\"https:\\\/\\\/ibecbarcelona.eu\\\/wp-content\\\/uploads\\\/2023\\\/09\\\/Imagen-tos-COVID-web.png\",\"datePublished\":\"2023-09-21T07:00:00+00:00\",\"description\":\"Los resultados revelan caracter\u00edsticas de la tos que podr\u00edan proporcionar una manera r\u00e1pida y f\u00e1cil de identificar la gravedad del COVID-19.\",\"breadcrumb\":{\"@id\":\"https:\\\/\\\/ibecbarcelona.eu\\\/es\\\/analizan-el-sonido-de-la-tos-para-identificar-la-gravedad-de-pacientes-con-covid-19\\\/#breadcrumb\"},\"inLanguage\":\"es\",\"potentialAction\":[{\"@type\":\"ReadAction\",\"target\":[\"https:\\\/\\\/ibecbarcelona.eu\\\/es\\\/analizan-el-sonido-de-la-tos-para-identificar-la-gravedad-de-pacientes-con-covid-19\\\/\"]}]},{\"@type\":\"ImageObject\",\"inLanguage\":\"es\",\"@id\":\"https:\\\/\\\/ibecbarcelona.eu\\\/es\\\/analizan-el-sonido-de-la-tos-para-identificar-la-gravedad-de-pacientes-con-covid-19\\\/#primaryimage\",\"url\":\"https:\\\/\\\/ibecbarcelona.eu\\\/wp-content\\\/uploads\\\/2023\\\/09\\\/Imagen-tos-COVID-web.png\",\"contentUrl\":\"https:\\\/\\\/ibecbarcelona.eu\\\/wp-content\\\/uploads\\\/2023\\\/09\\\/Imagen-tos-COVID-web.png\",\"width\":1200,\"height\":675},{\"@type\":\"BreadcrumbList\",\"@id\":\"https:\\\/\\\/ibecbarcelona.eu\\\/es\\\/analizan-el-sonido-de-la-tos-para-identificar-la-gravedad-de-pacientes-con-covid-19\\\/#breadcrumb\",\"itemListElement\":[{\"@type\":\"ListItem\",\"position\":1,\"name\":\"Home\",\"item\":\"https:\\\/\\\/ibecbarcelona.eu\\\/es\\\/\"},{\"@type\":\"ListItem\",\"position\":2,\"name\":\"Analizan el sonido de la tos para identificar la gravedad de pacientes con COVID-19\"}]},{\"@type\":\"WebSite\",\"@id\":\"https:\\\/\\\/ibecbarcelona.eu\\\/#website\",\"url\":\"https:\\\/\\\/ibecbarcelona.eu\\\/\",\"name\":\"Institute for Bioengineering of Catalonia\",\"description\":\"Bioengineering solutions for health\",\"publisher\":{\"@id\":\"https:\\\/\\\/ibecbarcelona.eu\\\/#organization\"},\"potentialAction\":[{\"@type\":\"SearchAction\",\"target\":{\"@type\":\"EntryPoint\",\"urlTemplate\":\"https:\\\/\\\/ibecbarcelona.eu\\\/?s={search_term_string}\"},\"query-input\":{\"@type\":\"PropertyValueSpecification\",\"valueRequired\":true,\"valueName\":\"search_term_string\"}}],\"inLanguage\":\"es\"},{\"@type\":\"Organization\",\"@id\":\"https:\\\/\\\/ibecbarcelona.eu\\\/#organization\",\"name\":\"Institute for Bioengineering of Catalonia\",\"url\":\"https:\\\/\\\/ibecbarcelona.eu\\\/\",\"logo\":{\"@type\":\"ImageObject\",\"inLanguage\":\"es\",\"@id\":\"https:\\\/\\\/ibecbarcelona.eu\\\/#\\\/schema\\\/logo\\\/image\\\/\",\"url\":\"https:\\\/\\\/ibecbarcelona.eu\\\/wp-content\\\/uploads\\\/2026\\\/01\\\/cropped-IBEC_20ANYS_GRIS.png\",\"contentUrl\":\"https:\\\/\\\/ibecbarcelona.eu\\\/wp-content\\\/uploads\\\/2026\\\/01\\\/cropped-IBEC_20ANYS_GRIS.png\",\"width\":696,\"height\":257,\"caption\":\"Institute for Bioengineering of Catalonia\"},\"image\":{\"@id\":\"https:\\\/\\\/ibecbarcelona.eu\\\/#\\\/schema\\\/logo\\\/image\\\/\"}},{\"@type\":\"Person\",\"@id\":\"https:\\\/\\\/ibecbarcelona.eu\\\/#\\\/schema\\\/person\\\/d3a158b8d448000777023ca1e3d71d34\",\"name\":\"Sarah Moreira\",\"image\":{\"@type\":\"ImageObject\",\"inLanguage\":\"es\",\"@id\":\"https:\\\/\\\/secure.gravatar.com\\\/avatar\\\/37385a1f83bdef106d1b89522da4c620ee48ba2eb0662dbc73ba05b7f3fbdf89?s=96&d=mm&r=g\",\"url\":\"https:\\\/\\\/secure.gravatar.com\\\/avatar\\\/37385a1f83bdef106d1b89522da4c620ee48ba2eb0662dbc73ba05b7f3fbdf89?s=96&d=mm&r=g\",\"contentUrl\":\"https:\\\/\\\/secure.gravatar.com\\\/avatar\\\/37385a1f83bdef106d1b89522da4c620ee48ba2eb0662dbc73ba05b7f3fbdf89?s=96&d=mm&r=g\",\"caption\":\"Sarah Moreira\"},\"url\":\"https:\\\/\\\/ibecbarcelona.eu\\\/es\\\/author\\\/smoreira\\\/\"}]}<\/script>\n<!-- \/ Yoast SEO plugin. -->","yoast_head_json":{"title":"El sonido de la tos de pacientes con COVID-19 identifica su gravedad - Institute for Bioengineering of Catalonia","description":"Los resultados revelan caracter\u00edsticas de la tos que podr\u00edan proporcionar una manera r\u00e1pida y f\u00e1cil de identificar la gravedad del COVID-19.","robots":{"index":"index","follow":"follow","max-snippet":"max-snippet:-1","max-image-preview":"max-image-preview:large","max-video-preview":"max-video-preview:-1"},"canonical":"https:\/\/ibecbarcelona.eu\/es\/analizan-el-sonido-de-la-tos-para-identificar-la-gravedad-de-pacientes-con-covid-19\/","og_locale":"es_ES","og_type":"article","og_title":"El sonido de la tos de pacientes con COVID-19 identifica su gravedad - Institute for Bioengineering of Catalonia","og_description":"Los resultados revelan caracter\u00edsticas de la tos que podr\u00edan proporcionar una manera r\u00e1pida y f\u00e1cil de identificar la gravedad del COVID-19.","og_url":"https:\/\/ibecbarcelona.eu\/es\/analizan-el-sonido-de-la-tos-para-identificar-la-gravedad-de-pacientes-con-covid-19\/","og_site_name":"Institute for Bioengineering of Catalonia","article_published_time":"2023-09-21T07:00:00+00:00","og_image":[{"width":1200,"height":675,"url":"https:\/\/ibecbarcelona.eu\/wp-content\/uploads\/2023\/09\/Imagen-tos-COVID-web.png","type":"image\/png"}],"author":"Sarah Moreira","twitter_card":"summary_large_image","twitter_misc":{"Escrito por":"Sarah Moreira","Tiempo de lectura":"4 minutos"},"schema":{"@context":"https:\/\/schema.org","@graph":[{"@type":"Article","@id":"https:\/\/ibecbarcelona.eu\/es\/analizan-el-sonido-de-la-tos-para-identificar-la-gravedad-de-pacientes-con-covid-19\/#article","isPartOf":{"@id":"https:\/\/ibecbarcelona.eu\/es\/analizan-el-sonido-de-la-tos-para-identificar-la-gravedad-de-pacientes-con-covid-19\/"},"author":{"name":"Sarah Moreira","@id":"https:\/\/ibecbarcelona.eu\/#\/schema\/person\/d3a158b8d448000777023ca1e3d71d34"},"headline":"Analizan el sonido de la tos para identificar la gravedad de pacientes con COVID-19","datePublished":"2023-09-21T07:00:00+00:00","mainEntityOfPage":{"@id":"https:\/\/ibecbarcelona.eu\/es\/analizan-el-sonido-de-la-tos-para-identificar-la-gravedad-de-pacientes-con-covid-19\/"},"wordCount":961,"publisher":{"@id":"https:\/\/ibecbarcelona.eu\/#organization"},"image":{"@id":"https:\/\/ibecbarcelona.eu\/es\/analizan-el-sonido-de-la-tos-para-identificar-la-gravedad-de-pacientes-con-covid-19\/#primaryimage"},"thumbnailUrl":"https:\/\/ibecbarcelona.eu\/wp-content\/uploads\/2023\/09\/Imagen-tos-COVID-web.png","keywords":["Biomedical signal processing and interpretation","COVID-19","Raimon Jane"],"articleSection":["Noticias de investigaci\u00f3n"],"inLanguage":"es"},{"@type":"WebPage","@id":"https:\/\/ibecbarcelona.eu\/es\/analizan-el-sonido-de-la-tos-para-identificar-la-gravedad-de-pacientes-con-covid-19\/","url":"https:\/\/ibecbarcelona.eu\/es\/analizan-el-sonido-de-la-tos-para-identificar-la-gravedad-de-pacientes-con-covid-19\/","name":"El sonido de la tos de pacientes con COVID-19 identifica su gravedad - Institute for Bioengineering of Catalonia","isPartOf":{"@id":"https:\/\/ibecbarcelona.eu\/#website"},"primaryImageOfPage":{"@id":"https:\/\/ibecbarcelona.eu\/es\/analizan-el-sonido-de-la-tos-para-identificar-la-gravedad-de-pacientes-con-covid-19\/#primaryimage"},"image":{"@id":"https:\/\/ibecbarcelona.eu\/es\/analizan-el-sonido-de-la-tos-para-identificar-la-gravedad-de-pacientes-con-covid-19\/#primaryimage"},"thumbnailUrl":"https:\/\/ibecbarcelona.eu\/wp-content\/uploads\/2023\/09\/Imagen-tos-COVID-web.png","datePublished":"2023-09-21T07:00:00+00:00","description":"Los resultados revelan caracter\u00edsticas de la tos que podr\u00edan proporcionar una manera r\u00e1pida y f\u00e1cil de identificar la gravedad del COVID-19.","breadcrumb":{"@id":"https:\/\/ibecbarcelona.eu\/es\/analizan-el-sonido-de-la-tos-para-identificar-la-gravedad-de-pacientes-con-covid-19\/#breadcrumb"},"inLanguage":"es","potentialAction":[{"@type":"ReadAction","target":["https:\/\/ibecbarcelona.eu\/es\/analizan-el-sonido-de-la-tos-para-identificar-la-gravedad-de-pacientes-con-covid-19\/"]}]},{"@type":"ImageObject","inLanguage":"es","@id":"https:\/\/ibecbarcelona.eu\/es\/analizan-el-sonido-de-la-tos-para-identificar-la-gravedad-de-pacientes-con-covid-19\/#primaryimage","url":"https:\/\/ibecbarcelona.eu\/wp-content\/uploads\/2023\/09\/Imagen-tos-COVID-web.png","contentUrl":"https:\/\/ibecbarcelona.eu\/wp-content\/uploads\/2023\/09\/Imagen-tos-COVID-web.png","width":1200,"height":675},{"@type":"BreadcrumbList","@id":"https:\/\/ibecbarcelona.eu\/es\/analizan-el-sonido-de-la-tos-para-identificar-la-gravedad-de-pacientes-con-covid-19\/#breadcrumb","itemListElement":[{"@type":"ListItem","position":1,"name":"Home","item":"https:\/\/ibecbarcelona.eu\/es\/"},{"@type":"ListItem","position":2,"name":"Analizan el sonido de la tos para identificar la gravedad de pacientes con COVID-19"}]},{"@type":"WebSite","@id":"https:\/\/ibecbarcelona.eu\/#website","url":"https:\/\/ibecbarcelona.eu\/","name":"Institute for Bioengineering of Catalonia","description":"Bioengineering solutions for health","publisher":{"@id":"https:\/\/ibecbarcelona.eu\/#organization"},"potentialAction":[{"@type":"SearchAction","target":{"@type":"EntryPoint","urlTemplate":"https:\/\/ibecbarcelona.eu\/?s={search_term_string}"},"query-input":{"@type":"PropertyValueSpecification","valueRequired":true,"valueName":"search_term_string"}}],"inLanguage":"es"},{"@type":"Organization","@id":"https:\/\/ibecbarcelona.eu\/#organization","name":"Institute for Bioengineering of Catalonia","url":"https:\/\/ibecbarcelona.eu\/","logo":{"@type":"ImageObject","inLanguage":"es","@id":"https:\/\/ibecbarcelona.eu\/#\/schema\/logo\/image\/","url":"https:\/\/ibecbarcelona.eu\/wp-content\/uploads\/2026\/01\/cropped-IBEC_20ANYS_GRIS.png","contentUrl":"https:\/\/ibecbarcelona.eu\/wp-content\/uploads\/2026\/01\/cropped-IBEC_20ANYS_GRIS.png","width":696,"height":257,"caption":"Institute for Bioengineering of Catalonia"},"image":{"@id":"https:\/\/ibecbarcelona.eu\/#\/schema\/logo\/image\/"}},{"@type":"Person","@id":"https:\/\/ibecbarcelona.eu\/#\/schema\/person\/d3a158b8d448000777023ca1e3d71d34","name":"Sarah Moreira","image":{"@type":"ImageObject","inLanguage":"es","@id":"https:\/\/secure.gravatar.com\/avatar\/37385a1f83bdef106d1b89522da4c620ee48ba2eb0662dbc73ba05b7f3fbdf89?s=96&d=mm&r=g","url":"https:\/\/secure.gravatar.com\/avatar\/37385a1f83bdef106d1b89522da4c620ee48ba2eb0662dbc73ba05b7f3fbdf89?s=96&d=mm&r=g","contentUrl":"https:\/\/secure.gravatar.com\/avatar\/37385a1f83bdef106d1b89522da4c620ee48ba2eb0662dbc73ba05b7f3fbdf89?s=96&d=mm&r=g","caption":"Sarah Moreira"},"url":"https:\/\/ibecbarcelona.eu\/es\/author\/smoreira\/"}]}},"AFP_featured_media_urls":{"full":["https:\/\/ibecbarcelona.eu\/wp-content\/uploads\/2023\/09\/Imagen-tos-COVID-web.png",1200,675,false],"thumbnail":["https:\/\/ibecbarcelona.eu\/wp-content\/uploads\/2023\/09\/Imagen-tos-COVID-web-150x150.png",150,150,true],"medium":["https:\/\/ibecbarcelona.eu\/wp-content\/uploads\/2023\/09\/Imagen-tos-COVID-web-300x169.png",300,169,true],"medium_large":["https:\/\/ibecbarcelona.eu\/wp-content\/uploads\/2023\/09\/Imagen-tos-COVID-web-768x432.png",768,432,true],"large":["https:\/\/ibecbarcelona.eu\/wp-content\/uploads\/2023\/09\/Imagen-tos-COVID-web-1024x576.png",1024,576,true]},"AFP_attachments":{"full":["https:\/\/ibecbarcelona.eu\/wp-content\/uploads\/2023\/09\/Imagen-tos-COVID-web.png",1200,675,false],"thumbnail":["https:\/\/ibecbarcelona.eu\/wp-content\/uploads\/2023\/09\/Imagen-tos-COVID-web-150x150.png",150,150,true],"medium":["https:\/\/ibecbarcelona.eu\/wp-content\/uploads\/2023\/09\/Imagen-tos-COVID-web-300x169.png",300,169,true],"medium_large":["https:\/\/ibecbarcelona.eu\/wp-content\/uploads\/2023\/09\/Imagen-tos-COVID-web-768x432.png",768,432,true],"large":["https:\/\/ibecbarcelona.eu\/wp-content\/uploads\/2023\/09\/Imagen-tos-COVID-web-1024x576.png",1024,576,true]},"AFP_videos":[],"AFP_video_blocks":"","AFP_category_names":["Noticias de investigaci\u00f3n"],"_links":{"self":[{"href":"https:\/\/ibecbarcelona.eu\/es\/wp-json\/wp\/v2\/posts\/111188","targetHints":{"allow":["GET"]}}],"collection":[{"href":"https:\/\/ibecbarcelona.eu\/es\/wp-json\/wp\/v2\/posts"}],"about":[{"href":"https:\/\/ibecbarcelona.eu\/es\/wp-json\/wp\/v2\/types\/post"}],"author":[{"embeddable":true,"href":"https:\/\/ibecbarcelona.eu\/es\/wp-json\/wp\/v2\/users\/37"}],"replies":[{"embeddable":true,"href":"https:\/\/ibecbarcelona.eu\/es\/wp-json\/wp\/v2\/comments?post=111188"}],"version-history":[{"count":3,"href":"https:\/\/ibecbarcelona.eu\/es\/wp-json\/wp\/v2\/posts\/111188\/revisions"}],"predecessor-version":[{"id":111196,"href":"https:\/\/ibecbarcelona.eu\/es\/wp-json\/wp\/v2\/posts\/111188\/revisions\/111196"}],"wp:featuredmedia":[{"embeddable":true,"href":"https:\/\/ibecbarcelona.eu\/es\/wp-json\/wp\/v2\/media\/111184"}],"wp:attachment":[{"href":"https:\/\/ibecbarcelona.eu\/es\/wp-json\/wp\/v2\/media?parent=111188"}],"wp:term":[{"taxonomy":"category","embeddable":true,"href":"https:\/\/ibecbarcelona.eu\/es\/wp-json\/wp\/v2\/categories?post=111188"},{"taxonomy":"post_tag","embeddable":true,"href":"https:\/\/ibecbarcelona.eu\/es\/wp-json\/wp\/v2\/tags?post=111188"},{"taxonomy":"post_format","embeddable":true,"href":"https:\/\/ibecbarcelona.eu\/es\/wp-json\/wp\/v2\/post_formats?post=111188"}],"curies":[{"name":"wp","href":"https:\/\/api.w.org\/{rel}","templated":true}]}}