
{"id":112963,"date":"2023-11-27T09:22:00","date_gmt":"2023-11-27T08:22:00","guid":{"rendered":"https:\/\/ibecbarcelona.eu\/success-at-the-nanobiomed-2023-international-conference-exploring-advances-in-nanobiotechnology-and-nanomedicine\/"},"modified":"2023-11-29T15:55:36","modified_gmt":"2023-11-29T14:55:36","slug":"conferencia-internacional-nanobiomed-2023-explorando-los-avances-de-la-nanobiotecnologia-y-nanomedicina","status":"publish","type":"post","link":"https:\/\/ibecbarcelona.eu\/es\/conferencia-internacional-nanobiomed-2023","title":{"rendered":"Conferencia Internacional NanoBio&#038;Med 2023: Explorando los Avances de la Nanobiotecnolog\u00eda y Nanomedicina\u00a0\u00a0"},"content":{"rendered":"\n<h4 class=\"wp-block-heading\">La Conferencia Internacional NanoBio&amp;Med 2023, celebrada la semana pasada en el Parc Cient\u00edfic de Barcelona (PCB) entre los d\u00edas 21 y 23 de noviembre, ha marcado un hito al presentar los desarrollos m\u00e1s recientes en los campos de la nanobiotecnolog\u00eda y la nanomedicina.\u00a0\u00a0<\/h4>\n\n\n\n<figure class=\"wp-block-image size-full\"><img decoding=\"async\" width=\"600\" height=\"393\" data-src=\"https:\/\/ibecbarcelona.eu\/wp-content\/uploads\/2023\/11\/Joep_samitier_event.jpg\" alt=\"\" class=\"wp-image-112957 lazyload\" data-srcset=\"https:\/\/ibecbarcelona.eu\/wp-content\/uploads\/2023\/11\/Joep_samitier_event.jpg 600w, https:\/\/ibecbarcelona.eu\/wp-content\/uploads\/2023\/11\/Joep_samitier_event-300x197.jpg 300w\" data-sizes=\"(max-width: 600px) 100vw, 600px\" src=\"data:image\/svg+xml;base64,PHN2ZyB3aWR0aD0iMSIgaGVpZ2h0PSIxIiB4bWxucz0iaHR0cDovL3d3dy53My5vcmcvMjAwMC9zdmciPjwvc3ZnPg==\" style=\"--smush-placeholder-width: 600px; --smush-placeholder-aspect-ratio: 600\/393;\" \/><\/figure>\n\n\n\n<div style=\"height:20px\" aria-hidden=\"true\" class=\"wp-block-spacer\"><\/div>\n\n\n\n<p>El evento, en su und\u00e9cima edici\u00f3n y organizado por la Fundaci\u00f3n PHANTOMS, cont\u00f3 una vez m\u00e1s con la colaboraci\u00f3n del Instituto de Bioingenier\u00eda de Catalu\u00f1a (IBEC) y se consolida como la cita anual para establecer nuevas colaboraciones e impulsar proyectos innovadores en el sector cient\u00edfico-industrial.\u00a0<\/p>\n\n\n\n<p>Durante la conferencia, se abordaron las tendencias emergentes y futuras en los campos de la nanotecnolog\u00eda, biotecnolog\u00eda y medicina. Expertos de la industria, acad\u00e9micos y representantes de instituciones&nbsp;participaron en discusiones sustanciales sobre avances, desaf\u00edos y progresos recientes en estas \u00e1reas interdisciplinarias.&nbsp;<\/p>\n\n\n\n<blockquote class=\"wp-block-quote is-layout-flow wp-block-quote-is-layout-flow\">\n<h2 class=\"wp-block-heading\">La conferencia promovi\u00f3 un di\u00e1logo constructivo entre l\u00edderes empresariales y p\u00fablicos, centr\u00e1ndose espec\u00edficamente en las tecnolog\u00edas y aplicaciones en el sector biom\u00e9dico.&nbsp;<\/h2>\n<\/blockquote>\n\n\n\n<p>El evento, que cont\u00f3 con la inauguraci\u00f3n de Josep Samitier, director del IBEC y uno de los coordinadores del evento, tambi\u00e9n incluy\u00f3 las ponencias de Samuel S\u00e1nchez, profesor de investigaci\u00f3n ICREA en el IBEC e investigador principal del grupo de Nanobiodispositivos inteligentes, que present\u00f3 su \u00faltimo trabajo sobre c\u00e1ncer de vejiga tratado con nanorrobots; C\u00e9sar Rodriguez-Emmenegger, profesor de investigaci\u00f3n ICREA e investigador principal del grupo de Materiales interactivos bioinspirados y sistemas protocelulares, que present\u00f3 su trabajo sobre el dise\u00f1o de biointerfaces y c\u00e9lulas sint\u00e9ticas para nanomedicina, y Giuseppe Battaglia, profesor de investigaci\u00f3n ICREA e investigador principal del grupo de Bi\u00f3nica molecular que se focaliz\u00f3 en su trabajo sobre el transporte dirigido de macromol\u00e9culas para tratar la enfermedad de Alzheimer.&nbsp;<\/p>\n\n\n\n<p>En las sesiones paralelas, tambi\u00e9n participaron: Christopher James, investigador del grupo de Biomateriales para terapias regenerativas; Aurora Dols Perez, investigadora del grupo de Caracterizaci\u00f3n bioel\u00e9ctrica a nanoescala; Barbara Borges Fernandes y Lara Victoria Aiassa, ambas del grupo de Bi\u00f3nica Molecular.&nbsp;<\/p>\n\n\n\n<p>Este evento est\u00e1 organizado por la Fundaci\u00f3n PHANTONS, el Instituto de Bioingenier\u00eda de Catalu\u00f1a (IBEC), el Instituto Catal\u00e1n de Nanociencia y Nanotecnolog\u00eda (ICN2), Universidad de Recursos Naturales y Ciencias de la Vida de&nbsp;Viena (BOKU) y la Plataforma Espa\u00f1ola de Nanomedicina (NanomedSpain), que aglutina cerca de 200 organizaciones entre hospitales, centros de investigaci\u00f3n, empresas, centros tecnol\u00f3gicos y observadores.&nbsp;<\/p>\n\n\n\n<p>Un a\u00f1o m\u00e1s, el \u00e9xito de <a href=\"https:\/\/www.nanobiomedconf.com\/NBM23\/\" target=\"_blank\" rel=\"noreferrer noopener\">NanoBio&amp;Med 2023<\/a> establece las bases para la anticipada edici\u00f3n del pr\u00f3ximo a\u00f1o, <a href=\"https:\/\/www.nanobiomedconf.com\/NBM24\/\" target=\"_blank\" rel=\"noreferrer noopener\">NanoBio&amp;Med 2024<\/a>, que se celebrar\u00e1 del 5 al 7 de noviembre y que se perfila como el epicentro para obtener una visi\u00f3n completa del estado del arte en nanobiotecnolog\u00eda y nanomedicina, as\u00ed como para conocer las investigaciones m\u00e1s recientes y los resultados innovadores.\u00a0<\/p>\n","protected":false},"excerpt":{"rendered":"<p>La Conferencia Internacional NanoBio&amp;Med 2023, celebrada la semana pasada en el Parc Cient\u00edfic de Barcelona (PCB) entre los d\u00edas 21 y 23 de noviembre, ha marcado un hito al presentar &#8230; <a title=\"Conferencia Internacional NanoBio&#038;Med 2023: Explorando los Avances de la Nanobiotecnolog\u00eda y Nanomedicina\u00a0\u00a0\" class=\"read-more\" href=\"https:\/\/ibecbarcelona.eu\/es\/conferencia-internacional-nanobiomed-2023\" aria-label=\"More on Conferencia Internacional NanoBio&#038;Med 2023: Explorando los Avances de la Nanobiotecnolog\u00eda y Nanomedicina\u00a0\u00a0\">Read more<\/a><\/p>\n","protected":false},"author":4,"featured_media":112959,"comment_status":"closed","ping_status":"closed","sticky":false,"template":"","format":"standard","meta":{"footnotes":""},"categories":[94],"tags":[1733,1137,1951],"post_formats":[],"class_list":["post-112963","post","type-post","status-publish","format-standard","has-post-thumbnail","hentry","category-noticias-institucionales","tag-evento","tag-josep-samitier-es","tag-nanomed-spain-es"],"yoast_head":"<!-- This site is optimized with the Yoast SEO plugin v27.4 - https:\/\/yoast.com\/product\/yoast-seo-wordpress\/ -->\n<title>Conferencia Internacional NanoBio&amp;Med 2023: Explorando los Avances de la Nanobiotecnolog\u00eda y Nanomedicina\u00a0\u00a0 - Institute for Bioengineering of Catalonia<\/title>\n<meta name=\"description\" content=\"La Conferencia Internacional NanoBio&amp;Med 2023, celebrada la semana pasada en el Parc Cient\u00edfic de Barcelona (PCB) entre los d\u00edas 21 y 23 de noviembre, ha marcado un hito al presentar los desarrollos m\u00e1s recientes en los campos de la nanobiotecnolog\u00eda y la nanomedicina.\u00a0\" \/>\n<meta name=\"robots\" content=\"index, follow, max-snippet:-1, max-image-preview:large, max-video-preview:-1\" \/>\n<link rel=\"canonical\" href=\"https:\/\/ibecbarcelona.eu\/es\/conferencia-internacional-nanobiomed-2023\/\" \/>\n<meta property=\"og:locale\" content=\"es_ES\" \/>\n<meta property=\"og:type\" content=\"article\" \/>\n<meta property=\"og:title\" content=\"Conferencia Internacional NanoBio&amp;Med 2023: Explorando los Avances de la Nanobiotecnolog\u00eda y Nanomedicina\u00a0\u00a0 - Institute for Bioengineering of Catalonia\" \/>\n<meta property=\"og:description\" content=\"La Conferencia Internacional NanoBio&amp;Med 2023, celebrada la semana pasada en el Parc Cient\u00edfic de Barcelona (PCB) entre los d\u00edas 21 y 23 de noviembre, ha marcado un hito al presentar los desarrollos m\u00e1s recientes en los campos de la nanobiotecnolog\u00eda y la nanomedicina.\u00a0\" \/>\n<meta property=\"og:url\" content=\"https:\/\/ibecbarcelona.eu\/es\/conferencia-internacional-nanobiomed-2023\/\" \/>\n<meta property=\"og:site_name\" content=\"Institute for Bioengineering of Catalonia\" \/>\n<meta property=\"article:published_time\" content=\"2023-11-27T08:22:00+00:00\" \/>\n<meta property=\"article:modified_time\" content=\"2023-11-29T14:55:36+00:00\" \/>\n<meta property=\"og:image\" content=\"https:\/\/ibecbarcelona.eu\/wp-content\/uploads\/2023\/11\/Joep_samitier_event.jpg\" \/>\n\t<meta property=\"og:image:width\" content=\"600\" \/>\n\t<meta property=\"og:image:height\" content=\"393\" \/>\n\t<meta property=\"og:image:type\" content=\"image\/jpeg\" \/>\n<meta name=\"author\" content=\"\u00c0ngels L\u00f3pez\" \/>\n<meta name=\"twitter:card\" content=\"summary_large_image\" \/>\n<meta name=\"twitter:label1\" content=\"Escrito por\" \/>\n\t<meta name=\"twitter:data1\" content=\"\u00c0ngels L\u00f3pez\" \/>\n\t<meta name=\"twitter:label2\" content=\"Tiempo de lectura\" \/>\n\t<meta name=\"twitter:data2\" content=\"3 minutos\" \/>\n<script type=\"application\/ld+json\" class=\"yoast-schema-graph\">{\"@context\":\"https:\\\/\\\/schema.org\",\"@graph\":[{\"@type\":\"Article\",\"@id\":\"https:\\\/\\\/ibecbarcelona.eu\\\/es\\\/conferencia-internacional-nanobiomed-2023\\\/#article\",\"isPartOf\":{\"@id\":\"https:\\\/\\\/ibecbarcelona.eu\\\/es\\\/conferencia-internacional-nanobiomed-2023\\\/\"},\"author\":{\"name\":\"\u00c0ngels L\u00f3pez\",\"@id\":\"https:\\\/\\\/ibecbarcelona.eu\\\/#\\\/schema\\\/person\\\/c212c6b589546130be67986b9290e2b8\"},\"headline\":\"Conferencia Internacional NanoBio&#038;Med 2023: Explorando los Avances de la Nanobiotecnolog\u00eda y Nanomedicina\u00a0\u00a0\",\"datePublished\":\"2023-11-27T08:22:00+00:00\",\"dateModified\":\"2023-11-29T14:55:36+00:00\",\"mainEntityOfPage\":{\"@id\":\"https:\\\/\\\/ibecbarcelona.eu\\\/es\\\/conferencia-internacional-nanobiomed-2023\\\/\"},\"wordCount\":504,\"publisher\":{\"@id\":\"https:\\\/\\\/ibecbarcelona.eu\\\/#organization\"},\"image\":{\"@id\":\"https:\\\/\\\/ibecbarcelona.eu\\\/es\\\/conferencia-internacional-nanobiomed-2023\\\/#primaryimage\"},\"thumbnailUrl\":\"https:\\\/\\\/ibecbarcelona.eu\\\/wp-content\\\/uploads\\\/2023\\\/11\\\/Joep_samitier_event.jpg\",\"keywords\":[\"Evento\",\"Josep Samitier\",\"NANOMED Spain\"],\"articleSection\":[\"Noticias institucionales\"],\"inLanguage\":\"es\"},{\"@type\":\"WebPage\",\"@id\":\"https:\\\/\\\/ibecbarcelona.eu\\\/es\\\/conferencia-internacional-nanobiomed-2023\\\/\",\"url\":\"https:\\\/\\\/ibecbarcelona.eu\\\/es\\\/conferencia-internacional-nanobiomed-2023\\\/\",\"name\":\"Conferencia Internacional NanoBio&Med 2023: Explorando los Avances de la Nanobiotecnolog\u00eda y Nanomedicina\u00a0\u00a0 - Institute for Bioengineering of Catalonia\",\"isPartOf\":{\"@id\":\"https:\\\/\\\/ibecbarcelona.eu\\\/#website\"},\"primaryImageOfPage\":{\"@id\":\"https:\\\/\\\/ibecbarcelona.eu\\\/es\\\/conferencia-internacional-nanobiomed-2023\\\/#primaryimage\"},\"image\":{\"@id\":\"https:\\\/\\\/ibecbarcelona.eu\\\/es\\\/conferencia-internacional-nanobiomed-2023\\\/#primaryimage\"},\"thumbnailUrl\":\"https:\\\/\\\/ibecbarcelona.eu\\\/wp-content\\\/uploads\\\/2023\\\/11\\\/Joep_samitier_event.jpg\",\"datePublished\":\"2023-11-27T08:22:00+00:00\",\"dateModified\":\"2023-11-29T14:55:36+00:00\",\"description\":\"La Conferencia Internacional NanoBio&Med 2023, celebrada la semana pasada en el Parc Cient\u00edfic de Barcelona (PCB) entre los d\u00edas 21 y 23 de noviembre, ha marcado un hito al presentar los desarrollos m\u00e1s recientes en los campos de la nanobiotecnolog\u00eda y la nanomedicina.\u00a0\",\"breadcrumb\":{\"@id\":\"https:\\\/\\\/ibecbarcelona.eu\\\/es\\\/conferencia-internacional-nanobiomed-2023\\\/#breadcrumb\"},\"inLanguage\":\"es\",\"potentialAction\":[{\"@type\":\"ReadAction\",\"target\":[\"https:\\\/\\\/ibecbarcelona.eu\\\/es\\\/conferencia-internacional-nanobiomed-2023\\\/\"]}]},{\"@type\":\"ImageObject\",\"inLanguage\":\"es\",\"@id\":\"https:\\\/\\\/ibecbarcelona.eu\\\/es\\\/conferencia-internacional-nanobiomed-2023\\\/#primaryimage\",\"url\":\"https:\\\/\\\/ibecbarcelona.eu\\\/wp-content\\\/uploads\\\/2023\\\/11\\\/Joep_samitier_event.jpg\",\"contentUrl\":\"https:\\\/\\\/ibecbarcelona.eu\\\/wp-content\\\/uploads\\\/2023\\\/11\\\/Joep_samitier_event.jpg\",\"width\":600,\"height\":393},{\"@type\":\"BreadcrumbList\",\"@id\":\"https:\\\/\\\/ibecbarcelona.eu\\\/es\\\/conferencia-internacional-nanobiomed-2023\\\/#breadcrumb\",\"itemListElement\":[{\"@type\":\"ListItem\",\"position\":1,\"name\":\"Home\",\"item\":\"https:\\\/\\\/ibecbarcelona.eu\\\/es\\\/\"},{\"@type\":\"ListItem\",\"position\":2,\"name\":\"Conferencia Internacional NanoBio&#038;Med 2023: Explorando los Avances de la Nanobiotecnolog\u00eda y Nanomedicina\u00a0\u00a0\"}]},{\"@type\":\"WebSite\",\"@id\":\"https:\\\/\\\/ibecbarcelona.eu\\\/#website\",\"url\":\"https:\\\/\\\/ibecbarcelona.eu\\\/\",\"name\":\"Institute for Bioengineering of Catalonia\",\"description\":\"Bioengineering solutions for health\",\"publisher\":{\"@id\":\"https:\\\/\\\/ibecbarcelona.eu\\\/#organization\"},\"potentialAction\":[{\"@type\":\"SearchAction\",\"target\":{\"@type\":\"EntryPoint\",\"urlTemplate\":\"https:\\\/\\\/ibecbarcelona.eu\\\/?s={search_term_string}\"},\"query-input\":{\"@type\":\"PropertyValueSpecification\",\"valueRequired\":true,\"valueName\":\"search_term_string\"}}],\"inLanguage\":\"es\"},{\"@type\":\"Organization\",\"@id\":\"https:\\\/\\\/ibecbarcelona.eu\\\/#organization\",\"name\":\"Institute for Bioengineering of Catalonia\",\"url\":\"https:\\\/\\\/ibecbarcelona.eu\\\/\",\"logo\":{\"@type\":\"ImageObject\",\"inLanguage\":\"es\",\"@id\":\"https:\\\/\\\/ibecbarcelona.eu\\\/#\\\/schema\\\/logo\\\/image\\\/\",\"url\":\"https:\\\/\\\/ibecbarcelona.eu\\\/wp-content\\\/uploads\\\/2026\\\/01\\\/cropped-IBEC_20ANYS_GRIS.png\",\"contentUrl\":\"https:\\\/\\\/ibecbarcelona.eu\\\/wp-content\\\/uploads\\\/2026\\\/01\\\/cropped-IBEC_20ANYS_GRIS.png\",\"width\":696,\"height\":257,\"caption\":\"Institute for Bioengineering of Catalonia\"},\"image\":{\"@id\":\"https:\\\/\\\/ibecbarcelona.eu\\\/#\\\/schema\\\/logo\\\/image\\\/\"}},{\"@type\":\"Person\",\"@id\":\"https:\\\/\\\/ibecbarcelona.eu\\\/#\\\/schema\\\/person\\\/c212c6b589546130be67986b9290e2b8\",\"name\":\"\u00c0ngels L\u00f3pez\",\"image\":{\"@type\":\"ImageObject\",\"inLanguage\":\"es\",\"@id\":\"https:\\\/\\\/secure.gravatar.com\\\/avatar\\\/09ad6ba116bea0b15c5511860f83b302579fd7404c1180e9dae55c3f11d988c6?s=96&d=mm&r=g\",\"url\":\"https:\\\/\\\/secure.gravatar.com\\\/avatar\\\/09ad6ba116bea0b15c5511860f83b302579fd7404c1180e9dae55c3f11d988c6?s=96&d=mm&r=g\",\"contentUrl\":\"https:\\\/\\\/secure.gravatar.com\\\/avatar\\\/09ad6ba116bea0b15c5511860f83b302579fd7404c1180e9dae55c3f11d988c6?s=96&d=mm&r=g\",\"caption\":\"\u00c0ngels L\u00f3pez\"},\"url\":\"https:\\\/\\\/ibecbarcelona.eu\\\/es\\\/author\\\/alopez\\\/\"}]}<\/script>\n<!-- \/ Yoast SEO plugin. -->","yoast_head_json":{"title":"Conferencia Internacional NanoBio&Med 2023: Explorando los Avances de la Nanobiotecnolog\u00eda y Nanomedicina\u00a0\u00a0 - Institute for Bioengineering of Catalonia","description":"La Conferencia Internacional NanoBio&Med 2023, celebrada la semana pasada en el Parc Cient\u00edfic de Barcelona (PCB) entre los d\u00edas 21 y 23 de noviembre, ha marcado un hito al presentar los desarrollos m\u00e1s recientes en los campos de la nanobiotecnolog\u00eda y la nanomedicina.\u00a0","robots":{"index":"index","follow":"follow","max-snippet":"max-snippet:-1","max-image-preview":"max-image-preview:large","max-video-preview":"max-video-preview:-1"},"canonical":"https:\/\/ibecbarcelona.eu\/es\/conferencia-internacional-nanobiomed-2023\/","og_locale":"es_ES","og_type":"article","og_title":"Conferencia Internacional NanoBio&Med 2023: Explorando los Avances de la Nanobiotecnolog\u00eda y Nanomedicina\u00a0\u00a0 - Institute for Bioengineering of Catalonia","og_description":"La Conferencia Internacional NanoBio&Med 2023, celebrada la semana pasada en el Parc Cient\u00edfic de Barcelona (PCB) entre los d\u00edas 21 y 23 de noviembre, ha marcado un hito al presentar los desarrollos m\u00e1s recientes en los campos de la nanobiotecnolog\u00eda y la nanomedicina.\u00a0","og_url":"https:\/\/ibecbarcelona.eu\/es\/conferencia-internacional-nanobiomed-2023\/","og_site_name":"Institute for Bioengineering of Catalonia","article_published_time":"2023-11-27T08:22:00+00:00","article_modified_time":"2023-11-29T14:55:36+00:00","og_image":[{"width":600,"height":393,"url":"https:\/\/ibecbarcelona.eu\/wp-content\/uploads\/2023\/11\/Joep_samitier_event.jpg","type":"image\/jpeg"}],"author":"\u00c0ngels L\u00f3pez","twitter_card":"summary_large_image","twitter_misc":{"Escrito por":"\u00c0ngels L\u00f3pez","Tiempo de lectura":"3 minutos"},"schema":{"@context":"https:\/\/schema.org","@graph":[{"@type":"Article","@id":"https:\/\/ibecbarcelona.eu\/es\/conferencia-internacional-nanobiomed-2023\/#article","isPartOf":{"@id":"https:\/\/ibecbarcelona.eu\/es\/conferencia-internacional-nanobiomed-2023\/"},"author":{"name":"\u00c0ngels L\u00f3pez","@id":"https:\/\/ibecbarcelona.eu\/#\/schema\/person\/c212c6b589546130be67986b9290e2b8"},"headline":"Conferencia Internacional NanoBio&#038;Med 2023: Explorando los Avances de la Nanobiotecnolog\u00eda y Nanomedicina\u00a0\u00a0","datePublished":"2023-11-27T08:22:00+00:00","dateModified":"2023-11-29T14:55:36+00:00","mainEntityOfPage":{"@id":"https:\/\/ibecbarcelona.eu\/es\/conferencia-internacional-nanobiomed-2023\/"},"wordCount":504,"publisher":{"@id":"https:\/\/ibecbarcelona.eu\/#organization"},"image":{"@id":"https:\/\/ibecbarcelona.eu\/es\/conferencia-internacional-nanobiomed-2023\/#primaryimage"},"thumbnailUrl":"https:\/\/ibecbarcelona.eu\/wp-content\/uploads\/2023\/11\/Joep_samitier_event.jpg","keywords":["Evento","Josep Samitier","NANOMED Spain"],"articleSection":["Noticias institucionales"],"inLanguage":"es"},{"@type":"WebPage","@id":"https:\/\/ibecbarcelona.eu\/es\/conferencia-internacional-nanobiomed-2023\/","url":"https:\/\/ibecbarcelona.eu\/es\/conferencia-internacional-nanobiomed-2023\/","name":"Conferencia Internacional NanoBio&Med 2023: Explorando los Avances de la Nanobiotecnolog\u00eda y Nanomedicina\u00a0\u00a0 - Institute for Bioengineering of Catalonia","isPartOf":{"@id":"https:\/\/ibecbarcelona.eu\/#website"},"primaryImageOfPage":{"@id":"https:\/\/ibecbarcelona.eu\/es\/conferencia-internacional-nanobiomed-2023\/#primaryimage"},"image":{"@id":"https:\/\/ibecbarcelona.eu\/es\/conferencia-internacional-nanobiomed-2023\/#primaryimage"},"thumbnailUrl":"https:\/\/ibecbarcelona.eu\/wp-content\/uploads\/2023\/11\/Joep_samitier_event.jpg","datePublished":"2023-11-27T08:22:00+00:00","dateModified":"2023-11-29T14:55:36+00:00","description":"La Conferencia Internacional NanoBio&Med 2023, celebrada la semana pasada en el Parc Cient\u00edfic de Barcelona (PCB) entre los d\u00edas 21 y 23 de noviembre, ha marcado un hito al presentar los desarrollos m\u00e1s recientes en los campos de la nanobiotecnolog\u00eda y la nanomedicina.\u00a0","breadcrumb":{"@id":"https:\/\/ibecbarcelona.eu\/es\/conferencia-internacional-nanobiomed-2023\/#breadcrumb"},"inLanguage":"es","potentialAction":[{"@type":"ReadAction","target":["https:\/\/ibecbarcelona.eu\/es\/conferencia-internacional-nanobiomed-2023\/"]}]},{"@type":"ImageObject","inLanguage":"es","@id":"https:\/\/ibecbarcelona.eu\/es\/conferencia-internacional-nanobiomed-2023\/#primaryimage","url":"https:\/\/ibecbarcelona.eu\/wp-content\/uploads\/2023\/11\/Joep_samitier_event.jpg","contentUrl":"https:\/\/ibecbarcelona.eu\/wp-content\/uploads\/2023\/11\/Joep_samitier_event.jpg","width":600,"height":393},{"@type":"BreadcrumbList","@id":"https:\/\/ibecbarcelona.eu\/es\/conferencia-internacional-nanobiomed-2023\/#breadcrumb","itemListElement":[{"@type":"ListItem","position":1,"name":"Home","item":"https:\/\/ibecbarcelona.eu\/es\/"},{"@type":"ListItem","position":2,"name":"Conferencia Internacional NanoBio&#038;Med 2023: Explorando los Avances de la Nanobiotecnolog\u00eda y Nanomedicina\u00a0\u00a0"}]},{"@type":"WebSite","@id":"https:\/\/ibecbarcelona.eu\/#website","url":"https:\/\/ibecbarcelona.eu\/","name":"Institute for Bioengineering of Catalonia","description":"Bioengineering solutions for health","publisher":{"@id":"https:\/\/ibecbarcelona.eu\/#organization"},"potentialAction":[{"@type":"SearchAction","target":{"@type":"EntryPoint","urlTemplate":"https:\/\/ibecbarcelona.eu\/?s={search_term_string}"},"query-input":{"@type":"PropertyValueSpecification","valueRequired":true,"valueName":"search_term_string"}}],"inLanguage":"es"},{"@type":"Organization","@id":"https:\/\/ibecbarcelona.eu\/#organization","name":"Institute for Bioengineering of Catalonia","url":"https:\/\/ibecbarcelona.eu\/","logo":{"@type":"ImageObject","inLanguage":"es","@id":"https:\/\/ibecbarcelona.eu\/#\/schema\/logo\/image\/","url":"https:\/\/ibecbarcelona.eu\/wp-content\/uploads\/2026\/01\/cropped-IBEC_20ANYS_GRIS.png","contentUrl":"https:\/\/ibecbarcelona.eu\/wp-content\/uploads\/2026\/01\/cropped-IBEC_20ANYS_GRIS.png","width":696,"height":257,"caption":"Institute for Bioengineering of Catalonia"},"image":{"@id":"https:\/\/ibecbarcelona.eu\/#\/schema\/logo\/image\/"}},{"@type":"Person","@id":"https:\/\/ibecbarcelona.eu\/#\/schema\/person\/c212c6b589546130be67986b9290e2b8","name":"\u00c0ngels L\u00f3pez","image":{"@type":"ImageObject","inLanguage":"es","@id":"https:\/\/secure.gravatar.com\/avatar\/09ad6ba116bea0b15c5511860f83b302579fd7404c1180e9dae55c3f11d988c6?s=96&d=mm&r=g","url":"https:\/\/secure.gravatar.com\/avatar\/09ad6ba116bea0b15c5511860f83b302579fd7404c1180e9dae55c3f11d988c6?s=96&d=mm&r=g","contentUrl":"https:\/\/secure.gravatar.com\/avatar\/09ad6ba116bea0b15c5511860f83b302579fd7404c1180e9dae55c3f11d988c6?s=96&d=mm&r=g","caption":"\u00c0ngels L\u00f3pez"},"url":"https:\/\/ibecbarcelona.eu\/es\/author\/alopez\/"}]}},"AFP_featured_media_urls":{"full":["https:\/\/ibecbarcelona.eu\/wp-content\/uploads\/2023\/11\/Joep_samitier_event.jpg",600,393,false],"thumbnail":["https:\/\/ibecbarcelona.eu\/wp-content\/uploads\/2023\/11\/Joep_samitier_event-150x150.jpg",150,150,true],"medium":["https:\/\/ibecbarcelona.eu\/wp-content\/uploads\/2023\/11\/Joep_samitier_event-300x197.jpg",300,197,true],"medium_large":["https:\/\/ibecbarcelona.eu\/wp-content\/uploads\/2023\/11\/Joep_samitier_event.jpg",600,393,false],"large":["https:\/\/ibecbarcelona.eu\/wp-content\/uploads\/2023\/11\/Joep_samitier_event.jpg",600,393,false]},"AFP_attachments":{"full":["https:\/\/ibecbarcelona.eu\/wp-content\/uploads\/2023\/11\/Joep_samitier_event.jpg",600,393,false],"thumbnail":["https:\/\/ibecbarcelona.eu\/wp-content\/uploads\/2023\/11\/Joep_samitier_event-150x150.jpg",150,150,true],"medium":["https:\/\/ibecbarcelona.eu\/wp-content\/uploads\/2023\/11\/Joep_samitier_event-300x197.jpg",300,197,true],"medium_large":["https:\/\/ibecbarcelona.eu\/wp-content\/uploads\/2023\/11\/Joep_samitier_event.jpg",600,393,false],"large":["https:\/\/ibecbarcelona.eu\/wp-content\/uploads\/2023\/11\/Joep_samitier_event.jpg",600,393,false]},"AFP_videos":[],"AFP_video_blocks":"","AFP_category_names":["Noticias institucionales"],"_links":{"self":[{"href":"https:\/\/ibecbarcelona.eu\/es\/wp-json\/wp\/v2\/posts\/112963","targetHints":{"allow":["GET"]}}],"collection":[{"href":"https:\/\/ibecbarcelona.eu\/es\/wp-json\/wp\/v2\/posts"}],"about":[{"href":"https:\/\/ibecbarcelona.eu\/es\/wp-json\/wp\/v2\/types\/post"}],"author":[{"embeddable":true,"href":"https:\/\/ibecbarcelona.eu\/es\/wp-json\/wp\/v2\/users\/4"}],"replies":[{"embeddable":true,"href":"https:\/\/ibecbarcelona.eu\/es\/wp-json\/wp\/v2\/comments?post=112963"}],"version-history":[{"count":4,"href":"https:\/\/ibecbarcelona.eu\/es\/wp-json\/wp\/v2\/posts\/112963\/revisions"}],"predecessor-version":[{"id":112976,"href":"https:\/\/ibecbarcelona.eu\/es\/wp-json\/wp\/v2\/posts\/112963\/revisions\/112976"}],"wp:featuredmedia":[{"embeddable":true,"href":"https:\/\/ibecbarcelona.eu\/es\/wp-json\/wp\/v2\/media\/112959"}],"wp:attachment":[{"href":"https:\/\/ibecbarcelona.eu\/es\/wp-json\/wp\/v2\/media?parent=112963"}],"wp:term":[{"taxonomy":"category","embeddable":true,"href":"https:\/\/ibecbarcelona.eu\/es\/wp-json\/wp\/v2\/categories?post=112963"},{"taxonomy":"post_tag","embeddable":true,"href":"https:\/\/ibecbarcelona.eu\/es\/wp-json\/wp\/v2\/tags?post=112963"},{"taxonomy":"post_format","embeddable":true,"href":"https:\/\/ibecbarcelona.eu\/es\/wp-json\/wp\/v2\/post_formats?post=112963"}],"curies":[{"name":"wp","href":"https:\/\/api.w.org\/{rel}","templated":true}]}}