
{"id":115507,"date":"2024-02-14T17:00:00","date_gmt":"2024-02-14T16:00:00","guid":{"rendered":"https:\/\/ibecbarcelona.eu\/?p=115507"},"modified":"2026-02-27T12:31:03","modified_gmt":"2026-02-27T11:31:03","slug":"ibec-drives-dialogue-on-innovations-in-personalized-medicine-and-emerging-therapies-at-barcelona-health-innovation-week","status":"publish","type":"post","link":"https:\/\/ibecbarcelona.eu\/es\/el-ibec-impulsa-el-dialogo-sobre-innovaciones-en-medicina-personalizada-y-terapias-emergentes-en-la-barcelona-health-innovation-week","title":{"rendered":"El IBEC impulsa el di\u00e1logo sobre innovaciones en medicina personalizada y terapias emergentes en la Barcelona Health Innovation Week"},"content":{"rendered":"\n<p><strong>Hoy, 14 de febrero el IBEC ha organizado la mesa redonda \u00abRetos en innovaci\u00f3n en medicina personalizada y terapias emergentes\u00bb. El acto forma parte de la <em>Barcelona Health Innovation Week<\/em>, organizada por Biocat. Fue un di\u00e1logo en el que expertos de diferentes \u00e1mbitos pudieron compartir sus perspectivas sobre c\u00f3mo identificar oportunidades para impulsar el uso de nuevas tecnolog\u00edas en el campo de la salud.<\/strong><\/p>\n\n\n\n<figure class=\"wp-block-image size-large\"><img decoding=\"async\" width=\"1200\" height=\"675\" data-src=\"https:\/\/ibecbarcelona.eu\/wp-content\/uploads\/2024\/02\/BHIW-edit-edited.jpg\" alt=\"\" class=\"wp-image-115502 lazyload\" data-srcset=\"https:\/\/ibecbarcelona.eu\/wp-content\/uploads\/2024\/02\/BHIW-edit-edited.jpg 1200w, https:\/\/ibecbarcelona.eu\/wp-content\/uploads\/2024\/02\/BHIW-edit-edited-300x169.jpg 300w, https:\/\/ibecbarcelona.eu\/wp-content\/uploads\/2024\/02\/BHIW-edit-edited-1024x576.jpg 1024w, https:\/\/ibecbarcelona.eu\/wp-content\/uploads\/2024\/02\/BHIW-edit-edited-768x432.jpg 768w\" data-sizes=\"(max-width: 1200px) 100vw, 1200px\" src=\"data:image\/svg+xml;base64,PHN2ZyB3aWR0aD0iMSIgaGVpZ2h0PSIxIiB4bWxucz0iaHR0cDovL3d3dy53My5vcmcvMjAwMC9zdmciPjwvc3ZnPg==\" style=\"--smush-placeholder-width: 1200px; --smush-placeholder-aspect-ratio: 1200\/675;\" \/><figcaption class=\"wp-element-caption\">Mesa redonda \u00abRetos en innovaci\u00f3n en medicina personalizada y terapias emergentes\u00bb organizada por el IBEC dentro de la Barcelona Health Innovation Week 2024.<\/figcaption><\/figure>\n\n\n\n<p>Esta semana, del 12 al 15 de febrero, se celebra la <a href=\"https:\/\/bcnhealthinnovationweek.biocat.cat\/\">Barcelona Health Innovation Week<\/a>. Se trata de un encuentro organizado por Biocat dedicado a la innovaci\u00f3n, la aceleraci\u00f3n, la tecnolog\u00eda y la transformaci\u00f3n de la atenci\u00f3n sanitaria. Mediante sesiones presenciales, seminarios online, charlas y debates permite a las organizaciones y empresas del \u00e1mbito de la salud reivindicar este mercado, as\u00ed como mostrar sus \u00faltimas innovaciones y conectar con su audiencia.<\/p>\n\n\n\n<p>Dentro del marco de este evento, hoy ha tenido lugar la mesa redonda \u00abRetos en innovaci\u00f3n en medicina personalizada y terapias emergentes\u00bb organizada por el IBEC, coordinador del Plan Complementario de Biotecnolog\u00eda aplicada a la Salud. Su objetivo ha sido reflexionar sobre el reto de alcanzar la traducci\u00f3n cl\u00ednica de los descubrimientos b\u00e1sicos y explorar los problemas fundamentales relacionados con la escalabilidad y el acceso a las terapias emergentes.<\/p>\n\n\n\n<p>El acto ha sido conducido por Josep Samitier, director del IBEC y Coordinador del Plan Complementario de Biotecnolog\u00eda aplicada a la Salud. Fue un di\u00e1logo en el que expertos de diferentes \u00e1mbitos pudieron compartir sus perspectivas sobre c\u00f3mo identificar oportunidades para impulsar el uso de nuevas tecnolog\u00edas en el campo de la salud. La discusi\u00f3n que se gener\u00f3 fue muy interesante y permiti\u00f3 debatir sobre los retos actuales en este campo: colaboraci\u00f3n, traslaci\u00f3n cl\u00ednica, escalabilidad, coste y acceso equitativo.<\/p>\n\n\n\n<blockquote class=\"wp-block-quote is-layout-flow wp-block-quote-is-layout-flow\">\n<p><em>La sociedad nos est\u00e1 pidiendo que resolvamos problemas de salud, abordando cuestiones cr\u00edticas como el acceso a la salud y la equidad. En este evento, estamos comprometidos a explorar soluciones innovadoras y colaborativas para afrontar estos desaf\u00edos fundamentales.<\/em><\/p>\n<cite><em>Josep Samitier<\/em><\/cite><\/blockquote>\n\n\n\n<p>Entre los ponentes invitados, se encontraba Samuel S\u00e1nchez, investigador principal del IBEC, fundador de la start-up Nanobots Therapeutics y miembro del comit\u00e9 t\u00e9cnico del Plan Complementario. S\u00e1nchez destac\u00f3 la importancia de crear alianzas tanto con la administraci\u00f3n p\u00fablica como con empresas, que ayuden a trasladar la investigaci\u00f3n en innovaci\u00f3n cl\u00ednica.<\/p>\n\n\n\n<p>La mesa redonda cont\u00f3 tambi\u00e9n con la participaci\u00f3n de Laia Arnal, Directora General de Transferencia y Sociedad del Conocimiento del Departamento de Investigaci\u00f3n y Universidades; Jo\u00ebl Jean-Mairet, Managing partner y cofundador de Ysios Capital y miembro del comit\u00e9 industrial del Plan Complementario; Isabel Amat, Global Head of Innovation and Pipeline Management de Reig Jofr\u00e9 y Miquel Rodriguez, Gerente de Promoci\u00f3n Econ\u00f3mica del Ayuntamiento de Barcelona.<\/p>\n\n\n\n<hr class=\"wp-block-separator has-alpha-channel-opacity\"\/>\n\n\n\n<p>Actividad organizada por el IBEC, coordinador del <a href=\"https:\/\/planescomplementariossalud.es\/\" target=\"_blank\" rel=\"noreferrer noopener\">Plan Complementario de Biotecnolog\u00eda aplicada a la Salud<\/a> \u2013 iniciativa enfocada al desarrollo de herramientas para el diagn\u00f3stico, pron\u00f3stico y terapias avanzadas, o dirigidas, en medicina personalizada y de precisi\u00f3n.<\/p>\n\n\n\n<hr class=\"wp-block-separator has-alpha-channel-opacity\"\/>\n\n\n\n<figure class=\"wp-block-image\"><img decoding=\"async\" width=\"1015\" height=\"54\" data-src=\"https:\/\/ibecbarcelona.eu\/wp-content\/uploads\/2025\/11\/Unknown.png\" alt=\"\" class=\"wp-image-132262 lazyload\" data-srcset=\"https:\/\/ibecbarcelona.eu\/wp-content\/uploads\/2025\/11\/Unknown.png 1015w, https:\/\/ibecbarcelona.eu\/wp-content\/uploads\/2025\/11\/Unknown-300x16.png 300w, https:\/\/ibecbarcelona.eu\/wp-content\/uploads\/2025\/11\/Unknown-768x41.png 768w\" data-sizes=\"(max-width: 1015px) 100vw, 1015px\" src=\"data:image\/svg+xml;base64,PHN2ZyB3aWR0aD0iMSIgaGVpZ2h0PSIxIiB4bWxucz0iaHR0cDovL3d3dy53My5vcmcvMjAwMC9zdmciPjwvc3ZnPg==\" style=\"--smush-placeholder-width: 1015px; --smush-placeholder-aspect-ratio: 1015\/54;\" \/><\/figure>\n\n\n\n<p>El Plan Complementario de Biotecnolog\u00eda Aplicada a la Salud ha sido cofinanciado por el Ministerio de Ciencia, Innovaci\u00f3n y Universidades con fondos de la Uni\u00f3n Europea NextGenerationEU, el Plan de Recuperaci\u00f3n, Transformaci\u00f3n y Resiliencia (PRTR-C17.I1).<\/p>\n","protected":false},"excerpt":{"rendered":"<p>Hoy, 14 de febrero el IBEC ha organizado la mesa redonda \u00abRetos en innovaci\u00f3n en medicina personalizada y terapias emergentes\u00bb. El acto forma parte de la Barcelona Health Innovation Week, organizada por Biocat. Fue un di\u00e1logo en el que expertos de diferentes \u00e1mbitos pudieron compartir sus perspectivas sobre c\u00f3mo identificar oportunidades para impulsar el uso de nuevas tecnolog\u00edas en el campo de la salud.<\/p>\n","protected":false},"author":37,"featured_media":115501,"comment_status":"closed","ping_status":"closed","sticky":false,"template":"","format":"standard","meta":{"footnotes":""},"categories":[94],"tags":[1733,1137,1830,1139],"post_formats":[],"class_list":["post-115507","post","type-post","status-publish","format-standard","has-post-thumbnail","hentry","category-noticias-institucionales","tag-evento","tag-josep-samitier-es","tag-planes-complementarios-es","tag-samuel-sanchez-es"],"yoast_head":"<!-- This site is optimized with the Yoast SEO plugin v27.5 - https:\/\/yoast.com\/product\/yoast-seo-wordpress\/ -->\n<title>El IBEC impulsa el di\u00e1logo sobre innovaciones en medicina personalizada y terapias emergentes en la Barcelona Health Innovation Week - Institute for Bioengineering of Catalonia<\/title>\n<meta name=\"robots\" content=\"index, follow, max-snippet:-1, max-image-preview:large, max-video-preview:-1\" \/>\n<link rel=\"canonical\" href=\"https:\/\/ibecbarcelona.eu\/es\/el-ibec-impulsa-el-dialogo-sobre-innovaciones-en-medicina-personalizada-y-terapias-emergentes-en-la-barcelona-health-innovation-week\/\" \/>\n<meta property=\"og:locale\" content=\"es_ES\" \/>\n<meta property=\"og:type\" content=\"article\" \/>\n<meta property=\"og:title\" content=\"El IBEC impulsa el di\u00e1logo sobre innovaciones en medicina personalizada y terapias emergentes en la Barcelona Health Innovation Week - Institute for Bioengineering of Catalonia\" \/>\n<meta property=\"og:description\" content=\"Hoy, 14 de febrero el IBEC ha organizado la mesa redonda &quot;Retos en innovaci\u00f3n en medicina personalizada y terapias emergentes&quot;. El acto forma parte de la Barcelona Health Innovation Week, organizada por Biocat. Fue un di\u00e1logo en el que expertos de diferentes \u00e1mbitos pudieron compartir sus perspectivas sobre c\u00f3mo identificar oportunidades para impulsar el uso de nuevas tecnolog\u00edas en el campo de la salud.\" \/>\n<meta property=\"og:url\" content=\"https:\/\/ibecbarcelona.eu\/es\/el-ibec-impulsa-el-dialogo-sobre-innovaciones-en-medicina-personalizada-y-terapias-emergentes-en-la-barcelona-health-innovation-week\/\" \/>\n<meta property=\"og:site_name\" content=\"Institute for Bioengineering of Catalonia\" \/>\n<meta property=\"article:published_time\" content=\"2024-02-14T16:00:00+00:00\" \/>\n<meta property=\"article:modified_time\" content=\"2026-02-27T11:31:03+00:00\" \/>\n<meta property=\"og:image\" content=\"https:\/\/ibecbarcelona.eu\/wp-content\/uploads\/2024\/02\/BHIW-edit.jpg\" \/>\n\t<meta property=\"og:image:width\" content=\"1200\" \/>\n\t<meta property=\"og:image:height\" content=\"900\" \/>\n\t<meta property=\"og:image:type\" content=\"image\/jpeg\" \/>\n<meta name=\"author\" content=\"Sarah Moreira\" \/>\n<meta name=\"twitter:card\" content=\"summary_large_image\" \/>\n<meta name=\"twitter:label1\" content=\"Escrito por\" \/>\n\t<meta name=\"twitter:data1\" content=\"Sarah Moreira\" \/>\n\t<meta name=\"twitter:label2\" content=\"Tiempo de lectura\" \/>\n\t<meta name=\"twitter:data2\" content=\"4 minutos\" \/>\n<script type=\"application\/ld+json\" class=\"yoast-schema-graph\">{\"@context\":\"https:\\\/\\\/schema.org\",\"@graph\":[{\"@type\":\"Article\",\"@id\":\"https:\\\/\\\/ibecbarcelona.eu\\\/es\\\/el-ibec-impulsa-el-dialogo-sobre-innovaciones-en-medicina-personalizada-y-terapias-emergentes-en-la-barcelona-health-innovation-week\\\/#article\",\"isPartOf\":{\"@id\":\"https:\\\/\\\/ibecbarcelona.eu\\\/es\\\/el-ibec-impulsa-el-dialogo-sobre-innovaciones-en-medicina-personalizada-y-terapias-emergentes-en-la-barcelona-health-innovation-week\\\/\"},\"author\":{\"name\":\"Sarah Moreira\",\"@id\":\"https:\\\/\\\/ibecbarcelona.eu\\\/#\\\/schema\\\/person\\\/d3a158b8d448000777023ca1e3d71d34\"},\"headline\":\"El IBEC impulsa el di\u00e1logo sobre innovaciones en medicina personalizada y terapias emergentes en la Barcelona Health Innovation Week\",\"datePublished\":\"2024-02-14T16:00:00+00:00\",\"dateModified\":\"2026-02-27T11:31:03+00:00\",\"mainEntityOfPage\":{\"@id\":\"https:\\\/\\\/ibecbarcelona.eu\\\/es\\\/el-ibec-impulsa-el-dialogo-sobre-innovaciones-en-medicina-personalizada-y-terapias-emergentes-en-la-barcelona-health-innovation-week\\\/\"},\"wordCount\":597,\"publisher\":{\"@id\":\"https:\\\/\\\/ibecbarcelona.eu\\\/#organization\"},\"image\":{\"@id\":\"https:\\\/\\\/ibecbarcelona.eu\\\/es\\\/el-ibec-impulsa-el-dialogo-sobre-innovaciones-en-medicina-personalizada-y-terapias-emergentes-en-la-barcelona-health-innovation-week\\\/#primaryimage\"},\"thumbnailUrl\":\"https:\\\/\\\/ibecbarcelona.eu\\\/wp-content\\\/uploads\\\/2024\\\/02\\\/BHIW-edit.jpg\",\"keywords\":[\"Evento\",\"Josep Samitier\",\"Planes Complementarios\",\"Samuel Sanchez\"],\"articleSection\":[\"Noticias institucionales\"],\"inLanguage\":\"es\"},{\"@type\":\"WebPage\",\"@id\":\"https:\\\/\\\/ibecbarcelona.eu\\\/es\\\/el-ibec-impulsa-el-dialogo-sobre-innovaciones-en-medicina-personalizada-y-terapias-emergentes-en-la-barcelona-health-innovation-week\\\/\",\"url\":\"https:\\\/\\\/ibecbarcelona.eu\\\/es\\\/el-ibec-impulsa-el-dialogo-sobre-innovaciones-en-medicina-personalizada-y-terapias-emergentes-en-la-barcelona-health-innovation-week\\\/\",\"name\":\"El IBEC impulsa el di\u00e1logo sobre innovaciones en medicina personalizada y terapias emergentes en la Barcelona Health Innovation Week - Institute for Bioengineering of Catalonia\",\"isPartOf\":{\"@id\":\"https:\\\/\\\/ibecbarcelona.eu\\\/#website\"},\"primaryImageOfPage\":{\"@id\":\"https:\\\/\\\/ibecbarcelona.eu\\\/es\\\/el-ibec-impulsa-el-dialogo-sobre-innovaciones-en-medicina-personalizada-y-terapias-emergentes-en-la-barcelona-health-innovation-week\\\/#primaryimage\"},\"image\":{\"@id\":\"https:\\\/\\\/ibecbarcelona.eu\\\/es\\\/el-ibec-impulsa-el-dialogo-sobre-innovaciones-en-medicina-personalizada-y-terapias-emergentes-en-la-barcelona-health-innovation-week\\\/#primaryimage\"},\"thumbnailUrl\":\"https:\\\/\\\/ibecbarcelona.eu\\\/wp-content\\\/uploads\\\/2024\\\/02\\\/BHIW-edit.jpg\",\"datePublished\":\"2024-02-14T16:00:00+00:00\",\"dateModified\":\"2026-02-27T11:31:03+00:00\",\"breadcrumb\":{\"@id\":\"https:\\\/\\\/ibecbarcelona.eu\\\/es\\\/el-ibec-impulsa-el-dialogo-sobre-innovaciones-en-medicina-personalizada-y-terapias-emergentes-en-la-barcelona-health-innovation-week\\\/#breadcrumb\"},\"inLanguage\":\"es\",\"potentialAction\":[{\"@type\":\"ReadAction\",\"target\":[\"https:\\\/\\\/ibecbarcelona.eu\\\/es\\\/el-ibec-impulsa-el-dialogo-sobre-innovaciones-en-medicina-personalizada-y-terapias-emergentes-en-la-barcelona-health-innovation-week\\\/\"]}]},{\"@type\":\"ImageObject\",\"inLanguage\":\"es\",\"@id\":\"https:\\\/\\\/ibecbarcelona.eu\\\/es\\\/el-ibec-impulsa-el-dialogo-sobre-innovaciones-en-medicina-personalizada-y-terapias-emergentes-en-la-barcelona-health-innovation-week\\\/#primaryimage\",\"url\":\"https:\\\/\\\/ibecbarcelona.eu\\\/wp-content\\\/uploads\\\/2024\\\/02\\\/BHIW-edit.jpg\",\"contentUrl\":\"https:\\\/\\\/ibecbarcelona.eu\\\/wp-content\\\/uploads\\\/2024\\\/02\\\/BHIW-edit.jpg\",\"width\":1200,\"height\":900},{\"@type\":\"BreadcrumbList\",\"@id\":\"https:\\\/\\\/ibecbarcelona.eu\\\/es\\\/el-ibec-impulsa-el-dialogo-sobre-innovaciones-en-medicina-personalizada-y-terapias-emergentes-en-la-barcelona-health-innovation-week\\\/#breadcrumb\",\"itemListElement\":[{\"@type\":\"ListItem\",\"position\":1,\"name\":\"Home\",\"item\":\"https:\\\/\\\/ibecbarcelona.eu\\\/es\\\/\"},{\"@type\":\"ListItem\",\"position\":2,\"name\":\"El IBEC impulsa el di\u00e1logo sobre innovaciones en medicina personalizada y terapias emergentes en la Barcelona Health Innovation Week\"}]},{\"@type\":\"WebSite\",\"@id\":\"https:\\\/\\\/ibecbarcelona.eu\\\/#website\",\"url\":\"https:\\\/\\\/ibecbarcelona.eu\\\/\",\"name\":\"Institute for Bioengineering of Catalonia\",\"description\":\"Bioengineering solutions for health\",\"publisher\":{\"@id\":\"https:\\\/\\\/ibecbarcelona.eu\\\/#organization\"},\"potentialAction\":[{\"@type\":\"SearchAction\",\"target\":{\"@type\":\"EntryPoint\",\"urlTemplate\":\"https:\\\/\\\/ibecbarcelona.eu\\\/?s={search_term_string}\"},\"query-input\":{\"@type\":\"PropertyValueSpecification\",\"valueRequired\":true,\"valueName\":\"search_term_string\"}}],\"inLanguage\":\"es\"},{\"@type\":\"Organization\",\"@id\":\"https:\\\/\\\/ibecbarcelona.eu\\\/#organization\",\"name\":\"Institute for Bioengineering of Catalonia\",\"url\":\"https:\\\/\\\/ibecbarcelona.eu\\\/\",\"logo\":{\"@type\":\"ImageObject\",\"inLanguage\":\"es\",\"@id\":\"https:\\\/\\\/ibecbarcelona.eu\\\/#\\\/schema\\\/logo\\\/image\\\/\",\"url\":\"https:\\\/\\\/ibecbarcelona.eu\\\/wp-content\\\/uploads\\\/2026\\\/01\\\/cropped-IBEC_20ANYS_GRIS.png\",\"contentUrl\":\"https:\\\/\\\/ibecbarcelona.eu\\\/wp-content\\\/uploads\\\/2026\\\/01\\\/cropped-IBEC_20ANYS_GRIS.png\",\"width\":696,\"height\":257,\"caption\":\"Institute for Bioengineering of Catalonia\"},\"image\":{\"@id\":\"https:\\\/\\\/ibecbarcelona.eu\\\/#\\\/schema\\\/logo\\\/image\\\/\"}},{\"@type\":\"Person\",\"@id\":\"https:\\\/\\\/ibecbarcelona.eu\\\/#\\\/schema\\\/person\\\/d3a158b8d448000777023ca1e3d71d34\",\"name\":\"Sarah Moreira\",\"image\":{\"@type\":\"ImageObject\",\"inLanguage\":\"es\",\"@id\":\"https:\\\/\\\/secure.gravatar.com\\\/avatar\\\/37385a1f83bdef106d1b89522da4c620ee48ba2eb0662dbc73ba05b7f3fbdf89?s=96&d=mm&r=g\",\"url\":\"https:\\\/\\\/secure.gravatar.com\\\/avatar\\\/37385a1f83bdef106d1b89522da4c620ee48ba2eb0662dbc73ba05b7f3fbdf89?s=96&d=mm&r=g\",\"contentUrl\":\"https:\\\/\\\/secure.gravatar.com\\\/avatar\\\/37385a1f83bdef106d1b89522da4c620ee48ba2eb0662dbc73ba05b7f3fbdf89?s=96&d=mm&r=g\",\"caption\":\"Sarah Moreira\"},\"url\":\"https:\\\/\\\/ibecbarcelona.eu\\\/es\\\/author\\\/smoreira\\\/\"}]}<\/script>\n<!-- \/ Yoast SEO plugin. -->","yoast_head_json":{"title":"El IBEC impulsa el di\u00e1logo sobre innovaciones en medicina personalizada y terapias emergentes en la Barcelona Health Innovation Week - Institute for Bioengineering of Catalonia","robots":{"index":"index","follow":"follow","max-snippet":"max-snippet:-1","max-image-preview":"max-image-preview:large","max-video-preview":"max-video-preview:-1"},"canonical":"https:\/\/ibecbarcelona.eu\/es\/el-ibec-impulsa-el-dialogo-sobre-innovaciones-en-medicina-personalizada-y-terapias-emergentes-en-la-barcelona-health-innovation-week\/","og_locale":"es_ES","og_type":"article","og_title":"El IBEC impulsa el di\u00e1logo sobre innovaciones en medicina personalizada y terapias emergentes en la Barcelona Health Innovation Week - Institute for Bioengineering of Catalonia","og_description":"Hoy, 14 de febrero el IBEC ha organizado la mesa redonda \"Retos en innovaci\u00f3n en medicina personalizada y terapias emergentes\". El acto forma parte de la Barcelona Health Innovation Week, organizada por Biocat. Fue un di\u00e1logo en el que expertos de diferentes \u00e1mbitos pudieron compartir sus perspectivas sobre c\u00f3mo identificar oportunidades para impulsar el uso de nuevas tecnolog\u00edas en el campo de la salud.","og_url":"https:\/\/ibecbarcelona.eu\/es\/el-ibec-impulsa-el-dialogo-sobre-innovaciones-en-medicina-personalizada-y-terapias-emergentes-en-la-barcelona-health-innovation-week\/","og_site_name":"Institute for Bioengineering of Catalonia","article_published_time":"2024-02-14T16:00:00+00:00","article_modified_time":"2026-02-27T11:31:03+00:00","og_image":[{"width":1200,"height":900,"url":"https:\/\/ibecbarcelona.eu\/wp-content\/uploads\/2024\/02\/BHIW-edit.jpg","type":"image\/jpeg"}],"author":"Sarah Moreira","twitter_card":"summary_large_image","twitter_misc":{"Escrito por":"Sarah Moreira","Tiempo de lectura":"4 minutos"},"schema":{"@context":"https:\/\/schema.org","@graph":[{"@type":"Article","@id":"https:\/\/ibecbarcelona.eu\/es\/el-ibec-impulsa-el-dialogo-sobre-innovaciones-en-medicina-personalizada-y-terapias-emergentes-en-la-barcelona-health-innovation-week\/#article","isPartOf":{"@id":"https:\/\/ibecbarcelona.eu\/es\/el-ibec-impulsa-el-dialogo-sobre-innovaciones-en-medicina-personalizada-y-terapias-emergentes-en-la-barcelona-health-innovation-week\/"},"author":{"name":"Sarah Moreira","@id":"https:\/\/ibecbarcelona.eu\/#\/schema\/person\/d3a158b8d448000777023ca1e3d71d34"},"headline":"El IBEC impulsa el di\u00e1logo sobre innovaciones en medicina personalizada y terapias emergentes en la Barcelona Health Innovation Week","datePublished":"2024-02-14T16:00:00+00:00","dateModified":"2026-02-27T11:31:03+00:00","mainEntityOfPage":{"@id":"https:\/\/ibecbarcelona.eu\/es\/el-ibec-impulsa-el-dialogo-sobre-innovaciones-en-medicina-personalizada-y-terapias-emergentes-en-la-barcelona-health-innovation-week\/"},"wordCount":597,"publisher":{"@id":"https:\/\/ibecbarcelona.eu\/#organization"},"image":{"@id":"https:\/\/ibecbarcelona.eu\/es\/el-ibec-impulsa-el-dialogo-sobre-innovaciones-en-medicina-personalizada-y-terapias-emergentes-en-la-barcelona-health-innovation-week\/#primaryimage"},"thumbnailUrl":"https:\/\/ibecbarcelona.eu\/wp-content\/uploads\/2024\/02\/BHIW-edit.jpg","keywords":["Evento","Josep Samitier","Planes Complementarios","Samuel Sanchez"],"articleSection":["Noticias institucionales"],"inLanguage":"es"},{"@type":"WebPage","@id":"https:\/\/ibecbarcelona.eu\/es\/el-ibec-impulsa-el-dialogo-sobre-innovaciones-en-medicina-personalizada-y-terapias-emergentes-en-la-barcelona-health-innovation-week\/","url":"https:\/\/ibecbarcelona.eu\/es\/el-ibec-impulsa-el-dialogo-sobre-innovaciones-en-medicina-personalizada-y-terapias-emergentes-en-la-barcelona-health-innovation-week\/","name":"El IBEC impulsa el di\u00e1logo sobre innovaciones en medicina personalizada y terapias emergentes en la Barcelona Health Innovation Week - Institute for Bioengineering of Catalonia","isPartOf":{"@id":"https:\/\/ibecbarcelona.eu\/#website"},"primaryImageOfPage":{"@id":"https:\/\/ibecbarcelona.eu\/es\/el-ibec-impulsa-el-dialogo-sobre-innovaciones-en-medicina-personalizada-y-terapias-emergentes-en-la-barcelona-health-innovation-week\/#primaryimage"},"image":{"@id":"https:\/\/ibecbarcelona.eu\/es\/el-ibec-impulsa-el-dialogo-sobre-innovaciones-en-medicina-personalizada-y-terapias-emergentes-en-la-barcelona-health-innovation-week\/#primaryimage"},"thumbnailUrl":"https:\/\/ibecbarcelona.eu\/wp-content\/uploads\/2024\/02\/BHIW-edit.jpg","datePublished":"2024-02-14T16:00:00+00:00","dateModified":"2026-02-27T11:31:03+00:00","breadcrumb":{"@id":"https:\/\/ibecbarcelona.eu\/es\/el-ibec-impulsa-el-dialogo-sobre-innovaciones-en-medicina-personalizada-y-terapias-emergentes-en-la-barcelona-health-innovation-week\/#breadcrumb"},"inLanguage":"es","potentialAction":[{"@type":"ReadAction","target":["https:\/\/ibecbarcelona.eu\/es\/el-ibec-impulsa-el-dialogo-sobre-innovaciones-en-medicina-personalizada-y-terapias-emergentes-en-la-barcelona-health-innovation-week\/"]}]},{"@type":"ImageObject","inLanguage":"es","@id":"https:\/\/ibecbarcelona.eu\/es\/el-ibec-impulsa-el-dialogo-sobre-innovaciones-en-medicina-personalizada-y-terapias-emergentes-en-la-barcelona-health-innovation-week\/#primaryimage","url":"https:\/\/ibecbarcelona.eu\/wp-content\/uploads\/2024\/02\/BHIW-edit.jpg","contentUrl":"https:\/\/ibecbarcelona.eu\/wp-content\/uploads\/2024\/02\/BHIW-edit.jpg","width":1200,"height":900},{"@type":"BreadcrumbList","@id":"https:\/\/ibecbarcelona.eu\/es\/el-ibec-impulsa-el-dialogo-sobre-innovaciones-en-medicina-personalizada-y-terapias-emergentes-en-la-barcelona-health-innovation-week\/#breadcrumb","itemListElement":[{"@type":"ListItem","position":1,"name":"Home","item":"https:\/\/ibecbarcelona.eu\/es\/"},{"@type":"ListItem","position":2,"name":"El IBEC impulsa el di\u00e1logo sobre innovaciones en medicina personalizada y terapias emergentes en la Barcelona Health Innovation Week"}]},{"@type":"WebSite","@id":"https:\/\/ibecbarcelona.eu\/#website","url":"https:\/\/ibecbarcelona.eu\/","name":"Institute for Bioengineering of Catalonia","description":"Bioengineering solutions for health","publisher":{"@id":"https:\/\/ibecbarcelona.eu\/#organization"},"potentialAction":[{"@type":"SearchAction","target":{"@type":"EntryPoint","urlTemplate":"https:\/\/ibecbarcelona.eu\/?s={search_term_string}"},"query-input":{"@type":"PropertyValueSpecification","valueRequired":true,"valueName":"search_term_string"}}],"inLanguage":"es"},{"@type":"Organization","@id":"https:\/\/ibecbarcelona.eu\/#organization","name":"Institute for Bioengineering of Catalonia","url":"https:\/\/ibecbarcelona.eu\/","logo":{"@type":"ImageObject","inLanguage":"es","@id":"https:\/\/ibecbarcelona.eu\/#\/schema\/logo\/image\/","url":"https:\/\/ibecbarcelona.eu\/wp-content\/uploads\/2026\/01\/cropped-IBEC_20ANYS_GRIS.png","contentUrl":"https:\/\/ibecbarcelona.eu\/wp-content\/uploads\/2026\/01\/cropped-IBEC_20ANYS_GRIS.png","width":696,"height":257,"caption":"Institute for Bioengineering of Catalonia"},"image":{"@id":"https:\/\/ibecbarcelona.eu\/#\/schema\/logo\/image\/"}},{"@type":"Person","@id":"https:\/\/ibecbarcelona.eu\/#\/schema\/person\/d3a158b8d448000777023ca1e3d71d34","name":"Sarah Moreira","image":{"@type":"ImageObject","inLanguage":"es","@id":"https:\/\/secure.gravatar.com\/avatar\/37385a1f83bdef106d1b89522da4c620ee48ba2eb0662dbc73ba05b7f3fbdf89?s=96&d=mm&r=g","url":"https:\/\/secure.gravatar.com\/avatar\/37385a1f83bdef106d1b89522da4c620ee48ba2eb0662dbc73ba05b7f3fbdf89?s=96&d=mm&r=g","contentUrl":"https:\/\/secure.gravatar.com\/avatar\/37385a1f83bdef106d1b89522da4c620ee48ba2eb0662dbc73ba05b7f3fbdf89?s=96&d=mm&r=g","caption":"Sarah Moreira"},"url":"https:\/\/ibecbarcelona.eu\/es\/author\/smoreira\/"}]}},"AFP_featured_media_urls":{"full":["https:\/\/ibecbarcelona.eu\/wp-content\/uploads\/2024\/02\/BHIW-edit.jpg",1200,900,false],"thumbnail":["https:\/\/ibecbarcelona.eu\/wp-content\/uploads\/2024\/02\/BHIW-edit-150x150.jpg",150,150,true],"medium":["https:\/\/ibecbarcelona.eu\/wp-content\/uploads\/2024\/02\/BHIW-edit-300x225.jpg",300,225,true],"medium_large":["https:\/\/ibecbarcelona.eu\/wp-content\/uploads\/2024\/02\/BHIW-edit-768x576.jpg",768,576,true],"large":["https:\/\/ibecbarcelona.eu\/wp-content\/uploads\/2024\/02\/BHIW-edit-1024x768.jpg",1024,768,true]},"AFP_attachments":{"full":["https:\/\/ibecbarcelona.eu\/wp-content\/uploads\/2024\/02\/BHIW-edit.jpg",1200,900,false],"thumbnail":["https:\/\/ibecbarcelona.eu\/wp-content\/uploads\/2024\/02\/BHIW-edit-150x150.jpg",150,150,true],"medium":["https:\/\/ibecbarcelona.eu\/wp-content\/uploads\/2024\/02\/BHIW-edit-300x225.jpg",300,225,true],"medium_large":["https:\/\/ibecbarcelona.eu\/wp-content\/uploads\/2024\/02\/BHIW-edit-768x576.jpg",768,576,true],"large":["https:\/\/ibecbarcelona.eu\/wp-content\/uploads\/2024\/02\/BHIW-edit-1024x768.jpg",1024,768,true]},"AFP_videos":[],"AFP_video_blocks":"","AFP_category_names":["Noticias institucionales"],"_links":{"self":[{"href":"https:\/\/ibecbarcelona.eu\/es\/wp-json\/wp\/v2\/posts\/115507","targetHints":{"allow":["GET"]}}],"collection":[{"href":"https:\/\/ibecbarcelona.eu\/es\/wp-json\/wp\/v2\/posts"}],"about":[{"href":"https:\/\/ibecbarcelona.eu\/es\/wp-json\/wp\/v2\/types\/post"}],"author":[{"embeddable":true,"href":"https:\/\/ibecbarcelona.eu\/es\/wp-json\/wp\/v2\/users\/37"}],"replies":[{"embeddable":true,"href":"https:\/\/ibecbarcelona.eu\/es\/wp-json\/wp\/v2\/comments?post=115507"}],"version-history":[{"count":2,"href":"https:\/\/ibecbarcelona.eu\/es\/wp-json\/wp\/v2\/posts\/115507\/revisions"}],"predecessor-version":[{"id":132302,"href":"https:\/\/ibecbarcelona.eu\/es\/wp-json\/wp\/v2\/posts\/115507\/revisions\/132302"}],"wp:featuredmedia":[{"embeddable":true,"href":"https:\/\/ibecbarcelona.eu\/es\/wp-json\/wp\/v2\/media\/115501"}],"wp:attachment":[{"href":"https:\/\/ibecbarcelona.eu\/es\/wp-json\/wp\/v2\/media?parent=115507"}],"wp:term":[{"taxonomy":"category","embeddable":true,"href":"https:\/\/ibecbarcelona.eu\/es\/wp-json\/wp\/v2\/categories?post=115507"},{"taxonomy":"post_tag","embeddable":true,"href":"https:\/\/ibecbarcelona.eu\/es\/wp-json\/wp\/v2\/tags?post=115507"},{"taxonomy":"post_format","embeddable":true,"href":"https:\/\/ibecbarcelona.eu\/es\/wp-json\/wp\/v2\/post_formats?post=115507"}],"curies":[{"name":"wp","href":"https:\/\/api.w.org\/{rel}","templated":true}]}}