
{"id":117393,"date":"2024-04-29T17:49:26","date_gmt":"2024-04-29T15:49:26","guid":{"rendered":"https:\/\/ibecbarcelona.eu\/successful-conclusion-of-the-third-embl-ibec-conference\/"},"modified":"2025-05-16T09:25:10","modified_gmt":"2025-05-16T07:25:10","slug":"successful-conclusion-of-the-third-embl-ibec-conference","status":"publish","type":"post","link":"https:\/\/ibecbarcelona.eu\/es\/finaliza-con-exito-la-tercera-edicion-de-la-conferencia-embl-ibec","title":{"rendered":"Finaliza con \u00e9xito la tercera edici\u00f3n de la Conferencia EMBL-IBEC"},"content":{"rendered":"\n<p><strong>La tercera edici\u00f3n de la Conferencia EMBL-IBEC organizada por el Instituto de Bioingenier\u00eda de Catalu\u00f1a (IBEC) y el Laboratorio Europeo de Biolog\u00eda Molecular (EMBL) gir\u00f3 en torno a las terapias emergentes y avanzadas, y reuni\u00f3 la pasada semana en el PRBB de Barcelona a cerca de 150 expertos y expertas internacionales en el campo de la bioingenier\u00eda.<\/strong><\/p>\n\n\n\n<figure class=\"wp-block-image size-large\"><img decoding=\"async\" width=\"1024\" height=\"576\" data-src=\"https:\/\/ibecbarcelona.eu\/wp-content\/uploads\/2024\/04\/EMBL-IBEC_2024-FOTO-GRUPO-low-1024x576.png\" alt=\"\" class=\"wp-image-117338 lazyload\" data-srcset=\"https:\/\/ibecbarcelona.eu\/wp-content\/uploads\/2024\/04\/EMBL-IBEC_2024-FOTO-GRUPO-low-1024x576.png 1024w, https:\/\/ibecbarcelona.eu\/wp-content\/uploads\/2024\/04\/EMBL-IBEC_2024-FOTO-GRUPO-low-300x169.png 300w, https:\/\/ibecbarcelona.eu\/wp-content\/uploads\/2024\/04\/EMBL-IBEC_2024-FOTO-GRUPO-low-768x432.png 768w, https:\/\/ibecbarcelona.eu\/wp-content\/uploads\/2024\/04\/EMBL-IBEC_2024-FOTO-GRUPO-low.png 1200w\" data-sizes=\"(max-width: 1024px) 100vw, 1024px\" src=\"data:image\/svg+xml;base64,PHN2ZyB3aWR0aD0iMSIgaGVpZ2h0PSIxIiB4bWxucz0iaHR0cDovL3d3dy53My5vcmcvMjAwMC9zdmciPjwvc3ZnPg==\" style=\"--smush-placeholder-width: 1024px; --smush-placeholder-aspect-ratio: 1024\/576;\" \/><\/figure>\n\n\n\n<div style=\"height:20px\" aria-hidden=\"true\" class=\"wp-block-spacer\"><\/div>\n\n\n\n<p>Durante la tercera edici\u00f3n de la Conferencia \u201cEMBL-IBEC Conference on Engineering Multicellular Systems\u201d, que gir\u00f3 en torno a las terapias emergentes y avanzadas, se abordaron los \u00faltimos avances en campos emergentes de la bioingenier\u00eda; como los ensayos con \u00f3rganos en chip, la bioimpresi\u00f3n 3D, la mecanobiolog\u00eda celular, la biolog\u00eda de c\u00e9lulas madre, y c\u00f3mo todos estos avances han revolucionado nuestra capacidad para dise\u00f1ar y ensamblar sistemas vivos multicelulares; desde organoides, hasta embriones.<\/p>\n\n\n\n<p>Esta bienal, que se est\u00e1 consolidando en Barcelona como referente internacional, se ha focalizado en c\u00f3mo la ingenier\u00eda de sistemas vivos multicelulares est\u00e1 impulsando nuestra comprensi\u00f3n de la funci\u00f3n de tejidos y \u00f3rganos, con aplicaciones en el modelado de f\u00e1rmacos, la detecci\u00f3n de enfermedades y la ingenier\u00eda de tejidos, y sus aplicaciones en las terapias avanzadas.<\/p>\n\n\n\n<p>Pocas \u00e1reas de investigaci\u00f3n son capaces de tener un impacto en las terapias avanzadas como la bioingenier\u00eda. Avances recientes en este campo han sido claves en el dise\u00f1o y desarrollo de diversas tecnolog\u00edas. Estos abordajes ayudan a los investigadores a entender el funcionamiento de nuestros tejidos, y plantean, al mismo tiempo, preguntas relacionadas con las enfermedades humanas y el envejecimiento.&nbsp;<\/p>\n\n\n\n<p>Otro de los aspectos clave de la bioingenier\u00eda es identificar los posibles riesgos \u00e9ticos y el impacto social que puedan tener estas nuevas tecnolog\u00edas en la medicina del futuro, aspectos que tambi\u00e9n se han tratado en esta bienal.<\/p>\n\n\n\n<figure class=\"wp-block-gallery has-nested-images columns-default is-cropped wp-block-gallery-1 is-layout-flex wp-block-gallery-is-layout-flex\">\n<figure class=\"wp-block-image size-large\"><img decoding=\"async\" width=\"768\" height=\"1024\" data-id=\"117359\" data-src=\"https:\/\/ibecbarcelona.eu\/wp-content\/uploads\/2024\/04\/a33cbd3a-6504-48d2-b1de-7d15f31af9f2-768x1024.jpg\" alt=\"\" class=\"wp-image-117359 lazyload\" data-srcset=\"https:\/\/ibecbarcelona.eu\/wp-content\/uploads\/2024\/04\/a33cbd3a-6504-48d2-b1de-7d15f31af9f2-768x1024.jpg 768w, https:\/\/ibecbarcelona.eu\/wp-content\/uploads\/2024\/04\/a33cbd3a-6504-48d2-b1de-7d15f31af9f2-225x300.jpg 225w, https:\/\/ibecbarcelona.eu\/wp-content\/uploads\/2024\/04\/a33cbd3a-6504-48d2-b1de-7d15f31af9f2-1152x1536.jpg 1152w, https:\/\/ibecbarcelona.eu\/wp-content\/uploads\/2024\/04\/a33cbd3a-6504-48d2-b1de-7d15f31af9f2.jpg 1200w\" data-sizes=\"(max-width: 768px) 100vw, 768px\" src=\"data:image\/svg+xml;base64,PHN2ZyB3aWR0aD0iMSIgaGVpZ2h0PSIxIiB4bWxucz0iaHR0cDovL3d3dy53My5vcmcvMjAwMC9zdmciPjwvc3ZnPg==\" style=\"--smush-placeholder-width: 768px; --smush-placeholder-aspect-ratio: 768\/1024;\" \/><\/figure>\n\n\n\n<figure class=\"wp-block-image size-large\"><img decoding=\"async\" width=\"682\" height=\"1024\" data-id=\"117344\" data-src=\"https:\/\/ibecbarcelona.eu\/wp-content\/uploads\/2024\/04\/f17a4856-58ce-4d3d-8b02-7661997b0501-682x1024.jpg\" alt=\"\" class=\"wp-image-117344 lazyload\" data-srcset=\"https:\/\/ibecbarcelona.eu\/wp-content\/uploads\/2024\/04\/f17a4856-58ce-4d3d-8b02-7661997b0501-682x1024.jpg 682w, https:\/\/ibecbarcelona.eu\/wp-content\/uploads\/2024\/04\/f17a4856-58ce-4d3d-8b02-7661997b0501-200x300.jpg 200w, https:\/\/ibecbarcelona.eu\/wp-content\/uploads\/2024\/04\/f17a4856-58ce-4d3d-8b02-7661997b0501-768x1153.jpg 768w, https:\/\/ibecbarcelona.eu\/wp-content\/uploads\/2024\/04\/f17a4856-58ce-4d3d-8b02-7661997b0501-1023x1536.jpg 1023w, https:\/\/ibecbarcelona.eu\/wp-content\/uploads\/2024\/04\/f17a4856-58ce-4d3d-8b02-7661997b0501-1364x2048.jpg 1364w, https:\/\/ibecbarcelona.eu\/wp-content\/uploads\/2024\/04\/f17a4856-58ce-4d3d-8b02-7661997b0501-1200x1800.jpg 1200w, https:\/\/ibecbarcelona.eu\/wp-content\/uploads\/2024\/04\/f17a4856-58ce-4d3d-8b02-7661997b0501-600x900.jpg 600w, https:\/\/ibecbarcelona.eu\/wp-content\/uploads\/2024\/04\/f17a4856-58ce-4d3d-8b02-7661997b0501-scaled.jpg 1705w\" data-sizes=\"(max-width: 682px) 100vw, 682px\" src=\"data:image\/svg+xml;base64,PHN2ZyB3aWR0aD0iMSIgaGVpZ2h0PSIxIiB4bWxucz0iaHR0cDovL3d3dy53My5vcmcvMjAwMC9zdmciPjwvc3ZnPg==\" style=\"--smush-placeholder-width: 682px; --smush-placeholder-aspect-ratio: 682\/1024;\" \/><\/figure>\n\n\n\n<figure class=\"wp-block-image size-large\"><img decoding=\"async\" width=\"1024\" height=\"683\" data-id=\"117347\" data-src=\"https:\/\/ibecbarcelona.eu\/wp-content\/uploads\/2024\/04\/4f260552-967a-4004-be6b-35383d502155-1024x683.jpg\" alt=\"\" class=\"wp-image-117347 lazyload\" data-srcset=\"https:\/\/ibecbarcelona.eu\/wp-content\/uploads\/2024\/04\/4f260552-967a-4004-be6b-35383d502155-1024x683.jpg 1024w, https:\/\/ibecbarcelona.eu\/wp-content\/uploads\/2024\/04\/4f260552-967a-4004-be6b-35383d502155-300x200.jpg 300w, https:\/\/ibecbarcelona.eu\/wp-content\/uploads\/2024\/04\/4f260552-967a-4004-be6b-35383d502155-768x512.jpg 768w, https:\/\/ibecbarcelona.eu\/wp-content\/uploads\/2024\/04\/4f260552-967a-4004-be6b-35383d502155-1536x1024.jpg 1536w, https:\/\/ibecbarcelona.eu\/wp-content\/uploads\/2024\/04\/4f260552-967a-4004-be6b-35383d502155-2048x1365.jpg 2048w, https:\/\/ibecbarcelona.eu\/wp-content\/uploads\/2024\/04\/4f260552-967a-4004-be6b-35383d502155-1200x800.jpg 1200w, https:\/\/ibecbarcelona.eu\/wp-content\/uploads\/2024\/04\/4f260552-967a-4004-be6b-35383d502155-600x400.jpg 600w\" data-sizes=\"(max-width: 1024px) 100vw, 1024px\" src=\"data:image\/svg+xml;base64,PHN2ZyB3aWR0aD0iMSIgaGVpZ2h0PSIxIiB4bWxucz0iaHR0cDovL3d3dy53My5vcmcvMjAwMC9zdmciPjwvc3ZnPg==\" style=\"--smush-placeholder-width: 1024px; --smush-placeholder-aspect-ratio: 1024\/683;\" \/><\/figure>\n\n\n\n<figure class=\"wp-block-image size-large\"><img decoding=\"async\" width=\"1024\" height=\"683\" data-id=\"117356\" data-src=\"https:\/\/ibecbarcelona.eu\/wp-content\/uploads\/2024\/04\/482c632b-890b-454c-a67c-ed5b7979ab07-1024x683.jpg\" alt=\"\" class=\"wp-image-117356 lazyload\" data-srcset=\"https:\/\/ibecbarcelona.eu\/wp-content\/uploads\/2024\/04\/482c632b-890b-454c-a67c-ed5b7979ab07-1024x683.jpg 1024w, https:\/\/ibecbarcelona.eu\/wp-content\/uploads\/2024\/04\/482c632b-890b-454c-a67c-ed5b7979ab07-300x200.jpg 300w, https:\/\/ibecbarcelona.eu\/wp-content\/uploads\/2024\/04\/482c632b-890b-454c-a67c-ed5b7979ab07-768x512.jpg 768w, https:\/\/ibecbarcelona.eu\/wp-content\/uploads\/2024\/04\/482c632b-890b-454c-a67c-ed5b7979ab07-1536x1024.jpg 1536w, https:\/\/ibecbarcelona.eu\/wp-content\/uploads\/2024\/04\/482c632b-890b-454c-a67c-ed5b7979ab07-2048x1365.jpg 2048w, https:\/\/ibecbarcelona.eu\/wp-content\/uploads\/2024\/04\/482c632b-890b-454c-a67c-ed5b7979ab07-1200x800.jpg 1200w, https:\/\/ibecbarcelona.eu\/wp-content\/uploads\/2024\/04\/482c632b-890b-454c-a67c-ed5b7979ab07-600x400.jpg 600w\" data-sizes=\"(max-width: 1024px) 100vw, 1024px\" src=\"data:image\/svg+xml;base64,PHN2ZyB3aWR0aD0iMSIgaGVpZ2h0PSIxIiB4bWxucz0iaHR0cDovL3d3dy53My5vcmcvMjAwMC9zdmciPjwvc3ZnPg==\" style=\"--smush-placeholder-width: 1024px; --smush-placeholder-aspect-ratio: 1024\/683;\" \/><\/figure>\n\n\n\n<figure class=\"wp-block-image size-large\"><img decoding=\"async\" width=\"1024\" height=\"768\" data-id=\"117353\" data-src=\"https:\/\/ibecbarcelona.eu\/wp-content\/uploads\/2024\/04\/a19de841-284a-45e6-b869-939ed8c939ae-1024x768.jpg\" alt=\"\" class=\"wp-image-117353 lazyload\" data-srcset=\"https:\/\/ibecbarcelona.eu\/wp-content\/uploads\/2024\/04\/a19de841-284a-45e6-b869-939ed8c939ae-1024x768.jpg 1024w, https:\/\/ibecbarcelona.eu\/wp-content\/uploads\/2024\/04\/a19de841-284a-45e6-b869-939ed8c939ae-300x225.jpg 300w, https:\/\/ibecbarcelona.eu\/wp-content\/uploads\/2024\/04\/a19de841-284a-45e6-b869-939ed8c939ae-768x576.jpg 768w, https:\/\/ibecbarcelona.eu\/wp-content\/uploads\/2024\/04\/a19de841-284a-45e6-b869-939ed8c939ae-1536x1152.jpg 1536w, https:\/\/ibecbarcelona.eu\/wp-content\/uploads\/2024\/04\/a19de841-284a-45e6-b869-939ed8c939ae-2048x1536.jpg 2048w\" data-sizes=\"(max-width: 1024px) 100vw, 1024px\" src=\"data:image\/svg+xml;base64,PHN2ZyB3aWR0aD0iMSIgaGVpZ2h0PSIxIiB4bWxucz0iaHR0cDovL3d3dy53My5vcmcvMjAwMC9zdmciPjwvc3ZnPg==\" style=\"--smush-placeholder-width: 1024px; --smush-placeholder-aspect-ratio: 1024\/768;\" \/><\/figure>\n\n\n\n<figure class=\"wp-block-image size-large\"><img decoding=\"async\" width=\"1024\" height=\"683\" data-id=\"117341\" data-src=\"https:\/\/ibecbarcelona.eu\/wp-content\/uploads\/2024\/04\/3f54970b-d77d-406b-8caf-f70c399a7d57-1024x683.jpg\" alt=\"\" class=\"wp-image-117341 lazyload\" data-srcset=\"https:\/\/ibecbarcelona.eu\/wp-content\/uploads\/2024\/04\/3f54970b-d77d-406b-8caf-f70c399a7d57-1024x683.jpg 1024w, https:\/\/ibecbarcelona.eu\/wp-content\/uploads\/2024\/04\/3f54970b-d77d-406b-8caf-f70c399a7d57-300x200.jpg 300w, https:\/\/ibecbarcelona.eu\/wp-content\/uploads\/2024\/04\/3f54970b-d77d-406b-8caf-f70c399a7d57-768x512.jpg 768w, https:\/\/ibecbarcelona.eu\/wp-content\/uploads\/2024\/04\/3f54970b-d77d-406b-8caf-f70c399a7d57-1536x1024.jpg 1536w, https:\/\/ibecbarcelona.eu\/wp-content\/uploads\/2024\/04\/3f54970b-d77d-406b-8caf-f70c399a7d57-2048x1365.jpg 2048w, https:\/\/ibecbarcelona.eu\/wp-content\/uploads\/2024\/04\/3f54970b-d77d-406b-8caf-f70c399a7d57-1200x800.jpg 1200w, https:\/\/ibecbarcelona.eu\/wp-content\/uploads\/2024\/04\/3f54970b-d77d-406b-8caf-f70c399a7d57-600x400.jpg 600w\" data-sizes=\"(max-width: 1024px) 100vw, 1024px\" src=\"data:image\/svg+xml;base64,PHN2ZyB3aWR0aD0iMSIgaGVpZ2h0PSIxIiB4bWxucz0iaHR0cDovL3d3dy53My5vcmcvMjAwMC9zdmciPjwvc3ZnPg==\" style=\"--smush-placeholder-width: 1024px; --smush-placeholder-aspect-ratio: 1024\/683;\" \/><\/figure>\n<\/figure>\n\n\n\n<div style=\"height:20px\" aria-hidden=\"true\" class=\"wp-block-spacer\"><\/div>\n\n\n\n<p>La conferencia cont\u00f3 con 20 expertos y expertas invitados del campo de la bioingenier\u00eda, Zaida \u00c1lvarez, IBEC (Espa\u00f1a); Hans Celvers, Universidad de Utrecht (Holanda); Jamie Davies, Universidad de Edimburgo (Reino Unido); Mo R. Ebrahimkhani, Universidad de Pittsburgh (Estados Unidos); Arye Elfenbein, empresa Wiltype (Estados Unidos); Maneesha Inamdar, Instituto para la Ciencia de C\u00e9lulas Madre y Medicina Regenerativa (India); Madeline Lancaster, Laboratorio MRC de Biolog\u00eda Molecular (Reino Unido); Daniel lobo, Universidad de Meryland (Estados Unidos); Christine Mummery, Universidad de Leiden (Holanda); Ubaka Ogbogu, Universidad de Alberta (Canad\u00e1); Satoru Okuda, Universidad WPI de Kanazawa (Jap\u00f3n); Sergiu Pasca, Instituto WU Tsai de Neurociencias (Estados Unidos); Ritu Raman, MIT (Estados Unidos); Sharad Ramanathan, Universidad de Harvard (Estados Unidos); Berna Sozen, Universidad de Yale (Estados Unidos); Masayo Takahashi, Instituto de investigaci\u00f3n RIKEN (Jap\u00f3n); Alejandro Torres S\u00e1nchez; EMBL Barcelona (Espa\u00f1a); Sara Wickstr\u00f6m, Instituto Max Planck de Biomedicina Molecular (Alemania) y Marcy Zenoby-Wong, Instituto Federal de Tecnolog\u00eda de Suiza.<\/p>\n\n\n\n<h4 class=\"wp-block-heading\">Programa Sat\u00e9lite: Arte y Ciencia Ciudadana<\/h4>\n\n\n\n<p>Como ya es tradici\u00f3n, el evento principal estuvo acompa\u00f1ado de una actividad sat\u00e9lite de ciencia ciudadana. &nbsp;En la edici\u00f3n de este a\u00f1o, se realiz\u00f3 un taller dentro del <a href=\"https:\/\/ibecbarcelona.eu\/es\/sociedad-y-ciencia\/imab-involucrando-a-la-comunidad-de-mayores-en-los-avances-en-bioingenieria\/\" target=\"_blank\" rel=\"noreferrer noopener\">proyecto IMAB<\/a> del IBEC, financiado por la FECYT, sobre regeneraci\u00f3n de \u00f3rganos y tejidos. Su objetivo es involucrar a los ciudadanos mayores de 65 a\u00f1os para que conozcan, entiendan y opinen sobre las \u00faltimas investigaciones en Dise\u00f1o de Sistemas Multicelulares.<\/p>\n\n\n\n<figure class=\"wp-block-gallery has-nested-images columns-default is-cropped wp-block-gallery-2 is-layout-flex wp-block-gallery-is-layout-flex\">\n<figure class=\"wp-block-image size-large\"><img decoding=\"async\" width=\"1024\" height=\"576\" data-id=\"117362\" data-src=\"https:\/\/ibecbarcelona.eu\/wp-content\/uploads\/2024\/04\/dd37dfa9-8fae-454e-a428-7b7bb26b78c1-1024x576.jpg\" alt=\"\" class=\"wp-image-117362 lazyload\" data-srcset=\"https:\/\/ibecbarcelona.eu\/wp-content\/uploads\/2024\/04\/dd37dfa9-8fae-454e-a428-7b7bb26b78c1-1024x576.jpg 1024w, https:\/\/ibecbarcelona.eu\/wp-content\/uploads\/2024\/04\/dd37dfa9-8fae-454e-a428-7b7bb26b78c1-300x169.jpg 300w, https:\/\/ibecbarcelona.eu\/wp-content\/uploads\/2024\/04\/dd37dfa9-8fae-454e-a428-7b7bb26b78c1-768x432.jpg 768w, https:\/\/ibecbarcelona.eu\/wp-content\/uploads\/2024\/04\/dd37dfa9-8fae-454e-a428-7b7bb26b78c1-1536x864.jpg 1536w, https:\/\/ibecbarcelona.eu\/wp-content\/uploads\/2024\/04\/dd37dfa9-8fae-454e-a428-7b7bb26b78c1-2048x1152.jpg 2048w\" data-sizes=\"(max-width: 1024px) 100vw, 1024px\" src=\"data:image\/svg+xml;base64,PHN2ZyB3aWR0aD0iMSIgaGVpZ2h0PSIxIiB4bWxucz0iaHR0cDovL3d3dy53My5vcmcvMjAwMC9zdmciPjwvc3ZnPg==\" style=\"--smush-placeholder-width: 1024px; --smush-placeholder-aspect-ratio: 1024\/576;\" \/><\/figure>\n\n\n\n<figure class=\"wp-block-image size-large\"><img decoding=\"async\" width=\"1024\" height=\"682\" data-id=\"117368\" data-src=\"https:\/\/ibecbarcelona.eu\/wp-content\/uploads\/2024\/04\/a4deac14-cb7f-4215-af94-aa47da687282-1024x682.jpg\" alt=\"\" class=\"wp-image-117368 lazyload\" data-srcset=\"https:\/\/ibecbarcelona.eu\/wp-content\/uploads\/2024\/04\/a4deac14-cb7f-4215-af94-aa47da687282-1024x682.jpg 1024w, https:\/\/ibecbarcelona.eu\/wp-content\/uploads\/2024\/04\/a4deac14-cb7f-4215-af94-aa47da687282-300x200.jpg 300w, https:\/\/ibecbarcelona.eu\/wp-content\/uploads\/2024\/04\/a4deac14-cb7f-4215-af94-aa47da687282-768x512.jpg 768w, https:\/\/ibecbarcelona.eu\/wp-content\/uploads\/2024\/04\/a4deac14-cb7f-4215-af94-aa47da687282-1536x1023.jpg 1536w, https:\/\/ibecbarcelona.eu\/wp-content\/uploads\/2024\/04\/a4deac14-cb7f-4215-af94-aa47da687282-2048x1365.jpg 2048w, https:\/\/ibecbarcelona.eu\/wp-content\/uploads\/2024\/04\/a4deac14-cb7f-4215-af94-aa47da687282-1200x800.jpg 1200w, https:\/\/ibecbarcelona.eu\/wp-content\/uploads\/2024\/04\/a4deac14-cb7f-4215-af94-aa47da687282-600x400.jpg 600w\" data-sizes=\"(max-width: 1024px) 100vw, 1024px\" src=\"data:image\/svg+xml;base64,PHN2ZyB3aWR0aD0iMSIgaGVpZ2h0PSIxIiB4bWxucz0iaHR0cDovL3d3dy53My5vcmcvMjAwMC9zdmciPjwvc3ZnPg==\" style=\"--smush-placeholder-width: 1024px; --smush-placeholder-aspect-ratio: 1024\/682;\" \/><\/figure>\n\n\n\n<figure class=\"wp-block-image size-large\"><img decoding=\"async\" width=\"1024\" height=\"684\" data-id=\"117363\" data-src=\"https:\/\/ibecbarcelona.eu\/wp-content\/uploads\/2024\/04\/c8d1e9ae-e2b9-486f-b138-9cb481c8f3f6-1024x684.jpg\" alt=\"\" class=\"wp-image-117363 lazyload\" data-srcset=\"https:\/\/ibecbarcelona.eu\/wp-content\/uploads\/2024\/04\/c8d1e9ae-e2b9-486f-b138-9cb481c8f3f6-1024x684.jpg 1024w, https:\/\/ibecbarcelona.eu\/wp-content\/uploads\/2024\/04\/c8d1e9ae-e2b9-486f-b138-9cb481c8f3f6-300x200.jpg 300w, https:\/\/ibecbarcelona.eu\/wp-content\/uploads\/2024\/04\/c8d1e9ae-e2b9-486f-b138-9cb481c8f3f6-768x513.jpg 768w, https:\/\/ibecbarcelona.eu\/wp-content\/uploads\/2024\/04\/c8d1e9ae-e2b9-486f-b138-9cb481c8f3f6-1536x1026.jpg 1536w, https:\/\/ibecbarcelona.eu\/wp-content\/uploads\/2024\/04\/c8d1e9ae-e2b9-486f-b138-9cb481c8f3f6-2048x1368.jpg 2048w, https:\/\/ibecbarcelona.eu\/wp-content\/uploads\/2024\/04\/c8d1e9ae-e2b9-486f-b138-9cb481c8f3f6-1200x800.jpg 1200w, https:\/\/ibecbarcelona.eu\/wp-content\/uploads\/2024\/04\/c8d1e9ae-e2b9-486f-b138-9cb481c8f3f6-600x400.jpg 600w\" data-sizes=\"(max-width: 1024px) 100vw, 1024px\" src=\"data:image\/svg+xml;base64,PHN2ZyB3aWR0aD0iMSIgaGVpZ2h0PSIxIiB4bWxucz0iaHR0cDovL3d3dy53My5vcmcvMjAwMC9zdmciPjwvc3ZnPg==\" style=\"--smush-placeholder-width: 1024px; --smush-placeholder-aspect-ratio: 1024\/684;\" \/><\/figure>\n<\/figure>\n\n\n\n<div style=\"height:20px\" aria-hidden=\"true\" class=\"wp-block-spacer\"><\/div>\n\n\n\n<p>El programa sat\u00e9lite cont\u00f3 adem\u00e1s con una secci\u00f3n de Arte y Ciencia, para ello se expuso durante toda la conferencia el v\u00eddeoensayo \u00abHeLa <em>et al<\/em>.\u00bb, una obra creada por la artista visual Tess Marschner durante su <a href=\"https:\/\/ibecbarcelona.eu\/es\/es\/sociedad-y-ciencia\/ciencia-arte\" target=\"_blank\" rel=\"noreferrer noopener\">residencia art\u00edstica en el IBEC<\/a>. Los participantes tuvieron la oportunidad de interactuar con la artista, que estuvo disponible durante las sesiones de posters de la conferencia.<\/p>\n\n\n\n<figure class=\"wp-block-gallery has-nested-images columns-default is-cropped wp-block-gallery-3 is-layout-flex wp-block-gallery-is-layout-flex\">\n<figure class=\"wp-block-image size-large\"><img decoding=\"async\" width=\"1024\" height=\"682\" data-id=\"117371\" data-src=\"https:\/\/ibecbarcelona.eu\/wp-content\/uploads\/2024\/04\/3c62e250-1982-4261-a98a-37729e832c12-1024x682.jpg\" alt=\"\" class=\"wp-image-117371 lazyload\" data-srcset=\"https:\/\/ibecbarcelona.eu\/wp-content\/uploads\/2024\/04\/3c62e250-1982-4261-a98a-37729e832c12-1024x682.jpg 1024w, https:\/\/ibecbarcelona.eu\/wp-content\/uploads\/2024\/04\/3c62e250-1982-4261-a98a-37729e832c12-300x200.jpg 300w, https:\/\/ibecbarcelona.eu\/wp-content\/uploads\/2024\/04\/3c62e250-1982-4261-a98a-37729e832c12-768x512.jpg 768w, https:\/\/ibecbarcelona.eu\/wp-content\/uploads\/2024\/04\/3c62e250-1982-4261-a98a-37729e832c12-1536x1023.jpg 1536w, https:\/\/ibecbarcelona.eu\/wp-content\/uploads\/2024\/04\/3c62e250-1982-4261-a98a-37729e832c12-2048x1364.jpg 2048w, https:\/\/ibecbarcelona.eu\/wp-content\/uploads\/2024\/04\/3c62e250-1982-4261-a98a-37729e832c12-1200x800.jpg 1200w, https:\/\/ibecbarcelona.eu\/wp-content\/uploads\/2024\/04\/3c62e250-1982-4261-a98a-37729e832c12-600x400.jpg 600w\" data-sizes=\"(max-width: 1024px) 100vw, 1024px\" src=\"data:image\/svg+xml;base64,PHN2ZyB3aWR0aD0iMSIgaGVpZ2h0PSIxIiB4bWxucz0iaHR0cDovL3d3dy53My5vcmcvMjAwMC9zdmciPjwvc3ZnPg==\" style=\"--smush-placeholder-width: 1024px; --smush-placeholder-aspect-ratio: 1024\/682;\" \/><\/figure>\n\n\n\n<figure class=\"wp-block-image size-large\"><img decoding=\"async\" width=\"1024\" height=\"780\" data-id=\"117380\" data-src=\"https:\/\/ibecbarcelona.eu\/wp-content\/uploads\/2024\/04\/8330b9a8-1ea2-4321-9821-7ce6e29236ea-1024x780.jpg\" alt=\"\" class=\"wp-image-117380 lazyload\" data-srcset=\"https:\/\/ibecbarcelona.eu\/wp-content\/uploads\/2024\/04\/8330b9a8-1ea2-4321-9821-7ce6e29236ea-1024x780.jpg 1024w, https:\/\/ibecbarcelona.eu\/wp-content\/uploads\/2024\/04\/8330b9a8-1ea2-4321-9821-7ce6e29236ea-300x229.jpg 300w, https:\/\/ibecbarcelona.eu\/wp-content\/uploads\/2024\/04\/8330b9a8-1ea2-4321-9821-7ce6e29236ea-768x585.jpg 768w, https:\/\/ibecbarcelona.eu\/wp-content\/uploads\/2024\/04\/8330b9a8-1ea2-4321-9821-7ce6e29236ea-1536x1170.jpg 1536w, https:\/\/ibecbarcelona.eu\/wp-content\/uploads\/2024\/04\/8330b9a8-1ea2-4321-9821-7ce6e29236ea-2048x1560.jpg 2048w\" data-sizes=\"(max-width: 1024px) 100vw, 1024px\" src=\"data:image\/svg+xml;base64,PHN2ZyB3aWR0aD0iMSIgaGVpZ2h0PSIxIiB4bWxucz0iaHR0cDovL3d3dy53My5vcmcvMjAwMC9zdmciPjwvc3ZnPg==\" style=\"--smush-placeholder-width: 1024px; --smush-placeholder-aspect-ratio: 1024\/780;\" \/><\/figure>\n<\/figure>\n\n\n\n<div style=\"height:20px\" aria-hidden=\"true\" class=\"wp-block-spacer\"><\/div>\n\n\n\n<p>El \u00faltimo d\u00eda tuvo lugar la entrega de premios a los mejores posters de la conferencia. Este a\u00f1o los ganadores fueron Alina Batzilla, del EMBL Barcelona; Sebastian K\u00fchn, del Instituto Leibniz de Investigaci\u00f3n de Pol\u00edmeros de Dresde y Kristina Stapornwongkul, del EMBL Barcelona.<\/p>\n\n\n<div class=\"wp-block-image\">\n<figure class=\"alignleft size-large is-resized\"><img decoding=\"async\" width=\"819\" height=\"1024\" data-src=\"https:\/\/ibecbarcelona.eu\/wp-content\/uploads\/2024\/04\/88-819x1024.png\" alt=\"\" class=\"wp-image-117377 lazyload\" style=\"--smush-placeholder-width: 819px; --smush-placeholder-aspect-ratio: 819\/1024;width:300px\" data-srcset=\"https:\/\/ibecbarcelona.eu\/wp-content\/uploads\/2024\/04\/88-819x1024.png 819w, https:\/\/ibecbarcelona.eu\/wp-content\/uploads\/2024\/04\/88-240x300.png 240w, https:\/\/ibecbarcelona.eu\/wp-content\/uploads\/2024\/04\/88-768x960.png 768w, https:\/\/ibecbarcelona.eu\/wp-content\/uploads\/2024\/04\/88.png 1080w\" data-sizes=\"(max-width: 819px) 100vw, 819px\" src=\"data:image\/svg+xml;base64,PHN2ZyB3aWR0aD0iMSIgaGVpZ2h0PSIxIiB4bWxucz0iaHR0cDovL3d3dy53My5vcmcvMjAwMC9zdmciPjwvc3ZnPg==\" \/><\/figure><\/div>\n\n\n<p>La conferencia nace de un acuerdo de colaboraci\u00f3n entre el Laboratorio Europeo de Biolog\u00eda Molecular (EMBL) y el Instituto de Bioingenier\u00eda de Catalu\u00f1a (IBEC) y estuvo liderada por los investigadores Xavier Trepat, N\u00faria Montserrat y Josep Samitier del IBEC, y James Sharpe, Miki Ebisuya, Kristina Haase y Vikas Trivedi del EMBL Barcelona. Ambas instituciones llevan a cabo investigaci\u00f3n de excelencia y responsable, desarrollando tecnolog\u00eda para la medicina de precisi\u00f3n y conocimiento fundamental para mejorar la salud de las personas.<\/p>\n\n\n\n<div style=\"height:50px\" aria-hidden=\"true\" class=\"wp-block-spacer\"><\/div>\n\n\n\n<pre class=\"wp-block-preformatted\">Con el apoyo del Ayuntamiento de Barcelona.<\/pre>\n\n\n\n<figure class=\"wp-block-image size-large is-resized\"><img decoding=\"async\" width=\"1024\" height=\"276\" data-src=\"https:\/\/ibecbarcelona.eu\/wp-content\/uploads\/2024\/04\/RGB_marca_Color-1024x276.jpg\" alt=\"\" class=\"wp-image-121050 lazyload\" style=\"--smush-placeholder-width: 1024px; --smush-placeholder-aspect-ratio: 1024\/276;width:auto;height:50px\" data-srcset=\"https:\/\/ibecbarcelona.eu\/wp-content\/uploads\/2024\/04\/RGB_marca_Color-1024x276.jpg 1024w, https:\/\/ibecbarcelona.eu\/wp-content\/uploads\/2024\/04\/RGB_marca_Color-300x81.jpg 300w, https:\/\/ibecbarcelona.eu\/wp-content\/uploads\/2024\/04\/RGB_marca_Color-768x207.jpg 768w, https:\/\/ibecbarcelona.eu\/wp-content\/uploads\/2024\/04\/RGB_marca_Color-1536x414.jpg 1536w, https:\/\/ibecbarcelona.eu\/wp-content\/uploads\/2024\/04\/RGB_marca_Color-2048x552.jpg 2048w\" data-sizes=\"(max-width: 1024px) 100vw, 1024px\" src=\"data:image\/svg+xml;base64,PHN2ZyB3aWR0aD0iMSIgaGVpZ2h0PSIxIiB4bWxucz0iaHR0cDovL3d3dy53My5vcmcvMjAwMC9zdmciPjwvc3ZnPg==\" \/><\/figure>\n\n\n\n<div style=\"height:20px\" aria-hidden=\"true\" class=\"wp-block-spacer\"><\/div>\n\n\n\n<pre class=\"wp-block-preformatted\">Con la colaboraci\u00f3n de la Fundaci\u00f3n Espa\u00f1ola para la Ciencia y la Tecnolog\u00eda \u2013 Ministerio de Ciencia, Innovaci\u00f3n y Universidades.<\/pre>\n\n\n\n<figure class=\"wp-block-image size-full is-resized\"><img decoding=\"async\" width=\"800\" height=\"130\" data-src=\"https:\/\/ibecbarcelona.eu\/wp-content\/uploads\/2023\/12\/logo-gobierno-fecyt-bandera.jpg\" alt=\"\" class=\"wp-image-113691 lazyload\" style=\"--smush-placeholder-width: 800px; --smush-placeholder-aspect-ratio: 800\/130;width:auto;height:50px\" data-srcset=\"https:\/\/ibecbarcelona.eu\/wp-content\/uploads\/2023\/12\/logo-gobierno-fecyt-bandera.jpg 800w, https:\/\/ibecbarcelona.eu\/wp-content\/uploads\/2023\/12\/logo-gobierno-fecyt-bandera-300x49.jpg 300w, https:\/\/ibecbarcelona.eu\/wp-content\/uploads\/2023\/12\/logo-gobierno-fecyt-bandera-768x125.jpg 768w\" data-sizes=\"(max-width: 800px) 100vw, 800px\" src=\"data:image\/svg+xml;base64,PHN2ZyB3aWR0aD0iMSIgaGVpZ2h0PSIxIiB4bWxucz0iaHR0cDovL3d3dy53My5vcmcvMjAwMC9zdmciPjwvc3ZnPg==\" \/><\/figure>\n","protected":false},"excerpt":{"rendered":"<p>La tercera edici\u00f3n de la Conferencia EMBL-IBEC organizada por el Instituto de Bioingenier\u00eda de Catalu\u00f1a (IBEC) y el Laboratorio Europeo de Biolog\u00eda Molecular (EMBL) gir\u00f3 en torno a las terapias emergentes y avanzadas, y reuni\u00f3 la pasada semana en el PRBB de Barcelona a cerca de 150 expertos y expertas internacionales en el campo de la bioingenier\u00eda.<\/p>\n","protected":false},"author":37,"featured_media":117340,"comment_status":"closed","ping_status":"closed","sticky":false,"template":"","format":"standard","meta":{"footnotes":""},"categories":[94],"tags":[1733],"post_formats":[],"class_list":["post-117393","post","type-post","status-publish","format-standard","has-post-thumbnail","hentry","category-noticias-institucionales","tag-evento"],"yoast_head":"<!-- This site is optimized with the Yoast SEO plugin v27.5 - https:\/\/yoast.com\/product\/yoast-seo-wordpress\/ -->\n<title>Finaliza con \u00e9xito la tercera edici\u00f3n de la Conferencia EMBL-IBEC - Institute for Bioengineering of Catalonia<\/title>\n<meta name=\"robots\" content=\"index, follow, max-snippet:-1, max-image-preview:large, max-video-preview:-1\" \/>\n<link rel=\"canonical\" href=\"https:\/\/ibecbarcelona.eu\/es\/finaliza-con-exito-la-tercera-edicion-de-la-conferencia-embl-ibec\/\" \/>\n<meta property=\"og:locale\" content=\"es_ES\" \/>\n<meta property=\"og:type\" content=\"article\" \/>\n<meta property=\"og:title\" content=\"Finaliza con \u00e9xito la tercera edici\u00f3n de la Conferencia EMBL-IBEC - Institute for Bioengineering of Catalonia\" \/>\n<meta property=\"og:description\" content=\"La tercera edici\u00f3n de la Conferencia EMBL-IBEC organizada por el Instituto de Bioingenier\u00eda de Catalu\u00f1a (IBEC) y el Laboratorio Europeo de Biolog\u00eda Molecular (EMBL) gir\u00f3 en torno a las terapias emergentes y avanzadas, y reuni\u00f3 la pasada semana en el PRBB de Barcelona a cerca de 150 expertos y expertas internacionales en el campo de la bioingenier\u00eda.\" \/>\n<meta property=\"og:url\" content=\"https:\/\/ibecbarcelona.eu\/es\/finaliza-con-exito-la-tercera-edicion-de-la-conferencia-embl-ibec\/\" \/>\n<meta property=\"og:site_name\" content=\"Institute for Bioengineering of Catalonia\" \/>\n<meta property=\"article:published_time\" content=\"2024-04-29T15:49:26+00:00\" \/>\n<meta property=\"article:modified_time\" content=\"2025-05-16T07:25:10+00:00\" \/>\n<meta property=\"og:image\" content=\"https:\/\/ibecbarcelona.eu\/wp-content\/uploads\/2024\/04\/EMBL-IBEC_2024-FOTO-GRUPO-low.png\" \/>\n\t<meta property=\"og:image:width\" content=\"1200\" \/>\n\t<meta property=\"og:image:height\" content=\"675\" \/>\n\t<meta property=\"og:image:type\" content=\"image\/png\" \/>\n<meta name=\"author\" content=\"Sarah Moreira\" \/>\n<meta name=\"twitter:card\" content=\"summary_large_image\" \/>\n<meta name=\"twitter:label1\" content=\"Escrito por\" \/>\n\t<meta name=\"twitter:data1\" content=\"Sarah Moreira\" \/>\n\t<meta name=\"twitter:label2\" content=\"Tiempo de lectura\" \/>\n\t<meta name=\"twitter:data2\" content=\"7 minutos\" \/>\n<script type=\"application\/ld+json\" class=\"yoast-schema-graph\">{\"@context\":\"https:\\\/\\\/schema.org\",\"@graph\":[{\"@type\":\"Article\",\"@id\":\"https:\\\/\\\/ibecbarcelona.eu\\\/es\\\/finaliza-con-exito-la-tercera-edicion-de-la-conferencia-embl-ibec\\\/#article\",\"isPartOf\":{\"@id\":\"https:\\\/\\\/ibecbarcelona.eu\\\/es\\\/finaliza-con-exito-la-tercera-edicion-de-la-conferencia-embl-ibec\\\/\"},\"author\":{\"name\":\"Sarah Moreira\",\"@id\":\"https:\\\/\\\/ibecbarcelona.eu\\\/#\\\/schema\\\/person\\\/d3a158b8d448000777023ca1e3d71d34\"},\"headline\":\"Finaliza con \u00e9xito la tercera edici\u00f3n de la Conferencia EMBL-IBEC\",\"datePublished\":\"2024-04-29T15:49:26+00:00\",\"dateModified\":\"2025-05-16T07:25:10+00:00\",\"mainEntityOfPage\":{\"@id\":\"https:\\\/\\\/ibecbarcelona.eu\\\/es\\\/finaliza-con-exito-la-tercera-edicion-de-la-conferencia-embl-ibec\\\/\"},\"wordCount\":768,\"publisher\":{\"@id\":\"https:\\\/\\\/ibecbarcelona.eu\\\/#organization\"},\"image\":{\"@id\":\"https:\\\/\\\/ibecbarcelona.eu\\\/es\\\/finaliza-con-exito-la-tercera-edicion-de-la-conferencia-embl-ibec\\\/#primaryimage\"},\"thumbnailUrl\":\"https:\\\/\\\/ibecbarcelona.eu\\\/wp-content\\\/uploads\\\/2024\\\/04\\\/EMBL-IBEC_2024-FOTO-GRUPO-low.png\",\"keywords\":[\"Evento\"],\"articleSection\":[\"Noticias institucionales\"],\"inLanguage\":\"es\"},{\"@type\":\"WebPage\",\"@id\":\"https:\\\/\\\/ibecbarcelona.eu\\\/es\\\/finaliza-con-exito-la-tercera-edicion-de-la-conferencia-embl-ibec\\\/\",\"url\":\"https:\\\/\\\/ibecbarcelona.eu\\\/es\\\/finaliza-con-exito-la-tercera-edicion-de-la-conferencia-embl-ibec\\\/\",\"name\":\"Finaliza con \u00e9xito la tercera edici\u00f3n de la Conferencia EMBL-IBEC - Institute for Bioengineering of Catalonia\",\"isPartOf\":{\"@id\":\"https:\\\/\\\/ibecbarcelona.eu\\\/#website\"},\"primaryImageOfPage\":{\"@id\":\"https:\\\/\\\/ibecbarcelona.eu\\\/es\\\/finaliza-con-exito-la-tercera-edicion-de-la-conferencia-embl-ibec\\\/#primaryimage\"},\"image\":{\"@id\":\"https:\\\/\\\/ibecbarcelona.eu\\\/es\\\/finaliza-con-exito-la-tercera-edicion-de-la-conferencia-embl-ibec\\\/#primaryimage\"},\"thumbnailUrl\":\"https:\\\/\\\/ibecbarcelona.eu\\\/wp-content\\\/uploads\\\/2024\\\/04\\\/EMBL-IBEC_2024-FOTO-GRUPO-low.png\",\"datePublished\":\"2024-04-29T15:49:26+00:00\",\"dateModified\":\"2025-05-16T07:25:10+00:00\",\"breadcrumb\":{\"@id\":\"https:\\\/\\\/ibecbarcelona.eu\\\/es\\\/finaliza-con-exito-la-tercera-edicion-de-la-conferencia-embl-ibec\\\/#breadcrumb\"},\"inLanguage\":\"es\",\"potentialAction\":[{\"@type\":\"ReadAction\",\"target\":[\"https:\\\/\\\/ibecbarcelona.eu\\\/es\\\/finaliza-con-exito-la-tercera-edicion-de-la-conferencia-embl-ibec\\\/\"]}]},{\"@type\":\"ImageObject\",\"inLanguage\":\"es\",\"@id\":\"https:\\\/\\\/ibecbarcelona.eu\\\/es\\\/finaliza-con-exito-la-tercera-edicion-de-la-conferencia-embl-ibec\\\/#primaryimage\",\"url\":\"https:\\\/\\\/ibecbarcelona.eu\\\/wp-content\\\/uploads\\\/2024\\\/04\\\/EMBL-IBEC_2024-FOTO-GRUPO-low.png\",\"contentUrl\":\"https:\\\/\\\/ibecbarcelona.eu\\\/wp-content\\\/uploads\\\/2024\\\/04\\\/EMBL-IBEC_2024-FOTO-GRUPO-low.png\",\"width\":1200,\"height\":675},{\"@type\":\"BreadcrumbList\",\"@id\":\"https:\\\/\\\/ibecbarcelona.eu\\\/es\\\/finaliza-con-exito-la-tercera-edicion-de-la-conferencia-embl-ibec\\\/#breadcrumb\",\"itemListElement\":[{\"@type\":\"ListItem\",\"position\":1,\"name\":\"Home\",\"item\":\"https:\\\/\\\/ibecbarcelona.eu\\\/es\\\/\"},{\"@type\":\"ListItem\",\"position\":2,\"name\":\"Finaliza con \u00e9xito la tercera edici\u00f3n de la Conferencia EMBL-IBEC\"}]},{\"@type\":\"WebSite\",\"@id\":\"https:\\\/\\\/ibecbarcelona.eu\\\/#website\",\"url\":\"https:\\\/\\\/ibecbarcelona.eu\\\/\",\"name\":\"Institute for Bioengineering of Catalonia\",\"description\":\"Bioengineering solutions for health\",\"publisher\":{\"@id\":\"https:\\\/\\\/ibecbarcelona.eu\\\/#organization\"},\"potentialAction\":[{\"@type\":\"SearchAction\",\"target\":{\"@type\":\"EntryPoint\",\"urlTemplate\":\"https:\\\/\\\/ibecbarcelona.eu\\\/?s={search_term_string}\"},\"query-input\":{\"@type\":\"PropertyValueSpecification\",\"valueRequired\":true,\"valueName\":\"search_term_string\"}}],\"inLanguage\":\"es\"},{\"@type\":\"Organization\",\"@id\":\"https:\\\/\\\/ibecbarcelona.eu\\\/#organization\",\"name\":\"Institute for Bioengineering of Catalonia\",\"url\":\"https:\\\/\\\/ibecbarcelona.eu\\\/\",\"logo\":{\"@type\":\"ImageObject\",\"inLanguage\":\"es\",\"@id\":\"https:\\\/\\\/ibecbarcelona.eu\\\/#\\\/schema\\\/logo\\\/image\\\/\",\"url\":\"https:\\\/\\\/ibecbarcelona.eu\\\/wp-content\\\/uploads\\\/2026\\\/01\\\/cropped-IBEC_20ANYS_GRIS.png\",\"contentUrl\":\"https:\\\/\\\/ibecbarcelona.eu\\\/wp-content\\\/uploads\\\/2026\\\/01\\\/cropped-IBEC_20ANYS_GRIS.png\",\"width\":696,\"height\":257,\"caption\":\"Institute for Bioengineering of Catalonia\"},\"image\":{\"@id\":\"https:\\\/\\\/ibecbarcelona.eu\\\/#\\\/schema\\\/logo\\\/image\\\/\"}},{\"@type\":\"Person\",\"@id\":\"https:\\\/\\\/ibecbarcelona.eu\\\/#\\\/schema\\\/person\\\/d3a158b8d448000777023ca1e3d71d34\",\"name\":\"Sarah Moreira\",\"image\":{\"@type\":\"ImageObject\",\"inLanguage\":\"es\",\"@id\":\"https:\\\/\\\/secure.gravatar.com\\\/avatar\\\/37385a1f83bdef106d1b89522da4c620ee48ba2eb0662dbc73ba05b7f3fbdf89?s=96&d=mm&r=g\",\"url\":\"https:\\\/\\\/secure.gravatar.com\\\/avatar\\\/37385a1f83bdef106d1b89522da4c620ee48ba2eb0662dbc73ba05b7f3fbdf89?s=96&d=mm&r=g\",\"contentUrl\":\"https:\\\/\\\/secure.gravatar.com\\\/avatar\\\/37385a1f83bdef106d1b89522da4c620ee48ba2eb0662dbc73ba05b7f3fbdf89?s=96&d=mm&r=g\",\"caption\":\"Sarah Moreira\"},\"url\":\"https:\\\/\\\/ibecbarcelona.eu\\\/es\\\/author\\\/smoreira\\\/\"}]}<\/script>\n<!-- \/ Yoast SEO plugin. -->","yoast_head_json":{"title":"Finaliza con \u00e9xito la tercera edici\u00f3n de la Conferencia EMBL-IBEC - Institute for Bioengineering of Catalonia","robots":{"index":"index","follow":"follow","max-snippet":"max-snippet:-1","max-image-preview":"max-image-preview:large","max-video-preview":"max-video-preview:-1"},"canonical":"https:\/\/ibecbarcelona.eu\/es\/finaliza-con-exito-la-tercera-edicion-de-la-conferencia-embl-ibec\/","og_locale":"es_ES","og_type":"article","og_title":"Finaliza con \u00e9xito la tercera edici\u00f3n de la Conferencia EMBL-IBEC - Institute for Bioengineering of Catalonia","og_description":"La tercera edici\u00f3n de la Conferencia EMBL-IBEC organizada por el Instituto de Bioingenier\u00eda de Catalu\u00f1a (IBEC) y el Laboratorio Europeo de Biolog\u00eda Molecular (EMBL) gir\u00f3 en torno a las terapias emergentes y avanzadas, y reuni\u00f3 la pasada semana en el PRBB de Barcelona a cerca de 150 expertos y expertas internacionales en el campo de la bioingenier\u00eda.","og_url":"https:\/\/ibecbarcelona.eu\/es\/finaliza-con-exito-la-tercera-edicion-de-la-conferencia-embl-ibec\/","og_site_name":"Institute for Bioengineering of Catalonia","article_published_time":"2024-04-29T15:49:26+00:00","article_modified_time":"2025-05-16T07:25:10+00:00","og_image":[{"width":1200,"height":675,"url":"https:\/\/ibecbarcelona.eu\/wp-content\/uploads\/2024\/04\/EMBL-IBEC_2024-FOTO-GRUPO-low.png","type":"image\/png"}],"author":"Sarah Moreira","twitter_card":"summary_large_image","twitter_misc":{"Escrito por":"Sarah Moreira","Tiempo de lectura":"7 minutos"},"schema":{"@context":"https:\/\/schema.org","@graph":[{"@type":"Article","@id":"https:\/\/ibecbarcelona.eu\/es\/finaliza-con-exito-la-tercera-edicion-de-la-conferencia-embl-ibec\/#article","isPartOf":{"@id":"https:\/\/ibecbarcelona.eu\/es\/finaliza-con-exito-la-tercera-edicion-de-la-conferencia-embl-ibec\/"},"author":{"name":"Sarah Moreira","@id":"https:\/\/ibecbarcelona.eu\/#\/schema\/person\/d3a158b8d448000777023ca1e3d71d34"},"headline":"Finaliza con \u00e9xito la tercera edici\u00f3n de la Conferencia EMBL-IBEC","datePublished":"2024-04-29T15:49:26+00:00","dateModified":"2025-05-16T07:25:10+00:00","mainEntityOfPage":{"@id":"https:\/\/ibecbarcelona.eu\/es\/finaliza-con-exito-la-tercera-edicion-de-la-conferencia-embl-ibec\/"},"wordCount":768,"publisher":{"@id":"https:\/\/ibecbarcelona.eu\/#organization"},"image":{"@id":"https:\/\/ibecbarcelona.eu\/es\/finaliza-con-exito-la-tercera-edicion-de-la-conferencia-embl-ibec\/#primaryimage"},"thumbnailUrl":"https:\/\/ibecbarcelona.eu\/wp-content\/uploads\/2024\/04\/EMBL-IBEC_2024-FOTO-GRUPO-low.png","keywords":["Evento"],"articleSection":["Noticias institucionales"],"inLanguage":"es"},{"@type":"WebPage","@id":"https:\/\/ibecbarcelona.eu\/es\/finaliza-con-exito-la-tercera-edicion-de-la-conferencia-embl-ibec\/","url":"https:\/\/ibecbarcelona.eu\/es\/finaliza-con-exito-la-tercera-edicion-de-la-conferencia-embl-ibec\/","name":"Finaliza con \u00e9xito la tercera edici\u00f3n de la Conferencia EMBL-IBEC - Institute for Bioengineering of Catalonia","isPartOf":{"@id":"https:\/\/ibecbarcelona.eu\/#website"},"primaryImageOfPage":{"@id":"https:\/\/ibecbarcelona.eu\/es\/finaliza-con-exito-la-tercera-edicion-de-la-conferencia-embl-ibec\/#primaryimage"},"image":{"@id":"https:\/\/ibecbarcelona.eu\/es\/finaliza-con-exito-la-tercera-edicion-de-la-conferencia-embl-ibec\/#primaryimage"},"thumbnailUrl":"https:\/\/ibecbarcelona.eu\/wp-content\/uploads\/2024\/04\/EMBL-IBEC_2024-FOTO-GRUPO-low.png","datePublished":"2024-04-29T15:49:26+00:00","dateModified":"2025-05-16T07:25:10+00:00","breadcrumb":{"@id":"https:\/\/ibecbarcelona.eu\/es\/finaliza-con-exito-la-tercera-edicion-de-la-conferencia-embl-ibec\/#breadcrumb"},"inLanguage":"es","potentialAction":[{"@type":"ReadAction","target":["https:\/\/ibecbarcelona.eu\/es\/finaliza-con-exito-la-tercera-edicion-de-la-conferencia-embl-ibec\/"]}]},{"@type":"ImageObject","inLanguage":"es","@id":"https:\/\/ibecbarcelona.eu\/es\/finaliza-con-exito-la-tercera-edicion-de-la-conferencia-embl-ibec\/#primaryimage","url":"https:\/\/ibecbarcelona.eu\/wp-content\/uploads\/2024\/04\/EMBL-IBEC_2024-FOTO-GRUPO-low.png","contentUrl":"https:\/\/ibecbarcelona.eu\/wp-content\/uploads\/2024\/04\/EMBL-IBEC_2024-FOTO-GRUPO-low.png","width":1200,"height":675},{"@type":"BreadcrumbList","@id":"https:\/\/ibecbarcelona.eu\/es\/finaliza-con-exito-la-tercera-edicion-de-la-conferencia-embl-ibec\/#breadcrumb","itemListElement":[{"@type":"ListItem","position":1,"name":"Home","item":"https:\/\/ibecbarcelona.eu\/es\/"},{"@type":"ListItem","position":2,"name":"Finaliza con \u00e9xito la tercera edici\u00f3n de la Conferencia EMBL-IBEC"}]},{"@type":"WebSite","@id":"https:\/\/ibecbarcelona.eu\/#website","url":"https:\/\/ibecbarcelona.eu\/","name":"Institute for Bioengineering of Catalonia","description":"Bioengineering solutions for health","publisher":{"@id":"https:\/\/ibecbarcelona.eu\/#organization"},"potentialAction":[{"@type":"SearchAction","target":{"@type":"EntryPoint","urlTemplate":"https:\/\/ibecbarcelona.eu\/?s={search_term_string}"},"query-input":{"@type":"PropertyValueSpecification","valueRequired":true,"valueName":"search_term_string"}}],"inLanguage":"es"},{"@type":"Organization","@id":"https:\/\/ibecbarcelona.eu\/#organization","name":"Institute for Bioengineering of Catalonia","url":"https:\/\/ibecbarcelona.eu\/","logo":{"@type":"ImageObject","inLanguage":"es","@id":"https:\/\/ibecbarcelona.eu\/#\/schema\/logo\/image\/","url":"https:\/\/ibecbarcelona.eu\/wp-content\/uploads\/2026\/01\/cropped-IBEC_20ANYS_GRIS.png","contentUrl":"https:\/\/ibecbarcelona.eu\/wp-content\/uploads\/2026\/01\/cropped-IBEC_20ANYS_GRIS.png","width":696,"height":257,"caption":"Institute for Bioengineering of Catalonia"},"image":{"@id":"https:\/\/ibecbarcelona.eu\/#\/schema\/logo\/image\/"}},{"@type":"Person","@id":"https:\/\/ibecbarcelona.eu\/#\/schema\/person\/d3a158b8d448000777023ca1e3d71d34","name":"Sarah Moreira","image":{"@type":"ImageObject","inLanguage":"es","@id":"https:\/\/secure.gravatar.com\/avatar\/37385a1f83bdef106d1b89522da4c620ee48ba2eb0662dbc73ba05b7f3fbdf89?s=96&d=mm&r=g","url":"https:\/\/secure.gravatar.com\/avatar\/37385a1f83bdef106d1b89522da4c620ee48ba2eb0662dbc73ba05b7f3fbdf89?s=96&d=mm&r=g","contentUrl":"https:\/\/secure.gravatar.com\/avatar\/37385a1f83bdef106d1b89522da4c620ee48ba2eb0662dbc73ba05b7f3fbdf89?s=96&d=mm&r=g","caption":"Sarah Moreira"},"url":"https:\/\/ibecbarcelona.eu\/es\/author\/smoreira\/"}]}},"AFP_featured_media_urls":{"full":["https:\/\/ibecbarcelona.eu\/wp-content\/uploads\/2024\/04\/EMBL-IBEC_2024-FOTO-GRUPO-low.png",1200,675,false],"thumbnail":["https:\/\/ibecbarcelona.eu\/wp-content\/uploads\/2024\/04\/EMBL-IBEC_2024-FOTO-GRUPO-low-150x150.png",150,150,true],"medium":["https:\/\/ibecbarcelona.eu\/wp-content\/uploads\/2024\/04\/EMBL-IBEC_2024-FOTO-GRUPO-low-300x169.png",300,169,true],"medium_large":["https:\/\/ibecbarcelona.eu\/wp-content\/uploads\/2024\/04\/EMBL-IBEC_2024-FOTO-GRUPO-low-768x432.png",768,432,true],"large":["https:\/\/ibecbarcelona.eu\/wp-content\/uploads\/2024\/04\/EMBL-IBEC_2024-FOTO-GRUPO-low-1024x576.png",1024,576,true]},"AFP_attachments":{"full":["https:\/\/ibecbarcelona.eu\/wp-content\/uploads\/2024\/04\/EMBL-IBEC_2024-FOTO-GRUPO-low.png",1200,675,false],"thumbnail":["https:\/\/ibecbarcelona.eu\/wp-content\/uploads\/2024\/04\/EMBL-IBEC_2024-FOTO-GRUPO-low-150x150.png",150,150,true],"medium":["https:\/\/ibecbarcelona.eu\/wp-content\/uploads\/2024\/04\/EMBL-IBEC_2024-FOTO-GRUPO-low-300x169.png",300,169,true],"medium_large":["https:\/\/ibecbarcelona.eu\/wp-content\/uploads\/2024\/04\/EMBL-IBEC_2024-FOTO-GRUPO-low-768x432.png",768,432,true],"large":["https:\/\/ibecbarcelona.eu\/wp-content\/uploads\/2024\/04\/EMBL-IBEC_2024-FOTO-GRUPO-low-1024x576.png",1024,576,true]},"AFP_videos":[],"AFP_video_blocks":"","AFP_category_names":["Noticias institucionales"],"_links":{"self":[{"href":"https:\/\/ibecbarcelona.eu\/es\/wp-json\/wp\/v2\/posts\/117393","targetHints":{"allow":["GET"]}}],"collection":[{"href":"https:\/\/ibecbarcelona.eu\/es\/wp-json\/wp\/v2\/posts"}],"about":[{"href":"https:\/\/ibecbarcelona.eu\/es\/wp-json\/wp\/v2\/types\/post"}],"author":[{"embeddable":true,"href":"https:\/\/ibecbarcelona.eu\/es\/wp-json\/wp\/v2\/users\/37"}],"replies":[{"embeddable":true,"href":"https:\/\/ibecbarcelona.eu\/es\/wp-json\/wp\/v2\/comments?post=117393"}],"version-history":[{"count":6,"href":"https:\/\/ibecbarcelona.eu\/es\/wp-json\/wp\/v2\/posts\/117393\/revisions"}],"predecessor-version":[{"id":125758,"href":"https:\/\/ibecbarcelona.eu\/es\/wp-json\/wp\/v2\/posts\/117393\/revisions\/125758"}],"wp:featuredmedia":[{"embeddable":true,"href":"https:\/\/ibecbarcelona.eu\/es\/wp-json\/wp\/v2\/media\/117340"}],"wp:attachment":[{"href":"https:\/\/ibecbarcelona.eu\/es\/wp-json\/wp\/v2\/media?parent=117393"}],"wp:term":[{"taxonomy":"category","embeddable":true,"href":"https:\/\/ibecbarcelona.eu\/es\/wp-json\/wp\/v2\/categories?post=117393"},{"taxonomy":"post_tag","embeddable":true,"href":"https:\/\/ibecbarcelona.eu\/es\/wp-json\/wp\/v2\/tags?post=117393"},{"taxonomy":"post_format","embeddable":true,"href":"https:\/\/ibecbarcelona.eu\/es\/wp-json\/wp\/v2\/post_formats?post=117393"}],"curies":[{"name":"wp","href":"https:\/\/api.w.org\/{rel}","templated":true}]}}