
{"id":121488,"date":"2024-11-13T16:31:02","date_gmt":"2024-11-13T15:31:02","guid":{"rendered":"https:\/\/ibecbarcelona.eu\/?p=121488"},"modified":"2024-11-13T16:42:45","modified_gmt":"2024-11-13T15:42:45","slug":"three-ibec-researchers-selected-in-the-caixaresearch-2024-call-to-lead-health-research-projects","status":"publish","type":"post","link":"https:\/\/ibecbarcelona.eu\/es\/tres-investigadores-del-ibec-seleccionados-en-la-convocatoria-caixa-research-2024-para-liderar-proyectos-de-investigacion-en-salud","title":{"rendered":"Tres investigadores del IBEC seleccionados en la convocatoria Caixa Research 2024 para liderar proyectos de investigaci\u00f3n en salud"},"content":{"rendered":"\n<p><strong>Los investigadores del IBEC Benedetta Bolognesi, Xavier Fern\u00e0ndez Busquets y Xavier Trepat han sido seleccionados en la convocatoria CaixaResearch 2024 para liderar\u00e1n sendos proyectos de investigaci\u00f3n. Las ayudas recibidas suponen un apoyo econ\u00f3mico para que los cient\u00edficos lleven a cabo su investigaci\u00f3n en \u00e1reas clave como el c\u00e1ncer, la malaria y la esclerosis lateral amiotr\u00f3fica.<\/strong><\/p>\n\n\n\n<figure class=\"wp-block-image size-large\"><img decoding=\"async\" width=\"1024\" height=\"576\" data-src=\"https:\/\/ibecbarcelona.eu\/wp-content\/uploads\/2024\/11\/Diseno-sin-titulo-14-1024x576.png\" alt=\"\" class=\"wp-image-121448 lazyload\" data-srcset=\"https:\/\/ibecbarcelona.eu\/wp-content\/uploads\/2024\/11\/Diseno-sin-titulo-14-1024x576.png 1024w, https:\/\/ibecbarcelona.eu\/wp-content\/uploads\/2024\/11\/Diseno-sin-titulo-14-300x169.png 300w, https:\/\/ibecbarcelona.eu\/wp-content\/uploads\/2024\/11\/Diseno-sin-titulo-14-768x432.png 768w, https:\/\/ibecbarcelona.eu\/wp-content\/uploads\/2024\/11\/Diseno-sin-titulo-14.png 1200w\" data-sizes=\"(max-width: 1024px) 100vw, 1024px\" src=\"data:image\/svg+xml;base64,PHN2ZyB3aWR0aD0iMSIgaGVpZ2h0PSIxIiB4bWxucz0iaHR0cDovL3d3dy53My5vcmcvMjAwMC9zdmciPjwvc3ZnPg==\" style=\"--smush-placeholder-width: 1024px; --smush-placeholder-aspect-ratio: 1024\/576;\" \/><\/figure>\n\n\n\n<div style=\"height:20px\" aria-hidden=\"true\" class=\"wp-block-spacer\"><\/div>\n\n\n\n<p>Tres investigadores del Instituto de Bioingenier\u00eda de Catalu\u00f1a (IBEC) han sido seleccionados en la convocatoria 2024 de las ayudas CaixaResearch de Investigaci\u00f3n en Salud, uno de los programas filantr\u00f3picos m\u00e1s relevantes en biomedicina en Espa\u00f1a y Portugal.<\/p>\n\n\n\n<p>Cada una de las ayudas recibidas suponen un apoyo econ\u00f3mico de cerca de un mill\u00f3n de euros, dado que se trata de proyectos presentados por consorcios de entre 2 y 5 organizaciones de investigaci\u00f3n. Todos ellos tendr\u00e1n hasta 3 a\u00f1os para ejecutar sus investigaciones.<\/p>\n\n\n\n<p>En una ceremonia celebrada ayer en CaixaForum Madrid, Xavier Trepat, Xavier Fern\u00e0ndez-Busquets y Benedetta Bolognesi recibieron el reconocimiento y apoyo financiero para sus proyectos en \u00e1reas clave como el c\u00e1ncer, la malaria y la esclerosis lateral amiotr\u00f3fica (ELA). Josep Samitier, director del IBEC, y Tom\u00e1s Quiroga, investigador predoctoral del grupo de Bolognesi, recogieron el premio en nombre de esta \u00faltima, que no pudo asistir al acto.<\/p>\n\n\n\n<figure class=\"wp-block-gallery has-nested-images columns-default is-cropped wp-block-gallery-1 is-layout-flex wp-block-gallery-is-layout-flex\">\n<figure class=\"wp-block-image size-large\"><img decoding=\"async\" width=\"2560\" height=\"1808\" data-id=\"121476\" data-src=\"https:\/\/ibecbarcelona.eu\/wp-content\/uploads\/2024\/11\/Xavier-Trepat-y-Eduard-Batlle-con-Juan-Ramon-Fuertes-e-Ignasi-Lopez-edited-scaled.jpg\" alt=\"\" class=\"wp-image-121476 lazyload\" data-srcset=\"https:\/\/ibecbarcelona.eu\/wp-content\/uploads\/2024\/11\/Xavier-Trepat-y-Eduard-Batlle-con-Juan-Ramon-Fuertes-e-Ignasi-Lopez-edited-scaled.jpg 2560w, https:\/\/ibecbarcelona.eu\/wp-content\/uploads\/2024\/11\/Xavier-Trepat-y-Eduard-Batlle-con-Juan-Ramon-Fuertes-e-Ignasi-Lopez-edited-300x212.jpg 300w, https:\/\/ibecbarcelona.eu\/wp-content\/uploads\/2024\/11\/Xavier-Trepat-y-Eduard-Batlle-con-Juan-Ramon-Fuertes-e-Ignasi-Lopez-edited-1024x723.jpg 1024w, https:\/\/ibecbarcelona.eu\/wp-content\/uploads\/2024\/11\/Xavier-Trepat-y-Eduard-Batlle-con-Juan-Ramon-Fuertes-e-Ignasi-Lopez-edited-768x542.jpg 768w, https:\/\/ibecbarcelona.eu\/wp-content\/uploads\/2024\/11\/Xavier-Trepat-y-Eduard-Batlle-con-Juan-Ramon-Fuertes-e-Ignasi-Lopez-edited-1536x1085.jpg 1536w, https:\/\/ibecbarcelona.eu\/wp-content\/uploads\/2024\/11\/Xavier-Trepat-y-Eduard-Batlle-con-Juan-Ramon-Fuertes-e-Ignasi-Lopez-edited-2048x1446.jpg 2048w\" data-sizes=\"(max-width: 2560px) 100vw, 2560px\" src=\"data:image\/svg+xml;base64,PHN2ZyB3aWR0aD0iMSIgaGVpZ2h0PSIxIiB4bWxucz0iaHR0cDovL3d3dy53My5vcmcvMjAwMC9zdmciPjwvc3ZnPg==\" style=\"--smush-placeholder-width: 2560px; --smush-placeholder-aspect-ratio: 2560\/1808;\" \/><figcaption class=\"wp-element-caption\">Xavier Trepat y Eduard Batlle<\/figcaption><\/figure>\n\n\n\n<figure class=\"wp-block-image size-large\"><img decoding=\"async\" width=\"2560\" height=\"1716\" data-id=\"121479\" data-src=\"https:\/\/ibecbarcelona.eu\/wp-content\/uploads\/2024\/11\/Tomas-Quiroga-y-Josep-Samitier-del-IBEC-con-Juan-Ramon-Fuertes-Maria-Jose-Arregui-e-Ignasi-Lopez-edited-scaled.jpg\" alt=\"\" class=\"wp-image-121479 lazyload\" data-srcset=\"https:\/\/ibecbarcelona.eu\/wp-content\/uploads\/2024\/11\/Tomas-Quiroga-y-Josep-Samitier-del-IBEC-con-Juan-Ramon-Fuertes-Maria-Jose-Arregui-e-Ignasi-Lopez-edited-scaled.jpg 2560w, https:\/\/ibecbarcelona.eu\/wp-content\/uploads\/2024\/11\/Tomas-Quiroga-y-Josep-Samitier-del-IBEC-con-Juan-Ramon-Fuertes-Maria-Jose-Arregui-e-Ignasi-Lopez-edited-300x201.jpg 300w, https:\/\/ibecbarcelona.eu\/wp-content\/uploads\/2024\/11\/Tomas-Quiroga-y-Josep-Samitier-del-IBEC-con-Juan-Ramon-Fuertes-Maria-Jose-Arregui-e-Ignasi-Lopez-edited-1024x687.jpg 1024w, https:\/\/ibecbarcelona.eu\/wp-content\/uploads\/2024\/11\/Tomas-Quiroga-y-Josep-Samitier-del-IBEC-con-Juan-Ramon-Fuertes-Maria-Jose-Arregui-e-Ignasi-Lopez-edited-768x515.jpg 768w, https:\/\/ibecbarcelona.eu\/wp-content\/uploads\/2024\/11\/Tomas-Quiroga-y-Josep-Samitier-del-IBEC-con-Juan-Ramon-Fuertes-Maria-Jose-Arregui-e-Ignasi-Lopez-edited-1536x1030.jpg 1536w, https:\/\/ibecbarcelona.eu\/wp-content\/uploads\/2024\/11\/Tomas-Quiroga-y-Josep-Samitier-del-IBEC-con-Juan-Ramon-Fuertes-Maria-Jose-Arregui-e-Ignasi-Lopez-edited-2048x1373.jpg 2048w\" data-sizes=\"(max-width: 2560px) 100vw, 2560px\" src=\"data:image\/svg+xml;base64,PHN2ZyB3aWR0aD0iMSIgaGVpZ2h0PSIxIiB4bWxucz0iaHR0cDovL3d3dy53My5vcmcvMjAwMC9zdmciPjwvc3ZnPg==\" style=\"--smush-placeholder-width: 2560px; --smush-placeholder-aspect-ratio: 2560\/1716;\" \/><figcaption class=\"wp-element-caption\">Tom\u00e1s Quiroga y Josep Samitier<\/figcaption><\/figure>\n\n\n\n<figure class=\"wp-block-image size-large\"><img decoding=\"async\" width=\"2560\" height=\"1762\" data-id=\"121482\" data-src=\"https:\/\/ibecbarcelona.eu\/wp-content\/uploads\/2024\/11\/Xavier-Fernandez-Busquets-y-Diego-Munoz-Torrero-junto-a-Madalena-Alves-Artur-Santos-Silva-y-Jose-Pena-do-Amaral-1-edited-scaled.jpg\" alt=\"\" class=\"wp-image-121482 lazyload\" data-srcset=\"https:\/\/ibecbarcelona.eu\/wp-content\/uploads\/2024\/11\/Xavier-Fernandez-Busquets-y-Diego-Munoz-Torrero-junto-a-Madalena-Alves-Artur-Santos-Silva-y-Jose-Pena-do-Amaral-1-edited-scaled.jpg 2560w, https:\/\/ibecbarcelona.eu\/wp-content\/uploads\/2024\/11\/Xavier-Fernandez-Busquets-y-Diego-Munoz-Torrero-junto-a-Madalena-Alves-Artur-Santos-Silva-y-Jose-Pena-do-Amaral-1-edited-300x206.jpg 300w, https:\/\/ibecbarcelona.eu\/wp-content\/uploads\/2024\/11\/Xavier-Fernandez-Busquets-y-Diego-Munoz-Torrero-junto-a-Madalena-Alves-Artur-Santos-Silva-y-Jose-Pena-do-Amaral-1-edited-1024x705.jpg 1024w, https:\/\/ibecbarcelona.eu\/wp-content\/uploads\/2024\/11\/Xavier-Fernandez-Busquets-y-Diego-Munoz-Torrero-junto-a-Madalena-Alves-Artur-Santos-Silva-y-Jose-Pena-do-Amaral-1-edited-768x528.jpg 768w, https:\/\/ibecbarcelona.eu\/wp-content\/uploads\/2024\/11\/Xavier-Fernandez-Busquets-y-Diego-Munoz-Torrero-junto-a-Madalena-Alves-Artur-Santos-Silva-y-Jose-Pena-do-Amaral-1-edited-1536x1057.jpg 1536w, https:\/\/ibecbarcelona.eu\/wp-content\/uploads\/2024\/11\/Xavier-Fernandez-Busquets-y-Diego-Munoz-Torrero-junto-a-Madalena-Alves-Artur-Santos-Silva-y-Jose-Pena-do-Amaral-1-edited-2048x1409.jpg 2048w\" data-sizes=\"(max-width: 2560px) 100vw, 2560px\" src=\"data:image\/svg+xml;base64,PHN2ZyB3aWR0aD0iMSIgaGVpZ2h0PSIxIiB4bWxucz0iaHR0cDovL3d3dy53My5vcmcvMjAwMC9zdmciPjwvc3ZnPg==\" style=\"--smush-placeholder-width: 2560px; --smush-placeholder-aspect-ratio: 2560\/1762;\" \/><figcaption class=\"wp-element-caption\">Xavier Fern\u00e0ndez-Busquets y Diego Mu\u00f1oz-Torrero<\/figcaption><\/figure>\n<\/figure>\n\n\n\n<div style=\"height:20px\" aria-hidden=\"true\" class=\"wp-block-spacer\"><\/div>\n\n\n\n<h4 class=\"wp-block-heading\"><strong>Mapa gen\u00e9tico para avanzar en el diagn\u00f3stico de la ELA<\/strong><\/h4>\n\n\n\n<figure class=\"wp-block-image size-large\"><img decoding=\"async\" width=\"1024\" height=\"576\" data-src=\"https:\/\/ibecbarcelona.eu\/wp-content\/uploads\/2024\/11\/22_Benedetta-Bolognesi_cast_3-1024x576.jpg\" alt=\"\" class=\"wp-image-121496 lazyload\" data-srcset=\"https:\/\/ibecbarcelona.eu\/wp-content\/uploads\/2024\/11\/22_Benedetta-Bolognesi_cast_3-1024x576.jpg 1024w, https:\/\/ibecbarcelona.eu\/wp-content\/uploads\/2024\/11\/22_Benedetta-Bolognesi_cast_3-300x169.jpg 300w, https:\/\/ibecbarcelona.eu\/wp-content\/uploads\/2024\/11\/22_Benedetta-Bolognesi_cast_3-768x432.jpg 768w, https:\/\/ibecbarcelona.eu\/wp-content\/uploads\/2024\/11\/22_Benedetta-Bolognesi_cast_3-1536x864.jpg 1536w, https:\/\/ibecbarcelona.eu\/wp-content\/uploads\/2024\/11\/22_Benedetta-Bolognesi_cast_3-2048x1152.jpg 2048w\" data-sizes=\"(max-width: 1024px) 100vw, 1024px\" src=\"data:image\/svg+xml;base64,PHN2ZyB3aWR0aD0iMSIgaGVpZ2h0PSIxIiB4bWxucz0iaHR0cDovL3d3dy53My5vcmcvMjAwMC9zdmciPjwvc3ZnPg==\" style=\"--smush-placeholder-width: 1024px; --smush-placeholder-aspect-ratio: 1024\/576;\" \/><\/figure>\n\n\n\n<div style=\"height:20px\" aria-hidden=\"true\" class=\"wp-block-spacer\"><\/div>\n\n\n\n<p>Benedetta Bolognesi, investigadora principal del grupo de <a href=\"https:\/\/ibecbarcelona.eu\/protein-phase-transitions-in-health-and-disease\/\">Transiciones de Fase de Prote\u00ednas en la Salud y la Enfermedad<\/a> en el IBEC, colaborar\u00e1 con investigadores en Australia para crear un mapa de las mutaciones de la prote\u00edna SOD1, asociadas a la Esclerosis Lateral Amiotr\u00f3fica (ELA). Este mapa permitir\u00e1 tanto mejorar el diagn\u00f3stico temprano de la enfermedad como abrir nuevas v\u00edas para el desarrollo de terapias dirigidas.<\/p>\n\n\n\n<p><a href=\"https:\/\/caixaresearch.org\/es\/convocatoria-caixaresearch-investigacion-salud-2024-proyecto-tratamiento-ela\">M\u00e1s sobre el proyecto.<\/a><\/p>\n\n\n\n<h4 class=\"wp-block-heading\"><strong>Terapias innovadoras contra la malaria<\/strong><\/h4>\n\n\n\n<figure class=\"wp-block-image size-large\"><img decoding=\"async\" width=\"1024\" height=\"576\" data-src=\"https:\/\/ibecbarcelona.eu\/wp-content\/uploads\/2024\/11\/15_Xavier-Fernandez-Busquets_cast_3-1024x576.jpg\" alt=\"\" class=\"wp-image-121499 lazyload\" data-srcset=\"https:\/\/ibecbarcelona.eu\/wp-content\/uploads\/2024\/11\/15_Xavier-Fernandez-Busquets_cast_3-1024x576.jpg 1024w, https:\/\/ibecbarcelona.eu\/wp-content\/uploads\/2024\/11\/15_Xavier-Fernandez-Busquets_cast_3-300x169.jpg 300w, https:\/\/ibecbarcelona.eu\/wp-content\/uploads\/2024\/11\/15_Xavier-Fernandez-Busquets_cast_3-768x432.jpg 768w, https:\/\/ibecbarcelona.eu\/wp-content\/uploads\/2024\/11\/15_Xavier-Fernandez-Busquets_cast_3-1536x864.jpg 1536w, https:\/\/ibecbarcelona.eu\/wp-content\/uploads\/2024\/11\/15_Xavier-Fernandez-Busquets_cast_3-2048x1152.jpg 2048w\" data-sizes=\"(max-width: 1024px) 100vw, 1024px\" src=\"data:image\/svg+xml;base64,PHN2ZyB3aWR0aD0iMSIgaGVpZ2h0PSIxIiB4bWxucz0iaHR0cDovL3d3dy53My5vcmcvMjAwMC9zdmciPjwvc3ZnPg==\" style=\"--smush-placeholder-width: 1024px; --smush-placeholder-aspect-ratio: 1024\/576;\" \/><\/figure>\n\n\n\n<div style=\"height:20px\" aria-hidden=\"true\" class=\"wp-block-spacer\"><\/div>\n\n\n\n<p>Xavier Fern\u00e0ndez-Busquets, investigador principal del grupo de <a href=\"https:\/\/ibecbarcelona.eu\/es\/nanomalaria\">Nanomalaria<\/a> del IBEC y el Instituto de Salud Global (ISGlobal), colaborar\u00e1 con equipos de la Universitat de Barcelona (UB) y la Nanyang Technological University (Singapur) para dise\u00f1ar nuevos f\u00e1rmacos capaces de sortear las resistencias del par\u00e1sito de la malaria. Su objetivo es identificar mol\u00e9culas que inhiban las prote\u00ednas agregadas de <em>Plasmodium<\/em>, esenciales para la supervivencia del par\u00e1sito.<\/p>\n\n\n\n<p><a href=\"https:\/\/caixaresearch.org\/es\/convocatoria-caixaresearch-investigacion-salud-2024-proyecto-nuevos-farmacos-malaria\">M\u00e1s sobre el proyecto.<\/a><\/p>\n\n\n\n<h4 class=\"wp-block-heading\"><strong>Nuevos enfoques para combatir el c\u00e1ncer colorrectal<\/strong><\/h4>\n\n\n\n<figure class=\"wp-block-image size-large\"><img decoding=\"async\" width=\"1024\" height=\"576\" data-src=\"https:\/\/ibecbarcelona.eu\/wp-content\/uploads\/2024\/11\/10_Xavier-Trepat_cast_3-1024x576.jpg\" alt=\"\" class=\"wp-image-121502 lazyload\" data-srcset=\"https:\/\/ibecbarcelona.eu\/wp-content\/uploads\/2024\/11\/10_Xavier-Trepat_cast_3-1024x576.jpg 1024w, https:\/\/ibecbarcelona.eu\/wp-content\/uploads\/2024\/11\/10_Xavier-Trepat_cast_3-300x169.jpg 300w, https:\/\/ibecbarcelona.eu\/wp-content\/uploads\/2024\/11\/10_Xavier-Trepat_cast_3-768x432.jpg 768w, https:\/\/ibecbarcelona.eu\/wp-content\/uploads\/2024\/11\/10_Xavier-Trepat_cast_3-1536x864.jpg 1536w, https:\/\/ibecbarcelona.eu\/wp-content\/uploads\/2024\/11\/10_Xavier-Trepat_cast_3-2048x1152.jpg 2048w\" data-sizes=\"(max-width: 1024px) 100vw, 1024px\" src=\"data:image\/svg+xml;base64,PHN2ZyB3aWR0aD0iMSIgaGVpZ2h0PSIxIiB4bWxucz0iaHR0cDovL3d3dy53My5vcmcvMjAwMC9zdmciPjwvc3ZnPg==\" style=\"--smush-placeholder-width: 1024px; --smush-placeholder-aspect-ratio: 1024\/576;\" \/><\/figure>\n\n\n\n<div style=\"height:20px\" aria-hidden=\"true\" class=\"wp-block-spacer\"><\/div>\n\n\n\n<p>Xavier Trepat, Profesor de investigaci\u00f3n ICREA en el IBEC, d\u00f3nde lidera el grupo de <a href=\"https:\/\/ibecbarcelona.eu\/integrative\">Din\u00e1mica integrativa de c\u00e9lulas y tejidos<\/a>, y profesor en la UB, liderar\u00e1 un proyecto en colaboraci\u00f3n con Eduard Batlle (IRB Barcelona) y Marino Arroyo (CIMNE) para desarrollar un modelo en chip y su gemelo digital para replica el microentorno de un tumor de colon. Este sistema permitir\u00e1 estudiar las interacciones mec\u00e1nicas y qu\u00edmicas entre c\u00e9lulas tumorales y su entorno, facilitando el desarrollo y prueba de inmunoterapias.<\/p>\n\n\n\n<p><a href=\"https:\/\/caixaresearch.org\/es\/convocatoria-caixaresearch-investigacion-salud-2024-proyecto-tumor-colon\">M\u00e1s sobre el proyecto.<\/a><\/p>\n","protected":false},"excerpt":{"rendered":"<p>Los investigadores del IBEC Benedetta Bolognesi, Xavier Fern\u00e0ndez Busquets y Xavier Trepat han sido seleccionados en la convocatoria CaixaResearch 2024 para liderar\u00e1n sendos proyectos de investigaci\u00f3n. Las ayudas recibidas suponen un apoyo econ\u00f3mico para que los cient\u00edficos lleven a cabo su investigaci\u00f3n en \u00e1reas clave como el c\u00e1ncer, la malaria y la esclerosis lateral amiotr\u00f3fica.<\/p>\n","protected":false},"author":37,"featured_media":0,"comment_status":"closed","ping_status":"closed","sticky":false,"template":"","format":"standard","meta":{"footnotes":""},"categories":[94],"tags":[1108,2125,1843,1791,1819,1777,1111,1144],"post_formats":[],"class_list":["post-121488","post","type-post","status-publish","format-standard","hentry","category-noticias-institucionales","tag-benedetta-bolognesi-es","tag-caixahealth-es","tag-integrative-cell-and-tissue-dynamics-es","tag-nanomalaria-es","tag-premio","tag-protein-phase-transitions-in-health-and-disease-es","tag-xavier-fernandez-busquets-es","tag-xavier-trepat-es"],"yoast_head":"<!-- This site is optimized with the Yoast SEO plugin v27.4 - https:\/\/yoast.com\/product\/yoast-seo-wordpress\/ -->\n<title>Tres investigadores del IBEC seleccionados en la convocatoria Caixa Research 2024 para liderar proyectos de investigaci\u00f3n en salud - Institute for Bioengineering of Catalonia<\/title>\n<meta name=\"robots\" content=\"index, follow, max-snippet:-1, max-image-preview:large, max-video-preview:-1\" \/>\n<link rel=\"canonical\" href=\"https:\/\/ibecbarcelona.eu\/es\/tres-investigadores-del-ibec-seleccionados-en-la-convocatoria-caixa-research-2024-para-liderar-proyectos-de-investigacion-en-salud\/\" \/>\n<meta property=\"og:locale\" content=\"es_ES\" \/>\n<meta property=\"og:type\" content=\"article\" \/>\n<meta property=\"og:title\" content=\"Tres investigadores del IBEC seleccionados en la convocatoria Caixa Research 2024 para liderar proyectos de investigaci\u00f3n en salud - Institute for Bioengineering of Catalonia\" \/>\n<meta property=\"og:description\" content=\"Los investigadores del IBEC Benedetta Bolognesi, Xavier Fern\u00e0ndez Busquets y Xavier Trepat han sido seleccionados en la convocatoria CaixaResearch 2024 para liderar\u00e1n sendos proyectos de investigaci\u00f3n. Las ayudas recibidas suponen un apoyo econ\u00f3mico para que los cient\u00edficos lleven a cabo su investigaci\u00f3n en \u00e1reas clave como el c\u00e1ncer, la malaria y la esclerosis lateral amiotr\u00f3fica.\" \/>\n<meta property=\"og:url\" content=\"https:\/\/ibecbarcelona.eu\/es\/tres-investigadores-del-ibec-seleccionados-en-la-convocatoria-caixa-research-2024-para-liderar-proyectos-de-investigacion-en-salud\/\" \/>\n<meta property=\"og:site_name\" content=\"Institute for Bioengineering of Catalonia\" \/>\n<meta property=\"article:published_time\" content=\"2024-11-13T15:31:02+00:00\" \/>\n<meta property=\"article:modified_time\" content=\"2024-11-13T15:42:45+00:00\" \/>\n<meta property=\"og:image\" content=\"https:\/\/ibecbarcelona.eu\/wp-content\/uploads\/2024\/11\/Diseno-sin-titulo-14.png\" \/>\n\t<meta property=\"og:image:width\" content=\"1200\" \/>\n\t<meta property=\"og:image:height\" content=\"675\" \/>\n\t<meta property=\"og:image:type\" content=\"image\/png\" \/>\n<meta name=\"author\" content=\"Sarah Moreira\" \/>\n<meta name=\"twitter:card\" content=\"summary_large_image\" \/>\n<meta name=\"twitter:label1\" content=\"Escrito por\" \/>\n\t<meta name=\"twitter:data1\" content=\"Sarah Moreira\" \/>\n\t<meta name=\"twitter:label2\" content=\"Tiempo de lectura\" \/>\n\t<meta name=\"twitter:data2\" content=\"4 minutos\" \/>\n<script type=\"application\/ld+json\" class=\"yoast-schema-graph\">{\"@context\":\"https:\\\/\\\/schema.org\",\"@graph\":[{\"@type\":\"Article\",\"@id\":\"https:\\\/\\\/ibecbarcelona.eu\\\/es\\\/tres-investigadores-del-ibec-seleccionados-en-la-convocatoria-caixa-research-2024-para-liderar-proyectos-de-investigacion-en-salud\\\/#article\",\"isPartOf\":{\"@id\":\"https:\\\/\\\/ibecbarcelona.eu\\\/es\\\/tres-investigadores-del-ibec-seleccionados-en-la-convocatoria-caixa-research-2024-para-liderar-proyectos-de-investigacion-en-salud\\\/\"},\"author\":{\"name\":\"Sarah Moreira\",\"@id\":\"https:\\\/\\\/ibecbarcelona.eu\\\/#\\\/schema\\\/person\\\/d3a158b8d448000777023ca1e3d71d34\"},\"headline\":\"Tres investigadores del IBEC seleccionados en la convocatoria Caixa Research 2024 para liderar proyectos de investigaci\u00f3n en salud\",\"datePublished\":\"2024-11-13T15:31:02+00:00\",\"dateModified\":\"2024-11-13T15:42:45+00:00\",\"mainEntityOfPage\":{\"@id\":\"https:\\\/\\\/ibecbarcelona.eu\\\/es\\\/tres-investigadores-del-ibec-seleccionados-en-la-convocatoria-caixa-research-2024-para-liderar-proyectos-de-investigacion-en-salud\\\/\"},\"wordCount\":525,\"publisher\":{\"@id\":\"https:\\\/\\\/ibecbarcelona.eu\\\/#organization\"},\"image\":{\"@id\":\"https:\\\/\\\/ibecbarcelona.eu\\\/es\\\/tres-investigadores-del-ibec-seleccionados-en-la-convocatoria-caixa-research-2024-para-liderar-proyectos-de-investigacion-en-salud\\\/#primaryimage\"},\"thumbnailUrl\":\"https:\\\/\\\/ibecbarcelona.eu\\\/wp-content\\\/uploads\\\/2024\\\/11\\\/Diseno-sin-titulo-14-1024x576.png\",\"keywords\":[\"Benedetta Bolognesi\",\"CaixaHealth\",\"Integrative cell and tissue dynamics\",\"nanomalaria\",\"Premio\",\"Protein phase transitions in health and disease\",\"Xavier Fernandez-Busquets\",\"Xavier Trepat\"],\"articleSection\":[\"Noticias institucionales\"],\"inLanguage\":\"es\"},{\"@type\":\"WebPage\",\"@id\":\"https:\\\/\\\/ibecbarcelona.eu\\\/es\\\/tres-investigadores-del-ibec-seleccionados-en-la-convocatoria-caixa-research-2024-para-liderar-proyectos-de-investigacion-en-salud\\\/\",\"url\":\"https:\\\/\\\/ibecbarcelona.eu\\\/es\\\/tres-investigadores-del-ibec-seleccionados-en-la-convocatoria-caixa-research-2024-para-liderar-proyectos-de-investigacion-en-salud\\\/\",\"name\":\"Tres investigadores del IBEC seleccionados en la convocatoria Caixa Research 2024 para liderar proyectos de investigaci\u00f3n en salud - Institute for Bioengineering of Catalonia\",\"isPartOf\":{\"@id\":\"https:\\\/\\\/ibecbarcelona.eu\\\/#website\"},\"primaryImageOfPage\":{\"@id\":\"https:\\\/\\\/ibecbarcelona.eu\\\/es\\\/tres-investigadores-del-ibec-seleccionados-en-la-convocatoria-caixa-research-2024-para-liderar-proyectos-de-investigacion-en-salud\\\/#primaryimage\"},\"image\":{\"@id\":\"https:\\\/\\\/ibecbarcelona.eu\\\/es\\\/tres-investigadores-del-ibec-seleccionados-en-la-convocatoria-caixa-research-2024-para-liderar-proyectos-de-investigacion-en-salud\\\/#primaryimage\"},\"thumbnailUrl\":\"https:\\\/\\\/ibecbarcelona.eu\\\/wp-content\\\/uploads\\\/2024\\\/11\\\/Diseno-sin-titulo-14-1024x576.png\",\"datePublished\":\"2024-11-13T15:31:02+00:00\",\"dateModified\":\"2024-11-13T15:42:45+00:00\",\"breadcrumb\":{\"@id\":\"https:\\\/\\\/ibecbarcelona.eu\\\/es\\\/tres-investigadores-del-ibec-seleccionados-en-la-convocatoria-caixa-research-2024-para-liderar-proyectos-de-investigacion-en-salud\\\/#breadcrumb\"},\"inLanguage\":\"es\",\"potentialAction\":[{\"@type\":\"ReadAction\",\"target\":[\"https:\\\/\\\/ibecbarcelona.eu\\\/es\\\/tres-investigadores-del-ibec-seleccionados-en-la-convocatoria-caixa-research-2024-para-liderar-proyectos-de-investigacion-en-salud\\\/\"]}]},{\"@type\":\"ImageObject\",\"inLanguage\":\"es\",\"@id\":\"https:\\\/\\\/ibecbarcelona.eu\\\/es\\\/tres-investigadores-del-ibec-seleccionados-en-la-convocatoria-caixa-research-2024-para-liderar-proyectos-de-investigacion-en-salud\\\/#primaryimage\",\"url\":\"https:\\\/\\\/ibecbarcelona.eu\\\/wp-content\\\/uploads\\\/2024\\\/11\\\/Diseno-sin-titulo-14-1024x576.png\",\"contentUrl\":\"https:\\\/\\\/ibecbarcelona.eu\\\/wp-content\\\/uploads\\\/2024\\\/11\\\/Diseno-sin-titulo-14-1024x576.png\"},{\"@type\":\"BreadcrumbList\",\"@id\":\"https:\\\/\\\/ibecbarcelona.eu\\\/es\\\/tres-investigadores-del-ibec-seleccionados-en-la-convocatoria-caixa-research-2024-para-liderar-proyectos-de-investigacion-en-salud\\\/#breadcrumb\",\"itemListElement\":[{\"@type\":\"ListItem\",\"position\":1,\"name\":\"Home\",\"item\":\"https:\\\/\\\/ibecbarcelona.eu\\\/es\\\/\"},{\"@type\":\"ListItem\",\"position\":2,\"name\":\"Tres investigadores del IBEC seleccionados en la convocatoria Caixa Research 2024 para liderar proyectos de investigaci\u00f3n en salud\"}]},{\"@type\":\"WebSite\",\"@id\":\"https:\\\/\\\/ibecbarcelona.eu\\\/#website\",\"url\":\"https:\\\/\\\/ibecbarcelona.eu\\\/\",\"name\":\"Institute for Bioengineering of Catalonia\",\"description\":\"Bioengineering solutions for health\",\"publisher\":{\"@id\":\"https:\\\/\\\/ibecbarcelona.eu\\\/#organization\"},\"potentialAction\":[{\"@type\":\"SearchAction\",\"target\":{\"@type\":\"EntryPoint\",\"urlTemplate\":\"https:\\\/\\\/ibecbarcelona.eu\\\/?s={search_term_string}\"},\"query-input\":{\"@type\":\"PropertyValueSpecification\",\"valueRequired\":true,\"valueName\":\"search_term_string\"}}],\"inLanguage\":\"es\"},{\"@type\":\"Organization\",\"@id\":\"https:\\\/\\\/ibecbarcelona.eu\\\/#organization\",\"name\":\"Institute for Bioengineering of Catalonia\",\"url\":\"https:\\\/\\\/ibecbarcelona.eu\\\/\",\"logo\":{\"@type\":\"ImageObject\",\"inLanguage\":\"es\",\"@id\":\"https:\\\/\\\/ibecbarcelona.eu\\\/#\\\/schema\\\/logo\\\/image\\\/\",\"url\":\"https:\\\/\\\/ibecbarcelona.eu\\\/wp-content\\\/uploads\\\/2026\\\/01\\\/cropped-IBEC_20ANYS_GRIS.png\",\"contentUrl\":\"https:\\\/\\\/ibecbarcelona.eu\\\/wp-content\\\/uploads\\\/2026\\\/01\\\/cropped-IBEC_20ANYS_GRIS.png\",\"width\":696,\"height\":257,\"caption\":\"Institute for Bioengineering of Catalonia\"},\"image\":{\"@id\":\"https:\\\/\\\/ibecbarcelona.eu\\\/#\\\/schema\\\/logo\\\/image\\\/\"}},{\"@type\":\"Person\",\"@id\":\"https:\\\/\\\/ibecbarcelona.eu\\\/#\\\/schema\\\/person\\\/d3a158b8d448000777023ca1e3d71d34\",\"name\":\"Sarah Moreira\",\"image\":{\"@type\":\"ImageObject\",\"inLanguage\":\"es\",\"@id\":\"https:\\\/\\\/secure.gravatar.com\\\/avatar\\\/37385a1f83bdef106d1b89522da4c620ee48ba2eb0662dbc73ba05b7f3fbdf89?s=96&d=mm&r=g\",\"url\":\"https:\\\/\\\/secure.gravatar.com\\\/avatar\\\/37385a1f83bdef106d1b89522da4c620ee48ba2eb0662dbc73ba05b7f3fbdf89?s=96&d=mm&r=g\",\"contentUrl\":\"https:\\\/\\\/secure.gravatar.com\\\/avatar\\\/37385a1f83bdef106d1b89522da4c620ee48ba2eb0662dbc73ba05b7f3fbdf89?s=96&d=mm&r=g\",\"caption\":\"Sarah Moreira\"},\"url\":\"https:\\\/\\\/ibecbarcelona.eu\\\/es\\\/author\\\/smoreira\\\/\"}]}<\/script>\n<!-- \/ Yoast SEO plugin. -->","yoast_head_json":{"title":"Tres investigadores del IBEC seleccionados en la convocatoria Caixa Research 2024 para liderar proyectos de investigaci\u00f3n en salud - Institute for Bioengineering of Catalonia","robots":{"index":"index","follow":"follow","max-snippet":"max-snippet:-1","max-image-preview":"max-image-preview:large","max-video-preview":"max-video-preview:-1"},"canonical":"https:\/\/ibecbarcelona.eu\/es\/tres-investigadores-del-ibec-seleccionados-en-la-convocatoria-caixa-research-2024-para-liderar-proyectos-de-investigacion-en-salud\/","og_locale":"es_ES","og_type":"article","og_title":"Tres investigadores del IBEC seleccionados en la convocatoria Caixa Research 2024 para liderar proyectos de investigaci\u00f3n en salud - Institute for Bioengineering of Catalonia","og_description":"Los investigadores del IBEC Benedetta Bolognesi, Xavier Fern\u00e0ndez Busquets y Xavier Trepat han sido seleccionados en la convocatoria CaixaResearch 2024 para liderar\u00e1n sendos proyectos de investigaci\u00f3n. Las ayudas recibidas suponen un apoyo econ\u00f3mico para que los cient\u00edficos lleven a cabo su investigaci\u00f3n en \u00e1reas clave como el c\u00e1ncer, la malaria y la esclerosis lateral amiotr\u00f3fica.","og_url":"https:\/\/ibecbarcelona.eu\/es\/tres-investigadores-del-ibec-seleccionados-en-la-convocatoria-caixa-research-2024-para-liderar-proyectos-de-investigacion-en-salud\/","og_site_name":"Institute for Bioengineering of Catalonia","article_published_time":"2024-11-13T15:31:02+00:00","article_modified_time":"2024-11-13T15:42:45+00:00","og_image":[{"width":1200,"height":675,"url":"https:\/\/ibecbarcelona.eu\/wp-content\/uploads\/2024\/11\/Diseno-sin-titulo-14.png","type":"image\/png"}],"author":"Sarah Moreira","twitter_card":"summary_large_image","twitter_misc":{"Escrito por":"Sarah Moreira","Tiempo de lectura":"4 minutos"},"schema":{"@context":"https:\/\/schema.org","@graph":[{"@type":"Article","@id":"https:\/\/ibecbarcelona.eu\/es\/tres-investigadores-del-ibec-seleccionados-en-la-convocatoria-caixa-research-2024-para-liderar-proyectos-de-investigacion-en-salud\/#article","isPartOf":{"@id":"https:\/\/ibecbarcelona.eu\/es\/tres-investigadores-del-ibec-seleccionados-en-la-convocatoria-caixa-research-2024-para-liderar-proyectos-de-investigacion-en-salud\/"},"author":{"name":"Sarah Moreira","@id":"https:\/\/ibecbarcelona.eu\/#\/schema\/person\/d3a158b8d448000777023ca1e3d71d34"},"headline":"Tres investigadores del IBEC seleccionados en la convocatoria Caixa Research 2024 para liderar proyectos de investigaci\u00f3n en salud","datePublished":"2024-11-13T15:31:02+00:00","dateModified":"2024-11-13T15:42:45+00:00","mainEntityOfPage":{"@id":"https:\/\/ibecbarcelona.eu\/es\/tres-investigadores-del-ibec-seleccionados-en-la-convocatoria-caixa-research-2024-para-liderar-proyectos-de-investigacion-en-salud\/"},"wordCount":525,"publisher":{"@id":"https:\/\/ibecbarcelona.eu\/#organization"},"image":{"@id":"https:\/\/ibecbarcelona.eu\/es\/tres-investigadores-del-ibec-seleccionados-en-la-convocatoria-caixa-research-2024-para-liderar-proyectos-de-investigacion-en-salud\/#primaryimage"},"thumbnailUrl":"https:\/\/ibecbarcelona.eu\/wp-content\/uploads\/2024\/11\/Diseno-sin-titulo-14-1024x576.png","keywords":["Benedetta Bolognesi","CaixaHealth","Integrative cell and tissue dynamics","nanomalaria","Premio","Protein phase transitions in health and disease","Xavier Fernandez-Busquets","Xavier Trepat"],"articleSection":["Noticias institucionales"],"inLanguage":"es"},{"@type":"WebPage","@id":"https:\/\/ibecbarcelona.eu\/es\/tres-investigadores-del-ibec-seleccionados-en-la-convocatoria-caixa-research-2024-para-liderar-proyectos-de-investigacion-en-salud\/","url":"https:\/\/ibecbarcelona.eu\/es\/tres-investigadores-del-ibec-seleccionados-en-la-convocatoria-caixa-research-2024-para-liderar-proyectos-de-investigacion-en-salud\/","name":"Tres investigadores del IBEC seleccionados en la convocatoria Caixa Research 2024 para liderar proyectos de investigaci\u00f3n en salud - Institute for Bioengineering of Catalonia","isPartOf":{"@id":"https:\/\/ibecbarcelona.eu\/#website"},"primaryImageOfPage":{"@id":"https:\/\/ibecbarcelona.eu\/es\/tres-investigadores-del-ibec-seleccionados-en-la-convocatoria-caixa-research-2024-para-liderar-proyectos-de-investigacion-en-salud\/#primaryimage"},"image":{"@id":"https:\/\/ibecbarcelona.eu\/es\/tres-investigadores-del-ibec-seleccionados-en-la-convocatoria-caixa-research-2024-para-liderar-proyectos-de-investigacion-en-salud\/#primaryimage"},"thumbnailUrl":"https:\/\/ibecbarcelona.eu\/wp-content\/uploads\/2024\/11\/Diseno-sin-titulo-14-1024x576.png","datePublished":"2024-11-13T15:31:02+00:00","dateModified":"2024-11-13T15:42:45+00:00","breadcrumb":{"@id":"https:\/\/ibecbarcelona.eu\/es\/tres-investigadores-del-ibec-seleccionados-en-la-convocatoria-caixa-research-2024-para-liderar-proyectos-de-investigacion-en-salud\/#breadcrumb"},"inLanguage":"es","potentialAction":[{"@type":"ReadAction","target":["https:\/\/ibecbarcelona.eu\/es\/tres-investigadores-del-ibec-seleccionados-en-la-convocatoria-caixa-research-2024-para-liderar-proyectos-de-investigacion-en-salud\/"]}]},{"@type":"ImageObject","inLanguage":"es","@id":"https:\/\/ibecbarcelona.eu\/es\/tres-investigadores-del-ibec-seleccionados-en-la-convocatoria-caixa-research-2024-para-liderar-proyectos-de-investigacion-en-salud\/#primaryimage","url":"https:\/\/ibecbarcelona.eu\/wp-content\/uploads\/2024\/11\/Diseno-sin-titulo-14-1024x576.png","contentUrl":"https:\/\/ibecbarcelona.eu\/wp-content\/uploads\/2024\/11\/Diseno-sin-titulo-14-1024x576.png"},{"@type":"BreadcrumbList","@id":"https:\/\/ibecbarcelona.eu\/es\/tres-investigadores-del-ibec-seleccionados-en-la-convocatoria-caixa-research-2024-para-liderar-proyectos-de-investigacion-en-salud\/#breadcrumb","itemListElement":[{"@type":"ListItem","position":1,"name":"Home","item":"https:\/\/ibecbarcelona.eu\/es\/"},{"@type":"ListItem","position":2,"name":"Tres investigadores del IBEC seleccionados en la convocatoria Caixa Research 2024 para liderar proyectos de investigaci\u00f3n en salud"}]},{"@type":"WebSite","@id":"https:\/\/ibecbarcelona.eu\/#website","url":"https:\/\/ibecbarcelona.eu\/","name":"Institute for Bioengineering of Catalonia","description":"Bioengineering solutions for health","publisher":{"@id":"https:\/\/ibecbarcelona.eu\/#organization"},"potentialAction":[{"@type":"SearchAction","target":{"@type":"EntryPoint","urlTemplate":"https:\/\/ibecbarcelona.eu\/?s={search_term_string}"},"query-input":{"@type":"PropertyValueSpecification","valueRequired":true,"valueName":"search_term_string"}}],"inLanguage":"es"},{"@type":"Organization","@id":"https:\/\/ibecbarcelona.eu\/#organization","name":"Institute for Bioengineering of Catalonia","url":"https:\/\/ibecbarcelona.eu\/","logo":{"@type":"ImageObject","inLanguage":"es","@id":"https:\/\/ibecbarcelona.eu\/#\/schema\/logo\/image\/","url":"https:\/\/ibecbarcelona.eu\/wp-content\/uploads\/2026\/01\/cropped-IBEC_20ANYS_GRIS.png","contentUrl":"https:\/\/ibecbarcelona.eu\/wp-content\/uploads\/2026\/01\/cropped-IBEC_20ANYS_GRIS.png","width":696,"height":257,"caption":"Institute for Bioengineering of Catalonia"},"image":{"@id":"https:\/\/ibecbarcelona.eu\/#\/schema\/logo\/image\/"}},{"@type":"Person","@id":"https:\/\/ibecbarcelona.eu\/#\/schema\/person\/d3a158b8d448000777023ca1e3d71d34","name":"Sarah Moreira","image":{"@type":"ImageObject","inLanguage":"es","@id":"https:\/\/secure.gravatar.com\/avatar\/37385a1f83bdef106d1b89522da4c620ee48ba2eb0662dbc73ba05b7f3fbdf89?s=96&d=mm&r=g","url":"https:\/\/secure.gravatar.com\/avatar\/37385a1f83bdef106d1b89522da4c620ee48ba2eb0662dbc73ba05b7f3fbdf89?s=96&d=mm&r=g","contentUrl":"https:\/\/secure.gravatar.com\/avatar\/37385a1f83bdef106d1b89522da4c620ee48ba2eb0662dbc73ba05b7f3fbdf89?s=96&d=mm&r=g","caption":"Sarah Moreira"},"url":"https:\/\/ibecbarcelona.eu\/es\/author\/smoreira\/"}]}},"AFP_featured_media_urls":{"full":false,"thumbnail":false,"medium":false,"medium_large":false,"large":false},"AFP_attachments":{"full":["https:\/\/ibecbarcelona.eu\/wp-content\/uploads\/2024\/11\/Diseno-sin-titulo-14.png",1200,675,false],"thumbnail":["https:\/\/ibecbarcelona.eu\/wp-content\/uploads\/2024\/11\/Diseno-sin-titulo-14-150x150.png",150,150,true],"medium":["https:\/\/ibecbarcelona.eu\/wp-content\/uploads\/2024\/11\/Diseno-sin-titulo-14-300x169.png",300,169,true],"medium_large":["https:\/\/ibecbarcelona.eu\/wp-content\/uploads\/2024\/11\/Diseno-sin-titulo-14-768x432.png",768,432,true],"large":["https:\/\/ibecbarcelona.eu\/wp-content\/uploads\/2024\/11\/Diseno-sin-titulo-14-1024x576.png",1024,576,true]},"AFP_videos":[],"AFP_video_blocks":"","AFP_category_names":["Noticias institucionales"],"_links":{"self":[{"href":"https:\/\/ibecbarcelona.eu\/es\/wp-json\/wp\/v2\/posts\/121488","targetHints":{"allow":["GET"]}}],"collection":[{"href":"https:\/\/ibecbarcelona.eu\/es\/wp-json\/wp\/v2\/posts"}],"about":[{"href":"https:\/\/ibecbarcelona.eu\/es\/wp-json\/wp\/v2\/types\/post"}],"author":[{"embeddable":true,"href":"https:\/\/ibecbarcelona.eu\/es\/wp-json\/wp\/v2\/users\/37"}],"replies":[{"embeddable":true,"href":"https:\/\/ibecbarcelona.eu\/es\/wp-json\/wp\/v2\/comments?post=121488"}],"version-history":[{"count":4,"href":"https:\/\/ibecbarcelona.eu\/es\/wp-json\/wp\/v2\/posts\/121488\/revisions"}],"predecessor-version":[{"id":121517,"href":"https:\/\/ibecbarcelona.eu\/es\/wp-json\/wp\/v2\/posts\/121488\/revisions\/121517"}],"wp:attachment":[{"href":"https:\/\/ibecbarcelona.eu\/es\/wp-json\/wp\/v2\/media?parent=121488"}],"wp:term":[{"taxonomy":"category","embeddable":true,"href":"https:\/\/ibecbarcelona.eu\/es\/wp-json\/wp\/v2\/categories?post=121488"},{"taxonomy":"post_tag","embeddable":true,"href":"https:\/\/ibecbarcelona.eu\/es\/wp-json\/wp\/v2\/tags?post=121488"},{"taxonomy":"post_format","embeddable":true,"href":"https:\/\/ibecbarcelona.eu\/es\/wp-json\/wp\/v2\/post_formats?post=121488"}],"curies":[{"name":"wp","href":"https:\/\/api.w.org\/{rel}","templated":true}]}}