
{"id":121582,"date":"2024-11-18T15:26:38","date_gmt":"2024-11-18T14:26:38","guid":{"rendered":"https:\/\/ibecbarcelona.eu\/ibecs-transdisciplinary-projects-at-the-starts-symposium-on-art-science-and-technology\/"},"modified":"2024-11-18T15:29:23","modified_gmt":"2024-11-18T14:29:23","slug":"ibecs-transdisciplinary-projects-at-the-starts-symposium-on-art-science-and-technology","status":"publish","type":"post","link":"https:\/\/ibecbarcelona.eu\/es\/los-proyectos-transdisciplinarios-del-ibec-en-el-simposio-s-t-arts-de-arte%2C-ciencia-y-tecnologia","title":{"rendered":"Los proyectos transdisciplinarios del IBEC en el Simposio S+T+ARTS de arte, ciencia y tecnolog\u00eda"},"content":{"rendered":"\n<p><strong>El 29 y 30 de octubre se celebr\u00f3 el Simposio S+T+ARTS: Explorando las intersecciones de las Artes, Ciencia, tecnolog\u00eda y Sociedad como catalizadores para el cambio. All\u00ed, Teresa Sanchis, responsable de estrategia del IBEC, tuvo la oportunidad de explicar el programa de Arte y Ciencia del instituto adem\u00e1s de discutir sobre la importancia de mediadores y m\u00e9tricas efectivas para medir el impacto de proyectos que fusionan creatividad e innovaci\u00f3n cient\u00edfica.<\/strong><\/p>\n\n\n\n<figure class=\"wp-block-image size-large\"><img decoding=\"async\" width=\"1024\" height=\"576\" data-src=\"https:\/\/ibecbarcelona.eu\/wp-content\/uploads\/2024\/11\/TSanchis_edit-1024x576.jpg\" alt=\"\" class=\"wp-image-121565 lazyload\" data-srcset=\"https:\/\/ibecbarcelona.eu\/wp-content\/uploads\/2024\/11\/TSanchis_edit-1024x576.jpg 1024w, https:\/\/ibecbarcelona.eu\/wp-content\/uploads\/2024\/11\/TSanchis_edit-300x169.jpg 300w, https:\/\/ibecbarcelona.eu\/wp-content\/uploads\/2024\/11\/TSanchis_edit-768x432.jpg 768w, https:\/\/ibecbarcelona.eu\/wp-content\/uploads\/2024\/11\/TSanchis_edit-1536x864.jpg 1536w, https:\/\/ibecbarcelona.eu\/wp-content\/uploads\/2024\/11\/TSanchis_edit.jpg 2048w\" data-sizes=\"(max-width: 1024px) 100vw, 1024px\" src=\"data:image\/svg+xml;base64,PHN2ZyB3aWR0aD0iMSIgaGVpZ2h0PSIxIiB4bWxucz0iaHR0cDovL3d3dy53My5vcmcvMjAwMC9zdmciPjwvc3ZnPg==\" style=\"--smush-placeholder-width: 1024px; --smush-placeholder-aspect-ratio: 1024\/576;\" \/><figcaption class=\"wp-element-caption\">Teresa Sanchis<\/figcaption><\/figure>\n\n\n\n<p>Cada vez m\u00e1s instituciones y expertos coinciden en que la colaboraci\u00f3n entre arte y ciencia no solo es enriquecedora, sino esencial para afrontar los desaf\u00edos de una sociedad en constante transformaci\u00f3n. Este creciente inter\u00e9s qued\u00f3 patente en el Simposio S+T+ARTS, celebrado el 29 y 30 de octubre en la Universitat Oberta de Catalunya (UOC), donde se reunieron especialistas internacionales para reflexionar sobre los desaf\u00edos y oportunidades que surgen en la evaluaci\u00f3n del impacto de proyectos transdisciplinarios.<\/p>\n\n\n\n<p>Teresa Sanchis, Responsable de Estrategia del Instituto de Bioingenier\u00eda de Catalu\u00f1a (IBEC), fue una de las ponentes en este simposio. Durante el panel titulado \u00abConfrontando Valores y Medidas en Proyectos y Pol\u00edticas\u00bb, Sanchis destac\u00f3 la importancia de contar con mediadores que puedan facilitar la comunicaci\u00f3n entre campos diversos. \u00abNecesitamos mediadores que ayuden a comunicar entre disciplinas,\u00bb subray\u00f3 Sanchis, aludiendo a la complejidad de desarrollar m\u00e9tricas que reflejen fielmente el impacto de los proyectos que fusionan arte, ciencia y tecnolog\u00eda.<\/p>\n\n\n\n<p>Sanchis tuvo la oportunidad de explicar el programa \u201cArte y Ciencia\u201d del IBEC, a trav\u00e9s del cual se fomentan diversos aspectos. Por un lado, la colaboraci\u00f3n entre artistas y cient\u00edficos para abordar tem\u00e1ticas relacionadas con la bioingenier\u00eda y la condici\u00f3n humana. Por el otro, la b\u00fasqueda de espacios diferentes donde trasladar la actividad y los resultados de la investigaci\u00f3n del instituto a lugares aparentemente disociados de la actividad cient\u00edfica, como podr\u00edan ser museos, festivales y\/o galer\u00edas de arte. Adem\u00e1s, Sanchis mencion\u00f3 que, si bien se ha avanzado en la creaci\u00f3n de alianzas o colaboraciones, persisten a\u00fan retos importantes en cuanto a la medici\u00f3n y comunicaci\u00f3n de los resultados de impacto. \u00abEstamos aprendiendo a medir y comunicar nuestro impacto de manera efectiva,\u00bb afirm\u00f3 Sanchis.<\/p>\n\n\n\n<p>As\u00ed pues, el Simposio S+T+ARTS fue una oportunidad para que el IBEC presentara sus iniciativas en un espacio de di\u00e1logo y conocimiento compartido, clavea la hora de perseguir la sinergia entre arte, ciencia y tecnolog\u00eda.<\/p>\n\n\n\n<figure class=\"wp-block-gallery has-nested-images columns-default is-cropped wp-block-gallery-1 is-layout-flex wp-block-gallery-is-layout-flex\">\n<figure class=\"wp-block-image size-large\"><img decoding=\"async\" width=\"1024\" height=\"814\" data-id=\"121570\" data-src=\"https:\/\/ibecbarcelona.eu\/wp-content\/uploads\/2024\/11\/WhatsApp-Image-2024-10-29-at-16.10.15-1024x814.jpeg\" alt=\"\" class=\"wp-image-121570 lazyload\" data-srcset=\"https:\/\/ibecbarcelona.eu\/wp-content\/uploads\/2024\/11\/WhatsApp-Image-2024-10-29-at-16.10.15-1024x814.jpeg 1024w, https:\/\/ibecbarcelona.eu\/wp-content\/uploads\/2024\/11\/WhatsApp-Image-2024-10-29-at-16.10.15-300x238.jpeg 300w, https:\/\/ibecbarcelona.eu\/wp-content\/uploads\/2024\/11\/WhatsApp-Image-2024-10-29-at-16.10.15-768x610.jpeg 768w, https:\/\/ibecbarcelona.eu\/wp-content\/uploads\/2024\/11\/WhatsApp-Image-2024-10-29-at-16.10.15-1536x1220.jpeg 1536w, https:\/\/ibecbarcelona.eu\/wp-content\/uploads\/2024\/11\/WhatsApp-Image-2024-10-29-at-16.10.15.jpeg 1923w\" data-sizes=\"(max-width: 1024px) 100vw, 1024px\" src=\"data:image\/svg+xml;base64,PHN2ZyB3aWR0aD0iMSIgaGVpZ2h0PSIxIiB4bWxucz0iaHR0cDovL3d3dy53My5vcmcvMjAwMC9zdmciPjwvc3ZnPg==\" style=\"--smush-placeholder-width: 1024px; --smush-placeholder-aspect-ratio: 1024\/814;\" \/><\/figure>\n\n\n\n<figure class=\"wp-block-image size-large\"><img decoding=\"async\" width=\"1024\" height=\"920\" data-id=\"121575\" data-src=\"https:\/\/ibecbarcelona.eu\/wp-content\/uploads\/2024\/11\/WhatsApp-Image-2024-10-29-at-16.10.14-1024x920.jpeg\" alt=\"\" class=\"wp-image-121575 lazyload\" data-srcset=\"https:\/\/ibecbarcelona.eu\/wp-content\/uploads\/2024\/11\/WhatsApp-Image-2024-10-29-at-16.10.14-1024x920.jpeg 1024w, https:\/\/ibecbarcelona.eu\/wp-content\/uploads\/2024\/11\/WhatsApp-Image-2024-10-29-at-16.10.14-300x270.jpeg 300w, https:\/\/ibecbarcelona.eu\/wp-content\/uploads\/2024\/11\/WhatsApp-Image-2024-10-29-at-16.10.14-768x690.jpeg 768w, https:\/\/ibecbarcelona.eu\/wp-content\/uploads\/2024\/11\/WhatsApp-Image-2024-10-29-at-16.10.14-1536x1381.jpeg 1536w, https:\/\/ibecbarcelona.eu\/wp-content\/uploads\/2024\/11\/WhatsApp-Image-2024-10-29-at-16.10.14.jpeg 1929w\" data-sizes=\"(max-width: 1024px) 100vw, 1024px\" src=\"data:image\/svg+xml;base64,PHN2ZyB3aWR0aD0iMSIgaGVpZ2h0PSIxIiB4bWxucz0iaHR0cDovL3d3dy53My5vcmcvMjAwMC9zdmciPjwvc3ZnPg==\" style=\"--smush-placeholder-width: 1024px; --smush-placeholder-aspect-ratio: 1024\/920;\" \/><\/figure>\n\n\n\n<figure class=\"wp-block-image size-large\"><img decoding=\"async\" width=\"1024\" height=\"573\" data-id=\"121573\" data-src=\"https:\/\/ibecbarcelona.eu\/wp-content\/uploads\/2024\/11\/WhatsApp-Image-2024-10-29-at-16.10.15-1-1024x573.jpeg\" alt=\"\" class=\"wp-image-121573 lazyload\" data-srcset=\"https:\/\/ibecbarcelona.eu\/wp-content\/uploads\/2024\/11\/WhatsApp-Image-2024-10-29-at-16.10.15-1-1024x573.jpeg 1024w, https:\/\/ibecbarcelona.eu\/wp-content\/uploads\/2024\/11\/WhatsApp-Image-2024-10-29-at-16.10.15-1-300x168.jpeg 300w, https:\/\/ibecbarcelona.eu\/wp-content\/uploads\/2024\/11\/WhatsApp-Image-2024-10-29-at-16.10.15-1-768x430.jpeg 768w, https:\/\/ibecbarcelona.eu\/wp-content\/uploads\/2024\/11\/WhatsApp-Image-2024-10-29-at-16.10.15-1-1536x860.jpeg 1536w, https:\/\/ibecbarcelona.eu\/wp-content\/uploads\/2024\/11\/WhatsApp-Image-2024-10-29-at-16.10.15-1.jpeg 2048w\" data-sizes=\"(max-width: 1024px) 100vw, 1024px\" src=\"data:image\/svg+xml;base64,PHN2ZyB3aWR0aD0iMSIgaGVpZ2h0PSIxIiB4bWxucz0iaHR0cDovL3d3dy53My5vcmcvMjAwMC9zdmciPjwvc3ZnPg==\" style=\"--smush-placeholder-width: 1024px; --smush-placeholder-aspect-ratio: 1024\/573;\" \/><\/figure>\n<\/figure>\n","protected":false},"excerpt":{"rendered":"<p>El 29 y 30 de octubre se celebr\u00f3 el Simposio S+T+ARTS: Explorando las intersecciones de las Artes, Ciencia, tecnolog\u00eda y Sociedad como catalizadores para el cambio. All\u00ed, Teresa Sanchis, responsable de estrategia del IBEC, tuvo la oportunidad de explicar el programa de Arte y Ciencia del instituto adem\u00e1s de discutir sobre la importancia de mediadores y m\u00e9tricas efectivas para medir el impacto de proyectos que fusionan creatividad e innovaci\u00f3n cient\u00edfica.<\/p>\n","protected":false},"author":37,"featured_media":121567,"comment_status":"closed","ping_status":"closed","sticky":false,"template":"","format":"standard","meta":{"footnotes":""},"categories":[94],"tags":[1799],"post_formats":[],"class_list":["post-121582","post","type-post","status-publish","format-standard","has-post-thumbnail","hentry","category-noticias-institucionales","tag-ciencia-y-arte"],"yoast_head":"<!-- This site is optimized with the Yoast SEO plugin v27.5 - https:\/\/yoast.com\/product\/yoast-seo-wordpress\/ -->\n<title>Los proyectos transdisciplinarios del IBEC en el Simposio S+T+ARTS de arte, ciencia y tecnolog\u00eda - Institute for Bioengineering of Catalonia<\/title>\n<meta name=\"robots\" content=\"index, follow, max-snippet:-1, max-image-preview:large, max-video-preview:-1\" \/>\n<link rel=\"canonical\" href=\"https:\/\/ibecbarcelona.eu\/es\/los-proyectos-transdisciplinarios-del-ibec-en-el-simposio-s-t-arts-de-arte,-ciencia-y-tecnologia\/\" \/>\n<meta property=\"og:locale\" content=\"es_ES\" \/>\n<meta property=\"og:type\" content=\"article\" \/>\n<meta property=\"og:title\" content=\"Los proyectos transdisciplinarios del IBEC en el Simposio S+T+ARTS de arte, ciencia y tecnolog\u00eda - Institute for Bioengineering of Catalonia\" \/>\n<meta property=\"og:description\" content=\"El 29 y 30 de octubre se celebr\u00f3 el Simposio S+T+ARTS: Explorando las intersecciones de las Artes, Ciencia, tecnolog\u00eda y Sociedad como catalizadores para el cambio. All\u00ed, Teresa Sanchis, responsable de estrategia del IBEC, tuvo la oportunidad de explicar el programa de Arte y Ciencia del instituto adem\u00e1s de discutir sobre la importancia de mediadores y m\u00e9tricas efectivas para medir el impacto de proyectos que fusionan creatividad e innovaci\u00f3n cient\u00edfica.\" \/>\n<meta property=\"og:url\" content=\"https:\/\/ibecbarcelona.eu\/es\/los-proyectos-transdisciplinarios-del-ibec-en-el-simposio-s-t-arts-de-arte,-ciencia-y-tecnologia\/\" \/>\n<meta property=\"og:site_name\" content=\"Institute for Bioengineering of Catalonia\" \/>\n<meta property=\"article:published_time\" content=\"2024-11-18T14:26:38+00:00\" \/>\n<meta property=\"article:modified_time\" content=\"2024-11-18T14:29:23+00:00\" \/>\n<meta property=\"og:image\" content=\"https:\/\/ibecbarcelona.eu\/wp-content\/uploads\/2024\/11\/TSanchis_edit.jpg\" \/>\n\t<meta property=\"og:image:width\" content=\"2048\" \/>\n\t<meta property=\"og:image:height\" content=\"1152\" \/>\n\t<meta property=\"og:image:type\" content=\"image\/jpeg\" \/>\n<meta name=\"author\" content=\"Sarah Moreira\" \/>\n<meta name=\"twitter:card\" content=\"summary_large_image\" \/>\n<meta name=\"twitter:label1\" content=\"Escrito por\" \/>\n\t<meta name=\"twitter:data1\" content=\"Sarah Moreira\" \/>\n\t<meta name=\"twitter:label2\" content=\"Tiempo de lectura\" \/>\n\t<meta name=\"twitter:data2\" content=\"3 minutos\" \/>\n<script type=\"application\/ld+json\" class=\"yoast-schema-graph\">{\"@context\":\"https:\\\/\\\/schema.org\",\"@graph\":[{\"@type\":\"Article\",\"@id\":\"https:\\\/\\\/ibecbarcelona.eu\\\/es\\\/los-proyectos-transdisciplinarios-del-ibec-en-el-simposio-s-t-arts-de-arte%2C-ciencia-y-tecnologia\\\/#article\",\"isPartOf\":{\"@id\":\"https:\\\/\\\/ibecbarcelona.eu\\\/es\\\/los-proyectos-transdisciplinarios-del-ibec-en-el-simposio-s-t-arts-de-arte%2C-ciencia-y-tecnologia\\\/\"},\"author\":{\"name\":\"Sarah Moreira\",\"@id\":\"https:\\\/\\\/ibecbarcelona.eu\\\/#\\\/schema\\\/person\\\/d3a158b8d448000777023ca1e3d71d34\"},\"headline\":\"Los proyectos transdisciplinarios del IBEC en el Simposio S+T+ARTS de arte, ciencia y tecnolog\u00eda\",\"datePublished\":\"2024-11-18T14:26:38+00:00\",\"dateModified\":\"2024-11-18T14:29:23+00:00\",\"mainEntityOfPage\":{\"@id\":\"https:\\\/\\\/ibecbarcelona.eu\\\/es\\\/los-proyectos-transdisciplinarios-del-ibec-en-el-simposio-s-t-arts-de-arte%2C-ciencia-y-tecnologia\\\/\"},\"wordCount\":441,\"publisher\":{\"@id\":\"https:\\\/\\\/ibecbarcelona.eu\\\/#organization\"},\"image\":{\"@id\":\"https:\\\/\\\/ibecbarcelona.eu\\\/es\\\/los-proyectos-transdisciplinarios-del-ibec-en-el-simposio-s-t-arts-de-arte%2C-ciencia-y-tecnologia\\\/#primaryimage\"},\"thumbnailUrl\":\"https:\\\/\\\/ibecbarcelona.eu\\\/wp-content\\\/uploads\\\/2024\\\/11\\\/TSanchis_edit.jpg\",\"keywords\":[\"Ciencia y Arte\"],\"articleSection\":[\"Noticias institucionales\"],\"inLanguage\":\"es\"},{\"@type\":\"WebPage\",\"@id\":\"https:\\\/\\\/ibecbarcelona.eu\\\/es\\\/los-proyectos-transdisciplinarios-del-ibec-en-el-simposio-s-t-arts-de-arte%2C-ciencia-y-tecnologia\\\/\",\"url\":\"https:\\\/\\\/ibecbarcelona.eu\\\/es\\\/los-proyectos-transdisciplinarios-del-ibec-en-el-simposio-s-t-arts-de-arte%2C-ciencia-y-tecnologia\\\/\",\"name\":\"Los proyectos transdisciplinarios del IBEC en el Simposio S+T+ARTS de arte, ciencia y tecnolog\u00eda - Institute for Bioengineering of Catalonia\",\"isPartOf\":{\"@id\":\"https:\\\/\\\/ibecbarcelona.eu\\\/#website\"},\"primaryImageOfPage\":{\"@id\":\"https:\\\/\\\/ibecbarcelona.eu\\\/es\\\/los-proyectos-transdisciplinarios-del-ibec-en-el-simposio-s-t-arts-de-arte%2C-ciencia-y-tecnologia\\\/#primaryimage\"},\"image\":{\"@id\":\"https:\\\/\\\/ibecbarcelona.eu\\\/es\\\/los-proyectos-transdisciplinarios-del-ibec-en-el-simposio-s-t-arts-de-arte%2C-ciencia-y-tecnologia\\\/#primaryimage\"},\"thumbnailUrl\":\"https:\\\/\\\/ibecbarcelona.eu\\\/wp-content\\\/uploads\\\/2024\\\/11\\\/TSanchis_edit.jpg\",\"datePublished\":\"2024-11-18T14:26:38+00:00\",\"dateModified\":\"2024-11-18T14:29:23+00:00\",\"breadcrumb\":{\"@id\":\"https:\\\/\\\/ibecbarcelona.eu\\\/es\\\/los-proyectos-transdisciplinarios-del-ibec-en-el-simposio-s-t-arts-de-arte%2C-ciencia-y-tecnologia\\\/#breadcrumb\"},\"inLanguage\":\"es\",\"potentialAction\":[{\"@type\":\"ReadAction\",\"target\":[\"https:\\\/\\\/ibecbarcelona.eu\\\/es\\\/los-proyectos-transdisciplinarios-del-ibec-en-el-simposio-s-t-arts-de-arte%2C-ciencia-y-tecnologia\\\/\"]}]},{\"@type\":\"ImageObject\",\"inLanguage\":\"es\",\"@id\":\"https:\\\/\\\/ibecbarcelona.eu\\\/es\\\/los-proyectos-transdisciplinarios-del-ibec-en-el-simposio-s-t-arts-de-arte%2C-ciencia-y-tecnologia\\\/#primaryimage\",\"url\":\"https:\\\/\\\/ibecbarcelona.eu\\\/wp-content\\\/uploads\\\/2024\\\/11\\\/TSanchis_edit.jpg\",\"contentUrl\":\"https:\\\/\\\/ibecbarcelona.eu\\\/wp-content\\\/uploads\\\/2024\\\/11\\\/TSanchis_edit.jpg\",\"width\":2048,\"height\":1152},{\"@type\":\"BreadcrumbList\",\"@id\":\"https:\\\/\\\/ibecbarcelona.eu\\\/es\\\/los-proyectos-transdisciplinarios-del-ibec-en-el-simposio-s-t-arts-de-arte%2C-ciencia-y-tecnologia\\\/#breadcrumb\",\"itemListElement\":[{\"@type\":\"ListItem\",\"position\":1,\"name\":\"Home\",\"item\":\"https:\\\/\\\/ibecbarcelona.eu\\\/es\\\/\"},{\"@type\":\"ListItem\",\"position\":2,\"name\":\"Los proyectos transdisciplinarios del IBEC en el Simposio S+T+ARTS de arte, ciencia y tecnolog\u00eda\"}]},{\"@type\":\"WebSite\",\"@id\":\"https:\\\/\\\/ibecbarcelona.eu\\\/#website\",\"url\":\"https:\\\/\\\/ibecbarcelona.eu\\\/\",\"name\":\"Institute for Bioengineering of Catalonia\",\"description\":\"Bioengineering solutions for health\",\"publisher\":{\"@id\":\"https:\\\/\\\/ibecbarcelona.eu\\\/#organization\"},\"potentialAction\":[{\"@type\":\"SearchAction\",\"target\":{\"@type\":\"EntryPoint\",\"urlTemplate\":\"https:\\\/\\\/ibecbarcelona.eu\\\/?s={search_term_string}\"},\"query-input\":{\"@type\":\"PropertyValueSpecification\",\"valueRequired\":true,\"valueName\":\"search_term_string\"}}],\"inLanguage\":\"es\"},{\"@type\":\"Organization\",\"@id\":\"https:\\\/\\\/ibecbarcelona.eu\\\/#organization\",\"name\":\"Institute for Bioengineering of Catalonia\",\"url\":\"https:\\\/\\\/ibecbarcelona.eu\\\/\",\"logo\":{\"@type\":\"ImageObject\",\"inLanguage\":\"es\",\"@id\":\"https:\\\/\\\/ibecbarcelona.eu\\\/#\\\/schema\\\/logo\\\/image\\\/\",\"url\":\"https:\\\/\\\/ibecbarcelona.eu\\\/wp-content\\\/uploads\\\/2026\\\/01\\\/cropped-IBEC_20ANYS_GRIS.png\",\"contentUrl\":\"https:\\\/\\\/ibecbarcelona.eu\\\/wp-content\\\/uploads\\\/2026\\\/01\\\/cropped-IBEC_20ANYS_GRIS.png\",\"width\":696,\"height\":257,\"caption\":\"Institute for Bioengineering of Catalonia\"},\"image\":{\"@id\":\"https:\\\/\\\/ibecbarcelona.eu\\\/#\\\/schema\\\/logo\\\/image\\\/\"}},{\"@type\":\"Person\",\"@id\":\"https:\\\/\\\/ibecbarcelona.eu\\\/#\\\/schema\\\/person\\\/d3a158b8d448000777023ca1e3d71d34\",\"name\":\"Sarah Moreira\",\"image\":{\"@type\":\"ImageObject\",\"inLanguage\":\"es\",\"@id\":\"https:\\\/\\\/secure.gravatar.com\\\/avatar\\\/37385a1f83bdef106d1b89522da4c620ee48ba2eb0662dbc73ba05b7f3fbdf89?s=96&d=mm&r=g\",\"url\":\"https:\\\/\\\/secure.gravatar.com\\\/avatar\\\/37385a1f83bdef106d1b89522da4c620ee48ba2eb0662dbc73ba05b7f3fbdf89?s=96&d=mm&r=g\",\"contentUrl\":\"https:\\\/\\\/secure.gravatar.com\\\/avatar\\\/37385a1f83bdef106d1b89522da4c620ee48ba2eb0662dbc73ba05b7f3fbdf89?s=96&d=mm&r=g\",\"caption\":\"Sarah Moreira\"},\"url\":\"https:\\\/\\\/ibecbarcelona.eu\\\/es\\\/author\\\/smoreira\\\/\"}]}<\/script>\n<!-- \/ Yoast SEO plugin. -->","yoast_head_json":{"title":"Los proyectos transdisciplinarios del IBEC en el Simposio S+T+ARTS de arte, ciencia y tecnolog\u00eda - Institute for Bioengineering of Catalonia","robots":{"index":"index","follow":"follow","max-snippet":"max-snippet:-1","max-image-preview":"max-image-preview:large","max-video-preview":"max-video-preview:-1"},"canonical":"https:\/\/ibecbarcelona.eu\/es\/los-proyectos-transdisciplinarios-del-ibec-en-el-simposio-s-t-arts-de-arte,-ciencia-y-tecnologia\/","og_locale":"es_ES","og_type":"article","og_title":"Los proyectos transdisciplinarios del IBEC en el Simposio S+T+ARTS de arte, ciencia y tecnolog\u00eda - Institute for Bioengineering of Catalonia","og_description":"El 29 y 30 de octubre se celebr\u00f3 el Simposio S+T+ARTS: Explorando las intersecciones de las Artes, Ciencia, tecnolog\u00eda y Sociedad como catalizadores para el cambio. All\u00ed, Teresa Sanchis, responsable de estrategia del IBEC, tuvo la oportunidad de explicar el programa de Arte y Ciencia del instituto adem\u00e1s de discutir sobre la importancia de mediadores y m\u00e9tricas efectivas para medir el impacto de proyectos que fusionan creatividad e innovaci\u00f3n cient\u00edfica.","og_url":"https:\/\/ibecbarcelona.eu\/es\/los-proyectos-transdisciplinarios-del-ibec-en-el-simposio-s-t-arts-de-arte,-ciencia-y-tecnologia\/","og_site_name":"Institute for Bioengineering of Catalonia","article_published_time":"2024-11-18T14:26:38+00:00","article_modified_time":"2024-11-18T14:29:23+00:00","og_image":[{"width":2048,"height":1152,"url":"https:\/\/ibecbarcelona.eu\/wp-content\/uploads\/2024\/11\/TSanchis_edit.jpg","type":"image\/jpeg"}],"author":"Sarah Moreira","twitter_card":"summary_large_image","twitter_misc":{"Escrito por":"Sarah Moreira","Tiempo de lectura":"3 minutos"},"schema":{"@context":"https:\/\/schema.org","@graph":[{"@type":"Article","@id":"https:\/\/ibecbarcelona.eu\/es\/los-proyectos-transdisciplinarios-del-ibec-en-el-simposio-s-t-arts-de-arte%2C-ciencia-y-tecnologia\/#article","isPartOf":{"@id":"https:\/\/ibecbarcelona.eu\/es\/los-proyectos-transdisciplinarios-del-ibec-en-el-simposio-s-t-arts-de-arte%2C-ciencia-y-tecnologia\/"},"author":{"name":"Sarah Moreira","@id":"https:\/\/ibecbarcelona.eu\/#\/schema\/person\/d3a158b8d448000777023ca1e3d71d34"},"headline":"Los proyectos transdisciplinarios del IBEC en el Simposio S+T+ARTS de arte, ciencia y tecnolog\u00eda","datePublished":"2024-11-18T14:26:38+00:00","dateModified":"2024-11-18T14:29:23+00:00","mainEntityOfPage":{"@id":"https:\/\/ibecbarcelona.eu\/es\/los-proyectos-transdisciplinarios-del-ibec-en-el-simposio-s-t-arts-de-arte%2C-ciencia-y-tecnologia\/"},"wordCount":441,"publisher":{"@id":"https:\/\/ibecbarcelona.eu\/#organization"},"image":{"@id":"https:\/\/ibecbarcelona.eu\/es\/los-proyectos-transdisciplinarios-del-ibec-en-el-simposio-s-t-arts-de-arte%2C-ciencia-y-tecnologia\/#primaryimage"},"thumbnailUrl":"https:\/\/ibecbarcelona.eu\/wp-content\/uploads\/2024\/11\/TSanchis_edit.jpg","keywords":["Ciencia y Arte"],"articleSection":["Noticias institucionales"],"inLanguage":"es"},{"@type":"WebPage","@id":"https:\/\/ibecbarcelona.eu\/es\/los-proyectos-transdisciplinarios-del-ibec-en-el-simposio-s-t-arts-de-arte%2C-ciencia-y-tecnologia\/","url":"https:\/\/ibecbarcelona.eu\/es\/los-proyectos-transdisciplinarios-del-ibec-en-el-simposio-s-t-arts-de-arte%2C-ciencia-y-tecnologia\/","name":"Los proyectos transdisciplinarios del IBEC en el Simposio S+T+ARTS de arte, ciencia y tecnolog\u00eda - Institute for Bioengineering of Catalonia","isPartOf":{"@id":"https:\/\/ibecbarcelona.eu\/#website"},"primaryImageOfPage":{"@id":"https:\/\/ibecbarcelona.eu\/es\/los-proyectos-transdisciplinarios-del-ibec-en-el-simposio-s-t-arts-de-arte%2C-ciencia-y-tecnologia\/#primaryimage"},"image":{"@id":"https:\/\/ibecbarcelona.eu\/es\/los-proyectos-transdisciplinarios-del-ibec-en-el-simposio-s-t-arts-de-arte%2C-ciencia-y-tecnologia\/#primaryimage"},"thumbnailUrl":"https:\/\/ibecbarcelona.eu\/wp-content\/uploads\/2024\/11\/TSanchis_edit.jpg","datePublished":"2024-11-18T14:26:38+00:00","dateModified":"2024-11-18T14:29:23+00:00","breadcrumb":{"@id":"https:\/\/ibecbarcelona.eu\/es\/los-proyectos-transdisciplinarios-del-ibec-en-el-simposio-s-t-arts-de-arte%2C-ciencia-y-tecnologia\/#breadcrumb"},"inLanguage":"es","potentialAction":[{"@type":"ReadAction","target":["https:\/\/ibecbarcelona.eu\/es\/los-proyectos-transdisciplinarios-del-ibec-en-el-simposio-s-t-arts-de-arte%2C-ciencia-y-tecnologia\/"]}]},{"@type":"ImageObject","inLanguage":"es","@id":"https:\/\/ibecbarcelona.eu\/es\/los-proyectos-transdisciplinarios-del-ibec-en-el-simposio-s-t-arts-de-arte%2C-ciencia-y-tecnologia\/#primaryimage","url":"https:\/\/ibecbarcelona.eu\/wp-content\/uploads\/2024\/11\/TSanchis_edit.jpg","contentUrl":"https:\/\/ibecbarcelona.eu\/wp-content\/uploads\/2024\/11\/TSanchis_edit.jpg","width":2048,"height":1152},{"@type":"BreadcrumbList","@id":"https:\/\/ibecbarcelona.eu\/es\/los-proyectos-transdisciplinarios-del-ibec-en-el-simposio-s-t-arts-de-arte%2C-ciencia-y-tecnologia\/#breadcrumb","itemListElement":[{"@type":"ListItem","position":1,"name":"Home","item":"https:\/\/ibecbarcelona.eu\/es\/"},{"@type":"ListItem","position":2,"name":"Los proyectos transdisciplinarios del IBEC en el Simposio S+T+ARTS de arte, ciencia y tecnolog\u00eda"}]},{"@type":"WebSite","@id":"https:\/\/ibecbarcelona.eu\/#website","url":"https:\/\/ibecbarcelona.eu\/","name":"Institute for Bioengineering of Catalonia","description":"Bioengineering solutions for health","publisher":{"@id":"https:\/\/ibecbarcelona.eu\/#organization"},"potentialAction":[{"@type":"SearchAction","target":{"@type":"EntryPoint","urlTemplate":"https:\/\/ibecbarcelona.eu\/?s={search_term_string}"},"query-input":{"@type":"PropertyValueSpecification","valueRequired":true,"valueName":"search_term_string"}}],"inLanguage":"es"},{"@type":"Organization","@id":"https:\/\/ibecbarcelona.eu\/#organization","name":"Institute for Bioengineering of Catalonia","url":"https:\/\/ibecbarcelona.eu\/","logo":{"@type":"ImageObject","inLanguage":"es","@id":"https:\/\/ibecbarcelona.eu\/#\/schema\/logo\/image\/","url":"https:\/\/ibecbarcelona.eu\/wp-content\/uploads\/2026\/01\/cropped-IBEC_20ANYS_GRIS.png","contentUrl":"https:\/\/ibecbarcelona.eu\/wp-content\/uploads\/2026\/01\/cropped-IBEC_20ANYS_GRIS.png","width":696,"height":257,"caption":"Institute for Bioengineering of Catalonia"},"image":{"@id":"https:\/\/ibecbarcelona.eu\/#\/schema\/logo\/image\/"}},{"@type":"Person","@id":"https:\/\/ibecbarcelona.eu\/#\/schema\/person\/d3a158b8d448000777023ca1e3d71d34","name":"Sarah Moreira","image":{"@type":"ImageObject","inLanguage":"es","@id":"https:\/\/secure.gravatar.com\/avatar\/37385a1f83bdef106d1b89522da4c620ee48ba2eb0662dbc73ba05b7f3fbdf89?s=96&d=mm&r=g","url":"https:\/\/secure.gravatar.com\/avatar\/37385a1f83bdef106d1b89522da4c620ee48ba2eb0662dbc73ba05b7f3fbdf89?s=96&d=mm&r=g","contentUrl":"https:\/\/secure.gravatar.com\/avatar\/37385a1f83bdef106d1b89522da4c620ee48ba2eb0662dbc73ba05b7f3fbdf89?s=96&d=mm&r=g","caption":"Sarah Moreira"},"url":"https:\/\/ibecbarcelona.eu\/es\/author\/smoreira\/"}]}},"AFP_featured_media_urls":{"full":["https:\/\/ibecbarcelona.eu\/wp-content\/uploads\/2024\/11\/TSanchis_edit.jpg",2048,1152,false],"thumbnail":["https:\/\/ibecbarcelona.eu\/wp-content\/uploads\/2024\/11\/TSanchis_edit-150x150.jpg",150,150,true],"medium":["https:\/\/ibecbarcelona.eu\/wp-content\/uploads\/2024\/11\/TSanchis_edit-300x169.jpg",300,169,true],"medium_large":["https:\/\/ibecbarcelona.eu\/wp-content\/uploads\/2024\/11\/TSanchis_edit-768x432.jpg",768,432,true],"large":["https:\/\/ibecbarcelona.eu\/wp-content\/uploads\/2024\/11\/TSanchis_edit-1024x576.jpg",1024,576,true]},"AFP_attachments":{"full":["https:\/\/ibecbarcelona.eu\/wp-content\/uploads\/2024\/11\/TSanchis_edit.jpg",2048,1152,false],"thumbnail":["https:\/\/ibecbarcelona.eu\/wp-content\/uploads\/2024\/11\/TSanchis_edit-150x150.jpg",150,150,true],"medium":["https:\/\/ibecbarcelona.eu\/wp-content\/uploads\/2024\/11\/TSanchis_edit-300x169.jpg",300,169,true],"medium_large":["https:\/\/ibecbarcelona.eu\/wp-content\/uploads\/2024\/11\/TSanchis_edit-768x432.jpg",768,432,true],"large":["https:\/\/ibecbarcelona.eu\/wp-content\/uploads\/2024\/11\/TSanchis_edit-1024x576.jpg",1024,576,true]},"AFP_videos":[],"AFP_video_blocks":"","AFP_category_names":["Noticias institucionales"],"_links":{"self":[{"href":"https:\/\/ibecbarcelona.eu\/es\/wp-json\/wp\/v2\/posts\/121582","targetHints":{"allow":["GET"]}}],"collection":[{"href":"https:\/\/ibecbarcelona.eu\/es\/wp-json\/wp\/v2\/posts"}],"about":[{"href":"https:\/\/ibecbarcelona.eu\/es\/wp-json\/wp\/v2\/types\/post"}],"author":[{"embeddable":true,"href":"https:\/\/ibecbarcelona.eu\/es\/wp-json\/wp\/v2\/users\/37"}],"replies":[{"embeddable":true,"href":"https:\/\/ibecbarcelona.eu\/es\/wp-json\/wp\/v2\/comments?post=121582"}],"version-history":[{"count":2,"href":"https:\/\/ibecbarcelona.eu\/es\/wp-json\/wp\/v2\/posts\/121582\/revisions"}],"predecessor-version":[{"id":121587,"href":"https:\/\/ibecbarcelona.eu\/es\/wp-json\/wp\/v2\/posts\/121582\/revisions\/121587"}],"wp:featuredmedia":[{"embeddable":true,"href":"https:\/\/ibecbarcelona.eu\/es\/wp-json\/wp\/v2\/media\/121567"}],"wp:attachment":[{"href":"https:\/\/ibecbarcelona.eu\/es\/wp-json\/wp\/v2\/media?parent=121582"}],"wp:term":[{"taxonomy":"category","embeddable":true,"href":"https:\/\/ibecbarcelona.eu\/es\/wp-json\/wp\/v2\/categories?post=121582"},{"taxonomy":"post_tag","embeddable":true,"href":"https:\/\/ibecbarcelona.eu\/es\/wp-json\/wp\/v2\/tags?post=121582"},{"taxonomy":"post_format","embeddable":true,"href":"https:\/\/ibecbarcelona.eu\/es\/wp-json\/wp\/v2\/post_formats?post=121582"}],"curies":[{"name":"wp","href":"https:\/\/api.w.org\/{rel}","templated":true}]}}