
{"id":127772,"date":"2025-07-25T14:28:50","date_gmt":"2025-07-25T12:28:50","guid":{"rendered":"https:\/\/ibecbarcelona.eu\/ibec-and-ics-sign-framework-agreement-to-promote-biomedical-research-and-clinical-transfer\/"},"modified":"2025-07-25T14:58:41","modified_gmt":"2025-07-25T12:58:41","slug":"ibec-and-ics-sign-framework-agreement-to-promote-biomedical-research-and-clinical-transfer","status":"publish","type":"post","link":"https:\/\/ibecbarcelona.eu\/es\/el-ibec-y-el-ics-firman-un-acuerdo-marco-para-impulsar-la-investigacion-biomedica-y-la-transferencia-clinica","title":{"rendered":"El IBEC y el ICS firman un acuerdo marco para impulsar la investigaci\u00f3n biom\u00e9dica y la transferencia cl\u00ednica"},"content":{"rendered":"\n<p><strong>El Instituto de Bioingenier\u00eda de Catalunya (IBEC) y el Instituto Catal\u00e1n de la Salud (ICS) han firmado un acuerdo marco de colaboraci\u00f3n con el objetivo de promover acciones conjuntas en los \u00e1mbitos de la investigaci\u00f3n, la innovaci\u00f3n y la transferencia tecnol\u00f3gica en bioingenier\u00eda aplicada a la salud.<\/strong><\/p>\n\n\n\n<figure class=\"wp-block-image size-large\"><img decoding=\"async\" width=\"1024\" height=\"683\" data-src=\"https:\/\/ibecbarcelona.eu\/wp-content\/uploads\/2025\/07\/20250725_104850-Editada_low-1024x683.jpg\" alt=\"\" class=\"wp-image-127766 lazyload\" data-srcset=\"https:\/\/ibecbarcelona.eu\/wp-content\/uploads\/2025\/07\/20250725_104850-Editada_low-1024x683.jpg 1024w, https:\/\/ibecbarcelona.eu\/wp-content\/uploads\/2025\/07\/20250725_104850-Editada_low-300x200.jpg 300w, https:\/\/ibecbarcelona.eu\/wp-content\/uploads\/2025\/07\/20250725_104850-Editada_low-768x512.jpg 768w, https:\/\/ibecbarcelona.eu\/wp-content\/uploads\/2025\/07\/20250725_104850-Editada_low-600x400.jpg 600w, https:\/\/ibecbarcelona.eu\/wp-content\/uploads\/2025\/07\/20250725_104850-Editada_low.jpg 1200w\" data-sizes=\"(max-width: 1024px) 100vw, 1024px\" src=\"data:image\/svg+xml;base64,PHN2ZyB3aWR0aD0iMSIgaGVpZ2h0PSIxIiB4bWxucz0iaHR0cDovL3d3dy53My5vcmcvMjAwMC9zdmciPjwvc3ZnPg==\" style=\"--smush-placeholder-width: 1024px; --smush-placeholder-aspect-ratio: 1024\/683;\" \/><figcaption class=\"wp-element-caption\">De izquierda a derecha: Xavier Cos Claramunt, Francesc Iglesias Garc\u00eda, Josep Samitier Marti, Josep Pomar Reyn\u00e9s y Sergi Camacho.<\/figcaption><\/figure>\n\n\n\n<p>Hoy, 25 de julio, el <strong>Instituto de Bioingenier\u00eda de Catalunya (IBEC<\/strong>) y el <a href=\"https:\/\/ics.gencat.cat\/ca\/inici\"><strong>Instituto Catal\u00e1n de la Salud (ICS)<\/strong><\/a> han firmado un acuerdo marco de colaboraci\u00f3n con el objetivo de promover acciones conjuntas en los \u00e1mbitos de la investigaci\u00f3n, la innovaci\u00f3n y la transferencia tecnol\u00f3gica en bioingenier\u00eda aplicada a la salud.<\/p>\n\n\n\n<p>Con este convenio, ambas instituciones consolidan <strong>una alianza estrat\u00e9gica<\/strong> que facilitar\u00e1 el desarrollo de nuevos proyectos cient\u00edficos y tecnol\u00f3gicos orientados a mejorar la atenci\u00f3n sanitaria y la calidad de vida de los y las pacientes. Esta colaboraci\u00f3n permitir\u00e1 tambi\u00e9n identificar <strong>retos prioritarios del sistema de salud<\/strong>, compartir conocimientos y fomentar el intercambio de personal investigador y cl\u00ednico.<\/p>\n\n\n\n<p>El ICS, principal proveedor de servicios sanitarios de Catalunya, apuesta por un modelo de atenci\u00f3n centrado en las personas e integra la atenci\u00f3n primaria y hospitalaria. Adem\u00e1s, cuenta con una s\u00f3lida trayectoria en investigaci\u00f3n en salud, a trav\u00e9s de m\u00faltiples l\u00edneas de trabajo centradas en enfermedades cr\u00f3nicas, salud mental, medicina personalizada, salud p\u00fablica o enfermedades infecciosas, entre otras. Su red de colaboraci\u00f3n incluye centros de investigaci\u00f3n, universidades y organizaciones tanto nacionales como internacionales.<\/p>\n\n\n\n<p>Por su parte, el IBEC refuerza con este acuerdo su <strong>compromiso con las colaboraciones cl\u00ednicas<\/strong>, fundamentales para conectar la investigaci\u00f3n en bioingenier\u00eda con las necesidades reales del entorno sanitario. El instituto trabaja para generar conocimiento de excelencia i transferirlo en forma de soluciones innovadores que impacten positivamente en la sociedad.<\/p>\n\n\n\n<p>Este acuerdo marca un nuevo hito en la estrategia del IBEC para intensificar su conexi\u00f3n con el sistema de salud catal\u00e1n, en l\u00ednea con otras colaboraciones recientes con instituciones como el <a href=\"https:\/\/ibecbarcelona.eu\/es\/el-ibec-y-el-hospital-del-mar-formalizan-una-nueva-etapa-de-colaboracion\">Hospital del Mar<\/a>, el <a href=\"https:\/\/ibecbarcelona.eu\/es\/el-ibec-y-el-vhir-celebran-una-jornada-de-colaboracion-para-fomentar-las-sinergias\/\">Vall d\u2019Hebron Instituto de Investigaci\u00f3n (VHIR)<\/a> o el <a href=\"https:\/\/ibecbarcelona.eu\/es\/el-ibec-y-el-banc-de-sang-i-teixits-fortalecen-lazos-con-una-jornada-de-colaboracion-traslacional\/\">Banco de Sangre y Tejidos de Catalu\u00f1a<\/a>.<\/p>\n","protected":false},"excerpt":{"rendered":"<p>El Instituto de Bioingenier\u00eda de Catalunya (IBEC) y el Instituto Catal\u00e1n de la Salud (ICS) han firmado un acuerdo marco de colaboraci\u00f3n con el objetivo de promover acciones conjuntas en los \u00e1mbitos de la investigaci\u00f3n, la innovaci\u00f3n y la transferencia tecnol\u00f3gica en bioingenier\u00eda aplicada a la salud.<\/p>\n","protected":false},"author":37,"featured_media":127768,"comment_status":"closed","ping_status":"closed","sticky":false,"template":"","format":"standard","meta":{"footnotes":""},"categories":[94],"tags":[710],"post_formats":[],"class_list":["post-127772","post","type-post","status-publish","format-standard","has-post-thumbnail","hentry","category-noticias-institucionales","tag-colaboraciones-clinicas"],"yoast_head":"<!-- This site is optimized with the Yoast SEO plugin v27.5 - https:\/\/yoast.com\/product\/yoast-seo-wordpress\/ -->\n<title>El IBEC y el ICS firman un acuerdo marco para impulsar la investigaci\u00f3n biom\u00e9dica y la transferencia cl\u00ednica - Institute for Bioengineering of Catalonia<\/title>\n<meta name=\"robots\" content=\"index, follow, max-snippet:-1, max-image-preview:large, max-video-preview:-1\" \/>\n<link rel=\"canonical\" href=\"https:\/\/ibecbarcelona.eu\/es\/el-ibec-y-el-ics-firman-un-acuerdo-marco-para-impulsar-la-investigacion-biomedica-y-la-transferencia-clinica\/\" \/>\n<meta property=\"og:locale\" content=\"es_ES\" \/>\n<meta property=\"og:type\" content=\"article\" \/>\n<meta property=\"og:title\" content=\"El IBEC y el ICS firman un acuerdo marco para impulsar la investigaci\u00f3n biom\u00e9dica y la transferencia cl\u00ednica - Institute for Bioengineering of Catalonia\" \/>\n<meta property=\"og:description\" content=\"El Instituto de Bioingenier\u00eda de Catalunya (IBEC) y el Instituto Catal\u00e1n de la Salud (ICS) han firmado un acuerdo marco de colaboraci\u00f3n con el objetivo de promover acciones conjuntas en los \u00e1mbitos de la investigaci\u00f3n, la innovaci\u00f3n y la transferencia tecnol\u00f3gica en bioingenier\u00eda aplicada a la salud.\" \/>\n<meta property=\"og:url\" content=\"https:\/\/ibecbarcelona.eu\/es\/el-ibec-y-el-ics-firman-un-acuerdo-marco-para-impulsar-la-investigacion-biomedica-y-la-transferencia-clinica\/\" \/>\n<meta property=\"og:site_name\" content=\"Institute for Bioengineering of Catalonia\" \/>\n<meta property=\"article:published_time\" content=\"2025-07-25T12:28:50+00:00\" \/>\n<meta property=\"article:modified_time\" content=\"2025-07-25T12:58:41+00:00\" \/>\n<meta property=\"og:image\" content=\"https:\/\/ibecbarcelona.eu\/wp-content\/uploads\/2025\/07\/20250725_104850-Editada_low.jpg\" \/>\n\t<meta property=\"og:image:width\" content=\"1200\" \/>\n\t<meta property=\"og:image:height\" content=\"800\" \/>\n\t<meta property=\"og:image:type\" content=\"image\/jpeg\" \/>\n<meta name=\"author\" content=\"Sarah Moreira\" \/>\n<meta name=\"twitter:card\" content=\"summary_large_image\" \/>\n<meta name=\"twitter:label1\" content=\"Escrito por\" \/>\n\t<meta name=\"twitter:data1\" content=\"Sarah Moreira\" \/>\n\t<meta name=\"twitter:label2\" content=\"Tiempo de lectura\" \/>\n\t<meta name=\"twitter:data2\" content=\"2 minutos\" \/>\n<script type=\"application\/ld+json\" class=\"yoast-schema-graph\">{\"@context\":\"https:\\\/\\\/schema.org\",\"@graph\":[{\"@type\":\"Article\",\"@id\":\"https:\\\/\\\/ibecbarcelona.eu\\\/es\\\/el-ibec-y-el-ics-firman-un-acuerdo-marco-para-impulsar-la-investigacion-biomedica-y-la-transferencia-clinica\\\/#article\",\"isPartOf\":{\"@id\":\"https:\\\/\\\/ibecbarcelona.eu\\\/es\\\/el-ibec-y-el-ics-firman-un-acuerdo-marco-para-impulsar-la-investigacion-biomedica-y-la-transferencia-clinica\\\/\"},\"author\":{\"name\":\"Sarah Moreira\",\"@id\":\"https:\\\/\\\/ibecbarcelona.eu\\\/#\\\/schema\\\/person\\\/d3a158b8d448000777023ca1e3d71d34\"},\"headline\":\"El IBEC y el ICS firman un acuerdo marco para impulsar la investigaci\u00f3n biom\u00e9dica y la transferencia cl\u00ednica\",\"datePublished\":\"2025-07-25T12:28:50+00:00\",\"dateModified\":\"2025-07-25T12:58:41+00:00\",\"mainEntityOfPage\":{\"@id\":\"https:\\\/\\\/ibecbarcelona.eu\\\/es\\\/el-ibec-y-el-ics-firman-un-acuerdo-marco-para-impulsar-la-investigacion-biomedica-y-la-transferencia-clinica\\\/\"},\"wordCount\":411,\"publisher\":{\"@id\":\"https:\\\/\\\/ibecbarcelona.eu\\\/#organization\"},\"image\":{\"@id\":\"https:\\\/\\\/ibecbarcelona.eu\\\/es\\\/el-ibec-y-el-ics-firman-un-acuerdo-marco-para-impulsar-la-investigacion-biomedica-y-la-transferencia-clinica\\\/#primaryimage\"},\"thumbnailUrl\":\"https:\\\/\\\/ibecbarcelona.eu\\\/wp-content\\\/uploads\\\/2025\\\/07\\\/20250725_104850-Editada_low.jpg\",\"keywords\":[\"Colaboraciones cl\u00ednicas\"],\"articleSection\":[\"Noticias institucionales\"],\"inLanguage\":\"es\"},{\"@type\":\"WebPage\",\"@id\":\"https:\\\/\\\/ibecbarcelona.eu\\\/es\\\/el-ibec-y-el-ics-firman-un-acuerdo-marco-para-impulsar-la-investigacion-biomedica-y-la-transferencia-clinica\\\/\",\"url\":\"https:\\\/\\\/ibecbarcelona.eu\\\/es\\\/el-ibec-y-el-ics-firman-un-acuerdo-marco-para-impulsar-la-investigacion-biomedica-y-la-transferencia-clinica\\\/\",\"name\":\"El IBEC y el ICS firman un acuerdo marco para impulsar la investigaci\u00f3n biom\u00e9dica y la transferencia cl\u00ednica - Institute for Bioengineering of Catalonia\",\"isPartOf\":{\"@id\":\"https:\\\/\\\/ibecbarcelona.eu\\\/#website\"},\"primaryImageOfPage\":{\"@id\":\"https:\\\/\\\/ibecbarcelona.eu\\\/es\\\/el-ibec-y-el-ics-firman-un-acuerdo-marco-para-impulsar-la-investigacion-biomedica-y-la-transferencia-clinica\\\/#primaryimage\"},\"image\":{\"@id\":\"https:\\\/\\\/ibecbarcelona.eu\\\/es\\\/el-ibec-y-el-ics-firman-un-acuerdo-marco-para-impulsar-la-investigacion-biomedica-y-la-transferencia-clinica\\\/#primaryimage\"},\"thumbnailUrl\":\"https:\\\/\\\/ibecbarcelona.eu\\\/wp-content\\\/uploads\\\/2025\\\/07\\\/20250725_104850-Editada_low.jpg\",\"datePublished\":\"2025-07-25T12:28:50+00:00\",\"dateModified\":\"2025-07-25T12:58:41+00:00\",\"breadcrumb\":{\"@id\":\"https:\\\/\\\/ibecbarcelona.eu\\\/es\\\/el-ibec-y-el-ics-firman-un-acuerdo-marco-para-impulsar-la-investigacion-biomedica-y-la-transferencia-clinica\\\/#breadcrumb\"},\"inLanguage\":\"es\",\"potentialAction\":[{\"@type\":\"ReadAction\",\"target\":[\"https:\\\/\\\/ibecbarcelona.eu\\\/es\\\/el-ibec-y-el-ics-firman-un-acuerdo-marco-para-impulsar-la-investigacion-biomedica-y-la-transferencia-clinica\\\/\"]}]},{\"@type\":\"ImageObject\",\"inLanguage\":\"es\",\"@id\":\"https:\\\/\\\/ibecbarcelona.eu\\\/es\\\/el-ibec-y-el-ics-firman-un-acuerdo-marco-para-impulsar-la-investigacion-biomedica-y-la-transferencia-clinica\\\/#primaryimage\",\"url\":\"https:\\\/\\\/ibecbarcelona.eu\\\/wp-content\\\/uploads\\\/2025\\\/07\\\/20250725_104850-Editada_low.jpg\",\"contentUrl\":\"https:\\\/\\\/ibecbarcelona.eu\\\/wp-content\\\/uploads\\\/2025\\\/07\\\/20250725_104850-Editada_low.jpg\",\"width\":1200,\"height\":800},{\"@type\":\"BreadcrumbList\",\"@id\":\"https:\\\/\\\/ibecbarcelona.eu\\\/es\\\/el-ibec-y-el-ics-firman-un-acuerdo-marco-para-impulsar-la-investigacion-biomedica-y-la-transferencia-clinica\\\/#breadcrumb\",\"itemListElement\":[{\"@type\":\"ListItem\",\"position\":1,\"name\":\"Home\",\"item\":\"https:\\\/\\\/ibecbarcelona.eu\\\/es\\\/\"},{\"@type\":\"ListItem\",\"position\":2,\"name\":\"El IBEC y el ICS firman un acuerdo marco para impulsar la investigaci\u00f3n biom\u00e9dica y la transferencia cl\u00ednica\"}]},{\"@type\":\"WebSite\",\"@id\":\"https:\\\/\\\/ibecbarcelona.eu\\\/#website\",\"url\":\"https:\\\/\\\/ibecbarcelona.eu\\\/\",\"name\":\"Institute for Bioengineering of Catalonia\",\"description\":\"Bioengineering solutions for health\",\"publisher\":{\"@id\":\"https:\\\/\\\/ibecbarcelona.eu\\\/#organization\"},\"potentialAction\":[{\"@type\":\"SearchAction\",\"target\":{\"@type\":\"EntryPoint\",\"urlTemplate\":\"https:\\\/\\\/ibecbarcelona.eu\\\/?s={search_term_string}\"},\"query-input\":{\"@type\":\"PropertyValueSpecification\",\"valueRequired\":true,\"valueName\":\"search_term_string\"}}],\"inLanguage\":\"es\"},{\"@type\":\"Organization\",\"@id\":\"https:\\\/\\\/ibecbarcelona.eu\\\/#organization\",\"name\":\"Institute for Bioengineering of Catalonia\",\"url\":\"https:\\\/\\\/ibecbarcelona.eu\\\/\",\"logo\":{\"@type\":\"ImageObject\",\"inLanguage\":\"es\",\"@id\":\"https:\\\/\\\/ibecbarcelona.eu\\\/#\\\/schema\\\/logo\\\/image\\\/\",\"url\":\"https:\\\/\\\/ibecbarcelona.eu\\\/wp-content\\\/uploads\\\/2026\\\/01\\\/cropped-IBEC_20ANYS_GRIS.png\",\"contentUrl\":\"https:\\\/\\\/ibecbarcelona.eu\\\/wp-content\\\/uploads\\\/2026\\\/01\\\/cropped-IBEC_20ANYS_GRIS.png\",\"width\":696,\"height\":257,\"caption\":\"Institute for Bioengineering of Catalonia\"},\"image\":{\"@id\":\"https:\\\/\\\/ibecbarcelona.eu\\\/#\\\/schema\\\/logo\\\/image\\\/\"}},{\"@type\":\"Person\",\"@id\":\"https:\\\/\\\/ibecbarcelona.eu\\\/#\\\/schema\\\/person\\\/d3a158b8d448000777023ca1e3d71d34\",\"name\":\"Sarah Moreira\",\"image\":{\"@type\":\"ImageObject\",\"inLanguage\":\"es\",\"@id\":\"https:\\\/\\\/secure.gravatar.com\\\/avatar\\\/37385a1f83bdef106d1b89522da4c620ee48ba2eb0662dbc73ba05b7f3fbdf89?s=96&d=mm&r=g\",\"url\":\"https:\\\/\\\/secure.gravatar.com\\\/avatar\\\/37385a1f83bdef106d1b89522da4c620ee48ba2eb0662dbc73ba05b7f3fbdf89?s=96&d=mm&r=g\",\"contentUrl\":\"https:\\\/\\\/secure.gravatar.com\\\/avatar\\\/37385a1f83bdef106d1b89522da4c620ee48ba2eb0662dbc73ba05b7f3fbdf89?s=96&d=mm&r=g\",\"caption\":\"Sarah Moreira\"},\"url\":\"https:\\\/\\\/ibecbarcelona.eu\\\/es\\\/author\\\/smoreira\\\/\"}]}<\/script>\n<!-- \/ Yoast SEO plugin. -->","yoast_head_json":{"title":"El IBEC y el ICS firman un acuerdo marco para impulsar la investigaci\u00f3n biom\u00e9dica y la transferencia cl\u00ednica - Institute for Bioengineering of Catalonia","robots":{"index":"index","follow":"follow","max-snippet":"max-snippet:-1","max-image-preview":"max-image-preview:large","max-video-preview":"max-video-preview:-1"},"canonical":"https:\/\/ibecbarcelona.eu\/es\/el-ibec-y-el-ics-firman-un-acuerdo-marco-para-impulsar-la-investigacion-biomedica-y-la-transferencia-clinica\/","og_locale":"es_ES","og_type":"article","og_title":"El IBEC y el ICS firman un acuerdo marco para impulsar la investigaci\u00f3n biom\u00e9dica y la transferencia cl\u00ednica - Institute for Bioengineering of Catalonia","og_description":"El Instituto de Bioingenier\u00eda de Catalunya (IBEC) y el Instituto Catal\u00e1n de la Salud (ICS) han firmado un acuerdo marco de colaboraci\u00f3n con el objetivo de promover acciones conjuntas en los \u00e1mbitos de la investigaci\u00f3n, la innovaci\u00f3n y la transferencia tecnol\u00f3gica en bioingenier\u00eda aplicada a la salud.","og_url":"https:\/\/ibecbarcelona.eu\/es\/el-ibec-y-el-ics-firman-un-acuerdo-marco-para-impulsar-la-investigacion-biomedica-y-la-transferencia-clinica\/","og_site_name":"Institute for Bioengineering of Catalonia","article_published_time":"2025-07-25T12:28:50+00:00","article_modified_time":"2025-07-25T12:58:41+00:00","og_image":[{"width":1200,"height":800,"url":"https:\/\/ibecbarcelona.eu\/wp-content\/uploads\/2025\/07\/20250725_104850-Editada_low.jpg","type":"image\/jpeg"}],"author":"Sarah Moreira","twitter_card":"summary_large_image","twitter_misc":{"Escrito por":"Sarah Moreira","Tiempo de lectura":"2 minutos"},"schema":{"@context":"https:\/\/schema.org","@graph":[{"@type":"Article","@id":"https:\/\/ibecbarcelona.eu\/es\/el-ibec-y-el-ics-firman-un-acuerdo-marco-para-impulsar-la-investigacion-biomedica-y-la-transferencia-clinica\/#article","isPartOf":{"@id":"https:\/\/ibecbarcelona.eu\/es\/el-ibec-y-el-ics-firman-un-acuerdo-marco-para-impulsar-la-investigacion-biomedica-y-la-transferencia-clinica\/"},"author":{"name":"Sarah Moreira","@id":"https:\/\/ibecbarcelona.eu\/#\/schema\/person\/d3a158b8d448000777023ca1e3d71d34"},"headline":"El IBEC y el ICS firman un acuerdo marco para impulsar la investigaci\u00f3n biom\u00e9dica y la transferencia cl\u00ednica","datePublished":"2025-07-25T12:28:50+00:00","dateModified":"2025-07-25T12:58:41+00:00","mainEntityOfPage":{"@id":"https:\/\/ibecbarcelona.eu\/es\/el-ibec-y-el-ics-firman-un-acuerdo-marco-para-impulsar-la-investigacion-biomedica-y-la-transferencia-clinica\/"},"wordCount":411,"publisher":{"@id":"https:\/\/ibecbarcelona.eu\/#organization"},"image":{"@id":"https:\/\/ibecbarcelona.eu\/es\/el-ibec-y-el-ics-firman-un-acuerdo-marco-para-impulsar-la-investigacion-biomedica-y-la-transferencia-clinica\/#primaryimage"},"thumbnailUrl":"https:\/\/ibecbarcelona.eu\/wp-content\/uploads\/2025\/07\/20250725_104850-Editada_low.jpg","keywords":["Colaboraciones cl\u00ednicas"],"articleSection":["Noticias institucionales"],"inLanguage":"es"},{"@type":"WebPage","@id":"https:\/\/ibecbarcelona.eu\/es\/el-ibec-y-el-ics-firman-un-acuerdo-marco-para-impulsar-la-investigacion-biomedica-y-la-transferencia-clinica\/","url":"https:\/\/ibecbarcelona.eu\/es\/el-ibec-y-el-ics-firman-un-acuerdo-marco-para-impulsar-la-investigacion-biomedica-y-la-transferencia-clinica\/","name":"El IBEC y el ICS firman un acuerdo marco para impulsar la investigaci\u00f3n biom\u00e9dica y la transferencia cl\u00ednica - Institute for Bioengineering of Catalonia","isPartOf":{"@id":"https:\/\/ibecbarcelona.eu\/#website"},"primaryImageOfPage":{"@id":"https:\/\/ibecbarcelona.eu\/es\/el-ibec-y-el-ics-firman-un-acuerdo-marco-para-impulsar-la-investigacion-biomedica-y-la-transferencia-clinica\/#primaryimage"},"image":{"@id":"https:\/\/ibecbarcelona.eu\/es\/el-ibec-y-el-ics-firman-un-acuerdo-marco-para-impulsar-la-investigacion-biomedica-y-la-transferencia-clinica\/#primaryimage"},"thumbnailUrl":"https:\/\/ibecbarcelona.eu\/wp-content\/uploads\/2025\/07\/20250725_104850-Editada_low.jpg","datePublished":"2025-07-25T12:28:50+00:00","dateModified":"2025-07-25T12:58:41+00:00","breadcrumb":{"@id":"https:\/\/ibecbarcelona.eu\/es\/el-ibec-y-el-ics-firman-un-acuerdo-marco-para-impulsar-la-investigacion-biomedica-y-la-transferencia-clinica\/#breadcrumb"},"inLanguage":"es","potentialAction":[{"@type":"ReadAction","target":["https:\/\/ibecbarcelona.eu\/es\/el-ibec-y-el-ics-firman-un-acuerdo-marco-para-impulsar-la-investigacion-biomedica-y-la-transferencia-clinica\/"]}]},{"@type":"ImageObject","inLanguage":"es","@id":"https:\/\/ibecbarcelona.eu\/es\/el-ibec-y-el-ics-firman-un-acuerdo-marco-para-impulsar-la-investigacion-biomedica-y-la-transferencia-clinica\/#primaryimage","url":"https:\/\/ibecbarcelona.eu\/wp-content\/uploads\/2025\/07\/20250725_104850-Editada_low.jpg","contentUrl":"https:\/\/ibecbarcelona.eu\/wp-content\/uploads\/2025\/07\/20250725_104850-Editada_low.jpg","width":1200,"height":800},{"@type":"BreadcrumbList","@id":"https:\/\/ibecbarcelona.eu\/es\/el-ibec-y-el-ics-firman-un-acuerdo-marco-para-impulsar-la-investigacion-biomedica-y-la-transferencia-clinica\/#breadcrumb","itemListElement":[{"@type":"ListItem","position":1,"name":"Home","item":"https:\/\/ibecbarcelona.eu\/es\/"},{"@type":"ListItem","position":2,"name":"El IBEC y el ICS firman un acuerdo marco para impulsar la investigaci\u00f3n biom\u00e9dica y la transferencia cl\u00ednica"}]},{"@type":"WebSite","@id":"https:\/\/ibecbarcelona.eu\/#website","url":"https:\/\/ibecbarcelona.eu\/","name":"Institute for Bioengineering of Catalonia","description":"Bioengineering solutions for health","publisher":{"@id":"https:\/\/ibecbarcelona.eu\/#organization"},"potentialAction":[{"@type":"SearchAction","target":{"@type":"EntryPoint","urlTemplate":"https:\/\/ibecbarcelona.eu\/?s={search_term_string}"},"query-input":{"@type":"PropertyValueSpecification","valueRequired":true,"valueName":"search_term_string"}}],"inLanguage":"es"},{"@type":"Organization","@id":"https:\/\/ibecbarcelona.eu\/#organization","name":"Institute for Bioengineering of Catalonia","url":"https:\/\/ibecbarcelona.eu\/","logo":{"@type":"ImageObject","inLanguage":"es","@id":"https:\/\/ibecbarcelona.eu\/#\/schema\/logo\/image\/","url":"https:\/\/ibecbarcelona.eu\/wp-content\/uploads\/2026\/01\/cropped-IBEC_20ANYS_GRIS.png","contentUrl":"https:\/\/ibecbarcelona.eu\/wp-content\/uploads\/2026\/01\/cropped-IBEC_20ANYS_GRIS.png","width":696,"height":257,"caption":"Institute for Bioengineering of Catalonia"},"image":{"@id":"https:\/\/ibecbarcelona.eu\/#\/schema\/logo\/image\/"}},{"@type":"Person","@id":"https:\/\/ibecbarcelona.eu\/#\/schema\/person\/d3a158b8d448000777023ca1e3d71d34","name":"Sarah Moreira","image":{"@type":"ImageObject","inLanguage":"es","@id":"https:\/\/secure.gravatar.com\/avatar\/37385a1f83bdef106d1b89522da4c620ee48ba2eb0662dbc73ba05b7f3fbdf89?s=96&d=mm&r=g","url":"https:\/\/secure.gravatar.com\/avatar\/37385a1f83bdef106d1b89522da4c620ee48ba2eb0662dbc73ba05b7f3fbdf89?s=96&d=mm&r=g","contentUrl":"https:\/\/secure.gravatar.com\/avatar\/37385a1f83bdef106d1b89522da4c620ee48ba2eb0662dbc73ba05b7f3fbdf89?s=96&d=mm&r=g","caption":"Sarah Moreira"},"url":"https:\/\/ibecbarcelona.eu\/es\/author\/smoreira\/"}]}},"AFP_featured_media_urls":{"full":["https:\/\/ibecbarcelona.eu\/wp-content\/uploads\/2025\/07\/20250725_104850-Editada_low.jpg",1200,800,false],"thumbnail":["https:\/\/ibecbarcelona.eu\/wp-content\/uploads\/2025\/07\/20250725_104850-Editada_low-150x150.jpg",150,150,true],"medium":["https:\/\/ibecbarcelona.eu\/wp-content\/uploads\/2025\/07\/20250725_104850-Editada_low-300x200.jpg",300,200,true],"medium_large":["https:\/\/ibecbarcelona.eu\/wp-content\/uploads\/2025\/07\/20250725_104850-Editada_low-768x512.jpg",768,512,true],"large":["https:\/\/ibecbarcelona.eu\/wp-content\/uploads\/2025\/07\/20250725_104850-Editada_low-1024x683.jpg",1024,683,true]},"AFP_attachments":{"full":["https:\/\/ibecbarcelona.eu\/wp-content\/uploads\/2025\/07\/20250725_104850-Editada_low.jpg",1200,800,false],"thumbnail":["https:\/\/ibecbarcelona.eu\/wp-content\/uploads\/2025\/07\/20250725_104850-Editada_low-150x150.jpg",150,150,true],"medium":["https:\/\/ibecbarcelona.eu\/wp-content\/uploads\/2025\/07\/20250725_104850-Editada_low-300x200.jpg",300,200,true],"medium_large":["https:\/\/ibecbarcelona.eu\/wp-content\/uploads\/2025\/07\/20250725_104850-Editada_low-768x512.jpg",768,512,true],"large":["https:\/\/ibecbarcelona.eu\/wp-content\/uploads\/2025\/07\/20250725_104850-Editada_low-1024x683.jpg",1024,683,true]},"AFP_videos":[],"AFP_video_blocks":"","AFP_category_names":["Noticias institucionales"],"_links":{"self":[{"href":"https:\/\/ibecbarcelona.eu\/es\/wp-json\/wp\/v2\/posts\/127772","targetHints":{"allow":["GET"]}}],"collection":[{"href":"https:\/\/ibecbarcelona.eu\/es\/wp-json\/wp\/v2\/posts"}],"about":[{"href":"https:\/\/ibecbarcelona.eu\/es\/wp-json\/wp\/v2\/types\/post"}],"author":[{"embeddable":true,"href":"https:\/\/ibecbarcelona.eu\/es\/wp-json\/wp\/v2\/users\/37"}],"replies":[{"embeddable":true,"href":"https:\/\/ibecbarcelona.eu\/es\/wp-json\/wp\/v2\/comments?post=127772"}],"version-history":[{"count":3,"href":"https:\/\/ibecbarcelona.eu\/es\/wp-json\/wp\/v2\/posts\/127772\/revisions"}],"predecessor-version":[{"id":127781,"href":"https:\/\/ibecbarcelona.eu\/es\/wp-json\/wp\/v2\/posts\/127772\/revisions\/127781"}],"wp:featuredmedia":[{"embeddable":true,"href":"https:\/\/ibecbarcelona.eu\/es\/wp-json\/wp\/v2\/media\/127768"}],"wp:attachment":[{"href":"https:\/\/ibecbarcelona.eu\/es\/wp-json\/wp\/v2\/media?parent=127772"}],"wp:term":[{"taxonomy":"category","embeddable":true,"href":"https:\/\/ibecbarcelona.eu\/es\/wp-json\/wp\/v2\/categories?post=127772"},{"taxonomy":"post_tag","embeddable":true,"href":"https:\/\/ibecbarcelona.eu\/es\/wp-json\/wp\/v2\/tags?post=127772"},{"taxonomy":"post_format","embeddable":true,"href":"https:\/\/ibecbarcelona.eu\/es\/wp-json\/wp\/v2\/post_formats?post=127772"}],"curies":[{"name":"wp","href":"https:\/\/api.w.org\/{rel}","templated":true}]}}