
{"id":133359,"date":"2026-04-27T16:47:02","date_gmt":"2026-04-27T14:47:02","guid":{"rendered":"https:\/\/ibecbarcelona.eu\/ibec-makes-its-mark-at-termiseu-2026-with-a-strong-scientific-presence-and-a-key-role-in-the-conferences-leadership\/"},"modified":"2026-04-27T16:53:39","modified_gmt":"2026-04-27T14:53:39","slug":"ibec-makes-its-mark-at-termiseu-2026-with-a-strong-scientific-presence-and-a-key-role-in-the-conferences-leadership","status":"publish","type":"post","link":"https:\/\/ibecbarcelona.eu\/es\/el-ibec-destaca-en-termiseu-2026-con-una-amplia-participacion-cientifica-y-un-papel-clave-en-el-liderazgo-del-congreso","title":{"rendered":"El IBEC destaca en TERMISEU 2026 con una amplia participaci\u00f3n cient\u00edfica y un papel clave en el liderazgo del congreso"},"content":{"rendered":"\n<p><strong><strong>El IBEC destaca en TERMISEU 2026, el congreso europeo de referencia en ingenier\u00eda de tejidos y medicina regenerativa, celebrado del 21 al 24 de abril de 2026 en el Palacio de Congresos de Palma (Mallorca), con una participaci\u00f3n muy relevante en un evento que ha reunido a m\u00e1s de 1.600 investigadoras e investigadores.<\/strong><\/strong><\/p>\n\n\n\n<figure class=\"wp-block-image size-large\"><img decoding=\"async\" width=\"1024\" height=\"768\" data-src=\"https:\/\/ibecbarcelona.eu\/wp-content\/uploads\/2026\/04\/MSalmeron-TERMIS26-1024x768.jpg\" alt=\"\" class=\"wp-image-133323 lazyload\" data-srcset=\"https:\/\/ibecbarcelona.eu\/wp-content\/uploads\/2026\/04\/MSalmeron-TERMIS26-1024x768.jpg 1024w, https:\/\/ibecbarcelona.eu\/wp-content\/uploads\/2026\/04\/MSalmeron-TERMIS26-300x225.jpg 300w, https:\/\/ibecbarcelona.eu\/wp-content\/uploads\/2026\/04\/MSalmeron-TERMIS26-768x576.jpg 768w, https:\/\/ibecbarcelona.eu\/wp-content\/uploads\/2026\/04\/MSalmeron-TERMIS26.jpg 1498w\" data-sizes=\"(max-width: 1024px) 100vw, 1024px\" src=\"data:image\/svg+xml;base64,PHN2ZyB3aWR0aD0iMSIgaGVpZ2h0PSIxIiB4bWxucz0iaHR0cDovL3d3dy53My5vcmcvMjAwMC9zdmciPjwvc3ZnPg==\" style=\"--smush-placeholder-width: 1024px; --smush-placeholder-aspect-ratio: 1024\/768;\" \/><\/figure>\n\n\n\n<div style=\"height:20px\" aria-hidden=\"true\" class=\"wp-block-spacer\"><\/div>\n\n\n\n<p>La participaci\u00f3n del IBEC pone de manifiesto tanto el impacto de su investigaci\u00f3n como su papel de liderazgo en bioingenier\u00eda dentro de la comunidad europea. En esta edici\u00f3n de TERMIS\u2011EU, ocho grupos de investigaci\u00f3n del IBEC han contribuido activamente al programa cient\u00edfico del congreso con ponencias, presidencia de sesiones y comunicaciones orales. En concreto, han participado los grupos: <a href=\"https:\/\/ibecbarcelona.eu\/biosensors\/\">Biosensors for Bioengineering<\/a>; <a href=\"https:\/\/ibecbarcelona.eu\/biomaterials\/\">Biomaterials for Regenerative Therapies<\/a>; <a href=\"https:\/\/ibecbarcelona.eu\/integrative\/\">Integrative Cell and Tissue Dynamics<\/a>; <a href=\"https:\/\/ibecbarcelona.eu\/research-groups\/microenvironments-for-medicine\/\">Microenvironments for Medicine<\/a>; <a href=\"https:\/\/ibecbarcelona.eu\/biomaterial-for-neural-regeneration\/\">Biomaterials for Neural Regeneration<\/a>; <a href=\"https:\/\/ibecbarcelona.eu\/nanobioengineering\/\">Nanobioengineering<\/a>; <a href=\"https:\/\/ibecbarcelona.eu\/nanodevices\/\">Smart Nano-Bio-Devices<\/a>; and <a href=\"https:\/\/ibecbarcelona.eu\/wp-content\/uploads\/2022\/01\/martinez.jpg\">Biomimetic Systems for Cell Engineering<\/a>. Estos grupos abordan una amplia variedad de temas clave en ingenier\u00eda de tejidos, biomateriales, mecanobiolog\u00eda, biofabricaci\u00f3n y modelos avanzados para el estudio de enfermedades.<\/p>\n\n\n\n<p>\u00abLa participaci\u00f3n destacada del IBEC en TERMISEU 2026 refleja el compromiso de nuestro centro con una investigaci\u00f3n de excelencia, interdisciplinaria y con vocaci\u00f3n transformadora. El hecho de tener una presencia tan amplia en el programa cient\u00edfico y, al mismo tiempo, asumir roles de liderazgo en la organizaci\u00f3n del congreso, pone de manifiesto la posici\u00f3n del IBEC como referente europeo en ingenier\u00eda de tejidos y medicina regenerativa\u00bb afirma <strong>Manuel Salmeron<\/strong>, director del IBEC.<\/p>\n\n\n\n<h4 class=\"wp-block-heading\"><strong><strong>Liderazgo del IBEC en la organizaci\u00f3n de TERMISEU 2026<\/strong><\/strong><\/h4>\n\n\n\n<p>Uno de los elementos m\u00e1s destacados de la presencia del IBEC en TERMIS\u2011EU 2026 es el papel de Javier Ram\u00f3n\u2011Azc\u00f3n, investigador ICREA en el IBEC, que ejerce como uno de los tres <em>Conference Chair<\/em> del congreso. Desde esta posici\u00f3n, ha contribuido de manera decisiva a la definici\u00f3n del programa cient\u00edfico y a la organizaci\u00f3n de uno de los principales eventos internacionales del sector.<\/p>\n\n\n\n<p>Adem\u00e1s, varios investigadores e investigadoras del IBEC act\u00faan como moderadores de los simposios, reforzando la visibilidad del instituto en \u00e1mbitos estrat\u00e9gicos de la medicina regenerativa y la ingenier\u00eda de tejidos.<\/p>\n\n\n\n<figure class=\"wp-block-gallery has-nested-images columns-default is-cropped wp-block-gallery-1 is-layout-flex wp-block-gallery-is-layout-flex\">\n<figure class=\"wp-block-image size-large\"><img decoding=\"async\" width=\"768\" height=\"1024\" data-id=\"133329\" data-src=\"https:\/\/ibecbarcelona.eu\/wp-content\/uploads\/2026\/04\/IMG-20260423-WA0017-768x1024.jpg\" alt=\"\" class=\"wp-image-133329 lazyload\" data-srcset=\"https:\/\/ibecbarcelona.eu\/wp-content\/uploads\/2026\/04\/IMG-20260423-WA0017-768x1024.jpg 768w, https:\/\/ibecbarcelona.eu\/wp-content\/uploads\/2026\/04\/IMG-20260423-WA0017-225x300.jpg 225w, https:\/\/ibecbarcelona.eu\/wp-content\/uploads\/2026\/04\/IMG-20260423-WA0017-1152x1536.jpg 1152w, https:\/\/ibecbarcelona.eu\/wp-content\/uploads\/2026\/04\/IMG-20260423-WA0017.jpg 1536w\" data-sizes=\"(max-width: 768px) 100vw, 768px\" src=\"data:image\/svg+xml;base64,PHN2ZyB3aWR0aD0iMSIgaGVpZ2h0PSIxIiB4bWxucz0iaHR0cDovL3d3dy53My5vcmcvMjAwMC9zdmciPjwvc3ZnPg==\" style=\"--smush-placeholder-width: 768px; --smush-placeholder-aspect-ratio: 768\/1024;\" \/><\/figure>\n\n\n\n<figure class=\"wp-block-image size-large\"><img decoding=\"async\" width=\"768\" height=\"1024\" data-id=\"133326\" data-src=\"https:\/\/ibecbarcelona.eu\/wp-content\/uploads\/2026\/04\/IMG-20260423-WA0001-768x1024.jpg\" alt=\"\" class=\"wp-image-133326 lazyload\" data-srcset=\"https:\/\/ibecbarcelona.eu\/wp-content\/uploads\/2026\/04\/IMG-20260423-WA0001-768x1024.jpg 768w, https:\/\/ibecbarcelona.eu\/wp-content\/uploads\/2026\/04\/IMG-20260423-WA0001-225x300.jpg 225w, https:\/\/ibecbarcelona.eu\/wp-content\/uploads\/2026\/04\/IMG-20260423-WA0001-1152x1536.jpg 1152w, https:\/\/ibecbarcelona.eu\/wp-content\/uploads\/2026\/04\/IMG-20260423-WA0001.jpg 1200w\" data-sizes=\"(max-width: 768px) 100vw, 768px\" src=\"data:image\/svg+xml;base64,PHN2ZyB3aWR0aD0iMSIgaGVpZ2h0PSIxIiB4bWxucz0iaHR0cDovL3d3dy53My5vcmcvMjAwMC9zdmciPjwvc3ZnPg==\" style=\"--smush-placeholder-width: 768px; --smush-placeholder-aspect-ratio: 768\/1024;\" \/><\/figure>\n\n\n\n<figure class=\"wp-block-image size-large\"><img decoding=\"async\" width=\"768\" height=\"1024\" data-id=\"133331\" data-src=\"https:\/\/ibecbarcelona.eu\/wp-content\/uploads\/2026\/04\/IMG-20260423-WA0002-768x1024.jpg\" alt=\"\" class=\"wp-image-133331 lazyload\" data-srcset=\"https:\/\/ibecbarcelona.eu\/wp-content\/uploads\/2026\/04\/IMG-20260423-WA0002-768x1024.jpg 768w, https:\/\/ibecbarcelona.eu\/wp-content\/uploads\/2026\/04\/IMG-20260423-WA0002-225x300.jpg 225w, https:\/\/ibecbarcelona.eu\/wp-content\/uploads\/2026\/04\/IMG-20260423-WA0002-1152x1536.jpg 1152w, https:\/\/ibecbarcelona.eu\/wp-content\/uploads\/2026\/04\/IMG-20260423-WA0002.jpg 1200w\" data-sizes=\"(max-width: 768px) 100vw, 768px\" src=\"data:image\/svg+xml;base64,PHN2ZyB3aWR0aD0iMSIgaGVpZ2h0PSIxIiB4bWxucz0iaHR0cDovL3d3dy53My5vcmcvMjAwMC9zdmciPjwvc3ZnPg==\" style=\"--smush-placeholder-width: 768px; --smush-placeholder-aspect-ratio: 768\/1024;\" \/><\/figure>\n\n\n\n<figure class=\"wp-block-image size-large\"><img decoding=\"async\" width=\"1024\" height=\"768\" data-id=\"133332\" data-src=\"https:\/\/ibecbarcelona.eu\/wp-content\/uploads\/2026\/04\/IMG-20260423-WA0009-1024x768.jpg\" alt=\"\" class=\"wp-image-133332 lazyload\" data-srcset=\"https:\/\/ibecbarcelona.eu\/wp-content\/uploads\/2026\/04\/IMG-20260423-WA0009-1024x768.jpg 1024w, https:\/\/ibecbarcelona.eu\/wp-content\/uploads\/2026\/04\/IMG-20260423-WA0009-300x225.jpg 300w, https:\/\/ibecbarcelona.eu\/wp-content\/uploads\/2026\/04\/IMG-20260423-WA0009-768x576.jpg 768w, https:\/\/ibecbarcelona.eu\/wp-content\/uploads\/2026\/04\/IMG-20260423-WA0009-1536x1152.jpg 1536w, https:\/\/ibecbarcelona.eu\/wp-content\/uploads\/2026\/04\/IMG-20260423-WA0009.jpg 1600w\" data-sizes=\"(max-width: 1024px) 100vw, 1024px\" src=\"data:image\/svg+xml;base64,PHN2ZyB3aWR0aD0iMSIgaGVpZ2h0PSIxIiB4bWxucz0iaHR0cDovL3d3dy53My5vcmcvMjAwMC9zdmciPjwvc3ZnPg==\" style=\"--smush-placeholder-width: 1024px; --smush-placeholder-aspect-ratio: 1024\/768;\" \/><\/figure>\n\n\n\n<figure class=\"wp-block-image size-large\"><img decoding=\"async\" width=\"1024\" height=\"768\" data-id=\"133344\" data-src=\"https:\/\/ibecbarcelona.eu\/wp-content\/uploads\/2026\/04\/IMG-20260423-WA0011-1024x768.jpg\" alt=\"\" class=\"wp-image-133344 lazyload\" data-srcset=\"https:\/\/ibecbarcelona.eu\/wp-content\/uploads\/2026\/04\/IMG-20260423-WA0011-1024x768.jpg 1024w, https:\/\/ibecbarcelona.eu\/wp-content\/uploads\/2026\/04\/IMG-20260423-WA0011-300x225.jpg 300w, https:\/\/ibecbarcelona.eu\/wp-content\/uploads\/2026\/04\/IMG-20260423-WA0011-768x576.jpg 768w, https:\/\/ibecbarcelona.eu\/wp-content\/uploads\/2026\/04\/IMG-20260423-WA0011-1536x1152.jpg 1536w, https:\/\/ibecbarcelona.eu\/wp-content\/uploads\/2026\/04\/IMG-20260423-WA0011.jpg 2048w\" data-sizes=\"(max-width: 1024px) 100vw, 1024px\" src=\"data:image\/svg+xml;base64,PHN2ZyB3aWR0aD0iMSIgaGVpZ2h0PSIxIiB4bWxucz0iaHR0cDovL3d3dy53My5vcmcvMjAwMC9zdmciPjwvc3ZnPg==\" style=\"--smush-placeholder-width: 1024px; --smush-placeholder-aspect-ratio: 1024\/768;\" \/><\/figure>\n\n\n\n<figure class=\"wp-block-image size-large\"><img decoding=\"async\" width=\"1365\" height=\"1024\" data-id=\"133353\" data-src=\"https:\/\/ibecbarcelona.eu\/wp-content\/uploads\/2026\/04\/IMG-20260423-WA0014-edited.jpg\" alt=\"\" class=\"wp-image-133353 lazyload\" data-srcset=\"https:\/\/ibecbarcelona.eu\/wp-content\/uploads\/2026\/04\/IMG-20260423-WA0014-edited.jpg 1365w, https:\/\/ibecbarcelona.eu\/wp-content\/uploads\/2026\/04\/IMG-20260423-WA0014-edited-300x225.jpg 300w, https:\/\/ibecbarcelona.eu\/wp-content\/uploads\/2026\/04\/IMG-20260423-WA0014-edited-1024x768.jpg 1024w, https:\/\/ibecbarcelona.eu\/wp-content\/uploads\/2026\/04\/IMG-20260423-WA0014-edited-768x576.jpg 768w\" data-sizes=\"(max-width: 1365px) 100vw, 1365px\" src=\"data:image\/svg+xml;base64,PHN2ZyB3aWR0aD0iMSIgaGVpZ2h0PSIxIiB4bWxucz0iaHR0cDovL3d3dy53My5vcmcvMjAwMC9zdmciPjwvc3ZnPg==\" style=\"--smush-placeholder-width: 1365px; --smush-placeholder-aspect-ratio: 1365\/1024;\" \/><\/figure>\n\n\n\n<figure class=\"wp-block-image size-large\"><img decoding=\"async\" width=\"1728\" height=\"1152\" data-id=\"133350\" data-src=\"https:\/\/ibecbarcelona.eu\/wp-content\/uploads\/2026\/04\/IMG-20260423-WA0003-edited.jpg\" alt=\"\" class=\"wp-image-133350 lazyload\" data-srcset=\"https:\/\/ibecbarcelona.eu\/wp-content\/uploads\/2026\/04\/IMG-20260423-WA0003-edited.jpg 1728w, https:\/\/ibecbarcelona.eu\/wp-content\/uploads\/2026\/04\/IMG-20260423-WA0003-edited-300x200.jpg 300w, https:\/\/ibecbarcelona.eu\/wp-content\/uploads\/2026\/04\/IMG-20260423-WA0003-edited-1024x683.jpg 1024w, https:\/\/ibecbarcelona.eu\/wp-content\/uploads\/2026\/04\/IMG-20260423-WA0003-edited-768x512.jpg 768w, https:\/\/ibecbarcelona.eu\/wp-content\/uploads\/2026\/04\/IMG-20260423-WA0003-edited-1536x1024.jpg 1536w, https:\/\/ibecbarcelona.eu\/wp-content\/uploads\/2026\/04\/IMG-20260423-WA0003-edited-1200x800.jpg 1200w, https:\/\/ibecbarcelona.eu\/wp-content\/uploads\/2026\/04\/IMG-20260423-WA0003-edited-600x400.jpg 600w\" data-sizes=\"(max-width: 1728px) 100vw, 1728px\" src=\"data:image\/svg+xml;base64,PHN2ZyB3aWR0aD0iMSIgaGVpZ2h0PSIxIiB4bWxucz0iaHR0cDovL3d3dy53My5vcmcvMjAwMC9zdmciPjwvc3ZnPg==\" style=\"--smush-placeholder-width: 1728px; --smush-placeholder-aspect-ratio: 1728\/1152;\" \/><\/figure>\n\n\n\n<figure class=\"wp-block-image size-large\"><img decoding=\"async\" width=\"1024\" height=\"768\" data-id=\"133339\" data-src=\"https:\/\/ibecbarcelona.eu\/wp-content\/uploads\/2026\/04\/IMG-20260423-WA0013-1024x768.jpg\" alt=\"\" class=\"wp-image-133339 lazyload\" data-srcset=\"https:\/\/ibecbarcelona.eu\/wp-content\/uploads\/2026\/04\/IMG-20260423-WA0013-1024x768.jpg 1024w, https:\/\/ibecbarcelona.eu\/wp-content\/uploads\/2026\/04\/IMG-20260423-WA0013-300x225.jpg 300w, https:\/\/ibecbarcelona.eu\/wp-content\/uploads\/2026\/04\/IMG-20260423-WA0013-768x576.jpg 768w, https:\/\/ibecbarcelona.eu\/wp-content\/uploads\/2026\/04\/IMG-20260423-WA0013-1536x1152.jpg 1536w, https:\/\/ibecbarcelona.eu\/wp-content\/uploads\/2026\/04\/IMG-20260423-WA0013.jpg 2000w\" data-sizes=\"(max-width: 1024px) 100vw, 1024px\" src=\"data:image\/svg+xml;base64,PHN2ZyB3aWR0aD0iMSIgaGVpZ2h0PSIxIiB4bWxucz0iaHR0cDovL3d3dy53My5vcmcvMjAwMC9zdmciPjwvc3ZnPg==\" style=\"--smush-placeholder-width: 1024px; --smush-placeholder-aspect-ratio: 1024\/768;\" \/><\/figure>\n<\/figure>\n\n\n\n<div style=\"height:20px\" aria-hidden=\"true\" class=\"wp-block-spacer\"><\/div>\n\n\n\n<h4 class=\"wp-block-heading\"><strong><strong>Contribuciones cient\u00edficas en \u00e1mbitos clave de la medicina regenerativa<\/strong><\/strong><\/h4>\n\n\n\n<p>Los grupos del IBEC participan en sesiones centradas en algunos de los retos cient\u00edficos m\u00e1s relevantes del campo, como:<\/p>\n\n\n\n<ul class=\"wp-block-list\">\n<li><strong>Biomateriales avanzados e hidrogeles funcionales<\/strong>, con aportaciones de Manuel Salmeron , Zaida \u00c1lvarez y Elisabeth Engel, que abordan desde hidrogeles funcionales hasta estrategias traslacionales en regeneraci\u00f3n de tejidos.<\/li>\n\n\n\n<li><strong>Biofabricaci\u00f3n, bioingenier\u00eda muscular y sistemas bioh\u00edbridos<\/strong>, con contribuciones del grupo de Samuel S\u00e1nchez, que integran ingenier\u00eda, materiales y rob\u00f3tica bioinspirada.<\/li>\n\n\n\n<li><strong>Mecanobiolog\u00eda y microambiente tumoral<\/strong>, con la participaci\u00f3n de Xavier Trepat, que presenta resultados sobre el papel de las fuerzas mec\u00e1nicas en la regulaci\u00f3n del comportamiento celular en contextos inmunocompetentes.<\/li>\n\n\n\n<li><strong>Modelos 3D, organoids y sistemas <em>organonchip<\/em><\/strong>, con diversas presentaciones lideradas por los grupos de Elena Mart\u00ednez, Josep Samitier y Javier Ram\u00f3nAzc\u00f3n, aplicadas al estudio del c\u00e1ncer, las enfermedades neuromusculares y la neuroregeneraci\u00f3n.<\/li>\n<\/ul>\n\n\n\n<h4 class=\"wp-block-heading\"><strong><strong>Un escaparate internacional para la b\u00fasqueda del IBEC<\/strong><\/strong><\/h4>\n\n\n\n<p>La participaci\u00f3n transversal del IBEC en TERMISEU 2026 \u2014con presencia en ponencias orales, sesiones tem\u00e1ticas y roles de liderazgo\u2014 consolida al instituto como <strong>un referente europeo en bioingenier\u00eda y medicina regenerativa<\/strong>. El congreso ofrece un espacio clave para compartir resultados de alto impacto, establecer nuevas colaboraciones internacionales y continuar avanzando hacia la transferencia del conocimiento a aplicaciones cl\u00ednicas e industriales.<\/p>\n","protected":false},"excerpt":{"rendered":"<p>El IBEC destaca en TERMISEU 2026, el congreso europeo de referencia en ingenier\u00eda de tejidos y medicina regenerativa, celebrado del 21 al 24 de abril de 2026 en el Palacio de Congresos de Palma (Mallorca), con una participaci\u00f3n muy relevante en un evento que ha reunido a m\u00e1s de 1.600 investigadoras e investigadores.<\/p>\n","protected":false},"author":37,"featured_media":133325,"comment_status":"closed","ping_status":"closed","sticky":false,"template":"","format":"standard","meta":{"footnotes":""},"categories":[94],"tags":[1966,1772,1827,2001,825,774,1733,1843,1130,1137,2084,2097,1881,1139,1820,1144,1971],"post_formats":[],"class_list":["post-133359","post","type-post","status-publish","format-standard","has-post-thumbnail","hentry","category-noticias-institucionales","tag-biomaterials-for-neural-regeneration-group-es","tag-biomaterials-for-regenerative-therapies-es","tag-biomimetic-systems-for-cell-engineering-es","tag-biosensors-for-bioengineering-es","tag-elena-martinez-es","tag-elisabeth-engel-es","tag-evento","tag-integrative-cell-and-tissue-dynamics-es","tag-javier-ramon-es","tag-josep-samitier-es","tag-manuel-salmeron-es","tag-microenvironments-for-medicine-es","tag-nanobioengineering-es","tag-samuel-sanchez-es","tag-smart-nano-bio-devices-es","tag-xavier-trepat-es","tag-zaida-alvarez-es"],"yoast_head":"<!-- This site is optimized with the Yoast SEO plugin v27.4 - https:\/\/yoast.com\/product\/yoast-seo-wordpress\/ -->\n<title>El IBEC destaca en TERMISEU 2026 con una amplia participaci\u00f3n cient\u00edfica y un papel clave en el liderazgo del congreso - Institute for Bioengineering of Catalonia<\/title>\n<meta name=\"robots\" content=\"index, follow, max-snippet:-1, max-image-preview:large, max-video-preview:-1\" \/>\n<link rel=\"canonical\" href=\"https:\/\/ibecbarcelona.eu\/es\/el-ibec-destaca-en-termiseu-2026-con-una-amplia-participacion-cientifica-y-un-papel-clave-en-el-liderazgo-del-congreso\/\" \/>\n<meta property=\"og:locale\" content=\"es_ES\" \/>\n<meta property=\"og:type\" content=\"article\" \/>\n<meta property=\"og:title\" content=\"El IBEC destaca en TERMISEU 2026 con una amplia participaci\u00f3n cient\u00edfica y un papel clave en el liderazgo del congreso - Institute for Bioengineering of Catalonia\" \/>\n<meta property=\"og:description\" content=\"El IBEC destaca en TERMISEU 2026, el congreso europeo de referencia en ingenier\u00eda de tejidos y medicina regenerativa, celebrado del 21 al 24 de abril de 2026 en el Palacio de Congresos de Palma (Mallorca), con una participaci\u00f3n muy relevante en un evento que ha reunido a m\u00e1s de 1.600 investigadoras e investigadores.\" \/>\n<meta property=\"og:url\" content=\"https:\/\/ibecbarcelona.eu\/es\/el-ibec-destaca-en-termiseu-2026-con-una-amplia-participacion-cientifica-y-un-papel-clave-en-el-liderazgo-del-congreso\/\" \/>\n<meta property=\"og:site_name\" content=\"Institute for Bioengineering of Catalonia\" \/>\n<meta property=\"article:published_time\" content=\"2026-04-27T14:47:02+00:00\" \/>\n<meta property=\"article:modified_time\" content=\"2026-04-27T14:53:39+00:00\" \/>\n<meta property=\"og:image\" content=\"https:\/\/ibecbarcelona.eu\/wp-content\/uploads\/2026\/04\/MSalmeron-TERMIS26.jpg\" \/>\n\t<meta property=\"og:image:width\" content=\"1498\" \/>\n\t<meta property=\"og:image:height\" content=\"1124\" \/>\n\t<meta property=\"og:image:type\" content=\"image\/jpeg\" \/>\n<meta name=\"author\" content=\"Sarah Moreira\" \/>\n<meta name=\"twitter:card\" content=\"summary_large_image\" \/>\n<meta name=\"twitter:label1\" content=\"Escrito por\" \/>\n\t<meta name=\"twitter:data1\" content=\"Sarah Moreira\" \/>\n\t<meta name=\"twitter:label2\" content=\"Tiempo de lectura\" \/>\n\t<meta name=\"twitter:data2\" content=\"5 minutos\" \/>\n<script type=\"application\/ld+json\" class=\"yoast-schema-graph\">{\"@context\":\"https:\\\/\\\/schema.org\",\"@graph\":[{\"@type\":\"Article\",\"@id\":\"https:\\\/\\\/ibecbarcelona.eu\\\/es\\\/el-ibec-destaca-en-termiseu-2026-con-una-amplia-participacion-cientifica-y-un-papel-clave-en-el-liderazgo-del-congreso\\\/#article\",\"isPartOf\":{\"@id\":\"https:\\\/\\\/ibecbarcelona.eu\\\/es\\\/el-ibec-destaca-en-termiseu-2026-con-una-amplia-participacion-cientifica-y-un-papel-clave-en-el-liderazgo-del-congreso\\\/\"},\"author\":{\"name\":\"Sarah Moreira\",\"@id\":\"https:\\\/\\\/ibecbarcelona.eu\\\/#\\\/schema\\\/person\\\/d3a158b8d448000777023ca1e3d71d34\"},\"headline\":\"El IBEC destaca en TERMISEU 2026 con una amplia participaci\u00f3n cient\u00edfica y un papel clave en el liderazgo del congreso\",\"datePublished\":\"2026-04-27T14:47:02+00:00\",\"dateModified\":\"2026-04-27T14:53:39+00:00\",\"mainEntityOfPage\":{\"@id\":\"https:\\\/\\\/ibecbarcelona.eu\\\/es\\\/el-ibec-destaca-en-termiseu-2026-con-una-amplia-participacion-cientifica-y-un-papel-clave-en-el-liderazgo-del-congreso\\\/\"},\"wordCount\":611,\"publisher\":{\"@id\":\"https:\\\/\\\/ibecbarcelona.eu\\\/#organization\"},\"image\":{\"@id\":\"https:\\\/\\\/ibecbarcelona.eu\\\/es\\\/el-ibec-destaca-en-termiseu-2026-con-una-amplia-participacion-cientifica-y-un-papel-clave-en-el-liderazgo-del-congreso\\\/#primaryimage\"},\"thumbnailUrl\":\"https:\\\/\\\/ibecbarcelona.eu\\\/wp-content\\\/uploads\\\/2026\\\/04\\\/MSalmeron-TERMIS26.jpg\",\"keywords\":[\"Biomaterials for Neural regeneration group\",\"Biomaterials for regenerative therapies\",\"Biomimetic systems for cell engineering\",\"Biosensors for bioengineering\",\"Elena Martinez\",\"Elisabeth Engel\",\"Evento\",\"Integrative cell and tissue dynamics\",\"Javier Ram\u00f3n\",\"Josep Samitier\",\"Manuel Salmer\u00f3n\",\"Microenvironments for Medicine\",\"Nanobioengineering\",\"Samuel Sanchez\",\"Smart nano-bio-devices\",\"Xavier Trepat\",\"Zaida \u00c1lvarez\"],\"articleSection\":[\"Noticias institucionales\"],\"inLanguage\":\"es\"},{\"@type\":\"WebPage\",\"@id\":\"https:\\\/\\\/ibecbarcelona.eu\\\/es\\\/el-ibec-destaca-en-termiseu-2026-con-una-amplia-participacion-cientifica-y-un-papel-clave-en-el-liderazgo-del-congreso\\\/\",\"url\":\"https:\\\/\\\/ibecbarcelona.eu\\\/es\\\/el-ibec-destaca-en-termiseu-2026-con-una-amplia-participacion-cientifica-y-un-papel-clave-en-el-liderazgo-del-congreso\\\/\",\"name\":\"El IBEC destaca en TERMISEU 2026 con una amplia participaci\u00f3n cient\u00edfica y un papel clave en el liderazgo del congreso - Institute for Bioengineering of Catalonia\",\"isPartOf\":{\"@id\":\"https:\\\/\\\/ibecbarcelona.eu\\\/#website\"},\"primaryImageOfPage\":{\"@id\":\"https:\\\/\\\/ibecbarcelona.eu\\\/es\\\/el-ibec-destaca-en-termiseu-2026-con-una-amplia-participacion-cientifica-y-un-papel-clave-en-el-liderazgo-del-congreso\\\/#primaryimage\"},\"image\":{\"@id\":\"https:\\\/\\\/ibecbarcelona.eu\\\/es\\\/el-ibec-destaca-en-termiseu-2026-con-una-amplia-participacion-cientifica-y-un-papel-clave-en-el-liderazgo-del-congreso\\\/#primaryimage\"},\"thumbnailUrl\":\"https:\\\/\\\/ibecbarcelona.eu\\\/wp-content\\\/uploads\\\/2026\\\/04\\\/MSalmeron-TERMIS26.jpg\",\"datePublished\":\"2026-04-27T14:47:02+00:00\",\"dateModified\":\"2026-04-27T14:53:39+00:00\",\"breadcrumb\":{\"@id\":\"https:\\\/\\\/ibecbarcelona.eu\\\/es\\\/el-ibec-destaca-en-termiseu-2026-con-una-amplia-participacion-cientifica-y-un-papel-clave-en-el-liderazgo-del-congreso\\\/#breadcrumb\"},\"inLanguage\":\"es\",\"potentialAction\":[{\"@type\":\"ReadAction\",\"target\":[\"https:\\\/\\\/ibecbarcelona.eu\\\/es\\\/el-ibec-destaca-en-termiseu-2026-con-una-amplia-participacion-cientifica-y-un-papel-clave-en-el-liderazgo-del-congreso\\\/\"]}]},{\"@type\":\"ImageObject\",\"inLanguage\":\"es\",\"@id\":\"https:\\\/\\\/ibecbarcelona.eu\\\/es\\\/el-ibec-destaca-en-termiseu-2026-con-una-amplia-participacion-cientifica-y-un-papel-clave-en-el-liderazgo-del-congreso\\\/#primaryimage\",\"url\":\"https:\\\/\\\/ibecbarcelona.eu\\\/wp-content\\\/uploads\\\/2026\\\/04\\\/MSalmeron-TERMIS26.jpg\",\"contentUrl\":\"https:\\\/\\\/ibecbarcelona.eu\\\/wp-content\\\/uploads\\\/2026\\\/04\\\/MSalmeron-TERMIS26.jpg\",\"width\":1498,\"height\":1124},{\"@type\":\"BreadcrumbList\",\"@id\":\"https:\\\/\\\/ibecbarcelona.eu\\\/es\\\/el-ibec-destaca-en-termiseu-2026-con-una-amplia-participacion-cientifica-y-un-papel-clave-en-el-liderazgo-del-congreso\\\/#breadcrumb\",\"itemListElement\":[{\"@type\":\"ListItem\",\"position\":1,\"name\":\"Home\",\"item\":\"https:\\\/\\\/ibecbarcelona.eu\\\/es\\\/\"},{\"@type\":\"ListItem\",\"position\":2,\"name\":\"El IBEC destaca en TERMISEU 2026 con una amplia participaci\u00f3n cient\u00edfica y un papel clave en el liderazgo del congreso\"}]},{\"@type\":\"WebSite\",\"@id\":\"https:\\\/\\\/ibecbarcelona.eu\\\/#website\",\"url\":\"https:\\\/\\\/ibecbarcelona.eu\\\/\",\"name\":\"Institute for Bioengineering of Catalonia\",\"description\":\"Bioengineering solutions for health\",\"publisher\":{\"@id\":\"https:\\\/\\\/ibecbarcelona.eu\\\/#organization\"},\"potentialAction\":[{\"@type\":\"SearchAction\",\"target\":{\"@type\":\"EntryPoint\",\"urlTemplate\":\"https:\\\/\\\/ibecbarcelona.eu\\\/?s={search_term_string}\"},\"query-input\":{\"@type\":\"PropertyValueSpecification\",\"valueRequired\":true,\"valueName\":\"search_term_string\"}}],\"inLanguage\":\"es\"},{\"@type\":\"Organization\",\"@id\":\"https:\\\/\\\/ibecbarcelona.eu\\\/#organization\",\"name\":\"Institute for Bioengineering of Catalonia\",\"url\":\"https:\\\/\\\/ibecbarcelona.eu\\\/\",\"logo\":{\"@type\":\"ImageObject\",\"inLanguage\":\"es\",\"@id\":\"https:\\\/\\\/ibecbarcelona.eu\\\/#\\\/schema\\\/logo\\\/image\\\/\",\"url\":\"https:\\\/\\\/ibecbarcelona.eu\\\/wp-content\\\/uploads\\\/2026\\\/01\\\/cropped-IBEC_20ANYS_GRIS.png\",\"contentUrl\":\"https:\\\/\\\/ibecbarcelona.eu\\\/wp-content\\\/uploads\\\/2026\\\/01\\\/cropped-IBEC_20ANYS_GRIS.png\",\"width\":696,\"height\":257,\"caption\":\"Institute for Bioengineering of Catalonia\"},\"image\":{\"@id\":\"https:\\\/\\\/ibecbarcelona.eu\\\/#\\\/schema\\\/logo\\\/image\\\/\"}},{\"@type\":\"Person\",\"@id\":\"https:\\\/\\\/ibecbarcelona.eu\\\/#\\\/schema\\\/person\\\/d3a158b8d448000777023ca1e3d71d34\",\"name\":\"Sarah Moreira\",\"image\":{\"@type\":\"ImageObject\",\"inLanguage\":\"es\",\"@id\":\"https:\\\/\\\/secure.gravatar.com\\\/avatar\\\/37385a1f83bdef106d1b89522da4c620ee48ba2eb0662dbc73ba05b7f3fbdf89?s=96&d=mm&r=g\",\"url\":\"https:\\\/\\\/secure.gravatar.com\\\/avatar\\\/37385a1f83bdef106d1b89522da4c620ee48ba2eb0662dbc73ba05b7f3fbdf89?s=96&d=mm&r=g\",\"contentUrl\":\"https:\\\/\\\/secure.gravatar.com\\\/avatar\\\/37385a1f83bdef106d1b89522da4c620ee48ba2eb0662dbc73ba05b7f3fbdf89?s=96&d=mm&r=g\",\"caption\":\"Sarah Moreira\"},\"url\":\"https:\\\/\\\/ibecbarcelona.eu\\\/es\\\/author\\\/smoreira\\\/\"}]}<\/script>\n<!-- \/ Yoast SEO plugin. -->","yoast_head_json":{"title":"El IBEC destaca en TERMISEU 2026 con una amplia participaci\u00f3n cient\u00edfica y un papel clave en el liderazgo del congreso - Institute for Bioengineering of Catalonia","robots":{"index":"index","follow":"follow","max-snippet":"max-snippet:-1","max-image-preview":"max-image-preview:large","max-video-preview":"max-video-preview:-1"},"canonical":"https:\/\/ibecbarcelona.eu\/es\/el-ibec-destaca-en-termiseu-2026-con-una-amplia-participacion-cientifica-y-un-papel-clave-en-el-liderazgo-del-congreso\/","og_locale":"es_ES","og_type":"article","og_title":"El IBEC destaca en TERMISEU 2026 con una amplia participaci\u00f3n cient\u00edfica y un papel clave en el liderazgo del congreso - Institute for Bioengineering of Catalonia","og_description":"El IBEC destaca en TERMISEU 2026, el congreso europeo de referencia en ingenier\u00eda de tejidos y medicina regenerativa, celebrado del 21 al 24 de abril de 2026 en el Palacio de Congresos de Palma (Mallorca), con una participaci\u00f3n muy relevante en un evento que ha reunido a m\u00e1s de 1.600 investigadoras e investigadores.","og_url":"https:\/\/ibecbarcelona.eu\/es\/el-ibec-destaca-en-termiseu-2026-con-una-amplia-participacion-cientifica-y-un-papel-clave-en-el-liderazgo-del-congreso\/","og_site_name":"Institute for Bioengineering of Catalonia","article_published_time":"2026-04-27T14:47:02+00:00","article_modified_time":"2026-04-27T14:53:39+00:00","og_image":[{"width":1498,"height":1124,"url":"https:\/\/ibecbarcelona.eu\/wp-content\/uploads\/2026\/04\/MSalmeron-TERMIS26.jpg","type":"image\/jpeg"}],"author":"Sarah Moreira","twitter_card":"summary_large_image","twitter_misc":{"Escrito por":"Sarah Moreira","Tiempo de lectura":"5 minutos"},"schema":{"@context":"https:\/\/schema.org","@graph":[{"@type":"Article","@id":"https:\/\/ibecbarcelona.eu\/es\/el-ibec-destaca-en-termiseu-2026-con-una-amplia-participacion-cientifica-y-un-papel-clave-en-el-liderazgo-del-congreso\/#article","isPartOf":{"@id":"https:\/\/ibecbarcelona.eu\/es\/el-ibec-destaca-en-termiseu-2026-con-una-amplia-participacion-cientifica-y-un-papel-clave-en-el-liderazgo-del-congreso\/"},"author":{"name":"Sarah Moreira","@id":"https:\/\/ibecbarcelona.eu\/#\/schema\/person\/d3a158b8d448000777023ca1e3d71d34"},"headline":"El IBEC destaca en TERMISEU 2026 con una amplia participaci\u00f3n cient\u00edfica y un papel clave en el liderazgo del congreso","datePublished":"2026-04-27T14:47:02+00:00","dateModified":"2026-04-27T14:53:39+00:00","mainEntityOfPage":{"@id":"https:\/\/ibecbarcelona.eu\/es\/el-ibec-destaca-en-termiseu-2026-con-una-amplia-participacion-cientifica-y-un-papel-clave-en-el-liderazgo-del-congreso\/"},"wordCount":611,"publisher":{"@id":"https:\/\/ibecbarcelona.eu\/#organization"},"image":{"@id":"https:\/\/ibecbarcelona.eu\/es\/el-ibec-destaca-en-termiseu-2026-con-una-amplia-participacion-cientifica-y-un-papel-clave-en-el-liderazgo-del-congreso\/#primaryimage"},"thumbnailUrl":"https:\/\/ibecbarcelona.eu\/wp-content\/uploads\/2026\/04\/MSalmeron-TERMIS26.jpg","keywords":["Biomaterials for Neural regeneration group","Biomaterials for regenerative therapies","Biomimetic systems for cell engineering","Biosensors for bioengineering","Elena Martinez","Elisabeth Engel","Evento","Integrative cell and tissue dynamics","Javier Ram\u00f3n","Josep Samitier","Manuel Salmer\u00f3n","Microenvironments for Medicine","Nanobioengineering","Samuel Sanchez","Smart nano-bio-devices","Xavier Trepat","Zaida \u00c1lvarez"],"articleSection":["Noticias institucionales"],"inLanguage":"es"},{"@type":"WebPage","@id":"https:\/\/ibecbarcelona.eu\/es\/el-ibec-destaca-en-termiseu-2026-con-una-amplia-participacion-cientifica-y-un-papel-clave-en-el-liderazgo-del-congreso\/","url":"https:\/\/ibecbarcelona.eu\/es\/el-ibec-destaca-en-termiseu-2026-con-una-amplia-participacion-cientifica-y-un-papel-clave-en-el-liderazgo-del-congreso\/","name":"El IBEC destaca en TERMISEU 2026 con una amplia participaci\u00f3n cient\u00edfica y un papel clave en el liderazgo del congreso - Institute for Bioengineering of Catalonia","isPartOf":{"@id":"https:\/\/ibecbarcelona.eu\/#website"},"primaryImageOfPage":{"@id":"https:\/\/ibecbarcelona.eu\/es\/el-ibec-destaca-en-termiseu-2026-con-una-amplia-participacion-cientifica-y-un-papel-clave-en-el-liderazgo-del-congreso\/#primaryimage"},"image":{"@id":"https:\/\/ibecbarcelona.eu\/es\/el-ibec-destaca-en-termiseu-2026-con-una-amplia-participacion-cientifica-y-un-papel-clave-en-el-liderazgo-del-congreso\/#primaryimage"},"thumbnailUrl":"https:\/\/ibecbarcelona.eu\/wp-content\/uploads\/2026\/04\/MSalmeron-TERMIS26.jpg","datePublished":"2026-04-27T14:47:02+00:00","dateModified":"2026-04-27T14:53:39+00:00","breadcrumb":{"@id":"https:\/\/ibecbarcelona.eu\/es\/el-ibec-destaca-en-termiseu-2026-con-una-amplia-participacion-cientifica-y-un-papel-clave-en-el-liderazgo-del-congreso\/#breadcrumb"},"inLanguage":"es","potentialAction":[{"@type":"ReadAction","target":["https:\/\/ibecbarcelona.eu\/es\/el-ibec-destaca-en-termiseu-2026-con-una-amplia-participacion-cientifica-y-un-papel-clave-en-el-liderazgo-del-congreso\/"]}]},{"@type":"ImageObject","inLanguage":"es","@id":"https:\/\/ibecbarcelona.eu\/es\/el-ibec-destaca-en-termiseu-2026-con-una-amplia-participacion-cientifica-y-un-papel-clave-en-el-liderazgo-del-congreso\/#primaryimage","url":"https:\/\/ibecbarcelona.eu\/wp-content\/uploads\/2026\/04\/MSalmeron-TERMIS26.jpg","contentUrl":"https:\/\/ibecbarcelona.eu\/wp-content\/uploads\/2026\/04\/MSalmeron-TERMIS26.jpg","width":1498,"height":1124},{"@type":"BreadcrumbList","@id":"https:\/\/ibecbarcelona.eu\/es\/el-ibec-destaca-en-termiseu-2026-con-una-amplia-participacion-cientifica-y-un-papel-clave-en-el-liderazgo-del-congreso\/#breadcrumb","itemListElement":[{"@type":"ListItem","position":1,"name":"Home","item":"https:\/\/ibecbarcelona.eu\/es\/"},{"@type":"ListItem","position":2,"name":"El IBEC destaca en TERMISEU 2026 con una amplia participaci\u00f3n cient\u00edfica y un papel clave en el liderazgo del congreso"}]},{"@type":"WebSite","@id":"https:\/\/ibecbarcelona.eu\/#website","url":"https:\/\/ibecbarcelona.eu\/","name":"Institute for Bioengineering of Catalonia","description":"Bioengineering solutions for health","publisher":{"@id":"https:\/\/ibecbarcelona.eu\/#organization"},"potentialAction":[{"@type":"SearchAction","target":{"@type":"EntryPoint","urlTemplate":"https:\/\/ibecbarcelona.eu\/?s={search_term_string}"},"query-input":{"@type":"PropertyValueSpecification","valueRequired":true,"valueName":"search_term_string"}}],"inLanguage":"es"},{"@type":"Organization","@id":"https:\/\/ibecbarcelona.eu\/#organization","name":"Institute for Bioengineering of Catalonia","url":"https:\/\/ibecbarcelona.eu\/","logo":{"@type":"ImageObject","inLanguage":"es","@id":"https:\/\/ibecbarcelona.eu\/#\/schema\/logo\/image\/","url":"https:\/\/ibecbarcelona.eu\/wp-content\/uploads\/2026\/01\/cropped-IBEC_20ANYS_GRIS.png","contentUrl":"https:\/\/ibecbarcelona.eu\/wp-content\/uploads\/2026\/01\/cropped-IBEC_20ANYS_GRIS.png","width":696,"height":257,"caption":"Institute for Bioengineering of Catalonia"},"image":{"@id":"https:\/\/ibecbarcelona.eu\/#\/schema\/logo\/image\/"}},{"@type":"Person","@id":"https:\/\/ibecbarcelona.eu\/#\/schema\/person\/d3a158b8d448000777023ca1e3d71d34","name":"Sarah Moreira","image":{"@type":"ImageObject","inLanguage":"es","@id":"https:\/\/secure.gravatar.com\/avatar\/37385a1f83bdef106d1b89522da4c620ee48ba2eb0662dbc73ba05b7f3fbdf89?s=96&d=mm&r=g","url":"https:\/\/secure.gravatar.com\/avatar\/37385a1f83bdef106d1b89522da4c620ee48ba2eb0662dbc73ba05b7f3fbdf89?s=96&d=mm&r=g","contentUrl":"https:\/\/secure.gravatar.com\/avatar\/37385a1f83bdef106d1b89522da4c620ee48ba2eb0662dbc73ba05b7f3fbdf89?s=96&d=mm&r=g","caption":"Sarah Moreira"},"url":"https:\/\/ibecbarcelona.eu\/es\/author\/smoreira\/"}]}},"AFP_featured_media_urls":{"full":["https:\/\/ibecbarcelona.eu\/wp-content\/uploads\/2026\/04\/MSalmeron-TERMIS26.jpg",1498,1124,false],"thumbnail":["https:\/\/ibecbarcelona.eu\/wp-content\/uploads\/2026\/04\/MSalmeron-TERMIS26-150x150.jpg",150,150,true],"medium":["https:\/\/ibecbarcelona.eu\/wp-content\/uploads\/2026\/04\/MSalmeron-TERMIS26-300x225.jpg",300,225,true],"medium_large":["https:\/\/ibecbarcelona.eu\/wp-content\/uploads\/2026\/04\/MSalmeron-TERMIS26-768x576.jpg",768,576,true],"large":["https:\/\/ibecbarcelona.eu\/wp-content\/uploads\/2026\/04\/MSalmeron-TERMIS26-1024x768.jpg",1024,768,true]},"AFP_attachments":{"full":["https:\/\/ibecbarcelona.eu\/wp-content\/uploads\/2026\/04\/MSalmeron-TERMIS26.jpg",1498,1124,false],"thumbnail":["https:\/\/ibecbarcelona.eu\/wp-content\/uploads\/2026\/04\/MSalmeron-TERMIS26-150x150.jpg",150,150,true],"medium":["https:\/\/ibecbarcelona.eu\/wp-content\/uploads\/2026\/04\/MSalmeron-TERMIS26-300x225.jpg",300,225,true],"medium_large":["https:\/\/ibecbarcelona.eu\/wp-content\/uploads\/2026\/04\/MSalmeron-TERMIS26-768x576.jpg",768,576,true],"large":["https:\/\/ibecbarcelona.eu\/wp-content\/uploads\/2026\/04\/MSalmeron-TERMIS26-1024x768.jpg",1024,768,true]},"AFP_videos":[],"AFP_video_blocks":"","AFP_category_names":["Noticias institucionales"],"_links":{"self":[{"href":"https:\/\/ibecbarcelona.eu\/es\/wp-json\/wp\/v2\/posts\/133359","targetHints":{"allow":["GET"]}}],"collection":[{"href":"https:\/\/ibecbarcelona.eu\/es\/wp-json\/wp\/v2\/posts"}],"about":[{"href":"https:\/\/ibecbarcelona.eu\/es\/wp-json\/wp\/v2\/types\/post"}],"author":[{"embeddable":true,"href":"https:\/\/ibecbarcelona.eu\/es\/wp-json\/wp\/v2\/users\/37"}],"replies":[{"embeddable":true,"href":"https:\/\/ibecbarcelona.eu\/es\/wp-json\/wp\/v2\/comments?post=133359"}],"version-history":[{"count":1,"href":"https:\/\/ibecbarcelona.eu\/es\/wp-json\/wp\/v2\/posts\/133359\/revisions"}],"predecessor-version":[{"id":133361,"href":"https:\/\/ibecbarcelona.eu\/es\/wp-json\/wp\/v2\/posts\/133359\/revisions\/133361"}],"wp:featuredmedia":[{"embeddable":true,"href":"https:\/\/ibecbarcelona.eu\/es\/wp-json\/wp\/v2\/media\/133325"}],"wp:attachment":[{"href":"https:\/\/ibecbarcelona.eu\/es\/wp-json\/wp\/v2\/media?parent=133359"}],"wp:term":[{"taxonomy":"category","embeddable":true,"href":"https:\/\/ibecbarcelona.eu\/es\/wp-json\/wp\/v2\/categories?post=133359"},{"taxonomy":"post_tag","embeddable":true,"href":"https:\/\/ibecbarcelona.eu\/es\/wp-json\/wp\/v2\/tags?post=133359"},{"taxonomy":"post_format","embeddable":true,"href":"https:\/\/ibecbarcelona.eu\/es\/wp-json\/wp\/v2\/post_formats?post=133359"}],"curies":[{"name":"wp","href":"https:\/\/api.w.org\/{rel}","templated":true}]}}