{"id":134610,"date":"2026-07-02T09:00:00","date_gmt":"2026-07-02T07:00:00","guid":{"rendered":"https:\/\/ibecbarcelona.eu\/?p=134610"},"modified":"2026-08-20T12:25:51","modified_gmt":"2026-08-20T10:25:51","slug":"nou-estudi-revela-com-el-comportament-de-les-proteines-impulsa-especialitzacio-de-la-barrera-hematoencefalica","status":"publish","type":"post","link":"https:\/\/ibecbarcelona.eu\/es\/nou-estudi-revela-com-el-comportament-de-les-proteines-impulsa-especialitzacio-de-la-barrera-hematoencefalica\/","title":{"rendered":"Nuevo estudio revela c\u00f3mo el comportamiento de las prote\u00ednas impulsa la especializaci\u00f3n de la barrera hematoencef\u00e1lica"},"content":{"rendered":"\n<p><strong>Una investigaci\u00f3n liderada por el Instituto de Bioingenier\u00eda de Catalu\u00f1a (IBEC) revela que la barrera hematoencef\u00e1lica se define no solo por las prote\u00ednas que expresa, sino tambi\u00e9n por c\u00f3mo las utiliza, a trav\u00e9s de una propiedad din\u00e1mica conocida como tasa de recambio endoc\u00edtico (ETOR).<\/strong> <strong>Este descubrimiento muestra que las c\u00e9lulas endoteliales cerebrales tienen un comportamiento molecular \u00fanico que las distingue de otros vasos sangu\u00edneos y que puede alterarse durante la inflamaci\u00f3n.<\/strong> <strong>Los resultados aportan nuevos conocimientos sobre c\u00f3mo funciona y se altera esta barrera en el contexto de enfermedades, lo que podr\u00eda ayudar a identificar nuevas estrategias terap\u00e9uticas para restaurar la salud neurovascular.<\/strong><\/p>\n\n\n\n<figure class=\"wp-block-image size-large\"><img decoding=\"async\" width=\"1024\" height=\"683\" data-src=\"https:\/\/ibecbarcelona.eu\/wp-content\/uploads\/2026\/07\/0M0A0147-Editada-1024x683.jpg\" alt=\"\" class=\"wp-image-134604 lazyload\" data-srcset=\"https:\/\/ibecbarcelona.eu\/wp-content\/uploads\/2026\/07\/0M0A0147-Editada-1024x683.jpg 1024w, https:\/\/ibecbarcelona.eu\/wp-content\/uploads\/2026\/07\/0M0A0147-Editada-300x200.jpg 300w, https:\/\/ibecbarcelona.eu\/wp-content\/uploads\/2026\/07\/0M0A0147-Editada-768x512.jpg 768w, https:\/\/ibecbarcelona.eu\/wp-content\/uploads\/2026\/07\/0M0A0147-Editada-1536x1024.jpg 1536w, https:\/\/ibecbarcelona.eu\/wp-content\/uploads\/2026\/07\/0M0A0147-Editada-2048x1365.jpg 2048w, https:\/\/ibecbarcelona.eu\/wp-content\/uploads\/2026\/07\/0M0A0147-Editada-1200x800.jpg 1200w, https:\/\/ibecbarcelona.eu\/wp-content\/uploads\/2026\/07\/0M0A0147-Editada-600x400.jpg 600w\" data-sizes=\"(max-width: 1024px) 100vw, 1024px\" src=\"data:image\/svg+xml;base64,PHN2ZyB3aWR0aD0iMSIgaGVpZ2h0PSIxIiB4bWxucz0iaHR0cDovL3d3dy53My5vcmcvMjAwMC9zdmciPjwvc3ZnPg==\" style=\"--smush-placeholder-width: 1024px; --smush-placeholder-aspect-ratio: 1024\/683;\" \/><\/figure>\n\n\n\n<div style=\"height:20px\" aria-hidden=\"true\" class=\"wp-block-spacer\"><\/div>\n\n\n\n<p>Un estudio liderado por investigadores <strong>del Instituto de Bioingenier\u00eda de Catalu\u00f1a (IBEC)<\/strong>, en colaboraci\u00f3n con la <strong>Plataforma de Prote\u00f3mica del Instituto de Investigaci\u00f3n Biom\u00e9dica (IRB Barcelona)<\/strong>, ha descubierto un mecanismo clave que ayuda a definir c\u00f3mo funciona la barrera hematoencef\u00e1lica, no solo en funci\u00f3n de qu\u00e9 prote\u00ednas est\u00e1n presentes, sino tambi\u00e9n de c\u00f3mo se utilizan de manera din\u00e1mica.<\/p>\n\n\n\n<blockquote class=\"wp-block-quote is-layout-flow wp-block-quote-is-layout-flow\">\n<p>Nos preguntamos si la especializaci\u00f3n de la barrera hematoencef\u00e1lica se debe solamente a las proteinas que expresa o tambi\u00e9n a como las utiliza.<\/p>\n\n\n\n<p>Daniel Gonzalez-Carter<\/p>\n<\/blockquote>\n\n\n\n<p>La investigaci\u00f3n, <a href=\"https:\/\/doi.org\/10.1016\/j.isci.2026.116231\">publicada en <em>iScience<\/em><\/a>, muestra que las c\u00e9lulas endoteliales cerebrales, que forman la barrera hematoencef\u00e1lica, presentan un \u201cperfil endoc\u00edtico\u201d \u00fanico que describe la velocidad a la que las prote\u00ednas se internalizan, reciclan o degradan; es decir, cu\u00e1nto tiempo permanecen activas en la superficie celular. Esta propiedad, conocida como <strong>tasa de recambio endoc\u00edtico<\/strong> (del ingl\u00e9s <em>endocytic turnover rate<\/em>, ETOR), emerge como un factor clave en la especializaci\u00f3n de la barrera y se ve <strong>alterada en condiciones inflamatorias<\/strong>.<\/p>\n\n\n\n<p>\u201c<em>Mediante una colaboraci\u00f3n que integra biolog\u00eda celular, prote\u00f3mica, bioinform\u00e1tica y matem\u00e1ticas, nos preguntamos si la especializaci\u00f3n de la barrera hematoencef\u00e1lica se debe no solo a las prote\u00ednas que expresa, sino tambi\u00e9n a c\u00f3mo las utiliza<\/em>\u201d, explica <strong>Daniel Gonzalez-Carter<\/strong>, investigador s\u00e9nior del <a href=\"https:\/\/ibecbarcelona.eu\/es\/research-groups\/molecular-bionics\/\">grupo de Bi\u00f3nica Molecular<\/a> del IBEC y l\u00edder del estudio.<\/p>\n\n\n\n<p><em>\u201cEstos hallazgos pueden ayudar a identificar nuevas estrategias terap\u00e9uticas para restaurar la salud neurovascular\u201d<\/em>, a\u00f1ade <strong>Giuseppe Battaglia<\/strong>, profesor de investigaci\u00f3n ICREA en el IBEC, investigador principal del grupo de Bi\u00f3nica Molecular y coautor del estudio.<\/p>\n\n\n\n<p>La barrera hematoencef\u00e1lica es una interfaz altamente selectiva que protege el cerebro al tiempo que permite el paso de nutrientes y se\u00f1ales esenciales. Tradicionalmente, su funci\u00f3n se ha explicado a partir de la identidad y la abundancia de las prote\u00ednas presentes en la superficie de las c\u00e9lulas endoteliales.<\/p>\n\n\n\n<p>Sin embargo, a\u00fan no est\u00e1 claro si la regulaci\u00f3n din\u00e1mica de estas prote\u00ednas, el llamado perfil ETOR, contribuye a las propiedades \u00fanicas de las c\u00e9lulas endoteliales cerebrales. Asimismo, se desconoce si esta regulaci\u00f3n din\u00e1mica cambia en condiciones patol\u00f3gicas y afecta al funcionamiento de la barrera.<\/p>\n\n\n\n<blockquote class=\"wp-block-quote is-layout-flow wp-block-quote-is-layout-flow\">\n<p>Estos descubrimientos pueden ayudar a identificar nuevas estrategias terap\u00e9uticas para restaurar la salud neurovascular. <\/p>\n\n\n\n<p>Giuseppe Battaglia<\/p>\n<\/blockquote>\n\n\n\n<p>Utilizando t\u00e9cnicas avanzadas de prote\u00f3mica, el equipo analiz\u00f3 c\u00f3mo se comportan a lo largo del tiempo casi 1.000 prote\u00ednas de membrana en c\u00e9lulas endoteliales de rata procedentes del cerebro y de otros \u00f3rganos. Descubrieron que <strong>el tiempo que estas prote\u00ednas permanecen en la superficie celular<\/strong> constituye una capa adicional e independiente de regulaci\u00f3n.<\/p>\n\n\n\n<p>Los investigadores identificaron un <strong>perfil ETOR espec\u00edfico<\/strong> en las c\u00e9lulas endoteliales cerebrales que las diferencia claramente de las de otros \u00f3rganos, incluso cuando la composici\u00f3n proteica es relativamente similar.<\/p>\n\n\n\n<p>En concreto, las prote\u00ednas implicadas en el transporte mostraron tasas de recambio elevadas, lo que probablemente favorece un suministro eficiente de nutrientes al cerebro. Por el contrario, las prote\u00ednas de uni\u00f3n celular, esenciales para mantener la estanqueidad de la barrera, presentaron tasas de recambio bajas, lo que garantiza su estabilidad estructural.<\/p>\n\n\n\n<p>De forma crucial, estas din\u00e1micas <strong>no estaban correlacionadas con la abundancia de prote\u00ednas<\/strong>, lo que demuestra que el ETOR constituye una caracter\u00edstica reguladora independiente de la funci\u00f3n endotelial.<\/p>\n\n\n\n<h4 class=\"wp-block-heading\"><strong><strong><strong><strong>La inflamaci\u00f3n reconfigura el comportamiento de la barrera<\/strong><\/strong><\/strong><\/strong><\/h4>\n\n\n\n<p>El estudio tambi\u00e9n muestra que la patolog\u00eda altera estas din\u00e1micas. Cuando se exponen a se\u00f1ales inflamatorias, las c\u00e9lulas endoteliales cerebrales mantienen una composici\u00f3n proteica global similar, pero su comportamiento cambia: su perfil ETOR se modifica significativamente.<\/p>\n\n\n\n<p><em>\u201cObservamos que las c\u00e9lulas endoteliales cerebrales gestionan las prote\u00ednas de una forma muy espec\u00edfica que las distingue de los vasos sangu\u00edneos del resto del organismo. Lo importante es que este comportamiento especializado se altera durante la inflamaci\u00f3n, haciendo que se comporten m\u00e1s como vasos sangu\u00edneos perif\u00e9ricos t\u00edpicos y debilitando potencialmente su capacidad para proteger el cerebro\u201d<\/em>, explica Gonzalez-Carter.<\/p>\n\n\n\n<p>Asimismo, los investigadores comprobaron que los cambios en la abundancia de prote\u00ednas reflejan principalmente <strong>respuestas inmunitarias<\/strong>. En cambio, los cambios en el ETOR revelan procesos relacionados con la <strong>remodelaci\u00f3n vascular<\/strong>. Esto sugiere que centrarse \u00fanicamente en los niveles de prote\u00ednas puede hacer que se pasen por alto mecanismos clave de la enfermedad.<\/p>\n\n\n\n<h4 class=\"wp-block-heading\"><strong><strong><strong><strong>Implicaciones para la salud cerebral y el desarrollo de terapias<\/strong><\/strong><\/strong><\/strong><\/h4>\n\n\n\n<p>Estos hallazgos abren nuevas v\u00edas para comprender c\u00f3mo se regula la barrera hematoencef\u00e1lica tanto en condiciones normales como patol\u00f3gicas. Dado que esta barrera desempe\u00f1a un papel central en trastornos neurol\u00f3gicos \u2014como la enfermedad de Alzheimer, las consecuencias del ictus o la neuroinflamaci\u00f3n, entre otros\u2014, identificar los mecanismos que controlan su integridad resulta fundamental.<\/p>\n\n\n\n<p>Al poner de relieve el ETOR como una dimensi\u00f3n reguladora clave, el estudio tambi\u00e9n podr\u00eda contribuir a desarrollar estrategias para restaurar la funci\u00f3n de la barrera, mejorar la administraci\u00f3n de f\u00e1rmacos al cerebro e identificar nuevas dianas terap\u00e9uticas que ayuden a proteger o restablecer la salud cerebral.<\/p>\n\n\n\n<hr class=\"wp-block-separator has-alpha-channel-opacity\"\/>\n\n\n\n<p><strong><strong><strong>Art\u00edculo de referencia:<\/strong><\/strong><\/strong><\/p>\n\n\n\n<p>Alba Tom\u00e1s-Sitjes, Gianluca Arauz-Garofalo, Marina Gay, S\u00f2nia Jari\u00f3, Marta Vilaseca, Valentina Schastlivaia, Maaike Kessen, Nicola Manicardi, Giuseppe Battaglia, Daniel Gonzalez-Carter. <strong>Endocytic turnover of endothelial cell-membrane proteins as a driver of rat blood-brain barrier specialization and dysfunction<\/strong>. <em>iScience <\/em>(2026). DOI: <a href=\"https:\/\/doi.org\/10.1016\/j.isci.2026.116231\">https:\/\/doi.org\/10.1016\/j.isci.2026.116231<\/a><\/p>\n\n\n\n<hr class=\"wp-block-separator has-alpha-channel-opacity\"\/>\n\n\n\n<p><a id=\"_msocom_1\"><\/a><\/p>\n\n\n\n<figure class=\"wp-block-image size-large is-resized\"><img decoding=\"async\" width=\"1024\" height=\"1024\" data-src=\"https:\/\/ibecbarcelona.eu\/wp-content\/uploads\/2026\/03\/S-WEB-Goal-03-1024x1024.png\" alt=\"\" class=\"wp-image-133029 lazyload\" style=\"--smush-placeholder-width: 1024px; --smush-placeholder-aspect-ratio: 1024\/1024;width:150px\" data-srcset=\"https:\/\/ibecbarcelona.eu\/wp-content\/uploads\/2026\/03\/S-WEB-Goal-03-1024x1024.png 1024w, https:\/\/ibecbarcelona.eu\/wp-content\/uploads\/2026\/03\/S-WEB-Goal-03-300x300.png 300w, https:\/\/ibecbarcelona.eu\/wp-content\/uploads\/2026\/03\/S-WEB-Goal-03-150x150.png 150w, https:\/\/ibecbarcelona.eu\/wp-content\/uploads\/2026\/03\/S-WEB-Goal-03-768x768.png 768w, https:\/\/ibecbarcelona.eu\/wp-content\/uploads\/2026\/03\/S-WEB-Goal-03-1200x1200.png 1200w, https:\/\/ibecbarcelona.eu\/wp-content\/uploads\/2026\/03\/S-WEB-Goal-03-600x600.png 600w, https:\/\/ibecbarcelona.eu\/wp-content\/uploads\/2026\/03\/S-WEB-Goal-03.png 1500w\" data-sizes=\"(max-width: 1024px) 100vw, 1024px\" src=\"data:image\/svg+xml;base64,PHN2ZyB3aWR0aD0iMSIgaGVpZ2h0PSIxIiB4bWxucz0iaHR0cDovL3d3dy53My5vcmcvMjAwMC9zdmciPjwvc3ZnPg==\" \/><\/figure>\n","protected":false},"excerpt":{"rendered":"<p>Una investigaci\u00f3 liderada per l&#8217;Institut de Bioenginyeria de Catalunya (IBEC) revela que la barrera hematoencef\u00e0lica es defineix no nom\u00e9s per les prote\u00efnes que expressa, sin\u00f3 per com les utilitza, a trav\u00e9s d&#8217;una propietat din\u00e0mica coneguda com a taxa de recanvi endoc\u00edtic (ETOR). Aquest descobriment mostra que les c\u00e8l\u00b7lules endotelials cerebrals tenen un comportament molecular \u00fanic que les distingeix d&#8217;altres vasos sanguinis i que pot alterar-se durant la inflamaci\u00f3. Els resultats aporten nous coneixements sobre com funciona i s&#8217;altera aquesta barrera en el context de malalties, cosa que podria ajudar a identificar noves estrat\u00e8gies terap\u00e8utiques per restaurar la salut neurovascular.<\/p>\n","protected":false},"author":37,"featured_media":134606,"comment_status":"closed","ping_status":"closed","sticky":false,"template":"","format":"standard","meta":{"footnotes":""},"categories":[97],"tags":[1106,2002],"post_formats":[],"class_list":["post-134610","post","type-post","status-publish","format-standard","has-post-thumbnail","hentry","category-noticias-de-investigacion","tag-giuseppe-battaglia-es","tag-molecular-bionics-es"],"yoast_head":"<!-- This site is optimized with the Yoast SEO plugin v28.2 - https:\/\/yoast.com\/product\/yoast-seo-wordpress\/ -->\n<title>Nuevo estudio revela c\u00f3mo el comportamiento de las prote\u00ednas impulsa la especializaci\u00f3n de la barrera hematoencef\u00e1lica - Institute for Bioengineering of Catalonia<\/title>\n<meta name=\"robots\" content=\"index, follow, max-snippet:-1, max-image-preview:large, max-video-preview:-1\" \/>\n<link rel=\"canonical\" href=\"https:\/\/ibecbarcelona.eu\/es\/nou-estudi-revela-com-el-comportament-de-les-proteines-impulsa-especialitzacio-de-la-barrera-hematoencefalica\/\" \/>\n<meta property=\"og:locale\" content=\"es_ES\" \/>\n<meta property=\"og:type\" content=\"article\" \/>\n<meta property=\"og:title\" content=\"Nuevo estudio revela c\u00f3mo el comportamiento de las prote\u00ednas impulsa la especializaci\u00f3n de la barrera hematoencef\u00e1lica - Institute for Bioengineering of Catalonia\" \/>\n<meta property=\"og:description\" content=\"Una investigaci\u00f3 liderada per l&#039;Institut de Bioenginyeria de Catalunya (IBEC) revela que la barrera hematoencef\u00e0lica es defineix no nom\u00e9s per les prote\u00efnes que expressa, sin\u00f3 per com les utilitza, a trav\u00e9s d&#039;una propietat din\u00e0mica coneguda com a taxa de recanvi endoc\u00edtic (ETOR). Aquest descobriment mostra que les c\u00e8l\u00b7lules endotelials cerebrals tenen un comportament molecular \u00fanic que les distingeix d&#039;altres vasos sanguinis i que pot alterar-se durant la inflamaci\u00f3. Els resultats aporten nous coneixements sobre com funciona i s&#039;altera aquesta barrera en el context de malalties, cosa que podria ajudar a identificar noves estrat\u00e8gies terap\u00e8utiques per restaurar la salut neurovascular.\" \/>\n<meta property=\"og:url\" content=\"https:\/\/ibecbarcelona.eu\/es\/nou-estudi-revela-com-el-comportament-de-les-proteines-impulsa-especialitzacio-de-la-barrera-hematoencefalica\/\" \/>\n<meta property=\"og:site_name\" content=\"Institute for Bioengineering of Catalonia\" \/>\n<meta property=\"article:published_time\" content=\"2026-07-02T07:00:00+00:00\" \/>\n<meta property=\"article:modified_time\" content=\"2026-08-20T10:25:51+00:00\" \/>\n<meta property=\"og:image\" content=\"https:\/\/ibecbarcelona.eu\/wp-content\/uploads\/2026\/07\/0M0A0147-Editada-scaled.jpg\" \/>\n\t<meta property=\"og:image:width\" content=\"2560\" \/>\n\t<meta property=\"og:image:height\" content=\"1707\" \/>\n\t<meta property=\"og:image:type\" content=\"image\/jpeg\" \/>\n<meta name=\"author\" content=\"Sarah Moreira\" \/>\n<meta name=\"twitter:card\" content=\"summary_large_image\" \/>\n<meta name=\"twitter:label1\" content=\"Escrito por\" \/>\n\t<meta name=\"twitter:data1\" content=\"Sarah Moreira\" \/>\n\t<meta name=\"twitter:label2\" content=\"Tiempo de lectura\" \/>\n\t<meta name=\"twitter:data2\" content=\"5 minutos\" \/>\n<script type=\"application\/ld+json\" class=\"yoast-schema-graph\">{\"@context\":\"https:\\\/\\\/schema.org\",\"@graph\":[{\"@type\":\"Article\",\"@id\":\"https:\\\/\\\/ibecbarcelona.eu\\\/es\\\/nou-estudi-revela-com-el-comportament-de-les-proteines-impulsa-especialitzacio-de-la-barrera-hematoencefalica\\\/#article\",\"isPartOf\":{\"@id\":\"https:\\\/\\\/ibecbarcelona.eu\\\/es\\\/nou-estudi-revela-com-el-comportament-de-les-proteines-impulsa-especialitzacio-de-la-barrera-hematoencefalica\\\/\"},\"author\":{\"name\":\"Sarah Moreira\",\"@id\":\"https:\\\/\\\/ibecbarcelona.eu\\\/#\\\/schema\\\/person\\\/d3a158b8d448000777023ca1e3d71d34\"},\"headline\":\"Nuevo estudio revela c\u00f3mo el comportamiento de las prote\u00ednas impulsa la especializaci\u00f3n de la barrera hematoencef\u00e1lica\",\"datePublished\":\"2026-07-02T07:00:00+00:00\",\"dateModified\":\"2026-08-20T10:25:51+00:00\",\"mainEntityOfPage\":{\"@id\":\"https:\\\/\\\/ibecbarcelona.eu\\\/es\\\/nou-estudi-revela-com-el-comportament-de-les-proteines-impulsa-especialitzacio-de-la-barrera-hematoencefalica\\\/\"},\"wordCount\":1074,\"publisher\":{\"@id\":\"https:\\\/\\\/ibecbarcelona.eu\\\/#organization\"},\"image\":{\"@id\":\"https:\\\/\\\/ibecbarcelona.eu\\\/es\\\/nou-estudi-revela-com-el-comportament-de-les-proteines-impulsa-especialitzacio-de-la-barrera-hematoencefalica\\\/#primaryimage\"},\"thumbnailUrl\":\"https:\\\/\\\/ibecbarcelona.eu\\\/wp-content\\\/uploads\\\/2026\\\/07\\\/0M0A0147-Editada-scaled.jpg\",\"keywords\":[\"Giuseppe Battaglia\",\"Molecular Bionics\"],\"articleSection\":[\"Noticias de investigaci\u00f3n\"],\"inLanguage\":\"es\"},{\"@type\":\"WebPage\",\"@id\":\"https:\\\/\\\/ibecbarcelona.eu\\\/es\\\/nou-estudi-revela-com-el-comportament-de-les-proteines-impulsa-especialitzacio-de-la-barrera-hematoencefalica\\\/\",\"url\":\"https:\\\/\\\/ibecbarcelona.eu\\\/es\\\/nou-estudi-revela-com-el-comportament-de-les-proteines-impulsa-especialitzacio-de-la-barrera-hematoencefalica\\\/\",\"name\":\"Nuevo estudio revela c\u00f3mo el comportamiento de las prote\u00ednas impulsa la especializaci\u00f3n de la barrera hematoencef\u00e1lica - Institute for Bioengineering of Catalonia\",\"isPartOf\":{\"@id\":\"https:\\\/\\\/ibecbarcelona.eu\\\/#website\"},\"primaryImageOfPage\":{\"@id\":\"https:\\\/\\\/ibecbarcelona.eu\\\/es\\\/nou-estudi-revela-com-el-comportament-de-les-proteines-impulsa-especialitzacio-de-la-barrera-hematoencefalica\\\/#primaryimage\"},\"image\":{\"@id\":\"https:\\\/\\\/ibecbarcelona.eu\\\/es\\\/nou-estudi-revela-com-el-comportament-de-les-proteines-impulsa-especialitzacio-de-la-barrera-hematoencefalica\\\/#primaryimage\"},\"thumbnailUrl\":\"https:\\\/\\\/ibecbarcelona.eu\\\/wp-content\\\/uploads\\\/2026\\\/07\\\/0M0A0147-Editada-scaled.jpg\",\"datePublished\":\"2026-07-02T07:00:00+00:00\",\"dateModified\":\"2026-08-20T10:25:51+00:00\",\"breadcrumb\":{\"@id\":\"https:\\\/\\\/ibecbarcelona.eu\\\/es\\\/nou-estudi-revela-com-el-comportament-de-les-proteines-impulsa-especialitzacio-de-la-barrera-hematoencefalica\\\/#breadcrumb\"},\"inLanguage\":\"es\",\"potentialAction\":[{\"@type\":\"ReadAction\",\"target\":[\"https:\\\/\\\/ibecbarcelona.eu\\\/es\\\/nou-estudi-revela-com-el-comportament-de-les-proteines-impulsa-especialitzacio-de-la-barrera-hematoencefalica\\\/\"]}]},{\"@type\":\"ImageObject\",\"inLanguage\":\"es\",\"@id\":\"https:\\\/\\\/ibecbarcelona.eu\\\/es\\\/nou-estudi-revela-com-el-comportament-de-les-proteines-impulsa-especialitzacio-de-la-barrera-hematoencefalica\\\/#primaryimage\",\"url\":\"https:\\\/\\\/ibecbarcelona.eu\\\/wp-content\\\/uploads\\\/2026\\\/07\\\/0M0A0147-Editada-scaled.jpg\",\"contentUrl\":\"https:\\\/\\\/ibecbarcelona.eu\\\/wp-content\\\/uploads\\\/2026\\\/07\\\/0M0A0147-Editada-scaled.jpg\",\"width\":2560,\"height\":1707},{\"@type\":\"BreadcrumbList\",\"@id\":\"https:\\\/\\\/ibecbarcelona.eu\\\/es\\\/nou-estudi-revela-com-el-comportament-de-les-proteines-impulsa-especialitzacio-de-la-barrera-hematoencefalica\\\/#breadcrumb\",\"itemListElement\":[{\"@type\":\"ListItem\",\"position\":1,\"name\":\"Home\",\"item\":\"https:\\\/\\\/ibecbarcelona.eu\\\/es\\\/\"},{\"@type\":\"ListItem\",\"position\":2,\"name\":\"Nuevo estudio revela c\u00f3mo el comportamiento de las prote\u00ednas impulsa la especializaci\u00f3n de la barrera hematoencef\u00e1lica\"}]},{\"@type\":\"WebSite\",\"@id\":\"https:\\\/\\\/ibecbarcelona.eu\\\/#website\",\"url\":\"https:\\\/\\\/ibecbarcelona.eu\\\/\",\"name\":\"Institute for Bioengineering of Catalonia\",\"description\":\"Bioengineering solutions for health\",\"publisher\":{\"@id\":\"https:\\\/\\\/ibecbarcelona.eu\\\/#organization\"},\"potentialAction\":[{\"@type\":\"SearchAction\",\"target\":{\"@type\":\"EntryPoint\",\"urlTemplate\":\"https:\\\/\\\/ibecbarcelona.eu\\\/?s={search_term_string}\"},\"query-input\":{\"@type\":\"PropertyValueSpecification\",\"valueRequired\":true,\"valueName\":\"search_term_string\"}}],\"inLanguage\":\"es\"},{\"@type\":\"Organization\",\"@id\":\"https:\\\/\\\/ibecbarcelona.eu\\\/#organization\",\"name\":\"Institute for Bioengineering of Catalonia\",\"url\":\"https:\\\/\\\/ibecbarcelona.eu\\\/\",\"logo\":{\"@type\":\"ImageObject\",\"inLanguage\":\"es\",\"@id\":\"https:\\\/\\\/ibecbarcelona.eu\\\/#\\\/schema\\\/logo\\\/image\\\/\",\"url\":\"https:\\\/\\\/ibecbarcelona.eu\\\/wp-content\\\/uploads\\\/2026\\\/01\\\/cropped-IBEC_20ANYS_GRIS.png\",\"contentUrl\":\"https:\\\/\\\/ibecbarcelona.eu\\\/wp-content\\\/uploads\\\/2026\\\/01\\\/cropped-IBEC_20ANYS_GRIS.png\",\"width\":696,\"height\":257,\"caption\":\"Institute for Bioengineering of Catalonia\"},\"image\":{\"@id\":\"https:\\\/\\\/ibecbarcelona.eu\\\/#\\\/schema\\\/logo\\\/image\\\/\"}},{\"@type\":\"Person\",\"@id\":\"https:\\\/\\\/ibecbarcelona.eu\\\/#\\\/schema\\\/person\\\/d3a158b8d448000777023ca1e3d71d34\",\"name\":\"Sarah Moreira\",\"image\":{\"@type\":\"ImageObject\",\"inLanguage\":\"es\",\"@id\":\"https:\\\/\\\/secure.gravatar.com\\\/avatar\\\/37385a1f83bdef106d1b89522da4c620ee48ba2eb0662dbc73ba05b7f3fbdf89?s=96&d=mm&r=g\",\"url\":\"https:\\\/\\\/secure.gravatar.com\\\/avatar\\\/37385a1f83bdef106d1b89522da4c620ee48ba2eb0662dbc73ba05b7f3fbdf89?s=96&d=mm&r=g\",\"contentUrl\":\"https:\\\/\\\/secure.gravatar.com\\\/avatar\\\/37385a1f83bdef106d1b89522da4c620ee48ba2eb0662dbc73ba05b7f3fbdf89?s=96&d=mm&r=g\",\"caption\":\"Sarah Moreira\"},\"url\":\"https:\\\/\\\/ibecbarcelona.eu\\\/es\\\/author\\\/smoreira\\\/\"}]}<\/script>\n<!-- \/ Yoast SEO plugin. -->","yoast_head_json":{"title":"Nuevo estudio revela c\u00f3mo el comportamiento de las prote\u00ednas impulsa la especializaci\u00f3n de la barrera hematoencef\u00e1lica - Institute for Bioengineering of Catalonia","robots":{"index":"index","follow":"follow","max-snippet":"max-snippet:-1","max-image-preview":"max-image-preview:large","max-video-preview":"max-video-preview:-1"},"canonical":"https:\/\/ibecbarcelona.eu\/es\/nou-estudi-revela-com-el-comportament-de-les-proteines-impulsa-especialitzacio-de-la-barrera-hematoencefalica\/","og_locale":"es_ES","og_type":"article","og_title":"Nuevo estudio revela c\u00f3mo el comportamiento de las prote\u00ednas impulsa la especializaci\u00f3n de la barrera hematoencef\u00e1lica - Institute for Bioengineering of Catalonia","og_description":"Una investigaci\u00f3 liderada per l'Institut de Bioenginyeria de Catalunya (IBEC) revela que la barrera hematoencef\u00e0lica es defineix no nom\u00e9s per les prote\u00efnes que expressa, sin\u00f3 per com les utilitza, a trav\u00e9s d'una propietat din\u00e0mica coneguda com a taxa de recanvi endoc\u00edtic (ETOR). Aquest descobriment mostra que les c\u00e8l\u00b7lules endotelials cerebrals tenen un comportament molecular \u00fanic que les distingeix d'altres vasos sanguinis i que pot alterar-se durant la inflamaci\u00f3. Els resultats aporten nous coneixements sobre com funciona i s'altera aquesta barrera en el context de malalties, cosa que podria ajudar a identificar noves estrat\u00e8gies terap\u00e8utiques per restaurar la salut neurovascular.","og_url":"https:\/\/ibecbarcelona.eu\/es\/nou-estudi-revela-com-el-comportament-de-les-proteines-impulsa-especialitzacio-de-la-barrera-hematoencefalica\/","og_site_name":"Institute for Bioengineering of Catalonia","article_published_time":"2026-07-02T07:00:00+00:00","article_modified_time":"2026-08-20T10:25:51+00:00","og_image":[{"width":2560,"height":1707,"url":"https:\/\/ibecbarcelona.eu\/wp-content\/uploads\/2026\/07\/0M0A0147-Editada-scaled.jpg","type":"image\/jpeg"}],"author":"Sarah Moreira","twitter_card":"summary_large_image","twitter_misc":{"Escrito por":"Sarah Moreira","Tiempo de lectura":"5 minutos"},"schema":{"@context":"https:\/\/schema.org","@graph":[{"@type":"Article","@id":"https:\/\/ibecbarcelona.eu\/es\/nou-estudi-revela-com-el-comportament-de-les-proteines-impulsa-especialitzacio-de-la-barrera-hematoencefalica\/#article","isPartOf":{"@id":"https:\/\/ibecbarcelona.eu\/es\/nou-estudi-revela-com-el-comportament-de-les-proteines-impulsa-especialitzacio-de-la-barrera-hematoencefalica\/"},"author":{"name":"Sarah Moreira","@id":"https:\/\/ibecbarcelona.eu\/#\/schema\/person\/d3a158b8d448000777023ca1e3d71d34"},"headline":"Nuevo estudio revela c\u00f3mo el comportamiento de las prote\u00ednas impulsa la especializaci\u00f3n de la barrera hematoencef\u00e1lica","datePublished":"2026-07-02T07:00:00+00:00","dateModified":"2026-08-20T10:25:51+00:00","mainEntityOfPage":{"@id":"https:\/\/ibecbarcelona.eu\/es\/nou-estudi-revela-com-el-comportament-de-les-proteines-impulsa-especialitzacio-de-la-barrera-hematoencefalica\/"},"wordCount":1074,"publisher":{"@id":"https:\/\/ibecbarcelona.eu\/#organization"},"image":{"@id":"https:\/\/ibecbarcelona.eu\/es\/nou-estudi-revela-com-el-comportament-de-les-proteines-impulsa-especialitzacio-de-la-barrera-hematoencefalica\/#primaryimage"},"thumbnailUrl":"https:\/\/ibecbarcelona.eu\/wp-content\/uploads\/2026\/07\/0M0A0147-Editada-scaled.jpg","keywords":["Giuseppe Battaglia","Molecular Bionics"],"articleSection":["Noticias de investigaci\u00f3n"],"inLanguage":"es"},{"@type":"WebPage","@id":"https:\/\/ibecbarcelona.eu\/es\/nou-estudi-revela-com-el-comportament-de-les-proteines-impulsa-especialitzacio-de-la-barrera-hematoencefalica\/","url":"https:\/\/ibecbarcelona.eu\/es\/nou-estudi-revela-com-el-comportament-de-les-proteines-impulsa-especialitzacio-de-la-barrera-hematoencefalica\/","name":"Nuevo estudio revela c\u00f3mo el comportamiento de las prote\u00ednas impulsa la especializaci\u00f3n de la barrera hematoencef\u00e1lica - Institute for Bioengineering of Catalonia","isPartOf":{"@id":"https:\/\/ibecbarcelona.eu\/#website"},"primaryImageOfPage":{"@id":"https:\/\/ibecbarcelona.eu\/es\/nou-estudi-revela-com-el-comportament-de-les-proteines-impulsa-especialitzacio-de-la-barrera-hematoencefalica\/#primaryimage"},"image":{"@id":"https:\/\/ibecbarcelona.eu\/es\/nou-estudi-revela-com-el-comportament-de-les-proteines-impulsa-especialitzacio-de-la-barrera-hematoencefalica\/#primaryimage"},"thumbnailUrl":"https:\/\/ibecbarcelona.eu\/wp-content\/uploads\/2026\/07\/0M0A0147-Editada-scaled.jpg","datePublished":"2026-07-02T07:00:00+00:00","dateModified":"2026-08-20T10:25:51+00:00","breadcrumb":{"@id":"https:\/\/ibecbarcelona.eu\/es\/nou-estudi-revela-com-el-comportament-de-les-proteines-impulsa-especialitzacio-de-la-barrera-hematoencefalica\/#breadcrumb"},"inLanguage":"es","potentialAction":[{"@type":"ReadAction","target":["https:\/\/ibecbarcelona.eu\/es\/nou-estudi-revela-com-el-comportament-de-les-proteines-impulsa-especialitzacio-de-la-barrera-hematoencefalica\/"]}]},{"@type":"ImageObject","inLanguage":"es","@id":"https:\/\/ibecbarcelona.eu\/es\/nou-estudi-revela-com-el-comportament-de-les-proteines-impulsa-especialitzacio-de-la-barrera-hematoencefalica\/#primaryimage","url":"https:\/\/ibecbarcelona.eu\/wp-content\/uploads\/2026\/07\/0M0A0147-Editada-scaled.jpg","contentUrl":"https:\/\/ibecbarcelona.eu\/wp-content\/uploads\/2026\/07\/0M0A0147-Editada-scaled.jpg","width":2560,"height":1707},{"@type":"BreadcrumbList","@id":"https:\/\/ibecbarcelona.eu\/es\/nou-estudi-revela-com-el-comportament-de-les-proteines-impulsa-especialitzacio-de-la-barrera-hematoencefalica\/#breadcrumb","itemListElement":[{"@type":"ListItem","position":1,"name":"Home","item":"https:\/\/ibecbarcelona.eu\/es\/"},{"@type":"ListItem","position":2,"name":"Nuevo estudio revela c\u00f3mo el comportamiento de las prote\u00ednas impulsa la especializaci\u00f3n de la barrera hematoencef\u00e1lica"}]},{"@type":"WebSite","@id":"https:\/\/ibecbarcelona.eu\/#website","url":"https:\/\/ibecbarcelona.eu\/","name":"Institute for Bioengineering of Catalonia","description":"Bioengineering solutions for health","publisher":{"@id":"https:\/\/ibecbarcelona.eu\/#organization"},"potentialAction":[{"@type":"SearchAction","target":{"@type":"EntryPoint","urlTemplate":"https:\/\/ibecbarcelona.eu\/?s={search_term_string}"},"query-input":{"@type":"PropertyValueSpecification","valueRequired":true,"valueName":"search_term_string"}}],"inLanguage":"es"},{"@type":"Organization","@id":"https:\/\/ibecbarcelona.eu\/#organization","name":"Institute for Bioengineering of Catalonia","url":"https:\/\/ibecbarcelona.eu\/","logo":{"@type":"ImageObject","inLanguage":"es","@id":"https:\/\/ibecbarcelona.eu\/#\/schema\/logo\/image\/","url":"https:\/\/ibecbarcelona.eu\/wp-content\/uploads\/2026\/01\/cropped-IBEC_20ANYS_GRIS.png","contentUrl":"https:\/\/ibecbarcelona.eu\/wp-content\/uploads\/2026\/01\/cropped-IBEC_20ANYS_GRIS.png","width":696,"height":257,"caption":"Institute for Bioengineering of Catalonia"},"image":{"@id":"https:\/\/ibecbarcelona.eu\/#\/schema\/logo\/image\/"}},{"@type":"Person","@id":"https:\/\/ibecbarcelona.eu\/#\/schema\/person\/d3a158b8d448000777023ca1e3d71d34","name":"Sarah Moreira","image":{"@type":"ImageObject","inLanguage":"es","@id":"https:\/\/secure.gravatar.com\/avatar\/37385a1f83bdef106d1b89522da4c620ee48ba2eb0662dbc73ba05b7f3fbdf89?s=96&d=mm&r=g","url":"https:\/\/secure.gravatar.com\/avatar\/37385a1f83bdef106d1b89522da4c620ee48ba2eb0662dbc73ba05b7f3fbdf89?s=96&d=mm&r=g","contentUrl":"https:\/\/secure.gravatar.com\/avatar\/37385a1f83bdef106d1b89522da4c620ee48ba2eb0662dbc73ba05b7f3fbdf89?s=96&d=mm&r=g","caption":"Sarah Moreira"},"url":"https:\/\/ibecbarcelona.eu\/es\/author\/smoreira\/"}]}},"AFP_featured_media_urls":{"full":["https:\/\/ibecbarcelona.eu\/wp-content\/uploads\/2026\/07\/0M0A0147-Editada-scaled.jpg",2560,1707,false],"thumbnail":["https:\/\/ibecbarcelona.eu\/wp-content\/uploads\/2026\/07\/0M0A0147-Editada-150x150.jpg",150,150,true],"medium":["https:\/\/ibecbarcelona.eu\/wp-content\/uploads\/2026\/07\/0M0A0147-Editada-300x200.jpg",300,200,true],"medium_large":["https:\/\/ibecbarcelona.eu\/wp-content\/uploads\/2026\/07\/0M0A0147-Editada-768x512.jpg",768,512,true],"large":["https:\/\/ibecbarcelona.eu\/wp-content\/uploads\/2026\/07\/0M0A0147-Editada-1024x683.jpg",1024,683,true]},"AFP_attachments":{"full":["https:\/\/ibecbarcelona.eu\/wp-content\/uploads\/2026\/07\/0M0A0147-Editada-scaled.jpg",2560,1707,false],"thumbnail":["https:\/\/ibecbarcelona.eu\/wp-content\/uploads\/2026\/07\/0M0A0147-Editada-150x150.jpg",150,150,true],"medium":["https:\/\/ibecbarcelona.eu\/wp-content\/uploads\/2026\/07\/0M0A0147-Editada-300x200.jpg",300,200,true],"medium_large":["https:\/\/ibecbarcelona.eu\/wp-content\/uploads\/2026\/07\/0M0A0147-Editada-768x512.jpg",768,512,true],"large":["https:\/\/ibecbarcelona.eu\/wp-content\/uploads\/2026\/07\/0M0A0147-Editada-1024x683.jpg",1024,683,true]},"AFP_videos":[],"AFP_video_blocks":"","AFP_category_names":["Noticias de investigaci\u00f3n"],"_links":{"self":[{"href":"https:\/\/ibecbarcelona.eu\/es\/wp-json\/wp\/v2\/posts\/134610","targetHints":{"allow":["GET"]}}],"collection":[{"href":"https:\/\/ibecbarcelona.eu\/es\/wp-json\/wp\/v2\/posts"}],"about":[{"href":"https:\/\/ibecbarcelona.eu\/es\/wp-json\/wp\/v2\/types\/post"}],"author":[{"embeddable":true,"href":"https:\/\/ibecbarcelona.eu\/es\/wp-json\/wp\/v2\/users\/37"}],"replies":[{"embeddable":true,"href":"https:\/\/ibecbarcelona.eu\/es\/wp-json\/wp\/v2\/comments?post=134610"}],"version-history":[{"count":3,"href":"https:\/\/ibecbarcelona.eu\/es\/wp-json\/wp\/v2\/posts\/134610\/revisions"}],"predecessor-version":[{"id":135478,"href":"https:\/\/ibecbarcelona.eu\/es\/wp-json\/wp\/v2\/posts\/134610\/revisions\/135478"}],"wp:featuredmedia":[{"embeddable":true,"href":"https:\/\/ibecbarcelona.eu\/es\/wp-json\/wp\/v2\/media\/134606"}],"wp:attachment":[{"href":"https:\/\/ibecbarcelona.eu\/es\/wp-json\/wp\/v2\/media?parent=134610"}],"wp:term":[{"taxonomy":"category","embeddable":true,"href":"https:\/\/ibecbarcelona.eu\/es\/wp-json\/wp\/v2\/categories?post=134610"},{"taxonomy":"post_tag","embeddable":true,"href":"https:\/\/ibecbarcelona.eu\/es\/wp-json\/wp\/v2\/tags?post=134610"},{"taxonomy":"post_format","embeddable":true,"href":"https:\/\/ibecbarcelona.eu\/es\/wp-json\/wp\/v2\/post_formats?post=134610"}],"curies":[{"name":"wp","href":"https:\/\/api.w.org\/{rel}","templated":true}]}}