
{"id":19446,"date":"2015-10-27T08:38:06","date_gmt":"2015-10-27T08:38:06","guid":{"rendered":"http:\/\/ibecbarcelona.eu\/?p=19446"},"modified":"2015-10-28T09:54:40","modified_gmt":"2015-10-28T09:54:40","slug":"investigador-del-ibec-en-la-cumpre-europea-innovadores-menores-de-35","status":"publish","type":"post","link":"https:\/\/ibecbarcelona.eu\/es\/investigador-del-ibec-en-la-cumpre-europea-innovadores-menores-de-35\/","title":{"rendered":"Investigador del IBEC en la Cumbre Europea \u00abInnovadores menores de 35\u00bb"},"content":{"rendered":"<p>Adem\u00e1s de las presentaciones impartidas por los ganadores seleccionados, la agenda inclu\u00eda a representantes de la\u00a0<em>MIT Technology Review<\/em> \u2013\u00a0que est\u00e1 considerada\u00a0la revista de tecnolog\u00eda m\u00e1s antigua del mundo y que pone de manifiesto cada a\u00f1o las\u00a010 tecnolog\u00edas, 35 personas y 50 empresas que son especialmente importantes &#8211; tambi\u00e9n parlamentarios europeos y patrocinadores de la cumbre de BNP Paribas.<\/p>\n<p>Para m\u00e1s informaci\u00f3n, visite la p\u00e1gina web en:\u00a0<a href=\"http:\/\/www.innovatorsunder35.com\/europe\">http:\/\/www.innovatorsunder35.com\/europe<\/a><\/p>\n<p>&#8212;<\/p>\n<p><strong>El IBEC en los Medios: <\/strong><\/p>\n<p>\u201cLos mejores innovadores de menos de 35 a\u00f1os toman Bruselas: Estas son sus ideas\u201d <a href=\"http:\/\/www.elmundo.es\/economia\/2015\/10\/22\/5628c0bc268e3ee6618b45f3.html\">http:\/\/www.elmundo.es\/economia\/2015\/10\/22\/5628c0bc268e3ee6618b45f3.html<\/a><\/p>\n","protected":false},"excerpt":{"rendered":"<h3><img decoding=\"async\" data-src=\"https:\/\/ibecbarcelona.eu\/wp-content\/uploads\/2015\/10\/MIT-summit.jpg\" alt=\"MIT summit\" width=\"400\" height=\"224\" class=\"left size-full wp-image-19431 lazyload\" data-srcset=\"https:\/\/ibecbarcelona.eu\/wp-content\/uploads\/2015\/10\/MIT-summit.jpg 400w, https:\/\/ibecbarcelona.eu\/wp-content\/uploads\/2015\/10\/MIT-summit-300x168.jpg 300w, https:\/\/ibecbarcelona.eu\/wp-content\/uploads\/2015\/10\/MIT-summit-230x130.jpg 230w, https:\/\/ibecbarcelona.eu\/wp-content\/uploads\/2015\/10\/MIT-summit-150x84.jpg 150w\" data-sizes=\"(max-width: 400px) 100vw, 400px\" src=\"data:image\/svg+xml;base64,PHN2ZyB3aWR0aD0iMSIgaGVpZ2h0PSIxIiB4bWxucz0iaHR0cDovL3d3dy53My5vcmcvMjAwMC9zdmciPjwvc3ZnPg==\" style=\"--smush-placeholder-width: 400px; --smush-placeholder-aspect-ratio: 400\/224;\" \/>El responsable de grupo del IBEC, Samuel S\u00e1nchez, fue uno de los expertos invitados a asistir a la Cumbre Europea  Innovadores menores de 35 que tuvo lugar en Bruselas la semana pasada, una reuni\u00f3n de los ganadores europeos de la lista de innovadores menores de 35 de la <em>MIT Technology Review<\/em>.<\/h3>\n<p>Samuel dio una charla, \u201cLa Evoluci\u00f3n de los Nanorobots\u201d, durante el evento, al que asistieron los ganadores de prestigioso reconocimiento de Alemania, B\u00e9lgica, Francia, Italia y Polonia as\u00ed como los de Espa\u00f1a.  La cumbre pretend\u00eda crear una comunidad fuerte de esos innovadores que anualmente son reconocidos por la prestigiosa publicaci\u00f3n del MIT para compartir sus conocimientos y experiencia en campos que van desde la nanotecnolog\u00eda a la energ\u00eda para el software o el transporte.<\/p>\n","protected":false},"author":4,"featured_media":19432,"comment_status":"closed","ping_status":"closed","sticky":false,"template":"","format":"standard","meta":{"footnotes":""},"categories":[94],"tags":[],"post_formats":[],"class_list":["post-19446","post","type-post","status-publish","format-standard","has-post-thumbnail","hentry","category-noticias-institucionales"],"yoast_head":"<!-- This site is optimized with the Yoast SEO plugin v27.5 - https:\/\/yoast.com\/product\/yoast-seo-wordpress\/ -->\n<title>Investigador del IBEC en la Cumbre Europea &quot;Innovadores menores de 35&quot; - Institute for Bioengineering of Catalonia<\/title>\n<meta name=\"robots\" content=\"index, follow, max-snippet:-1, max-image-preview:large, max-video-preview:-1\" \/>\n<link rel=\"canonical\" href=\"https:\/\/ibecbarcelona.eu\/es\/investigador-del-ibec-en-la-cumpre-europea-innovadores-menores-de-35\/\" \/>\n<meta property=\"og:locale\" content=\"es_ES\" \/>\n<meta property=\"og:type\" content=\"article\" \/>\n<meta property=\"og:title\" content=\"Investigador del IBEC en la Cumbre Europea &quot;Innovadores menores de 35&quot; - Institute for Bioengineering of Catalonia\" \/>\n<meta property=\"og:description\" content=\"El responsable de grupo del IBEC, Samuel S\u00e1nchez, fue uno de los expertos invitados a asistir a la Cumbre Europea Innovadores menores de 35 que tuvo lugar en Bruselas la semana pasada, una reuni\u00f3n de los ganadores europeos de la lista de innovadores menores de 35 de la MIT Technology Review.  Samuel dio una charla, \u201cLa Evoluci\u00f3n de los Nanorobots\u201d, durante el evento, al que asistieron los ganadores de prestigioso reconocimiento de Alemania, B\u00e9lgica, Francia, Italia y Polonia as\u00ed como los de Espa\u00f1a. La cumbre pretend\u00eda crear una comunidad fuerte de esos innovadores que anualmente son reconocidos por la prestigiosa publicaci\u00f3n del MIT para compartir sus conocimientos y experiencia en campos que van desde la nanotecnolog\u00eda a la energ\u00eda para el software o el transporte.\" \/>\n<meta property=\"og:url\" content=\"https:\/\/ibecbarcelona.eu\/es\/investigador-del-ibec-en-la-cumpre-europea-innovadores-menores-de-35\/\" \/>\n<meta property=\"og:site_name\" content=\"Institute for Bioengineering of Catalonia\" \/>\n<meta property=\"article:published_time\" content=\"2015-10-27T08:38:06+00:00\" \/>\n<meta property=\"article:modified_time\" content=\"2015-10-28T09:54:40+00:00\" \/>\n<meta property=\"og:image\" content=\"https:\/\/ibecbarcelona.eu\/wp-content\/uploads\/2015\/10\/MIT-summit.jpg\" \/>\n\t<meta property=\"og:image:width\" content=\"400\" \/>\n\t<meta property=\"og:image:height\" content=\"224\" \/>\n\t<meta property=\"og:image:type\" content=\"image\/jpeg\" \/>\n<meta name=\"author\" content=\"\u00c0ngels L\u00f3pez\" \/>\n<meta name=\"twitter:card\" content=\"summary_large_image\" \/>\n<meta name=\"twitter:label1\" content=\"Escrito por\" \/>\n\t<meta name=\"twitter:data1\" content=\"\u00c0ngels L\u00f3pez\" \/>\n\t<meta name=\"twitter:label2\" content=\"Tiempo de lectura\" \/>\n\t<meta name=\"twitter:data2\" content=\"1 minuto\" \/>\n<script type=\"application\/ld+json\" class=\"yoast-schema-graph\">{\"@context\":\"https:\\\/\\\/schema.org\",\"@graph\":[{\"@type\":\"Article\",\"@id\":\"https:\\\/\\\/ibecbarcelona.eu\\\/es\\\/investigador-del-ibec-en-la-cumpre-europea-innovadores-menores-de-35\\\/#article\",\"isPartOf\":{\"@id\":\"https:\\\/\\\/ibecbarcelona.eu\\\/es\\\/investigador-del-ibec-en-la-cumpre-europea-innovadores-menores-de-35\\\/\"},\"author\":{\"name\":\"\u00c0ngels L\u00f3pez\",\"@id\":\"https:\\\/\\\/ibecbarcelona.eu\\\/#\\\/schema\\\/person\\\/c212c6b589546130be67986b9290e2b8\"},\"headline\":\"Investigador del IBEC en la Cumbre Europea \u00abInnovadores menores de 35\u00bb\",\"datePublished\":\"2015-10-27T08:38:06+00:00\",\"dateModified\":\"2015-10-28T09:54:40+00:00\",\"mainEntityOfPage\":{\"@id\":\"https:\\\/\\\/ibecbarcelona.eu\\\/es\\\/investigador-del-ibec-en-la-cumpre-europea-innovadores-menores-de-35\\\/\"},\"wordCount\":123,\"publisher\":{\"@id\":\"https:\\\/\\\/ibecbarcelona.eu\\\/#organization\"},\"image\":{\"@id\":\"https:\\\/\\\/ibecbarcelona.eu\\\/es\\\/investigador-del-ibec-en-la-cumpre-europea-innovadores-menores-de-35\\\/#primaryimage\"},\"thumbnailUrl\":\"https:\\\/\\\/ibecbarcelona.eu\\\/wp-content\\\/uploads\\\/2015\\\/10\\\/MIT-summit.jpg\",\"articleSection\":[\"Noticias institucionales\"],\"inLanguage\":\"es\"},{\"@type\":\"WebPage\",\"@id\":\"https:\\\/\\\/ibecbarcelona.eu\\\/es\\\/investigador-del-ibec-en-la-cumpre-europea-innovadores-menores-de-35\\\/\",\"url\":\"https:\\\/\\\/ibecbarcelona.eu\\\/es\\\/investigador-del-ibec-en-la-cumpre-europea-innovadores-menores-de-35\\\/\",\"name\":\"Investigador del IBEC en la Cumbre Europea \\\"Innovadores menores de 35\\\" - Institute for Bioengineering of Catalonia\",\"isPartOf\":{\"@id\":\"https:\\\/\\\/ibecbarcelona.eu\\\/#website\"},\"primaryImageOfPage\":{\"@id\":\"https:\\\/\\\/ibecbarcelona.eu\\\/es\\\/investigador-del-ibec-en-la-cumpre-europea-innovadores-menores-de-35\\\/#primaryimage\"},\"image\":{\"@id\":\"https:\\\/\\\/ibecbarcelona.eu\\\/es\\\/investigador-del-ibec-en-la-cumpre-europea-innovadores-menores-de-35\\\/#primaryimage\"},\"thumbnailUrl\":\"https:\\\/\\\/ibecbarcelona.eu\\\/wp-content\\\/uploads\\\/2015\\\/10\\\/MIT-summit.jpg\",\"datePublished\":\"2015-10-27T08:38:06+00:00\",\"dateModified\":\"2015-10-28T09:54:40+00:00\",\"breadcrumb\":{\"@id\":\"https:\\\/\\\/ibecbarcelona.eu\\\/es\\\/investigador-del-ibec-en-la-cumpre-europea-innovadores-menores-de-35\\\/#breadcrumb\"},\"inLanguage\":\"es\",\"potentialAction\":[{\"@type\":\"ReadAction\",\"target\":[\"https:\\\/\\\/ibecbarcelona.eu\\\/es\\\/investigador-del-ibec-en-la-cumpre-europea-innovadores-menores-de-35\\\/\"]}]},{\"@type\":\"ImageObject\",\"inLanguage\":\"es\",\"@id\":\"https:\\\/\\\/ibecbarcelona.eu\\\/es\\\/investigador-del-ibec-en-la-cumpre-europea-innovadores-menores-de-35\\\/#primaryimage\",\"url\":\"https:\\\/\\\/ibecbarcelona.eu\\\/wp-content\\\/uploads\\\/2015\\\/10\\\/MIT-summit.jpg\",\"contentUrl\":\"https:\\\/\\\/ibecbarcelona.eu\\\/wp-content\\\/uploads\\\/2015\\\/10\\\/MIT-summit.jpg\",\"width\":400,\"height\":224},{\"@type\":\"BreadcrumbList\",\"@id\":\"https:\\\/\\\/ibecbarcelona.eu\\\/es\\\/investigador-del-ibec-en-la-cumpre-europea-innovadores-menores-de-35\\\/#breadcrumb\",\"itemListElement\":[{\"@type\":\"ListItem\",\"position\":1,\"name\":\"Home\",\"item\":\"https:\\\/\\\/ibecbarcelona.eu\\\/es\\\/\"},{\"@type\":\"ListItem\",\"position\":2,\"name\":\"Investigador del IBEC en la Cumbre Europea &#8220;Innovadores menores de 35&#8221;\"}]},{\"@type\":\"WebSite\",\"@id\":\"https:\\\/\\\/ibecbarcelona.eu\\\/#website\",\"url\":\"https:\\\/\\\/ibecbarcelona.eu\\\/\",\"name\":\"Institute for Bioengineering of Catalonia\",\"description\":\"Bioengineering solutions for health\",\"publisher\":{\"@id\":\"https:\\\/\\\/ibecbarcelona.eu\\\/#organization\"},\"potentialAction\":[{\"@type\":\"SearchAction\",\"target\":{\"@type\":\"EntryPoint\",\"urlTemplate\":\"https:\\\/\\\/ibecbarcelona.eu\\\/?s={search_term_string}\"},\"query-input\":{\"@type\":\"PropertyValueSpecification\",\"valueRequired\":true,\"valueName\":\"search_term_string\"}}],\"inLanguage\":\"es\"},{\"@type\":\"Organization\",\"@id\":\"https:\\\/\\\/ibecbarcelona.eu\\\/#organization\",\"name\":\"Institute for Bioengineering of Catalonia\",\"url\":\"https:\\\/\\\/ibecbarcelona.eu\\\/\",\"logo\":{\"@type\":\"ImageObject\",\"inLanguage\":\"es\",\"@id\":\"https:\\\/\\\/ibecbarcelona.eu\\\/#\\\/schema\\\/logo\\\/image\\\/\",\"url\":\"https:\\\/\\\/ibecbarcelona.eu\\\/wp-content\\\/uploads\\\/2026\\\/01\\\/cropped-IBEC_20ANYS_GRIS.png\",\"contentUrl\":\"https:\\\/\\\/ibecbarcelona.eu\\\/wp-content\\\/uploads\\\/2026\\\/01\\\/cropped-IBEC_20ANYS_GRIS.png\",\"width\":696,\"height\":257,\"caption\":\"Institute for Bioengineering of Catalonia\"},\"image\":{\"@id\":\"https:\\\/\\\/ibecbarcelona.eu\\\/#\\\/schema\\\/logo\\\/image\\\/\"}},{\"@type\":\"Person\",\"@id\":\"https:\\\/\\\/ibecbarcelona.eu\\\/#\\\/schema\\\/person\\\/c212c6b589546130be67986b9290e2b8\",\"name\":\"\u00c0ngels L\u00f3pez\",\"image\":{\"@type\":\"ImageObject\",\"inLanguage\":\"es\",\"@id\":\"https:\\\/\\\/secure.gravatar.com\\\/avatar\\\/09ad6ba116bea0b15c5511860f83b302579fd7404c1180e9dae55c3f11d988c6?s=96&d=mm&r=g\",\"url\":\"https:\\\/\\\/secure.gravatar.com\\\/avatar\\\/09ad6ba116bea0b15c5511860f83b302579fd7404c1180e9dae55c3f11d988c6?s=96&d=mm&r=g\",\"contentUrl\":\"https:\\\/\\\/secure.gravatar.com\\\/avatar\\\/09ad6ba116bea0b15c5511860f83b302579fd7404c1180e9dae55c3f11d988c6?s=96&d=mm&r=g\",\"caption\":\"\u00c0ngels L\u00f3pez\"},\"url\":\"https:\\\/\\\/ibecbarcelona.eu\\\/es\\\/author\\\/alopez\\\/\"}]}<\/script>\n<!-- \/ Yoast SEO plugin. -->","yoast_head_json":{"title":"Investigador del IBEC en la Cumbre Europea \"Innovadores menores de 35\" - Institute for Bioengineering of Catalonia","robots":{"index":"index","follow":"follow","max-snippet":"max-snippet:-1","max-image-preview":"max-image-preview:large","max-video-preview":"max-video-preview:-1"},"canonical":"https:\/\/ibecbarcelona.eu\/es\/investigador-del-ibec-en-la-cumpre-europea-innovadores-menores-de-35\/","og_locale":"es_ES","og_type":"article","og_title":"Investigador del IBEC en la Cumbre Europea \"Innovadores menores de 35\" - Institute for Bioengineering of Catalonia","og_description":"El responsable de grupo del IBEC, Samuel S\u00e1nchez, fue uno de los expertos invitados a asistir a la Cumbre Europea Innovadores menores de 35 que tuvo lugar en Bruselas la semana pasada, una reuni\u00f3n de los ganadores europeos de la lista de innovadores menores de 35 de la MIT Technology Review.  Samuel dio una charla, \u201cLa Evoluci\u00f3n de los Nanorobots\u201d, durante el evento, al que asistieron los ganadores de prestigioso reconocimiento de Alemania, B\u00e9lgica, Francia, Italia y Polonia as\u00ed como los de Espa\u00f1a. La cumbre pretend\u00eda crear una comunidad fuerte de esos innovadores que anualmente son reconocidos por la prestigiosa publicaci\u00f3n del MIT para compartir sus conocimientos y experiencia en campos que van desde la nanotecnolog\u00eda a la energ\u00eda para el software o el transporte.","og_url":"https:\/\/ibecbarcelona.eu\/es\/investigador-del-ibec-en-la-cumpre-europea-innovadores-menores-de-35\/","og_site_name":"Institute for Bioengineering of Catalonia","article_published_time":"2015-10-27T08:38:06+00:00","article_modified_time":"2015-10-28T09:54:40+00:00","og_image":[{"width":400,"height":224,"url":"https:\/\/ibecbarcelona.eu\/wp-content\/uploads\/2015\/10\/MIT-summit.jpg","type":"image\/jpeg"}],"author":"\u00c0ngels L\u00f3pez","twitter_card":"summary_large_image","twitter_misc":{"Escrito por":"\u00c0ngels L\u00f3pez","Tiempo de lectura":"1 minuto"},"schema":{"@context":"https:\/\/schema.org","@graph":[{"@type":"Article","@id":"https:\/\/ibecbarcelona.eu\/es\/investigador-del-ibec-en-la-cumpre-europea-innovadores-menores-de-35\/#article","isPartOf":{"@id":"https:\/\/ibecbarcelona.eu\/es\/investigador-del-ibec-en-la-cumpre-europea-innovadores-menores-de-35\/"},"author":{"name":"\u00c0ngels L\u00f3pez","@id":"https:\/\/ibecbarcelona.eu\/#\/schema\/person\/c212c6b589546130be67986b9290e2b8"},"headline":"Investigador del IBEC en la Cumbre Europea \u00abInnovadores menores de 35\u00bb","datePublished":"2015-10-27T08:38:06+00:00","dateModified":"2015-10-28T09:54:40+00:00","mainEntityOfPage":{"@id":"https:\/\/ibecbarcelona.eu\/es\/investigador-del-ibec-en-la-cumpre-europea-innovadores-menores-de-35\/"},"wordCount":123,"publisher":{"@id":"https:\/\/ibecbarcelona.eu\/#organization"},"image":{"@id":"https:\/\/ibecbarcelona.eu\/es\/investigador-del-ibec-en-la-cumpre-europea-innovadores-menores-de-35\/#primaryimage"},"thumbnailUrl":"https:\/\/ibecbarcelona.eu\/wp-content\/uploads\/2015\/10\/MIT-summit.jpg","articleSection":["Noticias institucionales"],"inLanguage":"es"},{"@type":"WebPage","@id":"https:\/\/ibecbarcelona.eu\/es\/investigador-del-ibec-en-la-cumpre-europea-innovadores-menores-de-35\/","url":"https:\/\/ibecbarcelona.eu\/es\/investigador-del-ibec-en-la-cumpre-europea-innovadores-menores-de-35\/","name":"Investigador del IBEC en la Cumbre Europea \"Innovadores menores de 35\" - Institute for Bioengineering of Catalonia","isPartOf":{"@id":"https:\/\/ibecbarcelona.eu\/#website"},"primaryImageOfPage":{"@id":"https:\/\/ibecbarcelona.eu\/es\/investigador-del-ibec-en-la-cumpre-europea-innovadores-menores-de-35\/#primaryimage"},"image":{"@id":"https:\/\/ibecbarcelona.eu\/es\/investigador-del-ibec-en-la-cumpre-europea-innovadores-menores-de-35\/#primaryimage"},"thumbnailUrl":"https:\/\/ibecbarcelona.eu\/wp-content\/uploads\/2015\/10\/MIT-summit.jpg","datePublished":"2015-10-27T08:38:06+00:00","dateModified":"2015-10-28T09:54:40+00:00","breadcrumb":{"@id":"https:\/\/ibecbarcelona.eu\/es\/investigador-del-ibec-en-la-cumpre-europea-innovadores-menores-de-35\/#breadcrumb"},"inLanguage":"es","potentialAction":[{"@type":"ReadAction","target":["https:\/\/ibecbarcelona.eu\/es\/investigador-del-ibec-en-la-cumpre-europea-innovadores-menores-de-35\/"]}]},{"@type":"ImageObject","inLanguage":"es","@id":"https:\/\/ibecbarcelona.eu\/es\/investigador-del-ibec-en-la-cumpre-europea-innovadores-menores-de-35\/#primaryimage","url":"https:\/\/ibecbarcelona.eu\/wp-content\/uploads\/2015\/10\/MIT-summit.jpg","contentUrl":"https:\/\/ibecbarcelona.eu\/wp-content\/uploads\/2015\/10\/MIT-summit.jpg","width":400,"height":224},{"@type":"BreadcrumbList","@id":"https:\/\/ibecbarcelona.eu\/es\/investigador-del-ibec-en-la-cumpre-europea-innovadores-menores-de-35\/#breadcrumb","itemListElement":[{"@type":"ListItem","position":1,"name":"Home","item":"https:\/\/ibecbarcelona.eu\/es\/"},{"@type":"ListItem","position":2,"name":"Investigador del IBEC en la Cumbre Europea &#8220;Innovadores menores de 35&#8221;"}]},{"@type":"WebSite","@id":"https:\/\/ibecbarcelona.eu\/#website","url":"https:\/\/ibecbarcelona.eu\/","name":"Institute for Bioengineering of Catalonia","description":"Bioengineering solutions for health","publisher":{"@id":"https:\/\/ibecbarcelona.eu\/#organization"},"potentialAction":[{"@type":"SearchAction","target":{"@type":"EntryPoint","urlTemplate":"https:\/\/ibecbarcelona.eu\/?s={search_term_string}"},"query-input":{"@type":"PropertyValueSpecification","valueRequired":true,"valueName":"search_term_string"}}],"inLanguage":"es"},{"@type":"Organization","@id":"https:\/\/ibecbarcelona.eu\/#organization","name":"Institute for Bioengineering of Catalonia","url":"https:\/\/ibecbarcelona.eu\/","logo":{"@type":"ImageObject","inLanguage":"es","@id":"https:\/\/ibecbarcelona.eu\/#\/schema\/logo\/image\/","url":"https:\/\/ibecbarcelona.eu\/wp-content\/uploads\/2026\/01\/cropped-IBEC_20ANYS_GRIS.png","contentUrl":"https:\/\/ibecbarcelona.eu\/wp-content\/uploads\/2026\/01\/cropped-IBEC_20ANYS_GRIS.png","width":696,"height":257,"caption":"Institute for Bioengineering of Catalonia"},"image":{"@id":"https:\/\/ibecbarcelona.eu\/#\/schema\/logo\/image\/"}},{"@type":"Person","@id":"https:\/\/ibecbarcelona.eu\/#\/schema\/person\/c212c6b589546130be67986b9290e2b8","name":"\u00c0ngels L\u00f3pez","image":{"@type":"ImageObject","inLanguage":"es","@id":"https:\/\/secure.gravatar.com\/avatar\/09ad6ba116bea0b15c5511860f83b302579fd7404c1180e9dae55c3f11d988c6?s=96&d=mm&r=g","url":"https:\/\/secure.gravatar.com\/avatar\/09ad6ba116bea0b15c5511860f83b302579fd7404c1180e9dae55c3f11d988c6?s=96&d=mm&r=g","contentUrl":"https:\/\/secure.gravatar.com\/avatar\/09ad6ba116bea0b15c5511860f83b302579fd7404c1180e9dae55c3f11d988c6?s=96&d=mm&r=g","caption":"\u00c0ngels L\u00f3pez"},"url":"https:\/\/ibecbarcelona.eu\/es\/author\/alopez\/"}]}},"AFP_featured_media_urls":{"full":["https:\/\/ibecbarcelona.eu\/wp-content\/uploads\/2015\/10\/MIT-summit.jpg",400,224,false],"thumbnail":["https:\/\/ibecbarcelona.eu\/wp-content\/uploads\/2015\/10\/MIT-summit-150x150.jpg",150,150,true],"medium":["https:\/\/ibecbarcelona.eu\/wp-content\/uploads\/2015\/10\/MIT-summit-300x168.jpg",300,168,true],"medium_large":["https:\/\/ibecbarcelona.eu\/wp-content\/uploads\/2015\/10\/MIT-summit.jpg",400,224,false],"large":["https:\/\/ibecbarcelona.eu\/wp-content\/uploads\/2015\/10\/MIT-summit.jpg",400,224,false]},"AFP_attachments":{"full":["https:\/\/ibecbarcelona.eu\/wp-content\/uploads\/2015\/10\/MIT-summit.jpg",400,224,false],"thumbnail":["https:\/\/ibecbarcelona.eu\/wp-content\/uploads\/2015\/10\/MIT-summit-150x150.jpg",150,150,true],"medium":["https:\/\/ibecbarcelona.eu\/wp-content\/uploads\/2015\/10\/MIT-summit-300x168.jpg",300,168,true],"medium_large":["https:\/\/ibecbarcelona.eu\/wp-content\/uploads\/2015\/10\/MIT-summit.jpg",400,224,false],"large":["https:\/\/ibecbarcelona.eu\/wp-content\/uploads\/2015\/10\/MIT-summit.jpg",400,224,false]},"AFP_videos":[],"AFP_video_blocks":"","AFP_category_names":["Noticias institucionales"],"_links":{"self":[{"href":"https:\/\/ibecbarcelona.eu\/es\/wp-json\/wp\/v2\/posts\/19446","targetHints":{"allow":["GET"]}}],"collection":[{"href":"https:\/\/ibecbarcelona.eu\/es\/wp-json\/wp\/v2\/posts"}],"about":[{"href":"https:\/\/ibecbarcelona.eu\/es\/wp-json\/wp\/v2\/types\/post"}],"author":[{"embeddable":true,"href":"https:\/\/ibecbarcelona.eu\/es\/wp-json\/wp\/v2\/users\/4"}],"replies":[{"embeddable":true,"href":"https:\/\/ibecbarcelona.eu\/es\/wp-json\/wp\/v2\/comments?post=19446"}],"version-history":[{"count":0,"href":"https:\/\/ibecbarcelona.eu\/es\/wp-json\/wp\/v2\/posts\/19446\/revisions"}],"wp:featuredmedia":[{"embeddable":true,"href":"https:\/\/ibecbarcelona.eu\/es\/wp-json\/wp\/v2\/media\/19432"}],"wp:attachment":[{"href":"https:\/\/ibecbarcelona.eu\/es\/wp-json\/wp\/v2\/media?parent=19446"}],"wp:term":[{"taxonomy":"category","embeddable":true,"href":"https:\/\/ibecbarcelona.eu\/es\/wp-json\/wp\/v2\/categories?post=19446"},{"taxonomy":"post_tag","embeddable":true,"href":"https:\/\/ibecbarcelona.eu\/es\/wp-json\/wp\/v2\/tags?post=19446"},{"taxonomy":"post_format","embeddable":true,"href":"https:\/\/ibecbarcelona.eu\/es\/wp-json\/wp\/v2\/post_formats?post=19446"}],"curies":[{"name":"wp","href":"https:\/\/api.w.org\/{rel}","templated":true}]}}