
{"id":21232,"date":"2016-01-28T08:26:43","date_gmt":"2016-01-28T08:26:43","guid":{"rendered":"http:\/\/ibecbarcelona.eu\/?p=21232"},"modified":"2016-01-29T12:22:41","modified_gmt":"2016-01-29T12:22:41","slug":"nanomed-spain-organiza-el-nano-world-cancer-day-2016","status":"publish","type":"post","link":"https:\/\/ibecbarcelona.eu\/es\/nanomed-spain-organiza-el-nano-world-cancer-day-2016\/","title":{"rendered":"NanoMed Spain organiza el Nano World Cancer Day 2016"},"content":{"rendered":"<p>Los ponentes incluir\u00e1n al Director del IBEC Josep Samitier, M\u00aa Jes\u00fas Vicent, investigador principal en el Centro de Investigaci\u00f3n Pr\u00edncipe Felipe, M\u00aa Luisa Villahermosa, director de I + D en Genomica, Aleix Prat, Jefe de Oncolog\u00eda M\u00e9dica del Hospital Cl\u00ednic e investigador principal en el Vall d &#8216;Hebron Instituto de Oncolog\u00eda, y Teresa L\u00f3pez-Fando Salinas, Asociaci\u00f3n Espa\u00f1ola contra el C\u00e1ncer (AECC).<\/p>\n<p>Alemania, Austria, Francia, Grecia, Irlanda, Italia, Pa\u00edses Bajos, Portugal, Suiza, Turqu\u00eda y el Reino Unido tambi\u00e9n se mantienen eventos simult\u00e1neamente en Nano D\u00eda Mundial contra el C\u00e1ncer, cada una a la que asistieron expertos de nanomedicina de cada pa\u00eds y de diferentes or\u00edgenes, incluidos los investigadores, m\u00e9dicos, onc\u00f3logos y empresarios.<\/p>\n<p>Nano World Cancer Day se celebr\u00f3 por primera vez en 2013 y est\u00e1 organizado a nivel europeo por la Plataforma Tecnol\u00f3gica Europea de Nanomedicina (ETPN) bajo ENATRANS proyectos europeos (Habilitaci\u00f3n de Nanomedicina traducci\u00f3n), y localmente por los diferentes componentes de la ETPN en cada pa\u00eds.<\/p>\n<p>&#8212;<\/p>\n<p>Para m\u00e1s detalles y para registrarse al Nano World Cancer Day 2016, haga clic <a href=\"https:\/\/ibecbarcelona.eu\/events\/nanoworldcancerday\">aqu\u00ed<\/a>.<\/p>\n<p>Para m\u00e1s informaci\u00f3n general, visita la <a href=\"http:\/\/www.nwcd.eu\/\">webe<\/a> del Nano World Cancer Day 2016 <\/p>\n","protected":false},"excerpt":{"rendered":"<h3><img decoding=\"async\" data-src=\"https:\/\/ibecbarcelona.eu\/wp-content\/uploads\/2016\/01\/nanoworld.jpg\" alt=\"nanoworld\" width=\"350\" height=\"181\" class=\"left size-full wp-image-21174 lazyload\" data-srcset=\"https:\/\/ibecbarcelona.eu\/wp-content\/uploads\/2016\/01\/nanoworld.jpg 350w, https:\/\/ibecbarcelona.eu\/wp-content\/uploads\/2016\/01\/nanoworld-300x155.jpg 300w, https:\/\/ibecbarcelona.eu\/wp-content\/uploads\/2016\/01\/nanoworld-230x119.jpg 230w, https:\/\/ibecbarcelona.eu\/wp-content\/uploads\/2016\/01\/nanoworld-150x78.jpg 150w\" data-sizes=\"(max-width: 350px) 100vw, 350px\" src=\"data:image\/svg+xml;base64,PHN2ZyB3aWR0aD0iMSIgaGVpZ2h0PSIxIiB4bWxucz0iaHR0cDovL3d3dy53My5vcmcvMjAwMC9zdmciPjwvc3ZnPg==\" style=\"--smush-placeholder-width: 350px; --smush-placeholder-aspect-ratio: 350\/181;\" \/><\/a>La plataforma Espa\u00f1ola de Nanomedicina, coordinada por el IBEC, NanoMedSpain organiza un evento que forma part del Nano World Cancer Day 2016 en Martes 2 de Febrero, una iniciativa global organizada por el World Cancer Day.<\/h3>\n<p>En la conferencia, que tendr\u00e1 lugar a partir de las 11: 00h hasta las 13: 00h en el Aula Magna de la Universidad de Barcelona, las \u00faltimas innovaciones en nanomedicina para el c\u00e1ncer ser\u00e1n presentadas y discutidas, con temas que van desde el diagn\u00f3stico precoz y la liberaci\u00f3n controlada de f\u00e1rmacos a la terapia de radiaci\u00f3n utilizando nanopart\u00edculas.<\/p>\n","protected":false},"author":4,"featured_media":21175,"comment_status":"closed","ping_status":"closed","sticky":false,"template":"","format":"standard","meta":{"footnotes":""},"categories":[94],"tags":[],"post_formats":[],"class_list":["post-21232","post","type-post","status-publish","format-standard","has-post-thumbnail","hentry","category-noticias-institucionales"],"yoast_head":"<!-- This site is optimized with the Yoast SEO plugin v27.5 - https:\/\/yoast.com\/product\/yoast-seo-wordpress\/ -->\n<title>NanoMed Spain organiza el Nano World Cancer Day 2016 - Institute for Bioengineering of Catalonia<\/title>\n<meta name=\"robots\" content=\"index, follow, max-snippet:-1, max-image-preview:large, max-video-preview:-1\" \/>\n<link rel=\"canonical\" href=\"https:\/\/ibecbarcelona.eu\/es\/nanomed-spain-organiza-el-nano-world-cancer-day-2016\/\" \/>\n<meta property=\"og:locale\" content=\"es_ES\" \/>\n<meta property=\"og:type\" content=\"article\" \/>\n<meta property=\"og:title\" content=\"NanoMed Spain organiza el Nano World Cancer Day 2016 - Institute for Bioengineering of Catalonia\" \/>\n<meta property=\"og:description\" content=\"La plataforma Espa\u00f1ola de Nanomedicina, coordinada por el IBEC, NanoMedSpain organiza un evento que forma part del Nano World Cancer Day 2016 en Martes 2 de Febrero, una iniciativa global organizada por el World Cancer Day.  En la conferencia, que tendr\u00e1 lugar a partir de las 11: 00h hasta las 13: 00h en el Aula Magna de la Universidad de Barcelona, las \u00faltimas innovaciones en nanomedicina para el c\u00e1ncer ser\u00e1n presentadas y discutidas, con temas que van desde el diagn\u00f3stico precoz y la liberaci\u00f3n controlada de f\u00e1rmacos a la terapia de radiaci\u00f3n utilizando nanopart\u00edculas.\" \/>\n<meta property=\"og:url\" content=\"https:\/\/ibecbarcelona.eu\/es\/nanomed-spain-organiza-el-nano-world-cancer-day-2016\/\" \/>\n<meta property=\"og:site_name\" content=\"Institute for Bioengineering of Catalonia\" \/>\n<meta property=\"article:published_time\" content=\"2016-01-28T08:26:43+00:00\" \/>\n<meta property=\"article:modified_time\" content=\"2016-01-29T12:22:41+00:00\" \/>\n<meta property=\"og:image\" content=\"https:\/\/ibecbarcelona.eu\/wp-content\/uploads\/2016\/01\/nanoworld.jpg\" \/>\n\t<meta property=\"og:image:width\" content=\"350\" \/>\n\t<meta property=\"og:image:height\" content=\"181\" \/>\n\t<meta property=\"og:image:type\" content=\"image\/jpeg\" \/>\n<meta name=\"author\" content=\"\u00c0ngels L\u00f3pez\" \/>\n<meta name=\"twitter:card\" content=\"summary_large_image\" \/>\n<meta name=\"twitter:label1\" content=\"Escrito por\" \/>\n\t<meta name=\"twitter:data1\" content=\"\u00c0ngels L\u00f3pez\" \/>\n\t<meta name=\"twitter:label2\" content=\"Tiempo de lectura\" \/>\n\t<meta name=\"twitter:data2\" content=\"1 minuto\" \/>\n<script type=\"application\/ld+json\" class=\"yoast-schema-graph\">{\"@context\":\"https:\\\/\\\/schema.org\",\"@graph\":[{\"@type\":\"Article\",\"@id\":\"https:\\\/\\\/ibecbarcelona.eu\\\/es\\\/nanomed-spain-organiza-el-nano-world-cancer-day-2016\\\/#article\",\"isPartOf\":{\"@id\":\"https:\\\/\\\/ibecbarcelona.eu\\\/es\\\/nanomed-spain-organiza-el-nano-world-cancer-day-2016\\\/\"},\"author\":{\"name\":\"\u00c0ngels L\u00f3pez\",\"@id\":\"https:\\\/\\\/ibecbarcelona.eu\\\/#\\\/schema\\\/person\\\/c212c6b589546130be67986b9290e2b8\"},\"headline\":\"NanoMed Spain organiza el Nano World Cancer Day 2016\",\"datePublished\":\"2016-01-28T08:26:43+00:00\",\"dateModified\":\"2016-01-29T12:22:41+00:00\",\"mainEntityOfPage\":{\"@id\":\"https:\\\/\\\/ibecbarcelona.eu\\\/es\\\/nanomed-spain-organiza-el-nano-world-cancer-day-2016\\\/\"},\"wordCount\":218,\"publisher\":{\"@id\":\"https:\\\/\\\/ibecbarcelona.eu\\\/#organization\"},\"image\":{\"@id\":\"https:\\\/\\\/ibecbarcelona.eu\\\/es\\\/nanomed-spain-organiza-el-nano-world-cancer-day-2016\\\/#primaryimage\"},\"thumbnailUrl\":\"https:\\\/\\\/ibecbarcelona.eu\\\/wp-content\\\/uploads\\\/2016\\\/01\\\/nanoworld.jpg\",\"articleSection\":[\"Noticias institucionales\"],\"inLanguage\":\"es\"},{\"@type\":\"WebPage\",\"@id\":\"https:\\\/\\\/ibecbarcelona.eu\\\/es\\\/nanomed-spain-organiza-el-nano-world-cancer-day-2016\\\/\",\"url\":\"https:\\\/\\\/ibecbarcelona.eu\\\/es\\\/nanomed-spain-organiza-el-nano-world-cancer-day-2016\\\/\",\"name\":\"NanoMed Spain organiza el Nano World Cancer Day 2016 - Institute for Bioengineering of Catalonia\",\"isPartOf\":{\"@id\":\"https:\\\/\\\/ibecbarcelona.eu\\\/#website\"},\"primaryImageOfPage\":{\"@id\":\"https:\\\/\\\/ibecbarcelona.eu\\\/es\\\/nanomed-spain-organiza-el-nano-world-cancer-day-2016\\\/#primaryimage\"},\"image\":{\"@id\":\"https:\\\/\\\/ibecbarcelona.eu\\\/es\\\/nanomed-spain-organiza-el-nano-world-cancer-day-2016\\\/#primaryimage\"},\"thumbnailUrl\":\"https:\\\/\\\/ibecbarcelona.eu\\\/wp-content\\\/uploads\\\/2016\\\/01\\\/nanoworld.jpg\",\"datePublished\":\"2016-01-28T08:26:43+00:00\",\"dateModified\":\"2016-01-29T12:22:41+00:00\",\"breadcrumb\":{\"@id\":\"https:\\\/\\\/ibecbarcelona.eu\\\/es\\\/nanomed-spain-organiza-el-nano-world-cancer-day-2016\\\/#breadcrumb\"},\"inLanguage\":\"es\",\"potentialAction\":[{\"@type\":\"ReadAction\",\"target\":[\"https:\\\/\\\/ibecbarcelona.eu\\\/es\\\/nanomed-spain-organiza-el-nano-world-cancer-day-2016\\\/\"]}]},{\"@type\":\"ImageObject\",\"inLanguage\":\"es\",\"@id\":\"https:\\\/\\\/ibecbarcelona.eu\\\/es\\\/nanomed-spain-organiza-el-nano-world-cancer-day-2016\\\/#primaryimage\",\"url\":\"https:\\\/\\\/ibecbarcelona.eu\\\/wp-content\\\/uploads\\\/2016\\\/01\\\/nanoworld.jpg\",\"contentUrl\":\"https:\\\/\\\/ibecbarcelona.eu\\\/wp-content\\\/uploads\\\/2016\\\/01\\\/nanoworld.jpg\",\"width\":350,\"height\":181},{\"@type\":\"BreadcrumbList\",\"@id\":\"https:\\\/\\\/ibecbarcelona.eu\\\/es\\\/nanomed-spain-organiza-el-nano-world-cancer-day-2016\\\/#breadcrumb\",\"itemListElement\":[{\"@type\":\"ListItem\",\"position\":1,\"name\":\"Home\",\"item\":\"https:\\\/\\\/ibecbarcelona.eu\\\/es\\\/\"},{\"@type\":\"ListItem\",\"position\":2,\"name\":\"NanoMed Spain organiza el Nano World Cancer Day 2016\"}]},{\"@type\":\"WebSite\",\"@id\":\"https:\\\/\\\/ibecbarcelona.eu\\\/#website\",\"url\":\"https:\\\/\\\/ibecbarcelona.eu\\\/\",\"name\":\"Institute for Bioengineering of Catalonia\",\"description\":\"Bioengineering solutions for health\",\"publisher\":{\"@id\":\"https:\\\/\\\/ibecbarcelona.eu\\\/#organization\"},\"potentialAction\":[{\"@type\":\"SearchAction\",\"target\":{\"@type\":\"EntryPoint\",\"urlTemplate\":\"https:\\\/\\\/ibecbarcelona.eu\\\/?s={search_term_string}\"},\"query-input\":{\"@type\":\"PropertyValueSpecification\",\"valueRequired\":true,\"valueName\":\"search_term_string\"}}],\"inLanguage\":\"es\"},{\"@type\":\"Organization\",\"@id\":\"https:\\\/\\\/ibecbarcelona.eu\\\/#organization\",\"name\":\"Institute for Bioengineering of Catalonia\",\"url\":\"https:\\\/\\\/ibecbarcelona.eu\\\/\",\"logo\":{\"@type\":\"ImageObject\",\"inLanguage\":\"es\",\"@id\":\"https:\\\/\\\/ibecbarcelona.eu\\\/#\\\/schema\\\/logo\\\/image\\\/\",\"url\":\"https:\\\/\\\/ibecbarcelona.eu\\\/wp-content\\\/uploads\\\/2026\\\/01\\\/cropped-IBEC_20ANYS_GRIS.png\",\"contentUrl\":\"https:\\\/\\\/ibecbarcelona.eu\\\/wp-content\\\/uploads\\\/2026\\\/01\\\/cropped-IBEC_20ANYS_GRIS.png\",\"width\":696,\"height\":257,\"caption\":\"Institute for Bioengineering of Catalonia\"},\"image\":{\"@id\":\"https:\\\/\\\/ibecbarcelona.eu\\\/#\\\/schema\\\/logo\\\/image\\\/\"}},{\"@type\":\"Person\",\"@id\":\"https:\\\/\\\/ibecbarcelona.eu\\\/#\\\/schema\\\/person\\\/c212c6b589546130be67986b9290e2b8\",\"name\":\"\u00c0ngels L\u00f3pez\",\"image\":{\"@type\":\"ImageObject\",\"inLanguage\":\"es\",\"@id\":\"https:\\\/\\\/secure.gravatar.com\\\/avatar\\\/09ad6ba116bea0b15c5511860f83b302579fd7404c1180e9dae55c3f11d988c6?s=96&d=mm&r=g\",\"url\":\"https:\\\/\\\/secure.gravatar.com\\\/avatar\\\/09ad6ba116bea0b15c5511860f83b302579fd7404c1180e9dae55c3f11d988c6?s=96&d=mm&r=g\",\"contentUrl\":\"https:\\\/\\\/secure.gravatar.com\\\/avatar\\\/09ad6ba116bea0b15c5511860f83b302579fd7404c1180e9dae55c3f11d988c6?s=96&d=mm&r=g\",\"caption\":\"\u00c0ngels L\u00f3pez\"},\"url\":\"https:\\\/\\\/ibecbarcelona.eu\\\/es\\\/author\\\/alopez\\\/\"}]}<\/script>\n<!-- \/ Yoast SEO plugin. -->","yoast_head_json":{"title":"NanoMed Spain organiza el Nano World Cancer Day 2016 - Institute for Bioengineering of Catalonia","robots":{"index":"index","follow":"follow","max-snippet":"max-snippet:-1","max-image-preview":"max-image-preview:large","max-video-preview":"max-video-preview:-1"},"canonical":"https:\/\/ibecbarcelona.eu\/es\/nanomed-spain-organiza-el-nano-world-cancer-day-2016\/","og_locale":"es_ES","og_type":"article","og_title":"NanoMed Spain organiza el Nano World Cancer Day 2016 - Institute for Bioengineering of Catalonia","og_description":"La plataforma Espa\u00f1ola de Nanomedicina, coordinada por el IBEC, NanoMedSpain organiza un evento que forma part del Nano World Cancer Day 2016 en Martes 2 de Febrero, una iniciativa global organizada por el World Cancer Day.  En la conferencia, que tendr\u00e1 lugar a partir de las 11: 00h hasta las 13: 00h en el Aula Magna de la Universidad de Barcelona, las \u00faltimas innovaciones en nanomedicina para el c\u00e1ncer ser\u00e1n presentadas y discutidas, con temas que van desde el diagn\u00f3stico precoz y la liberaci\u00f3n controlada de f\u00e1rmacos a la terapia de radiaci\u00f3n utilizando nanopart\u00edculas.","og_url":"https:\/\/ibecbarcelona.eu\/es\/nanomed-spain-organiza-el-nano-world-cancer-day-2016\/","og_site_name":"Institute for Bioengineering of Catalonia","article_published_time":"2016-01-28T08:26:43+00:00","article_modified_time":"2016-01-29T12:22:41+00:00","og_image":[{"width":350,"height":181,"url":"https:\/\/ibecbarcelona.eu\/wp-content\/uploads\/2016\/01\/nanoworld.jpg","type":"image\/jpeg"}],"author":"\u00c0ngels L\u00f3pez","twitter_card":"summary_large_image","twitter_misc":{"Escrito por":"\u00c0ngels L\u00f3pez","Tiempo de lectura":"1 minuto"},"schema":{"@context":"https:\/\/schema.org","@graph":[{"@type":"Article","@id":"https:\/\/ibecbarcelona.eu\/es\/nanomed-spain-organiza-el-nano-world-cancer-day-2016\/#article","isPartOf":{"@id":"https:\/\/ibecbarcelona.eu\/es\/nanomed-spain-organiza-el-nano-world-cancer-day-2016\/"},"author":{"name":"\u00c0ngels L\u00f3pez","@id":"https:\/\/ibecbarcelona.eu\/#\/schema\/person\/c212c6b589546130be67986b9290e2b8"},"headline":"NanoMed Spain organiza el Nano World Cancer Day 2016","datePublished":"2016-01-28T08:26:43+00:00","dateModified":"2016-01-29T12:22:41+00:00","mainEntityOfPage":{"@id":"https:\/\/ibecbarcelona.eu\/es\/nanomed-spain-organiza-el-nano-world-cancer-day-2016\/"},"wordCount":218,"publisher":{"@id":"https:\/\/ibecbarcelona.eu\/#organization"},"image":{"@id":"https:\/\/ibecbarcelona.eu\/es\/nanomed-spain-organiza-el-nano-world-cancer-day-2016\/#primaryimage"},"thumbnailUrl":"https:\/\/ibecbarcelona.eu\/wp-content\/uploads\/2016\/01\/nanoworld.jpg","articleSection":["Noticias institucionales"],"inLanguage":"es"},{"@type":"WebPage","@id":"https:\/\/ibecbarcelona.eu\/es\/nanomed-spain-organiza-el-nano-world-cancer-day-2016\/","url":"https:\/\/ibecbarcelona.eu\/es\/nanomed-spain-organiza-el-nano-world-cancer-day-2016\/","name":"NanoMed Spain organiza el Nano World Cancer Day 2016 - Institute for Bioengineering of Catalonia","isPartOf":{"@id":"https:\/\/ibecbarcelona.eu\/#website"},"primaryImageOfPage":{"@id":"https:\/\/ibecbarcelona.eu\/es\/nanomed-spain-organiza-el-nano-world-cancer-day-2016\/#primaryimage"},"image":{"@id":"https:\/\/ibecbarcelona.eu\/es\/nanomed-spain-organiza-el-nano-world-cancer-day-2016\/#primaryimage"},"thumbnailUrl":"https:\/\/ibecbarcelona.eu\/wp-content\/uploads\/2016\/01\/nanoworld.jpg","datePublished":"2016-01-28T08:26:43+00:00","dateModified":"2016-01-29T12:22:41+00:00","breadcrumb":{"@id":"https:\/\/ibecbarcelona.eu\/es\/nanomed-spain-organiza-el-nano-world-cancer-day-2016\/#breadcrumb"},"inLanguage":"es","potentialAction":[{"@type":"ReadAction","target":["https:\/\/ibecbarcelona.eu\/es\/nanomed-spain-organiza-el-nano-world-cancer-day-2016\/"]}]},{"@type":"ImageObject","inLanguage":"es","@id":"https:\/\/ibecbarcelona.eu\/es\/nanomed-spain-organiza-el-nano-world-cancer-day-2016\/#primaryimage","url":"https:\/\/ibecbarcelona.eu\/wp-content\/uploads\/2016\/01\/nanoworld.jpg","contentUrl":"https:\/\/ibecbarcelona.eu\/wp-content\/uploads\/2016\/01\/nanoworld.jpg","width":350,"height":181},{"@type":"BreadcrumbList","@id":"https:\/\/ibecbarcelona.eu\/es\/nanomed-spain-organiza-el-nano-world-cancer-day-2016\/#breadcrumb","itemListElement":[{"@type":"ListItem","position":1,"name":"Home","item":"https:\/\/ibecbarcelona.eu\/es\/"},{"@type":"ListItem","position":2,"name":"NanoMed Spain organiza el Nano World Cancer Day 2016"}]},{"@type":"WebSite","@id":"https:\/\/ibecbarcelona.eu\/#website","url":"https:\/\/ibecbarcelona.eu\/","name":"Institute for Bioengineering of Catalonia","description":"Bioengineering solutions for health","publisher":{"@id":"https:\/\/ibecbarcelona.eu\/#organization"},"potentialAction":[{"@type":"SearchAction","target":{"@type":"EntryPoint","urlTemplate":"https:\/\/ibecbarcelona.eu\/?s={search_term_string}"},"query-input":{"@type":"PropertyValueSpecification","valueRequired":true,"valueName":"search_term_string"}}],"inLanguage":"es"},{"@type":"Organization","@id":"https:\/\/ibecbarcelona.eu\/#organization","name":"Institute for Bioengineering of Catalonia","url":"https:\/\/ibecbarcelona.eu\/","logo":{"@type":"ImageObject","inLanguage":"es","@id":"https:\/\/ibecbarcelona.eu\/#\/schema\/logo\/image\/","url":"https:\/\/ibecbarcelona.eu\/wp-content\/uploads\/2026\/01\/cropped-IBEC_20ANYS_GRIS.png","contentUrl":"https:\/\/ibecbarcelona.eu\/wp-content\/uploads\/2026\/01\/cropped-IBEC_20ANYS_GRIS.png","width":696,"height":257,"caption":"Institute for Bioengineering of Catalonia"},"image":{"@id":"https:\/\/ibecbarcelona.eu\/#\/schema\/logo\/image\/"}},{"@type":"Person","@id":"https:\/\/ibecbarcelona.eu\/#\/schema\/person\/c212c6b589546130be67986b9290e2b8","name":"\u00c0ngels L\u00f3pez","image":{"@type":"ImageObject","inLanguage":"es","@id":"https:\/\/secure.gravatar.com\/avatar\/09ad6ba116bea0b15c5511860f83b302579fd7404c1180e9dae55c3f11d988c6?s=96&d=mm&r=g","url":"https:\/\/secure.gravatar.com\/avatar\/09ad6ba116bea0b15c5511860f83b302579fd7404c1180e9dae55c3f11d988c6?s=96&d=mm&r=g","contentUrl":"https:\/\/secure.gravatar.com\/avatar\/09ad6ba116bea0b15c5511860f83b302579fd7404c1180e9dae55c3f11d988c6?s=96&d=mm&r=g","caption":"\u00c0ngels L\u00f3pez"},"url":"https:\/\/ibecbarcelona.eu\/es\/author\/alopez\/"}]}},"AFP_featured_media_urls":{"full":["https:\/\/ibecbarcelona.eu\/wp-content\/uploads\/2016\/01\/nanoworld.jpg",350,181,false],"thumbnail":["https:\/\/ibecbarcelona.eu\/wp-content\/uploads\/2016\/01\/nanoworld-150x150.jpg",150,150,true],"medium":["https:\/\/ibecbarcelona.eu\/wp-content\/uploads\/2016\/01\/nanoworld-300x155.jpg",300,155,true],"medium_large":["https:\/\/ibecbarcelona.eu\/wp-content\/uploads\/2016\/01\/nanoworld.jpg",350,181,false],"large":["https:\/\/ibecbarcelona.eu\/wp-content\/uploads\/2016\/01\/nanoworld.jpg",350,181,false]},"AFP_attachments":{"full":["https:\/\/ibecbarcelona.eu\/wp-content\/uploads\/2016\/01\/nanoworld.jpg",350,181,false],"thumbnail":["https:\/\/ibecbarcelona.eu\/wp-content\/uploads\/2016\/01\/nanoworld-150x150.jpg",150,150,true],"medium":["https:\/\/ibecbarcelona.eu\/wp-content\/uploads\/2016\/01\/nanoworld-300x155.jpg",300,155,true],"medium_large":["https:\/\/ibecbarcelona.eu\/wp-content\/uploads\/2016\/01\/nanoworld.jpg",350,181,false],"large":["https:\/\/ibecbarcelona.eu\/wp-content\/uploads\/2016\/01\/nanoworld.jpg",350,181,false]},"AFP_videos":[],"AFP_video_blocks":"","AFP_category_names":["Noticias institucionales"],"_links":{"self":[{"href":"https:\/\/ibecbarcelona.eu\/es\/wp-json\/wp\/v2\/posts\/21232","targetHints":{"allow":["GET"]}}],"collection":[{"href":"https:\/\/ibecbarcelona.eu\/es\/wp-json\/wp\/v2\/posts"}],"about":[{"href":"https:\/\/ibecbarcelona.eu\/es\/wp-json\/wp\/v2\/types\/post"}],"author":[{"embeddable":true,"href":"https:\/\/ibecbarcelona.eu\/es\/wp-json\/wp\/v2\/users\/4"}],"replies":[{"embeddable":true,"href":"https:\/\/ibecbarcelona.eu\/es\/wp-json\/wp\/v2\/comments?post=21232"}],"version-history":[{"count":0,"href":"https:\/\/ibecbarcelona.eu\/es\/wp-json\/wp\/v2\/posts\/21232\/revisions"}],"wp:featuredmedia":[{"embeddable":true,"href":"https:\/\/ibecbarcelona.eu\/es\/wp-json\/wp\/v2\/media\/21175"}],"wp:attachment":[{"href":"https:\/\/ibecbarcelona.eu\/es\/wp-json\/wp\/v2\/media?parent=21232"}],"wp:term":[{"taxonomy":"category","embeddable":true,"href":"https:\/\/ibecbarcelona.eu\/es\/wp-json\/wp\/v2\/categories?post=21232"},{"taxonomy":"post_tag","embeddable":true,"href":"https:\/\/ibecbarcelona.eu\/es\/wp-json\/wp\/v2\/tags?post=21232"},{"taxonomy":"post_format","embeddable":true,"href":"https:\/\/ibecbarcelona.eu\/es\/wp-json\/wp\/v2\/post_formats?post=21232"}],"curies":[{"name":"wp","href":"https:\/\/api.w.org\/{rel}","templated":true}]}}