
{"id":21895,"date":"2016-03-14T11:43:52","date_gmt":"2016-03-14T11:43:52","guid":{"rendered":"http:\/\/ibecbarcelona.eu\/?p=21895"},"modified":"2016-03-16T10:53:14","modified_gmt":"2016-03-16T10:53:14","slug":"una-reunion-del-sector-de-la-biotecnologia-industrial-en-cataluna","status":"publish","type":"post","link":"https:\/\/ibecbarcelona.eu\/es\/una-reunion-del-sector-de-la-biotecnologia-industrial-en-cataluna\/","title":{"rendered":"Una reuni\u00f3n del sector de la biotecnolog\u00eda industrial en Catalu\u00f1a"},"content":{"rendered":"<p>Minoryx y Palobiofarma fueron las dos empresas premiadas con el premio Premi Bio\u00e8xit &#8211; Biosuccess del a\u00f1o &#8211; que se da anualmente en el caso de CataloniaBio. Minoryx, est\u00e1 comprometida con la b\u00fasqueda de tratamientos innovadores para enfermedades raras, y recibi\u00f3 el premio por su reciente \u00e9xito en el aprovechamiento de una ronda de financiaci\u00f3n 19.000\u20ac con inversores internacionales; Palobiofarma, creada en 2006 para descubrir nuevos f\u00e1rmacos basados en la modulaci\u00f3n de los receptores de adenosina, fueron los ganadores de la concesi\u00f3n de licencias de un f\u00e1rmaco prometedor contra el c\u00e1ncer a Novartis.<\/p>\n","protected":false},"excerpt":{"rendered":"<h3><img decoding=\"async\" data-src=\"https:\/\/ibecbarcelona.eu\/wp-content\/uploads\/2016\/03\/cataloniabio.jpg\" alt=\"cataloniabio\" width=\"400\" height=\"268\" class=\"left size-full wp-image-21853 lazyload\" data-srcset=\"https:\/\/ibecbarcelona.eu\/wp-content\/uploads\/2016\/03\/cataloniabio.jpg 400w, https:\/\/ibecbarcelona.eu\/wp-content\/uploads\/2016\/03\/cataloniabio-300x201.jpg 300w, https:\/\/ibecbarcelona.eu\/wp-content\/uploads\/2016\/03\/cataloniabio-194x130.jpg 194w, https:\/\/ibecbarcelona.eu\/wp-content\/uploads\/2016\/03\/cataloniabio-150x101.jpg 150w\" data-sizes=\"(max-width: 400px) 100vw, 400px\" src=\"data:image\/svg+xml;base64,PHN2ZyB3aWR0aD0iMSIgaGVpZ2h0PSIxIiB4bWxucz0iaHR0cDovL3d3dy53My5vcmcvMjAwMC9zdmciPjwvc3ZnPg==\" style=\"--smush-placeholder-width: 400px; --smush-placeholder-aspect-ratio: 400\/268;\" \/><\/a>M\u00e1s de 250 empresas y organizaciones p\u00fablicas se reunieron el pasado jueves en la Nit de CataloniaBio 2016, el foro anual para el sector, que este a\u00f1o tuvo un enfoque especial debido a los 10 a\u00f1os CataloniaBio, el organizador. <\/h3>\n<p>CataloniaBio est\u00e1 pensada como una asociaci\u00f3n de empresas, pero se invit\u00f3 a los organismos p\u00fablicos y centros de investigaci\u00f3n m\u00e1s relevantes, y  el IBEC estuvo representado por el director Josep Samitier, Xavier R\u00fabies y Diana Gonz\u00e1lez de la Unidad de Transferencia de Tecnolog\u00eda.<\/p>\n<p>Tambi\u00e9n estuvieron presentes en el evento el conseller de Salud, Antoni Com\u00edn, el conseller de Empresa y Conocimiento, Jordi Baiget, presidente de CataloniaBio y  Ignasi Biosca, CEO Reig Jofre, y la vicepresidenta de CataloniaBio y directora de estrategia y desarrollo de Kern Pharma, Clara Camp\u00e0s.<\/p>\n","protected":false},"author":4,"featured_media":21854,"comment_status":"closed","ping_status":"closed","sticky":false,"template":"","format":"standard","meta":{"footnotes":""},"categories":[94],"tags":[],"post_formats":[],"class_list":["post-21895","post","type-post","status-publish","format-standard","has-post-thumbnail","hentry","category-noticias-institucionales"],"yoast_head":"<!-- This site is optimized with the Yoast SEO plugin v27.5 - https:\/\/yoast.com\/product\/yoast-seo-wordpress\/ -->\n<title>Una reuni\u00f3n del sector de la biotecnolog\u00eda industrial en Catalu\u00f1a - Institute for Bioengineering of Catalonia<\/title>\n<meta name=\"robots\" content=\"index, follow, max-snippet:-1, max-image-preview:large, max-video-preview:-1\" \/>\n<link rel=\"canonical\" href=\"https:\/\/ibecbarcelona.eu\/es\/una-reunion-del-sector-de-la-biotecnologia-industrial-en-cataluna\/\" \/>\n<meta property=\"og:locale\" content=\"es_ES\" \/>\n<meta property=\"og:type\" content=\"article\" \/>\n<meta property=\"og:title\" content=\"Una reuni\u00f3n del sector de la biotecnolog\u00eda industrial en Catalu\u00f1a - Institute for Bioengineering of Catalonia\" \/>\n<meta property=\"og:description\" content=\"M\u00e1s de 250 empresas y organizaciones p\u00fablicas se reunieron el pasado jueves en la Nit de CataloniaBio 2016, el foro anual para el sector, que este a\u00f1o tuvo un enfoque especial debido a los 10 a\u00f1os CataloniaBio, el organizador.   CataloniaBio est\u00e1 pensada como una asociaci\u00f3n de empresas, pero se invit\u00f3 a los organismos p\u00fablicos y centros de investigaci\u00f3n m\u00e1s relevantes, y el IBEC estuvo representado por el director Josep Samitier, Xavier R\u00fabies y Diana Gonz\u00e1lez de la Unidad de Transferencia de Tecnolog\u00eda.   Tambi\u00e9n estuvieron presentes en el evento el conseller de Salud, Antoni Com\u00edn, el conseller de Empresa y Conocimiento, Jordi Baiget, presidente de CataloniaBio y Ignasi Biosca, CEO Reig Jofre, y la vicepresidenta de CataloniaBio y directora de estrategia y desarrollo de Kern Pharma, Clara Camp\u00e0s.\" \/>\n<meta property=\"og:url\" content=\"https:\/\/ibecbarcelona.eu\/es\/una-reunion-del-sector-de-la-biotecnologia-industrial-en-cataluna\/\" \/>\n<meta property=\"og:site_name\" content=\"Institute for Bioengineering of Catalonia\" \/>\n<meta property=\"article:published_time\" content=\"2016-03-14T11:43:52+00:00\" \/>\n<meta property=\"article:modified_time\" content=\"2016-03-16T10:53:14+00:00\" \/>\n<meta property=\"og:image\" content=\"https:\/\/ibecbarcelona.eu\/wp-content\/uploads\/2016\/03\/cataloniabio.jpg\" \/>\n\t<meta property=\"og:image:width\" content=\"400\" \/>\n\t<meta property=\"og:image:height\" content=\"268\" \/>\n\t<meta property=\"og:image:type\" content=\"image\/jpeg\" \/>\n<meta name=\"author\" content=\"\u00c0ngels L\u00f3pez\" \/>\n<meta name=\"twitter:card\" content=\"summary_large_image\" \/>\n<meta name=\"twitter:label1\" content=\"Escrito por\" \/>\n\t<meta name=\"twitter:data1\" content=\"\u00c0ngels L\u00f3pez\" \/>\n\t<meta name=\"twitter:label2\" content=\"Tiempo de lectura\" \/>\n\t<meta name=\"twitter:data2\" content=\"1 minuto\" \/>\n<script type=\"application\/ld+json\" class=\"yoast-schema-graph\">{\"@context\":\"https:\\\/\\\/schema.org\",\"@graph\":[{\"@type\":\"Article\",\"@id\":\"https:\\\/\\\/ibecbarcelona.eu\\\/es\\\/una-reunion-del-sector-de-la-biotecnologia-industrial-en-cataluna\\\/#article\",\"isPartOf\":{\"@id\":\"https:\\\/\\\/ibecbarcelona.eu\\\/es\\\/una-reunion-del-sector-de-la-biotecnologia-industrial-en-cataluna\\\/\"},\"author\":{\"name\":\"\u00c0ngels L\u00f3pez\",\"@id\":\"https:\\\/\\\/ibecbarcelona.eu\\\/#\\\/schema\\\/person\\\/c212c6b589546130be67986b9290e2b8\"},\"headline\":\"Una reuni\u00f3n del sector de la biotecnolog\u00eda industrial en Catalu\u00f1a\",\"datePublished\":\"2016-03-14T11:43:52+00:00\",\"dateModified\":\"2016-03-16T10:53:14+00:00\",\"mainEntityOfPage\":{\"@id\":\"https:\\\/\\\/ibecbarcelona.eu\\\/es\\\/una-reunion-del-sector-de-la-biotecnologia-industrial-en-cataluna\\\/\"},\"wordCount\":113,\"publisher\":{\"@id\":\"https:\\\/\\\/ibecbarcelona.eu\\\/#organization\"},\"image\":{\"@id\":\"https:\\\/\\\/ibecbarcelona.eu\\\/es\\\/una-reunion-del-sector-de-la-biotecnologia-industrial-en-cataluna\\\/#primaryimage\"},\"thumbnailUrl\":\"https:\\\/\\\/ibecbarcelona.eu\\\/wp-content\\\/uploads\\\/2016\\\/03\\\/cataloniabio.jpg\",\"articleSection\":[\"Noticias institucionales\"],\"inLanguage\":\"es\"},{\"@type\":\"WebPage\",\"@id\":\"https:\\\/\\\/ibecbarcelona.eu\\\/es\\\/una-reunion-del-sector-de-la-biotecnologia-industrial-en-cataluna\\\/\",\"url\":\"https:\\\/\\\/ibecbarcelona.eu\\\/es\\\/una-reunion-del-sector-de-la-biotecnologia-industrial-en-cataluna\\\/\",\"name\":\"Una reuni\u00f3n del sector de la biotecnolog\u00eda industrial en Catalu\u00f1a - Institute for Bioengineering of Catalonia\",\"isPartOf\":{\"@id\":\"https:\\\/\\\/ibecbarcelona.eu\\\/#website\"},\"primaryImageOfPage\":{\"@id\":\"https:\\\/\\\/ibecbarcelona.eu\\\/es\\\/una-reunion-del-sector-de-la-biotecnologia-industrial-en-cataluna\\\/#primaryimage\"},\"image\":{\"@id\":\"https:\\\/\\\/ibecbarcelona.eu\\\/es\\\/una-reunion-del-sector-de-la-biotecnologia-industrial-en-cataluna\\\/#primaryimage\"},\"thumbnailUrl\":\"https:\\\/\\\/ibecbarcelona.eu\\\/wp-content\\\/uploads\\\/2016\\\/03\\\/cataloniabio.jpg\",\"datePublished\":\"2016-03-14T11:43:52+00:00\",\"dateModified\":\"2016-03-16T10:53:14+00:00\",\"breadcrumb\":{\"@id\":\"https:\\\/\\\/ibecbarcelona.eu\\\/es\\\/una-reunion-del-sector-de-la-biotecnologia-industrial-en-cataluna\\\/#breadcrumb\"},\"inLanguage\":\"es\",\"potentialAction\":[{\"@type\":\"ReadAction\",\"target\":[\"https:\\\/\\\/ibecbarcelona.eu\\\/es\\\/una-reunion-del-sector-de-la-biotecnologia-industrial-en-cataluna\\\/\"]}]},{\"@type\":\"ImageObject\",\"inLanguage\":\"es\",\"@id\":\"https:\\\/\\\/ibecbarcelona.eu\\\/es\\\/una-reunion-del-sector-de-la-biotecnologia-industrial-en-cataluna\\\/#primaryimage\",\"url\":\"https:\\\/\\\/ibecbarcelona.eu\\\/wp-content\\\/uploads\\\/2016\\\/03\\\/cataloniabio.jpg\",\"contentUrl\":\"https:\\\/\\\/ibecbarcelona.eu\\\/wp-content\\\/uploads\\\/2016\\\/03\\\/cataloniabio.jpg\",\"width\":400,\"height\":268},{\"@type\":\"BreadcrumbList\",\"@id\":\"https:\\\/\\\/ibecbarcelona.eu\\\/es\\\/una-reunion-del-sector-de-la-biotecnologia-industrial-en-cataluna\\\/#breadcrumb\",\"itemListElement\":[{\"@type\":\"ListItem\",\"position\":1,\"name\":\"Home\",\"item\":\"https:\\\/\\\/ibecbarcelona.eu\\\/es\\\/\"},{\"@type\":\"ListItem\",\"position\":2,\"name\":\"Una reuni\u00f3n del sector de la biotecnolog\u00eda industrial en Catalu\u00f1a\"}]},{\"@type\":\"WebSite\",\"@id\":\"https:\\\/\\\/ibecbarcelona.eu\\\/#website\",\"url\":\"https:\\\/\\\/ibecbarcelona.eu\\\/\",\"name\":\"Institute for Bioengineering of Catalonia\",\"description\":\"Bioengineering solutions for health\",\"publisher\":{\"@id\":\"https:\\\/\\\/ibecbarcelona.eu\\\/#organization\"},\"potentialAction\":[{\"@type\":\"SearchAction\",\"target\":{\"@type\":\"EntryPoint\",\"urlTemplate\":\"https:\\\/\\\/ibecbarcelona.eu\\\/?s={search_term_string}\"},\"query-input\":{\"@type\":\"PropertyValueSpecification\",\"valueRequired\":true,\"valueName\":\"search_term_string\"}}],\"inLanguage\":\"es\"},{\"@type\":\"Organization\",\"@id\":\"https:\\\/\\\/ibecbarcelona.eu\\\/#organization\",\"name\":\"Institute for Bioengineering of Catalonia\",\"url\":\"https:\\\/\\\/ibecbarcelona.eu\\\/\",\"logo\":{\"@type\":\"ImageObject\",\"inLanguage\":\"es\",\"@id\":\"https:\\\/\\\/ibecbarcelona.eu\\\/#\\\/schema\\\/logo\\\/image\\\/\",\"url\":\"https:\\\/\\\/ibecbarcelona.eu\\\/wp-content\\\/uploads\\\/2026\\\/01\\\/cropped-IBEC_20ANYS_GRIS.png\",\"contentUrl\":\"https:\\\/\\\/ibecbarcelona.eu\\\/wp-content\\\/uploads\\\/2026\\\/01\\\/cropped-IBEC_20ANYS_GRIS.png\",\"width\":696,\"height\":257,\"caption\":\"Institute for Bioengineering of Catalonia\"},\"image\":{\"@id\":\"https:\\\/\\\/ibecbarcelona.eu\\\/#\\\/schema\\\/logo\\\/image\\\/\"}},{\"@type\":\"Person\",\"@id\":\"https:\\\/\\\/ibecbarcelona.eu\\\/#\\\/schema\\\/person\\\/c212c6b589546130be67986b9290e2b8\",\"name\":\"\u00c0ngels L\u00f3pez\",\"image\":{\"@type\":\"ImageObject\",\"inLanguage\":\"es\",\"@id\":\"https:\\\/\\\/secure.gravatar.com\\\/avatar\\\/09ad6ba116bea0b15c5511860f83b302579fd7404c1180e9dae55c3f11d988c6?s=96&d=mm&r=g\",\"url\":\"https:\\\/\\\/secure.gravatar.com\\\/avatar\\\/09ad6ba116bea0b15c5511860f83b302579fd7404c1180e9dae55c3f11d988c6?s=96&d=mm&r=g\",\"contentUrl\":\"https:\\\/\\\/secure.gravatar.com\\\/avatar\\\/09ad6ba116bea0b15c5511860f83b302579fd7404c1180e9dae55c3f11d988c6?s=96&d=mm&r=g\",\"caption\":\"\u00c0ngels L\u00f3pez\"},\"url\":\"https:\\\/\\\/ibecbarcelona.eu\\\/es\\\/author\\\/alopez\\\/\"}]}<\/script>\n<!-- \/ Yoast SEO plugin. -->","yoast_head_json":{"title":"Una reuni\u00f3n del sector de la biotecnolog\u00eda industrial en Catalu\u00f1a - Institute for Bioengineering of Catalonia","robots":{"index":"index","follow":"follow","max-snippet":"max-snippet:-1","max-image-preview":"max-image-preview:large","max-video-preview":"max-video-preview:-1"},"canonical":"https:\/\/ibecbarcelona.eu\/es\/una-reunion-del-sector-de-la-biotecnologia-industrial-en-cataluna\/","og_locale":"es_ES","og_type":"article","og_title":"Una reuni\u00f3n del sector de la biotecnolog\u00eda industrial en Catalu\u00f1a - Institute for Bioengineering of Catalonia","og_description":"M\u00e1s de 250 empresas y organizaciones p\u00fablicas se reunieron el pasado jueves en la Nit de CataloniaBio 2016, el foro anual para el sector, que este a\u00f1o tuvo un enfoque especial debido a los 10 a\u00f1os CataloniaBio, el organizador.   CataloniaBio est\u00e1 pensada como una asociaci\u00f3n de empresas, pero se invit\u00f3 a los organismos p\u00fablicos y centros de investigaci\u00f3n m\u00e1s relevantes, y el IBEC estuvo representado por el director Josep Samitier, Xavier R\u00fabies y Diana Gonz\u00e1lez de la Unidad de Transferencia de Tecnolog\u00eda.   Tambi\u00e9n estuvieron presentes en el evento el conseller de Salud, Antoni Com\u00edn, el conseller de Empresa y Conocimiento, Jordi Baiget, presidente de CataloniaBio y Ignasi Biosca, CEO Reig Jofre, y la vicepresidenta de CataloniaBio y directora de estrategia y desarrollo de Kern Pharma, Clara Camp\u00e0s.","og_url":"https:\/\/ibecbarcelona.eu\/es\/una-reunion-del-sector-de-la-biotecnologia-industrial-en-cataluna\/","og_site_name":"Institute for Bioengineering of Catalonia","article_published_time":"2016-03-14T11:43:52+00:00","article_modified_time":"2016-03-16T10:53:14+00:00","og_image":[{"width":400,"height":268,"url":"https:\/\/ibecbarcelona.eu\/wp-content\/uploads\/2016\/03\/cataloniabio.jpg","type":"image\/jpeg"}],"author":"\u00c0ngels L\u00f3pez","twitter_card":"summary_large_image","twitter_misc":{"Escrito por":"\u00c0ngels L\u00f3pez","Tiempo de lectura":"1 minuto"},"schema":{"@context":"https:\/\/schema.org","@graph":[{"@type":"Article","@id":"https:\/\/ibecbarcelona.eu\/es\/una-reunion-del-sector-de-la-biotecnologia-industrial-en-cataluna\/#article","isPartOf":{"@id":"https:\/\/ibecbarcelona.eu\/es\/una-reunion-del-sector-de-la-biotecnologia-industrial-en-cataluna\/"},"author":{"name":"\u00c0ngels L\u00f3pez","@id":"https:\/\/ibecbarcelona.eu\/#\/schema\/person\/c212c6b589546130be67986b9290e2b8"},"headline":"Una reuni\u00f3n del sector de la biotecnolog\u00eda industrial en Catalu\u00f1a","datePublished":"2016-03-14T11:43:52+00:00","dateModified":"2016-03-16T10:53:14+00:00","mainEntityOfPage":{"@id":"https:\/\/ibecbarcelona.eu\/es\/una-reunion-del-sector-de-la-biotecnologia-industrial-en-cataluna\/"},"wordCount":113,"publisher":{"@id":"https:\/\/ibecbarcelona.eu\/#organization"},"image":{"@id":"https:\/\/ibecbarcelona.eu\/es\/una-reunion-del-sector-de-la-biotecnologia-industrial-en-cataluna\/#primaryimage"},"thumbnailUrl":"https:\/\/ibecbarcelona.eu\/wp-content\/uploads\/2016\/03\/cataloniabio.jpg","articleSection":["Noticias institucionales"],"inLanguage":"es"},{"@type":"WebPage","@id":"https:\/\/ibecbarcelona.eu\/es\/una-reunion-del-sector-de-la-biotecnologia-industrial-en-cataluna\/","url":"https:\/\/ibecbarcelona.eu\/es\/una-reunion-del-sector-de-la-biotecnologia-industrial-en-cataluna\/","name":"Una reuni\u00f3n del sector de la biotecnolog\u00eda industrial en Catalu\u00f1a - Institute for Bioengineering of Catalonia","isPartOf":{"@id":"https:\/\/ibecbarcelona.eu\/#website"},"primaryImageOfPage":{"@id":"https:\/\/ibecbarcelona.eu\/es\/una-reunion-del-sector-de-la-biotecnologia-industrial-en-cataluna\/#primaryimage"},"image":{"@id":"https:\/\/ibecbarcelona.eu\/es\/una-reunion-del-sector-de-la-biotecnologia-industrial-en-cataluna\/#primaryimage"},"thumbnailUrl":"https:\/\/ibecbarcelona.eu\/wp-content\/uploads\/2016\/03\/cataloniabio.jpg","datePublished":"2016-03-14T11:43:52+00:00","dateModified":"2016-03-16T10:53:14+00:00","breadcrumb":{"@id":"https:\/\/ibecbarcelona.eu\/es\/una-reunion-del-sector-de-la-biotecnologia-industrial-en-cataluna\/#breadcrumb"},"inLanguage":"es","potentialAction":[{"@type":"ReadAction","target":["https:\/\/ibecbarcelona.eu\/es\/una-reunion-del-sector-de-la-biotecnologia-industrial-en-cataluna\/"]}]},{"@type":"ImageObject","inLanguage":"es","@id":"https:\/\/ibecbarcelona.eu\/es\/una-reunion-del-sector-de-la-biotecnologia-industrial-en-cataluna\/#primaryimage","url":"https:\/\/ibecbarcelona.eu\/wp-content\/uploads\/2016\/03\/cataloniabio.jpg","contentUrl":"https:\/\/ibecbarcelona.eu\/wp-content\/uploads\/2016\/03\/cataloniabio.jpg","width":400,"height":268},{"@type":"BreadcrumbList","@id":"https:\/\/ibecbarcelona.eu\/es\/una-reunion-del-sector-de-la-biotecnologia-industrial-en-cataluna\/#breadcrumb","itemListElement":[{"@type":"ListItem","position":1,"name":"Home","item":"https:\/\/ibecbarcelona.eu\/es\/"},{"@type":"ListItem","position":2,"name":"Una reuni\u00f3n del sector de la biotecnolog\u00eda industrial en Catalu\u00f1a"}]},{"@type":"WebSite","@id":"https:\/\/ibecbarcelona.eu\/#website","url":"https:\/\/ibecbarcelona.eu\/","name":"Institute for Bioengineering of Catalonia","description":"Bioengineering solutions for health","publisher":{"@id":"https:\/\/ibecbarcelona.eu\/#organization"},"potentialAction":[{"@type":"SearchAction","target":{"@type":"EntryPoint","urlTemplate":"https:\/\/ibecbarcelona.eu\/?s={search_term_string}"},"query-input":{"@type":"PropertyValueSpecification","valueRequired":true,"valueName":"search_term_string"}}],"inLanguage":"es"},{"@type":"Organization","@id":"https:\/\/ibecbarcelona.eu\/#organization","name":"Institute for Bioengineering of Catalonia","url":"https:\/\/ibecbarcelona.eu\/","logo":{"@type":"ImageObject","inLanguage":"es","@id":"https:\/\/ibecbarcelona.eu\/#\/schema\/logo\/image\/","url":"https:\/\/ibecbarcelona.eu\/wp-content\/uploads\/2026\/01\/cropped-IBEC_20ANYS_GRIS.png","contentUrl":"https:\/\/ibecbarcelona.eu\/wp-content\/uploads\/2026\/01\/cropped-IBEC_20ANYS_GRIS.png","width":696,"height":257,"caption":"Institute for Bioengineering of Catalonia"},"image":{"@id":"https:\/\/ibecbarcelona.eu\/#\/schema\/logo\/image\/"}},{"@type":"Person","@id":"https:\/\/ibecbarcelona.eu\/#\/schema\/person\/c212c6b589546130be67986b9290e2b8","name":"\u00c0ngels L\u00f3pez","image":{"@type":"ImageObject","inLanguage":"es","@id":"https:\/\/secure.gravatar.com\/avatar\/09ad6ba116bea0b15c5511860f83b302579fd7404c1180e9dae55c3f11d988c6?s=96&d=mm&r=g","url":"https:\/\/secure.gravatar.com\/avatar\/09ad6ba116bea0b15c5511860f83b302579fd7404c1180e9dae55c3f11d988c6?s=96&d=mm&r=g","contentUrl":"https:\/\/secure.gravatar.com\/avatar\/09ad6ba116bea0b15c5511860f83b302579fd7404c1180e9dae55c3f11d988c6?s=96&d=mm&r=g","caption":"\u00c0ngels L\u00f3pez"},"url":"https:\/\/ibecbarcelona.eu\/es\/author\/alopez\/"}]}},"AFP_featured_media_urls":{"full":["https:\/\/ibecbarcelona.eu\/wp-content\/uploads\/2016\/03\/cataloniabio.jpg",400,268,false],"thumbnail":["https:\/\/ibecbarcelona.eu\/wp-content\/uploads\/2016\/03\/cataloniabio-150x150.jpg",150,150,true],"medium":["https:\/\/ibecbarcelona.eu\/wp-content\/uploads\/2016\/03\/cataloniabio-300x201.jpg",300,201,true],"medium_large":["https:\/\/ibecbarcelona.eu\/wp-content\/uploads\/2016\/03\/cataloniabio.jpg",400,268,false],"large":["https:\/\/ibecbarcelona.eu\/wp-content\/uploads\/2016\/03\/cataloniabio.jpg",400,268,false]},"AFP_attachments":{"full":["https:\/\/ibecbarcelona.eu\/wp-content\/uploads\/2016\/03\/cataloniabio.jpg",400,268,false],"thumbnail":["https:\/\/ibecbarcelona.eu\/wp-content\/uploads\/2016\/03\/cataloniabio-150x150.jpg",150,150,true],"medium":["https:\/\/ibecbarcelona.eu\/wp-content\/uploads\/2016\/03\/cataloniabio-300x201.jpg",300,201,true],"medium_large":["https:\/\/ibecbarcelona.eu\/wp-content\/uploads\/2016\/03\/cataloniabio.jpg",400,268,false],"large":["https:\/\/ibecbarcelona.eu\/wp-content\/uploads\/2016\/03\/cataloniabio.jpg",400,268,false]},"AFP_videos":[],"AFP_video_blocks":"","AFP_category_names":["Noticias institucionales"],"_links":{"self":[{"href":"https:\/\/ibecbarcelona.eu\/es\/wp-json\/wp\/v2\/posts\/21895","targetHints":{"allow":["GET"]}}],"collection":[{"href":"https:\/\/ibecbarcelona.eu\/es\/wp-json\/wp\/v2\/posts"}],"about":[{"href":"https:\/\/ibecbarcelona.eu\/es\/wp-json\/wp\/v2\/types\/post"}],"author":[{"embeddable":true,"href":"https:\/\/ibecbarcelona.eu\/es\/wp-json\/wp\/v2\/users\/4"}],"replies":[{"embeddable":true,"href":"https:\/\/ibecbarcelona.eu\/es\/wp-json\/wp\/v2\/comments?post=21895"}],"version-history":[{"count":0,"href":"https:\/\/ibecbarcelona.eu\/es\/wp-json\/wp\/v2\/posts\/21895\/revisions"}],"wp:featuredmedia":[{"embeddable":true,"href":"https:\/\/ibecbarcelona.eu\/es\/wp-json\/wp\/v2\/media\/21854"}],"wp:attachment":[{"href":"https:\/\/ibecbarcelona.eu\/es\/wp-json\/wp\/v2\/media?parent=21895"}],"wp:term":[{"taxonomy":"category","embeddable":true,"href":"https:\/\/ibecbarcelona.eu\/es\/wp-json\/wp\/v2\/categories?post=21895"},{"taxonomy":"post_tag","embeddable":true,"href":"https:\/\/ibecbarcelona.eu\/es\/wp-json\/wp\/v2\/tags?post=21895"},{"taxonomy":"post_format","embeddable":true,"href":"https:\/\/ibecbarcelona.eu\/es\/wp-json\/wp\/v2\/post_formats?post=21895"}],"curies":[{"name":"wp","href":"https:\/\/api.w.org\/{rel}","templated":true}]}}