
{"id":24399,"date":"2016-07-26T22:04:23","date_gmt":"2016-07-26T20:04:23","guid":{"rendered":"http:\/\/ibecbarcelona.eu\/?p=24399"},"modified":"2016-08-22T11:53:16","modified_gmt":"2016-08-22T09:53:16","slug":"crean-moleculas-que-restauran-la-vision-en-retinas-degeneradas-2","status":"publish","type":"post","link":"https:\/\/ibecbarcelona.eu\/es\/crean-moleculas-que-restauran-la-vision-en-retinas-degeneradas-2\/","title":{"rendered":"\u201cCrean mol\u00e9culas que restauran la visi\u00f3n en retinas degeneradas\u201d"},"content":{"rendered":"<p>La historia aparece en\u00a0<em>El Dia<\/em>, <em>El Mundo<\/em>, <em>Ara<\/em>, <em>El Punt Avui<\/em>, <em>La Raz\u00f3n<\/em>, y\u00a0Telenoticias 1, entre otros. <a href=\"https:\/\/ibecbarcelona.eu\/wp-content\/uploads\/2016\/07\/2016-07-PGorostiza_NatureCom-1.pdf\" rel=\"\">Aqu\u00ed<\/a>\u00a0puedes encontrar un resumen en formato\u00a0PDF de algunas de estas not\u00edcias.<\/p>\n<p>El v\u00eddeo de NTN24: <a href=\"http:\/\/www.ntn24.com\/video\/farmacos-regulados-con-luz-para-recuperar-la-vision-110563\">http:\/\/www.ntn24.com\/video\/farmacos-regulados-con-luz-para-recuperar-la-vision-110563<\/a><\/p>\n","protected":false},"excerpt":{"rendered":"<h3><img decoding=\"async\" class=\"left size-full wp-image-24097 lazyload\" data-src=\"https:\/\/ibecbarcelona.eu\/wp-content\/uploads\/2016\/07\/2016-07-PGorostiza_NatureCom.jpg\" alt=\"2016 07 PGorostiza_NatureCom\" width=\"397\" height=\"443\" data-srcset=\"https:\/\/ibecbarcelona.eu\/wp-content\/uploads\/2016\/07\/2016-07-PGorostiza_NatureCom.jpg 397w, https:\/\/ibecbarcelona.eu\/wp-content\/uploads\/2016\/07\/2016-07-PGorostiza_NatureCom-269x300.jpg 269w, https:\/\/ibecbarcelona.eu\/wp-content\/uploads\/2016\/07\/2016-07-PGorostiza_NatureCom-117x130.jpg 117w, https:\/\/ibecbarcelona.eu\/wp-content\/uploads\/2016\/07\/2016-07-PGorostiza_NatureCom-134x150.jpg 134w\" data-sizes=\"(max-width: 397px) 100vw, 397px\" src=\"data:image\/svg+xml;base64,PHN2ZyB3aWR0aD0iMSIgaGVpZ2h0PSIxIiB4bWxucz0iaHR0cDovL3d3dy53My5vcmcvMjAwMC9zdmciPjwvc3ZnPg==\" style=\"--smush-placeholder-width: 397px; --smush-placeholder-aspect-ratio: 397\/443;\" \/> ha habido mucha cobertura medi\u00e1tica sobre el reciente art\u00edculo cient\u00edfico del grupo de Pau Gorostiza publicado en <em>Nature Communications<\/em> describiendo el <a href=\"https:\/\/ibecbarcelona.eu\/protesis-moleculares-para-restaurar-la-vision\/\"> desarrollo de mol\u00e9culas que se pueden utilizar como pr\u00f3tesis moleculares reguladas por luz<\/a> para ayudar a restaurar la visi\u00f3n en casos de ceguera debida a la degeneraci\u00f3n de la retina.<\/h3>\n","protected":false},"author":4,"featured_media":24098,"comment_status":"closed","ping_status":"closed","sticky":false,"template":"","format":"standard","meta":{"footnotes":""},"categories":[95],"tags":[],"post_formats":[],"class_list":["post-24399","post","type-post","status-publish","format-standard","has-post-thumbnail","hentry","category-ibec-en-los-medios"],"yoast_head":"<!-- This site is optimized with the Yoast SEO plugin v27.5 - https:\/\/yoast.com\/product\/yoast-seo-wordpress\/ -->\n<title>\u201cCrean mol\u00e9culas que restauran la visi\u00f3n en retinas degeneradas\u201d - Institute for Bioengineering of Catalonia<\/title>\n<meta name=\"robots\" content=\"index, follow, max-snippet:-1, max-image-preview:large, max-video-preview:-1\" \/>\n<link rel=\"canonical\" href=\"https:\/\/ibecbarcelona.eu\/es\/crean-moleculas-que-restauran-la-vision-en-retinas-degeneradas-2\/\" \/>\n<meta property=\"og:locale\" content=\"es_ES\" \/>\n<meta property=\"og:type\" content=\"article\" \/>\n<meta property=\"og:title\" content=\"\u201cCrean mol\u00e9culas que restauran la visi\u00f3n en retinas degeneradas\u201d - Institute for Bioengineering of Catalonia\" \/>\n<meta property=\"og:description\" content=\"ha habido mucha cobertura medi\u00e1tica sobre el reciente art\u00edculo cient\u00edfico del grupo de Pau Gorostiza publicado en Nature Communications describiendo el desarrollo de mol\u00e9culas que se pueden utilizar como pr\u00f3tesis moleculares reguladas por luz para ayudar a restaurar la visi\u00f3n en casos de ceguera debida a la degeneraci\u00f3n de la retina.\" \/>\n<meta property=\"og:url\" content=\"https:\/\/ibecbarcelona.eu\/es\/crean-moleculas-que-restauran-la-vision-en-retinas-degeneradas-2\/\" \/>\n<meta property=\"og:site_name\" content=\"Institute for Bioengineering of Catalonia\" \/>\n<meta property=\"article:published_time\" content=\"2016-07-26T20:04:23+00:00\" \/>\n<meta property=\"article:modified_time\" content=\"2016-08-22T09:53:16+00:00\" \/>\n<meta property=\"og:image\" content=\"https:\/\/ibecbarcelona.eu\/wp-content\/uploads\/2016\/07\/2016-07-PGorostiza_NatureCom.jpg\" \/>\n\t<meta property=\"og:image:width\" content=\"397\" \/>\n\t<meta property=\"og:image:height\" content=\"443\" \/>\n\t<meta property=\"og:image:type\" content=\"image\/jpeg\" \/>\n<meta name=\"author\" content=\"\u00c0ngels L\u00f3pez\" \/>\n<meta name=\"twitter:card\" content=\"summary_large_image\" \/>\n<meta name=\"twitter:label1\" content=\"Escrito por\" \/>\n\t<meta name=\"twitter:data1\" content=\"\u00c0ngels L\u00f3pez\" \/>\n<script type=\"application\/ld+json\" class=\"yoast-schema-graph\">{\"@context\":\"https:\\\/\\\/schema.org\",\"@graph\":[{\"@type\":\"Article\",\"@id\":\"https:\\\/\\\/ibecbarcelona.eu\\\/es\\\/crean-moleculas-que-restauran-la-vision-en-retinas-degeneradas-2\\\/#article\",\"isPartOf\":{\"@id\":\"https:\\\/\\\/ibecbarcelona.eu\\\/es\\\/crean-moleculas-que-restauran-la-vision-en-retinas-degeneradas-2\\\/\"},\"author\":{\"name\":\"\u00c0ngels L\u00f3pez\",\"@id\":\"https:\\\/\\\/ibecbarcelona.eu\\\/#\\\/schema\\\/person\\\/c212c6b589546130be67986b9290e2b8\"},\"headline\":\"\u201cCrean mol\u00e9culas que restauran la visi\u00f3n en retinas degeneradas\u201d\",\"datePublished\":\"2016-07-26T20:04:23+00:00\",\"dateModified\":\"2016-08-22T09:53:16+00:00\",\"mainEntityOfPage\":{\"@id\":\"https:\\\/\\\/ibecbarcelona.eu\\\/es\\\/crean-moleculas-que-restauran-la-vision-en-retinas-degeneradas-2\\\/\"},\"wordCount\":55,\"publisher\":{\"@id\":\"https:\\\/\\\/ibecbarcelona.eu\\\/#organization\"},\"image\":{\"@id\":\"https:\\\/\\\/ibecbarcelona.eu\\\/es\\\/crean-moleculas-que-restauran-la-vision-en-retinas-degeneradas-2\\\/#primaryimage\"},\"thumbnailUrl\":\"https:\\\/\\\/ibecbarcelona.eu\\\/wp-content\\\/uploads\\\/2016\\\/07\\\/2016-07-PGorostiza_NatureCom.jpg\",\"articleSection\":[\"IBEC en los medios\"],\"inLanguage\":\"es\"},{\"@type\":\"WebPage\",\"@id\":\"https:\\\/\\\/ibecbarcelona.eu\\\/es\\\/crean-moleculas-que-restauran-la-vision-en-retinas-degeneradas-2\\\/\",\"url\":\"https:\\\/\\\/ibecbarcelona.eu\\\/es\\\/crean-moleculas-que-restauran-la-vision-en-retinas-degeneradas-2\\\/\",\"name\":\"\u201cCrean mol\u00e9culas que restauran la visi\u00f3n en retinas degeneradas\u201d - Institute for Bioengineering of Catalonia\",\"isPartOf\":{\"@id\":\"https:\\\/\\\/ibecbarcelona.eu\\\/#website\"},\"primaryImageOfPage\":{\"@id\":\"https:\\\/\\\/ibecbarcelona.eu\\\/es\\\/crean-moleculas-que-restauran-la-vision-en-retinas-degeneradas-2\\\/#primaryimage\"},\"image\":{\"@id\":\"https:\\\/\\\/ibecbarcelona.eu\\\/es\\\/crean-moleculas-que-restauran-la-vision-en-retinas-degeneradas-2\\\/#primaryimage\"},\"thumbnailUrl\":\"https:\\\/\\\/ibecbarcelona.eu\\\/wp-content\\\/uploads\\\/2016\\\/07\\\/2016-07-PGorostiza_NatureCom.jpg\",\"datePublished\":\"2016-07-26T20:04:23+00:00\",\"dateModified\":\"2016-08-22T09:53:16+00:00\",\"breadcrumb\":{\"@id\":\"https:\\\/\\\/ibecbarcelona.eu\\\/es\\\/crean-moleculas-que-restauran-la-vision-en-retinas-degeneradas-2\\\/#breadcrumb\"},\"inLanguage\":\"es\",\"potentialAction\":[{\"@type\":\"ReadAction\",\"target\":[\"https:\\\/\\\/ibecbarcelona.eu\\\/es\\\/crean-moleculas-que-restauran-la-vision-en-retinas-degeneradas-2\\\/\"]}]},{\"@type\":\"ImageObject\",\"inLanguage\":\"es\",\"@id\":\"https:\\\/\\\/ibecbarcelona.eu\\\/es\\\/crean-moleculas-que-restauran-la-vision-en-retinas-degeneradas-2\\\/#primaryimage\",\"url\":\"https:\\\/\\\/ibecbarcelona.eu\\\/wp-content\\\/uploads\\\/2016\\\/07\\\/2016-07-PGorostiza_NatureCom.jpg\",\"contentUrl\":\"https:\\\/\\\/ibecbarcelona.eu\\\/wp-content\\\/uploads\\\/2016\\\/07\\\/2016-07-PGorostiza_NatureCom.jpg\",\"width\":397,\"height\":443},{\"@type\":\"BreadcrumbList\",\"@id\":\"https:\\\/\\\/ibecbarcelona.eu\\\/es\\\/crean-moleculas-que-restauran-la-vision-en-retinas-degeneradas-2\\\/#breadcrumb\",\"itemListElement\":[{\"@type\":\"ListItem\",\"position\":1,\"name\":\"Home\",\"item\":\"https:\\\/\\\/ibecbarcelona.eu\\\/es\\\/\"},{\"@type\":\"ListItem\",\"position\":2,\"name\":\"\u201cCrean mol\u00e9culas que restauran la visi\u00f3n en retinas degeneradas\u201d\"}]},{\"@type\":\"WebSite\",\"@id\":\"https:\\\/\\\/ibecbarcelona.eu\\\/#website\",\"url\":\"https:\\\/\\\/ibecbarcelona.eu\\\/\",\"name\":\"Institute for Bioengineering of Catalonia\",\"description\":\"Bioengineering solutions for health\",\"publisher\":{\"@id\":\"https:\\\/\\\/ibecbarcelona.eu\\\/#organization\"},\"potentialAction\":[{\"@type\":\"SearchAction\",\"target\":{\"@type\":\"EntryPoint\",\"urlTemplate\":\"https:\\\/\\\/ibecbarcelona.eu\\\/?s={search_term_string}\"},\"query-input\":{\"@type\":\"PropertyValueSpecification\",\"valueRequired\":true,\"valueName\":\"search_term_string\"}}],\"inLanguage\":\"es\"},{\"@type\":\"Organization\",\"@id\":\"https:\\\/\\\/ibecbarcelona.eu\\\/#organization\",\"name\":\"Institute for Bioengineering of Catalonia\",\"url\":\"https:\\\/\\\/ibecbarcelona.eu\\\/\",\"logo\":{\"@type\":\"ImageObject\",\"inLanguage\":\"es\",\"@id\":\"https:\\\/\\\/ibecbarcelona.eu\\\/#\\\/schema\\\/logo\\\/image\\\/\",\"url\":\"https:\\\/\\\/ibecbarcelona.eu\\\/wp-content\\\/uploads\\\/2026\\\/01\\\/cropped-IBEC_20ANYS_GRIS.png\",\"contentUrl\":\"https:\\\/\\\/ibecbarcelona.eu\\\/wp-content\\\/uploads\\\/2026\\\/01\\\/cropped-IBEC_20ANYS_GRIS.png\",\"width\":696,\"height\":257,\"caption\":\"Institute for Bioengineering of Catalonia\"},\"image\":{\"@id\":\"https:\\\/\\\/ibecbarcelona.eu\\\/#\\\/schema\\\/logo\\\/image\\\/\"}},{\"@type\":\"Person\",\"@id\":\"https:\\\/\\\/ibecbarcelona.eu\\\/#\\\/schema\\\/person\\\/c212c6b589546130be67986b9290e2b8\",\"name\":\"\u00c0ngels L\u00f3pez\",\"image\":{\"@type\":\"ImageObject\",\"inLanguage\":\"es\",\"@id\":\"https:\\\/\\\/secure.gravatar.com\\\/avatar\\\/09ad6ba116bea0b15c5511860f83b302579fd7404c1180e9dae55c3f11d988c6?s=96&d=mm&r=g\",\"url\":\"https:\\\/\\\/secure.gravatar.com\\\/avatar\\\/09ad6ba116bea0b15c5511860f83b302579fd7404c1180e9dae55c3f11d988c6?s=96&d=mm&r=g\",\"contentUrl\":\"https:\\\/\\\/secure.gravatar.com\\\/avatar\\\/09ad6ba116bea0b15c5511860f83b302579fd7404c1180e9dae55c3f11d988c6?s=96&d=mm&r=g\",\"caption\":\"\u00c0ngels L\u00f3pez\"},\"url\":\"https:\\\/\\\/ibecbarcelona.eu\\\/es\\\/author\\\/alopez\\\/\"}]}<\/script>\n<!-- \/ Yoast SEO plugin. -->","yoast_head_json":{"title":"\u201cCrean mol\u00e9culas que restauran la visi\u00f3n en retinas degeneradas\u201d - Institute for Bioengineering of Catalonia","robots":{"index":"index","follow":"follow","max-snippet":"max-snippet:-1","max-image-preview":"max-image-preview:large","max-video-preview":"max-video-preview:-1"},"canonical":"https:\/\/ibecbarcelona.eu\/es\/crean-moleculas-que-restauran-la-vision-en-retinas-degeneradas-2\/","og_locale":"es_ES","og_type":"article","og_title":"\u201cCrean mol\u00e9culas que restauran la visi\u00f3n en retinas degeneradas\u201d - Institute for Bioengineering of Catalonia","og_description":"ha habido mucha cobertura medi\u00e1tica sobre el reciente art\u00edculo cient\u00edfico del grupo de Pau Gorostiza publicado en Nature Communications describiendo el desarrollo de mol\u00e9culas que se pueden utilizar como pr\u00f3tesis moleculares reguladas por luz para ayudar a restaurar la visi\u00f3n en casos de ceguera debida a la degeneraci\u00f3n de la retina.","og_url":"https:\/\/ibecbarcelona.eu\/es\/crean-moleculas-que-restauran-la-vision-en-retinas-degeneradas-2\/","og_site_name":"Institute for Bioengineering of Catalonia","article_published_time":"2016-07-26T20:04:23+00:00","article_modified_time":"2016-08-22T09:53:16+00:00","og_image":[{"width":397,"height":443,"url":"https:\/\/ibecbarcelona.eu\/wp-content\/uploads\/2016\/07\/2016-07-PGorostiza_NatureCom.jpg","type":"image\/jpeg"}],"author":"\u00c0ngels L\u00f3pez","twitter_card":"summary_large_image","twitter_misc":{"Escrito por":"\u00c0ngels L\u00f3pez"},"schema":{"@context":"https:\/\/schema.org","@graph":[{"@type":"Article","@id":"https:\/\/ibecbarcelona.eu\/es\/crean-moleculas-que-restauran-la-vision-en-retinas-degeneradas-2\/#article","isPartOf":{"@id":"https:\/\/ibecbarcelona.eu\/es\/crean-moleculas-que-restauran-la-vision-en-retinas-degeneradas-2\/"},"author":{"name":"\u00c0ngels L\u00f3pez","@id":"https:\/\/ibecbarcelona.eu\/#\/schema\/person\/c212c6b589546130be67986b9290e2b8"},"headline":"\u201cCrean mol\u00e9culas que restauran la visi\u00f3n en retinas degeneradas\u201d","datePublished":"2016-07-26T20:04:23+00:00","dateModified":"2016-08-22T09:53:16+00:00","mainEntityOfPage":{"@id":"https:\/\/ibecbarcelona.eu\/es\/crean-moleculas-que-restauran-la-vision-en-retinas-degeneradas-2\/"},"wordCount":55,"publisher":{"@id":"https:\/\/ibecbarcelona.eu\/#organization"},"image":{"@id":"https:\/\/ibecbarcelona.eu\/es\/crean-moleculas-que-restauran-la-vision-en-retinas-degeneradas-2\/#primaryimage"},"thumbnailUrl":"https:\/\/ibecbarcelona.eu\/wp-content\/uploads\/2016\/07\/2016-07-PGorostiza_NatureCom.jpg","articleSection":["IBEC en los medios"],"inLanguage":"es"},{"@type":"WebPage","@id":"https:\/\/ibecbarcelona.eu\/es\/crean-moleculas-que-restauran-la-vision-en-retinas-degeneradas-2\/","url":"https:\/\/ibecbarcelona.eu\/es\/crean-moleculas-que-restauran-la-vision-en-retinas-degeneradas-2\/","name":"\u201cCrean mol\u00e9culas que restauran la visi\u00f3n en retinas degeneradas\u201d - Institute for Bioengineering of Catalonia","isPartOf":{"@id":"https:\/\/ibecbarcelona.eu\/#website"},"primaryImageOfPage":{"@id":"https:\/\/ibecbarcelona.eu\/es\/crean-moleculas-que-restauran-la-vision-en-retinas-degeneradas-2\/#primaryimage"},"image":{"@id":"https:\/\/ibecbarcelona.eu\/es\/crean-moleculas-que-restauran-la-vision-en-retinas-degeneradas-2\/#primaryimage"},"thumbnailUrl":"https:\/\/ibecbarcelona.eu\/wp-content\/uploads\/2016\/07\/2016-07-PGorostiza_NatureCom.jpg","datePublished":"2016-07-26T20:04:23+00:00","dateModified":"2016-08-22T09:53:16+00:00","breadcrumb":{"@id":"https:\/\/ibecbarcelona.eu\/es\/crean-moleculas-que-restauran-la-vision-en-retinas-degeneradas-2\/#breadcrumb"},"inLanguage":"es","potentialAction":[{"@type":"ReadAction","target":["https:\/\/ibecbarcelona.eu\/es\/crean-moleculas-que-restauran-la-vision-en-retinas-degeneradas-2\/"]}]},{"@type":"ImageObject","inLanguage":"es","@id":"https:\/\/ibecbarcelona.eu\/es\/crean-moleculas-que-restauran-la-vision-en-retinas-degeneradas-2\/#primaryimage","url":"https:\/\/ibecbarcelona.eu\/wp-content\/uploads\/2016\/07\/2016-07-PGorostiza_NatureCom.jpg","contentUrl":"https:\/\/ibecbarcelona.eu\/wp-content\/uploads\/2016\/07\/2016-07-PGorostiza_NatureCom.jpg","width":397,"height":443},{"@type":"BreadcrumbList","@id":"https:\/\/ibecbarcelona.eu\/es\/crean-moleculas-que-restauran-la-vision-en-retinas-degeneradas-2\/#breadcrumb","itemListElement":[{"@type":"ListItem","position":1,"name":"Home","item":"https:\/\/ibecbarcelona.eu\/es\/"},{"@type":"ListItem","position":2,"name":"\u201cCrean mol\u00e9culas que restauran la visi\u00f3n en retinas degeneradas\u201d"}]},{"@type":"WebSite","@id":"https:\/\/ibecbarcelona.eu\/#website","url":"https:\/\/ibecbarcelona.eu\/","name":"Institute for Bioengineering of Catalonia","description":"Bioengineering solutions for health","publisher":{"@id":"https:\/\/ibecbarcelona.eu\/#organization"},"potentialAction":[{"@type":"SearchAction","target":{"@type":"EntryPoint","urlTemplate":"https:\/\/ibecbarcelona.eu\/?s={search_term_string}"},"query-input":{"@type":"PropertyValueSpecification","valueRequired":true,"valueName":"search_term_string"}}],"inLanguage":"es"},{"@type":"Organization","@id":"https:\/\/ibecbarcelona.eu\/#organization","name":"Institute for Bioengineering of Catalonia","url":"https:\/\/ibecbarcelona.eu\/","logo":{"@type":"ImageObject","inLanguage":"es","@id":"https:\/\/ibecbarcelona.eu\/#\/schema\/logo\/image\/","url":"https:\/\/ibecbarcelona.eu\/wp-content\/uploads\/2026\/01\/cropped-IBEC_20ANYS_GRIS.png","contentUrl":"https:\/\/ibecbarcelona.eu\/wp-content\/uploads\/2026\/01\/cropped-IBEC_20ANYS_GRIS.png","width":696,"height":257,"caption":"Institute for Bioengineering of Catalonia"},"image":{"@id":"https:\/\/ibecbarcelona.eu\/#\/schema\/logo\/image\/"}},{"@type":"Person","@id":"https:\/\/ibecbarcelona.eu\/#\/schema\/person\/c212c6b589546130be67986b9290e2b8","name":"\u00c0ngels L\u00f3pez","image":{"@type":"ImageObject","inLanguage":"es","@id":"https:\/\/secure.gravatar.com\/avatar\/09ad6ba116bea0b15c5511860f83b302579fd7404c1180e9dae55c3f11d988c6?s=96&d=mm&r=g","url":"https:\/\/secure.gravatar.com\/avatar\/09ad6ba116bea0b15c5511860f83b302579fd7404c1180e9dae55c3f11d988c6?s=96&d=mm&r=g","contentUrl":"https:\/\/secure.gravatar.com\/avatar\/09ad6ba116bea0b15c5511860f83b302579fd7404c1180e9dae55c3f11d988c6?s=96&d=mm&r=g","caption":"\u00c0ngels L\u00f3pez"},"url":"https:\/\/ibecbarcelona.eu\/es\/author\/alopez\/"}]}},"AFP_featured_media_urls":{"full":["https:\/\/ibecbarcelona.eu\/wp-content\/uploads\/2016\/07\/2016-07-PGorostiza_NatureCom.jpg",397,443,false],"thumbnail":["https:\/\/ibecbarcelona.eu\/wp-content\/uploads\/2016\/07\/2016-07-PGorostiza_NatureCom-150x150.jpg",150,150,true],"medium":["https:\/\/ibecbarcelona.eu\/wp-content\/uploads\/2016\/07\/2016-07-PGorostiza_NatureCom-269x300.jpg",269,300,true],"medium_large":["https:\/\/ibecbarcelona.eu\/wp-content\/uploads\/2016\/07\/2016-07-PGorostiza_NatureCom.jpg",397,443,false],"large":["https:\/\/ibecbarcelona.eu\/wp-content\/uploads\/2016\/07\/2016-07-PGorostiza_NatureCom.jpg",397,443,false]},"AFP_attachments":{"full":["https:\/\/ibecbarcelona.eu\/wp-content\/uploads\/2016\/07\/2016-07-PGorostiza_NatureCom.jpg",397,443,false],"thumbnail":["https:\/\/ibecbarcelona.eu\/wp-content\/uploads\/2016\/07\/2016-07-PGorostiza_NatureCom-150x150.jpg",150,150,true],"medium":["https:\/\/ibecbarcelona.eu\/wp-content\/uploads\/2016\/07\/2016-07-PGorostiza_NatureCom-269x300.jpg",269,300,true],"medium_large":["https:\/\/ibecbarcelona.eu\/wp-content\/uploads\/2016\/07\/2016-07-PGorostiza_NatureCom.jpg",397,443,false],"large":["https:\/\/ibecbarcelona.eu\/wp-content\/uploads\/2016\/07\/2016-07-PGorostiza_NatureCom.jpg",397,443,false]},"AFP_videos":[],"AFP_video_blocks":"","AFP_category_names":["IBEC en los medios"],"_links":{"self":[{"href":"https:\/\/ibecbarcelona.eu\/es\/wp-json\/wp\/v2\/posts\/24399","targetHints":{"allow":["GET"]}}],"collection":[{"href":"https:\/\/ibecbarcelona.eu\/es\/wp-json\/wp\/v2\/posts"}],"about":[{"href":"https:\/\/ibecbarcelona.eu\/es\/wp-json\/wp\/v2\/types\/post"}],"author":[{"embeddable":true,"href":"https:\/\/ibecbarcelona.eu\/es\/wp-json\/wp\/v2\/users\/4"}],"replies":[{"embeddable":true,"href":"https:\/\/ibecbarcelona.eu\/es\/wp-json\/wp\/v2\/comments?post=24399"}],"version-history":[{"count":0,"href":"https:\/\/ibecbarcelona.eu\/es\/wp-json\/wp\/v2\/posts\/24399\/revisions"}],"wp:featuredmedia":[{"embeddable":true,"href":"https:\/\/ibecbarcelona.eu\/es\/wp-json\/wp\/v2\/media\/24098"}],"wp:attachment":[{"href":"https:\/\/ibecbarcelona.eu\/es\/wp-json\/wp\/v2\/media?parent=24399"}],"wp:term":[{"taxonomy":"category","embeddable":true,"href":"https:\/\/ibecbarcelona.eu\/es\/wp-json\/wp\/v2\/categories?post=24399"},{"taxonomy":"post_tag","embeddable":true,"href":"https:\/\/ibecbarcelona.eu\/es\/wp-json\/wp\/v2\/tags?post=24399"},{"taxonomy":"post_format","embeddable":true,"href":"https:\/\/ibecbarcelona.eu\/es\/wp-json\/wp\/v2\/post_formats?post=24399"}],"curies":[{"name":"wp","href":"https:\/\/api.w.org\/{rel}","templated":true}]}}