
{"id":24668,"date":"2016-09-20T16:00:14","date_gmt":"2016-09-20T14:00:14","guid":{"rendered":"http:\/\/ibecbarcelona.eu\/?p=24668"},"modified":"2016-09-20T16:11:48","modified_gmt":"2016-09-20T14:11:48","slug":"el-ibec-participa-en-el-b-debate","status":"publish","type":"post","link":"https:\/\/ibecbarcelona.eu\/es\/el-ibec-participa-en-el-b-debate\/","title":{"rendered":"El IBEC participa en el B-Debate"},"content":{"rendered":"<p>La ceguera es un gran reto global en materia de salud a causa de la enorme repercusi\u00f3n que tiene sobre las personas que la sufren y sus familias, y por las importantes consecuencias socioecon\u00f3micas. Adem\u00e1s del gran impacto emocional que esto implica para los pacientes y sus familias, tambi\u00e9n sopone la incapacidad para proseguir con la educaci\u00f3n, para encontrar una ocupaci\u00f3n de calidad, m\u00e1s riesgos de sufrir ca\u00eddas y accidentes, una limitaci\u00f3n de la autonom\u00eda y un impedimento para tener una vida activa y de calidad.<\/p>\n<p>A lo largo de los pr\u00f3ximos a\u00f1os, 1 de cada 4 personas de m\u00e1s de 50 a\u00f1os sufrir\u00e1 alg\u00fan tipo de enfermedad ocular degenerativa. Actualmente en la UE hay 91 millones de personas con m\u00e1s de 65 a\u00f1os y se prev\u00e9 que llegue a los 127 millones en el a\u00f1o 2020. EN el mundo se calcula que hay 285 millones de personas con deficiencias de visi\u00f3n, y 39 millones son ciegas.<\/p>\n<p>En estas jornadas han participado investigadores b\u00e1sicos y translacionales, l\u00edderes y expertos mundiales en este campo, con el objetivo de poner en com\u00fan las oportunidades terap\u00e9uticas innovadoras en cada sector y, sobretodo, en la exploraci\u00f3n y el descubrimiento de posibles sinergias para generar nuevos proyectos de investigaci\u00f3n colaborativa multidisciplinar en este \u00e1mbito.<\/p>\n","protected":false},"excerpt":{"rendered":"<h3>Los d\u00edas 6 y 7 de Septiembre se celebraron las jornadas \u00abFighting Blindness. Future Challenges and Opportunities for Visual Restoration\u00bb coorganizadas por B3Debate, una iniciativa de Biocat i la Obra Social \u201cla Caixa\u201d, y Barcelona Macula Foundation, con la colaboraci\u00f3n del centro de Regulaci\u00f3n Gen\u00f3mica (CRG) y LEITAT..<\/h3>\n<p><img decoding=\"async\" data-src=\"https:\/\/ibecbarcelona.eu\/wp-content\/uploads\/2016\/09\/DSC_2604.jpg\" alt=\"IBEC's participation at B\u00b7Debate\" width=\"450\" height=\"300\" class=\"left size-full wp-image-24532 lazyload\" src=\"data:image\/svg+xml;base64,PHN2ZyB3aWR0aD0iMSIgaGVpZ2h0PSIxIiB4bWxucz0iaHR0cDovL3d3dy53My5vcmcvMjAwMC9zdmciPjwvc3ZnPg==\" style=\"--smush-placeholder-width: 450px; --smush-placeholder-aspect-ratio: 450\/300;\" \/><\/p>\n<p>Xavier Rubies, responsable de la unidad de transferencia de tecnolog\u00eda del IBEC, particip\u00f3 en la mesa redonda \u201cFrom Bench to Bedside\u201d en la que se hablaba de como pasar de la investigaci\u00f3n al mercado. \u201cLos ponentes de la mesa redonda estuvieron de acuerdo en el hecho que para conseguir una transferencia efectiva de resultados de investigaci\u00f3n a la industria hace falta partir de la demanda y orientar el proyecto en el mercado\u201d comenta Xavier Rubies.<\/p>\n<p>Estas jornadas tienen como objetivo proponer ideas y explorar el potencial de nuevos enfoques terap\u00e9uticos para las distrofias de retina, combinando la nanotecnolog\u00eda, la medicina regenerativa, las c\u00e9lulas madre, la terapia g\u00e9nica, la gen\u00f3mica, la bioingenier\u00eda, la optogen\u00e9tica y las ciencias fot\u00f3nicas.<\/p>\n","protected":false},"author":4,"featured_media":24665,"comment_status":"closed","ping_status":"closed","sticky":false,"template":"","format":"standard","meta":{"footnotes":""},"categories":[94],"tags":[],"post_formats":[],"class_list":["post-24668","post","type-post","status-publish","format-standard","has-post-thumbnail","hentry","category-noticias-institucionales"],"yoast_head":"<!-- This site is optimized with the Yoast SEO plugin v27.4 - https:\/\/yoast.com\/product\/yoast-seo-wordpress\/ -->\n<title>El IBEC participa en el B-Debate - Institute for Bioengineering of Catalonia<\/title>\n<meta name=\"robots\" content=\"index, follow, max-snippet:-1, max-image-preview:large, max-video-preview:-1\" \/>\n<link rel=\"canonical\" href=\"https:\/\/ibecbarcelona.eu\/es\/el-ibec-participa-en-el-b-debate\/\" \/>\n<meta property=\"og:locale\" content=\"es_ES\" \/>\n<meta property=\"og:type\" content=\"article\" \/>\n<meta property=\"og:title\" content=\"El IBEC participa en el B-Debate - Institute for Bioengineering of Catalonia\" \/>\n<meta property=\"og:description\" content=\"Los d\u00edas 6 y 7 de Septiembre se celebraron las jornadas &quot;Fighting Blindness. Future Challenges and Opportunities for Visual Restoration&quot; coorganizadas por B3Debate, una iniciativa de Biocat i la Obra Social \u201cla Caixa\u201d, y Barcelona Macula Foundation, con la colaboraci\u00f3n del centro de Regulaci\u00f3n Gen\u00f3mica (CRG) y LEITAT..    Xavier Rubies, responsable de la unidad de transferencia de tecnolog\u00eda del IBEC, particip\u00f3 en la mesa redonda \u201cFrom Bench to Bedside\u201d en la que se hablaba de como pasar de la investigaci\u00f3n al mercado. \u201cLos ponentes de la mesa redonda estuvieron de acuerdo en el hecho que para conseguir una transferencia efectiva de resultados de investigaci\u00f3n a la industria hace falta partir de la demanda y orientar el proyecto en el mercado\u201d comenta Xavier Rubies.  Estas jornadas tienen como objetivo proponer ideas y explorar el potencial de nuevos enfoques terap\u00e9uticos para las distrofias de retina, combinando la nanotecnolog\u00eda, la medicina regenerativa, las c\u00e9lulas madre, la terapia g\u00e9nica, la gen\u00f3mica, la bioingenier\u00eda, la optogen\u00e9tica y las ciencias fot\u00f3nicas.\" \/>\n<meta property=\"og:url\" content=\"https:\/\/ibecbarcelona.eu\/es\/el-ibec-participa-en-el-b-debate\/\" \/>\n<meta property=\"og:site_name\" content=\"Institute for Bioengineering of Catalonia\" \/>\n<meta property=\"article:published_time\" content=\"2016-09-20T14:00:14+00:00\" \/>\n<meta property=\"article:modified_time\" content=\"2016-09-20T14:11:48+00:00\" \/>\n<meta property=\"og:image\" content=\"https:\/\/ibecbarcelona.eu\/wp-content\/uploads\/2016\/09\/DSC_2604-1024x684.jpg\" \/>\n\t<meta property=\"og:image:width\" content=\"1024\" \/>\n\t<meta property=\"og:image:height\" content=\"684\" \/>\n\t<meta property=\"og:image:type\" content=\"image\/jpeg\" \/>\n<meta name=\"author\" content=\"\u00c0ngels L\u00f3pez\" \/>\n<meta name=\"twitter:card\" content=\"summary_large_image\" \/>\n<meta name=\"twitter:label1\" content=\"Escrito por\" \/>\n\t<meta name=\"twitter:data1\" content=\"\u00c0ngels L\u00f3pez\" \/>\n\t<meta name=\"twitter:label2\" content=\"Tiempo de lectura\" \/>\n\t<meta name=\"twitter:data2\" content=\"1 minuto\" \/>\n<script type=\"application\/ld+json\" class=\"yoast-schema-graph\">{\"@context\":\"https:\\\/\\\/schema.org\",\"@graph\":[{\"@type\":\"Article\",\"@id\":\"https:\\\/\\\/ibecbarcelona.eu\\\/es\\\/el-ibec-participa-en-el-b-debate\\\/#article\",\"isPartOf\":{\"@id\":\"https:\\\/\\\/ibecbarcelona.eu\\\/es\\\/el-ibec-participa-en-el-b-debate\\\/\"},\"author\":{\"name\":\"\u00c0ngels L\u00f3pez\",\"@id\":\"https:\\\/\\\/ibecbarcelona.eu\\\/#\\\/schema\\\/person\\\/c212c6b589546130be67986b9290e2b8\"},\"headline\":\"El IBEC participa en el B-Debate\",\"datePublished\":\"2016-09-20T14:00:14+00:00\",\"dateModified\":\"2016-09-20T14:11:48+00:00\",\"mainEntityOfPage\":{\"@id\":\"https:\\\/\\\/ibecbarcelona.eu\\\/es\\\/el-ibec-participa-en-el-b-debate\\\/\"},\"wordCount\":231,\"publisher\":{\"@id\":\"https:\\\/\\\/ibecbarcelona.eu\\\/#organization\"},\"image\":{\"@id\":\"https:\\\/\\\/ibecbarcelona.eu\\\/es\\\/el-ibec-participa-en-el-b-debate\\\/#primaryimage\"},\"thumbnailUrl\":\"https:\\\/\\\/ibecbarcelona.eu\\\/wp-content\\\/uploads\\\/2016\\\/09\\\/DSC_2604.jpg\",\"articleSection\":[\"Noticias institucionales\"],\"inLanguage\":\"es\"},{\"@type\":\"WebPage\",\"@id\":\"https:\\\/\\\/ibecbarcelona.eu\\\/es\\\/el-ibec-participa-en-el-b-debate\\\/\",\"url\":\"https:\\\/\\\/ibecbarcelona.eu\\\/es\\\/el-ibec-participa-en-el-b-debate\\\/\",\"name\":\"El IBEC participa en el B-Debate - Institute for Bioengineering of Catalonia\",\"isPartOf\":{\"@id\":\"https:\\\/\\\/ibecbarcelona.eu\\\/#website\"},\"primaryImageOfPage\":{\"@id\":\"https:\\\/\\\/ibecbarcelona.eu\\\/es\\\/el-ibec-participa-en-el-b-debate\\\/#primaryimage\"},\"image\":{\"@id\":\"https:\\\/\\\/ibecbarcelona.eu\\\/es\\\/el-ibec-participa-en-el-b-debate\\\/#primaryimage\"},\"thumbnailUrl\":\"https:\\\/\\\/ibecbarcelona.eu\\\/wp-content\\\/uploads\\\/2016\\\/09\\\/DSC_2604.jpg\",\"datePublished\":\"2016-09-20T14:00:14+00:00\",\"dateModified\":\"2016-09-20T14:11:48+00:00\",\"breadcrumb\":{\"@id\":\"https:\\\/\\\/ibecbarcelona.eu\\\/es\\\/el-ibec-participa-en-el-b-debate\\\/#breadcrumb\"},\"inLanguage\":\"es\",\"potentialAction\":[{\"@type\":\"ReadAction\",\"target\":[\"https:\\\/\\\/ibecbarcelona.eu\\\/es\\\/el-ibec-participa-en-el-b-debate\\\/\"]}]},{\"@type\":\"ImageObject\",\"inLanguage\":\"es\",\"@id\":\"https:\\\/\\\/ibecbarcelona.eu\\\/es\\\/el-ibec-participa-en-el-b-debate\\\/#primaryimage\",\"url\":\"https:\\\/\\\/ibecbarcelona.eu\\\/wp-content\\\/uploads\\\/2016\\\/09\\\/DSC_2604.jpg\",\"contentUrl\":\"https:\\\/\\\/ibecbarcelona.eu\\\/wp-content\\\/uploads\\\/2016\\\/09\\\/DSC_2604.jpg\",\"width\":3000,\"height\":2003},{\"@type\":\"BreadcrumbList\",\"@id\":\"https:\\\/\\\/ibecbarcelona.eu\\\/es\\\/el-ibec-participa-en-el-b-debate\\\/#breadcrumb\",\"itemListElement\":[{\"@type\":\"ListItem\",\"position\":1,\"name\":\"Home\",\"item\":\"https:\\\/\\\/ibecbarcelona.eu\\\/es\\\/\"},{\"@type\":\"ListItem\",\"position\":2,\"name\":\"El IBEC participa en el B-Debate\"}]},{\"@type\":\"WebSite\",\"@id\":\"https:\\\/\\\/ibecbarcelona.eu\\\/#website\",\"url\":\"https:\\\/\\\/ibecbarcelona.eu\\\/\",\"name\":\"Institute for Bioengineering of Catalonia\",\"description\":\"Bioengineering solutions for health\",\"publisher\":{\"@id\":\"https:\\\/\\\/ibecbarcelona.eu\\\/#organization\"},\"potentialAction\":[{\"@type\":\"SearchAction\",\"target\":{\"@type\":\"EntryPoint\",\"urlTemplate\":\"https:\\\/\\\/ibecbarcelona.eu\\\/?s={search_term_string}\"},\"query-input\":{\"@type\":\"PropertyValueSpecification\",\"valueRequired\":true,\"valueName\":\"search_term_string\"}}],\"inLanguage\":\"es\"},{\"@type\":\"Organization\",\"@id\":\"https:\\\/\\\/ibecbarcelona.eu\\\/#organization\",\"name\":\"Institute for Bioengineering of Catalonia\",\"url\":\"https:\\\/\\\/ibecbarcelona.eu\\\/\",\"logo\":{\"@type\":\"ImageObject\",\"inLanguage\":\"es\",\"@id\":\"https:\\\/\\\/ibecbarcelona.eu\\\/#\\\/schema\\\/logo\\\/image\\\/\",\"url\":\"https:\\\/\\\/ibecbarcelona.eu\\\/wp-content\\\/uploads\\\/2026\\\/01\\\/cropped-IBEC_20ANYS_GRIS.png\",\"contentUrl\":\"https:\\\/\\\/ibecbarcelona.eu\\\/wp-content\\\/uploads\\\/2026\\\/01\\\/cropped-IBEC_20ANYS_GRIS.png\",\"width\":696,\"height\":257,\"caption\":\"Institute for Bioengineering of Catalonia\"},\"image\":{\"@id\":\"https:\\\/\\\/ibecbarcelona.eu\\\/#\\\/schema\\\/logo\\\/image\\\/\"}},{\"@type\":\"Person\",\"@id\":\"https:\\\/\\\/ibecbarcelona.eu\\\/#\\\/schema\\\/person\\\/c212c6b589546130be67986b9290e2b8\",\"name\":\"\u00c0ngels L\u00f3pez\",\"image\":{\"@type\":\"ImageObject\",\"inLanguage\":\"es\",\"@id\":\"https:\\\/\\\/secure.gravatar.com\\\/avatar\\\/09ad6ba116bea0b15c5511860f83b302579fd7404c1180e9dae55c3f11d988c6?s=96&d=mm&r=g\",\"url\":\"https:\\\/\\\/secure.gravatar.com\\\/avatar\\\/09ad6ba116bea0b15c5511860f83b302579fd7404c1180e9dae55c3f11d988c6?s=96&d=mm&r=g\",\"contentUrl\":\"https:\\\/\\\/secure.gravatar.com\\\/avatar\\\/09ad6ba116bea0b15c5511860f83b302579fd7404c1180e9dae55c3f11d988c6?s=96&d=mm&r=g\",\"caption\":\"\u00c0ngels L\u00f3pez\"},\"url\":\"https:\\\/\\\/ibecbarcelona.eu\\\/es\\\/author\\\/alopez\\\/\"}]}<\/script>\n<!-- \/ Yoast SEO plugin. -->","yoast_head_json":{"title":"El IBEC participa en el B-Debate - Institute for Bioengineering of Catalonia","robots":{"index":"index","follow":"follow","max-snippet":"max-snippet:-1","max-image-preview":"max-image-preview:large","max-video-preview":"max-video-preview:-1"},"canonical":"https:\/\/ibecbarcelona.eu\/es\/el-ibec-participa-en-el-b-debate\/","og_locale":"es_ES","og_type":"article","og_title":"El IBEC participa en el B-Debate - Institute for Bioengineering of Catalonia","og_description":"Los d\u00edas 6 y 7 de Septiembre se celebraron las jornadas \"Fighting Blindness. Future Challenges and Opportunities for Visual Restoration\" coorganizadas por B3Debate, una iniciativa de Biocat i la Obra Social \u201cla Caixa\u201d, y Barcelona Macula Foundation, con la colaboraci\u00f3n del centro de Regulaci\u00f3n Gen\u00f3mica (CRG) y LEITAT..    Xavier Rubies, responsable de la unidad de transferencia de tecnolog\u00eda del IBEC, particip\u00f3 en la mesa redonda \u201cFrom Bench to Bedside\u201d en la que se hablaba de como pasar de la investigaci\u00f3n al mercado. \u201cLos ponentes de la mesa redonda estuvieron de acuerdo en el hecho que para conseguir una transferencia efectiva de resultados de investigaci\u00f3n a la industria hace falta partir de la demanda y orientar el proyecto en el mercado\u201d comenta Xavier Rubies.  Estas jornadas tienen como objetivo proponer ideas y explorar el potencial de nuevos enfoques terap\u00e9uticos para las distrofias de retina, combinando la nanotecnolog\u00eda, la medicina regenerativa, las c\u00e9lulas madre, la terapia g\u00e9nica, la gen\u00f3mica, la bioingenier\u00eda, la optogen\u00e9tica y las ciencias fot\u00f3nicas.","og_url":"https:\/\/ibecbarcelona.eu\/es\/el-ibec-participa-en-el-b-debate\/","og_site_name":"Institute for Bioengineering of Catalonia","article_published_time":"2016-09-20T14:00:14+00:00","article_modified_time":"2016-09-20T14:11:48+00:00","og_image":[{"width":1024,"height":684,"url":"https:\/\/ibecbarcelona.eu\/wp-content\/uploads\/2016\/09\/DSC_2604-1024x684.jpg","type":"image\/jpeg"}],"author":"\u00c0ngels L\u00f3pez","twitter_card":"summary_large_image","twitter_misc":{"Escrito por":"\u00c0ngels L\u00f3pez","Tiempo de lectura":"1 minuto"},"schema":{"@context":"https:\/\/schema.org","@graph":[{"@type":"Article","@id":"https:\/\/ibecbarcelona.eu\/es\/el-ibec-participa-en-el-b-debate\/#article","isPartOf":{"@id":"https:\/\/ibecbarcelona.eu\/es\/el-ibec-participa-en-el-b-debate\/"},"author":{"name":"\u00c0ngels L\u00f3pez","@id":"https:\/\/ibecbarcelona.eu\/#\/schema\/person\/c212c6b589546130be67986b9290e2b8"},"headline":"El IBEC participa en el B-Debate","datePublished":"2016-09-20T14:00:14+00:00","dateModified":"2016-09-20T14:11:48+00:00","mainEntityOfPage":{"@id":"https:\/\/ibecbarcelona.eu\/es\/el-ibec-participa-en-el-b-debate\/"},"wordCount":231,"publisher":{"@id":"https:\/\/ibecbarcelona.eu\/#organization"},"image":{"@id":"https:\/\/ibecbarcelona.eu\/es\/el-ibec-participa-en-el-b-debate\/#primaryimage"},"thumbnailUrl":"https:\/\/ibecbarcelona.eu\/wp-content\/uploads\/2016\/09\/DSC_2604.jpg","articleSection":["Noticias institucionales"],"inLanguage":"es"},{"@type":"WebPage","@id":"https:\/\/ibecbarcelona.eu\/es\/el-ibec-participa-en-el-b-debate\/","url":"https:\/\/ibecbarcelona.eu\/es\/el-ibec-participa-en-el-b-debate\/","name":"El IBEC participa en el B-Debate - Institute for Bioengineering of Catalonia","isPartOf":{"@id":"https:\/\/ibecbarcelona.eu\/#website"},"primaryImageOfPage":{"@id":"https:\/\/ibecbarcelona.eu\/es\/el-ibec-participa-en-el-b-debate\/#primaryimage"},"image":{"@id":"https:\/\/ibecbarcelona.eu\/es\/el-ibec-participa-en-el-b-debate\/#primaryimage"},"thumbnailUrl":"https:\/\/ibecbarcelona.eu\/wp-content\/uploads\/2016\/09\/DSC_2604.jpg","datePublished":"2016-09-20T14:00:14+00:00","dateModified":"2016-09-20T14:11:48+00:00","breadcrumb":{"@id":"https:\/\/ibecbarcelona.eu\/es\/el-ibec-participa-en-el-b-debate\/#breadcrumb"},"inLanguage":"es","potentialAction":[{"@type":"ReadAction","target":["https:\/\/ibecbarcelona.eu\/es\/el-ibec-participa-en-el-b-debate\/"]}]},{"@type":"ImageObject","inLanguage":"es","@id":"https:\/\/ibecbarcelona.eu\/es\/el-ibec-participa-en-el-b-debate\/#primaryimage","url":"https:\/\/ibecbarcelona.eu\/wp-content\/uploads\/2016\/09\/DSC_2604.jpg","contentUrl":"https:\/\/ibecbarcelona.eu\/wp-content\/uploads\/2016\/09\/DSC_2604.jpg","width":3000,"height":2003},{"@type":"BreadcrumbList","@id":"https:\/\/ibecbarcelona.eu\/es\/el-ibec-participa-en-el-b-debate\/#breadcrumb","itemListElement":[{"@type":"ListItem","position":1,"name":"Home","item":"https:\/\/ibecbarcelona.eu\/es\/"},{"@type":"ListItem","position":2,"name":"El IBEC participa en el B-Debate"}]},{"@type":"WebSite","@id":"https:\/\/ibecbarcelona.eu\/#website","url":"https:\/\/ibecbarcelona.eu\/","name":"Institute for Bioengineering of Catalonia","description":"Bioengineering solutions for health","publisher":{"@id":"https:\/\/ibecbarcelona.eu\/#organization"},"potentialAction":[{"@type":"SearchAction","target":{"@type":"EntryPoint","urlTemplate":"https:\/\/ibecbarcelona.eu\/?s={search_term_string}"},"query-input":{"@type":"PropertyValueSpecification","valueRequired":true,"valueName":"search_term_string"}}],"inLanguage":"es"},{"@type":"Organization","@id":"https:\/\/ibecbarcelona.eu\/#organization","name":"Institute for Bioengineering of Catalonia","url":"https:\/\/ibecbarcelona.eu\/","logo":{"@type":"ImageObject","inLanguage":"es","@id":"https:\/\/ibecbarcelona.eu\/#\/schema\/logo\/image\/","url":"https:\/\/ibecbarcelona.eu\/wp-content\/uploads\/2026\/01\/cropped-IBEC_20ANYS_GRIS.png","contentUrl":"https:\/\/ibecbarcelona.eu\/wp-content\/uploads\/2026\/01\/cropped-IBEC_20ANYS_GRIS.png","width":696,"height":257,"caption":"Institute for Bioengineering of Catalonia"},"image":{"@id":"https:\/\/ibecbarcelona.eu\/#\/schema\/logo\/image\/"}},{"@type":"Person","@id":"https:\/\/ibecbarcelona.eu\/#\/schema\/person\/c212c6b589546130be67986b9290e2b8","name":"\u00c0ngels L\u00f3pez","image":{"@type":"ImageObject","inLanguage":"es","@id":"https:\/\/secure.gravatar.com\/avatar\/09ad6ba116bea0b15c5511860f83b302579fd7404c1180e9dae55c3f11d988c6?s=96&d=mm&r=g","url":"https:\/\/secure.gravatar.com\/avatar\/09ad6ba116bea0b15c5511860f83b302579fd7404c1180e9dae55c3f11d988c6?s=96&d=mm&r=g","contentUrl":"https:\/\/secure.gravatar.com\/avatar\/09ad6ba116bea0b15c5511860f83b302579fd7404c1180e9dae55c3f11d988c6?s=96&d=mm&r=g","caption":"\u00c0ngels L\u00f3pez"},"url":"https:\/\/ibecbarcelona.eu\/es\/author\/alopez\/"}]}},"AFP_featured_media_urls":{"full":["https:\/\/ibecbarcelona.eu\/wp-content\/uploads\/2016\/09\/DSC_2604.jpg",3000,2003,false],"thumbnail":["https:\/\/ibecbarcelona.eu\/wp-content\/uploads\/2016\/09\/DSC_2604-150x150.jpg",150,150,true],"medium":["https:\/\/ibecbarcelona.eu\/wp-content\/uploads\/2016\/09\/DSC_2604-300x200.jpg",300,200,true],"medium_large":["https:\/\/ibecbarcelona.eu\/wp-content\/uploads\/2016\/09\/DSC_2604-768x513.jpg",768,513,true],"large":["https:\/\/ibecbarcelona.eu\/wp-content\/uploads\/2016\/09\/DSC_2604-1024x684.jpg",1024,684,true]},"AFP_attachments":{"full":["https:\/\/ibecbarcelona.eu\/wp-content\/uploads\/2016\/09\/DSC_2604.jpg",3000,2003,false],"thumbnail":["https:\/\/ibecbarcelona.eu\/wp-content\/uploads\/2016\/09\/DSC_2604-150x150.jpg",150,150,true],"medium":["https:\/\/ibecbarcelona.eu\/wp-content\/uploads\/2016\/09\/DSC_2604-300x200.jpg",300,200,true],"medium_large":["https:\/\/ibecbarcelona.eu\/wp-content\/uploads\/2016\/09\/DSC_2604-768x513.jpg",768,513,true],"large":["https:\/\/ibecbarcelona.eu\/wp-content\/uploads\/2016\/09\/DSC_2604-1024x684.jpg",1024,684,true]},"AFP_videos":[],"AFP_video_blocks":"","AFP_category_names":["Noticias institucionales"],"_links":{"self":[{"href":"https:\/\/ibecbarcelona.eu\/es\/wp-json\/wp\/v2\/posts\/24668","targetHints":{"allow":["GET"]}}],"collection":[{"href":"https:\/\/ibecbarcelona.eu\/es\/wp-json\/wp\/v2\/posts"}],"about":[{"href":"https:\/\/ibecbarcelona.eu\/es\/wp-json\/wp\/v2\/types\/post"}],"author":[{"embeddable":true,"href":"https:\/\/ibecbarcelona.eu\/es\/wp-json\/wp\/v2\/users\/4"}],"replies":[{"embeddable":true,"href":"https:\/\/ibecbarcelona.eu\/es\/wp-json\/wp\/v2\/comments?post=24668"}],"version-history":[{"count":0,"href":"https:\/\/ibecbarcelona.eu\/es\/wp-json\/wp\/v2\/posts\/24668\/revisions"}],"wp:featuredmedia":[{"embeddable":true,"href":"https:\/\/ibecbarcelona.eu\/es\/wp-json\/wp\/v2\/media\/24665"}],"wp:attachment":[{"href":"https:\/\/ibecbarcelona.eu\/es\/wp-json\/wp\/v2\/media?parent=24668"}],"wp:term":[{"taxonomy":"category","embeddable":true,"href":"https:\/\/ibecbarcelona.eu\/es\/wp-json\/wp\/v2\/categories?post=24668"},{"taxonomy":"post_tag","embeddable":true,"href":"https:\/\/ibecbarcelona.eu\/es\/wp-json\/wp\/v2\/tags?post=24668"},{"taxonomy":"post_format","embeddable":true,"href":"https:\/\/ibecbarcelona.eu\/es\/wp-json\/wp\/v2\/post_formats?post=24668"}],"curies":[{"name":"wp","href":"https:\/\/api.w.org\/{rel}","templated":true}]}}