
{"id":28578,"date":"2017-03-22T10:12:31","date_gmt":"2017-03-22T09:12:31","guid":{"rendered":"http:\/\/ibecbarcelona.eu\/es\/?p=28578"},"modified":"2017-03-22T14:00:31","modified_gmt":"2017-03-22T13:00:31","slug":"samuel-receives-premi-nacional-de-recerca-al-talent-jove","status":"publish","type":"post","link":"https:\/\/ibecbarcelona.eu\/es\/samuel-receives-premi-nacional-de-recerca-al-talent-jove\/","title":{"rendered":"Samuel S\u00e1nchez recibe el Premi Nacional de Recerca al Talent Jove"},"content":{"rendered":"<p>La FCRi, que tiene por objetivo conectar la investigaci\u00f3n con las empresas, promover el talento cient\u00edfico desde las escuelas y divulgar la ciencia, hace entrega todos los a\u00f1os de los Premis Nacionals de Recerca (Premios Nacionales de Investigaci\u00f3n), la m\u00e1s alta distinci\u00f3n otorgada en el \u00e1mbito de la investigaci\u00f3n de Catalunya. Con estos premios, el Gobierno de la Generalitat, a trav\u00e9s de la FCRI, promueve el reconocimiento social de destacados investigadores.<\/p>\n<p>El ganador en esta edici\u00f3n\u00a0del Premio Nacional de Recerca en la categor\u00eda senior fue Llu\u00eds Torner, Director del ICFO.\u00a0El Premio\u00a0Nacional de Mecenazgo\u00a0Cient\u00edfico, el de\u00a0Cooperaci\u00f3n P\u00fablico-Privada en I + D y el de Comunicaci\u00f3n Cient\u00edfica se otorgaron\u00a0respectivamente a la Fundaci\u00f3n \u00abla Caixa\u00bb, al Centro Tecnol\u00f3gico del Aigua (Cetaqua) y al programa Din\u00e0miks de Televisi\u00f3 de Catalunya.<\/p>\n","protected":false},"excerpt":{"rendered":"<h3><img decoding=\"async\" data-src=\"https:\/\/ibecbarcelona.eu\/wp-content\/uploads\/2017\/03\/samueltalentjove.jpg\" alt=\"\" width=\"400\" height=\"296\" class=\"left size-full wp-image-28574 lazyload\" data-srcset=\"https:\/\/ibecbarcelona.eu\/wp-content\/uploads\/2017\/03\/samueltalentjove.jpg 400w, https:\/\/ibecbarcelona.eu\/wp-content\/uploads\/2017\/03\/samueltalentjove-300x222.jpg 300w, https:\/\/ibecbarcelona.eu\/wp-content\/uploads\/2017\/03\/samueltalentjove-176x130.jpg 176w, https:\/\/ibecbarcelona.eu\/wp-content\/uploads\/2017\/03\/samueltalentjove-150x111.jpg 150w\" data-sizes=\"(max-width: 400px) 100vw, 400px\" src=\"data:image\/svg+xml;base64,PHN2ZyB3aWR0aD0iMSIgaGVpZ2h0PSIxIiB4bWxucz0iaHR0cDovL3d3dy53My5vcmcvMjAwMC9zdmciPjwvc3ZnPg==\" style=\"--smush-placeholder-width: 400px; --smush-placeholder-aspect-ratio: 400\/296;\" \/>Samuel S\u00e1nchez, investigador principal en el Instituto de Bioingenier\u00eda de Catalunya y profesor de investigaci\u00f3n ICREA, fue uno de los cinco galardonados en la ceremonia de premiados de la Fundaci\u00f3 Catalana per a la Recerca i la Innovaci\u00f3 (FCRI) que se celebr\u00f3 ayer en el Teatre Nacional de Catalunya. <\/h3>\n<\/p>\n<p>Samuel recibi\u00f3 el Premio Nacional de Investigaci\u00f3n al Talento j\u00f3ven de manos del Presidente de la Generalitat de Catalunya, Carles Puigdemont; del Consejero de Empresa y Conocimiento, Jordi Baiget, y del presidente de la FCRI, Antoni Esteve.<\/p>\n","protected":false},"author":4,"featured_media":28574,"comment_status":"closed","ping_status":"closed","sticky":false,"template":"","format":"standard","meta":{"footnotes":""},"categories":[94],"tags":[1139],"post_formats":[],"class_list":["post-28578","post","type-post","status-publish","format-standard","has-post-thumbnail","hentry","category-noticias-institucionales","tag-samuel-sanchez-es"],"yoast_head":"<!-- This site is optimized with the Yoast SEO plugin v27.5 - https:\/\/yoast.com\/product\/yoast-seo-wordpress\/ -->\n<title>Samuel S\u00e1nchez recibe el Premi Nacional de Recerca al Talent Jove - Institute for Bioengineering of Catalonia<\/title>\n<meta name=\"robots\" content=\"index, follow, max-snippet:-1, max-image-preview:large, max-video-preview:-1\" \/>\n<link rel=\"canonical\" href=\"https:\/\/ibecbarcelona.eu\/es\/samuel-receives-premi-nacional-de-recerca-al-talent-jove\/\" \/>\n<meta property=\"og:locale\" content=\"es_ES\" \/>\n<meta property=\"og:type\" content=\"article\" \/>\n<meta property=\"og:title\" content=\"Samuel S\u00e1nchez recibe el Premi Nacional de Recerca al Talent Jove - Institute for Bioengineering of Catalonia\" \/>\n<meta property=\"og:description\" content=\"Samuel S\u00e1nchez, investigador principal en el Instituto de Bioingenier\u00eda de Catalunya y profesor de investigaci\u00f3n ICREA, fue uno de los cinco galardonados en la ceremonia de premiados de la Fundaci\u00f3 Catalana per a la Recerca i la Innovaci\u00f3 (FCRI) que se celebr\u00f3 ayer en el Teatre Nacional de Catalunya.    Samuel recibi\u00f3 el Premio Nacional de Investigaci\u00f3n al Talento j\u00f3ven de manos del Presidente de la Generalitat de Catalunya, Carles Puigdemont; del Consejero de Empresa y Conocimiento, Jordi Baiget, y del presidente de la FCRI, Antoni Esteve.\" \/>\n<meta property=\"og:url\" content=\"https:\/\/ibecbarcelona.eu\/es\/samuel-receives-premi-nacional-de-recerca-al-talent-jove\/\" \/>\n<meta property=\"og:site_name\" content=\"Institute for Bioengineering of Catalonia\" \/>\n<meta property=\"article:published_time\" content=\"2017-03-22T09:12:31+00:00\" \/>\n<meta property=\"article:modified_time\" content=\"2017-03-22T13:00:31+00:00\" \/>\n<meta property=\"og:image\" content=\"https:\/\/ibecbarcelona.eu\/wp-content\/uploads\/2017\/03\/samueltalentjove.jpg\" \/>\n\t<meta property=\"og:image:width\" content=\"400\" \/>\n\t<meta property=\"og:image:height\" content=\"296\" \/>\n\t<meta property=\"og:image:type\" content=\"image\/jpeg\" \/>\n<meta name=\"author\" content=\"\u00c0ngels L\u00f3pez\" \/>\n<meta name=\"twitter:card\" content=\"summary_large_image\" \/>\n<meta name=\"twitter:label1\" content=\"Escrito por\" \/>\n\t<meta name=\"twitter:data1\" content=\"\u00c0ngels L\u00f3pez\" \/>\n\t<meta name=\"twitter:label2\" content=\"Tiempo de lectura\" \/>\n\t<meta name=\"twitter:data2\" content=\"1 minuto\" \/>\n<script type=\"application\/ld+json\" class=\"yoast-schema-graph\">{\"@context\":\"https:\\\/\\\/schema.org\",\"@graph\":[{\"@type\":\"Article\",\"@id\":\"https:\\\/\\\/ibecbarcelona.eu\\\/es\\\/samuel-receives-premi-nacional-de-recerca-al-talent-jove\\\/#article\",\"isPartOf\":{\"@id\":\"https:\\\/\\\/ibecbarcelona.eu\\\/es\\\/samuel-receives-premi-nacional-de-recerca-al-talent-jove\\\/\"},\"author\":{\"name\":\"\u00c0ngels L\u00f3pez\",\"@id\":\"https:\\\/\\\/ibecbarcelona.eu\\\/#\\\/schema\\\/person\\\/c212c6b589546130be67986b9290e2b8\"},\"headline\":\"Samuel S\u00e1nchez recibe el Premi Nacional de Recerca al Talent Jove\",\"datePublished\":\"2017-03-22T09:12:31+00:00\",\"dateModified\":\"2017-03-22T13:00:31+00:00\",\"mainEntityOfPage\":{\"@id\":\"https:\\\/\\\/ibecbarcelona.eu\\\/es\\\/samuel-receives-premi-nacional-de-recerca-al-talent-jove\\\/\"},\"wordCount\":162,\"publisher\":{\"@id\":\"https:\\\/\\\/ibecbarcelona.eu\\\/#organization\"},\"image\":{\"@id\":\"https:\\\/\\\/ibecbarcelona.eu\\\/es\\\/samuel-receives-premi-nacional-de-recerca-al-talent-jove\\\/#primaryimage\"},\"thumbnailUrl\":\"https:\\\/\\\/ibecbarcelona.eu\\\/wp-content\\\/uploads\\\/2017\\\/03\\\/samueltalentjove.jpg\",\"keywords\":[\"Samuel Sanchez\"],\"articleSection\":[\"Noticias institucionales\"],\"inLanguage\":\"es\"},{\"@type\":\"WebPage\",\"@id\":\"https:\\\/\\\/ibecbarcelona.eu\\\/es\\\/samuel-receives-premi-nacional-de-recerca-al-talent-jove\\\/\",\"url\":\"https:\\\/\\\/ibecbarcelona.eu\\\/es\\\/samuel-receives-premi-nacional-de-recerca-al-talent-jove\\\/\",\"name\":\"Samuel S\u00e1nchez recibe el Premi Nacional de Recerca al Talent Jove - Institute for Bioengineering of Catalonia\",\"isPartOf\":{\"@id\":\"https:\\\/\\\/ibecbarcelona.eu\\\/#website\"},\"primaryImageOfPage\":{\"@id\":\"https:\\\/\\\/ibecbarcelona.eu\\\/es\\\/samuel-receives-premi-nacional-de-recerca-al-talent-jove\\\/#primaryimage\"},\"image\":{\"@id\":\"https:\\\/\\\/ibecbarcelona.eu\\\/es\\\/samuel-receives-premi-nacional-de-recerca-al-talent-jove\\\/#primaryimage\"},\"thumbnailUrl\":\"https:\\\/\\\/ibecbarcelona.eu\\\/wp-content\\\/uploads\\\/2017\\\/03\\\/samueltalentjove.jpg\",\"datePublished\":\"2017-03-22T09:12:31+00:00\",\"dateModified\":\"2017-03-22T13:00:31+00:00\",\"breadcrumb\":{\"@id\":\"https:\\\/\\\/ibecbarcelona.eu\\\/es\\\/samuel-receives-premi-nacional-de-recerca-al-talent-jove\\\/#breadcrumb\"},\"inLanguage\":\"es\",\"potentialAction\":[{\"@type\":\"ReadAction\",\"target\":[\"https:\\\/\\\/ibecbarcelona.eu\\\/es\\\/samuel-receives-premi-nacional-de-recerca-al-talent-jove\\\/\"]}]},{\"@type\":\"ImageObject\",\"inLanguage\":\"es\",\"@id\":\"https:\\\/\\\/ibecbarcelona.eu\\\/es\\\/samuel-receives-premi-nacional-de-recerca-al-talent-jove\\\/#primaryimage\",\"url\":\"https:\\\/\\\/ibecbarcelona.eu\\\/wp-content\\\/uploads\\\/2017\\\/03\\\/samueltalentjove.jpg\",\"contentUrl\":\"https:\\\/\\\/ibecbarcelona.eu\\\/wp-content\\\/uploads\\\/2017\\\/03\\\/samueltalentjove.jpg\",\"width\":400,\"height\":296},{\"@type\":\"BreadcrumbList\",\"@id\":\"https:\\\/\\\/ibecbarcelona.eu\\\/es\\\/samuel-receives-premi-nacional-de-recerca-al-talent-jove\\\/#breadcrumb\",\"itemListElement\":[{\"@type\":\"ListItem\",\"position\":1,\"name\":\"Home\",\"item\":\"https:\\\/\\\/ibecbarcelona.eu\\\/es\\\/\"},{\"@type\":\"ListItem\",\"position\":2,\"name\":\"Samuel S\u00e1nchez recibe el Premi Nacional de Recerca al Talent Jove\"}]},{\"@type\":\"WebSite\",\"@id\":\"https:\\\/\\\/ibecbarcelona.eu\\\/#website\",\"url\":\"https:\\\/\\\/ibecbarcelona.eu\\\/\",\"name\":\"Institute for Bioengineering of Catalonia\",\"description\":\"Bioengineering solutions for health\",\"publisher\":{\"@id\":\"https:\\\/\\\/ibecbarcelona.eu\\\/#organization\"},\"potentialAction\":[{\"@type\":\"SearchAction\",\"target\":{\"@type\":\"EntryPoint\",\"urlTemplate\":\"https:\\\/\\\/ibecbarcelona.eu\\\/?s={search_term_string}\"},\"query-input\":{\"@type\":\"PropertyValueSpecification\",\"valueRequired\":true,\"valueName\":\"search_term_string\"}}],\"inLanguage\":\"es\"},{\"@type\":\"Organization\",\"@id\":\"https:\\\/\\\/ibecbarcelona.eu\\\/#organization\",\"name\":\"Institute for Bioengineering of Catalonia\",\"url\":\"https:\\\/\\\/ibecbarcelona.eu\\\/\",\"logo\":{\"@type\":\"ImageObject\",\"inLanguage\":\"es\",\"@id\":\"https:\\\/\\\/ibecbarcelona.eu\\\/#\\\/schema\\\/logo\\\/image\\\/\",\"url\":\"https:\\\/\\\/ibecbarcelona.eu\\\/wp-content\\\/uploads\\\/2026\\\/01\\\/cropped-IBEC_20ANYS_GRIS.png\",\"contentUrl\":\"https:\\\/\\\/ibecbarcelona.eu\\\/wp-content\\\/uploads\\\/2026\\\/01\\\/cropped-IBEC_20ANYS_GRIS.png\",\"width\":696,\"height\":257,\"caption\":\"Institute for Bioengineering of Catalonia\"},\"image\":{\"@id\":\"https:\\\/\\\/ibecbarcelona.eu\\\/#\\\/schema\\\/logo\\\/image\\\/\"}},{\"@type\":\"Person\",\"@id\":\"https:\\\/\\\/ibecbarcelona.eu\\\/#\\\/schema\\\/person\\\/c212c6b589546130be67986b9290e2b8\",\"name\":\"\u00c0ngels L\u00f3pez\",\"image\":{\"@type\":\"ImageObject\",\"inLanguage\":\"es\",\"@id\":\"https:\\\/\\\/secure.gravatar.com\\\/avatar\\\/09ad6ba116bea0b15c5511860f83b302579fd7404c1180e9dae55c3f11d988c6?s=96&d=mm&r=g\",\"url\":\"https:\\\/\\\/secure.gravatar.com\\\/avatar\\\/09ad6ba116bea0b15c5511860f83b302579fd7404c1180e9dae55c3f11d988c6?s=96&d=mm&r=g\",\"contentUrl\":\"https:\\\/\\\/secure.gravatar.com\\\/avatar\\\/09ad6ba116bea0b15c5511860f83b302579fd7404c1180e9dae55c3f11d988c6?s=96&d=mm&r=g\",\"caption\":\"\u00c0ngels L\u00f3pez\"},\"url\":\"https:\\\/\\\/ibecbarcelona.eu\\\/es\\\/author\\\/alopez\\\/\"}]}<\/script>\n<!-- \/ Yoast SEO plugin. -->","yoast_head_json":{"title":"Samuel S\u00e1nchez recibe el Premi Nacional de Recerca al Talent Jove - Institute for Bioengineering of Catalonia","robots":{"index":"index","follow":"follow","max-snippet":"max-snippet:-1","max-image-preview":"max-image-preview:large","max-video-preview":"max-video-preview:-1"},"canonical":"https:\/\/ibecbarcelona.eu\/es\/samuel-receives-premi-nacional-de-recerca-al-talent-jove\/","og_locale":"es_ES","og_type":"article","og_title":"Samuel S\u00e1nchez recibe el Premi Nacional de Recerca al Talent Jove - Institute for Bioengineering of Catalonia","og_description":"Samuel S\u00e1nchez, investigador principal en el Instituto de Bioingenier\u00eda de Catalunya y profesor de investigaci\u00f3n ICREA, fue uno de los cinco galardonados en la ceremonia de premiados de la Fundaci\u00f3 Catalana per a la Recerca i la Innovaci\u00f3 (FCRI) que se celebr\u00f3 ayer en el Teatre Nacional de Catalunya.    Samuel recibi\u00f3 el Premio Nacional de Investigaci\u00f3n al Talento j\u00f3ven de manos del Presidente de la Generalitat de Catalunya, Carles Puigdemont; del Consejero de Empresa y Conocimiento, Jordi Baiget, y del presidente de la FCRI, Antoni Esteve.","og_url":"https:\/\/ibecbarcelona.eu\/es\/samuel-receives-premi-nacional-de-recerca-al-talent-jove\/","og_site_name":"Institute for Bioengineering of Catalonia","article_published_time":"2017-03-22T09:12:31+00:00","article_modified_time":"2017-03-22T13:00:31+00:00","og_image":[{"width":400,"height":296,"url":"https:\/\/ibecbarcelona.eu\/wp-content\/uploads\/2017\/03\/samueltalentjove.jpg","type":"image\/jpeg"}],"author":"\u00c0ngels L\u00f3pez","twitter_card":"summary_large_image","twitter_misc":{"Escrito por":"\u00c0ngels L\u00f3pez","Tiempo de lectura":"1 minuto"},"schema":{"@context":"https:\/\/schema.org","@graph":[{"@type":"Article","@id":"https:\/\/ibecbarcelona.eu\/es\/samuel-receives-premi-nacional-de-recerca-al-talent-jove\/#article","isPartOf":{"@id":"https:\/\/ibecbarcelona.eu\/es\/samuel-receives-premi-nacional-de-recerca-al-talent-jove\/"},"author":{"name":"\u00c0ngels L\u00f3pez","@id":"https:\/\/ibecbarcelona.eu\/#\/schema\/person\/c212c6b589546130be67986b9290e2b8"},"headline":"Samuel S\u00e1nchez recibe el Premi Nacional de Recerca al Talent Jove","datePublished":"2017-03-22T09:12:31+00:00","dateModified":"2017-03-22T13:00:31+00:00","mainEntityOfPage":{"@id":"https:\/\/ibecbarcelona.eu\/es\/samuel-receives-premi-nacional-de-recerca-al-talent-jove\/"},"wordCount":162,"publisher":{"@id":"https:\/\/ibecbarcelona.eu\/#organization"},"image":{"@id":"https:\/\/ibecbarcelona.eu\/es\/samuel-receives-premi-nacional-de-recerca-al-talent-jove\/#primaryimage"},"thumbnailUrl":"https:\/\/ibecbarcelona.eu\/wp-content\/uploads\/2017\/03\/samueltalentjove.jpg","keywords":["Samuel Sanchez"],"articleSection":["Noticias institucionales"],"inLanguage":"es"},{"@type":"WebPage","@id":"https:\/\/ibecbarcelona.eu\/es\/samuel-receives-premi-nacional-de-recerca-al-talent-jove\/","url":"https:\/\/ibecbarcelona.eu\/es\/samuel-receives-premi-nacional-de-recerca-al-talent-jove\/","name":"Samuel S\u00e1nchez recibe el Premi Nacional de Recerca al Talent Jove - Institute for Bioengineering of Catalonia","isPartOf":{"@id":"https:\/\/ibecbarcelona.eu\/#website"},"primaryImageOfPage":{"@id":"https:\/\/ibecbarcelona.eu\/es\/samuel-receives-premi-nacional-de-recerca-al-talent-jove\/#primaryimage"},"image":{"@id":"https:\/\/ibecbarcelona.eu\/es\/samuel-receives-premi-nacional-de-recerca-al-talent-jove\/#primaryimage"},"thumbnailUrl":"https:\/\/ibecbarcelona.eu\/wp-content\/uploads\/2017\/03\/samueltalentjove.jpg","datePublished":"2017-03-22T09:12:31+00:00","dateModified":"2017-03-22T13:00:31+00:00","breadcrumb":{"@id":"https:\/\/ibecbarcelona.eu\/es\/samuel-receives-premi-nacional-de-recerca-al-talent-jove\/#breadcrumb"},"inLanguage":"es","potentialAction":[{"@type":"ReadAction","target":["https:\/\/ibecbarcelona.eu\/es\/samuel-receives-premi-nacional-de-recerca-al-talent-jove\/"]}]},{"@type":"ImageObject","inLanguage":"es","@id":"https:\/\/ibecbarcelona.eu\/es\/samuel-receives-premi-nacional-de-recerca-al-talent-jove\/#primaryimage","url":"https:\/\/ibecbarcelona.eu\/wp-content\/uploads\/2017\/03\/samueltalentjove.jpg","contentUrl":"https:\/\/ibecbarcelona.eu\/wp-content\/uploads\/2017\/03\/samueltalentjove.jpg","width":400,"height":296},{"@type":"BreadcrumbList","@id":"https:\/\/ibecbarcelona.eu\/es\/samuel-receives-premi-nacional-de-recerca-al-talent-jove\/#breadcrumb","itemListElement":[{"@type":"ListItem","position":1,"name":"Home","item":"https:\/\/ibecbarcelona.eu\/es\/"},{"@type":"ListItem","position":2,"name":"Samuel S\u00e1nchez recibe el Premi Nacional de Recerca al Talent Jove"}]},{"@type":"WebSite","@id":"https:\/\/ibecbarcelona.eu\/#website","url":"https:\/\/ibecbarcelona.eu\/","name":"Institute for Bioengineering of Catalonia","description":"Bioengineering solutions for health","publisher":{"@id":"https:\/\/ibecbarcelona.eu\/#organization"},"potentialAction":[{"@type":"SearchAction","target":{"@type":"EntryPoint","urlTemplate":"https:\/\/ibecbarcelona.eu\/?s={search_term_string}"},"query-input":{"@type":"PropertyValueSpecification","valueRequired":true,"valueName":"search_term_string"}}],"inLanguage":"es"},{"@type":"Organization","@id":"https:\/\/ibecbarcelona.eu\/#organization","name":"Institute for Bioengineering of Catalonia","url":"https:\/\/ibecbarcelona.eu\/","logo":{"@type":"ImageObject","inLanguage":"es","@id":"https:\/\/ibecbarcelona.eu\/#\/schema\/logo\/image\/","url":"https:\/\/ibecbarcelona.eu\/wp-content\/uploads\/2026\/01\/cropped-IBEC_20ANYS_GRIS.png","contentUrl":"https:\/\/ibecbarcelona.eu\/wp-content\/uploads\/2026\/01\/cropped-IBEC_20ANYS_GRIS.png","width":696,"height":257,"caption":"Institute for Bioengineering of Catalonia"},"image":{"@id":"https:\/\/ibecbarcelona.eu\/#\/schema\/logo\/image\/"}},{"@type":"Person","@id":"https:\/\/ibecbarcelona.eu\/#\/schema\/person\/c212c6b589546130be67986b9290e2b8","name":"\u00c0ngels L\u00f3pez","image":{"@type":"ImageObject","inLanguage":"es","@id":"https:\/\/secure.gravatar.com\/avatar\/09ad6ba116bea0b15c5511860f83b302579fd7404c1180e9dae55c3f11d988c6?s=96&d=mm&r=g","url":"https:\/\/secure.gravatar.com\/avatar\/09ad6ba116bea0b15c5511860f83b302579fd7404c1180e9dae55c3f11d988c6?s=96&d=mm&r=g","contentUrl":"https:\/\/secure.gravatar.com\/avatar\/09ad6ba116bea0b15c5511860f83b302579fd7404c1180e9dae55c3f11d988c6?s=96&d=mm&r=g","caption":"\u00c0ngels L\u00f3pez"},"url":"https:\/\/ibecbarcelona.eu\/es\/author\/alopez\/"}]}},"AFP_featured_media_urls":{"full":["https:\/\/ibecbarcelona.eu\/wp-content\/uploads\/2017\/03\/samueltalentjove.jpg",400,296,false],"thumbnail":["https:\/\/ibecbarcelona.eu\/wp-content\/uploads\/2017\/03\/samueltalentjove-150x150.jpg",150,150,true],"medium":["https:\/\/ibecbarcelona.eu\/wp-content\/uploads\/2017\/03\/samueltalentjove-300x222.jpg",300,222,true],"medium_large":["https:\/\/ibecbarcelona.eu\/wp-content\/uploads\/2017\/03\/samueltalentjove.jpg",400,296,false],"large":["https:\/\/ibecbarcelona.eu\/wp-content\/uploads\/2017\/03\/samueltalentjove.jpg",400,296,false]},"AFP_attachments":[],"AFP_videos":[],"AFP_video_blocks":"","AFP_category_names":["Noticias institucionales"],"_links":{"self":[{"href":"https:\/\/ibecbarcelona.eu\/es\/wp-json\/wp\/v2\/posts\/28578","targetHints":{"allow":["GET"]}}],"collection":[{"href":"https:\/\/ibecbarcelona.eu\/es\/wp-json\/wp\/v2\/posts"}],"about":[{"href":"https:\/\/ibecbarcelona.eu\/es\/wp-json\/wp\/v2\/types\/post"}],"author":[{"embeddable":true,"href":"https:\/\/ibecbarcelona.eu\/es\/wp-json\/wp\/v2\/users\/4"}],"replies":[{"embeddable":true,"href":"https:\/\/ibecbarcelona.eu\/es\/wp-json\/wp\/v2\/comments?post=28578"}],"version-history":[{"count":11,"href":"https:\/\/ibecbarcelona.eu\/es\/wp-json\/wp\/v2\/posts\/28578\/revisions"}],"predecessor-version":[{"id":28605,"href":"https:\/\/ibecbarcelona.eu\/es\/wp-json\/wp\/v2\/posts\/28578\/revisions\/28605"}],"wp:featuredmedia":[{"embeddable":true,"href":"https:\/\/ibecbarcelona.eu\/es\/wp-json\/wp\/v2\/media\/28574"}],"wp:attachment":[{"href":"https:\/\/ibecbarcelona.eu\/es\/wp-json\/wp\/v2\/media?parent=28578"}],"wp:term":[{"taxonomy":"category","embeddable":true,"href":"https:\/\/ibecbarcelona.eu\/es\/wp-json\/wp\/v2\/categories?post=28578"},{"taxonomy":"post_tag","embeddable":true,"href":"https:\/\/ibecbarcelona.eu\/es\/wp-json\/wp\/v2\/tags?post=28578"},{"taxonomy":"post_format","embeddable":true,"href":"https:\/\/ibecbarcelona.eu\/es\/wp-json\/wp\/v2\/post_formats?post=28578"}],"curies":[{"name":"wp","href":"https:\/\/api.w.org\/{rel}","templated":true}]}}