
{"id":4936,"date":"2007-11-08T02:00:00","date_gmt":"2007-11-08T02:00:00","guid":{"rendered":"http:\/\/ibecbarcelona.eu\/new\/ibec-en-el-diario-expansion\/"},"modified":"2015-01-05T13:09:50","modified_gmt":"2015-01-05T13:09:50","slug":"ibec-en-el-diario-expansion","status":"publish","type":"post","link":"https:\/\/ibecbarcelona.eu\/es\/ibec-en-el-diario-expansion\/","title":{"rendered":"IBEC en el diario Expansi\u00f3n"},"content":{"rendered":"<p> La noticia menciona\u00a0el presupuesto con  el que cuenta el Instituto hasta\u00a02009, sus\u00a0futuras l\u00ednias de  investigaci\u00f3n, principalmente centradas en nanomedicina y medicina  regeneradora, y su comit\u00e9 cient\u00edfico con la presencia de ocho expertos  internacionales.<\/p>\n<p><a href=\"https:\/\/ibecbarcelona.eu\/wp-content\/uploads\/2007\/11\/expansion.jpg\">Expansi\u00f3n<\/a><\/p>\n","protected":false},"excerpt":{"rendered":"<p align=\"justify\"><strong><\/strong><img decoding=\"async\" class=\"left size-full wp-image-4907\" src=\"https:\/\/ibecbarcelona.eu\/wp-content\/uploads\/2007\/09\/mitjans icon.jpg\" border=\"0\" width=\"100\" height=\"101\" \/>Bajo el titular <strong>El Institut de Bioenginyeria tendr\u00e1 150 investigadores<\/strong>,  el diario Expansi\u00f3n public\u00f3 el pasado 8 de noviembre en su edici\u00f3n  impresa una noticia sobre la presentaci\u00f3n del IBEC el dia 7 de  noviembre. <\/p>\n","protected":false},"author":4,"featured_media":4907,"comment_status":"closed","ping_status":"closed","sticky":false,"template":"","format":"standard","meta":{"footnotes":""},"categories":[95],"tags":[],"post_formats":[],"class_list":["post-4936","post","type-post","status-publish","format-standard","has-post-thumbnail","hentry","category-ibec-en-los-medios"],"yoast_head":"<!-- This site is optimized with the Yoast SEO plugin v27.4 - https:\/\/yoast.com\/product\/yoast-seo-wordpress\/ -->\n<title>IBEC en el diario Expansi\u00f3n - Institute for Bioengineering of Catalonia<\/title>\n<meta name=\"robots\" content=\"index, follow, max-snippet:-1, max-image-preview:large, max-video-preview:-1\" \/>\n<link rel=\"canonical\" href=\"https:\/\/ibecbarcelona.eu\/es\/ibec-en-el-diario-expansion\/\" \/>\n<meta property=\"og:locale\" content=\"es_ES\" \/>\n<meta property=\"og:type\" content=\"article\" \/>\n<meta property=\"og:title\" content=\"IBEC en el diario Expansi\u00f3n - Institute for Bioengineering of Catalonia\" \/>\n<meta property=\"og:description\" content=\"Bajo el titular El Institut de Bioenginyeria tendr\u00e1 150 investigadores, el diario Expansi\u00f3n public\u00f3 el pasado 8 de noviembre en su edici\u00f3n impresa una noticia sobre la presentaci\u00f3n del IBEC el dia 7 de noviembre.\" \/>\n<meta property=\"og:url\" content=\"https:\/\/ibecbarcelona.eu\/es\/ibec-en-el-diario-expansion\/\" \/>\n<meta property=\"og:site_name\" content=\"Institute for Bioengineering of Catalonia\" \/>\n<meta property=\"article:published_time\" content=\"2007-11-08T02:00:00+00:00\" \/>\n<meta property=\"article:modified_time\" content=\"2015-01-05T13:09:50+00:00\" \/>\n<meta property=\"og:image\" content=\"https:\/\/ibecbarcelona.eu\/wp-content\/uploads\/2007\/09\/mitjans%20icon.jpg\" \/>\n\t<meta property=\"og:image:width\" content=\"100\" \/>\n\t<meta property=\"og:image:height\" content=\"101\" \/>\n\t<meta property=\"og:image:type\" content=\"image\/jpeg\" \/>\n<meta name=\"author\" content=\"\u00c0ngels L\u00f3pez\" \/>\n<meta name=\"twitter:card\" content=\"summary_large_image\" \/>\n<meta name=\"twitter:label1\" content=\"Escrito por\" \/>\n\t<meta name=\"twitter:data1\" content=\"\u00c0ngels L\u00f3pez\" \/>\n<script type=\"application\/ld+json\" class=\"yoast-schema-graph\">{\"@context\":\"https:\\\/\\\/schema.org\",\"@graph\":[{\"@type\":\"Article\",\"@id\":\"https:\\\/\\\/ibecbarcelona.eu\\\/es\\\/ibec-en-el-diario-expansion\\\/#article\",\"isPartOf\":{\"@id\":\"https:\\\/\\\/ibecbarcelona.eu\\\/es\\\/ibec-en-el-diario-expansion\\\/\"},\"author\":{\"name\":\"\u00c0ngels L\u00f3pez\",\"@id\":\"https:\\\/\\\/ibecbarcelona.eu\\\/#\\\/schema\\\/person\\\/c212c6b589546130be67986b9290e2b8\"},\"headline\":\"IBEC en el diario Expansi\u00f3n\",\"datePublished\":\"2007-11-08T02:00:00+00:00\",\"dateModified\":\"2015-01-05T13:09:50+00:00\",\"mainEntityOfPage\":{\"@id\":\"https:\\\/\\\/ibecbarcelona.eu\\\/es\\\/ibec-en-el-diario-expansion\\\/\"},\"wordCount\":46,\"publisher\":{\"@id\":\"https:\\\/\\\/ibecbarcelona.eu\\\/#organization\"},\"image\":{\"@id\":\"https:\\\/\\\/ibecbarcelona.eu\\\/es\\\/ibec-en-el-diario-expansion\\\/#primaryimage\"},\"thumbnailUrl\":\"https:\\\/\\\/ibecbarcelona.eu\\\/wp-content\\\/uploads\\\/2007\\\/09\\\/mitjans icon.jpg\",\"articleSection\":[\"IBEC en los medios\"],\"inLanguage\":\"es\"},{\"@type\":\"WebPage\",\"@id\":\"https:\\\/\\\/ibecbarcelona.eu\\\/es\\\/ibec-en-el-diario-expansion\\\/\",\"url\":\"https:\\\/\\\/ibecbarcelona.eu\\\/es\\\/ibec-en-el-diario-expansion\\\/\",\"name\":\"IBEC en el diario Expansi\u00f3n - Institute for Bioengineering of Catalonia\",\"isPartOf\":{\"@id\":\"https:\\\/\\\/ibecbarcelona.eu\\\/#website\"},\"primaryImageOfPage\":{\"@id\":\"https:\\\/\\\/ibecbarcelona.eu\\\/es\\\/ibec-en-el-diario-expansion\\\/#primaryimage\"},\"image\":{\"@id\":\"https:\\\/\\\/ibecbarcelona.eu\\\/es\\\/ibec-en-el-diario-expansion\\\/#primaryimage\"},\"thumbnailUrl\":\"https:\\\/\\\/ibecbarcelona.eu\\\/wp-content\\\/uploads\\\/2007\\\/09\\\/mitjans icon.jpg\",\"datePublished\":\"2007-11-08T02:00:00+00:00\",\"dateModified\":\"2015-01-05T13:09:50+00:00\",\"breadcrumb\":{\"@id\":\"https:\\\/\\\/ibecbarcelona.eu\\\/es\\\/ibec-en-el-diario-expansion\\\/#breadcrumb\"},\"inLanguage\":\"es\",\"potentialAction\":[{\"@type\":\"ReadAction\",\"target\":[\"https:\\\/\\\/ibecbarcelona.eu\\\/es\\\/ibec-en-el-diario-expansion\\\/\"]}]},{\"@type\":\"ImageObject\",\"inLanguage\":\"es\",\"@id\":\"https:\\\/\\\/ibecbarcelona.eu\\\/es\\\/ibec-en-el-diario-expansion\\\/#primaryimage\",\"url\":\"https:\\\/\\\/ibecbarcelona.eu\\\/wp-content\\\/uploads\\\/2007\\\/09\\\/mitjans icon.jpg\",\"contentUrl\":\"https:\\\/\\\/ibecbarcelona.eu\\\/wp-content\\\/uploads\\\/2007\\\/09\\\/mitjans icon.jpg\",\"width\":100,\"height\":101},{\"@type\":\"BreadcrumbList\",\"@id\":\"https:\\\/\\\/ibecbarcelona.eu\\\/es\\\/ibec-en-el-diario-expansion\\\/#breadcrumb\",\"itemListElement\":[{\"@type\":\"ListItem\",\"position\":1,\"name\":\"Home\",\"item\":\"https:\\\/\\\/ibecbarcelona.eu\\\/es\\\/\"},{\"@type\":\"ListItem\",\"position\":2,\"name\":\"IBEC en el diario Expansi\u00f3n\"}]},{\"@type\":\"WebSite\",\"@id\":\"https:\\\/\\\/ibecbarcelona.eu\\\/#website\",\"url\":\"https:\\\/\\\/ibecbarcelona.eu\\\/\",\"name\":\"Institute for Bioengineering of Catalonia\",\"description\":\"Bioengineering solutions for health\",\"publisher\":{\"@id\":\"https:\\\/\\\/ibecbarcelona.eu\\\/#organization\"},\"potentialAction\":[{\"@type\":\"SearchAction\",\"target\":{\"@type\":\"EntryPoint\",\"urlTemplate\":\"https:\\\/\\\/ibecbarcelona.eu\\\/?s={search_term_string}\"},\"query-input\":{\"@type\":\"PropertyValueSpecification\",\"valueRequired\":true,\"valueName\":\"search_term_string\"}}],\"inLanguage\":\"es\"},{\"@type\":\"Organization\",\"@id\":\"https:\\\/\\\/ibecbarcelona.eu\\\/#organization\",\"name\":\"Institute for Bioengineering of Catalonia\",\"url\":\"https:\\\/\\\/ibecbarcelona.eu\\\/\",\"logo\":{\"@type\":\"ImageObject\",\"inLanguage\":\"es\",\"@id\":\"https:\\\/\\\/ibecbarcelona.eu\\\/#\\\/schema\\\/logo\\\/image\\\/\",\"url\":\"https:\\\/\\\/ibecbarcelona.eu\\\/wp-content\\\/uploads\\\/2026\\\/01\\\/cropped-IBEC_20ANYS_GRIS.png\",\"contentUrl\":\"https:\\\/\\\/ibecbarcelona.eu\\\/wp-content\\\/uploads\\\/2026\\\/01\\\/cropped-IBEC_20ANYS_GRIS.png\",\"width\":696,\"height\":257,\"caption\":\"Institute for Bioengineering of Catalonia\"},\"image\":{\"@id\":\"https:\\\/\\\/ibecbarcelona.eu\\\/#\\\/schema\\\/logo\\\/image\\\/\"}},{\"@type\":\"Person\",\"@id\":\"https:\\\/\\\/ibecbarcelona.eu\\\/#\\\/schema\\\/person\\\/c212c6b589546130be67986b9290e2b8\",\"name\":\"\u00c0ngels L\u00f3pez\",\"image\":{\"@type\":\"ImageObject\",\"inLanguage\":\"es\",\"@id\":\"https:\\\/\\\/secure.gravatar.com\\\/avatar\\\/09ad6ba116bea0b15c5511860f83b302579fd7404c1180e9dae55c3f11d988c6?s=96&d=mm&r=g\",\"url\":\"https:\\\/\\\/secure.gravatar.com\\\/avatar\\\/09ad6ba116bea0b15c5511860f83b302579fd7404c1180e9dae55c3f11d988c6?s=96&d=mm&r=g\",\"contentUrl\":\"https:\\\/\\\/secure.gravatar.com\\\/avatar\\\/09ad6ba116bea0b15c5511860f83b302579fd7404c1180e9dae55c3f11d988c6?s=96&d=mm&r=g\",\"caption\":\"\u00c0ngels L\u00f3pez\"},\"url\":\"https:\\\/\\\/ibecbarcelona.eu\\\/es\\\/author\\\/alopez\\\/\"}]}<\/script>\n<!-- \/ Yoast SEO plugin. -->","yoast_head_json":{"title":"IBEC en el diario Expansi\u00f3n - Institute for Bioengineering of Catalonia","robots":{"index":"index","follow":"follow","max-snippet":"max-snippet:-1","max-image-preview":"max-image-preview:large","max-video-preview":"max-video-preview:-1"},"canonical":"https:\/\/ibecbarcelona.eu\/es\/ibec-en-el-diario-expansion\/","og_locale":"es_ES","og_type":"article","og_title":"IBEC en el diario Expansi\u00f3n - Institute for Bioengineering of Catalonia","og_description":"Bajo el titular El Institut de Bioenginyeria tendr\u00e1 150 investigadores, el diario Expansi\u00f3n public\u00f3 el pasado 8 de noviembre en su edici\u00f3n impresa una noticia sobre la presentaci\u00f3n del IBEC el dia 7 de noviembre.","og_url":"https:\/\/ibecbarcelona.eu\/es\/ibec-en-el-diario-expansion\/","og_site_name":"Institute for Bioengineering of Catalonia","article_published_time":"2007-11-08T02:00:00+00:00","article_modified_time":"2015-01-05T13:09:50+00:00","og_image":[{"width":100,"height":101,"url":"https:\/\/ibecbarcelona.eu\/wp-content\/uploads\/2007\/09\/mitjans icon.jpg","type":"image\/jpeg"}],"author":"\u00c0ngels L\u00f3pez","twitter_card":"summary_large_image","twitter_misc":{"Escrito por":"\u00c0ngels L\u00f3pez"},"schema":{"@context":"https:\/\/schema.org","@graph":[{"@type":"Article","@id":"https:\/\/ibecbarcelona.eu\/es\/ibec-en-el-diario-expansion\/#article","isPartOf":{"@id":"https:\/\/ibecbarcelona.eu\/es\/ibec-en-el-diario-expansion\/"},"author":{"name":"\u00c0ngels L\u00f3pez","@id":"https:\/\/ibecbarcelona.eu\/#\/schema\/person\/c212c6b589546130be67986b9290e2b8"},"headline":"IBEC en el diario Expansi\u00f3n","datePublished":"2007-11-08T02:00:00+00:00","dateModified":"2015-01-05T13:09:50+00:00","mainEntityOfPage":{"@id":"https:\/\/ibecbarcelona.eu\/es\/ibec-en-el-diario-expansion\/"},"wordCount":46,"publisher":{"@id":"https:\/\/ibecbarcelona.eu\/#organization"},"image":{"@id":"https:\/\/ibecbarcelona.eu\/es\/ibec-en-el-diario-expansion\/#primaryimage"},"thumbnailUrl":"https:\/\/ibecbarcelona.eu\/wp-content\/uploads\/2007\/09\/mitjans icon.jpg","articleSection":["IBEC en los medios"],"inLanguage":"es"},{"@type":"WebPage","@id":"https:\/\/ibecbarcelona.eu\/es\/ibec-en-el-diario-expansion\/","url":"https:\/\/ibecbarcelona.eu\/es\/ibec-en-el-diario-expansion\/","name":"IBEC en el diario Expansi\u00f3n - Institute for Bioengineering of Catalonia","isPartOf":{"@id":"https:\/\/ibecbarcelona.eu\/#website"},"primaryImageOfPage":{"@id":"https:\/\/ibecbarcelona.eu\/es\/ibec-en-el-diario-expansion\/#primaryimage"},"image":{"@id":"https:\/\/ibecbarcelona.eu\/es\/ibec-en-el-diario-expansion\/#primaryimage"},"thumbnailUrl":"https:\/\/ibecbarcelona.eu\/wp-content\/uploads\/2007\/09\/mitjans icon.jpg","datePublished":"2007-11-08T02:00:00+00:00","dateModified":"2015-01-05T13:09:50+00:00","breadcrumb":{"@id":"https:\/\/ibecbarcelona.eu\/es\/ibec-en-el-diario-expansion\/#breadcrumb"},"inLanguage":"es","potentialAction":[{"@type":"ReadAction","target":["https:\/\/ibecbarcelona.eu\/es\/ibec-en-el-diario-expansion\/"]}]},{"@type":"ImageObject","inLanguage":"es","@id":"https:\/\/ibecbarcelona.eu\/es\/ibec-en-el-diario-expansion\/#primaryimage","url":"https:\/\/ibecbarcelona.eu\/wp-content\/uploads\/2007\/09\/mitjans icon.jpg","contentUrl":"https:\/\/ibecbarcelona.eu\/wp-content\/uploads\/2007\/09\/mitjans icon.jpg","width":100,"height":101},{"@type":"BreadcrumbList","@id":"https:\/\/ibecbarcelona.eu\/es\/ibec-en-el-diario-expansion\/#breadcrumb","itemListElement":[{"@type":"ListItem","position":1,"name":"Home","item":"https:\/\/ibecbarcelona.eu\/es\/"},{"@type":"ListItem","position":2,"name":"IBEC en el diario Expansi\u00f3n"}]},{"@type":"WebSite","@id":"https:\/\/ibecbarcelona.eu\/#website","url":"https:\/\/ibecbarcelona.eu\/","name":"Institute for Bioengineering of Catalonia","description":"Bioengineering solutions for health","publisher":{"@id":"https:\/\/ibecbarcelona.eu\/#organization"},"potentialAction":[{"@type":"SearchAction","target":{"@type":"EntryPoint","urlTemplate":"https:\/\/ibecbarcelona.eu\/?s={search_term_string}"},"query-input":{"@type":"PropertyValueSpecification","valueRequired":true,"valueName":"search_term_string"}}],"inLanguage":"es"},{"@type":"Organization","@id":"https:\/\/ibecbarcelona.eu\/#organization","name":"Institute for Bioengineering of Catalonia","url":"https:\/\/ibecbarcelona.eu\/","logo":{"@type":"ImageObject","inLanguage":"es","@id":"https:\/\/ibecbarcelona.eu\/#\/schema\/logo\/image\/","url":"https:\/\/ibecbarcelona.eu\/wp-content\/uploads\/2026\/01\/cropped-IBEC_20ANYS_GRIS.png","contentUrl":"https:\/\/ibecbarcelona.eu\/wp-content\/uploads\/2026\/01\/cropped-IBEC_20ANYS_GRIS.png","width":696,"height":257,"caption":"Institute for Bioengineering of Catalonia"},"image":{"@id":"https:\/\/ibecbarcelona.eu\/#\/schema\/logo\/image\/"}},{"@type":"Person","@id":"https:\/\/ibecbarcelona.eu\/#\/schema\/person\/c212c6b589546130be67986b9290e2b8","name":"\u00c0ngels L\u00f3pez","image":{"@type":"ImageObject","inLanguage":"es","@id":"https:\/\/secure.gravatar.com\/avatar\/09ad6ba116bea0b15c5511860f83b302579fd7404c1180e9dae55c3f11d988c6?s=96&d=mm&r=g","url":"https:\/\/secure.gravatar.com\/avatar\/09ad6ba116bea0b15c5511860f83b302579fd7404c1180e9dae55c3f11d988c6?s=96&d=mm&r=g","contentUrl":"https:\/\/secure.gravatar.com\/avatar\/09ad6ba116bea0b15c5511860f83b302579fd7404c1180e9dae55c3f11d988c6?s=96&d=mm&r=g","caption":"\u00c0ngels L\u00f3pez"},"url":"https:\/\/ibecbarcelona.eu\/es\/author\/alopez\/"}]}},"AFP_featured_media_urls":{"full":["https:\/\/ibecbarcelona.eu\/wp-content\/uploads\/2007\/09\/mitjans icon.jpg",100,101,false],"thumbnail":["https:\/\/ibecbarcelona.eu\/wp-content\/uploads\/2007\/09\/mitjans icon.jpg",100,101,false],"medium":["https:\/\/ibecbarcelona.eu\/wp-content\/uploads\/2007\/09\/mitjans icon.jpg",100,101,false],"medium_large":["https:\/\/ibecbarcelona.eu\/wp-content\/uploads\/2007\/09\/mitjans icon.jpg",100,101,false],"large":["https:\/\/ibecbarcelona.eu\/wp-content\/uploads\/2007\/09\/mitjans icon.jpg",100,101,false]},"AFP_attachments":{"full":["https:\/\/ibecbarcelona.eu\/wp-content\/uploads\/2007\/11\/expansion.jpg",259,794,false],"thumbnail":["https:\/\/ibecbarcelona.eu\/wp-content\/uploads\/2007\/11\/expansion-150x150.jpg",150,150,true],"medium":["https:\/\/ibecbarcelona.eu\/wp-content\/uploads\/2007\/11\/expansion-97x300.jpg",97,300,true],"medium_large":["https:\/\/ibecbarcelona.eu\/wp-content\/uploads\/2007\/11\/expansion.jpg",259,794,false],"large":["https:\/\/ibecbarcelona.eu\/wp-content\/uploads\/2007\/11\/expansion.jpg",259,794,false]},"AFP_videos":[],"AFP_video_blocks":"","AFP_category_names":["IBEC en los medios"],"_links":{"self":[{"href":"https:\/\/ibecbarcelona.eu\/es\/wp-json\/wp\/v2\/posts\/4936","targetHints":{"allow":["GET"]}}],"collection":[{"href":"https:\/\/ibecbarcelona.eu\/es\/wp-json\/wp\/v2\/posts"}],"about":[{"href":"https:\/\/ibecbarcelona.eu\/es\/wp-json\/wp\/v2\/types\/post"}],"author":[{"embeddable":true,"href":"https:\/\/ibecbarcelona.eu\/es\/wp-json\/wp\/v2\/users\/4"}],"replies":[{"embeddable":true,"href":"https:\/\/ibecbarcelona.eu\/es\/wp-json\/wp\/v2\/comments?post=4936"}],"version-history":[{"count":0,"href":"https:\/\/ibecbarcelona.eu\/es\/wp-json\/wp\/v2\/posts\/4936\/revisions"}],"wp:featuredmedia":[{"embeddable":true,"href":"https:\/\/ibecbarcelona.eu\/es\/wp-json\/wp\/v2\/media\/4907"}],"wp:attachment":[{"href":"https:\/\/ibecbarcelona.eu\/es\/wp-json\/wp\/v2\/media?parent=4936"}],"wp:term":[{"taxonomy":"category","embeddable":true,"href":"https:\/\/ibecbarcelona.eu\/es\/wp-json\/wp\/v2\/categories?post=4936"},{"taxonomy":"post_tag","embeddable":true,"href":"https:\/\/ibecbarcelona.eu\/es\/wp-json\/wp\/v2\/tags?post=4936"},{"taxonomy":"post_format","embeddable":true,"href":"https:\/\/ibecbarcelona.eu\/es\/wp-json\/wp\/v2\/post_formats?post=4936"}],"curies":[{"name":"wp","href":"https:\/\/api.w.org\/{rel}","templated":true}]}}