
{"id":5090,"date":"2009-06-17T02:00:00","date_gmt":"2009-06-17T02:00:00","guid":{"rendered":"http:\/\/ibecbarcelona.eu\/new\/investigadors-de-libec-en-portada-de-small\/"},"modified":"2014-12-04T09:48:53","modified_gmt":"2014-12-04T09:48:53","slug":"investigadors-de-libec-en-portada-de-small","status":"publish","type":"post","link":"https:\/\/ibecbarcelona.eu\/es\/investigadors-de-libec-en-portada-de-small\/","title":{"rendered":"SMALL cover for researchers"},"content":{"rendered":"<\/p>\n<p>The image on the  cover of Small, was especially designed for this issue at the request of  the journal\u00b4s editors after the excellent reviews the article has  received. The paper, entitled \u201cDynamic Re-organization of Individual  Adhesion Nanoclusters in Living Cells by Ligand-Patterned Surfaces\u201d,  shows the use of patterned surfaces to monitor the distinct  organization, both in space and time, of receptors of the immune system  as they meet their counterpart ligands or molecules.<\/p>\n<p>To  understand this work in detail, it is important to explain, first of  all, that cells communicate with each other and the outside world  through a myriad of receptors located in its membrane. In recent years,  it has become apparent that particular cellular functions are determined  not only by the expression of these receptors but, most importantly, by  the way they organize on the biological membrane both in space and  time.<\/p>\n<p>It is believed, for instance, that the recognition of  pathogens by cells of the immune system or the signalling between cells  to fight infections, occurs through a synchronised arrangement of  receptors, similar to the way military troops are displayed in the  battle field to maximise their collective strength, and then disperse  rapidly once the battle is over.<\/p>\n<p>Very little is known so far  about how cells organize themselves, because this process occurs at a  scale too small to be observed by conventional microscopes. The  contribution made by the research group in this area has been to develop  a simple and versatile platform that is used to create the so-called  ligand patterns. The cells are then seeded over these patterns and,  using a highly sensitive optical technique developed in the same group,  researchers observe how natural receptors on the cell react to their  counter-receptors placed in the pattern.<\/p>\n<p>The work demonstrates  the existence of an intricate coupling between biological membrane  organization and cellular function. Understanding how receptors organise  themselves on the membrane, can help to protect the human system  against infections by viruses and pathogens, and eventually develop  therapies to treat immune-related diseases selectively and more  effectively.<\/p>\n<p>The work published in Small was performed through an  interdisciplinary collaboration between biophysicists from IBEC and  CIBER-bbn and tumor immunologists from the NCMLS.<\/p>\n<p>Small is one  of the most important journals in the field of nanoscience, third in the  ranking after Nature Nanotechnology and Nano Letters.<\/p>\n<p><a href=\"..\/images\/stories\/SMALL%20COVER%20PDF.pdf\">SMALL COVER PDF.pdf<\/a><\/p>\n","protected":false},"excerpt":{"rendered":"<p>The first cover of a top nano-science journal this month  features the work of several IBEC researchers. The journal\u00a0Small (Volume  5. No. 11 \u2013 June 5 2009) dedicates its cover to a paper published by  four researchers from IBEC\u00b4s BioNanoPhotonics group led by Dra. Mar\u00eda  Garc\u00eda-Parajo and two scientists from the Nijmegen Center for Molecular  Life Sciences (NCMLS), in the Netherlands. <\/p>\n<p \/>\n","protected":false},"author":4,"featured_media":0,"comment_status":"closed","ping_status":"closed","sticky":false,"template":"","format":"standard","meta":{"footnotes":""},"categories":[24],"tags":[],"post_formats":[],"class_list":["post-5090","post","type-post","status-publish","format-standard","hentry","category-institutional-news"],"yoast_head":"<!-- This site is optimized with the Yoast SEO plugin v27.5 - https:\/\/yoast.com\/product\/yoast-seo-wordpress\/ -->\n<title>SMALL cover for researchers - Institute for Bioengineering of Catalonia<\/title>\n<meta name=\"robots\" content=\"index, follow, max-snippet:-1, max-image-preview:large, max-video-preview:-1\" \/>\n<link rel=\"canonical\" href=\"https:\/\/ibecbarcelona.eu\/investigadors-de-libec-en-portada-de-small\/\" \/>\n<meta property=\"og:locale\" content=\"es_ES\" \/>\n<meta property=\"og:type\" content=\"article\" \/>\n<meta property=\"og:title\" content=\"SMALL cover for researchers - Institute for Bioengineering of Catalonia\" \/>\n<meta property=\"og:description\" content=\"The first cover of a top nano-science journal this month features the work of several IBEC researchers. The journal\u00a0Small (Volume 5. No. 11 \u2013 June 5 2009) dedicates its cover to a paper published by four researchers from IBEC\u00b4s BioNanoPhotonics group led by Dra. Mar\u00eda Garc\u00eda-Parajo and two scientists from the Nijmegen Center for Molecular Life Sciences (NCMLS), in the Netherlands.\" \/>\n<meta property=\"og:url\" content=\"https:\/\/ibecbarcelona.eu\/investigadors-de-libec-en-portada-de-small\/\" \/>\n<meta property=\"og:site_name\" content=\"Institute for Bioengineering of Catalonia\" \/>\n<meta property=\"article:published_time\" content=\"2009-06-17T02:00:00+00:00\" \/>\n<meta property=\"article:modified_time\" content=\"2014-12-04T09:48:53+00:00\" \/>\n<meta name=\"author\" content=\"\u00c0ngels L\u00f3pez\" \/>\n<meta name=\"twitter:card\" content=\"summary_large_image\" \/>\n<meta name=\"twitter:label1\" content=\"Escrito por\" \/>\n\t<meta name=\"twitter:data1\" content=\"\u00c0ngels L\u00f3pez\" \/>\n\t<meta name=\"twitter:label2\" content=\"Tiempo de lectura\" \/>\n\t<meta name=\"twitter:data2\" content=\"2 minutos\" \/>\n<script type=\"application\/ld+json\" class=\"yoast-schema-graph\">{\"@context\":\"https:\\\/\\\/schema.org\",\"@graph\":[{\"@type\":\"Article\",\"@id\":\"https:\\\/\\\/ibecbarcelona.eu\\\/investigadors-de-libec-en-portada-de-small\\\/#article\",\"isPartOf\":{\"@id\":\"https:\\\/\\\/ibecbarcelona.eu\\\/investigadors-de-libec-en-portada-de-small\\\/\"},\"author\":{\"name\":\"\u00c0ngels L\u00f3pez\",\"@id\":\"https:\\\/\\\/ibecbarcelona.eu\\\/#\\\/schema\\\/person\\\/c212c6b589546130be67986b9290e2b8\"},\"headline\":\"SMALL cover for researchers\",\"datePublished\":\"2009-06-17T02:00:00+00:00\",\"dateModified\":\"2014-12-04T09:48:53+00:00\",\"mainEntityOfPage\":{\"@id\":\"https:\\\/\\\/ibecbarcelona.eu\\\/investigadors-de-libec-en-portada-de-small\\\/\"},\"wordCount\":395,\"publisher\":{\"@id\":\"https:\\\/\\\/ibecbarcelona.eu\\\/#organization\"},\"articleSection\":[\"Institutional news\"],\"inLanguage\":\"es\"},{\"@type\":\"WebPage\",\"@id\":\"https:\\\/\\\/ibecbarcelona.eu\\\/investigadors-de-libec-en-portada-de-small\\\/\",\"url\":\"https:\\\/\\\/ibecbarcelona.eu\\\/investigadors-de-libec-en-portada-de-small\\\/\",\"name\":\"SMALL cover for researchers - Institute for Bioengineering of Catalonia\",\"isPartOf\":{\"@id\":\"https:\\\/\\\/ibecbarcelona.eu\\\/#website\"},\"datePublished\":\"2009-06-17T02:00:00+00:00\",\"dateModified\":\"2014-12-04T09:48:53+00:00\",\"breadcrumb\":{\"@id\":\"https:\\\/\\\/ibecbarcelona.eu\\\/investigadors-de-libec-en-portada-de-small\\\/#breadcrumb\"},\"inLanguage\":\"es\",\"potentialAction\":[{\"@type\":\"ReadAction\",\"target\":[\"https:\\\/\\\/ibecbarcelona.eu\\\/investigadors-de-libec-en-portada-de-small\\\/\"]}]},{\"@type\":\"BreadcrumbList\",\"@id\":\"https:\\\/\\\/ibecbarcelona.eu\\\/investigadors-de-libec-en-portada-de-small\\\/#breadcrumb\",\"itemListElement\":[{\"@type\":\"ListItem\",\"position\":1,\"name\":\"Home\",\"item\":\"https:\\\/\\\/ibecbarcelona.eu\\\/es\\\/\"},{\"@type\":\"ListItem\",\"position\":2,\"name\":\"SMALL cover for researchers\"}]},{\"@type\":\"WebSite\",\"@id\":\"https:\\\/\\\/ibecbarcelona.eu\\\/#website\",\"url\":\"https:\\\/\\\/ibecbarcelona.eu\\\/\",\"name\":\"Institute for Bioengineering of Catalonia\",\"description\":\"Bioengineering solutions for health\",\"publisher\":{\"@id\":\"https:\\\/\\\/ibecbarcelona.eu\\\/#organization\"},\"potentialAction\":[{\"@type\":\"SearchAction\",\"target\":{\"@type\":\"EntryPoint\",\"urlTemplate\":\"https:\\\/\\\/ibecbarcelona.eu\\\/?s={search_term_string}\"},\"query-input\":{\"@type\":\"PropertyValueSpecification\",\"valueRequired\":true,\"valueName\":\"search_term_string\"}}],\"inLanguage\":\"es\"},{\"@type\":\"Organization\",\"@id\":\"https:\\\/\\\/ibecbarcelona.eu\\\/#organization\",\"name\":\"Institute for Bioengineering of Catalonia\",\"url\":\"https:\\\/\\\/ibecbarcelona.eu\\\/\",\"logo\":{\"@type\":\"ImageObject\",\"inLanguage\":\"es\",\"@id\":\"https:\\\/\\\/ibecbarcelona.eu\\\/#\\\/schema\\\/logo\\\/image\\\/\",\"url\":\"https:\\\/\\\/ibecbarcelona.eu\\\/wp-content\\\/uploads\\\/2026\\\/01\\\/cropped-IBEC_20ANYS_GRIS.png\",\"contentUrl\":\"https:\\\/\\\/ibecbarcelona.eu\\\/wp-content\\\/uploads\\\/2026\\\/01\\\/cropped-IBEC_20ANYS_GRIS.png\",\"width\":696,\"height\":257,\"caption\":\"Institute for Bioengineering of Catalonia\"},\"image\":{\"@id\":\"https:\\\/\\\/ibecbarcelona.eu\\\/#\\\/schema\\\/logo\\\/image\\\/\"}},{\"@type\":\"Person\",\"@id\":\"https:\\\/\\\/ibecbarcelona.eu\\\/#\\\/schema\\\/person\\\/c212c6b589546130be67986b9290e2b8\",\"name\":\"\u00c0ngels L\u00f3pez\",\"image\":{\"@type\":\"ImageObject\",\"inLanguage\":\"es\",\"@id\":\"https:\\\/\\\/secure.gravatar.com\\\/avatar\\\/09ad6ba116bea0b15c5511860f83b302579fd7404c1180e9dae55c3f11d988c6?s=96&d=mm&r=g\",\"url\":\"https:\\\/\\\/secure.gravatar.com\\\/avatar\\\/09ad6ba116bea0b15c5511860f83b302579fd7404c1180e9dae55c3f11d988c6?s=96&d=mm&r=g\",\"contentUrl\":\"https:\\\/\\\/secure.gravatar.com\\\/avatar\\\/09ad6ba116bea0b15c5511860f83b302579fd7404c1180e9dae55c3f11d988c6?s=96&d=mm&r=g\",\"caption\":\"\u00c0ngels L\u00f3pez\"},\"url\":\"https:\\\/\\\/ibecbarcelona.eu\\\/es\\\/author\\\/alopez\\\/\"}]}<\/script>\n<!-- \/ Yoast SEO plugin. -->","yoast_head_json":{"title":"SMALL cover for researchers - Institute for Bioengineering of Catalonia","robots":{"index":"index","follow":"follow","max-snippet":"max-snippet:-1","max-image-preview":"max-image-preview:large","max-video-preview":"max-video-preview:-1"},"canonical":"https:\/\/ibecbarcelona.eu\/investigadors-de-libec-en-portada-de-small\/","og_locale":"es_ES","og_type":"article","og_title":"SMALL cover for researchers - Institute for Bioengineering of Catalonia","og_description":"The first cover of a top nano-science journal this month features the work of several IBEC researchers. The journal\u00a0Small (Volume 5. No. 11 \u2013 June 5 2009) dedicates its cover to a paper published by four researchers from IBEC\u00b4s BioNanoPhotonics group led by Dra. Mar\u00eda Garc\u00eda-Parajo and two scientists from the Nijmegen Center for Molecular Life Sciences (NCMLS), in the Netherlands.","og_url":"https:\/\/ibecbarcelona.eu\/investigadors-de-libec-en-portada-de-small\/","og_site_name":"Institute for Bioengineering of Catalonia","article_published_time":"2009-06-17T02:00:00+00:00","article_modified_time":"2014-12-04T09:48:53+00:00","author":"\u00c0ngels L\u00f3pez","twitter_card":"summary_large_image","twitter_misc":{"Escrito por":"\u00c0ngels L\u00f3pez","Tiempo de lectura":"2 minutos"},"schema":{"@context":"https:\/\/schema.org","@graph":[{"@type":"Article","@id":"https:\/\/ibecbarcelona.eu\/investigadors-de-libec-en-portada-de-small\/#article","isPartOf":{"@id":"https:\/\/ibecbarcelona.eu\/investigadors-de-libec-en-portada-de-small\/"},"author":{"name":"\u00c0ngels L\u00f3pez","@id":"https:\/\/ibecbarcelona.eu\/#\/schema\/person\/c212c6b589546130be67986b9290e2b8"},"headline":"SMALL cover for researchers","datePublished":"2009-06-17T02:00:00+00:00","dateModified":"2014-12-04T09:48:53+00:00","mainEntityOfPage":{"@id":"https:\/\/ibecbarcelona.eu\/investigadors-de-libec-en-portada-de-small\/"},"wordCount":395,"publisher":{"@id":"https:\/\/ibecbarcelona.eu\/#organization"},"articleSection":["Institutional news"],"inLanguage":"es"},{"@type":"WebPage","@id":"https:\/\/ibecbarcelona.eu\/investigadors-de-libec-en-portada-de-small\/","url":"https:\/\/ibecbarcelona.eu\/investigadors-de-libec-en-portada-de-small\/","name":"SMALL cover for researchers - Institute for Bioengineering of Catalonia","isPartOf":{"@id":"https:\/\/ibecbarcelona.eu\/#website"},"datePublished":"2009-06-17T02:00:00+00:00","dateModified":"2014-12-04T09:48:53+00:00","breadcrumb":{"@id":"https:\/\/ibecbarcelona.eu\/investigadors-de-libec-en-portada-de-small\/#breadcrumb"},"inLanguage":"es","potentialAction":[{"@type":"ReadAction","target":["https:\/\/ibecbarcelona.eu\/investigadors-de-libec-en-portada-de-small\/"]}]},{"@type":"BreadcrumbList","@id":"https:\/\/ibecbarcelona.eu\/investigadors-de-libec-en-portada-de-small\/#breadcrumb","itemListElement":[{"@type":"ListItem","position":1,"name":"Home","item":"https:\/\/ibecbarcelona.eu\/es\/"},{"@type":"ListItem","position":2,"name":"SMALL cover for researchers"}]},{"@type":"WebSite","@id":"https:\/\/ibecbarcelona.eu\/#website","url":"https:\/\/ibecbarcelona.eu\/","name":"Institute for Bioengineering of Catalonia","description":"Bioengineering solutions for health","publisher":{"@id":"https:\/\/ibecbarcelona.eu\/#organization"},"potentialAction":[{"@type":"SearchAction","target":{"@type":"EntryPoint","urlTemplate":"https:\/\/ibecbarcelona.eu\/?s={search_term_string}"},"query-input":{"@type":"PropertyValueSpecification","valueRequired":true,"valueName":"search_term_string"}}],"inLanguage":"es"},{"@type":"Organization","@id":"https:\/\/ibecbarcelona.eu\/#organization","name":"Institute for Bioengineering of Catalonia","url":"https:\/\/ibecbarcelona.eu\/","logo":{"@type":"ImageObject","inLanguage":"es","@id":"https:\/\/ibecbarcelona.eu\/#\/schema\/logo\/image\/","url":"https:\/\/ibecbarcelona.eu\/wp-content\/uploads\/2026\/01\/cropped-IBEC_20ANYS_GRIS.png","contentUrl":"https:\/\/ibecbarcelona.eu\/wp-content\/uploads\/2026\/01\/cropped-IBEC_20ANYS_GRIS.png","width":696,"height":257,"caption":"Institute for Bioengineering of Catalonia"},"image":{"@id":"https:\/\/ibecbarcelona.eu\/#\/schema\/logo\/image\/"}},{"@type":"Person","@id":"https:\/\/ibecbarcelona.eu\/#\/schema\/person\/c212c6b589546130be67986b9290e2b8","name":"\u00c0ngels L\u00f3pez","image":{"@type":"ImageObject","inLanguage":"es","@id":"https:\/\/secure.gravatar.com\/avatar\/09ad6ba116bea0b15c5511860f83b302579fd7404c1180e9dae55c3f11d988c6?s=96&d=mm&r=g","url":"https:\/\/secure.gravatar.com\/avatar\/09ad6ba116bea0b15c5511860f83b302579fd7404c1180e9dae55c3f11d988c6?s=96&d=mm&r=g","contentUrl":"https:\/\/secure.gravatar.com\/avatar\/09ad6ba116bea0b15c5511860f83b302579fd7404c1180e9dae55c3f11d988c6?s=96&d=mm&r=g","caption":"\u00c0ngels L\u00f3pez"},"url":"https:\/\/ibecbarcelona.eu\/es\/author\/alopez\/"}]}},"AFP_featured_media_urls":{"full":false,"thumbnail":false,"medium":false,"medium_large":false,"large":false},"AFP_attachments":[],"AFP_videos":[],"AFP_video_blocks":"","AFP_category_names":["Institutional news"],"_links":{"self":[{"href":"https:\/\/ibecbarcelona.eu\/es\/wp-json\/wp\/v2\/posts\/5090","targetHints":{"allow":["GET"]}}],"collection":[{"href":"https:\/\/ibecbarcelona.eu\/es\/wp-json\/wp\/v2\/posts"}],"about":[{"href":"https:\/\/ibecbarcelona.eu\/es\/wp-json\/wp\/v2\/types\/post"}],"author":[{"embeddable":true,"href":"https:\/\/ibecbarcelona.eu\/es\/wp-json\/wp\/v2\/users\/4"}],"replies":[{"embeddable":true,"href":"https:\/\/ibecbarcelona.eu\/es\/wp-json\/wp\/v2\/comments?post=5090"}],"version-history":[{"count":0,"href":"https:\/\/ibecbarcelona.eu\/es\/wp-json\/wp\/v2\/posts\/5090\/revisions"}],"wp:attachment":[{"href":"https:\/\/ibecbarcelona.eu\/es\/wp-json\/wp\/v2\/media?parent=5090"}],"wp:term":[{"taxonomy":"category","embeddable":true,"href":"https:\/\/ibecbarcelona.eu\/es\/wp-json\/wp\/v2\/categories?post=5090"},{"taxonomy":"post_tag","embeddable":true,"href":"https:\/\/ibecbarcelona.eu\/es\/wp-json\/wp\/v2\/tags?post=5090"},{"taxonomy":"post_format","embeddable":true,"href":"https:\/\/ibecbarcelona.eu\/es\/wp-json\/wp\/v2\/post_formats?post=5090"}],"curies":[{"name":"wp","href":"https:\/\/api.w.org\/{rel}","templated":true}]}}