
{"id":5221,"date":"2010-01-27T13:50:10","date_gmt":"2010-01-27T13:50:10","guid":{"rendered":"http:\/\/ibecbarcelona.eu\/new\/clinical-applications-of-nanotechnologies-in-the-field-of-cancer\/"},"modified":"2014-12-04T09:48:52","modified_gmt":"2014-12-04T09:48:52","slug":"clinical-applications-of-nanotechnologies-in-the-field-of-cancer","status":"publish","type":"post","link":"https:\/\/ibecbarcelona.eu\/es\/clinical-applications-of-nanotechnologies-in-the-field-of-cancer\/","title":{"rendered":"Clinical Applications of Nanotechnologies in the Field of Cancer"},"content":{"rendered":"\n<p>On 28 and 29 January, a seminar entitled Clinical Applications of Nanotechnologies in the Field of Cancer will take place in Montpellier. At this international meeting, researchers, doctors, and industry representatives currently working on different projects throughout this geographical area will come together both to report their latest results and to move forward on new joint initiatives. The seminar is being organized by the Institute for Bioengineering of Catalonia (IBEC), the Canc\u00e9rop\u00f4le GSO (Toulouse, Grand Sud-Ouest), and the Canc\u00e9rop\u00f4le CLARA (Lyon, Rh\u00f4ne Alpes-Auvergne), with the support of InNaBioSant\u00e9.<\/p>\n<p>The application of nanotechnology to the diagnosis and treatment of cancer opens the door to significant breakthroughs in the management of neoplastic disease. The control of biomolecular materials\u00a0 at the nano-scale has made it possible to create miniature devices that can provide much faster and more precise ways of diagnosing and monitoring cancer than those currently available. Nanotechnology will also be used to develop personalized therapies associated with fewer side effects.<\/p>\n<p>Efficient transfer of the power of nanotechnology from the laboratory to clinical applications depends on close collaboration between scientists and the authorities responsible for regulating and approving the use of new medical products and these agencies will also play an active role in the upcoming seminar.<\/p>\n<p>The aim of this event is to foster collaboration between researchers and specialists in the fields of nanotechnology and cancer and to strengthen the links and relationships between researchers working throughout Catalonia, Toulouse-Montpellier-Bordeaux and Grenoble-Lyon.<\/p>\n","protected":false},"excerpt":{"rendered":"<p>Catalonia and the French regions of the Grand Sud-Ouest, the Auvergne, and the Rh\u00f4ne Alpes are well known for their cutting-edge projects in the clinical application of nanotechnology in the diagnosis and treatment of cancer. The clinical and technological researchers in this area have created a collaboration network, and a number of teams are working together on pluridisciplinary projects.<\/p>\n","protected":false},"author":4,"featured_media":0,"comment_status":"closed","ping_status":"closed","sticky":false,"template":"","format":"standard","meta":{"footnotes":""},"categories":[24],"tags":[],"post_formats":[],"class_list":["post-5221","post","type-post","status-publish","format-standard","hentry","category-institutional-news"],"yoast_head":"<!-- This site is optimized with the Yoast SEO plugin v27.5 - https:\/\/yoast.com\/product\/yoast-seo-wordpress\/ -->\n<title>Clinical Applications of Nanotechnologies in the Field of Cancer - Institute for Bioengineering of Catalonia<\/title>\n<meta name=\"robots\" content=\"index, follow, max-snippet:-1, max-image-preview:large, max-video-preview:-1\" \/>\n<link rel=\"canonical\" href=\"https:\/\/ibecbarcelona.eu\/es\/clinical-applications-of-nanotechnologies-in-the-field-of-cancer\/\" \/>\n<meta property=\"og:locale\" content=\"es_ES\" \/>\n<meta property=\"og:type\" content=\"article\" \/>\n<meta property=\"og:title\" content=\"Clinical Applications of Nanotechnologies in the Field of Cancer - Institute for Bioengineering of Catalonia\" \/>\n<meta property=\"og:description\" content=\"Catalonia and the French regions of the Grand Sud-Ouest, the Auvergne, and the Rh\u00f4ne Alpes are well known for their cutting-edge projects in the clinical application of nanotechnology in the diagnosis and treatment of cancer. The clinical and technological researchers in this area have created a collaboration network, and a number of teams are working together on pluridisciplinary projects.\" \/>\n<meta property=\"og:url\" content=\"https:\/\/ibecbarcelona.eu\/es\/clinical-applications-of-nanotechnologies-in-the-field-of-cancer\/\" \/>\n<meta property=\"og:site_name\" content=\"Institute for Bioengineering of Catalonia\" \/>\n<meta property=\"article:published_time\" content=\"2010-01-27T13:50:10+00:00\" \/>\n<meta property=\"article:modified_time\" content=\"2014-12-04T09:48:52+00:00\" \/>\n<meta name=\"author\" content=\"\u00c0ngels L\u00f3pez\" \/>\n<meta name=\"twitter:card\" content=\"summary_large_image\" \/>\n<meta name=\"twitter:label1\" content=\"Escrito por\" \/>\n\t<meta name=\"twitter:data1\" content=\"\u00c0ngels L\u00f3pez\" \/>\n\t<meta name=\"twitter:label2\" content=\"Tiempo de lectura\" \/>\n\t<meta name=\"twitter:data2\" content=\"1 minuto\" \/>\n<script type=\"application\/ld+json\" class=\"yoast-schema-graph\">{\"@context\":\"https:\\\/\\\/schema.org\",\"@graph\":[{\"@type\":\"Article\",\"@id\":\"https:\\\/\\\/ibecbarcelona.eu\\\/es\\\/clinical-applications-of-nanotechnologies-in-the-field-of-cancer\\\/#article\",\"isPartOf\":{\"@id\":\"https:\\\/\\\/ibecbarcelona.eu\\\/es\\\/clinical-applications-of-nanotechnologies-in-the-field-of-cancer\\\/\"},\"author\":{\"name\":\"\u00c0ngels L\u00f3pez\",\"@id\":\"https:\\\/\\\/ibecbarcelona.eu\\\/#\\\/schema\\\/person\\\/c212c6b589546130be67986b9290e2b8\"},\"headline\":\"Clinical Applications of Nanotechnologies in the Field of Cancer\",\"datePublished\":\"2010-01-27T13:50:10+00:00\",\"dateModified\":\"2014-12-04T09:48:52+00:00\",\"mainEntityOfPage\":{\"@id\":\"https:\\\/\\\/ibecbarcelona.eu\\\/es\\\/clinical-applications-of-nanotechnologies-in-the-field-of-cancer\\\/\"},\"wordCount\":252,\"publisher\":{\"@id\":\"https:\\\/\\\/ibecbarcelona.eu\\\/#organization\"},\"articleSection\":[\"Institutional news\"],\"inLanguage\":\"es\"},{\"@type\":\"WebPage\",\"@id\":\"https:\\\/\\\/ibecbarcelona.eu\\\/es\\\/clinical-applications-of-nanotechnologies-in-the-field-of-cancer\\\/\",\"url\":\"https:\\\/\\\/ibecbarcelona.eu\\\/es\\\/clinical-applications-of-nanotechnologies-in-the-field-of-cancer\\\/\",\"name\":\"Clinical Applications of Nanotechnologies in the Field of Cancer - Institute for Bioengineering of Catalonia\",\"isPartOf\":{\"@id\":\"https:\\\/\\\/ibecbarcelona.eu\\\/#website\"},\"datePublished\":\"2010-01-27T13:50:10+00:00\",\"dateModified\":\"2014-12-04T09:48:52+00:00\",\"breadcrumb\":{\"@id\":\"https:\\\/\\\/ibecbarcelona.eu\\\/es\\\/clinical-applications-of-nanotechnologies-in-the-field-of-cancer\\\/#breadcrumb\"},\"inLanguage\":\"es\",\"potentialAction\":[{\"@type\":\"ReadAction\",\"target\":[\"https:\\\/\\\/ibecbarcelona.eu\\\/es\\\/clinical-applications-of-nanotechnologies-in-the-field-of-cancer\\\/\"]}]},{\"@type\":\"BreadcrumbList\",\"@id\":\"https:\\\/\\\/ibecbarcelona.eu\\\/es\\\/clinical-applications-of-nanotechnologies-in-the-field-of-cancer\\\/#breadcrumb\",\"itemListElement\":[{\"@type\":\"ListItem\",\"position\":1,\"name\":\"Home\",\"item\":\"https:\\\/\\\/ibecbarcelona.eu\\\/es\\\/\"},{\"@type\":\"ListItem\",\"position\":2,\"name\":\"Clinical Applications of Nanotechnologies in the Field of Cancer\"}]},{\"@type\":\"WebSite\",\"@id\":\"https:\\\/\\\/ibecbarcelona.eu\\\/#website\",\"url\":\"https:\\\/\\\/ibecbarcelona.eu\\\/\",\"name\":\"Institute for Bioengineering of Catalonia\",\"description\":\"Bioengineering solutions for health\",\"publisher\":{\"@id\":\"https:\\\/\\\/ibecbarcelona.eu\\\/#organization\"},\"potentialAction\":[{\"@type\":\"SearchAction\",\"target\":{\"@type\":\"EntryPoint\",\"urlTemplate\":\"https:\\\/\\\/ibecbarcelona.eu\\\/?s={search_term_string}\"},\"query-input\":{\"@type\":\"PropertyValueSpecification\",\"valueRequired\":true,\"valueName\":\"search_term_string\"}}],\"inLanguage\":\"es\"},{\"@type\":\"Organization\",\"@id\":\"https:\\\/\\\/ibecbarcelona.eu\\\/#organization\",\"name\":\"Institute for Bioengineering of Catalonia\",\"url\":\"https:\\\/\\\/ibecbarcelona.eu\\\/\",\"logo\":{\"@type\":\"ImageObject\",\"inLanguage\":\"es\",\"@id\":\"https:\\\/\\\/ibecbarcelona.eu\\\/#\\\/schema\\\/logo\\\/image\\\/\",\"url\":\"https:\\\/\\\/ibecbarcelona.eu\\\/wp-content\\\/uploads\\\/2026\\\/01\\\/cropped-IBEC_20ANYS_GRIS.png\",\"contentUrl\":\"https:\\\/\\\/ibecbarcelona.eu\\\/wp-content\\\/uploads\\\/2026\\\/01\\\/cropped-IBEC_20ANYS_GRIS.png\",\"width\":696,\"height\":257,\"caption\":\"Institute for Bioengineering of Catalonia\"},\"image\":{\"@id\":\"https:\\\/\\\/ibecbarcelona.eu\\\/#\\\/schema\\\/logo\\\/image\\\/\"}},{\"@type\":\"Person\",\"@id\":\"https:\\\/\\\/ibecbarcelona.eu\\\/#\\\/schema\\\/person\\\/c212c6b589546130be67986b9290e2b8\",\"name\":\"\u00c0ngels L\u00f3pez\",\"image\":{\"@type\":\"ImageObject\",\"inLanguage\":\"es\",\"@id\":\"https:\\\/\\\/secure.gravatar.com\\\/avatar\\\/09ad6ba116bea0b15c5511860f83b302579fd7404c1180e9dae55c3f11d988c6?s=96&d=mm&r=g\",\"url\":\"https:\\\/\\\/secure.gravatar.com\\\/avatar\\\/09ad6ba116bea0b15c5511860f83b302579fd7404c1180e9dae55c3f11d988c6?s=96&d=mm&r=g\",\"contentUrl\":\"https:\\\/\\\/secure.gravatar.com\\\/avatar\\\/09ad6ba116bea0b15c5511860f83b302579fd7404c1180e9dae55c3f11d988c6?s=96&d=mm&r=g\",\"caption\":\"\u00c0ngels L\u00f3pez\"},\"url\":\"https:\\\/\\\/ibecbarcelona.eu\\\/es\\\/author\\\/alopez\\\/\"}]}<\/script>\n<!-- \/ Yoast SEO plugin. -->","yoast_head_json":{"title":"Clinical Applications of Nanotechnologies in the Field of Cancer - Institute for Bioengineering of Catalonia","robots":{"index":"index","follow":"follow","max-snippet":"max-snippet:-1","max-image-preview":"max-image-preview:large","max-video-preview":"max-video-preview:-1"},"canonical":"https:\/\/ibecbarcelona.eu\/es\/clinical-applications-of-nanotechnologies-in-the-field-of-cancer\/","og_locale":"es_ES","og_type":"article","og_title":"Clinical Applications of Nanotechnologies in the Field of Cancer - Institute for Bioengineering of Catalonia","og_description":"Catalonia and the French regions of the Grand Sud-Ouest, the Auvergne, and the Rh\u00f4ne Alpes are well known for their cutting-edge projects in the clinical application of nanotechnology in the diagnosis and treatment of cancer. The clinical and technological researchers in this area have created a collaboration network, and a number of teams are working together on pluridisciplinary projects.","og_url":"https:\/\/ibecbarcelona.eu\/es\/clinical-applications-of-nanotechnologies-in-the-field-of-cancer\/","og_site_name":"Institute for Bioengineering of Catalonia","article_published_time":"2010-01-27T13:50:10+00:00","article_modified_time":"2014-12-04T09:48:52+00:00","author":"\u00c0ngels L\u00f3pez","twitter_card":"summary_large_image","twitter_misc":{"Escrito por":"\u00c0ngels L\u00f3pez","Tiempo de lectura":"1 minuto"},"schema":{"@context":"https:\/\/schema.org","@graph":[{"@type":"Article","@id":"https:\/\/ibecbarcelona.eu\/es\/clinical-applications-of-nanotechnologies-in-the-field-of-cancer\/#article","isPartOf":{"@id":"https:\/\/ibecbarcelona.eu\/es\/clinical-applications-of-nanotechnologies-in-the-field-of-cancer\/"},"author":{"name":"\u00c0ngels L\u00f3pez","@id":"https:\/\/ibecbarcelona.eu\/#\/schema\/person\/c212c6b589546130be67986b9290e2b8"},"headline":"Clinical Applications of Nanotechnologies in the Field of Cancer","datePublished":"2010-01-27T13:50:10+00:00","dateModified":"2014-12-04T09:48:52+00:00","mainEntityOfPage":{"@id":"https:\/\/ibecbarcelona.eu\/es\/clinical-applications-of-nanotechnologies-in-the-field-of-cancer\/"},"wordCount":252,"publisher":{"@id":"https:\/\/ibecbarcelona.eu\/#organization"},"articleSection":["Institutional news"],"inLanguage":"es"},{"@type":"WebPage","@id":"https:\/\/ibecbarcelona.eu\/es\/clinical-applications-of-nanotechnologies-in-the-field-of-cancer\/","url":"https:\/\/ibecbarcelona.eu\/es\/clinical-applications-of-nanotechnologies-in-the-field-of-cancer\/","name":"Clinical Applications of Nanotechnologies in the Field of Cancer - Institute for Bioengineering of Catalonia","isPartOf":{"@id":"https:\/\/ibecbarcelona.eu\/#website"},"datePublished":"2010-01-27T13:50:10+00:00","dateModified":"2014-12-04T09:48:52+00:00","breadcrumb":{"@id":"https:\/\/ibecbarcelona.eu\/es\/clinical-applications-of-nanotechnologies-in-the-field-of-cancer\/#breadcrumb"},"inLanguage":"es","potentialAction":[{"@type":"ReadAction","target":["https:\/\/ibecbarcelona.eu\/es\/clinical-applications-of-nanotechnologies-in-the-field-of-cancer\/"]}]},{"@type":"BreadcrumbList","@id":"https:\/\/ibecbarcelona.eu\/es\/clinical-applications-of-nanotechnologies-in-the-field-of-cancer\/#breadcrumb","itemListElement":[{"@type":"ListItem","position":1,"name":"Home","item":"https:\/\/ibecbarcelona.eu\/es\/"},{"@type":"ListItem","position":2,"name":"Clinical Applications of Nanotechnologies in the Field of Cancer"}]},{"@type":"WebSite","@id":"https:\/\/ibecbarcelona.eu\/#website","url":"https:\/\/ibecbarcelona.eu\/","name":"Institute for Bioengineering of Catalonia","description":"Bioengineering solutions for health","publisher":{"@id":"https:\/\/ibecbarcelona.eu\/#organization"},"potentialAction":[{"@type":"SearchAction","target":{"@type":"EntryPoint","urlTemplate":"https:\/\/ibecbarcelona.eu\/?s={search_term_string}"},"query-input":{"@type":"PropertyValueSpecification","valueRequired":true,"valueName":"search_term_string"}}],"inLanguage":"es"},{"@type":"Organization","@id":"https:\/\/ibecbarcelona.eu\/#organization","name":"Institute for Bioengineering of Catalonia","url":"https:\/\/ibecbarcelona.eu\/","logo":{"@type":"ImageObject","inLanguage":"es","@id":"https:\/\/ibecbarcelona.eu\/#\/schema\/logo\/image\/","url":"https:\/\/ibecbarcelona.eu\/wp-content\/uploads\/2026\/01\/cropped-IBEC_20ANYS_GRIS.png","contentUrl":"https:\/\/ibecbarcelona.eu\/wp-content\/uploads\/2026\/01\/cropped-IBEC_20ANYS_GRIS.png","width":696,"height":257,"caption":"Institute for Bioengineering of Catalonia"},"image":{"@id":"https:\/\/ibecbarcelona.eu\/#\/schema\/logo\/image\/"}},{"@type":"Person","@id":"https:\/\/ibecbarcelona.eu\/#\/schema\/person\/c212c6b589546130be67986b9290e2b8","name":"\u00c0ngels L\u00f3pez","image":{"@type":"ImageObject","inLanguage":"es","@id":"https:\/\/secure.gravatar.com\/avatar\/09ad6ba116bea0b15c5511860f83b302579fd7404c1180e9dae55c3f11d988c6?s=96&d=mm&r=g","url":"https:\/\/secure.gravatar.com\/avatar\/09ad6ba116bea0b15c5511860f83b302579fd7404c1180e9dae55c3f11d988c6?s=96&d=mm&r=g","contentUrl":"https:\/\/secure.gravatar.com\/avatar\/09ad6ba116bea0b15c5511860f83b302579fd7404c1180e9dae55c3f11d988c6?s=96&d=mm&r=g","caption":"\u00c0ngels L\u00f3pez"},"url":"https:\/\/ibecbarcelona.eu\/es\/author\/alopez\/"}]}},"AFP_featured_media_urls":{"full":false,"thumbnail":false,"medium":false,"medium_large":false,"large":false},"AFP_attachments":[],"AFP_videos":[],"AFP_video_blocks":"","AFP_category_names":["Institutional news"],"_links":{"self":[{"href":"https:\/\/ibecbarcelona.eu\/es\/wp-json\/wp\/v2\/posts\/5221","targetHints":{"allow":["GET"]}}],"collection":[{"href":"https:\/\/ibecbarcelona.eu\/es\/wp-json\/wp\/v2\/posts"}],"about":[{"href":"https:\/\/ibecbarcelona.eu\/es\/wp-json\/wp\/v2\/types\/post"}],"author":[{"embeddable":true,"href":"https:\/\/ibecbarcelona.eu\/es\/wp-json\/wp\/v2\/users\/4"}],"replies":[{"embeddable":true,"href":"https:\/\/ibecbarcelona.eu\/es\/wp-json\/wp\/v2\/comments?post=5221"}],"version-history":[{"count":0,"href":"https:\/\/ibecbarcelona.eu\/es\/wp-json\/wp\/v2\/posts\/5221\/revisions"}],"wp:attachment":[{"href":"https:\/\/ibecbarcelona.eu\/es\/wp-json\/wp\/v2\/media?parent=5221"}],"wp:term":[{"taxonomy":"category","embeddable":true,"href":"https:\/\/ibecbarcelona.eu\/es\/wp-json\/wp\/v2\/categories?post=5221"},{"taxonomy":"post_tag","embeddable":true,"href":"https:\/\/ibecbarcelona.eu\/es\/wp-json\/wp\/v2\/tags?post=5221"},{"taxonomy":"post_format","embeddable":true,"href":"https:\/\/ibecbarcelona.eu\/es\/wp-json\/wp\/v2\/post_formats?post=5221"}],"curies":[{"name":"wp","href":"https:\/\/api.w.org\/{rel}","templated":true}]}}