
{"id":5289,"date":"2009-11-24T01:00:00","date_gmt":"2009-11-24T01:00:00","guid":{"rendered":"http:\/\/ibecbarcelona.eu\/new\/qla-proteina-prionica-neuronal-equilibra-el-sncq\/"},"modified":"2014-12-03T16:54:45","modified_gmt":"2014-12-03T16:54:45","slug":"qla-proteina-prionica-neuronal-equilibra-el-sncq","status":"publish","type":"post","link":"https:\/\/ibecbarcelona.eu\/es\/qla-proteina-prionica-neuronal-equilibra-el-sncq\/","title":{"rendered":"Diario M\u00e9dico: \u00abLa prote\u00edna pri\u00f3nica neuronal equilibra el SNC\u00bb"},"content":{"rendered":"\n<p>This discovery was carried out by researchers  of the IBEC and the University of Barcelona, led by Jos\u00e9 Antonio del  R\u00edo, with the collaboration of researchers at Pablo de Olavide  University and the National Institute for Food and Agriculture  Technology Research.<\/p>\n<p><a href=\"https:\/\/ibecbarcelona.eu\/wp-content\/uploads\/2009\/11\/20091124_prion_diamed.pdf\" target=\"_blank\">Article pdf<\/a><\/p>\n","protected":false},"excerpt":{"rendered":"<p><img decoding=\"async\" class=\"left size-full wp-image-4907\" src=\"https:\/\/ibecbarcelona.eu\/wp-content\/uploads\/2007\/09\/mitjans icon.jpg\" border=\"0\" width=\"100\" height=\"101\" \/>The discovery  of a new function of the cellular prion protein (PrPc) improves the  understanding of epilepsy.<\/p>\n","protected":false},"author":4,"featured_media":4907,"comment_status":"closed","ping_status":"closed","sticky":false,"template":"","format":"standard","meta":{"footnotes":""},"categories":[23],"tags":[],"post_formats":[],"class_list":["post-5289","post","type-post","status-publish","format-standard","has-post-thumbnail","hentry","category-ibec-in-the-media"],"yoast_head":"<!-- This site is optimized with the Yoast SEO plugin v27.5 - https:\/\/yoast.com\/product\/yoast-seo-wordpress\/ -->\n<title>Diario M\u00e9dico: &quot;La prote\u00edna pri\u00f3nica neuronal equilibra el SNC&quot; - Institute for Bioengineering of Catalonia<\/title>\n<meta name=\"robots\" content=\"index, follow, max-snippet:-1, max-image-preview:large, max-video-preview:-1\" \/>\n<link rel=\"canonical\" href=\"https:\/\/ibecbarcelona.eu\/qla-proteina-prionica-neuronal-equilibra-el-sncq\/\" \/>\n<meta property=\"og:locale\" content=\"es_ES\" \/>\n<meta property=\"og:type\" content=\"article\" \/>\n<meta property=\"og:title\" content=\"Diario M\u00e9dico: &quot;La prote\u00edna pri\u00f3nica neuronal equilibra el SNC&quot; - Institute for Bioengineering of Catalonia\" \/>\n<meta property=\"og:description\" content=\"The discovery of a new function of the cellular prion protein (PrPc) improves the understanding of epilepsy.\" \/>\n<meta property=\"og:url\" content=\"https:\/\/ibecbarcelona.eu\/qla-proteina-prionica-neuronal-equilibra-el-sncq\/\" \/>\n<meta property=\"og:site_name\" content=\"Institute for Bioengineering of Catalonia\" \/>\n<meta property=\"article:published_time\" content=\"2009-11-24T01:00:00+00:00\" \/>\n<meta property=\"article:modified_time\" content=\"2014-12-03T16:54:45+00:00\" \/>\n<meta property=\"og:image\" content=\"https:\/\/ibecbarcelona.eu\/wp-content\/uploads\/2007\/09\/mitjans%20icon.jpg\" \/>\n\t<meta property=\"og:image:width\" content=\"100\" \/>\n\t<meta property=\"og:image:height\" content=\"101\" \/>\n\t<meta property=\"og:image:type\" content=\"image\/jpeg\" \/>\n<meta name=\"author\" content=\"\u00c0ngels L\u00f3pez\" \/>\n<meta name=\"twitter:card\" content=\"summary_large_image\" \/>\n<meta name=\"twitter:label1\" content=\"Escrito por\" \/>\n\t<meta name=\"twitter:data1\" content=\"\u00c0ngels L\u00f3pez\" \/>\n<script type=\"application\/ld+json\" class=\"yoast-schema-graph\">{\"@context\":\"https:\\\/\\\/schema.org\",\"@graph\":[{\"@type\":\"Article\",\"@id\":\"https:\\\/\\\/ibecbarcelona.eu\\\/qla-proteina-prionica-neuronal-equilibra-el-sncq\\\/#article\",\"isPartOf\":{\"@id\":\"https:\\\/\\\/ibecbarcelona.eu\\\/qla-proteina-prionica-neuronal-equilibra-el-sncq\\\/\"},\"author\":{\"name\":\"\u00c0ngels L\u00f3pez\",\"@id\":\"https:\\\/\\\/ibecbarcelona.eu\\\/#\\\/schema\\\/person\\\/c212c6b589546130be67986b9290e2b8\"},\"headline\":\"Diario M\u00e9dico: \u00abLa prote\u00edna pri\u00f3nica neuronal equilibra el SNC\u00bb\",\"datePublished\":\"2009-11-24T01:00:00+00:00\",\"dateModified\":\"2014-12-03T16:54:45+00:00\",\"mainEntityOfPage\":{\"@id\":\"https:\\\/\\\/ibecbarcelona.eu\\\/qla-proteina-prionica-neuronal-equilibra-el-sncq\\\/\"},\"wordCount\":56,\"publisher\":{\"@id\":\"https:\\\/\\\/ibecbarcelona.eu\\\/#organization\"},\"image\":{\"@id\":\"https:\\\/\\\/ibecbarcelona.eu\\\/qla-proteina-prionica-neuronal-equilibra-el-sncq\\\/#primaryimage\"},\"thumbnailUrl\":\"https:\\\/\\\/ibecbarcelona.eu\\\/wp-content\\\/uploads\\\/2007\\\/09\\\/mitjans icon.jpg\",\"articleSection\":[\"IBEC in the Media\"],\"inLanguage\":\"es\"},{\"@type\":\"WebPage\",\"@id\":\"https:\\\/\\\/ibecbarcelona.eu\\\/qla-proteina-prionica-neuronal-equilibra-el-sncq\\\/\",\"url\":\"https:\\\/\\\/ibecbarcelona.eu\\\/qla-proteina-prionica-neuronal-equilibra-el-sncq\\\/\",\"name\":\"Diario M\u00e9dico: \\\"La prote\u00edna pri\u00f3nica neuronal equilibra el SNC\\\" - Institute for Bioengineering of Catalonia\",\"isPartOf\":{\"@id\":\"https:\\\/\\\/ibecbarcelona.eu\\\/#website\"},\"primaryImageOfPage\":{\"@id\":\"https:\\\/\\\/ibecbarcelona.eu\\\/qla-proteina-prionica-neuronal-equilibra-el-sncq\\\/#primaryimage\"},\"image\":{\"@id\":\"https:\\\/\\\/ibecbarcelona.eu\\\/qla-proteina-prionica-neuronal-equilibra-el-sncq\\\/#primaryimage\"},\"thumbnailUrl\":\"https:\\\/\\\/ibecbarcelona.eu\\\/wp-content\\\/uploads\\\/2007\\\/09\\\/mitjans icon.jpg\",\"datePublished\":\"2009-11-24T01:00:00+00:00\",\"dateModified\":\"2014-12-03T16:54:45+00:00\",\"breadcrumb\":{\"@id\":\"https:\\\/\\\/ibecbarcelona.eu\\\/qla-proteina-prionica-neuronal-equilibra-el-sncq\\\/#breadcrumb\"},\"inLanguage\":\"es\",\"potentialAction\":[{\"@type\":\"ReadAction\",\"target\":[\"https:\\\/\\\/ibecbarcelona.eu\\\/qla-proteina-prionica-neuronal-equilibra-el-sncq\\\/\"]}]},{\"@type\":\"ImageObject\",\"inLanguage\":\"es\",\"@id\":\"https:\\\/\\\/ibecbarcelona.eu\\\/qla-proteina-prionica-neuronal-equilibra-el-sncq\\\/#primaryimage\",\"url\":\"https:\\\/\\\/ibecbarcelona.eu\\\/wp-content\\\/uploads\\\/2007\\\/09\\\/mitjans icon.jpg\",\"contentUrl\":\"https:\\\/\\\/ibecbarcelona.eu\\\/wp-content\\\/uploads\\\/2007\\\/09\\\/mitjans icon.jpg\",\"width\":100,\"height\":101},{\"@type\":\"BreadcrumbList\",\"@id\":\"https:\\\/\\\/ibecbarcelona.eu\\\/qla-proteina-prionica-neuronal-equilibra-el-sncq\\\/#breadcrumb\",\"itemListElement\":[{\"@type\":\"ListItem\",\"position\":1,\"name\":\"Home\",\"item\":\"https:\\\/\\\/ibecbarcelona.eu\\\/es\\\/\"},{\"@type\":\"ListItem\",\"position\":2,\"name\":\"Diario M\u00e9dico: &#8220;La prote\u00edna pri\u00f3nica neuronal equilibra el SNC&#8221;\"}]},{\"@type\":\"WebSite\",\"@id\":\"https:\\\/\\\/ibecbarcelona.eu\\\/#website\",\"url\":\"https:\\\/\\\/ibecbarcelona.eu\\\/\",\"name\":\"Institute for Bioengineering of Catalonia\",\"description\":\"Bioengineering solutions for health\",\"publisher\":{\"@id\":\"https:\\\/\\\/ibecbarcelona.eu\\\/#organization\"},\"potentialAction\":[{\"@type\":\"SearchAction\",\"target\":{\"@type\":\"EntryPoint\",\"urlTemplate\":\"https:\\\/\\\/ibecbarcelona.eu\\\/?s={search_term_string}\"},\"query-input\":{\"@type\":\"PropertyValueSpecification\",\"valueRequired\":true,\"valueName\":\"search_term_string\"}}],\"inLanguage\":\"es\"},{\"@type\":\"Organization\",\"@id\":\"https:\\\/\\\/ibecbarcelona.eu\\\/#organization\",\"name\":\"Institute for Bioengineering of Catalonia\",\"url\":\"https:\\\/\\\/ibecbarcelona.eu\\\/\",\"logo\":{\"@type\":\"ImageObject\",\"inLanguage\":\"es\",\"@id\":\"https:\\\/\\\/ibecbarcelona.eu\\\/#\\\/schema\\\/logo\\\/image\\\/\",\"url\":\"https:\\\/\\\/ibecbarcelona.eu\\\/wp-content\\\/uploads\\\/2026\\\/01\\\/cropped-IBEC_20ANYS_GRIS.png\",\"contentUrl\":\"https:\\\/\\\/ibecbarcelona.eu\\\/wp-content\\\/uploads\\\/2026\\\/01\\\/cropped-IBEC_20ANYS_GRIS.png\",\"width\":696,\"height\":257,\"caption\":\"Institute for Bioengineering of Catalonia\"},\"image\":{\"@id\":\"https:\\\/\\\/ibecbarcelona.eu\\\/#\\\/schema\\\/logo\\\/image\\\/\"}},{\"@type\":\"Person\",\"@id\":\"https:\\\/\\\/ibecbarcelona.eu\\\/#\\\/schema\\\/person\\\/c212c6b589546130be67986b9290e2b8\",\"name\":\"\u00c0ngels L\u00f3pez\",\"image\":{\"@type\":\"ImageObject\",\"inLanguage\":\"es\",\"@id\":\"https:\\\/\\\/secure.gravatar.com\\\/avatar\\\/09ad6ba116bea0b15c5511860f83b302579fd7404c1180e9dae55c3f11d988c6?s=96&d=mm&r=g\",\"url\":\"https:\\\/\\\/secure.gravatar.com\\\/avatar\\\/09ad6ba116bea0b15c5511860f83b302579fd7404c1180e9dae55c3f11d988c6?s=96&d=mm&r=g\",\"contentUrl\":\"https:\\\/\\\/secure.gravatar.com\\\/avatar\\\/09ad6ba116bea0b15c5511860f83b302579fd7404c1180e9dae55c3f11d988c6?s=96&d=mm&r=g\",\"caption\":\"\u00c0ngels L\u00f3pez\"},\"url\":\"https:\\\/\\\/ibecbarcelona.eu\\\/es\\\/author\\\/alopez\\\/\"}]}<\/script>\n<!-- \/ Yoast SEO plugin. -->","yoast_head_json":{"title":"Diario M\u00e9dico: \"La prote\u00edna pri\u00f3nica neuronal equilibra el SNC\" - Institute for Bioengineering of Catalonia","robots":{"index":"index","follow":"follow","max-snippet":"max-snippet:-1","max-image-preview":"max-image-preview:large","max-video-preview":"max-video-preview:-1"},"canonical":"https:\/\/ibecbarcelona.eu\/qla-proteina-prionica-neuronal-equilibra-el-sncq\/","og_locale":"es_ES","og_type":"article","og_title":"Diario M\u00e9dico: \"La prote\u00edna pri\u00f3nica neuronal equilibra el SNC\" - Institute for Bioengineering of Catalonia","og_description":"The discovery of a new function of the cellular prion protein (PrPc) improves the understanding of epilepsy.","og_url":"https:\/\/ibecbarcelona.eu\/qla-proteina-prionica-neuronal-equilibra-el-sncq\/","og_site_name":"Institute for Bioengineering of Catalonia","article_published_time":"2009-11-24T01:00:00+00:00","article_modified_time":"2014-12-03T16:54:45+00:00","og_image":[{"width":100,"height":101,"url":"https:\/\/ibecbarcelona.eu\/wp-content\/uploads\/2007\/09\/mitjans icon.jpg","type":"image\/jpeg"}],"author":"\u00c0ngels L\u00f3pez","twitter_card":"summary_large_image","twitter_misc":{"Escrito por":"\u00c0ngels L\u00f3pez"},"schema":{"@context":"https:\/\/schema.org","@graph":[{"@type":"Article","@id":"https:\/\/ibecbarcelona.eu\/qla-proteina-prionica-neuronal-equilibra-el-sncq\/#article","isPartOf":{"@id":"https:\/\/ibecbarcelona.eu\/qla-proteina-prionica-neuronal-equilibra-el-sncq\/"},"author":{"name":"\u00c0ngels L\u00f3pez","@id":"https:\/\/ibecbarcelona.eu\/#\/schema\/person\/c212c6b589546130be67986b9290e2b8"},"headline":"Diario M\u00e9dico: \u00abLa prote\u00edna pri\u00f3nica neuronal equilibra el SNC\u00bb","datePublished":"2009-11-24T01:00:00+00:00","dateModified":"2014-12-03T16:54:45+00:00","mainEntityOfPage":{"@id":"https:\/\/ibecbarcelona.eu\/qla-proteina-prionica-neuronal-equilibra-el-sncq\/"},"wordCount":56,"publisher":{"@id":"https:\/\/ibecbarcelona.eu\/#organization"},"image":{"@id":"https:\/\/ibecbarcelona.eu\/qla-proteina-prionica-neuronal-equilibra-el-sncq\/#primaryimage"},"thumbnailUrl":"https:\/\/ibecbarcelona.eu\/wp-content\/uploads\/2007\/09\/mitjans icon.jpg","articleSection":["IBEC in the Media"],"inLanguage":"es"},{"@type":"WebPage","@id":"https:\/\/ibecbarcelona.eu\/qla-proteina-prionica-neuronal-equilibra-el-sncq\/","url":"https:\/\/ibecbarcelona.eu\/qla-proteina-prionica-neuronal-equilibra-el-sncq\/","name":"Diario M\u00e9dico: \"La prote\u00edna pri\u00f3nica neuronal equilibra el SNC\" - Institute for Bioengineering of Catalonia","isPartOf":{"@id":"https:\/\/ibecbarcelona.eu\/#website"},"primaryImageOfPage":{"@id":"https:\/\/ibecbarcelona.eu\/qla-proteina-prionica-neuronal-equilibra-el-sncq\/#primaryimage"},"image":{"@id":"https:\/\/ibecbarcelona.eu\/qla-proteina-prionica-neuronal-equilibra-el-sncq\/#primaryimage"},"thumbnailUrl":"https:\/\/ibecbarcelona.eu\/wp-content\/uploads\/2007\/09\/mitjans icon.jpg","datePublished":"2009-11-24T01:00:00+00:00","dateModified":"2014-12-03T16:54:45+00:00","breadcrumb":{"@id":"https:\/\/ibecbarcelona.eu\/qla-proteina-prionica-neuronal-equilibra-el-sncq\/#breadcrumb"},"inLanguage":"es","potentialAction":[{"@type":"ReadAction","target":["https:\/\/ibecbarcelona.eu\/qla-proteina-prionica-neuronal-equilibra-el-sncq\/"]}]},{"@type":"ImageObject","inLanguage":"es","@id":"https:\/\/ibecbarcelona.eu\/qla-proteina-prionica-neuronal-equilibra-el-sncq\/#primaryimage","url":"https:\/\/ibecbarcelona.eu\/wp-content\/uploads\/2007\/09\/mitjans icon.jpg","contentUrl":"https:\/\/ibecbarcelona.eu\/wp-content\/uploads\/2007\/09\/mitjans icon.jpg","width":100,"height":101},{"@type":"BreadcrumbList","@id":"https:\/\/ibecbarcelona.eu\/qla-proteina-prionica-neuronal-equilibra-el-sncq\/#breadcrumb","itemListElement":[{"@type":"ListItem","position":1,"name":"Home","item":"https:\/\/ibecbarcelona.eu\/es\/"},{"@type":"ListItem","position":2,"name":"Diario M\u00e9dico: &#8220;La prote\u00edna pri\u00f3nica neuronal equilibra el SNC&#8221;"}]},{"@type":"WebSite","@id":"https:\/\/ibecbarcelona.eu\/#website","url":"https:\/\/ibecbarcelona.eu\/","name":"Institute for Bioengineering of Catalonia","description":"Bioengineering solutions for health","publisher":{"@id":"https:\/\/ibecbarcelona.eu\/#organization"},"potentialAction":[{"@type":"SearchAction","target":{"@type":"EntryPoint","urlTemplate":"https:\/\/ibecbarcelona.eu\/?s={search_term_string}"},"query-input":{"@type":"PropertyValueSpecification","valueRequired":true,"valueName":"search_term_string"}}],"inLanguage":"es"},{"@type":"Organization","@id":"https:\/\/ibecbarcelona.eu\/#organization","name":"Institute for Bioengineering of Catalonia","url":"https:\/\/ibecbarcelona.eu\/","logo":{"@type":"ImageObject","inLanguage":"es","@id":"https:\/\/ibecbarcelona.eu\/#\/schema\/logo\/image\/","url":"https:\/\/ibecbarcelona.eu\/wp-content\/uploads\/2026\/01\/cropped-IBEC_20ANYS_GRIS.png","contentUrl":"https:\/\/ibecbarcelona.eu\/wp-content\/uploads\/2026\/01\/cropped-IBEC_20ANYS_GRIS.png","width":696,"height":257,"caption":"Institute for Bioengineering of Catalonia"},"image":{"@id":"https:\/\/ibecbarcelona.eu\/#\/schema\/logo\/image\/"}},{"@type":"Person","@id":"https:\/\/ibecbarcelona.eu\/#\/schema\/person\/c212c6b589546130be67986b9290e2b8","name":"\u00c0ngels L\u00f3pez","image":{"@type":"ImageObject","inLanguage":"es","@id":"https:\/\/secure.gravatar.com\/avatar\/09ad6ba116bea0b15c5511860f83b302579fd7404c1180e9dae55c3f11d988c6?s=96&d=mm&r=g","url":"https:\/\/secure.gravatar.com\/avatar\/09ad6ba116bea0b15c5511860f83b302579fd7404c1180e9dae55c3f11d988c6?s=96&d=mm&r=g","contentUrl":"https:\/\/secure.gravatar.com\/avatar\/09ad6ba116bea0b15c5511860f83b302579fd7404c1180e9dae55c3f11d988c6?s=96&d=mm&r=g","caption":"\u00c0ngels L\u00f3pez"},"url":"https:\/\/ibecbarcelona.eu\/es\/author\/alopez\/"}]}},"AFP_featured_media_urls":{"full":["https:\/\/ibecbarcelona.eu\/wp-content\/uploads\/2007\/09\/mitjans icon.jpg",100,101,false],"thumbnail":["https:\/\/ibecbarcelona.eu\/wp-content\/uploads\/2007\/09\/mitjans icon.jpg",100,101,false],"medium":["https:\/\/ibecbarcelona.eu\/wp-content\/uploads\/2007\/09\/mitjans icon.jpg",100,101,false],"medium_large":["https:\/\/ibecbarcelona.eu\/wp-content\/uploads\/2007\/09\/mitjans icon.jpg",100,101,false],"large":["https:\/\/ibecbarcelona.eu\/wp-content\/uploads\/2007\/09\/mitjans icon.jpg",100,101,false]},"AFP_attachments":[],"AFP_videos":[],"AFP_video_blocks":"","AFP_category_names":["IBEC in the Media"],"_links":{"self":[{"href":"https:\/\/ibecbarcelona.eu\/es\/wp-json\/wp\/v2\/posts\/5289","targetHints":{"allow":["GET"]}}],"collection":[{"href":"https:\/\/ibecbarcelona.eu\/es\/wp-json\/wp\/v2\/posts"}],"about":[{"href":"https:\/\/ibecbarcelona.eu\/es\/wp-json\/wp\/v2\/types\/post"}],"author":[{"embeddable":true,"href":"https:\/\/ibecbarcelona.eu\/es\/wp-json\/wp\/v2\/users\/4"}],"replies":[{"embeddable":true,"href":"https:\/\/ibecbarcelona.eu\/es\/wp-json\/wp\/v2\/comments?post=5289"}],"version-history":[{"count":0,"href":"https:\/\/ibecbarcelona.eu\/es\/wp-json\/wp\/v2\/posts\/5289\/revisions"}],"wp:featuredmedia":[{"embeddable":true,"href":"https:\/\/ibecbarcelona.eu\/es\/wp-json\/wp\/v2\/media\/4907"}],"wp:attachment":[{"href":"https:\/\/ibecbarcelona.eu\/es\/wp-json\/wp\/v2\/media?parent=5289"}],"wp:term":[{"taxonomy":"category","embeddable":true,"href":"https:\/\/ibecbarcelona.eu\/es\/wp-json\/wp\/v2\/categories?post=5289"},{"taxonomy":"post_tag","embeddable":true,"href":"https:\/\/ibecbarcelona.eu\/es\/wp-json\/wp\/v2\/tags?post=5289"},{"taxonomy":"post_format","embeddable":true,"href":"https:\/\/ibecbarcelona.eu\/es\/wp-json\/wp\/v2\/post_formats?post=5289"}],"curies":[{"name":"wp","href":"https:\/\/api.w.org\/{rel}","templated":true}]}}