
{"id":5356,"date":"2010-10-01T14:25:51","date_gmt":"2010-10-01T14:25:51","guid":{"rendered":"http:\/\/ibecbarcelona.eu\/new\/ibec-lends-nanotech-expertise-to-national-exhibition\/"},"modified":"2014-12-04T09:48:50","modified_gmt":"2014-12-04T09:48:50","slug":"ibec-lends-nanotech-expertise-to-national-exhibition","status":"publish","type":"post","link":"https:\/\/ibecbarcelona.eu\/es\/ibec-lends-nanotech-expertise-to-national-exhibition\/","title":{"rendered":"IBEC lends nanotech expertise to national exhibition"},"content":{"rendered":"\n<p><span style=\"font-family: Tahoma, Helvetica, Arial, sans-serif; font-size: 12px;\">The exhibition, which is currently located at the CosmoCaixa science museum in Barcelona but which will soon embark on a tour of Spain, was presented yesterday to the press and VIPS from the Fundaci\u00f3 \u201cla Caixa\u201d, which conceived and created it.<\/span><\/p>\n<p>Under the watchful gaze of a wall of artificial intelligence \u2018eyes\u2019 which recognise faces and literally follow you around the room, Josep took the guests on a guided tour of the interactive exhibits, which aim to introduce nano- and biotechnology, cognitive science, and information and communication technology (ICT) to the general public. Some school parties were also in on the action during the event, making music on the \u2018Reactable\u2019, controlling robots and playing tug-of-war with their brain waves as Fundaci\u00f3 \u201cla Caixa\u201d DG Elisa Dur\u00e1n officially inaugurated the exhibition.<\/p>\n<p>The venture has already been so successful that the foundation has decided to continue their collaboration with Josep and spend next year creating a larger, more permanent exhibition on nanotechnology which will be housed within the CosmoCaixa museum.<\/p>\n<p>To see some videos of the exhibition, visit\u00a0<a href=\"http:\/\/premsa.lacaixa.es\/obrasocial\/expocaixa-tecnorevolucion-cat__816-c-13098__.html\">http:\/\/premsa.lacaixa.es\/obrasocial\/expocaixa-tecnorevolucion-cat__816-c-13098__.html<\/a><\/p>\n","protected":false},"excerpt":{"rendered":"<p><a href=\"http:\/\/premsa.lacaixa.es\/obrasocial\/expocaixa-tecnorevolucion-cat__816-c-13098__.html\"><img decoding=\"async\" class=\"size-full wp-image-5353 lazyload\" data-src=\"https:\/\/ibecbarcelona.eu\/wp-content\/uploads\/2010\/10\/montage.jpg\" border=\"0\" hspace=\"0\" vspace=\"0\" width=\"591\" height=\"229\" data-srcset=\"https:\/\/ibecbarcelona.eu\/wp-content\/uploads\/2010\/10\/montage.jpg 591w, https:\/\/ibecbarcelona.eu\/wp-content\/uploads\/2010\/10\/montage-300x116.jpg 300w, https:\/\/ibecbarcelona.eu\/wp-content\/uploads\/2010\/10\/montage-250x96.jpg 250w, https:\/\/ibecbarcelona.eu\/wp-content\/uploads\/2010\/10\/montage-150x58.jpg 150w\" data-sizes=\"(max-width: 591px) 100vw, 591px\" src=\"data:image\/svg+xml;base64,PHN2ZyB3aWR0aD0iMSIgaGVpZ2h0PSIxIiB4bWxucz0iaHR0cDovL3d3dy53My5vcmcvMjAwMC9zdmciPjwvc3ZnPg==\" style=\"--smush-placeholder-width: 591px; --smush-placeholder-aspect-ratio: 591\/229;\" \/><\/a><\/p>\n<p>If you\u2019ve ever wanted to move an object using the power of your mind, predict the spread of a virus and the development of a pandemic, or watch a mini robot travel through the body to deliver a drug, you need look no further than the new Tecnorevoluci\u00f3 exhibition, which has been created with IBEC\u2019s associate director Josep Samitier as scientific adviser.<\/p>\n","protected":false},"author":4,"featured_media":5353,"comment_status":"closed","ping_status":"closed","sticky":false,"template":"","format":"standard","meta":{"footnotes":""},"categories":[24],"tags":[],"post_formats":[],"class_list":["post-5356","post","type-post","status-publish","format-standard","has-post-thumbnail","hentry","category-institutional-news"],"yoast_head":"<!-- This site is optimized with the Yoast SEO plugin v27.5 - https:\/\/yoast.com\/product\/yoast-seo-wordpress\/ -->\n<title>IBEC lends nanotech expertise to national exhibition - Institute for Bioengineering of Catalonia<\/title>\n<meta name=\"robots\" content=\"index, follow, max-snippet:-1, max-image-preview:large, max-video-preview:-1\" \/>\n<link rel=\"canonical\" href=\"https:\/\/ibecbarcelona.eu\/ibec-lends-nanotech-expertise-to-national-exhibition\/\" \/>\n<meta property=\"og:locale\" content=\"es_ES\" \/>\n<meta property=\"og:type\" content=\"article\" \/>\n<meta property=\"og:title\" content=\"IBEC lends nanotech expertise to national exhibition - Institute for Bioengineering of Catalonia\" \/>\n<meta property=\"og:description\" content=\"If you\u2019ve ever wanted to move an object using the power of your mind, predict the spread of a virus and the development of a pandemic, or watch a mini robot travel through the body to deliver a drug, you need look no further than the new Tecnorevoluci\u00f3 exhibition, which has been created with IBEC\u2019s associate director Josep Samitier as scientific adviser.\" \/>\n<meta property=\"og:url\" content=\"https:\/\/ibecbarcelona.eu\/ibec-lends-nanotech-expertise-to-national-exhibition\/\" \/>\n<meta property=\"og:site_name\" content=\"Institute for Bioengineering of Catalonia\" \/>\n<meta property=\"article:published_time\" content=\"2010-10-01T14:25:51+00:00\" \/>\n<meta property=\"article:modified_time\" content=\"2014-12-04T09:48:50+00:00\" \/>\n<meta property=\"og:image\" content=\"https:\/\/ibecbarcelona.eu\/wp-content\/uploads\/2010\/10\/montage.jpg\" \/>\n\t<meta property=\"og:image:width\" content=\"591\" \/>\n\t<meta property=\"og:image:height\" content=\"229\" \/>\n\t<meta property=\"og:image:type\" content=\"image\/jpeg\" \/>\n<meta name=\"author\" content=\"\u00c0ngels L\u00f3pez\" \/>\n<meta name=\"twitter:card\" content=\"summary_large_image\" \/>\n<meta name=\"twitter:label1\" content=\"Escrito por\" \/>\n\t<meta name=\"twitter:data1\" content=\"\u00c0ngels L\u00f3pez\" \/>\n\t<meta name=\"twitter:label2\" content=\"Tiempo de lectura\" \/>\n\t<meta name=\"twitter:data2\" content=\"1 minuto\" \/>\n<script type=\"application\/ld+json\" class=\"yoast-schema-graph\">{\"@context\":\"https:\\\/\\\/schema.org\",\"@graph\":[{\"@type\":\"Article\",\"@id\":\"https:\\\/\\\/ibecbarcelona.eu\\\/ibec-lends-nanotech-expertise-to-national-exhibition\\\/#article\",\"isPartOf\":{\"@id\":\"https:\\\/\\\/ibecbarcelona.eu\\\/ibec-lends-nanotech-expertise-to-national-exhibition\\\/\"},\"author\":{\"name\":\"\u00c0ngels L\u00f3pez\",\"@id\":\"https:\\\/\\\/ibecbarcelona.eu\\\/#\\\/schema\\\/person\\\/c212c6b589546130be67986b9290e2b8\"},\"headline\":\"IBEC lends nanotech expertise to national exhibition\",\"datePublished\":\"2010-10-01T14:25:51+00:00\",\"dateModified\":\"2014-12-04T09:48:50+00:00\",\"mainEntityOfPage\":{\"@id\":\"https:\\\/\\\/ibecbarcelona.eu\\\/ibec-lends-nanotech-expertise-to-national-exhibition\\\/\"},\"wordCount\":192,\"publisher\":{\"@id\":\"https:\\\/\\\/ibecbarcelona.eu\\\/#organization\"},\"image\":{\"@id\":\"https:\\\/\\\/ibecbarcelona.eu\\\/ibec-lends-nanotech-expertise-to-national-exhibition\\\/#primaryimage\"},\"thumbnailUrl\":\"https:\\\/\\\/ibecbarcelona.eu\\\/wp-content\\\/uploads\\\/2010\\\/10\\\/montage.jpg\",\"articleSection\":[\"Institutional news\"],\"inLanguage\":\"es\"},{\"@type\":\"WebPage\",\"@id\":\"https:\\\/\\\/ibecbarcelona.eu\\\/ibec-lends-nanotech-expertise-to-national-exhibition\\\/\",\"url\":\"https:\\\/\\\/ibecbarcelona.eu\\\/ibec-lends-nanotech-expertise-to-national-exhibition\\\/\",\"name\":\"IBEC lends nanotech expertise to national exhibition - Institute for Bioengineering of Catalonia\",\"isPartOf\":{\"@id\":\"https:\\\/\\\/ibecbarcelona.eu\\\/#website\"},\"primaryImageOfPage\":{\"@id\":\"https:\\\/\\\/ibecbarcelona.eu\\\/ibec-lends-nanotech-expertise-to-national-exhibition\\\/#primaryimage\"},\"image\":{\"@id\":\"https:\\\/\\\/ibecbarcelona.eu\\\/ibec-lends-nanotech-expertise-to-national-exhibition\\\/#primaryimage\"},\"thumbnailUrl\":\"https:\\\/\\\/ibecbarcelona.eu\\\/wp-content\\\/uploads\\\/2010\\\/10\\\/montage.jpg\",\"datePublished\":\"2010-10-01T14:25:51+00:00\",\"dateModified\":\"2014-12-04T09:48:50+00:00\",\"breadcrumb\":{\"@id\":\"https:\\\/\\\/ibecbarcelona.eu\\\/ibec-lends-nanotech-expertise-to-national-exhibition\\\/#breadcrumb\"},\"inLanguage\":\"es\",\"potentialAction\":[{\"@type\":\"ReadAction\",\"target\":[\"https:\\\/\\\/ibecbarcelona.eu\\\/ibec-lends-nanotech-expertise-to-national-exhibition\\\/\"]}]},{\"@type\":\"ImageObject\",\"inLanguage\":\"es\",\"@id\":\"https:\\\/\\\/ibecbarcelona.eu\\\/ibec-lends-nanotech-expertise-to-national-exhibition\\\/#primaryimage\",\"url\":\"https:\\\/\\\/ibecbarcelona.eu\\\/wp-content\\\/uploads\\\/2010\\\/10\\\/montage.jpg\",\"contentUrl\":\"https:\\\/\\\/ibecbarcelona.eu\\\/wp-content\\\/uploads\\\/2010\\\/10\\\/montage.jpg\",\"width\":591,\"height\":229},{\"@type\":\"BreadcrumbList\",\"@id\":\"https:\\\/\\\/ibecbarcelona.eu\\\/ibec-lends-nanotech-expertise-to-national-exhibition\\\/#breadcrumb\",\"itemListElement\":[{\"@type\":\"ListItem\",\"position\":1,\"name\":\"Home\",\"item\":\"https:\\\/\\\/ibecbarcelona.eu\\\/es\\\/\"},{\"@type\":\"ListItem\",\"position\":2,\"name\":\"IBEC lends nanotech expertise to national exhibition\"}]},{\"@type\":\"WebSite\",\"@id\":\"https:\\\/\\\/ibecbarcelona.eu\\\/#website\",\"url\":\"https:\\\/\\\/ibecbarcelona.eu\\\/\",\"name\":\"Institute for Bioengineering of Catalonia\",\"description\":\"Bioengineering solutions for health\",\"publisher\":{\"@id\":\"https:\\\/\\\/ibecbarcelona.eu\\\/#organization\"},\"potentialAction\":[{\"@type\":\"SearchAction\",\"target\":{\"@type\":\"EntryPoint\",\"urlTemplate\":\"https:\\\/\\\/ibecbarcelona.eu\\\/?s={search_term_string}\"},\"query-input\":{\"@type\":\"PropertyValueSpecification\",\"valueRequired\":true,\"valueName\":\"search_term_string\"}}],\"inLanguage\":\"es\"},{\"@type\":\"Organization\",\"@id\":\"https:\\\/\\\/ibecbarcelona.eu\\\/#organization\",\"name\":\"Institute for Bioengineering of Catalonia\",\"url\":\"https:\\\/\\\/ibecbarcelona.eu\\\/\",\"logo\":{\"@type\":\"ImageObject\",\"inLanguage\":\"es\",\"@id\":\"https:\\\/\\\/ibecbarcelona.eu\\\/#\\\/schema\\\/logo\\\/image\\\/\",\"url\":\"https:\\\/\\\/ibecbarcelona.eu\\\/wp-content\\\/uploads\\\/2026\\\/01\\\/cropped-IBEC_20ANYS_GRIS.png\",\"contentUrl\":\"https:\\\/\\\/ibecbarcelona.eu\\\/wp-content\\\/uploads\\\/2026\\\/01\\\/cropped-IBEC_20ANYS_GRIS.png\",\"width\":696,\"height\":257,\"caption\":\"Institute for Bioengineering of Catalonia\"},\"image\":{\"@id\":\"https:\\\/\\\/ibecbarcelona.eu\\\/#\\\/schema\\\/logo\\\/image\\\/\"}},{\"@type\":\"Person\",\"@id\":\"https:\\\/\\\/ibecbarcelona.eu\\\/#\\\/schema\\\/person\\\/c212c6b589546130be67986b9290e2b8\",\"name\":\"\u00c0ngels L\u00f3pez\",\"image\":{\"@type\":\"ImageObject\",\"inLanguage\":\"es\",\"@id\":\"https:\\\/\\\/secure.gravatar.com\\\/avatar\\\/09ad6ba116bea0b15c5511860f83b302579fd7404c1180e9dae55c3f11d988c6?s=96&d=mm&r=g\",\"url\":\"https:\\\/\\\/secure.gravatar.com\\\/avatar\\\/09ad6ba116bea0b15c5511860f83b302579fd7404c1180e9dae55c3f11d988c6?s=96&d=mm&r=g\",\"contentUrl\":\"https:\\\/\\\/secure.gravatar.com\\\/avatar\\\/09ad6ba116bea0b15c5511860f83b302579fd7404c1180e9dae55c3f11d988c6?s=96&d=mm&r=g\",\"caption\":\"\u00c0ngels L\u00f3pez\"},\"url\":\"https:\\\/\\\/ibecbarcelona.eu\\\/es\\\/author\\\/alopez\\\/\"}]}<\/script>\n<!-- \/ Yoast SEO plugin. -->","yoast_head_json":{"title":"IBEC lends nanotech expertise to national exhibition - Institute for Bioengineering of Catalonia","robots":{"index":"index","follow":"follow","max-snippet":"max-snippet:-1","max-image-preview":"max-image-preview:large","max-video-preview":"max-video-preview:-1"},"canonical":"https:\/\/ibecbarcelona.eu\/ibec-lends-nanotech-expertise-to-national-exhibition\/","og_locale":"es_ES","og_type":"article","og_title":"IBEC lends nanotech expertise to national exhibition - Institute for Bioengineering of Catalonia","og_description":"If you\u2019ve ever wanted to move an object using the power of your mind, predict the spread of a virus and the development of a pandemic, or watch a mini robot travel through the body to deliver a drug, you need look no further than the new Tecnorevoluci\u00f3 exhibition, which has been created with IBEC\u2019s associate director Josep Samitier as scientific adviser.","og_url":"https:\/\/ibecbarcelona.eu\/ibec-lends-nanotech-expertise-to-national-exhibition\/","og_site_name":"Institute for Bioengineering of Catalonia","article_published_time":"2010-10-01T14:25:51+00:00","article_modified_time":"2014-12-04T09:48:50+00:00","og_image":[{"width":591,"height":229,"url":"https:\/\/ibecbarcelona.eu\/wp-content\/uploads\/2010\/10\/montage.jpg","type":"image\/jpeg"}],"author":"\u00c0ngels L\u00f3pez","twitter_card":"summary_large_image","twitter_misc":{"Escrito por":"\u00c0ngels L\u00f3pez","Tiempo de lectura":"1 minuto"},"schema":{"@context":"https:\/\/schema.org","@graph":[{"@type":"Article","@id":"https:\/\/ibecbarcelona.eu\/ibec-lends-nanotech-expertise-to-national-exhibition\/#article","isPartOf":{"@id":"https:\/\/ibecbarcelona.eu\/ibec-lends-nanotech-expertise-to-national-exhibition\/"},"author":{"name":"\u00c0ngels L\u00f3pez","@id":"https:\/\/ibecbarcelona.eu\/#\/schema\/person\/c212c6b589546130be67986b9290e2b8"},"headline":"IBEC lends nanotech expertise to national exhibition","datePublished":"2010-10-01T14:25:51+00:00","dateModified":"2014-12-04T09:48:50+00:00","mainEntityOfPage":{"@id":"https:\/\/ibecbarcelona.eu\/ibec-lends-nanotech-expertise-to-national-exhibition\/"},"wordCount":192,"publisher":{"@id":"https:\/\/ibecbarcelona.eu\/#organization"},"image":{"@id":"https:\/\/ibecbarcelona.eu\/ibec-lends-nanotech-expertise-to-national-exhibition\/#primaryimage"},"thumbnailUrl":"https:\/\/ibecbarcelona.eu\/wp-content\/uploads\/2010\/10\/montage.jpg","articleSection":["Institutional news"],"inLanguage":"es"},{"@type":"WebPage","@id":"https:\/\/ibecbarcelona.eu\/ibec-lends-nanotech-expertise-to-national-exhibition\/","url":"https:\/\/ibecbarcelona.eu\/ibec-lends-nanotech-expertise-to-national-exhibition\/","name":"IBEC lends nanotech expertise to national exhibition - Institute for Bioengineering of Catalonia","isPartOf":{"@id":"https:\/\/ibecbarcelona.eu\/#website"},"primaryImageOfPage":{"@id":"https:\/\/ibecbarcelona.eu\/ibec-lends-nanotech-expertise-to-national-exhibition\/#primaryimage"},"image":{"@id":"https:\/\/ibecbarcelona.eu\/ibec-lends-nanotech-expertise-to-national-exhibition\/#primaryimage"},"thumbnailUrl":"https:\/\/ibecbarcelona.eu\/wp-content\/uploads\/2010\/10\/montage.jpg","datePublished":"2010-10-01T14:25:51+00:00","dateModified":"2014-12-04T09:48:50+00:00","breadcrumb":{"@id":"https:\/\/ibecbarcelona.eu\/ibec-lends-nanotech-expertise-to-national-exhibition\/#breadcrumb"},"inLanguage":"es","potentialAction":[{"@type":"ReadAction","target":["https:\/\/ibecbarcelona.eu\/ibec-lends-nanotech-expertise-to-national-exhibition\/"]}]},{"@type":"ImageObject","inLanguage":"es","@id":"https:\/\/ibecbarcelona.eu\/ibec-lends-nanotech-expertise-to-national-exhibition\/#primaryimage","url":"https:\/\/ibecbarcelona.eu\/wp-content\/uploads\/2010\/10\/montage.jpg","contentUrl":"https:\/\/ibecbarcelona.eu\/wp-content\/uploads\/2010\/10\/montage.jpg","width":591,"height":229},{"@type":"BreadcrumbList","@id":"https:\/\/ibecbarcelona.eu\/ibec-lends-nanotech-expertise-to-national-exhibition\/#breadcrumb","itemListElement":[{"@type":"ListItem","position":1,"name":"Home","item":"https:\/\/ibecbarcelona.eu\/es\/"},{"@type":"ListItem","position":2,"name":"IBEC lends nanotech expertise to national exhibition"}]},{"@type":"WebSite","@id":"https:\/\/ibecbarcelona.eu\/#website","url":"https:\/\/ibecbarcelona.eu\/","name":"Institute for Bioengineering of Catalonia","description":"Bioengineering solutions for health","publisher":{"@id":"https:\/\/ibecbarcelona.eu\/#organization"},"potentialAction":[{"@type":"SearchAction","target":{"@type":"EntryPoint","urlTemplate":"https:\/\/ibecbarcelona.eu\/?s={search_term_string}"},"query-input":{"@type":"PropertyValueSpecification","valueRequired":true,"valueName":"search_term_string"}}],"inLanguage":"es"},{"@type":"Organization","@id":"https:\/\/ibecbarcelona.eu\/#organization","name":"Institute for Bioengineering of Catalonia","url":"https:\/\/ibecbarcelona.eu\/","logo":{"@type":"ImageObject","inLanguage":"es","@id":"https:\/\/ibecbarcelona.eu\/#\/schema\/logo\/image\/","url":"https:\/\/ibecbarcelona.eu\/wp-content\/uploads\/2026\/01\/cropped-IBEC_20ANYS_GRIS.png","contentUrl":"https:\/\/ibecbarcelona.eu\/wp-content\/uploads\/2026\/01\/cropped-IBEC_20ANYS_GRIS.png","width":696,"height":257,"caption":"Institute for Bioengineering of Catalonia"},"image":{"@id":"https:\/\/ibecbarcelona.eu\/#\/schema\/logo\/image\/"}},{"@type":"Person","@id":"https:\/\/ibecbarcelona.eu\/#\/schema\/person\/c212c6b589546130be67986b9290e2b8","name":"\u00c0ngels L\u00f3pez","image":{"@type":"ImageObject","inLanguage":"es","@id":"https:\/\/secure.gravatar.com\/avatar\/09ad6ba116bea0b15c5511860f83b302579fd7404c1180e9dae55c3f11d988c6?s=96&d=mm&r=g","url":"https:\/\/secure.gravatar.com\/avatar\/09ad6ba116bea0b15c5511860f83b302579fd7404c1180e9dae55c3f11d988c6?s=96&d=mm&r=g","contentUrl":"https:\/\/secure.gravatar.com\/avatar\/09ad6ba116bea0b15c5511860f83b302579fd7404c1180e9dae55c3f11d988c6?s=96&d=mm&r=g","caption":"\u00c0ngels L\u00f3pez"},"url":"https:\/\/ibecbarcelona.eu\/es\/author\/alopez\/"}]}},"AFP_featured_media_urls":{"full":["https:\/\/ibecbarcelona.eu\/wp-content\/uploads\/2010\/10\/montage.jpg",591,229,false],"thumbnail":["https:\/\/ibecbarcelona.eu\/wp-content\/uploads\/2010\/10\/montage-150x150.jpg",150,150,true],"medium":["https:\/\/ibecbarcelona.eu\/wp-content\/uploads\/2010\/10\/montage-300x116.jpg",300,116,true],"medium_large":["https:\/\/ibecbarcelona.eu\/wp-content\/uploads\/2010\/10\/montage.jpg",591,229,false],"large":["https:\/\/ibecbarcelona.eu\/wp-content\/uploads\/2010\/10\/montage.jpg",591,229,false]},"AFP_attachments":[],"AFP_videos":[],"AFP_video_blocks":"","AFP_category_names":["Institutional news"],"_links":{"self":[{"href":"https:\/\/ibecbarcelona.eu\/es\/wp-json\/wp\/v2\/posts\/5356","targetHints":{"allow":["GET"]}}],"collection":[{"href":"https:\/\/ibecbarcelona.eu\/es\/wp-json\/wp\/v2\/posts"}],"about":[{"href":"https:\/\/ibecbarcelona.eu\/es\/wp-json\/wp\/v2\/types\/post"}],"author":[{"embeddable":true,"href":"https:\/\/ibecbarcelona.eu\/es\/wp-json\/wp\/v2\/users\/4"}],"replies":[{"embeddable":true,"href":"https:\/\/ibecbarcelona.eu\/es\/wp-json\/wp\/v2\/comments?post=5356"}],"version-history":[{"count":0,"href":"https:\/\/ibecbarcelona.eu\/es\/wp-json\/wp\/v2\/posts\/5356\/revisions"}],"wp:featuredmedia":[{"embeddable":true,"href":"https:\/\/ibecbarcelona.eu\/es\/wp-json\/wp\/v2\/media\/5353"}],"wp:attachment":[{"href":"https:\/\/ibecbarcelona.eu\/es\/wp-json\/wp\/v2\/media?parent=5356"}],"wp:term":[{"taxonomy":"category","embeddable":true,"href":"https:\/\/ibecbarcelona.eu\/es\/wp-json\/wp\/v2\/categories?post=5356"},{"taxonomy":"post_tag","embeddable":true,"href":"https:\/\/ibecbarcelona.eu\/es\/wp-json\/wp\/v2\/tags?post=5356"},{"taxonomy":"post_format","embeddable":true,"href":"https:\/\/ibecbarcelona.eu\/es\/wp-json\/wp\/v2\/post_formats?post=5356"}],"curies":[{"name":"wp","href":"https:\/\/api.w.org\/{rel}","templated":true}]}}