
{"id":5416,"date":"2010-12-16T17:09:17","date_gmt":"2010-12-16T17:09:17","guid":{"rendered":"http:\/\/ibecbarcelona.eu\/new\/biowaffle-wins-image-of-the-year-2010\/"},"modified":"2014-12-04T09:48:49","modified_gmt":"2014-12-04T09:48:49","slug":"biowaffle-wins-image-of-the-year-2010","status":"publish","type":"post","link":"https:\/\/ibecbarcelona.eu\/es\/biowaffle-wins-image-of-the-year-2010\/","title":{"rendered":"&#8216;Biowaffle&#8217; wins Image of the Year 2010"},"content":{"rendered":"\n<p>Melba, Josep and Tiziano; inset, the winning image<\/p>\n<p>Postdoc Melba Navarro and PhD student Tiziano Serra, both from the Bio\/non-bio interactions for regenerative medicine group, created the winning electron microscope image, which they they named \u2018Biowaffle\u2019, by looking at a polylactic scaffold made by a rapid prototyping machine. \u201cThese scaffolds are used in bone tissue engineering and are made with a layer-by-layer deposit of polymer, a bit like cooking a waffle at the microscale,\u201d explains Melba.\u00a0<\/p>\n<p>The image, which was submitted to the Image of the Month contest back in February, got 41% of the votes for the best of all submissions for 2010 in the final survey held at the beginning of December. IBEC Director Josep Planell presented Melba and Tiziano with their prizes, a video camera each, during the short ceremony at IBEC.<\/p>\n<p>\u00a0<\/p>\n<p><strong>Stop press! 22 December:<\/strong> Hot on the heels of their Image of the Year success, another picture from Melba and Tiziano, &#8216;Biotunnel&#8217;, has won the\u00a0Parc Cient\u00edfic Barcelona&#8217;s\u00a0Fotorecerca\u201910 competition. The\u00a0scanning electron microscope\u00a0photo of a stent &#8211; a cylindical device for use in coronary arteries &#8211;\u00a0won over 40 other hopefuls\u00a0submitted by the companies, institutes, technological platforms and other organisations in the PCB. On 23 December Melba and Tiziano will receive their prize of a digital camera at the PCB Christmas drink at 12:30.<strong><\/p>\n<p><a href=\"http:\/\/www.pcb.ub.es\/homePCB\/live\/ct\/o190.asp?nid=3845\">http:\/\/www.pcb.ub.es\/homePCB\/live\/ct\/o190.asp?nid=3845<\/a><\/strong><\/p>\n<p>\u00a0<\/p>\n","protected":false},"excerpt":{"rendered":"<p>The lucky winners of the Image of the Year 2010 competition received their prizes today.<\/p>\n<p><img decoding=\"async\" class=\"esq size-full wp-image-5413 lazyload\" data-src=\"https:\/\/ibecbarcelona.eu\/wp-content\/uploads\/2010\/12\/image-of-the-year.jpg\" border=\"0\" alt=\"Image of the year\" width=\"427\" height=\"270\" data-srcset=\"https:\/\/ibecbarcelona.eu\/wp-content\/uploads\/2010\/12\/image-of-the-year.jpg 427w, https:\/\/ibecbarcelona.eu\/wp-content\/uploads\/2010\/12\/image-of-the-year-300x189.jpg 300w, https:\/\/ibecbarcelona.eu\/wp-content\/uploads\/2010\/12\/image-of-the-year-237x150.jpg 237w, https:\/\/ibecbarcelona.eu\/wp-content\/uploads\/2010\/12\/image-of-the-year-150x94.jpg 150w, https:\/\/ibecbarcelona.eu\/wp-content\/uploads\/2010\/12\/image-of-the-year-318x201.jpg 318w\" data-sizes=\"(max-width: 427px) 100vw, 427px\" src=\"data:image\/svg+xml;base64,PHN2ZyB3aWR0aD0iMSIgaGVpZ2h0PSIxIiB4bWxucz0iaHR0cDovL3d3dy53My5vcmcvMjAwMC9zdmciPjwvc3ZnPg==\" style=\"--smush-placeholder-width: 427px; --smush-placeholder-aspect-ratio: 427\/270;\" \/><\/p>\n","protected":false},"author":4,"featured_media":5413,"comment_status":"closed","ping_status":"closed","sticky":false,"template":"","format":"standard","meta":{"footnotes":""},"categories":[24],"tags":[],"post_formats":[],"class_list":["post-5416","post","type-post","status-publish","format-standard","has-post-thumbnail","hentry","category-institutional-news"],"yoast_head":"<!-- This site is optimized with the Yoast SEO plugin v27.4 - https:\/\/yoast.com\/product\/yoast-seo-wordpress\/ -->\n<title>&#039;Biowaffle&#039; wins Image of the Year 2010 - Institute for Bioengineering of Catalonia<\/title>\n<meta name=\"robots\" content=\"index, follow, max-snippet:-1, max-image-preview:large, max-video-preview:-1\" \/>\n<link rel=\"canonical\" href=\"https:\/\/ibecbarcelona.eu\/es\/biowaffle-wins-image-of-the-year-2010\/\" \/>\n<meta property=\"og:locale\" content=\"es_ES\" \/>\n<meta property=\"og:type\" content=\"article\" \/>\n<meta property=\"og:title\" content=\"&#039;Biowaffle&#039; wins Image of the Year 2010 - Institute for Bioengineering of Catalonia\" \/>\n<meta property=\"og:description\" content=\"The lucky winners of the Image of the Year 2010 competition received their prizes today.\" \/>\n<meta property=\"og:url\" content=\"https:\/\/ibecbarcelona.eu\/es\/biowaffle-wins-image-of-the-year-2010\/\" \/>\n<meta property=\"og:site_name\" content=\"Institute for Bioengineering of Catalonia\" \/>\n<meta property=\"article:published_time\" content=\"2010-12-16T17:09:17+00:00\" \/>\n<meta property=\"article:modified_time\" content=\"2014-12-04T09:48:49+00:00\" \/>\n<meta property=\"og:image\" content=\"https:\/\/ibecbarcelona.eu\/wp-content\/uploads\/2010\/12\/image-of-the-year.jpg\" \/>\n\t<meta property=\"og:image:width\" content=\"427\" \/>\n\t<meta property=\"og:image:height\" content=\"270\" \/>\n\t<meta property=\"og:image:type\" content=\"image\/jpeg\" \/>\n<meta name=\"author\" content=\"\u00c0ngels L\u00f3pez\" \/>\n<meta name=\"twitter:card\" content=\"summary_large_image\" \/>\n<meta name=\"twitter:label1\" content=\"Escrito por\" \/>\n\t<meta name=\"twitter:data1\" content=\"\u00c0ngels L\u00f3pez\" \/>\n\t<meta name=\"twitter:label2\" content=\"Tiempo de lectura\" \/>\n\t<meta name=\"twitter:data2\" content=\"1 minuto\" \/>\n<script type=\"application\/ld+json\" class=\"yoast-schema-graph\">{\"@context\":\"https:\\\/\\\/schema.org\",\"@graph\":[{\"@type\":\"Article\",\"@id\":\"https:\\\/\\\/ibecbarcelona.eu\\\/es\\\/biowaffle-wins-image-of-the-year-2010\\\/#article\",\"isPartOf\":{\"@id\":\"https:\\\/\\\/ibecbarcelona.eu\\\/es\\\/biowaffle-wins-image-of-the-year-2010\\\/\"},\"author\":{\"name\":\"\u00c0ngels L\u00f3pez\",\"@id\":\"https:\\\/\\\/ibecbarcelona.eu\\\/#\\\/schema\\\/person\\\/c212c6b589546130be67986b9290e2b8\"},\"headline\":\"&#8216;Biowaffle&#8217; wins Image of the Year 2010\",\"datePublished\":\"2010-12-16T17:09:17+00:00\",\"dateModified\":\"2014-12-04T09:48:49+00:00\",\"mainEntityOfPage\":{\"@id\":\"https:\\\/\\\/ibecbarcelona.eu\\\/es\\\/biowaffle-wins-image-of-the-year-2010\\\/\"},\"wordCount\":235,\"publisher\":{\"@id\":\"https:\\\/\\\/ibecbarcelona.eu\\\/#organization\"},\"image\":{\"@id\":\"https:\\\/\\\/ibecbarcelona.eu\\\/es\\\/biowaffle-wins-image-of-the-year-2010\\\/#primaryimage\"},\"thumbnailUrl\":\"https:\\\/\\\/ibecbarcelona.eu\\\/wp-content\\\/uploads\\\/2010\\\/12\\\/image-of-the-year.jpg\",\"articleSection\":[\"Institutional news\"],\"inLanguage\":\"es\"},{\"@type\":\"WebPage\",\"@id\":\"https:\\\/\\\/ibecbarcelona.eu\\\/es\\\/biowaffle-wins-image-of-the-year-2010\\\/\",\"url\":\"https:\\\/\\\/ibecbarcelona.eu\\\/es\\\/biowaffle-wins-image-of-the-year-2010\\\/\",\"name\":\"'Biowaffle' wins Image of the Year 2010 - Institute for Bioengineering of Catalonia\",\"isPartOf\":{\"@id\":\"https:\\\/\\\/ibecbarcelona.eu\\\/#website\"},\"primaryImageOfPage\":{\"@id\":\"https:\\\/\\\/ibecbarcelona.eu\\\/es\\\/biowaffle-wins-image-of-the-year-2010\\\/#primaryimage\"},\"image\":{\"@id\":\"https:\\\/\\\/ibecbarcelona.eu\\\/es\\\/biowaffle-wins-image-of-the-year-2010\\\/#primaryimage\"},\"thumbnailUrl\":\"https:\\\/\\\/ibecbarcelona.eu\\\/wp-content\\\/uploads\\\/2010\\\/12\\\/image-of-the-year.jpg\",\"datePublished\":\"2010-12-16T17:09:17+00:00\",\"dateModified\":\"2014-12-04T09:48:49+00:00\",\"breadcrumb\":{\"@id\":\"https:\\\/\\\/ibecbarcelona.eu\\\/es\\\/biowaffle-wins-image-of-the-year-2010\\\/#breadcrumb\"},\"inLanguage\":\"es\",\"potentialAction\":[{\"@type\":\"ReadAction\",\"target\":[\"https:\\\/\\\/ibecbarcelona.eu\\\/es\\\/biowaffle-wins-image-of-the-year-2010\\\/\"]}]},{\"@type\":\"ImageObject\",\"inLanguage\":\"es\",\"@id\":\"https:\\\/\\\/ibecbarcelona.eu\\\/es\\\/biowaffle-wins-image-of-the-year-2010\\\/#primaryimage\",\"url\":\"https:\\\/\\\/ibecbarcelona.eu\\\/wp-content\\\/uploads\\\/2010\\\/12\\\/image-of-the-year.jpg\",\"contentUrl\":\"https:\\\/\\\/ibecbarcelona.eu\\\/wp-content\\\/uploads\\\/2010\\\/12\\\/image-of-the-year.jpg\",\"width\":427,\"height\":270,\"caption\":\"Image of the year\"},{\"@type\":\"BreadcrumbList\",\"@id\":\"https:\\\/\\\/ibecbarcelona.eu\\\/es\\\/biowaffle-wins-image-of-the-year-2010\\\/#breadcrumb\",\"itemListElement\":[{\"@type\":\"ListItem\",\"position\":1,\"name\":\"Home\",\"item\":\"https:\\\/\\\/ibecbarcelona.eu\\\/es\\\/\"},{\"@type\":\"ListItem\",\"position\":2,\"name\":\"&#8216;Biowaffle&#8217; wins Image of the Year 2010\"}]},{\"@type\":\"WebSite\",\"@id\":\"https:\\\/\\\/ibecbarcelona.eu\\\/#website\",\"url\":\"https:\\\/\\\/ibecbarcelona.eu\\\/\",\"name\":\"Institute for Bioengineering of Catalonia\",\"description\":\"Bioengineering solutions for health\",\"publisher\":{\"@id\":\"https:\\\/\\\/ibecbarcelona.eu\\\/#organization\"},\"potentialAction\":[{\"@type\":\"SearchAction\",\"target\":{\"@type\":\"EntryPoint\",\"urlTemplate\":\"https:\\\/\\\/ibecbarcelona.eu\\\/?s={search_term_string}\"},\"query-input\":{\"@type\":\"PropertyValueSpecification\",\"valueRequired\":true,\"valueName\":\"search_term_string\"}}],\"inLanguage\":\"es\"},{\"@type\":\"Organization\",\"@id\":\"https:\\\/\\\/ibecbarcelona.eu\\\/#organization\",\"name\":\"Institute for Bioengineering of Catalonia\",\"url\":\"https:\\\/\\\/ibecbarcelona.eu\\\/\",\"logo\":{\"@type\":\"ImageObject\",\"inLanguage\":\"es\",\"@id\":\"https:\\\/\\\/ibecbarcelona.eu\\\/#\\\/schema\\\/logo\\\/image\\\/\",\"url\":\"https:\\\/\\\/ibecbarcelona.eu\\\/wp-content\\\/uploads\\\/2026\\\/01\\\/cropped-IBEC_20ANYS_GRIS.png\",\"contentUrl\":\"https:\\\/\\\/ibecbarcelona.eu\\\/wp-content\\\/uploads\\\/2026\\\/01\\\/cropped-IBEC_20ANYS_GRIS.png\",\"width\":696,\"height\":257,\"caption\":\"Institute for Bioengineering of Catalonia\"},\"image\":{\"@id\":\"https:\\\/\\\/ibecbarcelona.eu\\\/#\\\/schema\\\/logo\\\/image\\\/\"}},{\"@type\":\"Person\",\"@id\":\"https:\\\/\\\/ibecbarcelona.eu\\\/#\\\/schema\\\/person\\\/c212c6b589546130be67986b9290e2b8\",\"name\":\"\u00c0ngels L\u00f3pez\",\"image\":{\"@type\":\"ImageObject\",\"inLanguage\":\"es\",\"@id\":\"https:\\\/\\\/secure.gravatar.com\\\/avatar\\\/09ad6ba116bea0b15c5511860f83b302579fd7404c1180e9dae55c3f11d988c6?s=96&d=mm&r=g\",\"url\":\"https:\\\/\\\/secure.gravatar.com\\\/avatar\\\/09ad6ba116bea0b15c5511860f83b302579fd7404c1180e9dae55c3f11d988c6?s=96&d=mm&r=g\",\"contentUrl\":\"https:\\\/\\\/secure.gravatar.com\\\/avatar\\\/09ad6ba116bea0b15c5511860f83b302579fd7404c1180e9dae55c3f11d988c6?s=96&d=mm&r=g\",\"caption\":\"\u00c0ngels L\u00f3pez\"},\"url\":\"https:\\\/\\\/ibecbarcelona.eu\\\/es\\\/author\\\/alopez\\\/\"}]}<\/script>\n<!-- \/ Yoast SEO plugin. -->","yoast_head_json":{"title":"'Biowaffle' wins Image of the Year 2010 - Institute for Bioengineering of Catalonia","robots":{"index":"index","follow":"follow","max-snippet":"max-snippet:-1","max-image-preview":"max-image-preview:large","max-video-preview":"max-video-preview:-1"},"canonical":"https:\/\/ibecbarcelona.eu\/es\/biowaffle-wins-image-of-the-year-2010\/","og_locale":"es_ES","og_type":"article","og_title":"'Biowaffle' wins Image of the Year 2010 - Institute for Bioengineering of Catalonia","og_description":"The lucky winners of the Image of the Year 2010 competition received their prizes today.","og_url":"https:\/\/ibecbarcelona.eu\/es\/biowaffle-wins-image-of-the-year-2010\/","og_site_name":"Institute for Bioengineering of Catalonia","article_published_time":"2010-12-16T17:09:17+00:00","article_modified_time":"2014-12-04T09:48:49+00:00","og_image":[{"width":427,"height":270,"url":"https:\/\/ibecbarcelona.eu\/wp-content\/uploads\/2010\/12\/image-of-the-year.jpg","type":"image\/jpeg"}],"author":"\u00c0ngels L\u00f3pez","twitter_card":"summary_large_image","twitter_misc":{"Escrito por":"\u00c0ngels L\u00f3pez","Tiempo de lectura":"1 minuto"},"schema":{"@context":"https:\/\/schema.org","@graph":[{"@type":"Article","@id":"https:\/\/ibecbarcelona.eu\/es\/biowaffle-wins-image-of-the-year-2010\/#article","isPartOf":{"@id":"https:\/\/ibecbarcelona.eu\/es\/biowaffle-wins-image-of-the-year-2010\/"},"author":{"name":"\u00c0ngels L\u00f3pez","@id":"https:\/\/ibecbarcelona.eu\/#\/schema\/person\/c212c6b589546130be67986b9290e2b8"},"headline":"&#8216;Biowaffle&#8217; wins Image of the Year 2010","datePublished":"2010-12-16T17:09:17+00:00","dateModified":"2014-12-04T09:48:49+00:00","mainEntityOfPage":{"@id":"https:\/\/ibecbarcelona.eu\/es\/biowaffle-wins-image-of-the-year-2010\/"},"wordCount":235,"publisher":{"@id":"https:\/\/ibecbarcelona.eu\/#organization"},"image":{"@id":"https:\/\/ibecbarcelona.eu\/es\/biowaffle-wins-image-of-the-year-2010\/#primaryimage"},"thumbnailUrl":"https:\/\/ibecbarcelona.eu\/wp-content\/uploads\/2010\/12\/image-of-the-year.jpg","articleSection":["Institutional news"],"inLanguage":"es"},{"@type":"WebPage","@id":"https:\/\/ibecbarcelona.eu\/es\/biowaffle-wins-image-of-the-year-2010\/","url":"https:\/\/ibecbarcelona.eu\/es\/biowaffle-wins-image-of-the-year-2010\/","name":"'Biowaffle' wins Image of the Year 2010 - Institute for Bioengineering of Catalonia","isPartOf":{"@id":"https:\/\/ibecbarcelona.eu\/#website"},"primaryImageOfPage":{"@id":"https:\/\/ibecbarcelona.eu\/es\/biowaffle-wins-image-of-the-year-2010\/#primaryimage"},"image":{"@id":"https:\/\/ibecbarcelona.eu\/es\/biowaffle-wins-image-of-the-year-2010\/#primaryimage"},"thumbnailUrl":"https:\/\/ibecbarcelona.eu\/wp-content\/uploads\/2010\/12\/image-of-the-year.jpg","datePublished":"2010-12-16T17:09:17+00:00","dateModified":"2014-12-04T09:48:49+00:00","breadcrumb":{"@id":"https:\/\/ibecbarcelona.eu\/es\/biowaffle-wins-image-of-the-year-2010\/#breadcrumb"},"inLanguage":"es","potentialAction":[{"@type":"ReadAction","target":["https:\/\/ibecbarcelona.eu\/es\/biowaffle-wins-image-of-the-year-2010\/"]}]},{"@type":"ImageObject","inLanguage":"es","@id":"https:\/\/ibecbarcelona.eu\/es\/biowaffle-wins-image-of-the-year-2010\/#primaryimage","url":"https:\/\/ibecbarcelona.eu\/wp-content\/uploads\/2010\/12\/image-of-the-year.jpg","contentUrl":"https:\/\/ibecbarcelona.eu\/wp-content\/uploads\/2010\/12\/image-of-the-year.jpg","width":427,"height":270,"caption":"Image of the year"},{"@type":"BreadcrumbList","@id":"https:\/\/ibecbarcelona.eu\/es\/biowaffle-wins-image-of-the-year-2010\/#breadcrumb","itemListElement":[{"@type":"ListItem","position":1,"name":"Home","item":"https:\/\/ibecbarcelona.eu\/es\/"},{"@type":"ListItem","position":2,"name":"&#8216;Biowaffle&#8217; wins Image of the Year 2010"}]},{"@type":"WebSite","@id":"https:\/\/ibecbarcelona.eu\/#website","url":"https:\/\/ibecbarcelona.eu\/","name":"Institute for Bioengineering of Catalonia","description":"Bioengineering solutions for health","publisher":{"@id":"https:\/\/ibecbarcelona.eu\/#organization"},"potentialAction":[{"@type":"SearchAction","target":{"@type":"EntryPoint","urlTemplate":"https:\/\/ibecbarcelona.eu\/?s={search_term_string}"},"query-input":{"@type":"PropertyValueSpecification","valueRequired":true,"valueName":"search_term_string"}}],"inLanguage":"es"},{"@type":"Organization","@id":"https:\/\/ibecbarcelona.eu\/#organization","name":"Institute for Bioengineering of Catalonia","url":"https:\/\/ibecbarcelona.eu\/","logo":{"@type":"ImageObject","inLanguage":"es","@id":"https:\/\/ibecbarcelona.eu\/#\/schema\/logo\/image\/","url":"https:\/\/ibecbarcelona.eu\/wp-content\/uploads\/2026\/01\/cropped-IBEC_20ANYS_GRIS.png","contentUrl":"https:\/\/ibecbarcelona.eu\/wp-content\/uploads\/2026\/01\/cropped-IBEC_20ANYS_GRIS.png","width":696,"height":257,"caption":"Institute for Bioengineering of Catalonia"},"image":{"@id":"https:\/\/ibecbarcelona.eu\/#\/schema\/logo\/image\/"}},{"@type":"Person","@id":"https:\/\/ibecbarcelona.eu\/#\/schema\/person\/c212c6b589546130be67986b9290e2b8","name":"\u00c0ngels L\u00f3pez","image":{"@type":"ImageObject","inLanguage":"es","@id":"https:\/\/secure.gravatar.com\/avatar\/09ad6ba116bea0b15c5511860f83b302579fd7404c1180e9dae55c3f11d988c6?s=96&d=mm&r=g","url":"https:\/\/secure.gravatar.com\/avatar\/09ad6ba116bea0b15c5511860f83b302579fd7404c1180e9dae55c3f11d988c6?s=96&d=mm&r=g","contentUrl":"https:\/\/secure.gravatar.com\/avatar\/09ad6ba116bea0b15c5511860f83b302579fd7404c1180e9dae55c3f11d988c6?s=96&d=mm&r=g","caption":"\u00c0ngels L\u00f3pez"},"url":"https:\/\/ibecbarcelona.eu\/es\/author\/alopez\/"}]}},"AFP_featured_media_urls":{"full":["https:\/\/ibecbarcelona.eu\/wp-content\/uploads\/2010\/12\/image-of-the-year.jpg",427,270,false],"thumbnail":["https:\/\/ibecbarcelona.eu\/wp-content\/uploads\/2010\/12\/image-of-the-year-150x150.jpg",150,150,true],"medium":["https:\/\/ibecbarcelona.eu\/wp-content\/uploads\/2010\/12\/image-of-the-year-300x189.jpg",300,189,true],"medium_large":["https:\/\/ibecbarcelona.eu\/wp-content\/uploads\/2010\/12\/image-of-the-year.jpg",427,270,false],"large":["https:\/\/ibecbarcelona.eu\/wp-content\/uploads\/2010\/12\/image-of-the-year.jpg",427,270,false]},"AFP_attachments":[],"AFP_videos":[],"AFP_video_blocks":"","AFP_category_names":["Institutional news"],"_links":{"self":[{"href":"https:\/\/ibecbarcelona.eu\/es\/wp-json\/wp\/v2\/posts\/5416","targetHints":{"allow":["GET"]}}],"collection":[{"href":"https:\/\/ibecbarcelona.eu\/es\/wp-json\/wp\/v2\/posts"}],"about":[{"href":"https:\/\/ibecbarcelona.eu\/es\/wp-json\/wp\/v2\/types\/post"}],"author":[{"embeddable":true,"href":"https:\/\/ibecbarcelona.eu\/es\/wp-json\/wp\/v2\/users\/4"}],"replies":[{"embeddable":true,"href":"https:\/\/ibecbarcelona.eu\/es\/wp-json\/wp\/v2\/comments?post=5416"}],"version-history":[{"count":0,"href":"https:\/\/ibecbarcelona.eu\/es\/wp-json\/wp\/v2\/posts\/5416\/revisions"}],"wp:featuredmedia":[{"embeddable":true,"href":"https:\/\/ibecbarcelona.eu\/es\/wp-json\/wp\/v2\/media\/5413"}],"wp:attachment":[{"href":"https:\/\/ibecbarcelona.eu\/es\/wp-json\/wp\/v2\/media?parent=5416"}],"wp:term":[{"taxonomy":"category","embeddable":true,"href":"https:\/\/ibecbarcelona.eu\/es\/wp-json\/wp\/v2\/categories?post=5416"},{"taxonomy":"post_tag","embeddable":true,"href":"https:\/\/ibecbarcelona.eu\/es\/wp-json\/wp\/v2\/tags?post=5416"},{"taxonomy":"post_format","embeddable":true,"href":"https:\/\/ibecbarcelona.eu\/es\/wp-json\/wp\/v2\/post_formats?post=5416"}],"curies":[{"name":"wp","href":"https:\/\/api.w.org\/{rel}","templated":true}]}}