
{"id":5421,"date":"2010-12-17T11:32:38","date_gmt":"2010-12-17T11:32:38","guid":{"rendered":"http:\/\/ibecbarcelona.eu\/new\/ibec-director-elected-to-the-royal-academy-of-science-and-arts-of-barcelona\/"},"modified":"2014-12-04T09:48:49","modified_gmt":"2014-12-04T09:48:49","slug":"ibec-director-elected-to-the-royal-academy-of-science-and-arts-of-barcelona","status":"publish","type":"post","link":"https:\/\/ibecbarcelona.eu\/es\/ibec-director-elected-to-the-royal-academy-of-science-and-arts-of-barcelona\/","title":{"rendered":"IBEC director elected to the Royal Academy of Science and Arts of Barcelona"},"content":{"rendered":"\n<p>RACAB president Rafael Foguet i Ambr\u00f2 presided over the ceremony, which began with Josep giving an introduction to his field of research and his work on the development of biodegradable scaffolds for bone regeneration. Then his sponsor for the election, Xavier Obradors i Berenguer, addressed the audience of members, peers, colleagues and friends with a biography of Josep, concluding that \u201cthis institution will benefit greatly from Dr. Planell\u2019s knowledge and entrepreneurship, as well as his characteristic benevolence and practical sense, and his affability towards everyone who knows him\u201d. The event ended with Josep\u2019s formal acceptance into the academy by the president, who presented him with a medal and a diploma.<\/p>\n<p>Membership of RACAB, which was established in 1764 under the name \u2018Experimental Physio-mathematical Council\u2019, is limited by number and strictly by nomination.\u00a0 Its members act as promoters and points of reference in the cultural arena and for Catalan society.<\/p>\n","protected":false},"excerpt":{"rendered":"<p>In the beautiful surroundings of Academy House on Rambla dels Estudis last night, IBEC director Josep Planell was elected as Academician of the Royal Academy of Science and Arts of Barcelona (RACAB).<\/p>\n<p> <img decoding=\"async\" class=\"smartresize esq size-full wp-image-5418 lazyload\" data-src=\"https:\/\/ibecbarcelona.eu\/wp-content\/uploads\/2010\/12\/racab.jpg\" border=\"0\" hspace=\"0\" vspace=\"0\" width=\"500\" height=\"291\" data-srcset=\"https:\/\/ibecbarcelona.eu\/wp-content\/uploads\/2010\/12\/racab.jpg 500w, https:\/\/ibecbarcelona.eu\/wp-content\/uploads\/2010\/12\/racab-300x174.jpg 300w, https:\/\/ibecbarcelona.eu\/wp-content\/uploads\/2010\/12\/racab-250x145.jpg 250w, https:\/\/ibecbarcelona.eu\/wp-content\/uploads\/2010\/12\/racab-150x87.jpg 150w\" data-sizes=\"(max-width: 500px) 100vw, 500px\" src=\"data:image\/svg+xml;base64,PHN2ZyB3aWR0aD0iMSIgaGVpZ2h0PSIxIiB4bWxucz0iaHR0cDovL3d3dy53My5vcmcvMjAwMC9zdmciPjwvc3ZnPg==\" style=\"--smush-placeholder-width: 500px; --smush-placeholder-aspect-ratio: 500\/291;\" \/>  <\/p>\n","protected":false},"author":4,"featured_media":5418,"comment_status":"closed","ping_status":"closed","sticky":false,"template":"","format":"standard","meta":{"footnotes":""},"categories":[24],"tags":[],"post_formats":[],"class_list":["post-5421","post","type-post","status-publish","format-standard","has-post-thumbnail","hentry","category-institutional-news"],"yoast_head":"<!-- This site is optimized with the Yoast SEO plugin v27.4 - https:\/\/yoast.com\/product\/yoast-seo-wordpress\/ -->\n<title>IBEC director elected to the Royal Academy of Science and Arts of Barcelona - Institute for Bioengineering of Catalonia<\/title>\n<meta name=\"robots\" content=\"index, follow, max-snippet:-1, max-image-preview:large, max-video-preview:-1\" \/>\n<link rel=\"canonical\" href=\"https:\/\/ibecbarcelona.eu\/es\/ibec-director-elected-to-the-royal-academy-of-science-and-arts-of-barcelona\/\" \/>\n<meta property=\"og:locale\" content=\"es_ES\" \/>\n<meta property=\"og:type\" content=\"article\" \/>\n<meta property=\"og:title\" content=\"IBEC director elected to the Royal Academy of Science and Arts of Barcelona - Institute for Bioengineering of Catalonia\" \/>\n<meta property=\"og:description\" content=\"In the beautiful surroundings of Academy House on Rambla dels Estudis last night, IBEC director Josep Planell was elected as Academician of the Royal Academy of Science and Arts of Barcelona (RACAB).\" \/>\n<meta property=\"og:url\" content=\"https:\/\/ibecbarcelona.eu\/es\/ibec-director-elected-to-the-royal-academy-of-science-and-arts-of-barcelona\/\" \/>\n<meta property=\"og:site_name\" content=\"Institute for Bioengineering of Catalonia\" \/>\n<meta property=\"article:published_time\" content=\"2010-12-17T11:32:38+00:00\" \/>\n<meta property=\"article:modified_time\" content=\"2014-12-04T09:48:49+00:00\" \/>\n<meta property=\"og:image\" content=\"https:\/\/ibecbarcelona.eu\/wp-content\/uploads\/2010\/12\/racab.jpg\" \/>\n\t<meta property=\"og:image:width\" content=\"500\" \/>\n\t<meta property=\"og:image:height\" content=\"291\" \/>\n\t<meta property=\"og:image:type\" content=\"image\/jpeg\" \/>\n<meta name=\"author\" content=\"\u00c0ngels L\u00f3pez\" \/>\n<meta name=\"twitter:card\" content=\"summary_large_image\" \/>\n<meta name=\"twitter:label1\" content=\"Escrito por\" \/>\n\t<meta name=\"twitter:data1\" content=\"\u00c0ngels L\u00f3pez\" \/>\n\t<meta name=\"twitter:label2\" content=\"Tiempo de lectura\" \/>\n\t<meta name=\"twitter:data2\" content=\"1 minuto\" \/>\n<script type=\"application\/ld+json\" class=\"yoast-schema-graph\">{\"@context\":\"https:\\\/\\\/schema.org\",\"@graph\":[{\"@type\":\"Article\",\"@id\":\"https:\\\/\\\/ibecbarcelona.eu\\\/es\\\/ibec-director-elected-to-the-royal-academy-of-science-and-arts-of-barcelona\\\/#article\",\"isPartOf\":{\"@id\":\"https:\\\/\\\/ibecbarcelona.eu\\\/es\\\/ibec-director-elected-to-the-royal-academy-of-science-and-arts-of-barcelona\\\/\"},\"author\":{\"name\":\"\u00c0ngels L\u00f3pez\",\"@id\":\"https:\\\/\\\/ibecbarcelona.eu\\\/#\\\/schema\\\/person\\\/c212c6b589546130be67986b9290e2b8\"},\"headline\":\"IBEC director elected to the Royal Academy of Science and Arts of Barcelona\",\"datePublished\":\"2010-12-17T11:32:38+00:00\",\"dateModified\":\"2014-12-04T09:48:49+00:00\",\"mainEntityOfPage\":{\"@id\":\"https:\\\/\\\/ibecbarcelona.eu\\\/es\\\/ibec-director-elected-to-the-royal-academy-of-science-and-arts-of-barcelona\\\/\"},\"wordCount\":163,\"publisher\":{\"@id\":\"https:\\\/\\\/ibecbarcelona.eu\\\/#organization\"},\"image\":{\"@id\":\"https:\\\/\\\/ibecbarcelona.eu\\\/es\\\/ibec-director-elected-to-the-royal-academy-of-science-and-arts-of-barcelona\\\/#primaryimage\"},\"thumbnailUrl\":\"https:\\\/\\\/ibecbarcelona.eu\\\/wp-content\\\/uploads\\\/2010\\\/12\\\/racab.jpg\",\"articleSection\":[\"Institutional news\"],\"inLanguage\":\"es\"},{\"@type\":\"WebPage\",\"@id\":\"https:\\\/\\\/ibecbarcelona.eu\\\/es\\\/ibec-director-elected-to-the-royal-academy-of-science-and-arts-of-barcelona\\\/\",\"url\":\"https:\\\/\\\/ibecbarcelona.eu\\\/es\\\/ibec-director-elected-to-the-royal-academy-of-science-and-arts-of-barcelona\\\/\",\"name\":\"IBEC director elected to the Royal Academy of Science and Arts of Barcelona - Institute for Bioengineering of Catalonia\",\"isPartOf\":{\"@id\":\"https:\\\/\\\/ibecbarcelona.eu\\\/#website\"},\"primaryImageOfPage\":{\"@id\":\"https:\\\/\\\/ibecbarcelona.eu\\\/es\\\/ibec-director-elected-to-the-royal-academy-of-science-and-arts-of-barcelona\\\/#primaryimage\"},\"image\":{\"@id\":\"https:\\\/\\\/ibecbarcelona.eu\\\/es\\\/ibec-director-elected-to-the-royal-academy-of-science-and-arts-of-barcelona\\\/#primaryimage\"},\"thumbnailUrl\":\"https:\\\/\\\/ibecbarcelona.eu\\\/wp-content\\\/uploads\\\/2010\\\/12\\\/racab.jpg\",\"datePublished\":\"2010-12-17T11:32:38+00:00\",\"dateModified\":\"2014-12-04T09:48:49+00:00\",\"breadcrumb\":{\"@id\":\"https:\\\/\\\/ibecbarcelona.eu\\\/es\\\/ibec-director-elected-to-the-royal-academy-of-science-and-arts-of-barcelona\\\/#breadcrumb\"},\"inLanguage\":\"es\",\"potentialAction\":[{\"@type\":\"ReadAction\",\"target\":[\"https:\\\/\\\/ibecbarcelona.eu\\\/es\\\/ibec-director-elected-to-the-royal-academy-of-science-and-arts-of-barcelona\\\/\"]}]},{\"@type\":\"ImageObject\",\"inLanguage\":\"es\",\"@id\":\"https:\\\/\\\/ibecbarcelona.eu\\\/es\\\/ibec-director-elected-to-the-royal-academy-of-science-and-arts-of-barcelona\\\/#primaryimage\",\"url\":\"https:\\\/\\\/ibecbarcelona.eu\\\/wp-content\\\/uploads\\\/2010\\\/12\\\/racab.jpg\",\"contentUrl\":\"https:\\\/\\\/ibecbarcelona.eu\\\/wp-content\\\/uploads\\\/2010\\\/12\\\/racab.jpg\",\"width\":500,\"height\":291},{\"@type\":\"BreadcrumbList\",\"@id\":\"https:\\\/\\\/ibecbarcelona.eu\\\/es\\\/ibec-director-elected-to-the-royal-academy-of-science-and-arts-of-barcelona\\\/#breadcrumb\",\"itemListElement\":[{\"@type\":\"ListItem\",\"position\":1,\"name\":\"Home\",\"item\":\"https:\\\/\\\/ibecbarcelona.eu\\\/es\\\/\"},{\"@type\":\"ListItem\",\"position\":2,\"name\":\"IBEC director elected to the Royal Academy of Science and Arts of Barcelona\"}]},{\"@type\":\"WebSite\",\"@id\":\"https:\\\/\\\/ibecbarcelona.eu\\\/#website\",\"url\":\"https:\\\/\\\/ibecbarcelona.eu\\\/\",\"name\":\"Institute for Bioengineering of Catalonia\",\"description\":\"Bioengineering solutions for health\",\"publisher\":{\"@id\":\"https:\\\/\\\/ibecbarcelona.eu\\\/#organization\"},\"potentialAction\":[{\"@type\":\"SearchAction\",\"target\":{\"@type\":\"EntryPoint\",\"urlTemplate\":\"https:\\\/\\\/ibecbarcelona.eu\\\/?s={search_term_string}\"},\"query-input\":{\"@type\":\"PropertyValueSpecification\",\"valueRequired\":true,\"valueName\":\"search_term_string\"}}],\"inLanguage\":\"es\"},{\"@type\":\"Organization\",\"@id\":\"https:\\\/\\\/ibecbarcelona.eu\\\/#organization\",\"name\":\"Institute for Bioengineering of Catalonia\",\"url\":\"https:\\\/\\\/ibecbarcelona.eu\\\/\",\"logo\":{\"@type\":\"ImageObject\",\"inLanguage\":\"es\",\"@id\":\"https:\\\/\\\/ibecbarcelona.eu\\\/#\\\/schema\\\/logo\\\/image\\\/\",\"url\":\"https:\\\/\\\/ibecbarcelona.eu\\\/wp-content\\\/uploads\\\/2026\\\/01\\\/cropped-IBEC_20ANYS_GRIS.png\",\"contentUrl\":\"https:\\\/\\\/ibecbarcelona.eu\\\/wp-content\\\/uploads\\\/2026\\\/01\\\/cropped-IBEC_20ANYS_GRIS.png\",\"width\":696,\"height\":257,\"caption\":\"Institute for Bioengineering of Catalonia\"},\"image\":{\"@id\":\"https:\\\/\\\/ibecbarcelona.eu\\\/#\\\/schema\\\/logo\\\/image\\\/\"}},{\"@type\":\"Person\",\"@id\":\"https:\\\/\\\/ibecbarcelona.eu\\\/#\\\/schema\\\/person\\\/c212c6b589546130be67986b9290e2b8\",\"name\":\"\u00c0ngels L\u00f3pez\",\"image\":{\"@type\":\"ImageObject\",\"inLanguage\":\"es\",\"@id\":\"https:\\\/\\\/secure.gravatar.com\\\/avatar\\\/09ad6ba116bea0b15c5511860f83b302579fd7404c1180e9dae55c3f11d988c6?s=96&d=mm&r=g\",\"url\":\"https:\\\/\\\/secure.gravatar.com\\\/avatar\\\/09ad6ba116bea0b15c5511860f83b302579fd7404c1180e9dae55c3f11d988c6?s=96&d=mm&r=g\",\"contentUrl\":\"https:\\\/\\\/secure.gravatar.com\\\/avatar\\\/09ad6ba116bea0b15c5511860f83b302579fd7404c1180e9dae55c3f11d988c6?s=96&d=mm&r=g\",\"caption\":\"\u00c0ngels L\u00f3pez\"},\"url\":\"https:\\\/\\\/ibecbarcelona.eu\\\/es\\\/author\\\/alopez\\\/\"}]}<\/script>\n<!-- \/ Yoast SEO plugin. -->","yoast_head_json":{"title":"IBEC director elected to the Royal Academy of Science and Arts of Barcelona - Institute for Bioengineering of Catalonia","robots":{"index":"index","follow":"follow","max-snippet":"max-snippet:-1","max-image-preview":"max-image-preview:large","max-video-preview":"max-video-preview:-1"},"canonical":"https:\/\/ibecbarcelona.eu\/es\/ibec-director-elected-to-the-royal-academy-of-science-and-arts-of-barcelona\/","og_locale":"es_ES","og_type":"article","og_title":"IBEC director elected to the Royal Academy of Science and Arts of Barcelona - Institute for Bioengineering of Catalonia","og_description":"In the beautiful surroundings of Academy House on Rambla dels Estudis last night, IBEC director Josep Planell was elected as Academician of the Royal Academy of Science and Arts of Barcelona (RACAB).","og_url":"https:\/\/ibecbarcelona.eu\/es\/ibec-director-elected-to-the-royal-academy-of-science-and-arts-of-barcelona\/","og_site_name":"Institute for Bioengineering of Catalonia","article_published_time":"2010-12-17T11:32:38+00:00","article_modified_time":"2014-12-04T09:48:49+00:00","og_image":[{"width":500,"height":291,"url":"https:\/\/ibecbarcelona.eu\/wp-content\/uploads\/2010\/12\/racab.jpg","type":"image\/jpeg"}],"author":"\u00c0ngels L\u00f3pez","twitter_card":"summary_large_image","twitter_misc":{"Escrito por":"\u00c0ngels L\u00f3pez","Tiempo de lectura":"1 minuto"},"schema":{"@context":"https:\/\/schema.org","@graph":[{"@type":"Article","@id":"https:\/\/ibecbarcelona.eu\/es\/ibec-director-elected-to-the-royal-academy-of-science-and-arts-of-barcelona\/#article","isPartOf":{"@id":"https:\/\/ibecbarcelona.eu\/es\/ibec-director-elected-to-the-royal-academy-of-science-and-arts-of-barcelona\/"},"author":{"name":"\u00c0ngels L\u00f3pez","@id":"https:\/\/ibecbarcelona.eu\/#\/schema\/person\/c212c6b589546130be67986b9290e2b8"},"headline":"IBEC director elected to the Royal Academy of Science and Arts of Barcelona","datePublished":"2010-12-17T11:32:38+00:00","dateModified":"2014-12-04T09:48:49+00:00","mainEntityOfPage":{"@id":"https:\/\/ibecbarcelona.eu\/es\/ibec-director-elected-to-the-royal-academy-of-science-and-arts-of-barcelona\/"},"wordCount":163,"publisher":{"@id":"https:\/\/ibecbarcelona.eu\/#organization"},"image":{"@id":"https:\/\/ibecbarcelona.eu\/es\/ibec-director-elected-to-the-royal-academy-of-science-and-arts-of-barcelona\/#primaryimage"},"thumbnailUrl":"https:\/\/ibecbarcelona.eu\/wp-content\/uploads\/2010\/12\/racab.jpg","articleSection":["Institutional news"],"inLanguage":"es"},{"@type":"WebPage","@id":"https:\/\/ibecbarcelona.eu\/es\/ibec-director-elected-to-the-royal-academy-of-science-and-arts-of-barcelona\/","url":"https:\/\/ibecbarcelona.eu\/es\/ibec-director-elected-to-the-royal-academy-of-science-and-arts-of-barcelona\/","name":"IBEC director elected to the Royal Academy of Science and Arts of Barcelona - Institute for Bioengineering of Catalonia","isPartOf":{"@id":"https:\/\/ibecbarcelona.eu\/#website"},"primaryImageOfPage":{"@id":"https:\/\/ibecbarcelona.eu\/es\/ibec-director-elected-to-the-royal-academy-of-science-and-arts-of-barcelona\/#primaryimage"},"image":{"@id":"https:\/\/ibecbarcelona.eu\/es\/ibec-director-elected-to-the-royal-academy-of-science-and-arts-of-barcelona\/#primaryimage"},"thumbnailUrl":"https:\/\/ibecbarcelona.eu\/wp-content\/uploads\/2010\/12\/racab.jpg","datePublished":"2010-12-17T11:32:38+00:00","dateModified":"2014-12-04T09:48:49+00:00","breadcrumb":{"@id":"https:\/\/ibecbarcelona.eu\/es\/ibec-director-elected-to-the-royal-academy-of-science-and-arts-of-barcelona\/#breadcrumb"},"inLanguage":"es","potentialAction":[{"@type":"ReadAction","target":["https:\/\/ibecbarcelona.eu\/es\/ibec-director-elected-to-the-royal-academy-of-science-and-arts-of-barcelona\/"]}]},{"@type":"ImageObject","inLanguage":"es","@id":"https:\/\/ibecbarcelona.eu\/es\/ibec-director-elected-to-the-royal-academy-of-science-and-arts-of-barcelona\/#primaryimage","url":"https:\/\/ibecbarcelona.eu\/wp-content\/uploads\/2010\/12\/racab.jpg","contentUrl":"https:\/\/ibecbarcelona.eu\/wp-content\/uploads\/2010\/12\/racab.jpg","width":500,"height":291},{"@type":"BreadcrumbList","@id":"https:\/\/ibecbarcelona.eu\/es\/ibec-director-elected-to-the-royal-academy-of-science-and-arts-of-barcelona\/#breadcrumb","itemListElement":[{"@type":"ListItem","position":1,"name":"Home","item":"https:\/\/ibecbarcelona.eu\/es\/"},{"@type":"ListItem","position":2,"name":"IBEC director elected to the Royal Academy of Science and Arts of Barcelona"}]},{"@type":"WebSite","@id":"https:\/\/ibecbarcelona.eu\/#website","url":"https:\/\/ibecbarcelona.eu\/","name":"Institute for Bioengineering of Catalonia","description":"Bioengineering solutions for health","publisher":{"@id":"https:\/\/ibecbarcelona.eu\/#organization"},"potentialAction":[{"@type":"SearchAction","target":{"@type":"EntryPoint","urlTemplate":"https:\/\/ibecbarcelona.eu\/?s={search_term_string}"},"query-input":{"@type":"PropertyValueSpecification","valueRequired":true,"valueName":"search_term_string"}}],"inLanguage":"es"},{"@type":"Organization","@id":"https:\/\/ibecbarcelona.eu\/#organization","name":"Institute for Bioengineering of Catalonia","url":"https:\/\/ibecbarcelona.eu\/","logo":{"@type":"ImageObject","inLanguage":"es","@id":"https:\/\/ibecbarcelona.eu\/#\/schema\/logo\/image\/","url":"https:\/\/ibecbarcelona.eu\/wp-content\/uploads\/2026\/01\/cropped-IBEC_20ANYS_GRIS.png","contentUrl":"https:\/\/ibecbarcelona.eu\/wp-content\/uploads\/2026\/01\/cropped-IBEC_20ANYS_GRIS.png","width":696,"height":257,"caption":"Institute for Bioengineering of Catalonia"},"image":{"@id":"https:\/\/ibecbarcelona.eu\/#\/schema\/logo\/image\/"}},{"@type":"Person","@id":"https:\/\/ibecbarcelona.eu\/#\/schema\/person\/c212c6b589546130be67986b9290e2b8","name":"\u00c0ngels L\u00f3pez","image":{"@type":"ImageObject","inLanguage":"es","@id":"https:\/\/secure.gravatar.com\/avatar\/09ad6ba116bea0b15c5511860f83b302579fd7404c1180e9dae55c3f11d988c6?s=96&d=mm&r=g","url":"https:\/\/secure.gravatar.com\/avatar\/09ad6ba116bea0b15c5511860f83b302579fd7404c1180e9dae55c3f11d988c6?s=96&d=mm&r=g","contentUrl":"https:\/\/secure.gravatar.com\/avatar\/09ad6ba116bea0b15c5511860f83b302579fd7404c1180e9dae55c3f11d988c6?s=96&d=mm&r=g","caption":"\u00c0ngels L\u00f3pez"},"url":"https:\/\/ibecbarcelona.eu\/es\/author\/alopez\/"}]}},"AFP_featured_media_urls":{"full":["https:\/\/ibecbarcelona.eu\/wp-content\/uploads\/2010\/12\/racab.jpg",500,291,false],"thumbnail":["https:\/\/ibecbarcelona.eu\/wp-content\/uploads\/2010\/12\/racab-150x150.jpg",150,150,true],"medium":["https:\/\/ibecbarcelona.eu\/wp-content\/uploads\/2010\/12\/racab-300x174.jpg",300,174,true],"medium_large":["https:\/\/ibecbarcelona.eu\/wp-content\/uploads\/2010\/12\/racab.jpg",500,291,false],"large":["https:\/\/ibecbarcelona.eu\/wp-content\/uploads\/2010\/12\/racab.jpg",500,291,false]},"AFP_attachments":[],"AFP_videos":[],"AFP_video_blocks":"","AFP_category_names":["Institutional news"],"_links":{"self":[{"href":"https:\/\/ibecbarcelona.eu\/es\/wp-json\/wp\/v2\/posts\/5421","targetHints":{"allow":["GET"]}}],"collection":[{"href":"https:\/\/ibecbarcelona.eu\/es\/wp-json\/wp\/v2\/posts"}],"about":[{"href":"https:\/\/ibecbarcelona.eu\/es\/wp-json\/wp\/v2\/types\/post"}],"author":[{"embeddable":true,"href":"https:\/\/ibecbarcelona.eu\/es\/wp-json\/wp\/v2\/users\/4"}],"replies":[{"embeddable":true,"href":"https:\/\/ibecbarcelona.eu\/es\/wp-json\/wp\/v2\/comments?post=5421"}],"version-history":[{"count":0,"href":"https:\/\/ibecbarcelona.eu\/es\/wp-json\/wp\/v2\/posts\/5421\/revisions"}],"wp:featuredmedia":[{"embeddable":true,"href":"https:\/\/ibecbarcelona.eu\/es\/wp-json\/wp\/v2\/media\/5418"}],"wp:attachment":[{"href":"https:\/\/ibecbarcelona.eu\/es\/wp-json\/wp\/v2\/media?parent=5421"}],"wp:term":[{"taxonomy":"category","embeddable":true,"href":"https:\/\/ibecbarcelona.eu\/es\/wp-json\/wp\/v2\/categories?post=5421"},{"taxonomy":"post_tag","embeddable":true,"href":"https:\/\/ibecbarcelona.eu\/es\/wp-json\/wp\/v2\/tags?post=5421"},{"taxonomy":"post_format","embeddable":true,"href":"https:\/\/ibecbarcelona.eu\/es\/wp-json\/wp\/v2\/post_formats?post=5421"}],"curies":[{"name":"wp","href":"https:\/\/api.w.org\/{rel}","templated":true}]}}